{"id":81145,"date":"2025-12-25T07:14:04","date_gmt":"2025-12-25T10:14:04","guid":{"rendered":"https:\/\/noticiasribeiraopreto.com.br\/index.php\/2025\/12\/25\/confira-os-horarios-da-missa-do-galo-em-ribeirao-preto\/"},"modified":"2025-12-25T07:14:04","modified_gmt":"2025-12-25T10:14:04","slug":"confira-os-horarios-da-missa-do-galo-em-ribeirao-preto","status":"publish","type":"post","link":"https:\/\/noticiasribeiraopreto.com.br\/index.php\/2025\/12\/25\/confira-os-horarios-da-missa-do-galo-em-ribeirao-preto\/","title":{"rendered":"Confira os hor\u00e1rios da Missa do Galo em Ribeir\u00e3o Preto"},"content":{"rendered":"<div class='code-block code-block-1' style='margin: 8px 0 8px auto; text-align: right; display: block; clear: both;'>\n<p><a href=\"https:\/\/wa.link\/vpicfd\"><img data-recalc-dims=\"1\" class=\"wp-image-4922\" style=\"aspect-ratio: 2.0253164556962027; width: 561px; height: auto;\" src=\"https:\/\/i0.wp.com\/ismaelcolosi.com.br\/wp-content\/uploads\/2023\/11\/grupo-de-empregos-whatsapp-e-facebook-ismael-colosi-vagas.jpg?ssl=1\" alt=\"\" \/><\/a><\/p>\n<!-- \/wp:image -->\n<\/div>\n<p> <br \/>\n<\/p>\n<div data-td-block-uid=\"tdi_95\">\n<div class=\"tdb-block-inner td-fix-index\">\n<p>A chamada <strong>Missa do Galo<\/strong> ser\u00e1 celebrada nesta quarta-feira (24) em diversas igrejas de<strong> Ribeir\u00e3o Preto<\/strong>. Neste ano, por conta das obras de restauro, a Catedral Metropolitana de Ribeir\u00e3o Preto realiza a celebra\u00e7\u00e3o no Centro Social Dom Arnaldo Ribeiro.<\/p>\n<h2 class=\"wp-block-heading\"><strong>Confira a programa\u00e7\u00e3o<\/strong><\/h2>\n<ul class=\"wp-block-list\">\n<li>Catedral Metropolitana de S\u00e3o Sebasti\u00e3o (Centro): A missa ser\u00e1 celebrada no Centro Social Dom Arnaldo Ribeiro, na Rua Prudente de Moraes, 431 \u2013 19h30<\/li>\n<\/ul>\n<ul class=\"wp-block-list\">\n<li>Santu\u00e1rio Nossa Senhora Aparecida (Vila Seixas): Rua Guimar\u00e3es Passos, 412 \u2013 19h<\/li>\n<\/ul>\n<ul class=\"wp-block-list\">\n<li>Par\u00f3quia Santa \u00c2ngela (Jardim Iraj\u00e1): Rua do Professor, 890 \u2013 19h30<\/li>\n<\/ul>\n<ul class=\"wp-block-list\">\n<li>Par\u00f3quia S\u00e3o Jos\u00e9 (Centro): Rua S\u00e3o Jos\u00e9, 743 \u2013 19h<\/li>\n<\/ul>\n<ul class=\"wp-block-list\">\n<li>Par\u00f3quia Santa Teresinha Doutora (Ribeir\u00e2nia): Rua Mariana C\u00e2ndida Rosa Cury, 770 \u2013 19h30<\/li>\n<\/ul>\n<ul class=\"wp-block-list\">\n<li>Par\u00f3quia Jesus Misericordioso e Santa Edwiges (Jd. Nova Alian\u00e7a): Rua Jos\u00e9 Jaime Delibo, 181 \u2013 19h15<\/li>\n<\/ul>\n<ul class=\"wp-block-list\">\n<li>Par\u00f3quia S\u00e3o Jo\u00e3o Batista (Santa Cruz): Avenida Portugal, 2120 \u2013 19h30<\/li>\n<\/ul>\n<ul class=\"wp-block-list\">\n<li>Par\u00f3quia Nossa Senhora de F\u00e1tima (Jardim Sumar\u00e9): Rua J\u00falio Prestes, 523 \u2013 18h<\/li>\n<\/ul>\n<ul class=\"wp-block-list\">\n<li>Sant\u2019Anna e S\u00e3o Joaquim \u2013 Col\u00e9gio Marista Champagnat \u2013 19h<\/li>\n<\/ul>\n<ul class=\"wp-block-list\">\n<li>Igreja S\u00e3o Benedito (Centro): Rua Prudente de Moraes, 657 \u2013 17h e 19h30<\/li>\n<\/ul>\n<ul class=\"wp-block-list\">\n<li>Par\u00f3quia Santa Maria Goretti (Vila Virg\u00ednia): Rua J\u00falio de Mesquita, 360 \u2013 19h<\/li>\n<\/ul>\n<ul class=\"wp-block-list\">\n<li>Santu\u00e1rio Nossa Senhora do Ros\u00e1rio (Vila Tib\u00e9rio): Rua Martinico Prado, 599 \u2013 19h<\/li>\n<\/ul>\n<ul class=\"wp-block-list\">\n<li>Par\u00f3quia Jesus Crucificado (Jardim Marchesi): Rua Pedro Marzola, 447 \u2013 19h30<\/li>\n<\/ul>\n<ul class=\"wp-block-list\">\n<li>Par\u00f3quia Sagrada Fam\u00edlia (Vila Virg\u00ednia): Rua Ab\u00edlio Sampaio, 966 \u2013 hor\u00e1rio n\u00e3o informado<\/li>\n<\/ul>\n<ul class=\"wp-block-list\">\n<li>Par\u00f3quia Nossa Senhora da Penha (Jardim Centen\u00e1rio): Rua Afonso Arinos, 1641 \u2013 19h<\/li>\n<\/ul>\n<ul class=\"wp-block-list\">\n<li>Par\u00f3quia Santa Luzia (Vila Lobato): Rua Piratininga, 1100 \u2013 19h30<\/li>\n<\/ul>\n<ul class=\"wp-block-list\">\n<li>Par\u00f3quia Santa Teresa D\u2019\u00c1vila (Vila Recreio): Pra\u00e7a das Rosas, s\/n \u2013 19h<\/li>\n<\/ul>\n<ul class=\"wp-block-list\">\n<li>Par\u00f3quia S\u00e3o Camilo de L\u00e9llis (Jardim Piratininga): Rua Cruz e Souza, 985 \u2013 19h30<\/li>\n<\/ul>\n<ul class=\"wp-block-list\">\n<li>Par\u00f3quia Nossa Senhora de Lourdes (Parque Ribeir\u00e3o Preto): Rua Major Ricardo Guimar\u00e3es, 615 \u2013 19h30<\/li>\n<\/ul>\n<ul class=\"wp-block-list\">\n<li>Par\u00f3quia S\u00e3o Francisco de Assis (Castelo Branco Novo): Rua S\u00e3o Francisco de Assis, 230 \u2013 18h<\/li>\n<\/ul>\n<ul class=\"wp-block-list\">\n<li>Bas\u00edlica Menor Santo Ant\u00f4nio de P\u00e1dua (Campos El\u00edseos): Rua Para\u00edba, 747 \u2013 19h<\/li>\n<\/ul>\n<ul class=\"wp-block-list\">\n<li>Cristo Rei (Presidente M\u00e9dici): Rua Arnaldo Victaliano, 1237 \u2013 19h<\/li>\n<\/ul>\n<ul class=\"wp-block-list\">\n<li>Cristo Ressuscitado (Lagoinha): Avenida Jos\u00e9 Gomes da Silva, 1323 \u2013 19h<\/li>\n<\/ul>\n<ul class=\"wp-block-list\">\n<li>Nossa Senhora de Nazar\u00e9 (Jardim Paulistano): Rua Jo\u00e3o Bim, 1600 \u2013 18h<\/li>\n<\/ul>\n<ul class=\"wp-block-list\">\n<li>S\u00e3o Paulo Ap\u00f3stolo (Jardim Paulistano): Rua Jos\u00e9 da Silva, 603 \u2013 19h30<\/li>\n<\/ul>\n<ul class=\"wp-block-list\">\n<li>Nossa Senhora de Lourdes (Jardim Macedo): Rua Daniel Kujawski, 744 \u2013 17h30<\/li>\n<\/ul>\n<ul class=\"wp-block-list\">\n<li>Cristo Oper\u00e1rio e S\u00e3o Judas Tadeu (Vila Abranches): Rua Papa Jo\u00e3o XXIII, 43 \u2013 21h30<\/li>\n<\/ul>\n<ul class=\"wp-block-list\">\n<li>Nossa Senhora das Gra\u00e7as (Parque dos Servidores): Rua Domingos Isaac, 150 \u2013 19h<\/li>\n<\/ul>\n<ul class=\"wp-block-list\">\n<li>Par\u00f3quia S\u00e3o Miguel Arcanjo (Jardim Manoel Penna): Rua Anselmo Marques Rodrigues, 18 \u2013 19h30<\/li>\n<\/ul>\n<ul class=\"wp-block-list\">\n<li>Igreja S\u00e3o Jo\u00e3o Bosco (Jardim Anhanguera): Rua Domingos Padovan, 991 \u2013 19h30<\/li>\n<\/ul>\n<ul class=\"wp-block-list\">\n<li>Par\u00f3quia Santa Teresinha do Menino Jesus (Vila Tamandar\u00e9): Rua Jos\u00e9 de Alencar, 1506 \u2013 19h<\/li>\n<\/ul>\n<ul class=\"wp-block-list\">\n<li>Bom Jesus da Lapa (Campos El\u00edseos): Rua Vicente Golfeto, 405 \u2013 19h30<\/li>\n<\/ul>\n<ul class=\"wp-block-list\">\n<li>Par\u00f3quia Santa Rita das Palmeiras (Jardim Florestas Fernandes): \u00a0Avenida Ant\u00f4nia Mugnatto Marincek, 2800 \u2013 21h<\/li>\n<\/ul>\n<ul class=\"wp-block-list\">\n<li>Nossa Senhora dos Canaviais (Adelino Simioni): Rua Izidoro Faccio, 436 \u2013 18h e 20h<\/li>\n<\/ul>\n<ul class=\"wp-block-list\">\n<li>Par\u00f3quia S\u00e3o Mateus Ap\u00f3stolo (Quintino Facci I): Rua Campinas, 3250 \u2013 19h30<\/li>\n<\/ul>\n<ul class=\"wp-block-list\">\n<li>Santa Rita de C\u00e1ssia (Jardim Independ\u00eancia): Rua Primo de Furquim, 18 \u2013 19h<\/li>\n<\/ul>\n<ul class=\"wp-block-list\">\n<li>Maria M\u00e3e do Povo e S\u00e3o L\u00e1zaro (Jardim Aeroporto): Avenida Recife, 515 \u2013 19h<\/li>\n<\/ul>\n<ul class=\"wp-block-list\">\n<li>Par\u00f3quia Santo Ant\u00f4nio Maria Claret (Vila Recreio): Rua Tabatinga, 351 \u2013 20h<\/li>\n<\/ul>\n<ul class=\"wp-block-list\">\n<li>Par\u00f3quia S\u00e3o Benedito (Jardim Proc\u00f3pio): Rua Am\u00e9rico Batista, 3448 \u2013 19h<\/li>\n<\/ul>\n<ul class=\"wp-block-list\">\n<li>Par\u00f3quia S\u00e3o Judas Tadeu (Parque das Andorinhas): Avenida Marginal Luiz Galv\u00e3o C\u00e9sar, 1355 \u2013 19h<\/li>\n<\/ul>\n<ul class=\"wp-block-list\">\n<li>Par\u00f3quia Santo Est\u00eav\u00e3o Di\u00e1cono (Alto do Ipiranga): Rua Japur\u00e1, 290 \u2013 19h<\/li>\n<\/ul>\n<ul class=\"wp-block-list\">\n<li>Par\u00f3quia S\u00e3o Pedro Ap\u00f3stolo (Ipiranga): Rua Bahia, 318 \u2013 19h30<\/li>\n<\/ul>\n<ul class=\"wp-block-list\">\n<li>Par\u00f3quia Santa Rita de C\u00e1ssia (Portal do Alto): Rua Agenor e In\u00eas Tomazelli, 1525 \u2013 19h30<\/li>\n<\/ul>\n<ul class=\"wp-block-list\">\n<li>Sagrado Cora\u00e7\u00e3o de Jesus (Jardim Presidente Dutra) \u2013 Rua Mathias Gon\u00e7alves, 440 \u2013 19h30<\/li>\n<\/ul>\n<ul class=\"wp-block-list\">\n<li>Par\u00f3quia Nossa Senhora dos Anjos (Maria Casagrande): Rua Nelson de Bortoli \u2013 18h<\/li>\n<\/ul>\n<ul class=\"wp-block-list\">\n<li>Matriz Santa Edwiges (Heitor Rigon): Avenida Maestro Alfreto Pires, 411 \u2013 19h30<\/li>\n<\/ul>\n<ul class=\"wp-block-list\">\n<li>Comunidade Eclesial Mission\u00e1ria Cristo Redentor: Rua Manoel Vieira de Carcalho, 327 \u2013 19h30<\/li>\n<\/ul>\n<p>SAIBA MAIS<br \/>Vai ao supermercado hoje? Veja os hor\u00e1rios na v\u00e9spera de Natal em Ribeir\u00e3o Preto<\/p>\n<h2 class=\"wp-block-heading\"><strong>FIQUE ON<\/strong><\/h2>\n<p>Fique ligado em tudo que acontece em Ribeir\u00e3o Preto e regi\u00e3o. Siga os perfis do\u00a0<strong>acidade on\u00a0<\/strong>no\u00a0<a href=\"https:\/\/www.instagram.com\/acidadeonribeirao\" target=\"_blank\" rel=\"noreferrer noopener\">Instagram\u00a0<\/a>e no<a href=\"https:\/\/www.facebook.com\/acidadeonribeirao\/\" target=\"_blank\" rel=\"noreferrer noopener\">\u00a0Facebook<\/a>.<\/p>\n<p>Receba not\u00edcias do<strong>\u00a0acidade on\u00a0<\/strong>no WhatsApp. Para entrar no grupo,\u00a0basta\u00a0<a href=\"https:\/\/chat.whatsapp.com\/GFH9HUMUTHNFJdnyEd0xxq\" target=\"_blank\" rel=\"noreferrer noopener\">clicar aqui<\/a>. Ou, acesse o nosso\u00a0Canal<a href=\"https:\/\/whatsapp.com\/channel\/0029Vb6IQl1JENyAeS57fk2p\" target=\"_blank\" rel=\"noreferrer noopener\">\u00a0clicando aqui<\/a>.<\/p>\n<p>Fa\u00e7a uma den\u00fancia ou sugira uma reportagem sobre Ribeir\u00e3o Preto e regi\u00e3o pelo WhatsApp: 16 99117 7802.<\/p>\n<p>VEJA TAMB\u00c9M<br \/>Bancos abrem hoje? Saiba como ser\u00e3o os hor\u00e1rios de funcionamento<\/p>\n<p><!-- AI CONTENT END 1 -->\n<\/div>\n<\/div>\n<p><script async src=\"\/\/www.instagram.com\/embed.js\"><\/script><br \/>\n<br \/><br \/>\n<br \/><a href=\"https:\/\/www.acidadeon.com\/ribeiraopreto\/cotidiano\/confira-os-horarios-da-missa-do-galo-em-ribeirao-preto\/\">Source link <\/a><\/p>\n<!-- CONTENT END 1 -->\n","protected":false},"excerpt":{"rendered":"<p>A chamada Missa do Galo ser\u00e1 celebrada nesta quarta-feira (24) em diversas igrejas de Ribeir\u00e3o Preto. Neste ano, por conta das obras de restauro, a&#8230;<\/p>\n","protected":false},"author":1,"featured_media":80989,"comment_status":"open","ping_status":"open","sticky":false,"template":"","format":"standard","meta":{"advanced_seo_description":"","jetpack_seo_html_title":"","jetpack_seo_noindex":false,"jetpack_post_was_ever_published":false,"_jetpack_newsletter_access":"","_jetpack_dont_email_post_to_subs":false,"_jetpack_newsletter_tier_id":0,"_jetpack_memberships_contains_paywalled_content":false,"_jetpack_memberships_contains_paid_content":false,"footnotes":"","jetpack_publicize_message":"","jetpack_publicize_feature_enabled":true,"jetpack_social_post_already_shared":true,"jetpack_social_options":{"image_generator_settings":{"template":"highway","default_image_id":0,"font":"","enabled":false},"version":2}},"categories":[11],"tags":[],"class_list":["post-81145","post","type-post","status-publish","format-standard","has-post-thumbnail","hentry","category-noticias-de-ribeirao-preto-sp-e-regiao-ismael-colosi"],"jetpack_publicize_connections":[],"jetpack_featured_media_url":"https:\/\/i0.wp.com\/noticiasribeiraopreto.com.br\/wp-content\/uploads\/2025\/12\/Imagem-do-WhatsApp-de-2025-12-19-as-17.44.38_eb1bd2fd_2025-12-19_20-45-08.webp.webp?fit=1200%2C675&ssl=1","jetpack-related-posts":[{"id":44844,"url":"https:\/\/noticiasribeiraopreto.com.br\/index.php\/2024\/03\/31\/saiba-quais-igrejas-ainda-possuem-missas-neste-domingo-de-pascoa-em-ribeirao-preto\/","url_meta":{"origin":81145,"position":0},"title":"Saiba quais igrejas ainda possuem missas neste domingo de P\u00e1scoa em Ribeir\u00e3o Preto","author":"noticiasribeiraopreto.com.br","date":"31 de March de 2024","format":false,"excerpt":"Ainda d\u00e1 tempo de participar de alguma das missas em celebra\u00e7\u00e3o \u00e0 ressurrei\u00e7\u00e3o de Jesus Cristo, neste domingo (31), em Ribeir\u00e3o Preto. A programa\u00e7\u00e3o da Semana Santa teve in\u00edcio na \u00faltima ter\u00e7a (26), com a missa das Sete Dores de Nossa Senhora. Na quinta (28), foi dia da Ceia do\u2026","rel":"","context":"In &quot;Not\u00edcias de Ribeir\u00e3o Preto-SP e Regi\u00e3o&quot;","block_context":{"text":"Not\u00edcias de Ribeir\u00e3o Preto-SP e Regi\u00e3o","link":"https:\/\/noticiasribeiraopreto.com.br\/index.php\/category\/noticias-de-ribeirao-preto-sp-e-regiao-ismael-colosi\/"},"img":{"alt_text":"","src":"https:\/\/i0.wp.com\/noticiasribeiraopreto.com.br\/wp-content\/uploads\/2024\/03\/catedral_ribeirao_1024x576_15082020124433.jpg?fit=1024%2C576&ssl=1&resize=350%2C200","width":350,"height":200,"srcset":"https:\/\/i0.wp.com\/noticiasribeiraopreto.com.br\/wp-content\/uploads\/2024\/03\/catedral_ribeirao_1024x576_15082020124433.jpg?fit=1024%2C576&ssl=1&resize=350%2C200 1x, https:\/\/i0.wp.com\/noticiasribeiraopreto.com.br\/wp-content\/uploads\/2024\/03\/catedral_ribeirao_1024x576_15082020124433.jpg?fit=1024%2C576&ssl=1&resize=525%2C300 1.5x, https:\/\/i0.wp.com\/noticiasribeiraopreto.com.br\/wp-content\/uploads\/2024\/03\/catedral_ribeirao_1024x576_15082020124433.jpg?fit=1024%2C576&ssl=1&resize=700%2C400 2x"},"classes":[]},{"id":44172,"url":"https:\/\/noticiasribeiraopreto.com.br\/index.php\/2024\/03\/26\/semana-santa-confira-a-programacao-das-missas-em-igrejas-de-ribeirao-preto\/","url_meta":{"origin":81145,"position":1},"title":"Semana Santa: Confira a programa\u00e7\u00e3o das missas em igrejas de Ribeir\u00e3o Preto","author":"noticiasribeiraopreto.com.br","date":"26 de March de 2024","format":false,"excerpt":"Igrejas cat\u00f3licas de Ribeir\u00e3o Preto divulgaram a programa\u00e7\u00e3o para a Semana Santa. As celebra\u00e7\u00f5es marcam a trajet\u00f3ria de Jesus Cristo at\u00e9 a crucifica\u00e7\u00e3o e a ressurrei\u00e7\u00e3o. Confira as datas e hor\u00e1rios em sete igrejas de Ribeir\u00e3o: 1. Catedral Metropolitana de S\u00e3o Sebasti\u00e3o Quinta-feira (28) Ceia do Senhor (Lava-p\u00e9s) \u2013 19h30\u2026","rel":"","context":"In &quot;Not\u00edcias de Ribeir\u00e3o Preto-SP e Regi\u00e3o&quot;","block_context":{"text":"Not\u00edcias de Ribeir\u00e3o Preto-SP e Regi\u00e3o","link":"https:\/\/noticiasribeiraopreto.com.br\/index.php\/category\/noticias-de-ribeirao-preto-sp-e-regiao-ismael-colosi\/"},"img":{"alt_text":"","src":"https:\/\/i0.wp.com\/noticiasribeiraopreto.com.br\/wp-content\/uploads\/2024\/03\/20220618_024226476_catedral_sao_1200x675_17062022004910-1.jpg?fit=1200%2C675&ssl=1&resize=350%2C200","width":350,"height":200,"srcset":"https:\/\/i0.wp.com\/noticiasribeiraopreto.com.br\/wp-content\/uploads\/2024\/03\/20220618_024226476_catedral_sao_1200x675_17062022004910-1.jpg?fit=1200%2C675&ssl=1&resize=350%2C200 1x, https:\/\/i0.wp.com\/noticiasribeiraopreto.com.br\/wp-content\/uploads\/2024\/03\/20220618_024226476_catedral_sao_1200x675_17062022004910-1.jpg?fit=1200%2C675&ssl=1&resize=525%2C300 1.5x, https:\/\/i0.wp.com\/noticiasribeiraopreto.com.br\/wp-content\/uploads\/2024\/03\/20220618_024226476_catedral_sao_1200x675_17062022004910-1.jpg?fit=1200%2C675&ssl=1&resize=700%2C400 2x, https:\/\/i0.wp.com\/noticiasribeiraopreto.com.br\/wp-content\/uploads\/2024\/03\/20220618_024226476_catedral_sao_1200x675_17062022004910-1.jpg?fit=1200%2C675&ssl=1&resize=1050%2C600 3x"},"classes":[]},{"id":67004,"url":"https:\/\/noticiasribeiraopreto.com.br\/index.php\/2025\/04\/08\/ribeirao-preto-recebe-reliquias-do-beato-carlo-acutis-nesta-terca-veja-programacao\/","url_meta":{"origin":81145,"position":2},"title":"Ribeir\u00e3o Preto recebe rel\u00edquias do beato Carlo Acutis nesta ter\u00e7a; Veja\u00a0programa\u00e7\u00e3o","author":"noticiasribeiraopreto.com.br","date":"8 de April de 2025","format":false,"excerpt":"Rel\u00edquias do\u00a0beato\u00a0Carlo Acutis, conhecido popularmente como o \u201cpadroeiro da internet\u201d e que est\u00e1 prestes a se tornar santo, chegam a\u00a0Ribeir\u00e3o Preto nesta ter\u00e7a-feira (8). A\u00a0chegada\u00a0est\u00e1 prevista\u00a0\u00e0s 18h, no\u00a0aeroporto Leite Lopes. Em seguida, haver\u00e1 uma carreata at\u00e9 a Par\u00f3quia Santa \u00c2ngela, no Jardim Iraj\u00e1, zona Sul, com missa \u00e0s 19h30. As\u2026","rel":"","context":"In &quot;Not\u00edcias de Ribeir\u00e3o Preto-SP e Regi\u00e3o&quot;","block_context":{"text":"Not\u00edcias de Ribeir\u00e3o Preto-SP e Regi\u00e3o","link":"https:\/\/noticiasribeiraopreto.com.br\/index.php\/category\/noticias-de-ribeirao-preto-sp-e-regiao-ismael-colosi\/"},"img":{"alt_text":"","src":"https:\/\/i0.wp.com\/noticiasribeiraopreto.com.br\/wp-content\/uploads\/2025\/03\/CARLO-ACUTIS_2025-03-24_17-55-56_jpg_2025-03-24_17-55-56.webp.webp?fit=1200%2C721&ssl=1&resize=350%2C200","width":350,"height":200,"srcset":"https:\/\/i0.wp.com\/noticiasribeiraopreto.com.br\/wp-content\/uploads\/2025\/03\/CARLO-ACUTIS_2025-03-24_17-55-56_jpg_2025-03-24_17-55-56.webp.webp?fit=1200%2C721&ssl=1&resize=350%2C200 1x, https:\/\/i0.wp.com\/noticiasribeiraopreto.com.br\/wp-content\/uploads\/2025\/03\/CARLO-ACUTIS_2025-03-24_17-55-56_jpg_2025-03-24_17-55-56.webp.webp?fit=1200%2C721&ssl=1&resize=525%2C300 1.5x, https:\/\/i0.wp.com\/noticiasribeiraopreto.com.br\/wp-content\/uploads\/2025\/03\/CARLO-ACUTIS_2025-03-24_17-55-56_jpg_2025-03-24_17-55-56.webp.webp?fit=1200%2C721&ssl=1&resize=700%2C400 2x, https:\/\/i0.wp.com\/noticiasribeiraopreto.com.br\/wp-content\/uploads\/2025\/03\/CARLO-ACUTIS_2025-03-24_17-55-56_jpg_2025-03-24_17-55-56.webp.webp?fit=1200%2C721&ssl=1&resize=1050%2C600 3x"},"classes":[]},{"id":49407,"url":"https:\/\/noticiasribeiraopreto.com.br\/index.php\/2024\/05\/10\/veja-quais-sao-as-quermesses-que-acontecem-neste-final-de-semana-em-ribeirao-preto\/","url_meta":{"origin":81145,"position":3},"title":"Veja quais s\u00e3o as quermesses que acontecem neste final de semana em Ribeir\u00e3o Preto","author":"noticiasribeiraopreto.com.br","date":"10 de May de 2024","format":false,"excerpt":"A temporada de quermesses em Ribeir\u00e3o Preto come\u00e7ou e quatro par\u00f3quias de Ribeir\u00e3o Preto realizam festas neste final de semana. Confira a lista e veja qual a mais pr\u00f3xima de voc\u00ea: Par\u00f3quia Santa Teresinha Quando: Dias 10, 11, 17 e 18\u00a0de maioHor\u00e1rio: A partir das\u00a019h30Endere\u00e7o: Rua Jos\u00e9 de Alencar,\u00a01506 \u2013\u2026","rel":"","context":"In &quot;Not\u00edcias de Ribeir\u00e3o Preto-SP e Regi\u00e3o&quot;","block_context":{"text":"Not\u00edcias de Ribeir\u00e3o Preto-SP e Regi\u00e3o","link":"https:\/\/noticiasribeiraopreto.com.br\/index.php\/category\/noticias-de-ribeirao-preto-sp-e-regiao-ismael-colosi\/"},"img":{"alt_text":"","src":"https:\/\/i0.wp.com\/noticiasribeiraopreto.com.br\/wp-content\/uploads\/2024\/05\/Copia-de-Copia-de-TAMANHO-EXATO-PARA-FOTOS-NO-SISTEMA-NOVO-4_2024-05-10_14-51-53_jpg_2024-05-10_14-51-53.webp.webp?fit=1200%2C675&ssl=1&resize=350%2C200","width":350,"height":200,"srcset":"https:\/\/i0.wp.com\/noticiasribeiraopreto.com.br\/wp-content\/uploads\/2024\/05\/Copia-de-Copia-de-TAMANHO-EXATO-PARA-FOTOS-NO-SISTEMA-NOVO-4_2024-05-10_14-51-53_jpg_2024-05-10_14-51-53.webp.webp?fit=1200%2C675&ssl=1&resize=350%2C200 1x, https:\/\/i0.wp.com\/noticiasribeiraopreto.com.br\/wp-content\/uploads\/2024\/05\/Copia-de-Copia-de-TAMANHO-EXATO-PARA-FOTOS-NO-SISTEMA-NOVO-4_2024-05-10_14-51-53_jpg_2024-05-10_14-51-53.webp.webp?fit=1200%2C675&ssl=1&resize=525%2C300 1.5x, https:\/\/i0.wp.com\/noticiasribeiraopreto.com.br\/wp-content\/uploads\/2024\/05\/Copia-de-Copia-de-TAMANHO-EXATO-PARA-FOTOS-NO-SISTEMA-NOVO-4_2024-05-10_14-51-53_jpg_2024-05-10_14-51-53.webp.webp?fit=1200%2C675&ssl=1&resize=700%2C400 2x, https:\/\/i0.wp.com\/noticiasribeiraopreto.com.br\/wp-content\/uploads\/2024\/05\/Copia-de-Copia-de-TAMANHO-EXATO-PARA-FOTOS-NO-SISTEMA-NOVO-4_2024-05-10_14-51-53_jpg_2024-05-10_14-51-53.webp.webp?fit=1200%2C675&ssl=1&resize=1050%2C600 3x"},"classes":[]},{"id":44610,"url":"https:\/\/noticiasribeiraopreto.com.br\/index.php\/2024\/03\/28\/confira-as-ruas-e-avenidas-de-ribeirao-interditadas-para-atividades-religiosas\/","url_meta":{"origin":81145,"position":4},"title":"Confira as ruas e avenidas de Ribeir\u00e3o interditadas para atividades religiosas","author":"noticiasribeiraopreto.com.br","date":"28 de March de 2024","format":false,"excerpt":"Durante o feriado de Sexta-feira Santa, oito pontos de vias p\u00fablicas ser\u00e3o interditados em Ribeir\u00e3o Preto por conta das atividades religiosas que ocorrem na cidade (veja abaixo). Os bloqueios tempor\u00e1rios v\u00e3o ocorrer em diversos bairros e ser\u00e3o monitorados por agentes de tr\u00e2nsito da RP Mobi, empresa que gerencia o tr\u00e2nsito\u2026","rel":"","context":"In &quot;Not\u00edcias de Ribeir\u00e3o Preto-SP e Regi\u00e3o&quot;","block_context":{"text":"Not\u00edcias de Ribeir\u00e3o Preto-SP e Regi\u00e3o","link":"https:\/\/noticiasribeiraopreto.com.br\/index.php\/category\/noticias-de-ribeirao-preto-sp-e-regiao-ismael-colosi\/"},"img":{"alt_text":"","src":"https:\/\/i0.wp.com\/noticiasribeiraopreto.com.br\/wp-content\/uploads\/2024\/03\/Copia-de-Copia-de-TAMANHO-EXATO-PARA-FOTOS-NO-SISTEMA-NOVO-5-2.jpg?fit=1200%2C675&ssl=1&resize=350%2C200","width":350,"height":200,"srcset":"https:\/\/i0.wp.com\/noticiasribeiraopreto.com.br\/wp-content\/uploads\/2024\/03\/Copia-de-Copia-de-TAMANHO-EXATO-PARA-FOTOS-NO-SISTEMA-NOVO-5-2.jpg?fit=1200%2C675&ssl=1&resize=350%2C200 1x, https:\/\/i0.wp.com\/noticiasribeiraopreto.com.br\/wp-content\/uploads\/2024\/03\/Copia-de-Copia-de-TAMANHO-EXATO-PARA-FOTOS-NO-SISTEMA-NOVO-5-2.jpg?fit=1200%2C675&ssl=1&resize=525%2C300 1.5x, https:\/\/i0.wp.com\/noticiasribeiraopreto.com.br\/wp-content\/uploads\/2024\/03\/Copia-de-Copia-de-TAMANHO-EXATO-PARA-FOTOS-NO-SISTEMA-NOVO-5-2.jpg?fit=1200%2C675&ssl=1&resize=700%2C400 2x, https:\/\/i0.wp.com\/noticiasribeiraopreto.com.br\/wp-content\/uploads\/2024\/03\/Copia-de-Copia-de-TAMANHO-EXATO-PARA-FOTOS-NO-SISTEMA-NOVO-5-2.jpg?fit=1200%2C675&ssl=1&resize=1050%2C600 3x"},"classes":[]},{"id":65799,"url":"https:\/\/noticiasribeiraopreto.com.br\/index.php\/2025\/03\/24\/ribeirao-preto-recebe-reliquias-do-beato-carlo-acutis-o-padroeiro-da-internet-veja-quando\/","url_meta":{"origin":81145,"position":5},"title":"Ribeir\u00e3o Preto recebe rel\u00edquias do beato Carlo Acutis, o &#8216;padroeiro da internet&#8217;; Veja quando","author":"noticiasribeiraopreto.com.br","date":"24 de March de 2025","format":false,"excerpt":"Tr\u00eas rel\u00edquias do beato Carlo Acutis, conhecido popularmente como o \u2018padroeiro da internet\u2019 e que est\u00e1 prestes a se tornar santo, estar\u00e3o em Ribeir\u00e3o Preto, entre os dias 8 a 10 de abril. A chegada est\u00e1 prevista \u00e0s 18h do dia 8 de abril, no aeroporto Leite Lopes, seguida de\u2026","rel":"","context":"In &quot;Not\u00edcias de Ribeir\u00e3o Preto-SP e Regi\u00e3o&quot;","block_context":{"text":"Not\u00edcias de Ribeir\u00e3o Preto-SP e Regi\u00e3o","link":"https:\/\/noticiasribeiraopreto.com.br\/index.php\/category\/noticias-de-ribeirao-preto-sp-e-regiao-ismael-colosi\/"},"img":{"alt_text":"","src":"https:\/\/i0.wp.com\/noticiasribeiraopreto.com.br\/wp-content\/uploads\/2025\/03\/CARLO-ACUTIS_2025-03-24_17-55-56_jpg_2025-03-24_17-55-56.webp.webp?fit=1200%2C721&ssl=1&resize=350%2C200","width":350,"height":200,"srcset":"https:\/\/i0.wp.com\/noticiasribeiraopreto.com.br\/wp-content\/uploads\/2025\/03\/CARLO-ACUTIS_2025-03-24_17-55-56_jpg_2025-03-24_17-55-56.webp.webp?fit=1200%2C721&ssl=1&resize=350%2C200 1x, https:\/\/i0.wp.com\/noticiasribeiraopreto.com.br\/wp-content\/uploads\/2025\/03\/CARLO-ACUTIS_2025-03-24_17-55-56_jpg_2025-03-24_17-55-56.webp.webp?fit=1200%2C721&ssl=1&resize=525%2C300 1.5x, https:\/\/i0.wp.com\/noticiasribeiraopreto.com.br\/wp-content\/uploads\/2025\/03\/CARLO-ACUTIS_2025-03-24_17-55-56_jpg_2025-03-24_17-55-56.webp.webp?fit=1200%2C721&ssl=1&resize=700%2C400 2x, https:\/\/i0.wp.com\/noticiasribeiraopreto.com.br\/wp-content\/uploads\/2025\/03\/CARLO-ACUTIS_2025-03-24_17-55-56_jpg_2025-03-24_17-55-56.webp.webp?fit=1200%2C721&ssl=1&resize=1050%2C600 3x"},"classes":[]}],"jetpack_sharing_enabled":true,"jetpack_shortlink":"https:\/\/wp.me\/peQAOb-l6N","_links":{"self":[{"href":"https:\/\/noticiasribeiraopreto.com.br\/index.php\/wp-json\/wp\/v2\/posts\/81145","targetHints":{"allow":["GET"]}}],"collection":[{"href":"https:\/\/noticiasribeiraopreto.com.br\/index.php\/wp-json\/wp\/v2\/posts"}],"about":[{"href":"https:\/\/noticiasribeiraopreto.com.br\/index.php\/wp-json\/wp\/v2\/types\/post"}],"author":[{"embeddable":true,"href":"https:\/\/noticiasribeiraopreto.com.br\/index.php\/wp-json\/wp\/v2\/users\/1"}],"replies":[{"embeddable":true,"href":"https:\/\/noticiasribeiraopreto.com.br\/index.php\/wp-json\/wp\/v2\/comments?post=81145"}],"version-history":[{"count":0,"href":"https:\/\/noticiasribeiraopreto.com.br\/index.php\/wp-json\/wp\/v2\/posts\/81145\/revisions"}],"wp:featuredmedia":[{"embeddable":true,"href":"https:\/\/noticiasribeiraopreto.com.br\/index.php\/wp-json\/wp\/v2\/media\/80989"}],"wp:attachment":[{"href":"https:\/\/noticiasribeiraopreto.com.br\/index.php\/wp-json\/wp\/v2\/media?parent=81145"}],"wp:term":[{"taxonomy":"category","embeddable":true,"href":"https:\/\/noticiasribeiraopreto.com.br\/index.php\/wp-json\/wp\/v2\/categories?post=81145"},{"taxonomy":"post_tag","embeddable":true,"href":"https:\/\/noticiasribeiraopreto.com.br\/index.php\/wp-json\/wp\/v2\/tags?post=81145"}],"curies":[{"name":"wp","href":"https:\/\/api.w.org\/{rel}","templated":true}]}}