{"id":81146,"date":"2025-12-25T07:22:19","date_gmt":"2025-12-25T10:22:19","guid":{"rendered":"https:\/\/noticiasribeiraopreto.com.br\/index.php\/2025\/12\/25\/saiba-quem-pode-realizar-o-saque-aniversario-do-fgts\/"},"modified":"2025-12-25T07:22:19","modified_gmt":"2025-12-25T10:22:19","slug":"saiba-quem-pode-realizar-o-saque-aniversario-do-fgts","status":"publish","type":"post","link":"https:\/\/noticiasribeiraopreto.com.br\/index.php\/2025\/12\/25\/saiba-quem-pode-realizar-o-saque-aniversario-do-fgts\/","title":{"rendered":"Saiba quem pode realizar o Saque-Anivers\u00e1rio do FGTS"},"content":{"rendered":"<div class='code-block code-block-1' style='margin: 8px 0 8px auto; text-align: right; display: block; clear: both;'>\n<p><a href=\"https:\/\/wa.link\/vpicfd\"><img data-recalc-dims=\"1\" class=\"wp-image-4922\" style=\"aspect-ratio: 2.0253164556962027; width: 561px; height: auto;\" src=\"https:\/\/i0.wp.com\/ismaelcolosi.com.br\/wp-content\/uploads\/2023\/11\/grupo-de-empregos-whatsapp-e-facebook-ismael-colosi-vagas.jpg?ssl=1\" alt=\"\" \/><\/a><\/p>\n<!-- \/wp:image -->\n<\/div>\n<p> <br \/>\n<\/p>\n<div>\n<p>A<strong> Caixa<\/strong> inicia na segunda-feira (29) o pagamento do<strong> FGTS (Fundo de Garantia do Tempo de Servi\u00e7o)<\/strong> aos trabalhadores que optaram pelo<strong> Saque-Anivers\u00e1rio <\/strong>e<mark style=\"background-color:#fcb900\" class=\"has-inline-color has-black-color\"> tiveram seu contrato de trabalho suspenso ou extinto entre 01\/01\/2020 e 23\/12\/2025<\/mark>.<\/p>\n<p>Nesta ter\u00e7a-feira, o Governo Federal publicou a Medida Provis\u00f3ria n\u00ba 1.331\/2025, que autoriza o saque dos recursos retidos em raz\u00e3o da sistem\u00e1tica do Saque-Anivers\u00e1rio. Ser\u00e3o disponibilizados em torno de R$ 7,8 bilh\u00f5es do FGTS para cerca de 14,1 milh\u00f5es de trabalhadores.<\/p>\n<p>Na primeira etapa, o banco ir\u00e1 realizar o pagamento de cerca de R$ 3,9 bilh\u00f5es, com libera\u00e7\u00e3o de at\u00e9 R$ 1.800,00, por conta vinculada, limitado ao saldo dispon\u00edvel nas contas com contrato rescindido.<\/p>\n<p>Na segunda etapa, ser\u00e3o liberados aos trabalhadores o saldo remanescente estimado em R$ 3,9 bilh\u00f5es. A segunda parte do pagamento ocorrer\u00e1 a partir do dia 2 de fevereiro de 2026, de forma escalonada at\u00e9 12 de fevereiro de 2026.<\/p>\n<h2 class=\"wp-block-heading\"><strong>Como ser\u00e1 feito o pagamento:<\/strong><\/h2>\n<p>Os saques ser\u00e3o liberados de forma autom\u00e1tica, n\u00e3o havendo necessidade de nenhuma a\u00e7\u00e3o do trabalhador para efetuar a solicita\u00e7\u00e3o (exceto os trabalhadores com bloqueio judicial por pens\u00e3o aliment\u00edcia e trabalhadores avulsos que precisam apresentar documenta\u00e7\u00e3o espec\u00edfica nas ag\u00eancias da CAIXA).<\/p>\n<p><mark style=\"background-color:#fcb900\" class=\"has-inline-color has-black-color\">O pagamento ser\u00e1 realizado prioritariamente por meio de cr\u00e9dito na conta banc\u00e1ria cadastrada previamente pelo trabalhador no aplicativo FGTS, sem a necessidade de comparecer a uma ag\u00eancia<\/mark>.<\/p>\n<p>Cerca de 87% dos trabalhadores possuem conta cadastrada no app FGTS e receber\u00e3o os valores diretamente em suas contas banc\u00e1rias. O cr\u00e9dito em conta banc\u00e1ria ocorrer\u00e1 para as contas cadastradas at\u00e9 18 de dezembro.<\/p>\n<p>Quem n\u00e3o cadastrou a conta banc\u00e1ria, pelo App FGTS ou Ag\u00eancia CAIXA, poder\u00e1 sacar os valores nos canais f\u00edsicos de atendimento do banco:<\/p>\n<ul class=\"wp-block-list\">\n<li>casas lot\u00e9ricas, terminais de autoatendimento, correspondentes CAIXA AQUI e ag\u00eancias.<\/li>\n<\/ul>\n<p>Os saques podem ser realizados com cart\u00e3o cidad\u00e3o e senha e, nos casos de saque nos terminais de caixa eletr\u00f4nico da CAIXA, tamb\u00e9m \u00e9 permitido o saque por biometria ou apenas com o uso de senha cidad\u00e3o. Os valores ficar\u00e3o dispon\u00edveis para saque durante a vig\u00eancia da MP.<\/p>\n<p>No caso das opera\u00e7\u00f5es de antecipa\u00e7\u00e3o do Saque-Anivers\u00e1rio, quando os recursos s\u00e3o utilizados como garantia em contratos de empr\u00e9stimo, os valores n\u00e3o poder\u00e3o ser sacados. Eles permanecem bloqueados na conta dos trabalhadores que realizaram a opera\u00e7\u00e3o junto \u00e0s institui\u00e7\u00f5es financeiras habilitadas. Recursos com bloqueio judicial tamb\u00e9m seguem indispon\u00edveis.<\/p>\n<h2 class=\"wp-block-heading\"><strong>Quem tem direito \u00e0 libera\u00e7\u00e3o dos valores:<\/strong><\/h2>\n<p>O trabalhador que optou pelo Saque-Anivers\u00e1rio e teve o contrato de trabalho suspenso ou rescindido durante a vig\u00eancia da sistem\u00e1tica do Saque-Anivers\u00e1rio, no per\u00edodo de 01\/01\/2020 a 23\/12\/2025, e que possua saldo na conta de FGTS relativa ao contrato.<\/p>\n<p>Os valores ser\u00e3o liberados nos casos em que a rescis\u00e3o contratual tenha ocorrido pelos seguintes motivos:<\/p>\n<ul class=\"wp-block-list\">\n<li>Despedida sem justa causa;<\/li>\n<\/ul>\n<ul class=\"wp-block-list\">\n<li>Despedida indireta, de culpa rec\u00edproca e de for\u00e7a maior;<\/li>\n<\/ul>\n<ul class=\"wp-block-list\">\n<li>Rescis\u00e3o por fal\u00eancia, falecimento do empregador individual, empregador dom\u00e9stico ou nulidade do contrato;<\/li>\n<\/ul>\n<ul class=\"wp-block-list\">\n<li>Extin\u00e7\u00e3o normal do contrato a termo, inclusive o dos trabalhadores tempor\u00e1rios;<\/li>\n<\/ul>\n<ul class=\"wp-block-list\">\n<li>Suspens\u00e3o total do trabalho avulso.<\/li>\n<\/ul>\n<p>No caso espec\u00edfico do contrato rescindido pelo motivo \u201crescis\u00e3o por acordo entre o trabalhador e o empregador\u201d, o trabalhador tem direito a sacar 80% do saldo dispon\u00edvel.<\/p>\n<p>O trabalhador poder\u00e1 consultar se tem direito ao saque previsto pela MP 1.331\/2025 por meio dos seguintes canais:<\/p>\n<p>\u2022 App FGTS \u2013 Op\u00e7\u00e3o \u201cInforma\u00e7\u00f5es \u00dateis\u201d;<\/p>\n<p>\u2022 0800 726 0207 \u2013 Op\u00e7\u00e3o \u201cFGTS\u201d;<\/p>\n<p>\u2022 Ag\u00eancias da CAIXA.<\/p>\n<p>Para saber quanto ir\u00e1 receber, o trabalhador pode consultar o extrato de suas contas do FGTS no App FGTS. Os valores liberados podem ser identificados pelo lan\u00e7amento com a descri\u00e7\u00e3o SAQUE DEP 50S ou SAQUE DEP 50A.<\/p>\n<p>Para inclus\u00e3o ou altera\u00e7\u00e3o da conta banc\u00e1ria no APP FGTS, o trabalhador deve acessar o \u201cAPP FGTS\u201d &gt; op\u00e7\u00e3o \u201cConta banc\u00e1ria para saque do seu FGTS\u201d.<\/p>\n<h2 class=\"wp-block-heading\"><strong>Como funciona o Saque-Anivers\u00e1rio?<\/strong><\/h2>\n<p>O trabalhador optante pela modalidade Saque-Anivers\u00e1rio que teve seu contrato de trabalho suspenso ou extinto tem direito ao saque apenas do dep\u00f3sito da multa rescis\u00f3ria do FGTS, pois, anualmente, no m\u00eas do anivers\u00e1rio, ele recebe um percentual do saldo de sua conta FGTS mais um valor adicional.<\/p>\n<p>O trabalhador pode solicitar a qualquer tempo o retorno \u00e0 modalidade Saque-Rescis\u00e3o, por\u00e9m, a mudan\u00e7a s\u00f3 tem efeito a partir do primeiro dia do 25\u00ba m\u00eas ap\u00f3s a data da solicita\u00e7\u00e3o de retorno.<\/p>\n<p>SAIBA MAIS<br \/>Vai ao supermercado hoje? Veja os hor\u00e1rios na v\u00e9spera de Natal em Ribeir\u00e3o Preto<\/p>\n<h2 class=\"wp-block-heading\"><strong>FIQUE ON<\/strong><\/h2>\n<p>Fique ligado em tudo que acontece em Ribeir\u00e3o Preto e regi\u00e3o. Siga os perfis do\u00a0<strong>acidade on\u00a0<\/strong>no\u00a0<a href=\"https:\/\/www.instagram.com\/acidadeonribeirao\" target=\"_blank\" rel=\"noreferrer noopener\">Instagram\u00a0<\/a>e no<a href=\"https:\/\/www.facebook.com\/acidadeonribeirao\/\" target=\"_blank\" rel=\"noreferrer noopener\">\u00a0Facebook<\/a>.<\/p>\n<p>Receba not\u00edcias do<strong>\u00a0acidade on\u00a0<\/strong>no WhatsApp. Para entrar no grupo,\u00a0basta\u00a0<a href=\"https:\/\/chat.whatsapp.com\/GFH9HUMUTHNFJdnyEd0xxq\" target=\"_blank\" rel=\"noreferrer noopener\">clicar aqui<\/a>. Ou, acesse o nosso\u00a0Canal<a href=\"https:\/\/whatsapp.com\/channel\/0029Vb6IQl1JENyAeS57fk2p\" target=\"_blank\" rel=\"noreferrer noopener\">\u00a0clicando aqui<\/a>.<\/p>\n<p>Fa\u00e7a uma den\u00fancia ou sugira uma reportagem sobre Ribeir\u00e3o Preto e regi\u00e3o pelo WhatsApp: 16 99117 7802.<\/p>\n<p>VEJA TAMB\u00c9M<br \/>Bancos abrem hoje? Saiba como ser\u00e3o os hor\u00e1rios de funcionamento<\/p>\n<p><!-- AI CONTENT END 1 -->\n<\/div>\n<p><script async src=\"\/\/www.instagram.com\/embed.js\"><\/script><br \/>\n<br \/><br \/>\n<br \/><a href=\"https:\/\/www.acidadeon.com\/ribeiraopreto\/economia\/saiba-quem-pode-realizar-o-saque-aniversario-do-fgts\/\">Source link <\/a><\/p>\n<!-- CONTENT END 1 -->\n","protected":false},"excerpt":{"rendered":"<p>A Caixa inicia na segunda-feira (29) o pagamento do FGTS (Fundo de Garantia do Tempo de Servi\u00e7o) aos trabalhadores que optaram pelo Saque-Anivers\u00e1rio e tiveram&#8230;<\/p>\n","protected":false},"author":1,"featured_media":81147,"comment_status":"open","ping_status":"open","sticky":false,"template":"","format":"standard","meta":{"advanced_seo_description":"","jetpack_seo_html_title":"","jetpack_seo_noindex":false,"jetpack_post_was_ever_published":false,"_jetpack_newsletter_access":"","_jetpack_dont_email_post_to_subs":false,"_jetpack_newsletter_tier_id":0,"_jetpack_memberships_contains_paywalled_content":false,"_jetpack_memberships_contains_paid_content":false,"footnotes":"","jetpack_publicize_message":"","jetpack_publicize_feature_enabled":true,"jetpack_social_post_already_shared":true,"jetpack_social_options":{"image_generator_settings":{"template":"highway","default_image_id":0,"font":"","enabled":false},"version":2}},"categories":[11],"tags":[],"class_list":["post-81146","post","type-post","status-publish","format-standard","has-post-thumbnail","hentry","category-noticias-de-ribeirao-preto-sp-e-regiao-ismael-colosi"],"jetpack_publicize_connections":[],"jetpack_featured_media_url":"https:\/\/i0.wp.com\/noticiasribeiraopreto.com.br\/wp-content\/uploads\/2025\/12\/saque_2025-12-24_13-51-39.webp.webp?fit=1080%2C720&ssl=1","jetpack-related-posts":[{"id":64245,"url":"https:\/\/noticiasribeiraopreto.com.br\/index.php\/2025\/03\/06\/veja-quem-pode-receber-o-pagamento-especial-do-saque-aniversario-do-fgts\/","url_meta":{"origin":81146,"position":0},"title":"Veja quem pode receber o pagamento especial do saque-anivers\u00e1rio do FGTS","author":"noticiasribeiraopreto.com.br","date":"6 de March de 2025","format":false,"excerpt":"Os trabalhadores que aderiram ao saque-anivers\u00e1rio do FGTS (Fundo de Garantia do Tempo de Servi\u00e7o) e foram demitidos sem justa causa de janeiro de 2020 at\u00e9 o fim de fevereiro deste ano come\u00e7am a receber, nesta quinta-feira (6), o saldo integral dos dep\u00f3sitos dos antigos empregadores. O dinheiro estava bloqueado\u2026","rel":"","context":"In &quot;Not\u00edcias de Ribeir\u00e3o Preto-SP e Regi\u00e3o&quot;","block_context":{"text":"Not\u00edcias de Ribeir\u00e3o Preto-SP e Regi\u00e3o","link":"https:\/\/noticiasribeiraopreto.com.br\/index.php\/category\/noticias-de-ribeirao-preto-sp-e-regiao-ismael-colosi\/"},"img":{"alt_text":"","src":"https:\/\/i0.wp.com\/noticiasribeiraopreto.com.br\/wp-content\/uploads\/2025\/03\/saque-aniversario_2025-03-06_12-51-30_jpg_2025-03-06_12-51-30.webp.webp?fit=1170%2C700&ssl=1&resize=350%2C200","width":350,"height":200,"srcset":"https:\/\/i0.wp.com\/noticiasribeiraopreto.com.br\/wp-content\/uploads\/2025\/03\/saque-aniversario_2025-03-06_12-51-30_jpg_2025-03-06_12-51-30.webp.webp?fit=1170%2C700&ssl=1&resize=350%2C200 1x, https:\/\/i0.wp.com\/noticiasribeiraopreto.com.br\/wp-content\/uploads\/2025\/03\/saque-aniversario_2025-03-06_12-51-30_jpg_2025-03-06_12-51-30.webp.webp?fit=1170%2C700&ssl=1&resize=525%2C300 1.5x, https:\/\/i0.wp.com\/noticiasribeiraopreto.com.br\/wp-content\/uploads\/2025\/03\/saque-aniversario_2025-03-06_12-51-30_jpg_2025-03-06_12-51-30.webp.webp?fit=1170%2C700&ssl=1&resize=700%2C400 2x, https:\/\/i0.wp.com\/noticiasribeiraopreto.com.br\/wp-content\/uploads\/2025\/03\/saque-aniversario_2025-03-06_12-51-30_jpg_2025-03-06_12-51-30.webp.webp?fit=1170%2C700&ssl=1&resize=1050%2C600 3x"},"classes":[]},{"id":15060,"url":"https:\/\/noticiasribeiraopreto.com.br\/index.php\/2023\/12\/13\/saque-especial-do-fgts-esta-chegando-ao-fim-saiba-como-aproveitar\/","url_meta":{"origin":81146,"position":1},"title":"Saque especial do FGTS est\u00e1 chegando ao FIM; saiba como aproveitar","author":"noticiasribeiraopreto.com.br","date":"13 de December de 2023","format":false,"excerpt":"O FGTS (Fundo de Garantia por Tempo de Servi\u00e7o) \u00e9 um direito de todo trabalhador de carteira assinada. Atrav\u00e9s dele, o trabalhador pode ter uma conta vinculada ao seu contrato de trabalho na Caixa Econ\u00f4mica Federal. O empregador \u00e9 respons\u00e1vel por realizar dep\u00f3sitos mensais que formam o fundo. No entanto,\u2026","rel":"","context":"In &quot;Vagas de Emprego em Ribeir\u00e3o Preto-SP&quot;","block_context":{"text":"Vagas de Emprego em Ribeir\u00e3o Preto-SP","link":"https:\/\/noticiasribeiraopreto.com.br\/index.php\/category\/empregos-classificados-vagas-trabalho\/vagas-de-empregos-em-ribeirao-preto-regiao-brasil\/"},"img":{"alt_text":"","src":"https:\/\/i0.wp.com\/noticiasribeiraopreto.com.br\/wp-content\/uploads\/2023\/12\/noticiasconcursos.com_.br-saque-especial-do-fgts-esta-chegando-ao-fim-saiba-como-aproveitar-reproducao-canva-21.jpg?fit=1200%2C800&ssl=1&resize=350%2C200","width":350,"height":200,"srcset":"https:\/\/i0.wp.com\/noticiasribeiraopreto.com.br\/wp-content\/uploads\/2023\/12\/noticiasconcursos.com_.br-saque-especial-do-fgts-esta-chegando-ao-fim-saiba-como-aproveitar-reproducao-canva-21.jpg?fit=1200%2C800&ssl=1&resize=350%2C200 1x, https:\/\/i0.wp.com\/noticiasribeiraopreto.com.br\/wp-content\/uploads\/2023\/12\/noticiasconcursos.com_.br-saque-especial-do-fgts-esta-chegando-ao-fim-saiba-como-aproveitar-reproducao-canva-21.jpg?fit=1200%2C800&ssl=1&resize=525%2C300 1.5x, https:\/\/i0.wp.com\/noticiasribeiraopreto.com.br\/wp-content\/uploads\/2023\/12\/noticiasconcursos.com_.br-saque-especial-do-fgts-esta-chegando-ao-fim-saiba-como-aproveitar-reproducao-canva-21.jpg?fit=1200%2C800&ssl=1&resize=700%2C400 2x, https:\/\/i0.wp.com\/noticiasribeiraopreto.com.br\/wp-content\/uploads\/2023\/12\/noticiasconcursos.com_.br-saque-especial-do-fgts-esta-chegando-ao-fim-saiba-como-aproveitar-reproducao-canva-21.jpg?fit=1200%2C800&ssl=1&resize=1050%2C600 3x"},"classes":[]},{"id":23472,"url":"https:\/\/noticiasribeiraopreto.com.br\/index.php\/2024\/01\/02\/saque-aniversario-do-fgts-em-2024-ja-esta-disponivel\/","url_meta":{"origin":81146,"position":2},"title":"Saque-anivers\u00e1rio do FGTS em 2024 j\u00e1 est\u00e1 dispon\u00edvel","author":"noticiasribeiraopreto.com.br","date":"2 de January de 2024","format":false,"excerpt":"Os trabalhadores que optarem pelo saque-anivers\u00e1rio do Fundo de Garantia do Tempo de Servi\u00e7o (FGTS) aos poucos come\u00e7am a ter acesso \u00e0 cota de 2024. As retiradas ocorrem conforme o m\u00eas de anivers\u00e1rio do trabalhador. Os cotistas nascidos em janeiro podem fazer o saque a partir desta ter\u00e7a-feira (2).Criada em\u2026","rel":"","context":"In &quot;Not\u00edcias de Ribeir\u00e3o Preto-SP e Regi\u00e3o&quot;","block_context":{"text":"Not\u00edcias de Ribeir\u00e3o Preto-SP e Regi\u00e3o","link":"https:\/\/noticiasribeiraopreto.com.br\/index.php\/category\/noticias-de-ribeirao-preto-sp-e-regiao-ismael-colosi\/"},"img":{"alt_text":"","src":"https:\/\/i0.wp.com\/noticiasribeiraopreto.com.br\/wp-content\/uploads\/2024\/01\/pis-pasep-fgts.jpg?fit=700%2C396&ssl=1&resize=350%2C200","width":350,"height":200,"srcset":"https:\/\/i0.wp.com\/noticiasribeiraopreto.com.br\/wp-content\/uploads\/2024\/01\/pis-pasep-fgts.jpg?fit=700%2C396&ssl=1&resize=350%2C200 1x, https:\/\/i0.wp.com\/noticiasribeiraopreto.com.br\/wp-content\/uploads\/2024\/01\/pis-pasep-fgts.jpg?fit=700%2C396&ssl=1&resize=525%2C300 1.5x, https:\/\/i0.wp.com\/noticiasribeiraopreto.com.br\/wp-content\/uploads\/2024\/01\/pis-pasep-fgts.jpg?fit=700%2C396&ssl=1&resize=700%2C400 2x"},"classes":[]},{"id":13665,"url":"https:\/\/noticiasribeiraopreto.com.br\/index.php\/2023\/12\/10\/saque-fgts-de-ate-r-29-mil-liberado-agora-veja-quem-pode-receber-2\/","url_meta":{"origin":81146,"position":3},"title":"Saque FGTS de at\u00e9 R$ 2,9 mil liberado AGORA! Veja quem pode receber","author":"noticiasribeiraopreto.com.br","date":"10 de December de 2023","format":false,"excerpt":"A Caixa Econ\u00f4mica Federal come\u00e7ou a liberar novo saque para os trabalhadores com carteira assinada nascidos em dezembro. Esse grupo pode realizar saques de at\u00e9 R$ 2,9 mil, o prazo para resgate encerra no dia 29 de fevereiro de 2024. No entanto, vale mencionar, que a ades\u00e3o s\u00f3 pode ser\u2026","rel":"","context":"In &quot;Vagas de Emprego em Ribeir\u00e3o Preto-SP&quot;","block_context":{"text":"Vagas de Emprego em Ribeir\u00e3o Preto-SP","link":"https:\/\/noticiasribeiraopreto.com.br\/index.php\/category\/empregos-classificados-vagas-trabalho\/vagas-de-empregos-em-ribeirao-preto-regiao-brasil\/"},"img":{"alt_text":"","src":"https:\/\/i0.wp.com\/noticiasribeiraopreto.com.br\/wp-content\/uploads\/2023\/12\/1702252801_real_dinheiro_decimo_terceiro__foto_jc_concursos.jpg?fit=1200%2C675&ssl=1&resize=350%2C200","width":350,"height":200,"srcset":"https:\/\/i0.wp.com\/noticiasribeiraopreto.com.br\/wp-content\/uploads\/2023\/12\/1702252801_real_dinheiro_decimo_terceiro__foto_jc_concursos.jpg?fit=1200%2C675&ssl=1&resize=350%2C200 1x, https:\/\/i0.wp.com\/noticiasribeiraopreto.com.br\/wp-content\/uploads\/2023\/12\/1702252801_real_dinheiro_decimo_terceiro__foto_jc_concursos.jpg?fit=1200%2C675&ssl=1&resize=525%2C300 1.5x, https:\/\/i0.wp.com\/noticiasribeiraopreto.com.br\/wp-content\/uploads\/2023\/12\/1702252801_real_dinheiro_decimo_terceiro__foto_jc_concursos.jpg?fit=1200%2C675&ssl=1&resize=700%2C400 2x, https:\/\/i0.wp.com\/noticiasribeiraopreto.com.br\/wp-content\/uploads\/2023\/12\/1702252801_real_dinheiro_decimo_terceiro__foto_jc_concursos.jpg?fit=1200%2C675&ssl=1&resize=1050%2C600 3x"},"classes":[]},{"id":23583,"url":"https:\/\/noticiasribeiraopreto.com.br\/index.php\/2024\/01\/02\/caixa-disponibiliza-saques-do-fgts-a-partir-de-r-500-para-um-novo-grupo\/","url_meta":{"origin":81146,"position":4},"title":"Caixa disponibiliza saques do FGTS a partir de R$ 500 para um novo grupo","author":"noticiasribeiraopreto.com.br","date":"2 de January de 2024","format":false,"excerpt":"A partir desta ter\u00e7a-feira, 2 de janeiro de 2024, no primeiro dia \u00fatil do ano, um novo grupo de trabalhadores pode receber uma parcela do seu FGTS (Fundo de Garantia do Tempo de Servi\u00e7o). Dependendo da data escolhida por eles, o dinheiro pode ter sido creditado ontem, dia 1\u00ba, ou\u2026","rel":"","context":"In &quot;Vagas de Emprego em Ribeir\u00e3o Preto-SP&quot;","block_context":{"text":"Vagas de Emprego em Ribeir\u00e3o Preto-SP","link":"https:\/\/noticiasribeiraopreto.com.br\/index.php\/category\/empregos-classificados-vagas-trabalho\/vagas-de-empregos-em-ribeirao-preto-regiao-brasil\/"},"img":{"alt_text":"","src":"","width":0,"height":0},"classes":[]},{"id":64081,"url":"https:\/\/noticiasribeiraopreto.com.br\/index.php\/2025\/02\/28\/medida-que-permite-saque-de-dinheiro-retido-no-fgts-e-publicada-veja-como-receber\/","url_meta":{"origin":81146,"position":5},"title":"Medida que permite saque de dinheiro retido no FGTS \u00e9 publicada; Veja como receber","author":"noticiasribeiraopreto.com.br","date":"28 de February de 2025","format":false,"excerpt":"Nesta sexta-feira (28), o Governo Federal publicou a medida provis\u00f3ria que permite o saque do Fundo de Garantia sobre o Tempo de Servi\u00e7o (FGTS) para trabalhadores que realizaram o saque-anivers\u00e1rio e foram demitidos sem justa causa entre janeiro de 2020 e a data de publica\u00e7\u00e3o da MP. A expectativa \u00e9\u2026","rel":"","context":"In &quot;Not\u00edcias de Ribeir\u00e3o Preto-SP e Regi\u00e3o&quot;","block_context":{"text":"Not\u00edcias de Ribeir\u00e3o Preto-SP e Regi\u00e3o","link":"https:\/\/noticiasribeiraopreto.com.br\/index.php\/category\/noticias-de-ribeirao-preto-sp-e-regiao-ismael-colosi\/"},"img":{"alt_text":"","src":"https:\/\/i0.wp.com\/noticiasribeiraopreto.com.br\/wp-content\/uploads\/2025\/02\/aplicativo_do_fgts_caixa_2025-02-28_23-35-13_jpg_2025-02-28_23-35-13.webp.webp?fit=1200%2C674&ssl=1&resize=350%2C200","width":350,"height":200,"srcset":"https:\/\/i0.wp.com\/noticiasribeiraopreto.com.br\/wp-content\/uploads\/2025\/02\/aplicativo_do_fgts_caixa_2025-02-28_23-35-13_jpg_2025-02-28_23-35-13.webp.webp?fit=1200%2C674&ssl=1&resize=350%2C200 1x, https:\/\/i0.wp.com\/noticiasribeiraopreto.com.br\/wp-content\/uploads\/2025\/02\/aplicativo_do_fgts_caixa_2025-02-28_23-35-13_jpg_2025-02-28_23-35-13.webp.webp?fit=1200%2C674&ssl=1&resize=525%2C300 1.5x, https:\/\/i0.wp.com\/noticiasribeiraopreto.com.br\/wp-content\/uploads\/2025\/02\/aplicativo_do_fgts_caixa_2025-02-28_23-35-13_jpg_2025-02-28_23-35-13.webp.webp?fit=1200%2C674&ssl=1&resize=700%2C400 2x, https:\/\/i0.wp.com\/noticiasribeiraopreto.com.br\/wp-content\/uploads\/2025\/02\/aplicativo_do_fgts_caixa_2025-02-28_23-35-13_jpg_2025-02-28_23-35-13.webp.webp?fit=1200%2C674&ssl=1&resize=1050%2C600 3x"},"classes":[]}],"jetpack_sharing_enabled":true,"jetpack_shortlink":"https:\/\/wp.me\/peQAOb-l6O","_links":{"self":[{"href":"https:\/\/noticiasribeiraopreto.com.br\/index.php\/wp-json\/wp\/v2\/posts\/81146","targetHints":{"allow":["GET"]}}],"collection":[{"href":"https:\/\/noticiasribeiraopreto.com.br\/index.php\/wp-json\/wp\/v2\/posts"}],"about":[{"href":"https:\/\/noticiasribeiraopreto.com.br\/index.php\/wp-json\/wp\/v2\/types\/post"}],"author":[{"embeddable":true,"href":"https:\/\/noticiasribeiraopreto.com.br\/index.php\/wp-json\/wp\/v2\/users\/1"}],"replies":[{"embeddable":true,"href":"https:\/\/noticiasribeiraopreto.com.br\/index.php\/wp-json\/wp\/v2\/comments?post=81146"}],"version-history":[{"count":0,"href":"https:\/\/noticiasribeiraopreto.com.br\/index.php\/wp-json\/wp\/v2\/posts\/81146\/revisions"}],"wp:featuredmedia":[{"embeddable":true,"href":"https:\/\/noticiasribeiraopreto.com.br\/index.php\/wp-json\/wp\/v2\/media\/81147"}],"wp:attachment":[{"href":"https:\/\/noticiasribeiraopreto.com.br\/index.php\/wp-json\/wp\/v2\/media?parent=81146"}],"wp:term":[{"taxonomy":"category","embeddable":true,"href":"https:\/\/noticiasribeiraopreto.com.br\/index.php\/wp-json\/wp\/v2\/categories?post=81146"},{"taxonomy":"post_tag","embeddable":true,"href":"https:\/\/noticiasribeiraopreto.com.br\/index.php\/wp-json\/wp\/v2\/tags?post=81146"}],"curies":[{"name":"wp","href":"https:\/\/api.w.org\/{rel}","templated":true}]}}