{"id":81148,"date":"2025-12-25T07:29:42","date_gmt":"2025-12-25T10:29:42","guid":{"rendered":"https:\/\/noticiasribeiraopreto.com.br\/index.php\/2025\/12\/25\/onibus-tomba-e-deixa-mortos-e-feridos-na-regiao-de-ribeirao-preto\/"},"modified":"2025-12-25T07:29:42","modified_gmt":"2025-12-25T10:29:42","slug":"onibus-tomba-e-deixa-mortos-e-feridos-na-regiao-de-ribeirao-preto","status":"publish","type":"post","link":"https:\/\/noticiasribeiraopreto.com.br\/index.php\/2025\/12\/25\/onibus-tomba-e-deixa-mortos-e-feridos-na-regiao-de-ribeirao-preto\/","title":{"rendered":"\u00d4nibus tomba e deixa mortos e feridos na regi\u00e3o de Ribeir\u00e3o Preto"},"content":{"rendered":"<div class='code-block code-block-1' style='margin: 8px 0 8px auto; text-align: right; display: block; clear: both;'>\n<p><a href=\"https:\/\/wa.link\/vpicfd\"><img data-recalc-dims=\"1\" class=\"wp-image-4922\" style=\"aspect-ratio: 2.0253164556962027; width: 561px; height: auto;\" src=\"https:\/\/i0.wp.com\/ismaelcolosi.com.br\/wp-content\/uploads\/2023\/11\/grupo-de-empregos-whatsapp-e-facebook-ismael-colosi-vagas.jpg?ssl=1\" alt=\"\" \/><\/a><\/p>\n<!-- \/wp:image -->\n<\/div>\n<p> <br \/>\n<\/p>\n<div data-td-block-uid=\"tdi_95\">\n<div class=\"tdb-block-inner td-fix-index\">\n<p>Um \u00f4nibus tombou em uma rotat\u00f3ria da <strong>rodovia Brigadeiro faria Lima<\/strong> e deixou, ao menos, dois mortos e diversos feridos na manh\u00e3 desta quarta-feira (24). O ve\u00edculo trafegava na altura do quil\u00f4metro 340, em <strong>Jaboticabal<\/strong>, na regi\u00e3o de Ribeir\u00e3o Preto, quando se envolveu no acidente.<\/p>\n<p>De acordo com o<strong> CCM (Centro de Controle Multimodal)<\/strong> da Artesp, o \u00f4nibus trafegava no sentido norte, quando, ao acessar a rotat\u00f3ria na entrada de Jaboticabal, o motorista perdeu o controle da dire\u00e7\u00e3o e tombou, parando no canteiro central.<\/p>\n<p>Em entrevista \u00e0 <strong>EPTV<\/strong>, o respons\u00e1vel pela empresa do \u00f4nibus envolvido no acidente, o destino era Ol\u00edmpia \u2013 ele saiu de S\u00e3o Paulo. A suspeita \u00e9 que o condutor possa ter tido um mal s\u00fabito, j\u00e1 que n\u00e3o teve marcas de frenagem, e sim derrapagem.<\/p>\n<p>SAIBA MAIS<br \/>Vai ao supermercado hoje? Veja os hor\u00e1rios na v\u00e9spera de Natal em Ribeir\u00e3o Preto<\/p>\n<h2 class=\"wp-block-heading\"><strong>FIQUE ON<\/strong><\/h2>\n<p>Fique ligado em tudo que acontece em Ribeir\u00e3o Preto e regi\u00e3o. Siga os perfis do\u00a0<strong>acidade on\u00a0<\/strong>no\u00a0<a href=\"https:\/\/www.instagram.com\/acidadeonribeirao\" target=\"_blank\" rel=\"noreferrer noopener\">Instagram\u00a0<\/a>e no<a href=\"https:\/\/www.facebook.com\/acidadeonribeirao\/\" target=\"_blank\" rel=\"noreferrer noopener\">\u00a0Facebook<\/a>.<\/p>\n<p>Receba not\u00edcias do<strong>\u00a0acidade on\u00a0<\/strong>no WhatsApp. Para entrar no grupo,\u00a0basta\u00a0<a href=\"https:\/\/chat.whatsapp.com\/GFH9HUMUTHNFJdnyEd0xxq\" target=\"_blank\" rel=\"noreferrer noopener\">clicar aqui<\/a>. Ou, acesse o nosso\u00a0Canal<a href=\"https:\/\/whatsapp.com\/channel\/0029Vb6IQl1JENyAeS57fk2p\" target=\"_blank\" rel=\"noreferrer noopener\">\u00a0clicando aqui<\/a>.<\/p>\n<p>Fa\u00e7a uma den\u00fancia ou sugira uma reportagem sobre Ribeir\u00e3o Preto e regi\u00e3o pelo WhatsApp: 16 99117 7802.<\/p>\n<p>VEJA TAMB\u00c9M<br \/>Bancos abrem hoje? Saiba como ser\u00e3o os hor\u00e1rios de funcionamento<\/p>\n<p><!-- AI CONTENT END 1 -->\n<\/div>\n<\/div>\n<p><script async src=\"\/\/www.instagram.com\/embed.js\"><\/script><br \/>\n<br \/><br \/>\n<br \/><a href=\"https:\/\/www.acidadeon.com\/ribeiraopreto\/cotidiano\/onibus-tomba-e-deixa-mortos-feridos-na-regiao-de-ribeirao-preto\/\">Source link <\/a><\/p>\n<!-- CONTENT END 1 -->\n","protected":false},"excerpt":{"rendered":"<p>Um \u00f4nibus tombou em uma rotat\u00f3ria da rodovia Brigadeiro faria Lima e deixou, ao menos, dois mortos e diversos feridos na manh\u00e3 desta quarta-feira (24)&#8230;.<\/p>\n","protected":false},"author":1,"featured_media":81149,"comment_status":"open","ping_status":"open","sticky":false,"template":"","format":"standard","meta":{"advanced_seo_description":"","jetpack_seo_html_title":"","jetpack_seo_noindex":false,"jetpack_post_was_ever_published":false,"_jetpack_newsletter_access":"","_jetpack_dont_email_post_to_subs":false,"_jetpack_newsletter_tier_id":0,"_jetpack_memberships_contains_paywalled_content":false,"_jetpack_memberships_contains_paid_content":false,"footnotes":"","jetpack_publicize_message":"","jetpack_publicize_feature_enabled":true,"jetpack_social_post_already_shared":true,"jetpack_social_options":{"image_generator_settings":{"template":"highway","default_image_id":0,"font":"","enabled":false},"version":2}},"categories":[11],"tags":[],"class_list":["post-81148","post","type-post","status-publish","format-standard","has-post-thumbnail","hentry","category-noticias-de-ribeirao-preto-sp-e-regiao-ismael-colosi"],"jetpack_publicize_connections":[],"jetpack_featured_media_url":"https:\/\/i0.wp.com\/noticiasribeiraopreto.com.br\/wp-content\/uploads\/2025\/12\/acidente-onibus_2025-12-24_12-58-34.webp.webp?fit=1040%2C780&ssl=1","jetpack-related-posts":[{"id":81120,"url":"https:\/\/noticiasribeiraopreto.com.br\/index.php\/2025\/12\/24\/onibus-tomba-deixa-tres-pessoas-mortas-e-mais-de-42-feridas-em-jaboticabal\/","url_meta":{"origin":81148,"position":0},"title":"\u00d4nibus tomba, deixa tr\u00eas pessoas mortas e mais de 42 feridas em Jaboticabal","author":"noticiasribeiraopreto.com.br","date":"24 de December de 2025","format":false,"excerpt":"\r \r \r \r \r 24 de dezembro de 2025 08:3324 de dezembro de 2025 08:34 \r Compartilhar0 \r Um acidente envolvendo um \u00f4nibus, na manh\u00e3 desta quarta-feira (24), deixou tr\u00eas pessoas mortas e mais de 42 feridas na Rodovia Brigadeiro Faria Lima (SP-326), em Jaboticabal. Segundo informa\u00e7\u00f5es do Centro\u2026","rel":"","context":"In &quot;Not\u00edcias de Ribeir\u00e3o Preto-SP e Regi\u00e3o&quot;","block_context":{"text":"Not\u00edcias de Ribeir\u00e3o Preto-SP e Regi\u00e3o","link":"https:\/\/noticiasribeiraopreto.com.br\/index.php\/category\/noticias-de-ribeirao-preto-sp-e-regiao-ismael-colosi\/"},"img":{"alt_text":"","src":"https:\/\/i0.wp.com\/noticiasribeiraopreto.com.br\/wp-content\/uploads\/2025\/12\/WhatsApp-Image-2025-12-24-at-08.10.39-1-scaled.jpeg?fit=1040%2C780&ssl=1&resize=350%2C200","width":350,"height":200,"srcset":"https:\/\/i0.wp.com\/noticiasribeiraopreto.com.br\/wp-content\/uploads\/2025\/12\/WhatsApp-Image-2025-12-24-at-08.10.39-1-scaled.jpeg?fit=1040%2C780&ssl=1&resize=350%2C200 1x, https:\/\/i0.wp.com\/noticiasribeiraopreto.com.br\/wp-content\/uploads\/2025\/12\/WhatsApp-Image-2025-12-24-at-08.10.39-1-scaled.jpeg?fit=1040%2C780&ssl=1&resize=525%2C300 1.5x, https:\/\/i0.wp.com\/noticiasribeiraopreto.com.br\/wp-content\/uploads\/2025\/12\/WhatsApp-Image-2025-12-24-at-08.10.39-1-scaled.jpeg?fit=1040%2C780&ssl=1&resize=700%2C400 2x"},"classes":[]},{"id":33359,"url":"https:\/\/noticiasribeiraopreto.com.br\/index.php\/2024\/01\/29\/motociclista-fica-ferido-em-rotatoria-da-zona-leste\/","url_meta":{"origin":81148,"position":1},"title":"Motociclista fica ferido em rotat\u00f3ria da zona Leste","author":"noticiasribeiraopreto.com.br","date":"29 de January de 2024","format":false,"excerpt":"Acidente ocorreu pr\u00f3ximo a sem\u00e1foro; condutor da moto teria batido na lateral de um ve\u00edculo e colidido contra \u00f4nibus 29 de janeiro de 2024 | 11:26 2Por: Adalberto LuqueUm motociclista ficou ferido, na manh\u00e3 desta segunda-feira (29), ap\u00f3s um acidente envolvendo sua moto, um ve\u00edculo e um \u00f4nibus de transporte\u2026","rel":"","context":"In &quot;Not\u00edcias de Ribeir\u00e3o Preto-SP e Regi\u00e3o&quot;","block_context":{"text":"Not\u00edcias de Ribeir\u00e3o Preto-SP e Regi\u00e3o","link":"https:\/\/noticiasribeiraopreto.com.br\/index.php\/category\/noticias-de-ribeirao-preto-sp-e-regiao-ismael-colosi\/"},"img":{"alt_text":"","src":"https:\/\/i0.wp.com\/noticiasribeiraopreto.com.br\/wp-content\/uploads\/2024\/01\/00-29-jan-2024-acidente-castelo-foto-max-gallao-mesquita-scaled.jpg?fit=1000%2C627&ssl=1&resize=350%2C200","width":350,"height":200,"srcset":"https:\/\/i0.wp.com\/noticiasribeiraopreto.com.br\/wp-content\/uploads\/2024\/01\/00-29-jan-2024-acidente-castelo-foto-max-gallao-mesquita-scaled.jpg?fit=1000%2C627&ssl=1&resize=350%2C200 1x, https:\/\/i0.wp.com\/noticiasribeiraopreto.com.br\/wp-content\/uploads\/2024\/01\/00-29-jan-2024-acidente-castelo-foto-max-gallao-mesquita-scaled.jpg?fit=1000%2C627&ssl=1&resize=525%2C300 1.5x, https:\/\/i0.wp.com\/noticiasribeiraopreto.com.br\/wp-content\/uploads\/2024\/01\/00-29-jan-2024-acidente-castelo-foto-max-gallao-mesquita-scaled.jpg?fit=1000%2C627&ssl=1&resize=700%2C400 2x"},"classes":[]},{"id":51785,"url":"https:\/\/noticiasribeiraopreto.com.br\/index.php\/2024\/05\/30\/identificado-motorista-morto-em-acidente-com-onibus-de-excursao-na-anhanguera\/","url_meta":{"origin":81148,"position":2},"title":"Identificado motorista morto em acidente com \u00f4nibus de excurs\u00e3o na Anhanguera","author":"noticiasribeiraopreto.com.br","date":"30 de May de 2024","format":false,"excerpt":"A Pol\u00edcia Civil identificou o motorista de um \u00f4nibus de excurs\u00e3o que morreu na madrugada desta quinta-feira (30), em um acidente com o ve\u00edculo que transportava 66 pessoas, no km 301 da rodovia Anhanguera (SP-330), em trecho de descida entre Cravinhos e Ribeir\u00e3o Preto. Segundo o boletim de ocorr\u00eancia (BO),\u2026","rel":"","context":"In &quot;Not\u00edcias de Ribeir\u00e3o Preto-SP e Regi\u00e3o&quot;","block_context":{"text":"Not\u00edcias de Ribeir\u00e3o Preto-SP e Regi\u00e3o","link":"https:\/\/noticiasribeiraopreto.com.br\/index.php\/category\/noticias-de-ribeirao-preto-sp-e-regiao-ismael-colosi\/"},"img":{"alt_text":"","src":"https:\/\/i0.wp.com\/noticiasribeiraopreto.com.br\/wp-content\/uploads\/2024\/05\/WhatsApp-Image-2024-05-30-at-11.44.49_2024-05-30_14-45-12_jpeg_2024-05-30_14-45-13.webp.webp?fit=1200%2C675&ssl=1&resize=350%2C200","width":350,"height":200,"srcset":"https:\/\/i0.wp.com\/noticiasribeiraopreto.com.br\/wp-content\/uploads\/2024\/05\/WhatsApp-Image-2024-05-30-at-11.44.49_2024-05-30_14-45-12_jpeg_2024-05-30_14-45-13.webp.webp?fit=1200%2C675&ssl=1&resize=350%2C200 1x, https:\/\/i0.wp.com\/noticiasribeiraopreto.com.br\/wp-content\/uploads\/2024\/05\/WhatsApp-Image-2024-05-30-at-11.44.49_2024-05-30_14-45-12_jpeg_2024-05-30_14-45-13.webp.webp?fit=1200%2C675&ssl=1&resize=525%2C300 1.5x, https:\/\/i0.wp.com\/noticiasribeiraopreto.com.br\/wp-content\/uploads\/2024\/05\/WhatsApp-Image-2024-05-30-at-11.44.49_2024-05-30_14-45-12_jpeg_2024-05-30_14-45-13.webp.webp?fit=1200%2C675&ssl=1&resize=700%2C400 2x, https:\/\/i0.wp.com\/noticiasribeiraopreto.com.br\/wp-content\/uploads\/2024\/05\/WhatsApp-Image-2024-05-30-at-11.44.49_2024-05-30_14-45-12_jpeg_2024-05-30_14-45-13.webp.webp?fit=1200%2C675&ssl=1&resize=1050%2C600 3x"},"classes":[]},{"id":81797,"url":"https:\/\/noticiasribeiraopreto.com.br\/index.php\/2026\/01\/27\/video-onibus-desgovernado-desce-avenida-na-regiao\/","url_meta":{"origin":81148,"position":3},"title":"V\u00cdDEO &#8211; \u00d4nibus desgovernado desce avenida na regi\u00e3o","author":"noticiasribeiraopreto.com.br","date":"27 de January de 2026","format":false,"excerpt":"\r \r \r Ve\u00edculo s\u00f3 parou depois de atingir lixeira, ve\u00edculo e bater em poste de ilumina\u00e7\u00e3o, que tombou\r \r 27 de janeiro de 2026 12:2827 de janeiro de 2026 12:29 \r Compartilhar2 \r Por: Adalberto Luque \u2013 Um \u00f4nibus desgovernado desceu uma avenida de r\u00e9, na noite desta segunda-feira\u2026","rel":"","context":"In &quot;Not\u00edcias de Ribeir\u00e3o Preto-SP e Regi\u00e3o&quot;","block_context":{"text":"Not\u00edcias de Ribeir\u00e3o Preto-SP e Regi\u00e3o","link":"https:\/\/noticiasribeiraopreto.com.br\/index.php\/category\/noticias-de-ribeirao-preto-sp-e-regiao-ismael-colosi\/"},"img":{"alt_text":"","src":"https:\/\/i0.wp.com\/noticiasribeiraopreto.com.br\/wp-content\/uploads\/2026\/01\/27-jan-2025-acidenteguariba-scaled.jpg?fit=1200%2C675&ssl=1&resize=350%2C200","width":350,"height":200,"srcset":"https:\/\/i0.wp.com\/noticiasribeiraopreto.com.br\/wp-content\/uploads\/2026\/01\/27-jan-2025-acidenteguariba-scaled.jpg?fit=1200%2C675&ssl=1&resize=350%2C200 1x, https:\/\/i0.wp.com\/noticiasribeiraopreto.com.br\/wp-content\/uploads\/2026\/01\/27-jan-2025-acidenteguariba-scaled.jpg?fit=1200%2C675&ssl=1&resize=525%2C300 1.5x, https:\/\/i0.wp.com\/noticiasribeiraopreto.com.br\/wp-content\/uploads\/2026\/01\/27-jan-2025-acidenteguariba-scaled.jpg?fit=1200%2C675&ssl=1&resize=700%2C400 2x, https:\/\/i0.wp.com\/noticiasribeiraopreto.com.br\/wp-content\/uploads\/2026\/01\/27-jan-2025-acidenteguariba-scaled.jpg?fit=1200%2C675&ssl=1&resize=1050%2C600 3x"},"classes":[]},{"id":76609,"url":"https:\/\/noticiasribeiraopreto.com.br\/index.php\/2025\/09\/02\/acidente-entre-onibus-e-caminhao-deixa-um-morto-e-11-feridos-na-regiao-de-ribeirao\/","url_meta":{"origin":81148,"position":4},"title":"Acidente entre \u00f4nibus e caminh\u00e3o deixa um morto e 11 feridos na regi\u00e3o de Ribeir\u00e3o","author":"noticiasribeiraopreto.com.br","date":"2 de September de 2025","format":false,"excerpt":"Uma pessoa morreu e outras 11 foram socorridas ap\u00f3s um acidente envolvendo um \u00f4nibus e um caminh\u00e3o de cana na madrugada desta ter\u00e7a-feira (2), em um acesso \u00e0\u00a0rodovia C\u00e2ndido Portinari (SP-334), em Batatais, cidade na regi\u00e3o de Ribeir\u00e3o Preto. De acordo com as informa\u00e7\u00f5es, o acidente aconteceu pr\u00f3ximo \u00e0 rodovia\u2026","rel":"","context":"In &quot;Not\u00edcias de Ribeir\u00e3o Preto-SP e Regi\u00e3o&quot;","block_context":{"text":"Not\u00edcias de Ribeir\u00e3o Preto-SP e Regi\u00e3o","link":"https:\/\/noticiasribeiraopreto.com.br\/index.php\/category\/noticias-de-ribeirao-preto-sp-e-regiao-ismael-colosi\/"},"img":{"alt_text":"","src":"https:\/\/i0.wp.com\/noticiasribeiraopreto.com.br\/wp-content\/uploads\/2025\/09\/Copia-de-Copia-de-Copia-de-TAMANHO-EXATO-PARA-FOTOS-NO-SISTEMA-NOVO.zip-1_2025-09-02_09-34-03.webp.webp?fit=1200%2C675&ssl=1&resize=350%2C200","width":350,"height":200,"srcset":"https:\/\/i0.wp.com\/noticiasribeiraopreto.com.br\/wp-content\/uploads\/2025\/09\/Copia-de-Copia-de-Copia-de-TAMANHO-EXATO-PARA-FOTOS-NO-SISTEMA-NOVO.zip-1_2025-09-02_09-34-03.webp.webp?fit=1200%2C675&ssl=1&resize=350%2C200 1x, https:\/\/i0.wp.com\/noticiasribeiraopreto.com.br\/wp-content\/uploads\/2025\/09\/Copia-de-Copia-de-Copia-de-TAMANHO-EXATO-PARA-FOTOS-NO-SISTEMA-NOVO.zip-1_2025-09-02_09-34-03.webp.webp?fit=1200%2C675&ssl=1&resize=525%2C300 1.5x, https:\/\/i0.wp.com\/noticiasribeiraopreto.com.br\/wp-content\/uploads\/2025\/09\/Copia-de-Copia-de-Copia-de-TAMANHO-EXATO-PARA-FOTOS-NO-SISTEMA-NOVO.zip-1_2025-09-02_09-34-03.webp.webp?fit=1200%2C675&ssl=1&resize=700%2C400 2x, https:\/\/i0.wp.com\/noticiasribeiraopreto.com.br\/wp-content\/uploads\/2025\/09\/Copia-de-Copia-de-Copia-de-TAMANHO-EXATO-PARA-FOTOS-NO-SISTEMA-NOVO.zip-1_2025-09-02_09-34-03.webp.webp?fit=1200%2C675&ssl=1&resize=1050%2C600 3x"},"classes":[]},{"id":76613,"url":"https:\/\/noticiasribeiraopreto.com.br\/index.php\/2025\/09\/02\/video-acidente-entre-onibus-e-caminhao-deixa-morto-e-feridos\/","url_meta":{"origin":81148,"position":5},"title":"V\u00cdDEO &#8211; Acidente entre \u00f4nibus e caminh\u00e3o deixa morto e feridos","author":"noticiasribeiraopreto.com.br","date":"2 de September de 2025","format":false,"excerpt":"Colis\u00e3o envolveu caminh\u00e3o bitrem carregado com 45 toneladas de cana-de-a\u00e7\u00facar, que teria entrado irregularmente em rodovia 2 de setembro de 2025 08:192 de setembro de 2025 08:2013 Compartilhar2 Por: Adalberto Luque Um acidente envolvendo um \u00f4nibus e uma carreta bitrem deixou um morto e 11 feridos, na madrugada desta ter\u00e7a-feira\u2026","rel":"","context":"In &quot;Not\u00edcias de Ribeir\u00e3o Preto-SP e Regi\u00e3o&quot;","block_context":{"text":"Not\u00edcias de Ribeir\u00e3o Preto-SP e Regi\u00e3o","link":"https:\/\/noticiasribeiraopreto.com.br\/index.php\/category\/noticias-de-ribeirao-preto-sp-e-regiao-ismael-colosi\/"},"img":{"alt_text":"","src":"https:\/\/i0.wp.com\/noticiasribeiraopreto.com.br\/wp-content\/uploads\/2025\/09\/02-set-2025-acidentebatatais1-1.jpg?fit=755%2C731&ssl=1&resize=350%2C200","width":350,"height":200,"srcset":"https:\/\/i0.wp.com\/noticiasribeiraopreto.com.br\/wp-content\/uploads\/2025\/09\/02-set-2025-acidentebatatais1-1.jpg?fit=755%2C731&ssl=1&resize=350%2C200 1x, https:\/\/i0.wp.com\/noticiasribeiraopreto.com.br\/wp-content\/uploads\/2025\/09\/02-set-2025-acidentebatatais1-1.jpg?fit=755%2C731&ssl=1&resize=525%2C300 1.5x, https:\/\/i0.wp.com\/noticiasribeiraopreto.com.br\/wp-content\/uploads\/2025\/09\/02-set-2025-acidentebatatais1-1.jpg?fit=755%2C731&ssl=1&resize=700%2C400 2x"},"classes":[]}],"jetpack_sharing_enabled":true,"jetpack_shortlink":"https:\/\/wp.me\/peQAOb-l6Q","_links":{"self":[{"href":"https:\/\/noticiasribeiraopreto.com.br\/index.php\/wp-json\/wp\/v2\/posts\/81148","targetHints":{"allow":["GET"]}}],"collection":[{"href":"https:\/\/noticiasribeiraopreto.com.br\/index.php\/wp-json\/wp\/v2\/posts"}],"about":[{"href":"https:\/\/noticiasribeiraopreto.com.br\/index.php\/wp-json\/wp\/v2\/types\/post"}],"author":[{"embeddable":true,"href":"https:\/\/noticiasribeiraopreto.com.br\/index.php\/wp-json\/wp\/v2\/users\/1"}],"replies":[{"embeddable":true,"href":"https:\/\/noticiasribeiraopreto.com.br\/index.php\/wp-json\/wp\/v2\/comments?post=81148"}],"version-history":[{"count":0,"href":"https:\/\/noticiasribeiraopreto.com.br\/index.php\/wp-json\/wp\/v2\/posts\/81148\/revisions"}],"wp:featuredmedia":[{"embeddable":true,"href":"https:\/\/noticiasribeiraopreto.com.br\/index.php\/wp-json\/wp\/v2\/media\/81149"}],"wp:attachment":[{"href":"https:\/\/noticiasribeiraopreto.com.br\/index.php\/wp-json\/wp\/v2\/media?parent=81148"}],"wp:term":[{"taxonomy":"category","embeddable":true,"href":"https:\/\/noticiasribeiraopreto.com.br\/index.php\/wp-json\/wp\/v2\/categories?post=81148"},{"taxonomy":"post_tag","embeddable":true,"href":"https:\/\/noticiasribeiraopreto.com.br\/index.php\/wp-json\/wp\/v2\/tags?post=81148"}],"curies":[{"name":"wp","href":"https:\/\/api.w.org\/{rel}","templated":true}]}}