{"id":81150,"date":"2025-12-25T07:37:31","date_gmt":"2025-12-25T10:37:31","guid":{"rendered":"https:\/\/noticiasribeiraopreto.com.br\/index.php\/2025\/12\/25\/corinthians-ultrapassa-palmeiras-e-sao-paulo-e-assume-2a-lugar-do-ranking-da-cbf\/"},"modified":"2025-12-25T07:37:31","modified_gmt":"2025-12-25T10:37:31","slug":"corinthians-ultrapassa-palmeiras-e-sao-paulo-e-assume-2a-lugar-do-ranking-da-cbf","status":"publish","type":"post","link":"https:\/\/noticiasribeiraopreto.com.br\/index.php\/2025\/12\/25\/corinthians-ultrapassa-palmeiras-e-sao-paulo-e-assume-2a-lugar-do-ranking-da-cbf\/","title":{"rendered":"Corinthians ultrapassa Palmeiras e S\u00e3o Paulo e assume 2\u00aa lugar do ranking da CBF"},"content":{"rendered":"<div class='code-block code-block-1' style='margin: 8px 0 8px auto; text-align: right; display: block; clear: both;'>\n<p><a href=\"https:\/\/wa.link\/vpicfd\"><img data-recalc-dims=\"1\" class=\"wp-image-4922\" style=\"aspect-ratio: 2.0253164556962027; width: 561px; height: auto;\" src=\"https:\/\/i0.wp.com\/ismaelcolosi.com.br\/wp-content\/uploads\/2023\/11\/grupo-de-empregos-whatsapp-e-facebook-ismael-colosi-vagas.jpg?ssl=1\" alt=\"\" \/><\/a><\/p>\n<!-- \/wp:image -->\n<\/div>\n<p> <br \/>\n<\/p>\n<div id=\"\">&#13;<br \/>\n\t\t\t\t\t\t\t\t&#13;<\/p>\n<p>&#13;<br \/>\n\t\t\t\t\t\t\t\t\t<span class=\"entry-meta-item penci-posted-on\"><i class=\"fa fa-clock-o\"\/><time class=\"entry-date published\" datetime=\"2025-12-25T07:30:05-03:00\">25 de dezembro de 2025 07:30<\/time><time class=\"updated\" datetime=\"2025-12-24T11:02:48-03:00\">24 de dezembro de 2025 11:02<\/time><\/span><span class=\"entry-meta-item penci-post-countview\"\/>\t\t\t\t\t\t\t\t<\/p>\n<p><!-- .entry-meta -->&#13;<br \/>\n\t\t\t\t\t\t\t\t<span class=\"penci-social-buttons penci-social-share-footer\"><span class=\"penci-social-share-text\">Compartilhar<\/span><a href=\"#\" class=\"penci-post-like penci_post-meta_item  single-like-button penci-social-item like\" data-post_id=\"450115\" title=\"Like\" data-like=\"Like\" data-unlike=\"Unlike\"><i class=\"fa fa-thumbs-o-up\"\/><span class=\"penci-share-number\">0<\/span><\/a><i class=\"fa fa-facebook\"\/><a class=\"penci-social-item twitter\" target=\"_blank\" rel=\"noopener\" title=\"\" href=\"https:\/\/twitter.com\/intent\/tweet?text=Corinthians%20ultrapassa%20Palmeiras%20e%20S\u00e3o%20Paulo%20e%20assume%202\u00aa%20lugar%20do%20ranking%20da%20CBF%20-%20https:\/\/www.tribunaribeirao.com.br\/corinthians-ultrapassa-palmeiras-e-sao-paulo-e-assume-2a-lugar-do-ranking-da-cbf-flamengo-e-1o\/\"><i class=\"fa fa-twitter\"\/><\/a><i class=\"fa fa-linkedin\"\/><i class=\"fa fa-whatsapp\"\/><i class=\"fa fa-telegram\"\/><i class=\"fa fa-envelope\"\/><\/span>\t\t\t\t\t\t\t<\/div>\n<div>\n<p>A Confedera\u00e7\u00e3o Brasileira de Futebol (CBF) divulgou nesta quarta-feira a atualiza\u00e7\u00e3o do seu ranking nacional de clubes, que \u00e9 utilizado para defini\u00e7\u00e3o de potes nos sorteios referentes \u00e0 Copa do Brasil.<\/p>\n<p>O Flamengo sustentou a primeira coloca\u00e7\u00e3o ap\u00f3s o t\u00edtulo do Brasileir\u00e3o de 2025. O Corinthians, vencedor da Copa do Brasil, deixou os rivais Palmeiras e S\u00e3o Paulo para tr\u00e1s e saltou para a vice-lideran\u00e7a. Os clubes alviverde e tricolor aparecem em terceiro e quinto lugar, respectivamente. O Santos, por sua vez, \u00e9 apenas o 16\u00ba colocado.<\/p>\n<p>O ranking de clubes da CBF leva em considera\u00e7\u00e3o o desempenho dos \u00faltimos cinco anos dos times das quatro divis\u00f5es nacionais e da Copa do Brasil, atribuindo pontos a cada posi\u00e7\u00e3o ou fase alcan\u00e7ada, em um sistema de pesos, em que os resultados mais recentes valem mais.<\/p>\n<p>Entre os primeiros colocados, quem teve o maior salto foi o Cruzeiro, terceiro colocado no Brasileir\u00e3o e semifinalista da Copa do Brasil. O time celeste saiu da 19\u00aa posi\u00e7\u00e3o e agora \u00e9 o 11\u00ba colocado. O Mirassol, ap\u00f3s sua estreia na S\u00e9rie A, conquistou nove posi\u00e7\u00f5es e assumiu o 28\u00ba lugar.<\/p>\n<p><strong>VEJA O TOP-30 DO RANKING NACIONAL DE CLUBES DA CBF ATUALIZADO<\/strong><\/p>\n<p>1)Flamengo \u2013 16.314 pontos<\/p>\n<p>2)Corinthians \u2013 14.930<\/p>\n<p>3)Palmeiras \u2013 13.860<\/p>\n<p>4)Atl\u00e9tico-MG \u2013 13.696<\/p>\n<p>5)S\u00e3o Paulo \u2013 13.556<\/p>\n<p>6)Fluminense \u2013 13.006<\/p>\n<p>7)Botafogo \u2013 12.834<\/p>\n<p>8)Athletico-PR \u2013 12.656<\/p>\n<p>9)Bahia \u2013 12.632<\/p>\n<p>10)Vasco \u2013 11.330<\/p>\n<p>11)Cruzeiro \u2013 11.010<\/p>\n<p>12)Gr\u00eamio \u2013 10.636<\/p>\n<p>13)Fortaleza \u2013 10.382<\/p>\n<p>14)Internacional \u2013 10.014<\/p>\n<p>15)Red Bull Bragantino \u2013 9.802<\/p>\n<p>16)Santos \u2013 8.852<\/p>\n<p>17)Juventude \u2013 8.426<\/p>\n<p>18)Atl\u00e9tico Goianiense \u2013 7.476<\/p>\n<p>19)Am\u00e9rica-MG \u2013 7.429<\/p>\n<p>20)Vit\u00f3ria \u2013 7.205<\/p>\n<p>21)Cear\u00e1 \u2013 7.122<\/p>\n<p>22)Cuiab\u00e1 \u2013 6.746<\/p>\n<p>23)Goi\u00e1s \u2013 6.463<\/p>\n<p>24_Coritiba \u2013 6.381<\/p>\n<p>25)Sport \u2013 6.340<\/p>\n<p>26)CRB \u2013 6.150<\/p>\n<p>27)Crici\u00fama \u2013 6.090<\/p>\n<p>28)Mirassol \u2013 5.537<\/p>\n<p>29)Vila Nova \u2013 4.750<\/p>\n<p>30)Oper\u00e1rio de Ponta Grossa \u2013 4.525<\/p>\n<\/div>\n<p><script async src=\"\/\/platform.twitter.com\/widgets.js\" charset=\"utf-8\"><\/script><br \/>\n<br \/><br \/>\n<br \/><a href=\"https:\/\/www.tribunaribeirao.com.br\/corinthians-ultrapassa-palmeiras-e-sao-paulo-e-assume-2a-lugar-do-ranking-da-cbf-flamengo-e-1o\/\">Source link <\/a><\/p>\n<!-- CONTENT END 1 -->\n","protected":false},"excerpt":{"rendered":"<p>&#13; &#13; &#13; 25 de dezembro de 2025 07:3024 de dezembro de 2025 11:02 &#13; Compartilhar0 A Confedera\u00e7\u00e3o Brasileira de Futebol (CBF) divulgou nesta quarta-feira&#8230;<\/p>\n","protected":false},"author":1,"featured_media":81151,"comment_status":"open","ping_status":"open","sticky":false,"template":"","format":"standard","meta":{"advanced_seo_description":"","jetpack_seo_html_title":"","jetpack_seo_noindex":false,"jetpack_post_was_ever_published":false,"_jetpack_newsletter_access":"","_jetpack_dont_email_post_to_subs":false,"_jetpack_newsletter_tier_id":0,"_jetpack_memberships_contains_paywalled_content":false,"_jetpack_memberships_contains_paid_content":false,"footnotes":"","jetpack_publicize_message":"","jetpack_publicize_feature_enabled":true,"jetpack_social_post_already_shared":true,"jetpack_social_options":{"image_generator_settings":{"template":"highway","default_image_id":0,"font":"","enabled":false},"version":2}},"categories":[11],"tags":[],"class_list":["post-81150","post","type-post","status-publish","format-standard","has-post-thumbnail","hentry","category-noticias-de-ribeirao-preto-sp-e-regiao-ismael-colosi"],"jetpack_publicize_connections":[],"jetpack_featured_media_url":"https:\/\/i0.wp.com\/noticiasribeiraopreto.com.br\/wp-content\/uploads\/2025\/12\/jogadores_do_corinthians_celebram_a_conquista_da_koec.jpg?fit=941%2C748&ssl=1","jetpack-related-posts":[{"id":44496,"url":"https:\/\/noticiasribeiraopreto.com.br\/index.php\/2024\/03\/28\/basequimica-s-a-balancos-patrimoniais-em-31-de-dezembro-de-2023-e-de-2022\/","url_meta":{"origin":81150,"position":0},"title":"BASEQU\u00cdMICA S.A \u2013 Balan\u00e7os Patrimoniais em 31 de dezembro de 2023 e de 2022","author":"noticiasribeiraopreto.com.br","date":"28 de March de 2024","format":false,"excerpt":"O post BASEQU\u00cdMICA S.A \u2013 Balan\u00e7os Patrimoniais em 31 de dezembro de 2023 e de 2022 apareceu primeiro em Jornal Tribuna Ribeir\u00e3o. Source link","rel":"","context":"In &quot;Not\u00edcias de Ribeir\u00e3o Preto-SP e Regi\u00e3o&quot;","block_context":{"text":"Not\u00edcias de Ribeir\u00e3o Preto-SP e Regi\u00e3o","link":"https:\/\/noticiasribeiraopreto.com.br\/index.php\/category\/noticias-de-ribeirao-preto-sp-e-regiao-ismael-colosi\/"},"img":{"alt_text":"","src":"https:\/\/i0.wp.com\/noticiasribeiraopreto.com.br\/wp-content\/uploads\/2024\/03\/1711618345_publicidade-legal.png?fit=700%2C450&ssl=1&resize=350%2C200","width":350,"height":200,"srcset":"https:\/\/i0.wp.com\/noticiasribeiraopreto.com.br\/wp-content\/uploads\/2024\/03\/1711618345_publicidade-legal.png?fit=700%2C450&ssl=1&resize=350%2C200 1x, https:\/\/i0.wp.com\/noticiasribeiraopreto.com.br\/wp-content\/uploads\/2024\/03\/1711618345_publicidade-legal.png?fit=700%2C450&ssl=1&resize=525%2C300 1.5x, https:\/\/i0.wp.com\/noticiasribeiraopreto.com.br\/wp-content\/uploads\/2024\/03\/1711618345_publicidade-legal.png?fit=700%2C450&ssl=1&resize=700%2C400 2x"},"classes":[]},{"id":81114,"url":"https:\/\/noticiasribeiraopreto.com.br\/index.php\/2025\/12\/24\/saiba-os-horarios-de-funcionamento-do-comercio-e-dos-shoppings-de-ribeirao-na-vespera-e-no-natal\/","url_meta":{"origin":81150,"position":1},"title":"Saiba os hor\u00e1rios de funcionamento do com\u00e9rcio e dos shoppings de Ribeir\u00e3o na v\u00e9spera e no Natal","author":"noticiasribeiraopreto.com.br","date":"24 de December de 2025","format":false,"excerpt":"O com\u00e9rcio de Ribeir\u00e3o Preto e os shoppings contam com hor\u00e1rios diferenciados para a v\u00e9spera de Natal, comemorada nesta quarta-feira (24). J\u00e1 no Natal, comemorado na quinta-feira (25), as lojas e empreendimentos ficar\u00e3o fechadas (pra\u00e7as de alimenta\u00e7\u00e3o t\u00eam abertura facultativa). Confira: Hor\u00e1rio de funcionamento Com\u00e9rcio tradicional V\u00e9spera de Natal (24\u2026","rel":"","context":"In &quot;Not\u00edcias de Ribeir\u00e3o Preto-SP e Regi\u00e3o&quot;","block_context":{"text":"Not\u00edcias de Ribeir\u00e3o Preto-SP e Regi\u00e3o","link":"https:\/\/noticiasribeiraopreto.com.br\/index.php\/category\/noticias-de-ribeirao-preto-sp-e-regiao-ismael-colosi\/"},"img":{"alt_text":"","src":"https:\/\/i0.wp.com\/noticiasribeiraopreto.com.br\/wp-content\/uploads\/2025\/12\/shopping-ribeirao-preto_2025-12-23_17-05-19.webp.webp?fit=1200%2C800&ssl=1&resize=350%2C200","width":350,"height":200,"srcset":"https:\/\/i0.wp.com\/noticiasribeiraopreto.com.br\/wp-content\/uploads\/2025\/12\/shopping-ribeirao-preto_2025-12-23_17-05-19.webp.webp?fit=1200%2C800&ssl=1&resize=350%2C200 1x, https:\/\/i0.wp.com\/noticiasribeiraopreto.com.br\/wp-content\/uploads\/2025\/12\/shopping-ribeirao-preto_2025-12-23_17-05-19.webp.webp?fit=1200%2C800&ssl=1&resize=525%2C300 1.5x, https:\/\/i0.wp.com\/noticiasribeiraopreto.com.br\/wp-content\/uploads\/2025\/12\/shopping-ribeirao-preto_2025-12-23_17-05-19.webp.webp?fit=1200%2C800&ssl=1&resize=700%2C400 2x, https:\/\/i0.wp.com\/noticiasribeiraopreto.com.br\/wp-content\/uploads\/2025\/12\/shopping-ribeirao-preto_2025-12-23_17-05-19.webp.webp?fit=1200%2C800&ssl=1&resize=1050%2C600 3x"},"classes":[]},{"id":13473,"url":"https:\/\/noticiasribeiraopreto.com.br\/index.php\/2023\/12\/10\/descubra-o-que-o-caixa-tem-reservou-para-dezembro\/","url_meta":{"origin":81150,"position":2},"title":"Descubra o que o Caixa Tem reservou para dezembro","author":"noticiasribeiraopreto.com.br","date":"10 de December de 2023","format":false,"excerpt":"Cr\u00e9ditos: Marcelo Camargo\/ Ag\u00eancia BrasilCaixa Tem tem novidades para dezembro O m\u00eas de dezembro chegou, e com ele, a expectativa de milh\u00f5es de brasileiros que aguardam ansiosamente pelos pagamentos do Caixa Tem. Recentemente, o aplicativo divulgou o calend\u00e1rio oficial de pagamentos para o m\u00eas, trazendo al\u00edvio financeiro para benefici\u00e1rios do\u2026","rel":"","context":"In &quot;Variedades&quot;","block_context":{"text":"Variedades","link":"https:\/\/noticiasribeiraopreto.com.br\/index.php\/category\/variedades\/"},"img":{"alt_text":"","src":"https:\/\/i0.wp.com\/noticiasribeiraopreto.com.br\/wp-content\/uploads\/2023\/12\/caixa-tem-concurso.jpg?fit=1200%2C638&ssl=1&resize=350%2C200","width":350,"height":200,"srcset":"https:\/\/i0.wp.com\/noticiasribeiraopreto.com.br\/wp-content\/uploads\/2023\/12\/caixa-tem-concurso.jpg?fit=1200%2C638&ssl=1&resize=350%2C200 1x, https:\/\/i0.wp.com\/noticiasribeiraopreto.com.br\/wp-content\/uploads\/2023\/12\/caixa-tem-concurso.jpg?fit=1200%2C638&ssl=1&resize=525%2C300 1.5x, https:\/\/i0.wp.com\/noticiasribeiraopreto.com.br\/wp-content\/uploads\/2023\/12\/caixa-tem-concurso.jpg?fit=1200%2C638&ssl=1&resize=700%2C400 2x, https:\/\/i0.wp.com\/noticiasribeiraopreto.com.br\/wp-content\/uploads\/2023\/12\/caixa-tem-concurso.jpg?fit=1200%2C638&ssl=1&resize=1050%2C600 3x"},"classes":[]},{"id":40622,"url":"https:\/\/noticiasribeiraopreto.com.br\/index.php\/2024\/03\/05\/s-a-stefani-comercial-balanco-patrimonial-em-31-de-dezembro-de-2023-e-2022\/","url_meta":{"origin":81150,"position":3},"title":"S\/A ST\u00c9FANI COMERCIAL \u2013 Balan\u00e7o Patrimonial em 31 de Dezembro de 2023 e 2022","author":"noticiasribeiraopreto.com.br","date":"5 de March de 2024","format":false,"excerpt":"O post S\/A ST\u00c9FANI COMERCIAL \u2013 Balan\u00e7o Patrimonial em 31 de Dezembro de 2023 e 2022 apareceu primeiro em Jornal Tribuna Ribeir\u00e3o. Source link","rel":"","context":"In &quot;Not\u00edcias de Ribeir\u00e3o Preto-SP e Regi\u00e3o&quot;","block_context":{"text":"Not\u00edcias de Ribeir\u00e3o Preto-SP e Regi\u00e3o","link":"https:\/\/noticiasribeiraopreto.com.br\/index.php\/category\/noticias-de-ribeirao-preto-sp-e-regiao-ismael-colosi\/"},"img":{"alt_text":"","src":"https:\/\/i0.wp.com\/noticiasribeiraopreto.com.br\/wp-content\/uploads\/2024\/03\/1709629967_publicidade-legal.png?fit=700%2C450&ssl=1&resize=350%2C200","width":350,"height":200,"srcset":"https:\/\/i0.wp.com\/noticiasribeiraopreto.com.br\/wp-content\/uploads\/2024\/03\/1709629967_publicidade-legal.png?fit=700%2C450&ssl=1&resize=350%2C200 1x, https:\/\/i0.wp.com\/noticiasribeiraopreto.com.br\/wp-content\/uploads\/2024\/03\/1709629967_publicidade-legal.png?fit=700%2C450&ssl=1&resize=525%2C300 1.5x, https:\/\/i0.wp.com\/noticiasribeiraopreto.com.br\/wp-content\/uploads\/2024\/03\/1709629967_publicidade-legal.png?fit=700%2C450&ssl=1&resize=700%2C400 2x"},"classes":[]},{"id":41226,"url":"https:\/\/noticiasribeiraopreto.com.br\/index.php\/2024\/03\/07\/ceramica-stefani-s-a-balanco-patrimonial-em-31-de-dezembro-de-2023-e-2022\/","url_meta":{"origin":81150,"position":4},"title":"Cer\u00e2mica St\u00e9fani S\/A \u2013 Balan\u00e7o Patrimonial em 31 de Dezembro de 2023 e 2022","author":"noticiasribeiraopreto.com.br","date":"7 de March de 2024","format":false,"excerpt":"O post Cer\u00e2mica St\u00e9fani S\/A \u2013 Balan\u00e7o Patrimonial em 31 de Dezembro de 2023 e 2022 apareceu primeiro em Jornal Tribuna Ribeir\u00e3o. Source link","rel":"","context":"In &quot;Not\u00edcias de Ribeir\u00e3o Preto-SP e Regi\u00e3o&quot;","block_context":{"text":"Not\u00edcias de Ribeir\u00e3o Preto-SP e Regi\u00e3o","link":"https:\/\/noticiasribeiraopreto.com.br\/index.php\/category\/noticias-de-ribeirao-preto-sp-e-regiao-ismael-colosi\/"},"img":{"alt_text":"","src":"https:\/\/i0.wp.com\/noticiasribeiraopreto.com.br\/wp-content\/uploads\/2024\/03\/1709805996_publicidade-legal.png?fit=700%2C450&ssl=1&resize=350%2C200","width":350,"height":200,"srcset":"https:\/\/i0.wp.com\/noticiasribeiraopreto.com.br\/wp-content\/uploads\/2024\/03\/1709805996_publicidade-legal.png?fit=700%2C450&ssl=1&resize=350%2C200 1x, https:\/\/i0.wp.com\/noticiasribeiraopreto.com.br\/wp-content\/uploads\/2024\/03\/1709805996_publicidade-legal.png?fit=700%2C450&ssl=1&resize=525%2C300 1.5x, https:\/\/i0.wp.com\/noticiasribeiraopreto.com.br\/wp-content\/uploads\/2024\/03\/1709805996_publicidade-legal.png?fit=700%2C450&ssl=1&resize=700%2C400 2x"},"classes":[]},{"id":60676,"url":"https:\/\/noticiasribeiraopreto.com.br\/index.php\/2024\/11\/21\/confira-os-bairros-que-o-papai-noel-vai-visitar-em-ribeirao-preto\/","url_meta":{"origin":81150,"position":5},"title":"Confira os bairros que o Papai Noel vai visitar em Ribeir\u00e3o Preto","author":"noticiasribeiraopreto.com.br","date":"21 de November de 2024","format":false,"excerpt":"O final de novembro marca o in\u00edcio do Natal em Ribeir\u00e3o Preto, com a chegada do Papai Noel ao Centro do munic\u00edpio e inaugura\u00e7\u00e3o da ilumina\u00e7\u00e3o especial de final de ano. Al\u00e9m de fazer a alegria dos pequenos e no Centro Cultural Palace, localizado no cruzamento das ruas \u00c1lvares de\u2026","rel":"","context":"In &quot;Not\u00edcias de Ribeir\u00e3o Preto-SP e Regi\u00e3o&quot;","block_context":{"text":"Not\u00edcias de Ribeir\u00e3o Preto-SP e Regi\u00e3o","link":"https:\/\/noticiasribeiraopreto.com.br\/index.php\/category\/noticias-de-ribeirao-preto-sp-e-regiao-ismael-colosi\/"},"img":{"alt_text":"","src":"https:\/\/i0.wp.com\/noticiasribeiraopreto.com.br\/wp-content\/uploads\/2024\/11\/5I6A6795-scaled-1.jpg?fit=1200%2C800&ssl=1&resize=350%2C200","width":350,"height":200,"srcset":"https:\/\/i0.wp.com\/noticiasribeiraopreto.com.br\/wp-content\/uploads\/2024\/11\/5I6A6795-scaled-1.jpg?fit=1200%2C800&ssl=1&resize=350%2C200 1x, https:\/\/i0.wp.com\/noticiasribeiraopreto.com.br\/wp-content\/uploads\/2024\/11\/5I6A6795-scaled-1.jpg?fit=1200%2C800&ssl=1&resize=525%2C300 1.5x, https:\/\/i0.wp.com\/noticiasribeiraopreto.com.br\/wp-content\/uploads\/2024\/11\/5I6A6795-scaled-1.jpg?fit=1200%2C800&ssl=1&resize=700%2C400 2x, https:\/\/i0.wp.com\/noticiasribeiraopreto.com.br\/wp-content\/uploads\/2024\/11\/5I6A6795-scaled-1.jpg?fit=1200%2C800&ssl=1&resize=1050%2C600 3x"},"classes":[]}],"jetpack_sharing_enabled":true,"jetpack_shortlink":"https:\/\/wp.me\/peQAOb-l6S","_links":{"self":[{"href":"https:\/\/noticiasribeiraopreto.com.br\/index.php\/wp-json\/wp\/v2\/posts\/81150","targetHints":{"allow":["GET"]}}],"collection":[{"href":"https:\/\/noticiasribeiraopreto.com.br\/index.php\/wp-json\/wp\/v2\/posts"}],"about":[{"href":"https:\/\/noticiasribeiraopreto.com.br\/index.php\/wp-json\/wp\/v2\/types\/post"}],"author":[{"embeddable":true,"href":"https:\/\/noticiasribeiraopreto.com.br\/index.php\/wp-json\/wp\/v2\/users\/1"}],"replies":[{"embeddable":true,"href":"https:\/\/noticiasribeiraopreto.com.br\/index.php\/wp-json\/wp\/v2\/comments?post=81150"}],"version-history":[{"count":0,"href":"https:\/\/noticiasribeiraopreto.com.br\/index.php\/wp-json\/wp\/v2\/posts\/81150\/revisions"}],"wp:featuredmedia":[{"embeddable":true,"href":"https:\/\/noticiasribeiraopreto.com.br\/index.php\/wp-json\/wp\/v2\/media\/81151"}],"wp:attachment":[{"href":"https:\/\/noticiasribeiraopreto.com.br\/index.php\/wp-json\/wp\/v2\/media?parent=81150"}],"wp:term":[{"taxonomy":"category","embeddable":true,"href":"https:\/\/noticiasribeiraopreto.com.br\/index.php\/wp-json\/wp\/v2\/categories?post=81150"},{"taxonomy":"post_tag","embeddable":true,"href":"https:\/\/noticiasribeiraopreto.com.br\/index.php\/wp-json\/wp\/v2\/tags?post=81150"}],"curies":[{"name":"wp","href":"https:\/\/api.w.org\/{rel}","templated":true}]}}