{"id":81152,"date":"2025-12-25T09:58:32","date_gmt":"2025-12-25T12:58:32","guid":{"rendered":"https:\/\/noticiasribeiraopreto.com.br\/index.php\/2025\/12\/25\/apos-grave-acidente-pedro-severino-vive-natal-de-fe-e-superacao\/"},"modified":"2025-12-25T09:58:32","modified_gmt":"2025-12-25T12:58:32","slug":"apos-grave-acidente-pedro-severino-vive-natal-de-fe-e-superacao","status":"publish","type":"post","link":"https:\/\/noticiasribeiraopreto.com.br\/index.php\/2025\/12\/25\/apos-grave-acidente-pedro-severino-vive-natal-de-fe-e-superacao\/","title":{"rendered":"Ap\u00f3s grave acidente, Pedro Severino vive Natal de f\u00e9 e supera\u00e7\u00e3o"},"content":{"rendered":"<div class='code-block code-block-1' style='margin: 8px 0 8px auto; text-align: right; display: block; clear: both;'>\n<p><a href=\"https:\/\/wa.link\/vpicfd\"><img data-recalc-dims=\"1\" class=\"wp-image-4922\" style=\"aspect-ratio: 2.0253164556962027; width: 561px; height: auto;\" src=\"https:\/\/i0.wp.com\/ismaelcolosi.com.br\/wp-content\/uploads\/2023\/11\/grupo-de-empregos-whatsapp-e-facebook-ismael-colosi-vagas.jpg?ssl=1\" alt=\"\" \/><\/a><\/p>\n<!-- \/wp:image -->\n<\/div>\n<p> <br \/>\n<\/p>\n<div>\n<p><em>O atleta de 20 anos venceu um quadro grav\u00edssimo de traumatismo craniano e interrompeu protocolos de morte cerebral ap\u00f3s um acidente de carro na Rodovia Anhanguera, em mar\u00e7o deste ano.<\/em><\/p>\n<p>Apontado como uma promessa do futebol, o atacante Pedro Severino, de 20 anos, comemora o primeiro Natal ao lado da fam\u00edlia ap\u00f3s o grave acidente de carro sofrido na madrugada do dia 4 de mar\u00e7o, na Rodovia Anhanguera, pr\u00f3ximo \u00e0 cidade de Americana (SP). Ele estava acompanhado do meio-campista Pedro Castro quando ocorreu a colis\u00e3o.<\/p>\n<p>Pedro Severino passou quase cem dias internado com um quadro de traumatismo craniano severo e chegou a ter protocolos de morte cerebral iniciados. O procedimento foi interrompido ap\u00f3s o atleta apresentar um gesto involunt\u00e1rio de tosse, o que indicou atividade neurol\u00f3gica.<\/p>\n<figure id=\"attachment_450239\" aria-describedby=\"caption-attachment-450239\" style=\"width: 259px\" class=\"wp-caption alignright\"><img data-recalc-dims=\"1\" loading=\"lazy\" decoding=\"async\" class=\"size-medium wp-image-450239 lazyload\" src=\"https:\/\/i0.wp.com\/www.tribunaribeirao.com.br\/wp-content\/uploads\/2025\/12\/foto-2-pedro-severino-10-259x300.jpeg?resize=259%2C300&#038;ssl=1\" alt=\"\" width=\"259\" height=\"300\" srcset=\"https:\/\/www.tribunaribeirao.com.br\/wp-content\/uploads\/2025\/12\/foto-2-pedro-severino-10-259x300.jpeg 259w, https:\/\/www.tribunaribeirao.com.br\/wp-content\/uploads\/2025\/12\/foto-2-pedro-severino-10-345x400.jpeg 345w, https:\/\/www.tribunaribeirao.com.br\/wp-content\/uploads\/2025\/12\/foto-2-pedro-severino-10.jpeg 469w\" data-sizes=\"(max-width: 259px) 100vw, 259px\" style=\"--smush-placeholder-width: 259px; --smush-placeholder-aspect-ratio: 259\/300;\"\/><figcaption id=\"caption-attachment-450239\" class=\"wp-caption-text\">Jogador Pedro Severino olhando pela janelo do quarto onde ficou internado em um hospital participar de Ribeir\u00e3o Preto (SP)<br \/>Cr\u00e9dito: Foto: Reprodu\u00e7\u00e3o\/ Instagram.<\/figcaption><\/figure>\n<p>O coordenador da Unidade de Terapia Intensiva (UTI) do Hospital Unimed de Ribeir\u00e3o Preto, que acompanhou o caso, afirma que a situa\u00e7\u00e3o de Pedro era considerada cr\u00edtica. \u201cEle se encontrava com quadro neurol\u00f3gico grave com necessidade de assist\u00eancia altamente especializada, com utiliza\u00e7\u00e3o de diversos recursos complexos para tentativa de estabiliza\u00e7\u00e3o do quadro.<\/p>\n<p>A evolu\u00e7\u00e3o favor\u00e1vel se deve a diversos aspectos dentre eles a idade e o status f\u00edsico do paciente, participa\u00e7\u00e3o integral da equipe multiprofissional, suporte familiar e as ora\u00e7\u00f5es\u201d, explica o M\u00e9dico Intensivista, Dr. Gil Cezar Alkmim Teixeira.<\/p>\n<p>O Natal chegou e, com ele, o momento de agradecer. Considerado um milagre por familiares, amigos e pessoas que acompanharam o caso, Pedro Severino tornou-se s\u00edmbolo de f\u00e9 e esperan\u00e7a. A hist\u00f3ria, que ganhou repercuss\u00e3o nacional, agora \u00e9 celebrada com alegria. Ap\u00f3s nove meses, o atacante comemora o Natal em viagem com a fam\u00edlia.<\/p>\n<p>\u201cO Pedro est\u00e1 muito bem, evoluindo a cada dia! Enfim, ser\u00e1 o melhor Natal de todos os tempos para n\u00f3s! Ele ainda n\u00e3o conseguir\u00e1 se expressar em palavras, mas est\u00e1 super bem\u201d, afirmou a fam\u00edlia do atleta.<br \/>Nas redes sociais, os pais compartilham v\u00eddeos e fotos da recupera\u00e7\u00e3o do jovem. Entre idas \u00e0 igreja, shows e a comemora\u00e7\u00e3o de seus 20 anos, Pedro segue impressionando aqueles que acompanham sua trajet\u00f3ria.<\/p>\n<p>\u201cNa nossa \u00e1rea, compartilhamos diariamente com casos desafiadores, e cada caso \u00e9 \u00fanico e deve ser conduzido de forma individual. O caso do Pedro em si, se destaca, al\u00e9m de sua sobreviv\u00eancia, pela rapidez de sua reabilita\u00e7\u00e3o e da resili\u00eancia de uma fam\u00edlia que se entrega 24h para sua recupera\u00e7\u00e3o plena! Resumindo, f\u00e9, medicina de alta excel\u00eancia e uma sociedade toda com pensamentos positivos. Muito orgulho do Pedro e de seus familiares\u201d, acrescenta o m\u00e9dico.<\/p>\n<figure id=\"attachment_450240\" aria-describedby=\"caption-attachment-450240\" style=\"width: 287px\" class=\"wp-caption alignright\"><img data-recalc-dims=\"1\" loading=\"lazy\" decoding=\"async\" class=\"wp-image-450240 lazyload\" src=\"https:\/\/i0.wp.com\/www.tribunaribeirao.com.br\/wp-content\/uploads\/2025\/12\/foto-3-pedro-severino-13-225x300.jpeg?resize=287%2C383&#038;ssl=1\" alt=\"\" width=\"287\" height=\"383\" srcset=\"https:\/\/www.tribunaribeirao.com.br\/wp-content\/uploads\/2025\/12\/foto-3-pedro-severino-13-225x300.jpeg 225w, https:\/\/www.tribunaribeirao.com.br\/wp-content\/uploads\/2025\/12\/foto-3-pedro-severino-13-768x1024.jpeg 768w, https:\/\/www.tribunaribeirao.com.br\/wp-content\/uploads\/2025\/12\/foto-3-pedro-severino-13-300x400.jpeg 300w, https:\/\/www.tribunaribeirao.com.br\/wp-content\/uploads\/2025\/12\/foto-3-pedro-severino-13-scaled.jpeg 585w\" data-sizes=\"(max-width: 287px) 100vw, 287px\" style=\"--smush-placeholder-width: 287px; --smush-placeholder-aspect-ratio: 287\/383;\"\/><figcaption id=\"caption-attachment-450240\" class=\"wp-caption-text\">Jogador Pedro Severino, com o pai Lucas Severino e o coordenado na UTI do Hospital Unimed de RP, Dr. Gil Cezar Alkmim Teixeira.<br \/>Arquivo pessoal<\/figcaption><\/figure>\n<p>O retorno emocionante ao Est\u00e1dio Santa Cruz marcou mais um cap\u00edtulo dessa hist\u00f3ria de supera\u00e7\u00e3o. Pedro Severino foi respons\u00e1vel por dar o pontap\u00e9 inicial da partida entre Botafogo-SP e Athletico Paranaense, pela S\u00e9rie B do Campeonato Brasileiro, no dia 6 de setembro, celebrando a paix\u00e3o viva pelo futebol.<br \/>Atualmente, o atleta segue em recupera\u00e7\u00e3o em casa, realizando exerc\u00edcios e acompanhamento com profissionais, al\u00e9m de receber o apoio e o amor da fam\u00edlia.<\/p>\n<p><strong>Pedro Castro<\/strong><\/p>\n<p>O meio-campista Pedro Castro, de 19 anos, integra a equipe sub-20 do Red Bull Bragantino e tamb\u00e9m estava no ve\u00edculo no dia do acidente. Ele precisou de atendimento m\u00e9dico e passou por sess\u00f5es de fisioterapia, al\u00e9m de acompanhamento psicol\u00f3gico, para se recuperar dos traumas causados pela batida.<\/p>\n<p>O atleta apresentou ainda uma les\u00e3o na v\u00e9rtebra e, por isso, retornou ao clube 123 dias ap\u00f3s o acidente.<br \/>Conhecido como Pedrinho, ele tamb\u00e9m celebra o Natal ao lado da fam\u00edlia e refor\u00e7a que as datas se tornaram ainda mais especiais. \u201cO Natal tem um significado importante, mas todas as datas agora t\u00eam um sabor diferente.<\/p>\n<p>Depois do acidente, aprendemos a valorizar ainda mais a vida e o tempo juntos no dia a dia. Com certeza \u00e9 um Natal de gratid\u00e3o e de f\u00e9, porque estar aqui hoje, juntos, j\u00e1 \u00e9 um presente enorme\u201d, afirma o jogador.<br \/>S\u00edmbolo de uni\u00e3o e recome\u00e7o, a data ser\u00e1 celebrada em fam\u00edlia, em um momento que, segundo Mirian Severino, m\u00e3e de Pedrinho, refor\u00e7a a import\u00e2ncia de estar junto de quem se ama.<\/p>\n<figure id=\"attachment_450243\" aria-describedby=\"caption-attachment-450243\" style=\"width: 300px\" class=\"wp-caption alignleft\"><img data-recalc-dims=\"1\" loading=\"lazy\" decoding=\"async\" class=\"size-medium wp-image-450243 lazyload\" src=\"https:\/\/i0.wp.com\/www.tribunaribeirao.com.br\/wp-content\/uploads\/2025\/12\/foto-6-300x300.jpg?resize=300%2C300&#038;ssl=1\" alt=\"\" width=\"300\" height=\"300\" srcset=\"https:\/\/www.tribunaribeirao.com.br\/wp-content\/uploads\/2025\/12\/foto-6-300x300.jpg 300w, https:\/\/www.tribunaribeirao.com.br\/wp-content\/uploads\/2025\/12\/foto-6-150x150.jpg 150w, https:\/\/www.tribunaribeirao.com.br\/wp-content\/uploads\/2025\/12\/foto-6-280x280.jpg 280w, https:\/\/www.tribunaribeirao.com.br\/wp-content\/uploads\/2025\/12\/foto-6.jpg 458w\" data-sizes=\"(max-width: 300px) 100vw, 300px\" style=\"--smush-placeholder-width: 300px; --smush-placeholder-aspect-ratio: 300\/300;\"\/><figcaption id=\"caption-attachment-450243\" class=\"wp-caption-text\">O jogador Pedro Castro com a m\u00e3e Mirian Severiano e o irm\u00e3o mais novo.<br \/>Cr\u00e9dito: Foto: Arquivo pessoal<\/figcaption><\/figure>\n<p>\u201cComo m\u00e3e, \u00e9 uma mistura de al\u00edvio e gratid\u00e3o. Depois de um susto t\u00e3o grande, poder abra\u00e7ar meu filho, sentar-se \u00e0 mesa com ele e, principalmente, poder ver a fam\u00edlia do Pedro Severino tamb\u00e9m vivendo esse momento de celebrar o Natal juntos \u00e9 algo que n\u00e3o tem pre\u00e7o. \u00c9 um sentimento que refor\u00e7a ainda mais a f\u00e9 e a certeza de que a vida \u00e9 fr\u00e1gil, mas preciosa\u201d, explica.<\/p>\n<p>Al\u00e9m de parceiros de bola, os la\u00e7os entre os atletas sempre estiveram vivos fora de campo. Para o novo ano que se inicia, Pedrinho deseja muito futebol, mas, acima de tudo, a realiza\u00e7\u00e3o de sonhos que v\u00e3o al\u00e9m do esporte. \u201cEspero, acima de tudo, sa\u00fade para continuarmos seguindo em frente na realiza\u00e7\u00e3o de sonhos, porque o futebol sempre foi um grande sonho para n\u00f3s dois, e j\u00e1 est\u00e1vamos trilhando esse caminho antes do acidente\u201d, disse.<\/p>\n<p>Ao falar sobre a trajet\u00f3ria de Pedro Severino, o jogador destaca a supera\u00e7\u00e3o do amigo. \u201cEle \u00e9 um exemplo de supera\u00e7\u00e3o. Que a gente possa voltar a sonhar sem medo, retomar projetos, acreditar novamente e seguir com f\u00e9, determina\u00e7\u00e3o e alegria, respeitando cada etapa, mas sem desistir daquilo em que sempre acreditamos\u201d, conclui.<\/p>\n<p><strong>O acidente<\/strong><br \/>Era madrugada do dia 4 de mar\u00e7o quando o carro em que Pedro Severino e Pedro Castro estavam, junto com o motorista, colidiu na traseira de um caminh\u00e3o, na altura da cidade de Americana (SP), na Rodovia Anhanguera.<\/p>\n<p>Eles retornavam de Ribeir\u00e3o Preto (SP), ap\u00f3s dias de folga, e seguiam pela pista no sentido Sul, em dire\u00e7\u00e3o ao munic\u00edpio de Atibaia (SP).<\/p>\n<p>Segundo a Pol\u00edcia Militar Rodovi\u00e1ria, a colis\u00e3o ocorreu por volta das 5h21. Pedro Severino estava no banco do passageiro, ao lado do motorista, enquanto Pedro Castro ocupava o banco traseiro. Os condutores do carro e do caminh\u00e3o realizaram o teste do baf\u00f4metro, e n\u00e3o foi constatada a presen\u00e7a de \u00e1lcool.<\/p>\n<figure id=\"attachment_450241\" aria-describedby=\"caption-attachment-450241\" style=\"width: 415px\" class=\"wp-caption alignright\"><img data-recalc-dims=\"1\" loading=\"lazy\" decoding=\"async\" class=\"wp-image-450241 lazyload\" src=\"https:\/\/i0.wp.com\/www.tribunaribeirao.com.br\/wp-content\/uploads\/2025\/12\/foto-4-acidente-300x131.png?resize=415%2C181&#038;ssl=1\" alt=\"\" width=\"415\" height=\"181\" srcset=\"https:\/\/www.tribunaribeirao.com.br\/wp-content\/uploads\/2025\/12\/foto-4-acidente-300x131.png 300w, https:\/\/www.tribunaribeirao.com.br\/wp-content\/uploads\/2025\/12\/foto-4-acidente-585x256.png 585w, https:\/\/www.tribunaribeirao.com.br\/wp-content\/uploads\/2025\/12\/foto-4-acidente.png 605w\" data-sizes=\"(max-width: 415px) 100vw, 415px\" style=\"--smush-placeholder-width: 415px; --smush-placeholder-aspect-ratio: 415\/181;\"\/><figcaption id=\"caption-attachment-450241\" class=\"wp-caption-text\">Carro em que os jogadores estavam ficou destru\u00eddo. Acidente na Rodovia Anhanguera, em Americana (SP), foi em mar\u00e7o deste ano<br \/>Cr\u00e9dito: Paula Nacasaki\/Liberal<\/figcaption><\/figure>\n<p>Pedro Severino, atacante formado nas categorias de base do Botafogo-SP e emprestado ao Red Bull Bragantino, seguia para o Centro de Treinamento do clube no momento do acidente. Ele foi socorrido e encaminhado ao Hospital Municipal de Americana, onde deu entrada em estado grav\u00edssimo, passou por cirurgia na cabe\u00e7a e permaneceu sob cuidados intensivos, com suporte respirat\u00f3rio.<br \/>Pedro Castro sofreu ferimentos leves e realizou exames de imagem.<\/p>\n<p><strong>Marcas de f\u00e9<\/strong><br \/>A hist\u00f3ria do atleta comoveu o interior paulista. Correntes de ora\u00e7\u00e3o se espalharam por Ribeir\u00e3o Preto (SP), e fi\u00e9is se reuniram em frente ao hospital onde Pedro Severino estava internado. Com ora\u00e7\u00f5es e louvores, os religiosos clamavam pela recupera\u00e7\u00e3o do jogador.<\/p>\n<p>Em maio, uma publica\u00e7\u00e3o da fam\u00edlia nas redes sociais confirmou o que muitos chamaram de milagre. A imagem do atacante olhando pela janela do quarto do hospital reacendeu a esperan\u00e7a de uma nova vida.<\/p>\n<figure id=\"attachment_450242\" aria-describedby=\"caption-attachment-450242\" style=\"width: 257px\" class=\"wp-caption alignright\"><img data-recalc-dims=\"1\" loading=\"lazy\" decoding=\"async\" class=\"wp-image-450242 lazyload\" src=\"https:\/\/i0.wp.com\/www.tribunaribeirao.com.br\/wp-content\/uploads\/2025\/12\/foto-5-pedro-severino-8-207x300.jpeg?resize=257%2C372&#038;ssl=1\" alt=\"\" width=\"257\" height=\"372\" srcset=\"https:\/\/www.tribunaribeirao.com.br\/wp-content\/uploads\/2025\/12\/foto-5-pedro-severino-8-207x300.jpeg 207w, https:\/\/www.tribunaribeirao.com.br\/wp-content\/uploads\/2025\/12\/foto-5-pedro-severino-8-707x1024.jpeg 707w, https:\/\/www.tribunaribeirao.com.br\/wp-content\/uploads\/2025\/12\/foto-5-pedro-severino-8-768x1113.jpeg 768w, https:\/\/www.tribunaribeirao.com.br\/wp-content\/uploads\/2025\/12\/foto-5-pedro-severino-8-1060x1536.jpeg 1060w, https:\/\/www.tribunaribeirao.com.br\/wp-content\/uploads\/2025\/12\/foto-5-pedro-severino-8-960x1391.jpeg 960w, https:\/\/www.tribunaribeirao.com.br\/wp-content\/uploads\/2025\/12\/foto-5-pedro-severino-8-276x400.jpeg 276w, https:\/\/www.tribunaribeirao.com.br\/wp-content\/uploads\/2025\/12\/foto-5-pedro-severino-8-585x848.jpeg 585w, https:\/\/www.tribunaribeirao.com.br\/wp-content\/uploads\/2025\/12\/foto-5-pedro-severino-8-scaled.jpeg 538w\" data-sizes=\"(max-width: 257px) 100vw, 257px\" style=\"--smush-placeholder-width: 257px; --smush-placeholder-aspect-ratio: 257\/372;\"\/><figcaption id=\"caption-attachment-450242\" class=\"wp-caption-text\">Pedro Severino durante preparo f\u00edsico ap\u00f3s acidente<br \/>Cr\u00e9dito: Arquivo Pessoal<\/figcaption><\/figure>\n<p>\u201c\u00c9 com muita alegria que novamente viemos falar! Depois de 80 dias de muita ang\u00fastia, muito choro, por\u00e9m tamb\u00e9m muitas surpresas e alegrias, o Pedro est\u00e1 vivo e viver\u00e1! Repetimos que n\u00e3o sabemos como agradecer tantas correntes de ora\u00e7\u00e3o e positividade, isso fez a diferen\u00e7a para nos encorajar! Obrigado.<\/p>\n<p>O Pedro venceu uma primeira etapa surpreendentemente, numa velocidade incr\u00edvel!\u2026 Ele tem movimentos espont\u00e2neos dos membros, com aux\u00edlio dos fisioterapeutas j\u00e1 faz exerc\u00edcios de locomo\u00e7\u00e3o pelo quarto, respira sozinho, se alimenta normalmente, iniciou a comunica\u00e7\u00e3o verbal, mas falta muito para ele estar totalmente reabilitado! Mas estar\u00e1! Sabemos que Deus fez o milagre\u2026\u201d, escreveu a fam\u00edlia na legenda da publica\u00e7\u00e3o.<\/p>\n<p>\u00a0<\/p>\n<\/div>\n<p><br \/>\n<br \/><a href=\"https:\/\/www.tribunaribeirao.com.br\/apos-grave-acidente-pedro-severino-vive-natal-de-fe-e-superacao\/\">Source link <\/a><\/p>\n<!-- CONTENT END 1 -->\n","protected":false},"excerpt":{"rendered":"<p>O atleta de 20 anos venceu um quadro grav\u00edssimo de traumatismo craniano e interrompeu protocolos de morte cerebral ap\u00f3s um acidente de carro na Rodovia&#8230;<\/p>\n","protected":false},"author":1,"featured_media":81153,"comment_status":"open","ping_status":"open","sticky":false,"template":"","format":"standard","meta":{"advanced_seo_description":"","jetpack_seo_html_title":"","jetpack_seo_noindex":false,"jetpack_post_was_ever_published":false,"_jetpack_newsletter_access":"","_jetpack_dont_email_post_to_subs":false,"_jetpack_newsletter_tier_id":0,"_jetpack_memberships_contains_paywalled_content":false,"_jetpack_memberships_contains_paid_content":false,"footnotes":"","jetpack_publicize_message":"","jetpack_publicize_feature_enabled":true,"jetpack_social_post_already_shared":true,"jetpack_social_options":{"image_generator_settings":{"template":"highway","default_image_id":0,"font":"","enabled":false},"version":2}},"categories":[11],"tags":[],"class_list":["post-81152","post","type-post","status-publish","format-standard","has-post-thumbnail","hentry","category-noticias-de-ribeirao-preto-sp-e-regiao-ismael-colosi"],"jetpack_publicize_connections":[],"jetpack_featured_media_url":"https:\/\/i0.wp.com\/noticiasribeiraopreto.com.br\/wp-content\/uploads\/2025\/12\/foto-1-familia-1-scaled.jpeg?fit=585%2C780&ssl=1","jetpack-related-posts":[{"id":70096,"url":"https:\/\/noticiasribeiraopreto.com.br\/index.php\/2025\/05\/22\/jogador-pedro-severino-acena-da-janela-do-hospital-e-tem-quadro-estavel-diz-familia\/","url_meta":{"origin":81152,"position":0},"title":"Jogador Pedro Severino acena da janela do hospital e tem quadro est\u00e1vel, diz fam\u00edlia","author":"noticiasribeiraopreto.com.br","date":"22 de May de 2025","format":false,"excerpt":"O jogador Pedro Severino, que sofreu um acidente no dia 4 de mar\u00e7o, em Americana, no interior de S\u00e3o Paulo, n\u00e3o corre mais risco de morte e segue com quadro est\u00e1vel, em evolu\u00e7\u00e3o. A informa\u00e7\u00e3o foi dada pelo pai do atleta. Nesta quarta-feira (21), Pedro apareceu na janela do hospital\u2026","rel":"","context":"In &quot;Not\u00edcias de Ribeir\u00e3o Preto-SP e Regi\u00e3o&quot;","block_context":{"text":"Not\u00edcias de Ribeir\u00e3o Preto-SP e Regi\u00e3o","link":"https:\/\/noticiasribeiraopreto.com.br\/index.php\/category\/noticias-de-ribeirao-preto-sp-e-regiao-ismael-colosi\/"},"img":{"alt_text":"","src":"https:\/\/i0.wp.com\/noticiasribeiraopreto.com.br\/wp-content\/uploads\/2025\/03\/IMG-20250305-WA0006_2025-03-05_13-27-33_jpg_2025-03-05_13-27-33.webp.webp?fit=1200%2C799&ssl=1&resize=350%2C200","width":350,"height":200,"srcset":"https:\/\/i0.wp.com\/noticiasribeiraopreto.com.br\/wp-content\/uploads\/2025\/03\/IMG-20250305-WA0006_2025-03-05_13-27-33_jpg_2025-03-05_13-27-33.webp.webp?fit=1200%2C799&ssl=1&resize=350%2C200 1x, https:\/\/i0.wp.com\/noticiasribeiraopreto.com.br\/wp-content\/uploads\/2025\/03\/IMG-20250305-WA0006_2025-03-05_13-27-33_jpg_2025-03-05_13-27-33.webp.webp?fit=1200%2C799&ssl=1&resize=525%2C300 1.5x, https:\/\/i0.wp.com\/noticiasribeiraopreto.com.br\/wp-content\/uploads\/2025\/03\/IMG-20250305-WA0006_2025-03-05_13-27-33_jpg_2025-03-05_13-27-33.webp.webp?fit=1200%2C799&ssl=1&resize=700%2C400 2x, https:\/\/i0.wp.com\/noticiasribeiraopreto.com.br\/wp-content\/uploads\/2025\/03\/IMG-20250305-WA0006_2025-03-05_13-27-33_jpg_2025-03-05_13-27-33.webp.webp?fit=1200%2C799&ssl=1&resize=1050%2C600 3x"},"classes":[]},{"id":64793,"url":"https:\/\/noticiasribeiraopreto.com.br\/index.php\/2025\/03\/12\/pedro-severino-passa-por-traqueostomia-e-segue-sedado-em-hospital-de-ribeirao\/","url_meta":{"origin":81152,"position":1},"title":"Pedro Severino passa por traqueostomia e segue sedado em hospital de Ribeir\u00e3o","author":"noticiasribeiraopreto.com.br","date":"12 de March de 2025","format":false,"excerpt":"O jogador Pedro Severino, de 19 anos, precisou passar por um procedimento de traqueostomia, conforme o novo boletim m\u00e9dico, divulgado na tarde desta quarta-feira (12). O atleta segue internado na UTI (Unidade de Terapia Intensiva) do Hospital Unimed Ribeir\u00e3o Preto, ap\u00f3s sofrer um acidente de carro no dia 4 de\u2026","rel":"","context":"In &quot;Not\u00edcias de Ribeir\u00e3o Preto-SP e Regi\u00e3o&quot;","block_context":{"text":"Not\u00edcias de Ribeir\u00e3o Preto-SP e Regi\u00e3o","link":"https:\/\/noticiasribeiraopreto.com.br\/index.php\/category\/noticias-de-ribeirao-preto-sp-e-regiao-ismael-colosi\/"},"img":{"alt_text":"","src":"https:\/\/i0.wp.com\/noticiasribeiraopreto.com.br\/wp-content\/uploads\/2025\/03\/Molde-Midiass-8_2025-03-04_17-03-50_jpg_2025-03-04_17-03-50.webp.webp?fit=960%2C539&ssl=1&resize=350%2C200","width":350,"height":200,"srcset":"https:\/\/i0.wp.com\/noticiasribeiraopreto.com.br\/wp-content\/uploads\/2025\/03\/Molde-Midiass-8_2025-03-04_17-03-50_jpg_2025-03-04_17-03-50.webp.webp?fit=960%2C539&ssl=1&resize=350%2C200 1x, https:\/\/i0.wp.com\/noticiasribeiraopreto.com.br\/wp-content\/uploads\/2025\/03\/Molde-Midiass-8_2025-03-04_17-03-50_jpg_2025-03-04_17-03-50.webp.webp?fit=960%2C539&ssl=1&resize=525%2C300 1.5x, https:\/\/i0.wp.com\/noticiasribeiraopreto.com.br\/wp-content\/uploads\/2025\/03\/Molde-Midiass-8_2025-03-04_17-03-50_jpg_2025-03-04_17-03-50.webp.webp?fit=960%2C539&ssl=1&resize=700%2C400 2x"},"classes":[]},{"id":70106,"url":"https:\/\/noticiasribeiraopreto.com.br\/index.php\/2025\/05\/22\/video-jogador-pedro-severino-aparece-na-janela-do-hospital\/","url_meta":{"origin":81152,"position":2},"title":"V\u00cdDEO: Jogador Pedro Severino aparece na janela do hospital","author":"noticiasribeiraopreto.com.br","date":"22 de May de 2025","format":false,"excerpt":"22 de maio de 2025 18:3822 de maio de 2025 18:469 Compartilhar0 O jogador Pedro Severino, de 19 anos, segue internado em um hospital de Ribeir\u00e3o Preto, com quadro de sa\u00fade est\u00e1vel e evolu\u00e7\u00e3o positiva. O atleta foi um dos envolvidos em um grave acidente de tr\u00e2nsito na madrugada de\u2026","rel":"","context":"In &quot;Not\u00edcias de Ribeir\u00e3o Preto-SP e Regi\u00e3o&quot;","block_context":{"text":"Not\u00edcias de Ribeir\u00e3o Preto-SP e Regi\u00e3o","link":"https:\/\/noticiasribeiraopreto.com.br\/index.php\/category\/noticias-de-ribeirao-preto-sp-e-regiao-ismael-colosi\/"},"img":{"alt_text":"","src":"https:\/\/i0.wp.com\/noticiasribeiraopreto.com.br\/wp-content\/uploads\/2025\/05\/1747951067_pedro_severino.jpg?fit=750%2C500&ssl=1&resize=350%2C200","width":350,"height":200,"srcset":"https:\/\/i0.wp.com\/noticiasribeiraopreto.com.br\/wp-content\/uploads\/2025\/05\/1747951067_pedro_severino.jpg?fit=750%2C500&ssl=1&resize=350%2C200 1x, https:\/\/i0.wp.com\/noticiasribeiraopreto.com.br\/wp-content\/uploads\/2025\/05\/1747951067_pedro_severino.jpg?fit=750%2C500&ssl=1&resize=525%2C300 1.5x, https:\/\/i0.wp.com\/noticiasribeiraopreto.com.br\/wp-content\/uploads\/2025\/05\/1747951067_pedro_severino.jpg?fit=750%2C500&ssl=1&resize=700%2C400 2x"},"classes":[]},{"id":70101,"url":"https:\/\/noticiasribeiraopreto.com.br\/index.php\/2025\/05\/22\/video-jogador-pedro-severino-deixa-uti\/","url_meta":{"origin":81152,"position":3},"title":"V\u00cdDEO: Jogador Pedro Severino deixa UTI","author":"noticiasribeiraopreto.com.br","date":"22 de May de 2025","format":false,"excerpt":"22 de maio de 2025 18:383 Compartilhar0 O jogador Pedro Severino, de 19 anos, segue internado em um hospital de Ribeir\u00e3o Preto, com quadro de sa\u00fade est\u00e1vel e evolu\u00e7\u00e3o positiva. O atleta foi um dos envolvidos em um grave acidente de tr\u00e2nsito na madrugada de 4 de mar\u00e7o, na Rodovia\u2026","rel":"","context":"In &quot;Not\u00edcias de Ribeir\u00e3o Preto-SP e Regi\u00e3o&quot;","block_context":{"text":"Not\u00edcias de Ribeir\u00e3o Preto-SP e Regi\u00e3o","link":"https:\/\/noticiasribeiraopreto.com.br\/index.php\/category\/noticias-de-ribeirao-preto-sp-e-regiao-ismael-colosi\/"},"img":{"alt_text":"","src":"https:\/\/i0.wp.com\/noticiasribeiraopreto.com.br\/wp-content\/uploads\/2025\/05\/pedro_severino.jpg?fit=750%2C500&ssl=1&resize=350%2C200","width":350,"height":200,"srcset":"https:\/\/i0.wp.com\/noticiasribeiraopreto.com.br\/wp-content\/uploads\/2025\/05\/pedro_severino.jpg?fit=750%2C500&ssl=1&resize=350%2C200 1x, https:\/\/i0.wp.com\/noticiasribeiraopreto.com.br\/wp-content\/uploads\/2025\/05\/pedro_severino.jpg?fit=750%2C500&ssl=1&resize=525%2C300 1.5x, https:\/\/i0.wp.com\/noticiasribeiraopreto.com.br\/wp-content\/uploads\/2025\/05\/pedro_severino.jpg?fit=750%2C500&ssl=1&resize=700%2C400 2x"},"classes":[]},{"id":71801,"url":"https:\/\/noticiasribeiraopreto.com.br\/index.php\/2025\/06\/10\/pedro-severino-recebe-alta-tres-meses-apos-acidente\/","url_meta":{"origin":81152,"position":4},"title":"Pedro Severino recebe alta tr\u00eas meses ap\u00f3s acidente","author":"noticiasribeiraopreto.com.br","date":"10 de June de 2025","format":false,"excerpt":"Promessa do futebol ribeir\u00e3o-pretano, atacante superou protocolo de morte cerebral 10 de junho de 2025 12:191 Compartilhar0 Por Hugo Luque O atacante Pedro Severino recebeu alta hospitalar na manh\u00e3 desta ter\u00e7a-feira (10), tr\u00eas meses ap\u00f3s o grave acidente que envolveu o carro no qual estava o jogador e uma carreta\u2026","rel":"","context":"In &quot;Not\u00edcias de Ribeir\u00e3o Preto-SP e Regi\u00e3o&quot;","block_context":{"text":"Not\u00edcias de Ribeir\u00e3o Preto-SP e Regi\u00e3o","link":"https:\/\/noticiasribeiraopreto.com.br\/index.php\/category\/noticias-de-ribeirao-preto-sp-e-regiao-ismael-colosi\/"},"img":{"alt_text":"","src":"https:\/\/i0.wp.com\/noticiasribeiraopreto.com.br\/wp-content\/uploads\/2025\/06\/pedro_severino.jpg?fit=750%2C500&ssl=1&resize=350%2C200","width":350,"height":200,"srcset":"https:\/\/i0.wp.com\/noticiasribeiraopreto.com.br\/wp-content\/uploads\/2025\/06\/pedro_severino.jpg?fit=750%2C500&ssl=1&resize=350%2C200 1x, https:\/\/i0.wp.com\/noticiasribeiraopreto.com.br\/wp-content\/uploads\/2025\/06\/pedro_severino.jpg?fit=750%2C500&ssl=1&resize=525%2C300 1.5x, https:\/\/i0.wp.com\/noticiasribeiraopreto.com.br\/wp-content\/uploads\/2025\/06\/pedro_severino.jpg?fit=750%2C500&ssl=1&resize=700%2C400 2x"},"classes":[]},{"id":64193,"url":"https:\/\/noticiasribeiraopreto.com.br\/index.php\/2025\/03\/04\/hospital-inicia-procedimentos-para-confirmar-morte-cerebral-de-jogador-emprestado-do-botafogo-ao-bragantino\/","url_meta":{"origin":81152,"position":5},"title":"Hospital inicia procedimentos para confirmar morte cerebral de jogador emprestado do Botafogo ao Bragantino","author":"noticiasribeiraopreto.com.br","date":"4 de March de 2025","format":false,"excerpt":"O Hospital Municipal Dr. Waldemar Tebaldi informou que abriu um procedimento para a confirma\u00e7\u00e3o de morte encef\u00e1lica do atacante Pedro Severino, de Ribeir\u00e3o Preto. O jovem, de 19 anos, foi v\u00edtima de um acidente na rodovia Anhanguera (SP-330), na manh\u00e3 desta ter\u00e7a-feira (4). De acordo com a nota, a decis\u00e3o\u2026","rel":"","context":"In &quot;Not\u00edcias de Ribeir\u00e3o Preto-SP e Regi\u00e3o&quot;","block_context":{"text":"Not\u00edcias de Ribeir\u00e3o Preto-SP e Regi\u00e3o","link":"https:\/\/noticiasribeiraopreto.com.br\/index.php\/category\/noticias-de-ribeirao-preto-sp-e-regiao-ismael-colosi\/"},"img":{"alt_text":"","src":"https:\/\/i0.wp.com\/noticiasribeiraopreto.com.br\/wp-content\/uploads\/2025\/03\/PEDRO_2025-03-04_14-47-44_jpg_2025-03-04_14-47-44.webp.webp?fit=1200%2C699&ssl=1&resize=350%2C200","width":350,"height":200,"srcset":"https:\/\/i0.wp.com\/noticiasribeiraopreto.com.br\/wp-content\/uploads\/2025\/03\/PEDRO_2025-03-04_14-47-44_jpg_2025-03-04_14-47-44.webp.webp?fit=1200%2C699&ssl=1&resize=350%2C200 1x, https:\/\/i0.wp.com\/noticiasribeiraopreto.com.br\/wp-content\/uploads\/2025\/03\/PEDRO_2025-03-04_14-47-44_jpg_2025-03-04_14-47-44.webp.webp?fit=1200%2C699&ssl=1&resize=525%2C300 1.5x, https:\/\/i0.wp.com\/noticiasribeiraopreto.com.br\/wp-content\/uploads\/2025\/03\/PEDRO_2025-03-04_14-47-44_jpg_2025-03-04_14-47-44.webp.webp?fit=1200%2C699&ssl=1&resize=700%2C400 2x, https:\/\/i0.wp.com\/noticiasribeiraopreto.com.br\/wp-content\/uploads\/2025\/03\/PEDRO_2025-03-04_14-47-44_jpg_2025-03-04_14-47-44.webp.webp?fit=1200%2C699&ssl=1&resize=1050%2C600 3x"},"classes":[]}],"jetpack_sharing_enabled":true,"jetpack_shortlink":"https:\/\/wp.me\/peQAOb-l6U","_links":{"self":[{"href":"https:\/\/noticiasribeiraopreto.com.br\/index.php\/wp-json\/wp\/v2\/posts\/81152","targetHints":{"allow":["GET"]}}],"collection":[{"href":"https:\/\/noticiasribeiraopreto.com.br\/index.php\/wp-json\/wp\/v2\/posts"}],"about":[{"href":"https:\/\/noticiasribeiraopreto.com.br\/index.php\/wp-json\/wp\/v2\/types\/post"}],"author":[{"embeddable":true,"href":"https:\/\/noticiasribeiraopreto.com.br\/index.php\/wp-json\/wp\/v2\/users\/1"}],"replies":[{"embeddable":true,"href":"https:\/\/noticiasribeiraopreto.com.br\/index.php\/wp-json\/wp\/v2\/comments?post=81152"}],"version-history":[{"count":0,"href":"https:\/\/noticiasribeiraopreto.com.br\/index.php\/wp-json\/wp\/v2\/posts\/81152\/revisions"}],"wp:featuredmedia":[{"embeddable":true,"href":"https:\/\/noticiasribeiraopreto.com.br\/index.php\/wp-json\/wp\/v2\/media\/81153"}],"wp:attachment":[{"href":"https:\/\/noticiasribeiraopreto.com.br\/index.php\/wp-json\/wp\/v2\/media?parent=81152"}],"wp:term":[{"taxonomy":"category","embeddable":true,"href":"https:\/\/noticiasribeiraopreto.com.br\/index.php\/wp-json\/wp\/v2\/categories?post=81152"},{"taxonomy":"post_tag","embeddable":true,"href":"https:\/\/noticiasribeiraopreto.com.br\/index.php\/wp-json\/wp\/v2\/tags?post=81152"}],"curies":[{"name":"wp","href":"https:\/\/api.w.org\/{rel}","templated":true}]}}