{"id":81154,"date":"2025-12-25T10:24:39","date_gmt":"2025-12-25T13:24:39","guid":{"rendered":"https:\/\/noticiasribeiraopreto.com.br\/index.php\/2025\/12\/25\/ribeirao-pretano-se-veste-de-papai-noel-ha-25-anos-e-entrega-presentes-em-lar-de-idosos\/"},"modified":"2025-12-25T10:24:39","modified_gmt":"2025-12-25T13:24:39","slug":"ribeirao-pretano-se-veste-de-papai-noel-ha-25-anos-e-entrega-presentes-em-lar-de-idosos","status":"publish","type":"post","link":"https:\/\/noticiasribeiraopreto.com.br\/index.php\/2025\/12\/25\/ribeirao-pretano-se-veste-de-papai-noel-ha-25-anos-e-entrega-presentes-em-lar-de-idosos\/","title":{"rendered":"Ribeir\u00e3o-pretano se veste de Papai Noel h\u00e1 25 anos e entrega presentes em lar de idosos"},"content":{"rendered":"<div class='code-block code-block-1' style='margin: 8px 0 8px auto; text-align: right; display: block; clear: both;'>\n<p><a href=\"https:\/\/wa.link\/vpicfd\"><img data-recalc-dims=\"1\" class=\"wp-image-4922\" style=\"aspect-ratio: 2.0253164556962027; width: 561px; height: auto;\" src=\"https:\/\/i0.wp.com\/ismaelcolosi.com.br\/wp-content\/uploads\/2023\/11\/grupo-de-empregos-whatsapp-e-facebook-ismael-colosi-vagas.jpg?ssl=1\" alt=\"\" \/><\/a><\/p>\n<!-- \/wp:image -->\n<\/div>\n<p> <br \/>\n<\/p>\n<div>\n<p><em>Institui\u00e7\u00e3o localizada na zona Oeste da cidade arrecadou os presentes por meio de doa\u00e7\u00f5es de volunt\u00e1rios.<\/em><\/p>\n<p>O esp\u00edrito natalino tomou conta do Lar do Vov\u00f4 Albano, na zona Oeste de Ribeir\u00e3o Preto. A visita do bom velhinho alegrou os 24 idosos que vivem atualmente na institui\u00e7\u00e3o. Entre roupas, sapatos, doces e boas risadas, os moradores foram surpreendidos pela presen\u00e7a de volunt\u00e1rios que participaram da a\u00e7\u00e3o especial de Natal.<\/p>\n<p>\u201cEu estou muito feliz, fico com o cora\u00e7\u00e3o aliviado. A gente percebe que as pessoas n\u00e3o se interessam muito pelos idosos, e foi isso que me sensibilizou e me fez tomar a frente do projeto este ano. Ver eles recebendo os presentes foi o meu presente de Natal\u201d, afirma Maria In\u00eas L. Leweenstein.<\/p>\n<figure id=\"attachment_450254\" aria-describedby=\"caption-attachment-450254\" style=\"width: 363px\" class=\"wp-caption alignright\"><img data-recalc-dims=\"1\" loading=\"lazy\" decoding=\"async\" class=\"wp-image-450254 lazyload\" src=\"https:\/\/i0.wp.com\/www.tribunaribeirao.com.br\/wp-content\/uploads\/2025\/12\/1-natal-papai-noel-7-300x225.jpeg?resize=363%2C272&#038;ssl=1\" alt=\"\" width=\"363\" height=\"272\" srcset=\"https:\/\/www.tribunaribeirao.com.br\/wp-content\/uploads\/2025\/12\/1-natal-papai-noel-7-300x225.jpeg 300w, https:\/\/www.tribunaribeirao.com.br\/wp-content\/uploads\/2025\/12\/1-natal-papai-noel-7-1024x768.jpeg 1024w, https:\/\/www.tribunaribeirao.com.br\/wp-content\/uploads\/2025\/12\/1-natal-papai-noel-7-768x576.jpeg 768w, https:\/\/www.tribunaribeirao.com.br\/wp-content\/uploads\/2025\/12\/1-natal-papai-noel-7-1536x1152.jpeg 1536w, https:\/\/www.tribunaribeirao.com.br\/wp-content\/uploads\/2025\/12\/1-natal-papai-noel-7-760x570.jpeg 760w, https:\/\/www.tribunaribeirao.com.br\/wp-content\/uploads\/2025\/12\/1-natal-papai-noel-7-960x720.jpeg 960w, https:\/\/www.tribunaribeirao.com.br\/wp-content\/uploads\/2025\/12\/1-natal-papai-noel-7-533x400.jpeg 533w, https:\/\/www.tribunaribeirao.com.br\/wp-content\/uploads\/2025\/12\/1-natal-papai-noel-7-585x439.jpeg 585w, https:\/\/www.tribunaribeirao.com.br\/wp-content\/uploads\/2025\/12\/1-natal-papai-noel-7-scaled.jpeg 1040w\" data-sizes=\"(max-width: 363px) 100vw, 363px\" style=\"--smush-placeholder-width: 363px; --smush-placeholder-aspect-ratio: 363\/272;\"\/><figcaption id=\"caption-attachment-450254\" class=\"wp-caption-text\">Papai Noel entrega presentes aos idosos no Lar do Vov\u00f4 Albano.<\/figcaption><\/figure>\n<p>H\u00e1 tr\u00eas anos, Ant\u00f4nio Carlos Adriani, de 62 anos, visita o lar de idosos na \u00e9poca do Natal vestido de Papai Noel. Para ele, \u00e9 uma felicidade ouvir hist\u00f3rias e receber o carinho daqueles que mais precisam de aten\u00e7\u00e3o.<\/p>\n<p>\u201cA alegria de ver os idosos recebendo os presentes \u00e9 o que mais conforta o meu cora\u00e7\u00e3o, pois eles poderiam ser meus pais, que hoje j\u00e1 s\u00e3o falecidos. N\u00e3o tive a oportunidade de fazer isso por eles, ent\u00e3o procuro levar divers\u00e3o aos senhores e senhoras que vivem nos lares, mostrando que, nessa \u00e9poca festiva, eles s\u00e3o lembrados pelo Papai Noel\u201d, afirma.<\/p>\n<p>Para a institui\u00e7\u00e3o, promover momentos como esse auxilia no tratamento e nos cuidados com os idosos, j\u00e1 que a integra\u00e7\u00e3o com outras pessoas proporciona momentos de descontra\u00e7\u00e3o \u00e0queles que, muitas vezes, se sentem esquecidos pelas fam\u00edlias.<\/p>\n<p>\u201cQuando eles escolhem um presente, est\u00e3o expressando um desejo e, quando esse desejo \u00e9 atendido, eles se sentem vistos e lembrados. Aqui tudo \u00e9 muito coletivo, e eles percebem isso. No Natal, eles se enxergam como sujeitos. \u00c9 muito mais do que um presente, \u00e9 ser lembrado de forma individual\u201d, explica a assistente social Gislene Mazer.<\/p>\n<p><strong>Legado natalino<\/strong><br \/>Vestir a roupa vermelha, colocar a barba branca e carregar o saco de brinquedos n\u00e3o \u00e9 uma tarefa simples. O Papai Noel, nascido em Ribeir\u00e3o Preto (SP), iniciou sua trajet\u00f3ria h\u00e1 25 anos, ao dar continuidade ao legado de um amigo que se vestia para alegrar crian\u00e7as em um shopping da cidade. O gesto se transformou em um compromisso anual.<\/p>\n<figure id=\"attachment_450255\" aria-describedby=\"caption-attachment-450255\" style=\"width: 412px\" class=\"wp-caption alignleft\"><img data-recalc-dims=\"1\" loading=\"lazy\" decoding=\"async\" class=\"wp-image-450255 lazyload\" src=\"https:\/\/i0.wp.com\/www.tribunaribeirao.com.br\/wp-content\/uploads\/2025\/12\/3-natal-papai-noel-6-300x225.jpeg?resize=412%2C309&#038;ssl=1\" alt=\"\" width=\"412\" height=\"309\" srcset=\"https:\/\/www.tribunaribeirao.com.br\/wp-content\/uploads\/2025\/12\/3-natal-papai-noel-6-300x225.jpeg 300w, https:\/\/www.tribunaribeirao.com.br\/wp-content\/uploads\/2025\/12\/3-natal-papai-noel-6-1024x768.jpeg 1024w, https:\/\/www.tribunaribeirao.com.br\/wp-content\/uploads\/2025\/12\/3-natal-papai-noel-6-768x576.jpeg 768w, https:\/\/www.tribunaribeirao.com.br\/wp-content\/uploads\/2025\/12\/3-natal-papai-noel-6-1536x1152.jpeg 1536w, https:\/\/www.tribunaribeirao.com.br\/wp-content\/uploads\/2025\/12\/3-natal-papai-noel-6-760x570.jpeg 760w, https:\/\/www.tribunaribeirao.com.br\/wp-content\/uploads\/2025\/12\/3-natal-papai-noel-6-960x720.jpeg 960w, https:\/\/www.tribunaribeirao.com.br\/wp-content\/uploads\/2025\/12\/3-natal-papai-noel-6-533x400.jpeg 533w, https:\/\/www.tribunaribeirao.com.br\/wp-content\/uploads\/2025\/12\/3-natal-papai-noel-6-585x439.jpeg 585w, https:\/\/www.tribunaribeirao.com.br\/wp-content\/uploads\/2025\/12\/3-natal-papai-noel-6-scaled.jpeg 1040w\" data-sizes=\"(max-width: 412px) 100vw, 412px\" style=\"--smush-placeholder-width: 412px; --smush-placeholder-aspect-ratio: 412\/309;\"\/><figcaption id=\"caption-attachment-450255\" class=\"wp-caption-text\">Idosos do Lar do Vov\u00f4 Albano recebem presentes de volunt\u00e1rios, em Ribeir\u00e3o Preto.<\/figcaption><\/figure>\n<p>\u201cEu comecei a me vestir quando um colega de trabalho, que era Papai Noel, faleceu. Foi a\u00ed que decidi continuar o legado dele. Comprei a roupa e comecei a visitar casas de alguns conhecidos nas noites de Natal\u201d, relembra.<\/p>\n<p>A tradi\u00e7\u00e3o ganhou ainda mais significado quando ele passou a se vestir para presentear as filhas, que eram pequenas na \u00e9poca.<\/p>\n<p>\u201cO Natal sempre foi uma \u00e9poca triste para mim. Perdi minha irm\u00e3 mais nova na v\u00e9spera do dia 25. Come\u00e7ar a tradi\u00e7\u00e3o de me vestir de Papai Noel para minhas filhas ajudou a amenizar essa tristeza, trazendo de volta a alegria da noite natalina\u201d, conclui.<\/p>\n<p><strong>A institui\u00e7\u00e3o<\/strong><\/p>\n<p>A inclus\u00e3o da figura do Papai Noel torna o momento ainda mais especial e incentiva a participa\u00e7\u00e3o coletiva dos idosos. Criado em 1988, o Lar do Vov\u00f4 Albano abriga pessoas em situa\u00e7\u00e3o de vulnerabilidade social. A institui\u00e7\u00e3o foi fundada por Albano Sim\u00f5es Martins e atua com foco na dignidade e na qualidade de vida dos moradores.<\/p>\n<figure id=\"attachment_450256\" aria-describedby=\"caption-attachment-450256\" style=\"width: 300px\" class=\"wp-caption alignright\"><img data-recalc-dims=\"1\" loading=\"lazy\" decoding=\"async\" class=\"size-medium wp-image-450256 lazyload\" src=\"https:\/\/i0.wp.com\/www.tribunaribeirao.com.br\/wp-content\/uploads\/2025\/12\/4-natal-papai-noel-3-300x225.jpeg?resize=300%2C225&#038;ssl=1\" alt=\"\" width=\"300\" height=\"225\" srcset=\"https:\/\/www.tribunaribeirao.com.br\/wp-content\/uploads\/2025\/12\/4-natal-papai-noel-3-300x225.jpeg 300w, https:\/\/www.tribunaribeirao.com.br\/wp-content\/uploads\/2025\/12\/4-natal-papai-noel-3-1024x768.jpeg 1024w, https:\/\/www.tribunaribeirao.com.br\/wp-content\/uploads\/2025\/12\/4-natal-papai-noel-3-768x576.jpeg 768w, https:\/\/www.tribunaribeirao.com.br\/wp-content\/uploads\/2025\/12\/4-natal-papai-noel-3-1536x1152.jpeg 1536w, https:\/\/www.tribunaribeirao.com.br\/wp-content\/uploads\/2025\/12\/4-natal-papai-noel-3-760x570.jpeg 760w, https:\/\/www.tribunaribeirao.com.br\/wp-content\/uploads\/2025\/12\/4-natal-papai-noel-3-960x720.jpeg 960w, https:\/\/www.tribunaribeirao.com.br\/wp-content\/uploads\/2025\/12\/4-natal-papai-noel-3-533x400.jpeg 533w, https:\/\/www.tribunaribeirao.com.br\/wp-content\/uploads\/2025\/12\/4-natal-papai-noel-3-585x439.jpeg 585w, https:\/\/www.tribunaribeirao.com.br\/wp-content\/uploads\/2025\/12\/4-natal-papai-noel-3-scaled.jpeg 1040w\" data-sizes=\"(max-width: 300px) 100vw, 300px\" style=\"--smush-placeholder-width: 300px; --smush-placeholder-aspect-ratio: 300\/225;\"\/><figcaption id=\"caption-attachment-450256\" class=\"wp-caption-text\">Maria In\u00eas L. Leweenstein, volunt\u00e1ria respons\u00e1vel pelo projeto.<\/figcaption><\/figure>\n<p>\u201cAqui contamos com enfermeiros, psic\u00f3logo, nutricionista, fisioterapeuta, terapeuta ocupacional e assistente social, tudo para oferecer uma melhor qualidade de vida. A institui\u00e7\u00e3o \u00e9 um lugar que devolve dignidade. Promovemos passeios e fortalecemos v\u00ednculos, porque \u00e9 preciso ter mais espa\u00e7os que enxerguem essas pessoas como quem merece carinho, amor e direitos\u201d, afirma a assistente social.<\/p>\n<p><strong>O projeto<\/strong><\/p>\n<figure id=\"attachment_450257\" aria-describedby=\"caption-attachment-450257\" style=\"width: 349px\" class=\"wp-caption alignleft\"><img data-recalc-dims=\"1\" loading=\"lazy\" decoding=\"async\" class=\"wp-image-450257 lazyload\" src=\"https:\/\/i0.wp.com\/www.tribunaribeirao.com.br\/wp-content\/uploads\/2025\/12\/5-natal-papai-noel-4-300x225.jpeg?resize=349%2C262&#038;ssl=1\" alt=\"\" width=\"349\" height=\"262\" srcset=\"https:\/\/www.tribunaribeirao.com.br\/wp-content\/uploads\/2025\/12\/5-natal-papai-noel-4-300x225.jpeg 300w, https:\/\/www.tribunaribeirao.com.br\/wp-content\/uploads\/2025\/12\/5-natal-papai-noel-4-1024x768.jpeg 1024w, https:\/\/www.tribunaribeirao.com.br\/wp-content\/uploads\/2025\/12\/5-natal-papai-noel-4-768x576.jpeg 768w, https:\/\/www.tribunaribeirao.com.br\/wp-content\/uploads\/2025\/12\/5-natal-papai-noel-4-1536x1152.jpeg 1536w, https:\/\/www.tribunaribeirao.com.br\/wp-content\/uploads\/2025\/12\/5-natal-papai-noel-4-760x570.jpeg 760w, https:\/\/www.tribunaribeirao.com.br\/wp-content\/uploads\/2025\/12\/5-natal-papai-noel-4-960x720.jpeg 960w, https:\/\/www.tribunaribeirao.com.br\/wp-content\/uploads\/2025\/12\/5-natal-papai-noel-4-533x400.jpeg 533w, https:\/\/www.tribunaribeirao.com.br\/wp-content\/uploads\/2025\/12\/5-natal-papai-noel-4-585x439.jpeg 585w, https:\/\/www.tribunaribeirao.com.br\/wp-content\/uploads\/2025\/12\/5-natal-papai-noel-4-scaled.jpeg 1040w\" data-sizes=\"(max-width: 349px) 100vw, 349px\" style=\"--smush-placeholder-width: 349px; --smush-placeholder-aspect-ratio: 349\/262;\"\/><figcaption id=\"caption-attachment-450257\" class=\"wp-caption-text\">Gislene Mazer, assistente social respons\u00e1vel pela institui\u00e7\u00e3o.<\/figcaption><\/figure>\n<p>\u00a0<\/p>\n<p>A iniciativa de montar sacolinhas de Natal para os idosos come\u00e7ou em 2019, ap\u00f3s a perda de um familiar de uma das idealizadoras. Como ela j\u00e1 conhecia a institui\u00e7\u00e3o, passou a pedir apoio da popula\u00e7\u00e3o para arrecadar presentes. Ao longo dos anos, o projeto ganhou for\u00e7a e mais pessoas come\u00e7aram a contribuir.<br \/>Atualmente, al\u00e9m dos presentes escolhidos pelos pr\u00f3prios idosos, tamb\u00e9m s\u00e3o arrecadados roupas, sapatos e guloseimas, proporcionando uma tarde de Natal diferente e cheia de afeto.<\/p>\n<p>\u00a0<\/p>\n<\/div>\n<p><br \/>\n<br \/><a href=\"https:\/\/www.tribunaribeirao.com.br\/ribeirao-pretano-se-veste-de-papai-noel-ha-25-anos-e-entrega-presentes-em-lar-de-idosos\/\">Source link <\/a><\/p>\n<!-- CONTENT END 1 -->\n","protected":false},"excerpt":{"rendered":"<p>Institui\u00e7\u00e3o localizada na zona Oeste da cidade arrecadou os presentes por meio de doa\u00e7\u00f5es de volunt\u00e1rios. O esp\u00edrito natalino tomou conta do Lar do Vov\u00f4&#8230;<\/p>\n","protected":false},"author":1,"featured_media":81155,"comment_status":"open","ping_status":"open","sticky":false,"template":"","format":"standard","meta":{"advanced_seo_description":"","jetpack_seo_html_title":"","jetpack_seo_noindex":false,"jetpack_post_was_ever_published":false,"_jetpack_newsletter_access":"","_jetpack_dont_email_post_to_subs":false,"_jetpack_newsletter_tier_id":0,"_jetpack_memberships_contains_paywalled_content":false,"_jetpack_memberships_contains_paid_content":false,"footnotes":"","jetpack_publicize_message":"","jetpack_publicize_feature_enabled":true,"jetpack_social_post_already_shared":true,"jetpack_social_options":{"image_generator_settings":{"template":"highway","default_image_id":0,"font":"","enabled":false},"version":2}},"categories":[11],"tags":[],"class_list":["post-81154","post","type-post","status-publish","format-standard","has-post-thumbnail","hentry","category-noticias-de-ribeirao-preto-sp-e-regiao-ismael-colosi"],"jetpack_publicize_connections":[],"jetpack_featured_media_url":"https:\/\/i0.wp.com\/noticiasribeiraopreto.com.br\/wp-content\/uploads\/2025\/12\/2-natal-papai-noel-2-scaled.jpeg?fit=1040%2C780&ssl=1","jetpack-related-posts":[{"id":60712,"url":"https:\/\/noticiasribeiraopreto.com.br\/index.php\/2024\/11\/22\/lar-de-idosos-promove-campanha-solidaria-de-natal-saiba-como-participar\/","url_meta":{"origin":81154,"position":0},"title":"Lar de idosos promove campanha solid\u00e1ria de Natal; Saiba como participar","author":"noticiasribeiraopreto.com.br","date":"22 de November de 2024","format":false,"excerpt":"O Lar do Vov\u00f4 Albano, institui\u00e7\u00e3o de cuidados com idosos localizada no bairro Planalto Verde, zona Oeste de Ribeir\u00e3o Preto, iniciou a campanha solid\u00e1ria \u201cAdote um Vov\u00f4 ou uma Vov\u00f3\u201d. O projeto busca atender aos pedidos de Natal realizado pelos 24 moradores da casa. De acordo com Gislene Mazer, assistente\u2026","rel":"","context":"In &quot;Not\u00edcias de Ribeir\u00e3o Preto-SP e Regi\u00e3o&quot;","block_context":{"text":"Not\u00edcias de Ribeir\u00e3o Preto-SP e Regi\u00e3o","link":"https:\/\/noticiasribeiraopreto.com.br\/index.php\/category\/noticias-de-ribeirao-preto-sp-e-regiao-ismael-colosi\/"},"img":{"alt_text":"","src":"https:\/\/i0.wp.com\/noticiasribeiraopreto.com.br\/wp-content\/uploads\/2024\/11\/Copia-de-Copia-de-Copia-de-TAMANHO-EXATO-PARA-FOTOS-NO-SISTEMA-NOVO-2024-11-22T174502.445_2024-11-22_20-45-47_png_2024-11-22_20-45-47.webp.webp?fit=1200%2C675&ssl=1&resize=350%2C200","width":350,"height":200,"srcset":"https:\/\/i0.wp.com\/noticiasribeiraopreto.com.br\/wp-content\/uploads\/2024\/11\/Copia-de-Copia-de-Copia-de-TAMANHO-EXATO-PARA-FOTOS-NO-SISTEMA-NOVO-2024-11-22T174502.445_2024-11-22_20-45-47_png_2024-11-22_20-45-47.webp.webp?fit=1200%2C675&ssl=1&resize=350%2C200 1x, https:\/\/i0.wp.com\/noticiasribeiraopreto.com.br\/wp-content\/uploads\/2024\/11\/Copia-de-Copia-de-Copia-de-TAMANHO-EXATO-PARA-FOTOS-NO-SISTEMA-NOVO-2024-11-22T174502.445_2024-11-22_20-45-47_png_2024-11-22_20-45-47.webp.webp?fit=1200%2C675&ssl=1&resize=525%2C300 1.5x, https:\/\/i0.wp.com\/noticiasribeiraopreto.com.br\/wp-content\/uploads\/2024\/11\/Copia-de-Copia-de-Copia-de-TAMANHO-EXATO-PARA-FOTOS-NO-SISTEMA-NOVO-2024-11-22T174502.445_2024-11-22_20-45-47_png_2024-11-22_20-45-47.webp.webp?fit=1200%2C675&ssl=1&resize=700%2C400 2x, https:\/\/i0.wp.com\/noticiasribeiraopreto.com.br\/wp-content\/uploads\/2024\/11\/Copia-de-Copia-de-Copia-de-TAMANHO-EXATO-PARA-FOTOS-NO-SISTEMA-NOVO-2024-11-22T174502.445_2024-11-22_20-45-47_png_2024-11-22_20-45-47.webp.webp?fit=1200%2C675&ssl=1&resize=1050%2C600 3x"},"classes":[]},{"id":25351,"url":"https:\/\/noticiasribeiraopreto.com.br\/index.php\/2024\/01\/06\/105-anos-do-lar-padre-euclides\/","url_meta":{"origin":81154,"position":1},"title":"105 anos do Lar Padre Euclides\u00a0","author":"noticiasribeiraopreto.com.br","date":"6 de January de 2024","format":false,"excerpt":"6 de janeiro de 2024 | 11:005 de janeiro de 2024 | 18:27 0Uma das institui\u00e7\u00f5es mais tradicionais e respeitadas de Ribeir\u00e3o Preto est\u00e1 em festa. O Lar Padre Euclides, localizado na Avenida Saudade, 1577 \u2013 Campos Eli\u0301seos, comemorou nesta sexta-feira, dia 05 de janeiro, 105 anos de exist\u00eancia. A\u2026","rel":"","context":"In &quot;Not\u00edcias de Ribeir\u00e3o Preto-SP e Regi\u00e3o&quot;","block_context":{"text":"Not\u00edcias de Ribeir\u00e3o Preto-SP e Regi\u00e3o","link":"https:\/\/noticiasribeiraopreto.com.br\/index.php\/category\/noticias-de-ribeirao-preto-sp-e-regiao-ismael-colosi\/"},"img":{"alt_text":"","src":"https:\/\/i0.wp.com\/noticiasribeiraopreto.com.br\/wp-content\/uploads\/2024\/01\/2-lar-2-scaled.jpeg?fit=936%2C645&ssl=1&resize=350%2C200","width":350,"height":200,"srcset":"https:\/\/i0.wp.com\/noticiasribeiraopreto.com.br\/wp-content\/uploads\/2024\/01\/2-lar-2-scaled.jpeg?fit=936%2C645&ssl=1&resize=350%2C200 1x, https:\/\/i0.wp.com\/noticiasribeiraopreto.com.br\/wp-content\/uploads\/2024\/01\/2-lar-2-scaled.jpeg?fit=936%2C645&ssl=1&resize=525%2C300 1.5x, https:\/\/i0.wp.com\/noticiasribeiraopreto.com.br\/wp-content\/uploads\/2024\/01\/2-lar-2-scaled.jpeg?fit=936%2C645&ssl=1&resize=700%2C400 2x"},"classes":[]},{"id":81861,"url":"https:\/\/noticiasribeiraopreto.com.br\/index.php\/2026\/01\/28\/quer-trabalhar-com-caes-de-terapia-projeto-abre-vagas-para-jovens-voluntarios-em-ribeirao-preto\/","url_meta":{"origin":81154,"position":2},"title":"Quer trabalhar com c\u00e3es de terapia? Projeto abre vagas para jovens volunt\u00e1rios em Ribeir\u00e3o Preto","author":"noticiasribeiraopreto.com.br","date":"28 de January de 2026","format":false,"excerpt":"O Centro de Voluntariado de Ribeir\u00e3o Preto abriu inscri\u00e7\u00f5es para uma capacita\u00e7\u00e3o voltada a jovens de at\u00e9 18 anos interessados em atuar como volunt\u00e1rios em um projeto de c\u00e3es de terapia. A iniciativa ocorre em parceria com a ONG Pets da Alegria e desenvolve a\u00e7\u00f5es de intera\u00e7\u00e3o assistida por animais\u2026","rel":"","context":"In &quot;Not\u00edcias de Ribeir\u00e3o Preto-SP e Regi\u00e3o&quot;","block_context":{"text":"Not\u00edcias de Ribeir\u00e3o Preto-SP e Regi\u00e3o","link":"https:\/\/noticiasribeiraopreto.com.br\/index.php\/category\/noticias-de-ribeirao-preto-sp-e-regiao-ismael-colosi\/"},"img":{"alt_text":"","src":"https:\/\/i0.wp.com\/noticiasribeiraopreto.com.br\/wp-content\/uploads\/2026\/01\/domingo-83_2026-01-27_19-13-00.webp.webp?fit=1200%2C675&ssl=1&resize=350%2C200","width":350,"height":200,"srcset":"https:\/\/i0.wp.com\/noticiasribeiraopreto.com.br\/wp-content\/uploads\/2026\/01\/domingo-83_2026-01-27_19-13-00.webp.webp?fit=1200%2C675&ssl=1&resize=350%2C200 1x, https:\/\/i0.wp.com\/noticiasribeiraopreto.com.br\/wp-content\/uploads\/2026\/01\/domingo-83_2026-01-27_19-13-00.webp.webp?fit=1200%2C675&ssl=1&resize=525%2C300 1.5x, https:\/\/i0.wp.com\/noticiasribeiraopreto.com.br\/wp-content\/uploads\/2026\/01\/domingo-83_2026-01-27_19-13-00.webp.webp?fit=1200%2C675&ssl=1&resize=700%2C400 2x, https:\/\/i0.wp.com\/noticiasribeiraopreto.com.br\/wp-content\/uploads\/2026\/01\/domingo-83_2026-01-27_19-13-00.webp.webp?fit=1200%2C675&ssl=1&resize=1050%2C600 3x"},"classes":[]},{"id":43454,"url":"https:\/\/noticiasribeiraopreto.com.br\/index.php\/2024\/03\/21\/centro-de-voluntariado-de-ribeirao-abre-inscricoes-para-capacitacao-de-novos-voluntarios\/","url_meta":{"origin":81154,"position":3},"title":"Centro de Voluntariado de Ribeir\u00e3o abre inscri\u00e7\u00f5es para capacita\u00e7\u00e3o de novos volunt\u00e1rios","author":"noticiasribeiraopreto.com.br","date":"21 de March de 2024","format":false,"excerpt":"O Centro de Voluntariado de Ribeir\u00e3o Preto (CVRP) est\u00e1 com inscri\u00e7\u00f5es abertas para o 12\u00ba Programa de Capacita\u00e7\u00e3o de Novos Volunt\u00e1rios. Os interessados podem se inscrever pela internet (clique aqui) at\u00e9 o dia 2 de abril. As vagas s\u00e3o limitadas. O programa ser\u00e1 realizado em duas etapas na sede da\u2026","rel":"","context":"In &quot;Not\u00edcias de Ribeir\u00e3o Preto-SP e Regi\u00e3o&quot;","block_context":{"text":"Not\u00edcias de Ribeir\u00e3o Preto-SP e Regi\u00e3o","link":"https:\/\/noticiasribeiraopreto.com.br\/index.php\/category\/noticias-de-ribeirao-preto-sp-e-regiao-ismael-colosi\/"},"img":{"alt_text":"","src":"https:\/\/i0.wp.com\/noticiasribeiraopreto.com.br\/wp-content\/uploads\/2024\/03\/social-assistant-worker-consoling-handicapped-pensioner-patient-touching-hands-scaled.jpg?fit=1200%2C800&ssl=1&resize=350%2C200","width":350,"height":200,"srcset":"https:\/\/i0.wp.com\/noticiasribeiraopreto.com.br\/wp-content\/uploads\/2024\/03\/social-assistant-worker-consoling-handicapped-pensioner-patient-touching-hands-scaled.jpg?fit=1200%2C800&ssl=1&resize=350%2C200 1x, https:\/\/i0.wp.com\/noticiasribeiraopreto.com.br\/wp-content\/uploads\/2024\/03\/social-assistant-worker-consoling-handicapped-pensioner-patient-touching-hands-scaled.jpg?fit=1200%2C800&ssl=1&resize=525%2C300 1.5x, https:\/\/i0.wp.com\/noticiasribeiraopreto.com.br\/wp-content\/uploads\/2024\/03\/social-assistant-worker-consoling-handicapped-pensioner-patient-touching-hands-scaled.jpg?fit=1200%2C800&ssl=1&resize=700%2C400 2x, https:\/\/i0.wp.com\/noticiasribeiraopreto.com.br\/wp-content\/uploads\/2024\/03\/social-assistant-worker-consoling-handicapped-pensioner-patient-touching-hands-scaled.jpg?fit=1200%2C800&ssl=1&resize=1050%2C600 3x"},"classes":[]},{"id":76482,"url":"https:\/\/noticiasribeiraopreto.com.br\/index.php\/2025\/08\/29\/idoso-de-76-anos-morre-prensado-por-elevador-no-interior-de-sp\/","url_meta":{"origin":81154,"position":4},"title":"Idoso de 76 anos morre prensado por elevador no interior de SP","author":"noticiasribeiraopreto.com.br","date":"29 de August de 2025","format":false,"excerpt":"Um idoso de 76 anos morreu na noite desta quinta-feira (28) ap\u00f3s ser prensado por um elevador em um lar de idosos em Franca, a cerca de 90 km de Ribeir\u00e3o Preto. O acidente ocorreu na rua Of\u00e9lia Soares Russo, no Jardim Planalto. De acordo com as informa\u00e7\u00f5es da EPTV,\u2026","rel":"","context":"In &quot;Not\u00edcias de Ribeir\u00e3o Preto-SP e Regi\u00e3o&quot;","block_context":{"text":"Not\u00edcias de Ribeir\u00e3o Preto-SP e Regi\u00e3o","link":"https:\/\/noticiasribeiraopreto.com.br\/index.php\/category\/noticias-de-ribeirao-preto-sp-e-regiao-ismael-colosi\/"},"img":{"alt_text":"","src":"https:\/\/i0.wp.com\/noticiasribeiraopreto.com.br\/wp-content\/uploads\/2025\/08\/WhatsApp-Image-2025-08-29-at-12.27.25_2025-08-29_15-27-36.webp.webp?fit=1022%2C539&ssl=1&resize=350%2C200","width":350,"height":200,"srcset":"https:\/\/i0.wp.com\/noticiasribeiraopreto.com.br\/wp-content\/uploads\/2025\/08\/WhatsApp-Image-2025-08-29-at-12.27.25_2025-08-29_15-27-36.webp.webp?fit=1022%2C539&ssl=1&resize=350%2C200 1x, https:\/\/i0.wp.com\/noticiasribeiraopreto.com.br\/wp-content\/uploads\/2025\/08\/WhatsApp-Image-2025-08-29-at-12.27.25_2025-08-29_15-27-36.webp.webp?fit=1022%2C539&ssl=1&resize=525%2C300 1.5x, https:\/\/i0.wp.com\/noticiasribeiraopreto.com.br\/wp-content\/uploads\/2025\/08\/WhatsApp-Image-2025-08-29-at-12.27.25_2025-08-29_15-27-36.webp.webp?fit=1022%2C539&ssl=1&resize=700%2C400 2x"},"classes":[]},{"id":56647,"url":"https:\/\/noticiasribeiraopreto.com.br\/index.php\/2024\/08\/15\/idoso-e-roubado-enquanto-caminhava-em-praca-da-zona-oeste-de-ribeirao-preto\/","url_meta":{"origin":81154,"position":5},"title":"Idoso \u00e9 roubado enquanto caminhava em pra\u00e7a da zona Oeste de Ribeir\u00e3o Preto","author":"noticiasribeiraopreto.com.br","date":"15 de August de 2024","format":false,"excerpt":"Um idoso de 73 anos foi assaltado enquanto caminhava com outros dois homens na pra\u00e7a Anacleto Bianchi, no bairro Sumarezinho, zona Oeste de Ribeir\u00e3o Preto. C\u00e2meras de seguran\u00e7a registraram o momento em que as v\u00edtimas foram abordadas por um criminoso armado, na tarde desta quarta-feira (14) \u2013 veja o v\u00eddeo\u2026","rel":"","context":"In &quot;Not\u00edcias de Ribeir\u00e3o Preto-SP e Regi\u00e3o&quot;","block_context":{"text":"Not\u00edcias de Ribeir\u00e3o Preto-SP e Regi\u00e3o","link":"https:\/\/noticiasribeiraopreto.com.br\/index.php\/category\/noticias-de-ribeirao-preto-sp-e-regiao-ismael-colosi\/"},"img":{"alt_text":"","src":"https:\/\/i0.wp.com\/noticiasribeiraopreto.com.br\/wp-content\/uploads\/2024\/08\/Copia-de-Copia-de-Copia-de-TAMANHO-EXATO-PARA-FOTOS-NO-SISTEMA-NOVO-5_2024-08-15_16-16-07_png_2024-08-15_16-16-08.webp.webp?fit=1200%2C675&ssl=1&resize=350%2C200","width":350,"height":200,"srcset":"https:\/\/i0.wp.com\/noticiasribeiraopreto.com.br\/wp-content\/uploads\/2024\/08\/Copia-de-Copia-de-Copia-de-TAMANHO-EXATO-PARA-FOTOS-NO-SISTEMA-NOVO-5_2024-08-15_16-16-07_png_2024-08-15_16-16-08.webp.webp?fit=1200%2C675&ssl=1&resize=350%2C200 1x, https:\/\/i0.wp.com\/noticiasribeiraopreto.com.br\/wp-content\/uploads\/2024\/08\/Copia-de-Copia-de-Copia-de-TAMANHO-EXATO-PARA-FOTOS-NO-SISTEMA-NOVO-5_2024-08-15_16-16-07_png_2024-08-15_16-16-08.webp.webp?fit=1200%2C675&ssl=1&resize=525%2C300 1.5x, https:\/\/i0.wp.com\/noticiasribeiraopreto.com.br\/wp-content\/uploads\/2024\/08\/Copia-de-Copia-de-Copia-de-TAMANHO-EXATO-PARA-FOTOS-NO-SISTEMA-NOVO-5_2024-08-15_16-16-07_png_2024-08-15_16-16-08.webp.webp?fit=1200%2C675&ssl=1&resize=700%2C400 2x, https:\/\/i0.wp.com\/noticiasribeiraopreto.com.br\/wp-content\/uploads\/2024\/08\/Copia-de-Copia-de-Copia-de-TAMANHO-EXATO-PARA-FOTOS-NO-SISTEMA-NOVO-5_2024-08-15_16-16-07_png_2024-08-15_16-16-08.webp.webp?fit=1200%2C675&ssl=1&resize=1050%2C600 3x"},"classes":[]}],"jetpack_sharing_enabled":true,"jetpack_shortlink":"https:\/\/wp.me\/peQAOb-l6W","_links":{"self":[{"href":"https:\/\/noticiasribeiraopreto.com.br\/index.php\/wp-json\/wp\/v2\/posts\/81154","targetHints":{"allow":["GET"]}}],"collection":[{"href":"https:\/\/noticiasribeiraopreto.com.br\/index.php\/wp-json\/wp\/v2\/posts"}],"about":[{"href":"https:\/\/noticiasribeiraopreto.com.br\/index.php\/wp-json\/wp\/v2\/types\/post"}],"author":[{"embeddable":true,"href":"https:\/\/noticiasribeiraopreto.com.br\/index.php\/wp-json\/wp\/v2\/users\/1"}],"replies":[{"embeddable":true,"href":"https:\/\/noticiasribeiraopreto.com.br\/index.php\/wp-json\/wp\/v2\/comments?post=81154"}],"version-history":[{"count":0,"href":"https:\/\/noticiasribeiraopreto.com.br\/index.php\/wp-json\/wp\/v2\/posts\/81154\/revisions"}],"wp:featuredmedia":[{"embeddable":true,"href":"https:\/\/noticiasribeiraopreto.com.br\/index.php\/wp-json\/wp\/v2\/media\/81155"}],"wp:attachment":[{"href":"https:\/\/noticiasribeiraopreto.com.br\/index.php\/wp-json\/wp\/v2\/media?parent=81154"}],"wp:term":[{"taxonomy":"category","embeddable":true,"href":"https:\/\/noticiasribeiraopreto.com.br\/index.php\/wp-json\/wp\/v2\/categories?post=81154"},{"taxonomy":"post_tag","embeddable":true,"href":"https:\/\/noticiasribeiraopreto.com.br\/index.php\/wp-json\/wp\/v2\/tags?post=81154"}],"curies":[{"name":"wp","href":"https:\/\/api.w.org\/{rel}","templated":true}]}}