{"id":81156,"date":"2025-12-25T11:19:06","date_gmt":"2025-12-25T14:19:06","guid":{"rendered":"https:\/\/noticiasribeiraopreto.com.br\/index.php\/2025\/12\/25\/comercial-fica-de-fora-de-patrocinio-coletivo-da-fpf-e-rivalo\/"},"modified":"2025-12-25T11:19:06","modified_gmt":"2025-12-25T14:19:06","slug":"comercial-fica-de-fora-de-patrocinio-coletivo-da-fpf-e-rivalo","status":"publish","type":"post","link":"https:\/\/noticiasribeiraopreto.com.br\/index.php\/2025\/12\/25\/comercial-fica-de-fora-de-patrocinio-coletivo-da-fpf-e-rivalo\/","title":{"rendered":"Comercial fica de fora de patroc\u00ednio coletivo da FPF e Rivalo"},"content":{"rendered":"<div class='code-block code-block-1' style='margin: 8px 0 8px auto; text-align: right; display: block; clear: both;'>\n<p><a href=\"https:\/\/wa.link\/vpicfd\"><img data-recalc-dims=\"1\" class=\"wp-image-4922\" style=\"aspect-ratio: 2.0253164556962027; width: 561px; height: auto;\" src=\"https:\/\/i0.wp.com\/ismaelcolosi.com.br\/wp-content\/uploads\/2023\/11\/grupo-de-empregos-whatsapp-e-facebook-ismael-colosi-vagas.jpg?ssl=1\" alt=\"\" \/><\/a><\/p>\n<!-- \/wp:image -->\n<\/div>\n<p> <br \/>\n<\/p>\n<div>\n<p>Igor Ramos<\/p>\n<p>A Federa\u00e7\u00e3o Paulista de Futebol e a Rivalo, uma das marcas pioneiras em apostas esportivas na Am\u00e9rica Latina, firmaram acordo para o maior patroc\u00ednio coletivo da hist\u00f3ria do futebol brasileiro, consolidando a casa como a principal apoiadora do esporte no estado e uma das maiores investidoras do pa\u00eds.<\/p>\n<p>A marca adquiriu um pacote que inclui placas de jogos no Paulist\u00e3o A1 bem como naming rights do Paulist\u00e3o A2, Paulist\u00e3o A3, Paulist\u00e3o A4 e Copa Paulista. A Rivalo tamb\u00e9m estampar\u00e1 a camisa do Capivariano na A1 e de 45 dos 48 times participantes destas quatro \u00faltimas competi\u00e7\u00f5es em 2026, tornando-se com 46 equipes a maior patrocinadora do futebol brasileiro.<\/p>\n<p>O Comercial n\u00e3o aparece na lista dos clubes patrocinados. Segundo presidente Ant\u00f4nio Campaneli, em entrevista ao Tribuna nesta quinta-feira, o motivo foi a impossibilidade de inserir uma segunda casa de apostas na camisa, j\u00e1 que o patrocinador m\u00e1ster de 2025 ser\u00e1 a VIESPORTIVA.<\/p>\n<p>\u201cN\u00e3o pudemos entrar nessa grande grupo de clubes beneficiados porque j\u00e1 temos a Vipesportiva e temos contrato\u00a0 com eles\u201d, disse Campanelli.<\/p>\n<p>Perguntado se o clube perde financeiramente com essa\u201drecusa\u201do presidente foi\u00a0 tatativo.<\/p>\n<p>\u201cTamb\u00e9m se aceit\u00e1ssemos n\u00e3o iir\u00edamos receber\u00a0 devido aos bloqueios judiciais\u201d disse o\u00a0\u00a0 dirigente, que afirmou ainda buscar outros patrocinadores para a camisa. O novo uniforme ser\u00e1 produzido pela Kappa e ser\u00e1 apresentado em janeiro quando a empresa passa a assumir a loja oficial do clube..<\/p>\n<p><strong>Patroc\u00ednio da FPF<\/strong><\/p>\n<p>A iniciativa garante uma nova fonte de receita anual para os clubes, fortalecendo toda a cadeia do futebol estadual.<\/p>\n<p>A FPF ofereceu o benef\u00edcio aos clubes dessas competi\u00e7\u00f5es, atuando como elo entre patrocinador e agremia\u00e7\u00f5es, garantindo um modelo coletivo, transparente e inovador. A Rivalo tamb\u00e9m patrocinar\u00e1 o Programa de Integridade da FPF, pioneiro no combate \u00e0 manipula\u00e7\u00e3o de jogos no Brasil.<\/p>\n<p>\u201cEste projeto ir\u00e1 redefinir o conceito de patroc\u00ednio esportivo no Brasil. Al\u00e9m de inovador, o acordo com a Rivalo potencializa pilares estrat\u00e9gicos do futebol paulista\u201d, diz o presidente da FPF, Reinaldo Carneiro Bastos.<\/p>\n<p>\u201c\u00c9 um modelo \u00fanico e in\u00e9dito. Jamais uma marca patrocinou, ao mesmo tempo, 46 clubes e cinco competi\u00e7\u00f5es. Isso representar\u00e1 uma receita extra aos clubes em um conceito inovador e in\u00e9dito, com potencial de crescimento para as pr\u00f3ximas temporadas\u201d, conclui.<\/p>\n<p>Para a Rivalo, o acordo refor\u00e7a o compromisso de longo prazo com o futebol brasileiro e, especialmente, com o futebol paulista, reconhecido historicamente como um dos principais celeiros de craques do pa\u00eds.<\/p>\n<p>\u201cO futebol paulista \u00e9 uma das bases do futebol brasileiro. \u00c9 onde surgem muitos talentos, hist\u00f3rias e paix\u00f5es que depois ganham o mundo. Ao apoiar essa estrutura, da base ao topo da pir\u00e2mide, a Rivalo assume um compromisso sem precedentes com o desenvolvimento do esporte, de forma ampla, respons\u00e1vel e sustent\u00e1vel\u201d, afirma Daniel Eskinazi, Diretor-Geral da Rivalo.<\/p>\n<p>\u201cSer a principal parceira da Federa\u00e7\u00e3o Paulista de Futebol e estar presente em quase todos os clubes dessas competi\u00e7\u00f5es \u00e9 algo compar\u00e1vel, em escala, a apoiar uma Copa do Mundo inteira. \u00c9 um projeto que valoriza o coletivo, fortalece os clubes e reafirma nosso prop\u00f3sito de investir no futebol que forma atletas, torcedores e hist\u00f3rias\u201d, completa o executivo.<\/p>\n<p>O pontap\u00e9 inicial dos patroc\u00ednios ser\u00e1 j\u00e1 na estreia do Paulist\u00e3o, em 10 de janeiro, com o Capivariano. O Paulist\u00e3o A2 Rivalo come\u00e7ar\u00e1 no dia 11 de janeiro.<\/p>\n<p><strong>Sobre a Rivalo<\/strong><br \/>A Rivalo \u00e9 uma das marcas mais tradicionais de apostas esportivas na Am\u00e9rica Latina. Oferece uma plataforma robusta de apostas esportivas e um portf\u00f3lio completo de jogos de cassino, com foco em tecnologia, seguran\u00e7a e experi\u00eancia para seus jogadores. A marca \u00e9 operada desde 1\u00ba de janeiro de 2025 pela Olavir Ltda. que possui uma licen\u00e7a federal concedida pelo Minist\u00e9rio da Fazenda.<\/p>\n<\/div>\n<p><br \/>\n<br \/><a href=\"https:\/\/www.tribunaribeirao.com.br\/comercial-fica-de-fora-de-patrocinio-coletivo-da-fpf-e-rivalo\/\">Source link <\/a><\/p>\n<!-- CONTENT END 1 -->\n","protected":false},"excerpt":{"rendered":"<p>Igor Ramos A Federa\u00e7\u00e3o Paulista de Futebol e a Rivalo, uma das marcas pioneiras em apostas esportivas na Am\u00e9rica Latina, firmaram acordo para o maior&#8230;<\/p>\n","protected":false},"author":1,"featured_media":81157,"comment_status":"open","ping_status":"open","sticky":false,"template":"","format":"standard","meta":{"advanced_seo_description":"","jetpack_seo_html_title":"","jetpack_seo_noindex":false,"jetpack_post_was_ever_published":false,"_jetpack_newsletter_access":"","_jetpack_dont_email_post_to_subs":false,"_jetpack_newsletter_tier_id":0,"_jetpack_memberships_contains_paywalled_content":false,"_jetpack_memberships_contains_paid_content":false,"footnotes":"","jetpack_publicize_message":"","jetpack_publicize_feature_enabled":true,"jetpack_social_post_already_shared":true,"jetpack_social_options":{"image_generator_settings":{"template":"highway","default_image_id":0,"font":"","enabled":false},"version":2}},"categories":[11],"tags":[],"class_list":["post-81156","post","type-post","status-publish","format-standard","has-post-thumbnail","hentry","category-noticias-de-ribeirao-preto-sp-e-regiao-ismael-colosi"],"jetpack_publicize_connections":[],"jetpack_featured_media_url":"https:\/\/i0.wp.com\/noticiasribeiraopreto.com.br\/wp-content\/uploads\/2025\/12\/clubes-rivalo-scaled.jpeg?fit=624%2C780&ssl=1","jetpack-related-posts":[{"id":64704,"url":"https:\/\/noticiasribeiraopreto.com.br\/index.php\/2025\/03\/11\/finais-do-paulistao-2025-tem-dias-e-horarios-definidos-confira\/","url_meta":{"origin":81156,"position":0},"title":"Finais do Paulist\u00e3o 2025 t\u00eam dias e hor\u00e1rios definidos; Confira","author":"noticiasribeiraopreto.com.br","date":"11 de March de 2025","format":false,"excerpt":"A FPF (Federa\u00e7\u00e3o Paulista de Futebol) definiu nesta ter\u00e7a-feira (11) os dias e hor\u00e1rios das finais do Paulist\u00e3o 2025, entre Corinthians e Palmeiras. O alvinegro chegou na final ap\u00f3s eliminar o Santos, no \u00faltimo domingo (9), j\u00e1 o Palmeiras passou pelo S\u00e3o Paulo nesta segunda-feira (10). O Corinthians \u00e9 o\u2026","rel":"","context":"In &quot;Not\u00edcias de Ribeir\u00e3o Preto-SP e Regi\u00e3o&quot;","block_context":{"text":"Not\u00edcias de Ribeir\u00e3o Preto-SP e Regi\u00e3o","link":"https:\/\/noticiasribeiraopreto.com.br\/index.php\/category\/noticias-de-ribeirao-preto-sp-e-regiao-ismael-colosi\/"},"img":{"alt_text":"","src":"https:\/\/i0.wp.com\/noticiasribeiraopreto.com.br\/wp-content\/uploads\/2025\/03\/AnyConv.com__paulistao-2.webp.webp?fit=1166%2C586&ssl=1&resize=350%2C200","width":350,"height":200,"srcset":"https:\/\/i0.wp.com\/noticiasribeiraopreto.com.br\/wp-content\/uploads\/2025\/03\/AnyConv.com__paulistao-2.webp.webp?fit=1166%2C586&ssl=1&resize=350%2C200 1x, https:\/\/i0.wp.com\/noticiasribeiraopreto.com.br\/wp-content\/uploads\/2025\/03\/AnyConv.com__paulistao-2.webp.webp?fit=1166%2C586&ssl=1&resize=525%2C300 1.5x, https:\/\/i0.wp.com\/noticiasribeiraopreto.com.br\/wp-content\/uploads\/2025\/03\/AnyConv.com__paulistao-2.webp.webp?fit=1166%2C586&ssl=1&resize=700%2C400 2x, https:\/\/i0.wp.com\/noticiasribeiraopreto.com.br\/wp-content\/uploads\/2025\/03\/AnyConv.com__paulistao-2.webp.webp?fit=1166%2C586&ssl=1&resize=1050%2C600 3x"},"classes":[]},{"id":31768,"url":"https:\/\/noticiasribeiraopreto.com.br\/index.php\/2024\/01\/23\/top-10-maiores-campeoes-do-campeonato-paulista\/","url_meta":{"origin":81156,"position":1},"title":"Top 10 maiores campe\u00f5es do Campeonato Paulista","author":"noticiasribeiraopreto.com.br","date":"23 de January de 2024","format":false,"excerpt":"O Campeonato Paulista de futebol tamb\u00e9m conhecido como Paulist\u00e3o, \u00e9 disputado desde 1902, sendo assim, a competi\u00e7\u00e3o futebol\u00edstica mais antiga do Brasil, e de in\u00edcio era organizado pela Liga Paulista de Futebol(LPF). Essa entidade esteve a frente da disputa at\u00e9 1916, quando em 1917 encerrou as suas atividades. Antes disso,\u2026","rel":"","context":"In &quot;Blog&quot;","block_context":{"text":"Blog","link":"https:\/\/noticiasribeiraopreto.com.br\/index.php\/category\/blog\/"},"img":{"alt_text":"","src":"https:\/\/i0.wp.com\/noticiasribeiraopreto.com.br\/wp-content\/uploads\/2024\/01\/Campeoes-do-Campeonato-Paulista.jpg?fit=1200%2C800&ssl=1&resize=350%2C200","width":350,"height":200,"srcset":"https:\/\/i0.wp.com\/noticiasribeiraopreto.com.br\/wp-content\/uploads\/2024\/01\/Campeoes-do-Campeonato-Paulista.jpg?fit=1200%2C800&ssl=1&resize=350%2C200 1x, https:\/\/i0.wp.com\/noticiasribeiraopreto.com.br\/wp-content\/uploads\/2024\/01\/Campeoes-do-Campeonato-Paulista.jpg?fit=1200%2C800&ssl=1&resize=525%2C300 1.5x, https:\/\/i0.wp.com\/noticiasribeiraopreto.com.br\/wp-content\/uploads\/2024\/01\/Campeoes-do-Campeonato-Paulista.jpg?fit=1200%2C800&ssl=1&resize=700%2C400 2x, https:\/\/i0.wp.com\/noticiasribeiraopreto.com.br\/wp-content\/uploads\/2024\/01\/Campeoes-do-Campeonato-Paulista.jpg?fit=1200%2C800&ssl=1&resize=1050%2C600 3x"},"classes":[]},{"id":82711,"url":"https:\/\/noticiasribeiraopreto.com.br\/index.php\/2026\/02\/24\/confira-os-dias-e-horarios-das-semifinais-do-paulistao-2026\/","url_meta":{"origin":81156,"position":2},"title":"Confira os dias e hor\u00e1rios das semifinais do Paulist\u00e3o 2026","author":"noticiasribeiraopreto.com.br","date":"24 de February de 2026","format":false,"excerpt":"As semifinais do Paulist\u00e3o 2026 acontecem no final de semana, com partidas no s\u00e1bado (28) e domingo (1\u00ba de mar\u00e7o), \u00e0s 20h30. Os detalhes da nova fase da competi\u00e7\u00e3o foram definidos em reuni\u00e3o do conselho t\u00e9cnico no Edif\u00edcio Pel\u00e9, sede da Federa\u00e7\u00e3o Paulista de Futebol, na tarde desta segunda-feira (23).\u2026","rel":"","context":"In &quot;Not\u00edcias de Ribeir\u00e3o Preto-SP e Regi\u00e3o&quot;","block_context":{"text":"Not\u00edcias de Ribeir\u00e3o Preto-SP e Regi\u00e3o","link":"https:\/\/noticiasribeiraopreto.com.br\/index.php\/category\/noticias-de-ribeirao-preto-sp-e-regiao-ismael-colosi\/"},"img":{"alt_text":"","src":"https:\/\/i0.wp.com\/noticiasribeiraopreto.com.br\/wp-content\/uploads\/2026\/02\/paulistao-2026_2026-02-16_20-10-53.webp.webp?fit=1200%2C797&ssl=1&resize=350%2C200","width":350,"height":200,"srcset":"https:\/\/i0.wp.com\/noticiasribeiraopreto.com.br\/wp-content\/uploads\/2026\/02\/paulistao-2026_2026-02-16_20-10-53.webp.webp?fit=1200%2C797&ssl=1&resize=350%2C200 1x, https:\/\/i0.wp.com\/noticiasribeiraopreto.com.br\/wp-content\/uploads\/2026\/02\/paulistao-2026_2026-02-16_20-10-53.webp.webp?fit=1200%2C797&ssl=1&resize=525%2C300 1.5x, https:\/\/i0.wp.com\/noticiasribeiraopreto.com.br\/wp-content\/uploads\/2026\/02\/paulistao-2026_2026-02-16_20-10-53.webp.webp?fit=1200%2C797&ssl=1&resize=700%2C400 2x, https:\/\/i0.wp.com\/noticiasribeiraopreto.com.br\/wp-content\/uploads\/2026\/02\/paulistao-2026_2026-02-16_20-10-53.webp.webp?fit=1200%2C797&ssl=1&resize=1050%2C600 3x"},"classes":[]},{"id":42837,"url":"https:\/\/noticiasribeiraopreto.com.br\/index.php\/2024\/03\/17\/paulistao-medio-copa-do-brasil-e-projecao-para-serie-b\/","url_meta":{"origin":81156,"position":3},"title":"Paulist\u00e3o m\u00e9dio, Copa do Brasil e proje\u00e7\u00e3o para S\u00e9rie B\u00a0","author":"noticiasribeiraopreto.com.br","date":"17 de March de 2024","format":false,"excerpt":"O Botafogo venceu o An\u00e1polis, faturou mais R$ 2,2 milh\u00f5es na Copa do Brasil e agora tem um per\u00edodo de pouco mais de um m\u00eas para preparar o in\u00edcio do Campeonato Brasileiro da S\u00e9rie B. Por isso, preparamos um material para avaliar a primeira parte da temporada Tricolor.\u00a0\u00a0Paulist\u00e3o\u00a0\u00a0A campanha no\u2026","rel":"","context":"In &quot;Not\u00edcias de Ribeir\u00e3o Preto-SP e Regi\u00e3o&quot;","block_context":{"text":"Not\u00edcias de Ribeir\u00e3o Preto-SP e Regi\u00e3o","link":"https:\/\/noticiasribeiraopreto.com.br\/index.php\/category\/noticias-de-ribeirao-preto-sp-e-regiao-ismael-colosi\/"},"img":{"alt_text":"","src":"https:\/\/i0.wp.com\/noticiasribeiraopreto.com.br\/wp-content\/uploads\/2024\/03\/Domingo-1-scaled.jpg?fit=967%2C645&ssl=1&resize=350%2C200","width":350,"height":200,"srcset":"https:\/\/i0.wp.com\/noticiasribeiraopreto.com.br\/wp-content\/uploads\/2024\/03\/Domingo-1-scaled.jpg?fit=967%2C645&ssl=1&resize=350%2C200 1x, https:\/\/i0.wp.com\/noticiasribeiraopreto.com.br\/wp-content\/uploads\/2024\/03\/Domingo-1-scaled.jpg?fit=967%2C645&ssl=1&resize=525%2C300 1.5x, https:\/\/i0.wp.com\/noticiasribeiraopreto.com.br\/wp-content\/uploads\/2024\/03\/Domingo-1-scaled.jpg?fit=967%2C645&ssl=1&resize=700%2C400 2x"},"classes":[]},{"id":79970,"url":"https:\/\/noticiasribeiraopreto.com.br\/index.php\/2025\/11\/12\/formato-da-champions-e-palmeiras-veja-os-adversarios-do-botafogo-no-paulistao\/","url_meta":{"origin":81156,"position":4},"title":"Formato da Champions e Palmeiras: Veja os advers\u00e1rios do Botafogo no Paulist\u00e3o","author":"noticiasribeiraopreto.com.br","date":"12 de November de 2025","format":false,"excerpt":"O Botafogo conheceu na noite desta ter\u00e7a-feira (11) os advers\u00e1rios na primeira fase do Campeonato Paulista 2026, que ter\u00e1 o formato inspirado na Champions League. A equipe de Ribeir\u00e3o Preto vai disputar oito confrontos, entre eles, contra o Palmeiras. Confira: Noroeste, Capivariano, Primavera, Guarani, Velo Clube, Novorizontino, Red Bull Bragantino\u2026","rel":"","context":"In &quot;Not\u00edcias de Ribeir\u00e3o Preto-SP e Regi\u00e3o&quot;","block_context":{"text":"Not\u00edcias de Ribeir\u00e3o Preto-SP e Regi\u00e3o","link":"https:\/\/noticiasribeiraopreto.com.br\/index.php\/category\/noticias-de-ribeirao-preto-sp-e-regiao-ismael-colosi\/"},"img":{"alt_text":"","src":"https:\/\/i0.wp.com\/noticiasribeiraopreto.com.br\/wp-content\/uploads\/2025\/11\/paulistao-2026_2025-11-12_01-38-37.webp.webp?fit=1132%2C734&ssl=1&resize=350%2C200","width":350,"height":200,"srcset":"https:\/\/i0.wp.com\/noticiasribeiraopreto.com.br\/wp-content\/uploads\/2025\/11\/paulistao-2026_2025-11-12_01-38-37.webp.webp?fit=1132%2C734&ssl=1&resize=350%2C200 1x, https:\/\/i0.wp.com\/noticiasribeiraopreto.com.br\/wp-content\/uploads\/2025\/11\/paulistao-2026_2025-11-12_01-38-37.webp.webp?fit=1132%2C734&ssl=1&resize=525%2C300 1.5x, https:\/\/i0.wp.com\/noticiasribeiraopreto.com.br\/wp-content\/uploads\/2025\/11\/paulistao-2026_2025-11-12_01-38-37.webp.webp?fit=1132%2C734&ssl=1&resize=700%2C400 2x, https:\/\/i0.wp.com\/noticiasribeiraopreto.com.br\/wp-content\/uploads\/2025\/11\/paulistao-2026_2025-11-12_01-38-37.webp.webp?fit=1132%2C734&ssl=1&resize=1050%2C600 3x"},"classes":[]},{"id":65792,"url":"https:\/\/noticiasribeiraopreto.com.br\/index.php\/2025\/03\/24\/jornal-da-franca-base-da-veterana-francana-disputara-campeonato-paulista-sub-15-e-sub-17\/","url_meta":{"origin":81156,"position":5},"title":"Jornal da Franca &#8211; Base da Veterana: Francana disputar\u00e1 Campeonato Paulista Sub-15 e Sub-17","author":"noticiasribeiraopreto.com.br","date":"24 de March de 2025","format":false,"excerpt":"compartilhar no whatsapp compartilhar no telegram compartilhar no facebook compartilhar no linkedin Veterana ter\u00e1 seis advers\u00e1rios no Grupo 3, com objetivo de revelar talentos para os campeonatos profissionais A Associa\u00e7\u00e3o Atl\u00e9tica Francana est\u00e1 preparada para disputar o Campeonato Paulista das categorias sub-15 e sub-17. A Federa\u00e7\u00e3o Paulista de Futebol definiu\u2026","rel":"","context":"In &quot;Not\u00edcias de Franca-SP&quot;","block_context":{"text":"Not\u00edcias de Franca-SP","link":"https:\/\/noticiasribeiraopreto.com.br\/index.php\/category\/noticias-de-ribeirao-preto-sp-e-regiao-ismael-colosi\/noticias-franca-sp\/"},"img":{"alt_text":"","src":"https:\/\/i0.wp.com\/noticiasribeiraopreto.com.br\/wp-content\/uploads\/2025\/03\/IMG-20250324-WA0017.jpg?fit=1080%2C847&ssl=1&resize=350%2C200","width":350,"height":200,"srcset":"https:\/\/i0.wp.com\/noticiasribeiraopreto.com.br\/wp-content\/uploads\/2025\/03\/IMG-20250324-WA0017.jpg?fit=1080%2C847&ssl=1&resize=350%2C200 1x, https:\/\/i0.wp.com\/noticiasribeiraopreto.com.br\/wp-content\/uploads\/2025\/03\/IMG-20250324-WA0017.jpg?fit=1080%2C847&ssl=1&resize=525%2C300 1.5x, https:\/\/i0.wp.com\/noticiasribeiraopreto.com.br\/wp-content\/uploads\/2025\/03\/IMG-20250324-WA0017.jpg?fit=1080%2C847&ssl=1&resize=700%2C400 2x, https:\/\/i0.wp.com\/noticiasribeiraopreto.com.br\/wp-content\/uploads\/2025\/03\/IMG-20250324-WA0017.jpg?fit=1080%2C847&ssl=1&resize=1050%2C600 3x"},"classes":[]}],"jetpack_sharing_enabled":true,"jetpack_shortlink":"https:\/\/wp.me\/peQAOb-l6Y","_links":{"self":[{"href":"https:\/\/noticiasribeiraopreto.com.br\/index.php\/wp-json\/wp\/v2\/posts\/81156","targetHints":{"allow":["GET"]}}],"collection":[{"href":"https:\/\/noticiasribeiraopreto.com.br\/index.php\/wp-json\/wp\/v2\/posts"}],"about":[{"href":"https:\/\/noticiasribeiraopreto.com.br\/index.php\/wp-json\/wp\/v2\/types\/post"}],"author":[{"embeddable":true,"href":"https:\/\/noticiasribeiraopreto.com.br\/index.php\/wp-json\/wp\/v2\/users\/1"}],"replies":[{"embeddable":true,"href":"https:\/\/noticiasribeiraopreto.com.br\/index.php\/wp-json\/wp\/v2\/comments?post=81156"}],"version-history":[{"count":0,"href":"https:\/\/noticiasribeiraopreto.com.br\/index.php\/wp-json\/wp\/v2\/posts\/81156\/revisions"}],"wp:featuredmedia":[{"embeddable":true,"href":"https:\/\/noticiasribeiraopreto.com.br\/index.php\/wp-json\/wp\/v2\/media\/81157"}],"wp:attachment":[{"href":"https:\/\/noticiasribeiraopreto.com.br\/index.php\/wp-json\/wp\/v2\/media?parent=81156"}],"wp:term":[{"taxonomy":"category","embeddable":true,"href":"https:\/\/noticiasribeiraopreto.com.br\/index.php\/wp-json\/wp\/v2\/categories?post=81156"},{"taxonomy":"post_tag","embeddable":true,"href":"https:\/\/noticiasribeiraopreto.com.br\/index.php\/wp-json\/wp\/v2\/tags?post=81156"}],"curies":[{"name":"wp","href":"https:\/\/api.w.org\/{rel}","templated":true}]}}