{"id":81159,"date":"2025-12-26T06:20:21","date_gmt":"2025-12-26T09:20:21","guid":{"rendered":"https:\/\/noticiasribeiraopreto.com.br\/index.php\/2025\/12\/26\/filho-ameaca-pai-quebra-casa-e-acaba-preso-pela-gcm-em-ribeirao-preto\/"},"modified":"2025-12-26T06:20:21","modified_gmt":"2025-12-26T09:20:21","slug":"filho-ameaca-pai-quebra-casa-e-acaba-preso-pela-gcm-em-ribeirao-preto","status":"publish","type":"post","link":"https:\/\/noticiasribeiraopreto.com.br\/index.php\/2025\/12\/26\/filho-ameaca-pai-quebra-casa-e-acaba-preso-pela-gcm-em-ribeirao-preto\/","title":{"rendered":"Filho amea\u00e7a pai, quebra casa e acaba preso pela GCM em Ribeir\u00e3o Preto"},"content":{"rendered":"<div class='code-block code-block-1' style='margin: 8px 0 8px auto; text-align: right; display: block; clear: both;'>\n<p><a href=\"https:\/\/wa.link\/vpicfd\"><img data-recalc-dims=\"1\" class=\"wp-image-4922\" style=\"aspect-ratio: 2.0253164556962027; width: 561px; height: auto;\" src=\"https:\/\/i0.wp.com\/ismaelcolosi.com.br\/wp-content\/uploads\/2023\/11\/grupo-de-empregos-whatsapp-e-facebook-ismael-colosi-vagas.jpg?ssl=1\" alt=\"\" \/><\/a><\/p>\n<!-- \/wp:image -->\n<\/div>\n<p> <br \/>\n<\/p>\n<div data-td-block-uid=\"tdi_95\">\n<div class=\"tdb-block-inner td-fix-index\">\n<p>Um <strong>homem de 42 anos<\/strong> foi preso em flagrante pela <strong>Guarda Civil Municipal (GCM) de Ribeir\u00e3o Preto<\/strong> ap\u00f3s amea\u00e7ar o pai em uma resid\u00eancia na Vila Tib\u00e9rio, zona Oeste do munic\u00edpio, na tarde desta quinta-feira (25).<\/p>\n<p>De acordo com as informa\u00e7\u00f5es, <strong>o pr\u00f3prio pai do suspeito fez a den\u00fancia<\/strong>. <mark style=\"background-color:#fcb900\" class=\"has-inline-color\">O homem, de 72 anos, afirmou que, na noite desta quarta-feira (24), o filho quebrou diversos objetos da resid\u00eancia da fam\u00edlia durante a ceia de Natal.<\/mark><\/p>\n<p>Os agentes foram acionados pelo idoso e foram at\u00e9 o local, onde foram informados que o <strong>acusado estava sob efeito de drogas e fazendo amea\u00e7as contra o pai e a esposa.<\/strong><\/p>\n<p>Ap\u00f3s a pris\u00e3o, ele foi encaminhado para os procedimentos legais e passar\u00e1 por <strong>audi\u00eancia de cust\u00f3dia<\/strong>, ficando \u00e0 disposi\u00e7\u00e3o da Justi\u00e7a.<\/p>\n<p>Ainda conforme a <strong>GCM<\/strong>, o homem j\u00e1 possui passagens pela pol\u00edcia por <strong>agredir os pais em outras ocasi\u00f5es<\/strong> e <strong>tamb\u00e9m por ter colocado fogo na resid\u00eancia.<\/strong><\/p>\n<p><em>*Com informa\u00e7\u00f5es da CBN Ribeir\u00e3o<\/em><\/p>\n<hr class=\"wp-block-separator has-alpha-channel-opacity\"\/>\n<p>SAIBA MAIS<\/p>\n<p>Benefici\u00e1rio da \u2018saidinha\u2019 \u00e9 preso por amea\u00e7ar a companheira na regi\u00e3o de Ribeir\u00e3o Preto<\/p>\n<h2 class=\"wp-block-heading\"><strong>FIQUE ON<\/strong><\/h2>\n<p>Fique ligado em tudo que acontece em Ribeir\u00e3o Preto e regi\u00e3o. Siga os perfis do\u00a0<strong>acidade on\u00a0<\/strong>no\u00a0<a href=\"https:\/\/www.instagram.com\/acidadeonribeirao\" target=\"_blank\" rel=\"noreferrer noopener\">Instagram\u00a0<\/a>e no<a href=\"https:\/\/www.facebook.com\/acidadeonribeirao\/\" target=\"_blank\" rel=\"noreferrer noopener\">\u00a0Facebook<\/a>.<\/p>\n<p>Receba not\u00edcias do<strong>\u00a0acidade on\u00a0<\/strong>no WhatsApp. Para entrar no grupo,\u00a0basta\u00a0<a href=\"https:\/\/chat.whatsapp.com\/GFH9HUMUTHNFJdnyEd0xxq\" target=\"_blank\" rel=\"noreferrer noopener\">clicar aqui<\/a>. Ou, acesse o nosso\u00a0Canal<a href=\"https:\/\/whatsapp.com\/channel\/0029Vb6IQl1JENyAeS57fk2p\" target=\"_blank\" rel=\"noreferrer noopener\">\u00a0clicando aqui<\/a>.<\/p>\n<p>Fa\u00e7a uma den\u00fancia ou sugira uma reportagem sobre Ribeir\u00e3o Preto e regi\u00e3o pelo WhatsApp: 16 99117 7802.<\/p>\n<p>VEJA TAMB\u00c9M<\/p>\n<p>Sorvete de pitanga; aprenda receita<\/p>\n<p><!-- AI CONTENT END 1 -->\n<\/div>\n<\/div>\n<p><script async src=\"\/\/www.instagram.com\/embed.js\"><\/script><br \/>\n<br \/><br \/>\n<br \/><a href=\"https:\/\/www.acidadeon.com\/ribeiraopreto\/cotidiano\/filho-ameaca-pai-quebra-casa-e-acaba-preso-pela-gcm-em-ribeirao-preto\/\">Source link <\/a><\/p>\n<!-- CONTENT END 1 -->\n","protected":false},"excerpt":{"rendered":"<p>Um homem de 42 anos foi preso em flagrante pela Guarda Civil Municipal (GCM) de Ribeir\u00e3o Preto ap\u00f3s amea\u00e7ar o pai em uma resid\u00eancia na&#8230;<\/p>\n","protected":false},"author":1,"featured_media":81160,"comment_status":"open","ping_status":"open","sticky":false,"template":"","format":"standard","meta":{"advanced_seo_description":"","jetpack_seo_html_title":"","jetpack_seo_noindex":false,"jetpack_post_was_ever_published":false,"_jetpack_newsletter_access":"","_jetpack_dont_email_post_to_subs":false,"_jetpack_newsletter_tier_id":0,"_jetpack_memberships_contains_paywalled_content":false,"_jetpack_memberships_contains_paid_content":false,"footnotes":"","jetpack_publicize_message":"","jetpack_publicize_feature_enabled":true,"jetpack_social_post_already_shared":true,"jetpack_social_options":{"image_generator_settings":{"template":"highway","default_image_id":0,"font":"","enabled":false},"version":2}},"categories":[11],"tags":[],"class_list":["post-81159","post","type-post","status-publish","format-standard","has-post-thumbnail","hentry","category-noticias-de-ribeirao-preto-sp-e-regiao-ismael-colosi"],"jetpack_publicize_connections":[],"jetpack_featured_media_url":"https:\/\/i0.wp.com\/noticiasribeiraopreto.com.br\/wp-content\/uploads\/2025\/12\/domingo-41_2025-12-25_20-51-03.webp.webp?fit=1200%2C675&ssl=1","jetpack-related-posts":[{"id":77256,"url":"https:\/\/noticiasribeiraopreto.com.br\/index.php\/2025\/09\/15\/pai-e-filho-sao-presos-por-desviar-mercadorias\/","url_meta":{"origin":81159,"position":0},"title":"Pai e filho s\u00e3o presos por desviar mercadorias","author":"noticiasribeiraopreto.com.br","date":"15 de September de 2025","format":false,"excerpt":"Produtos desviados de distribuidora de Campinas eram armazenados em resid\u00eancia de Ribeir\u00e3o Preto 15 de setembro de 2025 11:1315 de setembro de 2025 11:198 Compartilhar2 Por: Adalberto Luque A Pol\u00edcia Civil prendeu dois homens, na manh\u00e3 desta segunda-feira (15), ap\u00f3s uma opera\u00e7\u00e3o realizada em Ribeir\u00e3o Preto. Pai e filho s\u00e3o\u2026","rel":"","context":"In &quot;Not\u00edcias de Ribeir\u00e3o Preto-SP e Regi\u00e3o&quot;","block_context":{"text":"Not\u00edcias de Ribeir\u00e3o Preto-SP e Regi\u00e3o","link":"https:\/\/noticiasribeiraopreto.com.br\/index.php\/category\/noticias-de-ribeirao-preto-sp-e-regiao-ismael-colosi\/"},"img":{"alt_text":"","src":"https:\/\/i0.wp.com\/noticiasribeiraopreto.com.br\/wp-content\/uploads\/2025\/09\/15-set-2025-operacaocampinas.jpg?fit=1000%2C626&ssl=1&resize=350%2C200","width":350,"height":200,"srcset":"https:\/\/i0.wp.com\/noticiasribeiraopreto.com.br\/wp-content\/uploads\/2025\/09\/15-set-2025-operacaocampinas.jpg?fit=1000%2C626&ssl=1&resize=350%2C200 1x, https:\/\/i0.wp.com\/noticiasribeiraopreto.com.br\/wp-content\/uploads\/2025\/09\/15-set-2025-operacaocampinas.jpg?fit=1000%2C626&ssl=1&resize=525%2C300 1.5x, https:\/\/i0.wp.com\/noticiasribeiraopreto.com.br\/wp-content\/uploads\/2025\/09\/15-set-2025-operacaocampinas.jpg?fit=1000%2C626&ssl=1&resize=700%2C400 2x"},"classes":[]},{"id":82133,"url":"https:\/\/noticiasribeiraopreto.com.br\/index.php\/2026\/02\/05\/homem-e-preso-ao-tentar-furtar-fios-de-cobre-de-escola-em-ribeirao-preto\/","url_meta":{"origin":81159,"position":1},"title":"Homem \u00e9 preso ao tentar furtar fios de cobre de escola em Ribeir\u00e3o Preto","author":"noticiasribeiraopreto.com.br","date":"5 de February de 2026","format":false,"excerpt":"A GCM (Guarda Civil Municipal) prendeu, na manh\u00e3 desta quinta-feira (5), um homem suspeito de tentar furtar fios de cobre da EMEF Vereador Jos\u00e9 Delibo, localizada no bairro Castelo Branco Novo, zona Leste de Ribeir\u00e3o Preto. De acordo com a corpora\u00e7\u00e3o, as equipes foram acionadas via Cecom (Centro de Comunica\u00e7\u00f5es)\u2026","rel":"","context":"In &quot;Not\u00edcias de Ribeir\u00e3o Preto-SP e Regi\u00e3o&quot;","block_context":{"text":"Not\u00edcias de Ribeir\u00e3o Preto-SP e Regi\u00e3o","link":"https:\/\/noticiasribeiraopreto.com.br\/index.php\/category\/noticias-de-ribeirao-preto-sp-e-regiao-ismael-colosi\/"},"img":{"alt_text":"","src":"https:\/\/i0.wp.com\/noticiasribeiraopreto.com.br\/wp-content\/uploads\/2026\/02\/domingo-70_2026-02-05_10-28-25.webp.webp?fit=1200%2C675&ssl=1&resize=350%2C200","width":350,"height":200,"srcset":"https:\/\/i0.wp.com\/noticiasribeiraopreto.com.br\/wp-content\/uploads\/2026\/02\/domingo-70_2026-02-05_10-28-25.webp.webp?fit=1200%2C675&ssl=1&resize=350%2C200 1x, https:\/\/i0.wp.com\/noticiasribeiraopreto.com.br\/wp-content\/uploads\/2026\/02\/domingo-70_2026-02-05_10-28-25.webp.webp?fit=1200%2C675&ssl=1&resize=525%2C300 1.5x, https:\/\/i0.wp.com\/noticiasribeiraopreto.com.br\/wp-content\/uploads\/2026\/02\/domingo-70_2026-02-05_10-28-25.webp.webp?fit=1200%2C675&ssl=1&resize=700%2C400 2x, https:\/\/i0.wp.com\/noticiasribeiraopreto.com.br\/wp-content\/uploads\/2026\/02\/domingo-70_2026-02-05_10-28-25.webp.webp?fit=1200%2C675&ssl=1&resize=1050%2C600 3x"},"classes":[]},{"id":49334,"url":"https:\/\/noticiasribeiraopreto.com.br\/index.php\/2024\/05\/10\/o-que-se-sabe-sobre-o-caso-do-pai-que-manteve-o-filho-refem-com-faca-em-ribeirao-preto\/","url_meta":{"origin":81159,"position":2},"title":"O que se sabe sobre o caso do pai que manteve o filho ref\u00e9m com faca em Ribeir\u00e3o Preto","author":"noticiasribeiraopreto.com.br","date":"10 de May de 2024","format":false,"excerpt":"O homem de 33 anos preso por manter o filho de 9 anos ref\u00e9m na noite desta quinta-feira (9), na casa da fam\u00edlia, no Jardim Paulo Gomes Romeu, zona Oeste de Ribeir\u00e3o Preto, dever\u00e1 responder por tr\u00eas crimes. A crian\u00e7a, que necessita de cuidados especiais, foi liberada sem ferimentos ap\u00f3s\u2026","rel":"","context":"In &quot;Not\u00edcias de Ribeir\u00e3o Preto-SP e Regi\u00e3o&quot;","block_context":{"text":"Not\u00edcias de Ribeir\u00e3o Preto-SP e Regi\u00e3o","link":"https:\/\/noticiasribeiraopreto.com.br\/index.php\/category\/noticias-de-ribeirao-preto-sp-e-regiao-ismael-colosi\/"},"img":{"alt_text":"","src":"https:\/\/i0.wp.com\/noticiasribeiraopreto.com.br\/wp-content\/uploads\/2024\/05\/WhatsApp-Image-2024-05-09-at-22.58.46_2024-05-10_11-33-07_jpeg_2024-05-10_11-33-07.webp.webp?fit=1200%2C675&ssl=1&resize=350%2C200","width":350,"height":200,"srcset":"https:\/\/i0.wp.com\/noticiasribeiraopreto.com.br\/wp-content\/uploads\/2024\/05\/WhatsApp-Image-2024-05-09-at-22.58.46_2024-05-10_11-33-07_jpeg_2024-05-10_11-33-07.webp.webp?fit=1200%2C675&ssl=1&resize=350%2C200 1x, https:\/\/i0.wp.com\/noticiasribeiraopreto.com.br\/wp-content\/uploads\/2024\/05\/WhatsApp-Image-2024-05-09-at-22.58.46_2024-05-10_11-33-07_jpeg_2024-05-10_11-33-07.webp.webp?fit=1200%2C675&ssl=1&resize=525%2C300 1.5x, https:\/\/i0.wp.com\/noticiasribeiraopreto.com.br\/wp-content\/uploads\/2024\/05\/WhatsApp-Image-2024-05-09-at-22.58.46_2024-05-10_11-33-07_jpeg_2024-05-10_11-33-07.webp.webp?fit=1200%2C675&ssl=1&resize=700%2C400 2x, https:\/\/i0.wp.com\/noticiasribeiraopreto.com.br\/wp-content\/uploads\/2024\/05\/WhatsApp-Image-2024-05-09-at-22.58.46_2024-05-10_11-33-07_jpeg_2024-05-10_11-33-07.webp.webp?fit=1200%2C675&ssl=1&resize=1050%2C600 3x"},"classes":[]},{"id":35081,"url":"https:\/\/noticiasribeiraopreto.com.br\/index.php\/2024\/02\/05\/menor-e-preso-com-drogas-na-zona-leste\/","url_meta":{"origin":81159,"position":3},"title":"Menor \u00e9 preso com drogas na zona Leste","author":"noticiasribeiraopreto.com.br","date":"5 de February de 2024","format":false,"excerpt":"Jovem estava vendendo entorpecentes e foi surpreendido por agentes da GCM 5 de fevereiro de 2024 | 9:06 2Por: Adalberto LuqueUm adolescente foi apreendido, na manh\u00e3 deste domingo (04). Foi flagrado vendendo drogas na R. Benedito Jacinto de Souza, pr\u00f3xima ao Centro de Esportes Unificado (CEU) das Artes, no Jardim\u2026","rel":"","context":"In &quot;Not\u00edcias de Ribeir\u00e3o Preto-SP e Regi\u00e3o&quot;","block_context":{"text":"Not\u00edcias de Ribeir\u00e3o Preto-SP e Regi\u00e3o","link":"https:\/\/noticiasribeiraopreto.com.br\/index.php\/category\/noticias-de-ribeirao-preto-sp-e-regiao-ismael-colosi\/"},"img":{"alt_text":"","src":"https:\/\/i0.wp.com\/noticiasribeiraopreto.com.br\/wp-content\/uploads\/2024\/02\/00-05-fev-2024-gcm-00-foto-divulgacao-scaled.jpg?fit=586%2C645&ssl=1&resize=350%2C200","width":350,"height":200,"srcset":"https:\/\/i0.wp.com\/noticiasribeiraopreto.com.br\/wp-content\/uploads\/2024\/02\/00-05-fev-2024-gcm-00-foto-divulgacao-scaled.jpg?fit=586%2C645&ssl=1&resize=350%2C200 1x, https:\/\/i0.wp.com\/noticiasribeiraopreto.com.br\/wp-content\/uploads\/2024\/02\/00-05-fev-2024-gcm-00-foto-divulgacao-scaled.jpg?fit=586%2C645&ssl=1&resize=525%2C300 1.5x"},"classes":[]},{"id":18307,"url":"https:\/\/noticiasribeiraopreto.com.br\/index.php\/2023\/12\/20\/homem-e-preso-traficando-perto-de-escola-em-rp\/","url_meta":{"origin":81159,"position":4},"title":"Homem \u00e9 preso traficando perto de escola em RP","author":"noticiasribeiraopreto.com.br","date":"20 de December de 2023","format":false,"excerpt":"Em outra a\u00e7\u00e3o, menor tamb\u00e9m foi flagrado com diversas por\u00e7\u00f5es de droga que estaria comercializando 20 de dezembro de 2023 | 7:1419 de dezembro de 2023 | 17:38 1Por: Adalberto LuqueEm duas a\u00e7\u00f5es distintas, equipes da Guarda Civil Metropolitana (GCM) de Ribeir\u00e3o Preto efetuaram a pris\u00e3o de duas pessoas, por\u2026","rel":"","context":"In &quot;Not\u00edcias de Ribeir\u00e3o Preto-SP e Regi\u00e3o&quot;","block_context":{"text":"Not\u00edcias de Ribeir\u00e3o Preto-SP e Regi\u00e3o","link":"https:\/\/noticiasribeiraopreto.com.br\/index.php\/category\/noticias-de-ribeirao-preto-sp-e-regiao-ismael-colosi\/"},"img":{"alt_text":"","src":"https:\/\/i0.wp.com\/noticiasribeiraopreto.com.br\/wp-content\/uploads\/2023\/12\/00-20-dez-2023-drogas-gcm-01-foto-max-gallao-mesquita.jpg?fit=479%2C566&ssl=1&resize=350%2C200","width":350,"height":200},"classes":[]},{"id":12907,"url":"https:\/\/noticiasribeiraopreto.com.br\/index.php\/2023\/12\/08\/homem-e-preso-apos-furtar-shampoo-em-loja-no-centro-de-ribeirao\/","url_meta":{"origin":81159,"position":5},"title":"Homem \u00e9 preso ap\u00f3s furtar shampoo em loja no Centro de Ribeir\u00e3o","author":"noticiasribeiraopreto.com.br","date":"8 de December de 2023","format":false,"excerpt":"Um homem foi preso, na tarde desta sexta-feira (8), ap\u00f3s furtar frascos de shampoo de uma loja no Cal\u00e7ad\u00e3o de Ribeir\u00e3o Preto. De acordo com as informa\u00e7\u00f5es, uma equipe da Guarda Civil Metropolitana (GCM) fazia o patrulhamento pelo local, quando viu o homem correndo com o produto pelo Centro da\u2026","rel":"","context":"In &quot;Not\u00edcias de Ribeir\u00e3o Preto-SP e Regi\u00e3o&quot;","block_context":{"text":"Not\u00edcias de Ribeir\u00e3o Preto-SP e Regi\u00e3o","link":"https:\/\/noticiasribeiraopreto.com.br\/index.php\/category\/noticias-de-ribeirao-preto-sp-e-regiao-ismael-colosi\/"},"img":{"alt_text":"","src":"https:\/\/i0.wp.com\/noticiasribeiraopreto.com.br\/wp-content\/uploads\/2023\/12\/Furto-shampoo.jpeg?fit=960%2C627&ssl=1&resize=350%2C200","width":350,"height":200,"srcset":"https:\/\/i0.wp.com\/noticiasribeiraopreto.com.br\/wp-content\/uploads\/2023\/12\/Furto-shampoo.jpeg?fit=960%2C627&ssl=1&resize=350%2C200 1x, https:\/\/i0.wp.com\/noticiasribeiraopreto.com.br\/wp-content\/uploads\/2023\/12\/Furto-shampoo.jpeg?fit=960%2C627&ssl=1&resize=525%2C300 1.5x, https:\/\/i0.wp.com\/noticiasribeiraopreto.com.br\/wp-content\/uploads\/2023\/12\/Furto-shampoo.jpeg?fit=960%2C627&ssl=1&resize=700%2C400 2x"},"classes":[]}],"jetpack_sharing_enabled":true,"jetpack_shortlink":"https:\/\/wp.me\/peQAOb-l71","_links":{"self":[{"href":"https:\/\/noticiasribeiraopreto.com.br\/index.php\/wp-json\/wp\/v2\/posts\/81159","targetHints":{"allow":["GET"]}}],"collection":[{"href":"https:\/\/noticiasribeiraopreto.com.br\/index.php\/wp-json\/wp\/v2\/posts"}],"about":[{"href":"https:\/\/noticiasribeiraopreto.com.br\/index.php\/wp-json\/wp\/v2\/types\/post"}],"author":[{"embeddable":true,"href":"https:\/\/noticiasribeiraopreto.com.br\/index.php\/wp-json\/wp\/v2\/users\/1"}],"replies":[{"embeddable":true,"href":"https:\/\/noticiasribeiraopreto.com.br\/index.php\/wp-json\/wp\/v2\/comments?post=81159"}],"version-history":[{"count":0,"href":"https:\/\/noticiasribeiraopreto.com.br\/index.php\/wp-json\/wp\/v2\/posts\/81159\/revisions"}],"wp:featuredmedia":[{"embeddable":true,"href":"https:\/\/noticiasribeiraopreto.com.br\/index.php\/wp-json\/wp\/v2\/media\/81160"}],"wp:attachment":[{"href":"https:\/\/noticiasribeiraopreto.com.br\/index.php\/wp-json\/wp\/v2\/media?parent=81159"}],"wp:term":[{"taxonomy":"category","embeddable":true,"href":"https:\/\/noticiasribeiraopreto.com.br\/index.php\/wp-json\/wp\/v2\/categories?post=81159"},{"taxonomy":"post_tag","embeddable":true,"href":"https:\/\/noticiasribeiraopreto.com.br\/index.php\/wp-json\/wp\/v2\/tags?post=81159"}],"curies":[{"name":"wp","href":"https:\/\/api.w.org\/{rel}","templated":true}]}}