{"id":81161,"date":"2025-12-26T06:27:12","date_gmt":"2025-12-26T09:27:12","guid":{"rendered":"https:\/\/noticiasribeiraopreto.com.br\/index.php\/2025\/12\/26\/beneficiario-da-saidinha-e-preso-por-ameacar-a-companheira-na-regiao-de-ribeirao-preto\/"},"modified":"2025-12-26T06:27:12","modified_gmt":"2025-12-26T09:27:12","slug":"beneficiario-da-saidinha-e-preso-por-ameacar-a-companheira-na-regiao-de-ribeirao-preto","status":"publish","type":"post","link":"https:\/\/noticiasribeiraopreto.com.br\/index.php\/2025\/12\/26\/beneficiario-da-saidinha-e-preso-por-ameacar-a-companheira-na-regiao-de-ribeirao-preto\/","title":{"rendered":"Benefici\u00e1rio da &#8216;saidinha&#8217; \u00e9 preso por amea\u00e7ar a companheira na regi\u00e3o de Ribeir\u00e3o Preto"},"content":{"rendered":"<div class='code-block code-block-1' style='margin: 8px 0 8px auto; text-align: right; display: block; clear: both;'>\n<p><a href=\"https:\/\/wa.link\/vpicfd\"><img data-recalc-dims=\"1\" class=\"wp-image-4922\" style=\"aspect-ratio: 2.0253164556962027; width: 561px; height: auto;\" src=\"https:\/\/i0.wp.com\/ismaelcolosi.com.br\/wp-content\/uploads\/2023\/11\/grupo-de-empregos-whatsapp-e-facebook-ismael-colosi-vagas.jpg?ssl=1\" alt=\"\" \/><\/a><\/p>\n<!-- \/wp:image -->\n<\/div>\n<p> <br \/>\n<\/p>\n<div>\n<p>Um <strong>homem de 43 anos<\/strong> que havia sido beneficiado pela \u201c<strong>saidinha<\/strong>\u201d foi preso em flagrante por <strong>viol\u00eancia dom\u00e9stica<\/strong> em <strong>Pirangi <\/strong>cidade a cerca de 108 quil\u00f4metros de dist\u00e2ncia de <strong>Ribeir\u00e3o Preto<\/strong>, nesta quarta-feira (24).<\/p>\n<p>De acordo com a <strong>Pol\u00edcia Civil<\/strong>,<strong> <\/strong><mark style=\"background-color:#fcb900\" class=\"has-inline-color\">o suspeito teria amea\u00e7ado a companheira para conseguir dinheiro, que, de acordo com o relato da v\u00edtima, seria usado para a compra de drogas.<\/mark><\/p>\n<p>Durante a ocorr\u00eancia, <strong>uma faca foi apreendida pela pol\u00edcia<\/strong>. O suspeito foi encaminhado \u00e0 delegacia e permaneceu \u00e0 disposi\u00e7\u00e3o da Justi\u00e7a.<\/p>\n<div class=\"wp-block-image\">\n<figure class=\"aligncenter size-large is-resized\"><img data-recalc-dims=\"1\" fetchpriority=\"high\" decoding=\"async\" width=\"1024\" height=\"713\" src=\"https:\/\/i0.wp.com\/cdn.media-acidadeon.com.br\/ribeiraopreto\/wp-content\/uploads\/sites\/3\/2025\/10\/POLICIA-CIVIL_2025-10-24_09-40-54-1024x713.webp?resize=1024%2C713&#038;ssl=1\" alt=\"Pol\u00edcia Civil informou que o suspeito estava em liberdade em raz\u00e3o do benef\u00edcio da saidinha - Foto: Divulga\u00e7\u00e3o \/ Pol\u00edcia Civil\" class=\"wp-image-133350\" style=\"width:654px\" title=\"Benefici\u00e1rio da 'saidinha' \u00e9 preso por amea\u00e7ar a companheira na regi\u00e3o de Ribeir\u00e3o Preto 1\" srcset=\"https:\/\/cdn.media-acidadeon.com.br\/ribeiraopreto\/wp-content\/uploads\/sites\/3\/2025\/10\/POLICIA-CIVIL_2025-10-24_09-40-54-1024x713.webp 1024w, https:\/\/cdn.media-acidadeon.com.br\/ribeiraopreto\/wp-content\/uploads\/sites\/3\/2025\/10\/POLICIA-CIVIL_2025-10-24_09-40-54-300x209.webp 300w, https:\/\/cdn.media-acidadeon.com.br\/ribeiraopreto\/wp-content\/uploads\/sites\/3\/2025\/10\/POLICIA-CIVIL_2025-10-24_09-40-54-768x535.webp 768w, https:\/\/cdn.media-acidadeon.com.br\/ribeiraopreto\/wp-content\/uploads\/sites\/3\/2025\/10\/POLICIA-CIVIL_2025-10-24_09-40-54-696x485.webp 696w, https:\/\/cdn.media-acidadeon.com.br\/ribeiraopreto\/wp-content\/uploads\/sites\/3\/2025\/10\/POLICIA-CIVIL_2025-10-24_09-40-54-1068x744.webp 1068w, https:\/\/cdn.media-acidadeon.com.br\/ribeiraopreto\/wp-content\/uploads\/sites\/3\/2025\/10\/POLICIA-CIVIL_2025-10-24_09-40-54.webp 1200w\" sizes=\"(max-width: 1024px) 100vw, 1024px\"\/><figcaption class=\"wp-element-caption\">Pol\u00edcia Civil informou que o suspeito estava em liberdade em raz\u00e3o do benef\u00edcio da saidinha \u2013 Foto: Divulga\u00e7\u00e3o \/ Pol\u00edcia Civil<\/figcaption><\/figure>\n<\/div>\n<h2 class=\"wp-block-heading\"><strong>Outros casos<\/strong><\/h2>\n<p>Al\u00e9m do caso na regi\u00e3o, <strong>outros tr\u00eas foram presos por viol\u00eancia dom\u00e9stica<\/strong> durante o benef\u00edcio da sa\u00edda tempor\u00e1ria do sistema prisional no <strong>interior de S\u00e3o Paulo<\/strong>.<\/p>\n<p>Em <strong>Sumar\u00e9<\/strong>, um homem de 29 anos foi preso ap\u00f3s amea\u00e7ar de morte a companheira com uma faca e arremessar uma pedra contra o rosto da v\u00edtima durante uma discuss\u00e3o dentro da resid\u00eancia do casal. Ele chegou a fugir, mas retornou ao im\u00f3vel e acabou localizado e detido pela Pol\u00edcia Militar. A mulher foi socorrida e permaneceu em observa\u00e7\u00e3o m\u00e9dica.<\/p>\n<p>J\u00e1 em <strong>Nova Odessa<\/strong>, um homem que cumpria pena por roubo e havia deixado a pris\u00e3o no mesmo dia foi preso ap\u00f3s amea\u00e7ar de morte a ex-companheira dentro do Hospital Municipal. Segundo o boletim de ocorr\u00eancia, o suspeito telefonou para a v\u00edtima logo ap\u00f3s sair da pris\u00e3o, dizendo que iria mat\u00e1-la e tirar a filha do casal. Ele foi at\u00e9 o hospital e voltou a fazer amea\u00e7as, sendo preso em flagrante pela Pol\u00edcia Militar.<\/p>\n<p>O quarto caso foi registrado em<strong> C\u00e2ndido Mota<\/strong>. Ele foi preso ap\u00f3s se envolver em uma ocorr\u00eancia de agress\u00f5es, amea\u00e7as e resist\u00eancia \u00e0 pris\u00e3o. Ele invadiu uma ch\u00e1cara para cometer roubo, mas um casal tentou impedi-lo. Quando os policiais militares chegaram, ele ainda tentou resistir \u00e0 pris\u00e3o, mas foi contido pela equipe.<\/p>\n<p>Todos os presos foram encaminhados para unidades da Pol\u00edcia Civil e permanecem \u00e0 disposi\u00e7\u00e3o da Justi\u00e7a, aguardando audi\u00eancia de cust\u00f3dia. As v\u00edtimas foram orientadas quanto \u00e0 solicita\u00e7\u00e3o de medidas protetivas previstas na Lei Maria da Penha.<\/p>\n<hr class=\"wp-block-separator has-alpha-channel-opacity\"\/>\n<p>SAIBA MAIS<\/p>\n<p>Ribeir\u00e3o prorroga vacina\u00e7\u00e3o contra HPV para jovens de 15 a 19 anos<\/p>\n<h2 class=\"wp-block-heading\"><strong>FIQUE ON<\/strong><\/h2>\n<p>Fique ligado em tudo que acontece em Ribeir\u00e3o Preto e regi\u00e3o. Siga os perfis do\u00a0<strong>acidade on\u00a0<\/strong>no\u00a0<a href=\"https:\/\/www.instagram.com\/acidadeonribeirao\" target=\"_blank\" rel=\"noreferrer noopener\">Instagram\u00a0<\/a>e no<a href=\"https:\/\/www.facebook.com\/acidadeonribeirao\/\" target=\"_blank\" rel=\"noreferrer noopener\">\u00a0Facebook<\/a>.<\/p>\n<p>Receba not\u00edcias do<strong>\u00a0acidade on\u00a0<\/strong>no WhatsApp. Para entrar no grupo,\u00a0basta\u00a0<a href=\"https:\/\/chat.whatsapp.com\/GFH9HUMUTHNFJdnyEd0xxq\" target=\"_blank\" rel=\"noreferrer noopener\">clicar aqui<\/a>. Ou, acesse o nosso\u00a0Canal<a href=\"https:\/\/whatsapp.com\/channel\/0029Vb6IQl1JENyAeS57fk2p\" target=\"_blank\" rel=\"noreferrer noopener\">\u00a0clicando aqui<\/a>.<\/p>\n<p>Fa\u00e7a uma den\u00fancia ou sugira uma reportagem sobre Ribeir\u00e3o Preto e regi\u00e3o pelo WhatsApp: 16 99117 7802.<\/p>\n<p>VEJA TAMB\u00c9M<\/p>\n<p>PlayStation inicia mais uma \u201cPromo\u00e7\u00e3o de F\u00e9rias\u201d<\/p>\n<p><!-- AI CONTENT END 1 -->\n<\/div>\n<p><script async src=\"\/\/www.instagram.com\/embed.js\"><\/script><br \/>\n<br \/><br \/>\n<br \/><a href=\"https:\/\/www.acidadeon.com\/ribeiraopreto\/cotidiano\/beneficiario-da-saidinha-e-preso-por-ameacar-a-companheira-na-regiao-de-ribeirao-preto\/\">Source link <\/a><\/p>\n<!-- CONTENT END 1 -->\n","protected":false},"excerpt":{"rendered":"<p>Um homem de 43 anos que havia sido beneficiado pela \u201csaidinha\u201d foi preso em flagrante por viol\u00eancia dom\u00e9stica em Pirangi cidade a cerca de 108&#8230;<\/p>\n","protected":false},"author":1,"featured_media":81162,"comment_status":"open","ping_status":"open","sticky":false,"template":"","format":"standard","meta":{"advanced_seo_description":"","jetpack_seo_html_title":"","jetpack_seo_noindex":false,"jetpack_post_was_ever_published":false,"_jetpack_newsletter_access":"","_jetpack_dont_email_post_to_subs":false,"_jetpack_newsletter_tier_id":0,"_jetpack_memberships_contains_paywalled_content":false,"_jetpack_memberships_contains_paid_content":false,"footnotes":"","jetpack_publicize_message":"","jetpack_publicize_feature_enabled":true,"jetpack_social_post_already_shared":true,"jetpack_social_options":{"image_generator_settings":{"template":"highway","default_image_id":0,"font":"","enabled":false},"version":2}},"categories":[11],"tags":[],"class_list":["post-81161","post","type-post","status-publish","format-standard","has-post-thumbnail","hentry","category-noticias-de-ribeirao-preto-sp-e-regiao-ismael-colosi"],"jetpack_publicize_connections":[],"jetpack_featured_media_url":"https:\/\/i0.wp.com\/noticiasribeiraopreto.com.br\/wp-content\/uploads\/2025\/12\/POLICIA-CIVIL_2025-10-24_09-40-54-1024x713.webp.webp?fit=1024%2C713&ssl=1","jetpack-related-posts":[{"id":81159,"url":"https:\/\/noticiasribeiraopreto.com.br\/index.php\/2025\/12\/26\/filho-ameaca-pai-quebra-casa-e-acaba-preso-pela-gcm-em-ribeirao-preto\/","url_meta":{"origin":81161,"position":0},"title":"Filho amea\u00e7a pai, quebra casa e acaba preso pela GCM em Ribeir\u00e3o Preto","author":"noticiasribeiraopreto.com.br","date":"26 de December de 2025","format":false,"excerpt":"Um homem de 42 anos foi preso em flagrante pela Guarda Civil Municipal (GCM) de Ribeir\u00e3o Preto ap\u00f3s amea\u00e7ar o pai em uma resid\u00eancia na Vila Tib\u00e9rio, zona Oeste do munic\u00edpio, na tarde desta quinta-feira (25). De acordo com as informa\u00e7\u00f5es, o pr\u00f3prio pai do suspeito fez a den\u00fancia. O\u2026","rel":"","context":"In &quot;Not\u00edcias de Ribeir\u00e3o Preto-SP e Regi\u00e3o&quot;","block_context":{"text":"Not\u00edcias de Ribeir\u00e3o Preto-SP e Regi\u00e3o","link":"https:\/\/noticiasribeiraopreto.com.br\/index.php\/category\/noticias-de-ribeirao-preto-sp-e-regiao-ismael-colosi\/"},"img":{"alt_text":"","src":"https:\/\/i0.wp.com\/noticiasribeiraopreto.com.br\/wp-content\/uploads\/2025\/12\/domingo-41_2025-12-25_20-51-03.webp.webp?fit=1200%2C675&ssl=1&resize=350%2C200","width":350,"height":200,"srcset":"https:\/\/i0.wp.com\/noticiasribeiraopreto.com.br\/wp-content\/uploads\/2025\/12\/domingo-41_2025-12-25_20-51-03.webp.webp?fit=1200%2C675&ssl=1&resize=350%2C200 1x, https:\/\/i0.wp.com\/noticiasribeiraopreto.com.br\/wp-content\/uploads\/2025\/12\/domingo-41_2025-12-25_20-51-03.webp.webp?fit=1200%2C675&ssl=1&resize=525%2C300 1.5x, https:\/\/i0.wp.com\/noticiasribeiraopreto.com.br\/wp-content\/uploads\/2025\/12\/domingo-41_2025-12-25_20-51-03.webp.webp?fit=1200%2C675&ssl=1&resize=700%2C400 2x, https:\/\/i0.wp.com\/noticiasribeiraopreto.com.br\/wp-content\/uploads\/2025\/12\/domingo-41_2025-12-25_20-51-03.webp.webp?fit=1200%2C675&ssl=1&resize=1050%2C600 3x"},"classes":[]},{"id":27939,"url":"https:\/\/noticiasribeiraopreto.com.br\/index.php\/2024\/01\/13\/utm_sourcerssutm_mediumrssutm_campaignhomem-e-preso-suspeito-de-matar-sua-companheira-uma-transexual-na-vila-virginia\/","url_meta":{"origin":81161,"position":1},"title":"Homem \u00e9 preso suspeito de matar sua companheira uma transexual na Vila Virg\u00ednia \u2013 X Tudo Ribeir\u00e3o","author":"noticiasribeiraopreto.com.br","date":"13 de January de 2024","format":false,"excerpt":"Um homem foi preso suspeito de matar sua companheira uma transexual na Vila Virg\u00ednia, na zona Oeste de Ribeir\u00e3o Preto. Segundo informa\u00e7\u00f5es da PM, profissionais do SAMU (Servi\u00e7o de Atendimento M\u00e9dico de Urg\u00eancia) acionaram os Policiais versando que estavam atendendo um homic\u00eddio pela rua L\u00facio de Mendon\u00e7a. Rapidamente os PMs\u2026","rel":"","context":"In &quot;Not\u00edcias de Ribeir\u00e3o Preto-SP e Regi\u00e3o&quot;","block_context":{"text":"Not\u00edcias de Ribeir\u00e3o Preto-SP e Regi\u00e3o","link":"https:\/\/noticiasribeiraopreto.com.br\/index.php\/category\/noticias-de-ribeirao-preto-sp-e-regiao-ismael-colosi\/"},"img":{"alt_text":"","src":"https:\/\/i0.wp.com\/noticiasribeiraopreto.com.br\/wp-content\/uploads\/2024\/01\/06174121-05a8-428c-a34c-9d715f405fdc.jpeg?fit=1200%2C540&ssl=1&resize=350%2C200","width":350,"height":200,"srcset":"https:\/\/i0.wp.com\/noticiasribeiraopreto.com.br\/wp-content\/uploads\/2024\/01\/06174121-05a8-428c-a34c-9d715f405fdc.jpeg?fit=1200%2C540&ssl=1&resize=350%2C200 1x, https:\/\/i0.wp.com\/noticiasribeiraopreto.com.br\/wp-content\/uploads\/2024\/01\/06174121-05a8-428c-a34c-9d715f405fdc.jpeg?fit=1200%2C540&ssl=1&resize=525%2C300 1.5x, https:\/\/i0.wp.com\/noticiasribeiraopreto.com.br\/wp-content\/uploads\/2024\/01\/06174121-05a8-428c-a34c-9d715f405fdc.jpeg?fit=1200%2C540&ssl=1&resize=700%2C400 2x, https:\/\/i0.wp.com\/noticiasribeiraopreto.com.br\/wp-content\/uploads\/2024\/01\/06174121-05a8-428c-a34c-9d715f405fdc.jpeg?fit=1200%2C540&ssl=1&resize=1050%2C600 3x"},"classes":[]},{"id":84960,"url":"https:\/\/noticiasribeiraopreto.com.br\/index.php\/2026\/04\/18\/homem-e-preso-em-minas-gerais-apos-atear-fogo-na-ex-companheira-no-interior-de-sp\/","url_meta":{"origin":81161,"position":2},"title":"Homem \u00e9 preso em Minas Gerais ap\u00f3s atear fogo na ex-companheira no interior de SP","author":"noticiasribeiraopreto.com.br","date":"18 de April de 2026","format":false,"excerpt":"Ler o resumo da not\u00edcia Pol\u00edcia Militar de Minas Gerais prendeu um homem suspeito de atear fogo na ex\u2011companheira em Barretos (SP) na madrugada de 18 de abril. O ataque ocorreu por volta das 3h30 em uma confraterniza\u00e7\u00e3o, quando o suspeito jogou gasolina na v\u00edtima e a incendiou na via\u2026","rel":"","context":"In &quot;Not\u00edcias de Ribeir\u00e3o Preto-SP e Regi\u00e3o&quot;","block_context":{"text":"Not\u00edcias de Ribeir\u00e3o Preto-SP e Regi\u00e3o","link":"https:\/\/noticiasribeiraopreto.com.br\/index.php\/category\/noticias-de-ribeirao-preto-sp-e-regiao-ismael-colosi\/"},"img":{"alt_text":"","src":"https:\/\/i0.wp.com\/noticiasribeiraopreto.com.br\/wp-content\/uploads\/2026\/04\/palace-3_2026-04-18_18-50-42.webp.webp?fit=1200%2C675&ssl=1&resize=350%2C200","width":350,"height":200,"srcset":"https:\/\/i0.wp.com\/noticiasribeiraopreto.com.br\/wp-content\/uploads\/2026\/04\/palace-3_2026-04-18_18-50-42.webp.webp?fit=1200%2C675&ssl=1&resize=350%2C200 1x, https:\/\/i0.wp.com\/noticiasribeiraopreto.com.br\/wp-content\/uploads\/2026\/04\/palace-3_2026-04-18_18-50-42.webp.webp?fit=1200%2C675&ssl=1&resize=525%2C300 1.5x, https:\/\/i0.wp.com\/noticiasribeiraopreto.com.br\/wp-content\/uploads\/2026\/04\/palace-3_2026-04-18_18-50-42.webp.webp?fit=1200%2C675&ssl=1&resize=700%2C400 2x, https:\/\/i0.wp.com\/noticiasribeiraopreto.com.br\/wp-content\/uploads\/2026\/04\/palace-3_2026-04-18_18-50-42.webp.webp?fit=1200%2C675&ssl=1&resize=1050%2C600 3x"},"classes":[]},{"id":62174,"url":"https:\/\/noticiasribeiraopreto.com.br\/index.php\/2025\/01\/06\/homem-e-preso-por-esfaquear-companheira-durante-briga-em-ribeirao-preto\/","url_meta":{"origin":81161,"position":3},"title":"Homem \u00e9 preso por esfaquear companheira durante briga em Ribeir\u00e3o Preto","author":"noticiasribeiraopreto.com.br","date":"6 de January de 2025","format":false,"excerpt":"Um homem de 29 anos foi preso suspeito de esfaquear a companheira, de 25 anos, durante uma briga na noite deste domingo (5), na resid\u00eancia da fam\u00edlia, no Jardim Salgado Filho, zona Norte de Ribeir\u00e3o Preto. Segundo o boletim de ocorr\u00eancia (BO), a mulher recebeu cinco golpes de faca pelo\u2026","rel":"","context":"In &quot;Not\u00edcias de Ribeir\u00e3o Preto-SP e Regi\u00e3o&quot;","block_context":{"text":"Not\u00edcias de Ribeir\u00e3o Preto-SP e Regi\u00e3o","link":"https:\/\/noticiasribeiraopreto.com.br\/index.php\/category\/noticias-de-ribeirao-preto-sp-e-regiao-ismael-colosi\/"},"img":{"alt_text":"","src":"https:\/\/i0.wp.com\/noticiasribeiraopreto.com.br\/wp-content\/uploads\/2025\/01\/policia_qru_1024x576_25052021184749.jpg?fit=1024%2C576&ssl=1&resize=350%2C200","width":350,"height":200,"srcset":"https:\/\/i0.wp.com\/noticiasribeiraopreto.com.br\/wp-content\/uploads\/2025\/01\/policia_qru_1024x576_25052021184749.jpg?fit=1024%2C576&ssl=1&resize=350%2C200 1x, https:\/\/i0.wp.com\/noticiasribeiraopreto.com.br\/wp-content\/uploads\/2025\/01\/policia_qru_1024x576_25052021184749.jpg?fit=1024%2C576&ssl=1&resize=525%2C300 1.5x, https:\/\/i0.wp.com\/noticiasribeiraopreto.com.br\/wp-content\/uploads\/2025\/01\/policia_qru_1024x576_25052021184749.jpg?fit=1024%2C576&ssl=1&resize=700%2C400 2x"},"classes":[]},{"id":24462,"url":"https:\/\/noticiasribeiraopreto.com.br\/index.php\/2024\/01\/04\/saidinha-acabou-mais-cedo-para-700-detentos\/","url_meta":{"origin":81161,"position":4},"title":"Saidinha acabou mais cedo para 700 detentos","author":"noticiasribeiraopreto.com.br","date":"4 de January de 2024","format":false,"excerpt":"Segundo SSP, infratores descumpriram regras impostas pela Justi\u00e7a para usufruir do benef\u00edcio 4 de janeiro de 2024 | 12:33 0Por: Adalberto LuqueA Secretaria da Seguran\u00e7a P\u00fablica (SSP) informou que mais de 700 detentos beneficiados pela sa\u00edda tempor\u00e1ria de final de ano foram presos por descumprir as regras e at\u00e9 por\u2026","rel":"","context":"In &quot;Not\u00edcias de Ribeir\u00e3o Preto-SP e Regi\u00e3o&quot;","block_context":{"text":"Not\u00edcias de Ribeir\u00e3o Preto-SP e Regi\u00e3o","link":"https:\/\/noticiasribeiraopreto.com.br\/index.php\/category\/noticias-de-ribeirao-preto-sp-e-regiao-ismael-colosi\/"},"img":{"alt_text":"","src":"https:\/\/i0.wp.com\/noticiasribeiraopreto.com.br\/wp-content\/uploads\/2024\/01\/00-29-dez-2023-saidinha-temporaria-foto-antonio-cruz-agencia-brazil-scaled.jpg?fit=1000%2C598&ssl=1&resize=350%2C200","width":350,"height":200,"srcset":"https:\/\/i0.wp.com\/noticiasribeiraopreto.com.br\/wp-content\/uploads\/2024\/01\/00-29-dez-2023-saidinha-temporaria-foto-antonio-cruz-agencia-brazil-scaled.jpg?fit=1000%2C598&ssl=1&resize=350%2C200 1x, https:\/\/i0.wp.com\/noticiasribeiraopreto.com.br\/wp-content\/uploads\/2024\/01\/00-29-dez-2023-saidinha-temporaria-foto-antonio-cruz-agencia-brazil-scaled.jpg?fit=1000%2C598&ssl=1&resize=525%2C300 1.5x, https:\/\/i0.wp.com\/noticiasribeiraopreto.com.br\/wp-content\/uploads\/2024\/01\/00-29-dez-2023-saidinha-temporaria-foto-antonio-cruz-agencia-brazil-scaled.jpg?fit=1000%2C598&ssl=1&resize=700%2C400 2x"},"classes":[]},{"id":26092,"url":"https:\/\/noticiasribeiraopreto.com.br\/index.php\/2024\/01\/09\/na-regiao-35-presos-nao-voltaram-apos-saidinha\/","url_meta":{"origin":81161,"position":5},"title":"Na regi\u00e3o, 35 presos n\u00e3o voltaram ap\u00f3s \u201csaidinha\u201d","author":"noticiasribeiraopreto.com.br","date":"9 de January de 2024","format":false,"excerpt":"N\u00famero divulgado pela SAP \u00e9 relativo \u00e0s penitenci\u00e1rias da regi\u00e3o de Ribeir\u00e3o Preto 9 de janeiro de 2024 | 7:10 0Por: Adalberto LuqueDos 1.319 presos que foram beneficiados pela sa\u00edda tempor\u00e1ria, a popular \u201csaidinha\u201d, entre 22 de dezembro e 03 de janeiro, 35 deles n\u00e3o regressaram para suas unidades prisionais,\u2026","rel":"","context":"In &quot;Not\u00edcias de Ribeir\u00e3o Preto-SP e Regi\u00e3o&quot;","block_context":{"text":"Not\u00edcias de Ribeir\u00e3o Preto-SP e Regi\u00e3o","link":"https:\/\/noticiasribeiraopreto.com.br\/index.php\/category\/noticias-de-ribeirao-preto-sp-e-regiao-ismael-colosi\/"},"img":{"alt_text":"","src":"https:\/\/i0.wp.com\/noticiasribeiraopreto.com.br\/wp-content\/uploads\/2024\/01\/00-09-jan-2024-saidinha-foragidos-foto-arquivo-scaled.jpg?fit=1000%2C494&ssl=1&resize=350%2C200","width":350,"height":200,"srcset":"https:\/\/i0.wp.com\/noticiasribeiraopreto.com.br\/wp-content\/uploads\/2024\/01\/00-09-jan-2024-saidinha-foragidos-foto-arquivo-scaled.jpg?fit=1000%2C494&ssl=1&resize=350%2C200 1x, https:\/\/i0.wp.com\/noticiasribeiraopreto.com.br\/wp-content\/uploads\/2024\/01\/00-09-jan-2024-saidinha-foragidos-foto-arquivo-scaled.jpg?fit=1000%2C494&ssl=1&resize=525%2C300 1.5x, https:\/\/i0.wp.com\/noticiasribeiraopreto.com.br\/wp-content\/uploads\/2024\/01\/00-09-jan-2024-saidinha-foragidos-foto-arquivo-scaled.jpg?fit=1000%2C494&ssl=1&resize=700%2C400 2x"},"classes":[]}],"jetpack_sharing_enabled":true,"jetpack_shortlink":"https:\/\/wp.me\/peQAOb-l73","_links":{"self":[{"href":"https:\/\/noticiasribeiraopreto.com.br\/index.php\/wp-json\/wp\/v2\/posts\/81161","targetHints":{"allow":["GET"]}}],"collection":[{"href":"https:\/\/noticiasribeiraopreto.com.br\/index.php\/wp-json\/wp\/v2\/posts"}],"about":[{"href":"https:\/\/noticiasribeiraopreto.com.br\/index.php\/wp-json\/wp\/v2\/types\/post"}],"author":[{"embeddable":true,"href":"https:\/\/noticiasribeiraopreto.com.br\/index.php\/wp-json\/wp\/v2\/users\/1"}],"replies":[{"embeddable":true,"href":"https:\/\/noticiasribeiraopreto.com.br\/index.php\/wp-json\/wp\/v2\/comments?post=81161"}],"version-history":[{"count":0,"href":"https:\/\/noticiasribeiraopreto.com.br\/index.php\/wp-json\/wp\/v2\/posts\/81161\/revisions"}],"wp:featuredmedia":[{"embeddable":true,"href":"https:\/\/noticiasribeiraopreto.com.br\/index.php\/wp-json\/wp\/v2\/media\/81162"}],"wp:attachment":[{"href":"https:\/\/noticiasribeiraopreto.com.br\/index.php\/wp-json\/wp\/v2\/media?parent=81161"}],"wp:term":[{"taxonomy":"category","embeddable":true,"href":"https:\/\/noticiasribeiraopreto.com.br\/index.php\/wp-json\/wp\/v2\/categories?post=81161"},{"taxonomy":"post_tag","embeddable":true,"href":"https:\/\/noticiasribeiraopreto.com.br\/index.php\/wp-json\/wp\/v2\/tags?post=81161"}],"curies":[{"name":"wp","href":"https:\/\/api.w.org\/{rel}","templated":true}]}}