{"id":81163,"date":"2025-12-26T06:35:37","date_gmt":"2025-12-26T09:35:37","guid":{"rendered":"https:\/\/noticiasribeiraopreto.com.br\/index.php\/2025\/12\/26\/ate-quando-vai-o-alerta-de-onda-de-calor-no-interior-de-sp-veja-previsao\/"},"modified":"2025-12-26T06:35:37","modified_gmt":"2025-12-26T09:35:37","slug":"ate-quando-vai-o-alerta-de-onda-de-calor-no-interior-de-sp-veja-previsao","status":"publish","type":"post","link":"https:\/\/noticiasribeiraopreto.com.br\/index.php\/2025\/12\/26\/ate-quando-vai-o-alerta-de-onda-de-calor-no-interior-de-sp-veja-previsao\/","title":{"rendered":"At\u00e9 quando vai o alerta de onda de calor no interior de SP? Veja previs\u00e3o"},"content":{"rendered":"<div class='code-block code-block-1' style='margin: 8px 0 8px auto; text-align: right; display: block; clear: both;'>\n<p><a href=\"https:\/\/wa.link\/vpicfd\"><img data-recalc-dims=\"1\" class=\"wp-image-4922\" style=\"aspect-ratio: 2.0253164556962027; width: 561px; height: auto;\" src=\"https:\/\/i0.wp.com\/ismaelcolosi.com.br\/wp-content\/uploads\/2023\/11\/grupo-de-empregos-whatsapp-e-facebook-ismael-colosi-vagas.jpg?ssl=1\" alt=\"\" \/><\/a><\/p>\n<!-- \/wp:image -->\n<\/div>\n<p> <br \/>\n<\/p>\n<div data-td-block-uid=\"tdi_95\">\n<div class=\"tdb-block-inner td-fix-index\">\n<p>O <strong>calor <\/strong>deve continuar nos pr\u00f3ximos dias em todo o <strong>interior do estado de S\u00e3o Paulo<\/strong>, mantendo as <strong>temperaturas acima da m\u00e9dia<\/strong> para o per\u00edodo, segundo os meteorologistas.<\/p>\n<p>Por causa disso, o <strong><a href=\"https:\/\/portal.inmet.gov.br\/\" target=\"_blank\" data-type=\"link\" data-id=\"https:\/\/portal.inmet.gov.br\/\" rel=\"noreferrer noopener\">Instituto Nacional de Meteorologia (Inmet)<\/a><\/strong> emitiu um alerta de perigo para <strong>onda de calor<\/strong> para a regi\u00e3o, <mark style=\"background-color:#fcb900\" class=\"has-inline-color\">v\u00e1lido at\u00e9 o final da tarde desta sexta-feira (26).<\/mark><\/p>\n<p>De acordo com a <strong><a href=\"https:\/\/www.climatempo.com.br\/\" target=\"_blank\" data-type=\"link\" data-id=\"https:\/\/www.climatempo.com.br\/\" rel=\"noreferrer noopener\">Climatempo<\/a><\/strong>, um bloqueio atmosf\u00e9rico atua sobre a regi\u00e3o, dificultando a forma\u00e7\u00e3o de chuvas mais organizadas e favorecendo a persist\u00eancia de temperaturas elevadas ao longo dos pr\u00f3ximos dias.<\/p>\n<div class=\"wp-block-image\">\n<figure class=\"aligncenter size-large is-resized\"><img data-recalc-dims=\"1\" fetchpriority=\"high\" decoding=\"async\" width=\"1024\" height=\"768\" src=\"https:\/\/i0.wp.com\/cdn.media-acidadeon.com.br\/ribeiraopreto\/wp-content\/uploads\/sites\/3\/2025\/12\/sol-ceu-ribeirao-preto_2025-12-24_12-29-55-1024x768.webp?resize=1024%2C768&#038;ssl=1\" alt=\"Onda de calor atinge Ribeir\u00e3o Preto - Foto: Leonardo Santos.\" class=\"wp-image-140229\" style=\"width:654px\" title=\"At\u00e9 quando vai o alerta de onda de calor no interior de SP? Veja previs\u00e3o 1\" srcset=\"https:\/\/cdn.media-acidadeon.com.br\/ribeiraopreto\/wp-content\/uploads\/sites\/3\/2025\/12\/sol-ceu-ribeirao-preto_2025-12-24_12-29-55-1024x768.webp 1024w, https:\/\/cdn.media-acidadeon.com.br\/ribeiraopreto\/wp-content\/uploads\/sites\/3\/2025\/12\/sol-ceu-ribeirao-preto_2025-12-24_12-29-55-300x225.webp 300w, https:\/\/cdn.media-acidadeon.com.br\/ribeiraopreto\/wp-content\/uploads\/sites\/3\/2025\/12\/sol-ceu-ribeirao-preto_2025-12-24_12-29-55-768x576.webp 768w, https:\/\/cdn.media-acidadeon.com.br\/ribeiraopreto\/wp-content\/uploads\/sites\/3\/2025\/12\/sol-ceu-ribeirao-preto_2025-12-24_12-29-55-696x522.webp 696w, https:\/\/cdn.media-acidadeon.com.br\/ribeiraopreto\/wp-content\/uploads\/sites\/3\/2025\/12\/sol-ceu-ribeirao-preto_2025-12-24_12-29-55-1068x801.webp 1068w, https:\/\/cdn.media-acidadeon.com.br\/ribeiraopreto\/wp-content\/uploads\/sites\/3\/2025\/12\/sol-ceu-ribeirao-preto_2025-12-24_12-29-55.webp 1200w\" sizes=\"(max-width: 1024px) 100vw, 1024px\"\/><figcaption class=\"wp-element-caption\">Onda de calor atinge Ribeir\u00e3o Preto \u2013 Foto: Leonardo Santos.<\/figcaption><\/figure>\n<\/div>\n<h2 class=\"wp-block-heading\"><strong>Alerta de perigo para onda de calor<\/strong><\/h2>\n<p>De acordo com o comunicado, <mark style=\"background-color:#fcb900\" class=\"has-inline-color\">as <strong>temperaturas <\/strong>devem ficar <strong>cerca de 5\u00b0C acima da m\u00e9dia<\/strong> por um per\u00edodo de tr\u00eas a cinco dias<\/mark>. Segundo o Inmet, a condi\u00e7\u00e3o representa baixo risco \u00e0 sa\u00fade.<\/p>\n<p>O \u00f3rg\u00e3o j\u00e1 havia emitido alerta de perigo potencial at\u00e9 esta quinta-feira, mas o aviso foi prorrogado e teve o grau de severidade elevado.<\/p>\n<h2 class=\"wp-block-heading\"><strong>Confira as regi\u00f5es de SP em alerta<\/strong><\/h2>\n<ul class=\"wp-block-list\">\n<li>Presidente Prudente<\/li>\n<li>S\u00e3o Jos\u00e9 do Rio Preto<\/li>\n<li>Campinas<\/li>\n<li>Bauru<\/li>\n<li>Piracicaba<\/li>\n<li>Itapetininga<\/li>\n<li>Ribeir\u00e3o Preto<\/li>\n<li>Ara\u00e7atuba<\/li>\n<li>Macro Metropolitana Paulista<\/li>\n<li>Mar\u00edlia<\/li>\n<li>Araraquara<\/li>\n<li>Vale do Para\u00edba Paulista<\/li>\n<li>Metropolitana de S\u00e3o Paulo<\/li>\n<li>Assis<\/li>\n<li>Litoral Sul Paulista<\/li>\n<\/ul>\n<div class=\"wp-block-image\">\n<figure class=\"aligncenter size-large is-resized\"><img data-recalc-dims=\"1\" loading=\"lazy\" decoding=\"async\" width=\"1024\" height=\"576\" src=\"https:\/\/i0.wp.com\/cdn.media-acidadeon.com.br\/ribeiraopreto\/wp-content\/uploads\/sites\/3\/2025\/12\/domingo-33_2025-12-25_12-12-23-1024x576.webp?resize=1024%2C576&#038;ssl=1\" alt=\"Inmet emite alerta para onda de calor no interior de SP - Foto: reprodu\u00e7\u00e3o\/ Inmet.\" class=\"wp-image-140276\" style=\"width:654px\" title=\"At\u00e9 quando vai o alerta de onda de calor no interior de SP? Veja previs\u00e3o 2\" srcset=\"https:\/\/cdn.media-acidadeon.com.br\/ribeiraopreto\/wp-content\/uploads\/sites\/3\/2025\/12\/domingo-33_2025-12-25_12-12-23-1024x576.webp 1024w, https:\/\/cdn.media-acidadeon.com.br\/ribeiraopreto\/wp-content\/uploads\/sites\/3\/2025\/12\/domingo-33_2025-12-25_12-12-23-300x169.webp 300w, https:\/\/cdn.media-acidadeon.com.br\/ribeiraopreto\/wp-content\/uploads\/sites\/3\/2025\/12\/domingo-33_2025-12-25_12-12-23-768x432.webp 768w, https:\/\/cdn.media-acidadeon.com.br\/ribeiraopreto\/wp-content\/uploads\/sites\/3\/2025\/12\/domingo-33_2025-12-25_12-12-23-696x392.webp 696w, https:\/\/cdn.media-acidadeon.com.br\/ribeiraopreto\/wp-content\/uploads\/sites\/3\/2025\/12\/domingo-33_2025-12-25_12-12-23-1068x601.webp 1068w, https:\/\/cdn.media-acidadeon.com.br\/ribeiraopreto\/wp-content\/uploads\/sites\/3\/2025\/12\/domingo-33_2025-12-25_12-12-23.webp 1200w\" sizes=\"auto, (max-width: 1024px) 100vw, 1024px\"\/><figcaption class=\"wp-element-caption\">Inmet emite alerta para onda de calor no interior de SP \u2013 Foto: reprodu\u00e7\u00e3o\/ Inmet.<\/figcaption><\/figure>\n<\/div>\n<hr class=\"wp-block-separator has-alpha-channel-opacity\"\/>\n<p>SAIBA MAIS<\/p>\n<p>Ribeir\u00e3o prorroga vacina\u00e7\u00e3o contra HPV para jovens de 15 a 19 anos<\/p>\n<h2 class=\"wp-block-heading\"><strong>FIQUE ON<\/strong><\/h2>\n<p>Fique ligado em tudo que acontece em Ribeir\u00e3o Preto e regi\u00e3o. Siga os perfis do\u00a0<strong>acidade on\u00a0<\/strong>no\u00a0<a href=\"https:\/\/www.instagram.com\/acidadeonribeirao\" target=\"_blank\" rel=\"noreferrer noopener\">Instagram\u00a0<\/a>e no<a href=\"https:\/\/www.facebook.com\/acidadeonribeirao\/\" target=\"_blank\" rel=\"noreferrer noopener\">\u00a0Facebook<\/a>.<\/p>\n<p>Receba not\u00edcias do<strong>\u00a0acidade on\u00a0<\/strong>no WhatsApp. Para entrar no grupo,\u00a0basta\u00a0<a href=\"https:\/\/chat.whatsapp.com\/GFH9HUMUTHNFJdnyEd0xxq\" target=\"_blank\" rel=\"noreferrer noopener\">clicar aqui<\/a>. Ou, acesse o nosso\u00a0Canal<a href=\"https:\/\/whatsapp.com\/channel\/0029Vb6IQl1JENyAeS57fk2p\" target=\"_blank\" rel=\"noreferrer noopener\">\u00a0clicando aqui<\/a>.<\/p>\n<p>Fa\u00e7a uma den\u00fancia ou sugira uma reportagem sobre Ribeir\u00e3o Preto e regi\u00e3o pelo WhatsApp: 16 99117 7802.<\/p>\n<p>VEJA TAMB\u00c9M<\/p>\n<p>Sorvete de pitanga; aprenda receita<\/p>\n<p><!-- AI CONTENT END 1 -->\n<\/div>\n<\/div>\n<p><script async src=\"\/\/www.instagram.com\/embed.js\"><\/script><br \/>\n<br \/><br \/>\n<br \/><a href=\"https:\/\/www.acidadeon.com\/ribeiraopreto\/cotidiano\/ate-quando-vai-o-alerta-de-onda-de-calor-no-interior-de-sp-veja-previsao\/\">Source link <\/a><\/p>\n<!-- CONTENT END 1 -->\n","protected":false},"excerpt":{"rendered":"<p>O calor deve continuar nos pr\u00f3ximos dias em todo o interior do estado de S\u00e3o Paulo, mantendo as temperaturas acima da m\u00e9dia para o per\u00edodo,&#8230;<\/p>\n","protected":false},"author":1,"featured_media":81164,"comment_status":"open","ping_status":"open","sticky":false,"template":"","format":"standard","meta":{"advanced_seo_description":"","jetpack_seo_html_title":"","jetpack_seo_noindex":false,"jetpack_post_was_ever_published":false,"_jetpack_newsletter_access":"","_jetpack_dont_email_post_to_subs":false,"_jetpack_newsletter_tier_id":0,"_jetpack_memberships_contains_paywalled_content":false,"_jetpack_memberships_contains_paid_content":false,"footnotes":"","jetpack_publicize_message":"","jetpack_publicize_feature_enabled":true,"jetpack_social_post_already_shared":true,"jetpack_social_options":{"image_generator_settings":{"template":"highway","default_image_id":0,"font":"","enabled":false},"version":2}},"categories":[11],"tags":[],"class_list":["post-81163","post","type-post","status-publish","format-standard","has-post-thumbnail","hentry","category-noticias-de-ribeirao-preto-sp-e-regiao-ismael-colosi"],"jetpack_publicize_connections":[],"jetpack_featured_media_url":"https:\/\/i0.wp.com\/noticiasribeiraopreto.com.br\/wp-content\/uploads\/2025\/12\/calor-onda.jpeg?fit=1600%2C900&ssl=1","jetpack-related-posts":[{"id":81200,"url":"https:\/\/noticiasribeiraopreto.com.br\/index.php\/2025\/12\/27\/interior-de-sp-entra-em-alerta-maximo-para-onda-de-calor-veja-lista-de-regioes-afetadas\/","url_meta":{"origin":81163,"position":0},"title":"Interior de SP entra em alerta m\u00e1ximo para onda de calor; Veja lista de regi\u00f5es afetadas","author":"noticiasribeiraopreto.com.br","date":"27 de December de 2025","format":false,"excerpt":"O Instituto Nacional de Meteorologia (Inmet) prorrogou novamente o alerta para onda de calor no interior de S\u00e3o Paulo e tamb\u00e9m voltou a elevar o n\u00edvel de criticidade do aviso. Antes, o alerta era v\u00e1lido at\u00e9 o fim da tarde desta sexta-feira (26), mas foi estendido e agora segue em\u2026","rel":"","context":"In &quot;Not\u00edcias de Ribeir\u00e3o Preto-SP e Regi\u00e3o&quot;","block_context":{"text":"Not\u00edcias de Ribeir\u00e3o Preto-SP e Regi\u00e3o","link":"https:\/\/noticiasribeiraopreto.com.br\/index.php\/category\/noticias-de-ribeirao-preto-sp-e-regiao-ismael-colosi\/"},"img":{"alt_text":"","src":"https:\/\/i0.wp.com\/noticiasribeiraopreto.com.br\/wp-content\/uploads\/2025\/12\/20230824_153104-1.jpg?fit=1200%2C823&ssl=1&resize=350%2C200","width":350,"height":200,"srcset":"https:\/\/i0.wp.com\/noticiasribeiraopreto.com.br\/wp-content\/uploads\/2025\/12\/20230824_153104-1.jpg?fit=1200%2C823&ssl=1&resize=350%2C200 1x, https:\/\/i0.wp.com\/noticiasribeiraopreto.com.br\/wp-content\/uploads\/2025\/12\/20230824_153104-1.jpg?fit=1200%2C823&ssl=1&resize=525%2C300 1.5x, https:\/\/i0.wp.com\/noticiasribeiraopreto.com.br\/wp-content\/uploads\/2025\/12\/20230824_153104-1.jpg?fit=1200%2C823&ssl=1&resize=700%2C400 2x, https:\/\/i0.wp.com\/noticiasribeiraopreto.com.br\/wp-content\/uploads\/2025\/12\/20230824_153104-1.jpg?fit=1200%2C823&ssl=1&resize=1050%2C600 3x"},"classes":[]},{"id":81101,"url":"https:\/\/noticiasribeiraopreto.com.br\/index.php\/2025\/12\/24\/onda-de-calor-coloca-interior-de-sp-em-alerta-ate-o-natal-veja-regioes-afetadas\/","url_meta":{"origin":81163,"position":1},"title":"Onda de calor coloca interior de SP em alerta at\u00e9 o Natal; Veja regi\u00f5es afetadas","author":"noticiasribeiraopreto.com.br","date":"24 de December de 2025","format":false,"excerpt":"O Instituto Nacional de Meteorologia (Inmet) emitiu, nesta ter\u00e7a-feira (23), um novo alerta de perigo potencial para onda de calor no interior do estado de S\u00e3o Paulo \u2013 veja abaixo as regi\u00f5es afetadas. De acordo com a Climatempo, um bloqueio atmosf\u00e9rico atua sobre a regi\u00e3o, dificultando a forma\u00e7\u00e3o de chuvas\u2026","rel":"","context":"In &quot;Not\u00edcias de Ribeir\u00e3o Preto-SP e Regi\u00e3o&quot;","block_context":{"text":"Not\u00edcias de Ribeir\u00e3o Preto-SP e Regi\u00e3o","link":"https:\/\/noticiasribeiraopreto.com.br\/index.php\/category\/noticias-de-ribeirao-preto-sp-e-regiao-ismael-colosi\/"},"img":{"alt_text":"","src":"https:\/\/i0.wp.com\/noticiasribeiraopreto.com.br\/wp-content\/uploads\/2025\/12\/AnyConv.com__CLIMA_QUENTE_NA_CIDADE_DE_CAMPINAS_SP_CoDIGO-19_173574-1068x712-1.webp.webp?fit=1068%2C712&ssl=1&resize=350%2C200","width":350,"height":200,"srcset":"https:\/\/i0.wp.com\/noticiasribeiraopreto.com.br\/wp-content\/uploads\/2025\/12\/AnyConv.com__CLIMA_QUENTE_NA_CIDADE_DE_CAMPINAS_SP_CoDIGO-19_173574-1068x712-1.webp.webp?fit=1068%2C712&ssl=1&resize=350%2C200 1x, https:\/\/i0.wp.com\/noticiasribeiraopreto.com.br\/wp-content\/uploads\/2025\/12\/AnyConv.com__CLIMA_QUENTE_NA_CIDADE_DE_CAMPINAS_SP_CoDIGO-19_173574-1068x712-1.webp.webp?fit=1068%2C712&ssl=1&resize=525%2C300 1.5x, https:\/\/i0.wp.com\/noticiasribeiraopreto.com.br\/wp-content\/uploads\/2025\/12\/AnyConv.com__CLIMA_QUENTE_NA_CIDADE_DE_CAMPINAS_SP_CoDIGO-19_173574-1068x712-1.webp.webp?fit=1068%2C712&ssl=1&resize=700%2C400 2x, https:\/\/i0.wp.com\/noticiasribeiraopreto.com.br\/wp-content\/uploads\/2025\/12\/AnyConv.com__CLIMA_QUENTE_NA_CIDADE_DE_CAMPINAS_SP_CoDIGO-19_173574-1068x712-1.webp.webp?fit=1068%2C712&ssl=1&resize=1050%2C600 3x"},"classes":[]},{"id":41522,"url":"https:\/\/noticiasribeiraopreto.com.br\/index.php\/2024\/03\/08\/alerta-de-chuvas-intensas-e-emitido-para-o-interior-de-sp-antes-da-nova-onda-de-calor\/","url_meta":{"origin":81163,"position":2},"title":"Alerta de chuvas intensas \u00e9 emitido para o interior de SP antes da nova onda de calor","author":"noticiasribeiraopreto.com.br","date":"8 de March de 2024","format":false,"excerpt":"Antes da nova onda de calor atingir o interior de S\u00e3o Paulo, o Instituto Nacional de Meteorologia (Inmet) alertou para o perigo potencial de chuvas intensas na regi\u00e3o. O comunicado, realizado nesta sexta-feira (8), prev\u00ea chuva entre 20 e 30 mil\u00edmetros por hora ou at\u00e9 50 mil\u00edmetros por dia, com\u2026","rel":"","context":"In &quot;Not\u00edcias de Ribeir\u00e3o Preto-SP e Regi\u00e3o&quot;","block_context":{"text":"Not\u00edcias de Ribeir\u00e3o Preto-SP e Regi\u00e3o","link":"https:\/\/noticiasribeiraopreto.com.br\/index.php\/category\/noticias-de-ribeirao-preto-sp-e-regiao-ismael-colosi\/"},"img":{"alt_text":"","src":"https:\/\/i0.wp.com\/noticiasribeiraopreto.com.br\/wp-content\/uploads\/2024\/03\/AnyConv.com__WhatsApp-Image-2024-03-08-at-16.35.42.webp.webp?fit=1200%2C801&ssl=1&resize=350%2C200","width":350,"height":200,"srcset":"https:\/\/i0.wp.com\/noticiasribeiraopreto.com.br\/wp-content\/uploads\/2024\/03\/AnyConv.com__WhatsApp-Image-2024-03-08-at-16.35.42.webp.webp?fit=1200%2C801&ssl=1&resize=350%2C200 1x, https:\/\/i0.wp.com\/noticiasribeiraopreto.com.br\/wp-content\/uploads\/2024\/03\/AnyConv.com__WhatsApp-Image-2024-03-08-at-16.35.42.webp.webp?fit=1200%2C801&ssl=1&resize=525%2C300 1.5x, https:\/\/i0.wp.com\/noticiasribeiraopreto.com.br\/wp-content\/uploads\/2024\/03\/AnyConv.com__WhatsApp-Image-2024-03-08-at-16.35.42.webp.webp?fit=1200%2C801&ssl=1&resize=700%2C400 2x, https:\/\/i0.wp.com\/noticiasribeiraopreto.com.br\/wp-content\/uploads\/2024\/03\/AnyConv.com__WhatsApp-Image-2024-03-08-at-16.35.42.webp.webp?fit=1200%2C801&ssl=1&resize=1050%2C600 3x"},"classes":[]},{"id":57357,"url":"https:\/\/noticiasribeiraopreto.com.br\/index.php\/2024\/08\/29\/alerta-para-onda-de-calor-e-emitido-no-interior-de-sp-veja-regioes-afetadas\/","url_meta":{"origin":81163,"position":3},"title":"Alerta para onda de calor \u00e9 emitido no interior de SP; Veja regi\u00f5es afetadas","author":"noticiasribeiraopreto.com.br","date":"29 de August de 2024","format":false,"excerpt":"Uma nova onda de calor est\u00e1 prevista para atingir o interior de S\u00e3o Paulo a partir de segunda-feira (2), de acordo com o meteorologista. Conforme a Climatempo, uma massa de ar quente e seco vai se estabelecer sobre o Brasil no decorrer da primeira semana de setembro e ser\u00e1 respons\u00e1vel\u2026","rel":"","context":"In &quot;Not\u00edcias de Ribeir\u00e3o Preto-SP e Regi\u00e3o&quot;","block_context":{"text":"Not\u00edcias de Ribeir\u00e3o Preto-SP e Regi\u00e3o","link":"https:\/\/noticiasribeiraopreto.com.br\/index.php\/category\/noticias-de-ribeirao-preto-sp-e-regiao-ismael-colosi\/"},"img":{"alt_text":"","src":"https:\/\/i0.wp.com\/noticiasribeiraopreto.com.br\/wp-content\/uploads\/2024\/08\/1724957340_ribeirao_preto_1024x576_13032021005744.jpg?fit=1024%2C576&ssl=1&resize=350%2C200","width":350,"height":200,"srcset":"https:\/\/i0.wp.com\/noticiasribeiraopreto.com.br\/wp-content\/uploads\/2024\/08\/1724957340_ribeirao_preto_1024x576_13032021005744.jpg?fit=1024%2C576&ssl=1&resize=350%2C200 1x, https:\/\/i0.wp.com\/noticiasribeiraopreto.com.br\/wp-content\/uploads\/2024\/08\/1724957340_ribeirao_preto_1024x576_13032021005744.jpg?fit=1024%2C576&ssl=1&resize=525%2C300 1.5x, https:\/\/i0.wp.com\/noticiasribeiraopreto.com.br\/wp-content\/uploads\/2024\/08\/1724957340_ribeirao_preto_1024x576_13032021005744.jpg?fit=1024%2C576&ssl=1&resize=700%2C400 2x"},"classes":[]},{"id":48676,"url":"https:\/\/noticiasribeiraopreto.com.br\/index.php\/2024\/05\/05\/onda-de-calor-vai-continuar-veja-a-previsao-do-tempo-no-interior-de-sp\/","url_meta":{"origin":81163,"position":4},"title":"Onda de calor vai continuar? Veja a previs\u00e3o do tempo no interior de SP","author":"noticiasribeiraopreto.com.br","date":"5 de May de 2024","format":false,"excerpt":"A onda de calor vai continuar no interior de S\u00e3o Paulo, de acordo com o Inmet (Instituto Nacional de Meteorologia). O \u00f3rg\u00e3o publicou dois alertas para o interior de S\u00e3o Paulo de \u201cperigo\u201d e \u201cgrande perigo\u201d, em raz\u00e3o das altas temperaturas. Al\u00e9m disso, um alerta de \u201cperigo potencial\u201d para baixa\u2026","rel":"","context":"In &quot;Not\u00edcias de Ribeir\u00e3o Preto-SP e Regi\u00e3o&quot;","block_context":{"text":"Not\u00edcias de Ribeir\u00e3o Preto-SP e Regi\u00e3o","link":"https:\/\/noticiasribeiraopreto.com.br\/index.php\/category\/noticias-de-ribeirao-preto-sp-e-regiao-ismael-colosi\/"},"img":{"alt_text":"","src":"https:\/\/i0.wp.com\/noticiasribeiraopreto.com.br\/wp-content\/uploads\/2024\/05\/sertaozinho-2.jpg?fit=800%2C600&ssl=1&resize=350%2C200","width":350,"height":200,"srcset":"https:\/\/i0.wp.com\/noticiasribeiraopreto.com.br\/wp-content\/uploads\/2024\/05\/sertaozinho-2.jpg?fit=800%2C600&ssl=1&resize=350%2C200 1x, https:\/\/i0.wp.com\/noticiasribeiraopreto.com.br\/wp-content\/uploads\/2024\/05\/sertaozinho-2.jpg?fit=800%2C600&ssl=1&resize=525%2C300 1.5x, https:\/\/i0.wp.com\/noticiasribeiraopreto.com.br\/wp-content\/uploads\/2024\/05\/sertaozinho-2.jpg?fit=800%2C600&ssl=1&resize=700%2C400 2x"},"classes":[]},{"id":56856,"url":"https:\/\/noticiasribeiraopreto.com.br\/index.php\/2024\/08\/15\/cidades-do-interior-de-sp-estao-em-alerta-de-perigo-potencial-para-onda-de-calor-veja-lista\/","url_meta":{"origin":81163,"position":5},"title":"Cidades do interior de SP est\u00e3o em alerta de perigo potencial para onda de calor; Veja lista","author":"noticiasribeiraopreto.com.br","date":"15 de August de 2024","format":false,"excerpt":"Uma nova onda de calor deve atingir o interior de S\u00e3o Paulo e provocar altas temperaturas em diversas regi\u00f5es a partir deste domingo (18), de acordo com a meteorologia. O ar gelado provocado por uma forte massa de ar frio come\u00e7ou a se afastar nesta quinta-feira (15) e uma forte\u2026","rel":"","context":"In &quot;Not\u00edcias de Ribeir\u00e3o Preto-SP e Regi\u00e3o&quot;","block_context":{"text":"Not\u00edcias de Ribeir\u00e3o Preto-SP e Regi\u00e3o","link":"https:\/\/noticiasribeiraopreto.com.br\/index.php\/category\/noticias-de-ribeirao-preto-sp-e-regiao-ismael-colosi\/"},"img":{"alt_text":"","src":"https:\/\/i0.wp.com\/noticiasribeiraopreto.com.br\/wp-content\/uploads\/2024\/08\/20230824_153104-1.jpg?fit=1200%2C823&ssl=1&resize=350%2C200","width":350,"height":200,"srcset":"https:\/\/i0.wp.com\/noticiasribeiraopreto.com.br\/wp-content\/uploads\/2024\/08\/20230824_153104-1.jpg?fit=1200%2C823&ssl=1&resize=350%2C200 1x, https:\/\/i0.wp.com\/noticiasribeiraopreto.com.br\/wp-content\/uploads\/2024\/08\/20230824_153104-1.jpg?fit=1200%2C823&ssl=1&resize=525%2C300 1.5x, https:\/\/i0.wp.com\/noticiasribeiraopreto.com.br\/wp-content\/uploads\/2024\/08\/20230824_153104-1.jpg?fit=1200%2C823&ssl=1&resize=700%2C400 2x, https:\/\/i0.wp.com\/noticiasribeiraopreto.com.br\/wp-content\/uploads\/2024\/08\/20230824_153104-1.jpg?fit=1200%2C823&ssl=1&resize=1050%2C600 3x"},"classes":[]}],"jetpack_sharing_enabled":true,"jetpack_shortlink":"https:\/\/wp.me\/peQAOb-l75","_links":{"self":[{"href":"https:\/\/noticiasribeiraopreto.com.br\/index.php\/wp-json\/wp\/v2\/posts\/81163","targetHints":{"allow":["GET"]}}],"collection":[{"href":"https:\/\/noticiasribeiraopreto.com.br\/index.php\/wp-json\/wp\/v2\/posts"}],"about":[{"href":"https:\/\/noticiasribeiraopreto.com.br\/index.php\/wp-json\/wp\/v2\/types\/post"}],"author":[{"embeddable":true,"href":"https:\/\/noticiasribeiraopreto.com.br\/index.php\/wp-json\/wp\/v2\/users\/1"}],"replies":[{"embeddable":true,"href":"https:\/\/noticiasribeiraopreto.com.br\/index.php\/wp-json\/wp\/v2\/comments?post=81163"}],"version-history":[{"count":0,"href":"https:\/\/noticiasribeiraopreto.com.br\/index.php\/wp-json\/wp\/v2\/posts\/81163\/revisions"}],"wp:featuredmedia":[{"embeddable":true,"href":"https:\/\/noticiasribeiraopreto.com.br\/index.php\/wp-json\/wp\/v2\/media\/81164"}],"wp:attachment":[{"href":"https:\/\/noticiasribeiraopreto.com.br\/index.php\/wp-json\/wp\/v2\/media?parent=81163"}],"wp:term":[{"taxonomy":"category","embeddable":true,"href":"https:\/\/noticiasribeiraopreto.com.br\/index.php\/wp-json\/wp\/v2\/categories?post=81163"},{"taxonomy":"post_tag","embeddable":true,"href":"https:\/\/noticiasribeiraopreto.com.br\/index.php\/wp-json\/wp\/v2\/tags?post=81163"}],"curies":[{"name":"wp","href":"https:\/\/api.w.org\/{rel}","templated":true}]}}