{"id":81168,"date":"2025-12-26T06:59:01","date_gmt":"2025-12-26T09:59:01","guid":{"rendered":"https:\/\/noticiasribeiraopreto.com.br\/index.php\/2025\/12\/26\/campanha-de-natal-atende-pedidos-de-cartinhas-de-300-mil-criancas\/"},"modified":"2025-12-26T06:59:01","modified_gmt":"2025-12-26T09:59:01","slug":"campanha-de-natal-atende-pedidos-de-cartinhas-de-300-mil-criancas","status":"publish","type":"post","link":"https:\/\/noticiasribeiraopreto.com.br\/index.php\/2025\/12\/26\/campanha-de-natal-atende-pedidos-de-cartinhas-de-300-mil-criancas\/","title":{"rendered":"Campanha de Natal atende pedidos de cartinhas de 300 mil crian\u00e7as"},"content":{"rendered":"<div class='code-block code-block-1' style='margin: 8px 0 8px auto; text-align: right; display: block; clear: both;'>\n<p><a href=\"https:\/\/wa.link\/vpicfd\"><img data-recalc-dims=\"1\" class=\"wp-image-4922\" style=\"aspect-ratio: 2.0253164556962027; width: 561px; height: auto;\" src=\"https:\/\/i0.wp.com\/ismaelcolosi.com.br\/wp-content\/uploads\/2023\/11\/grupo-de-empregos-whatsapp-e-facebook-ismael-colosi-vagas.jpg?ssl=1\" alt=\"\" \/><\/a><\/p>\n<!-- \/wp:image -->\n<\/div>\n<p> <br \/>\n<\/p>\n<div data-td-block-uid=\"tdi_95\">\n<div class=\"tdb-block-inner td-fix-index\">\n<p>O <strong>Bom Velhinho<\/strong> realizou o sonho de milhares de crian\u00e7as em todo o Brasil neste <strong>Natal<\/strong>. Todas as <strong>300 mil cartas <\/strong>disponibilizadas para ado\u00e7\u00e3o na campanha <strong>Papai Noel dos Correios 2025<\/strong> foram <strong>atendidas<\/strong>, segundo a estatal.<\/p>\n<p>Desse total, <strong>250 mil cartinhas foram adotadas por pessoas f\u00edsicas e por entidades p\u00fablicas e privadas<\/strong>, inclusive em <strong>Ribeir\u00e3o Preto<\/strong>. Na reta final da campanha, a Receita Federal do Brasil refor\u00e7ou a a\u00e7\u00e3o com a doa\u00e7\u00e3o de 50 mil kits contendo brinquedos e itens infantis.<\/p>\n<p>Conforme as informa\u00e7\u00f5es dos <strong>Correios<\/strong>, <mark style=\"background-color:#fcb900\" class=\"has-inline-color\">os pedidos mais comuns pelas crian\u00e7as participantes neste ano foram bonecas, carrinhos, bicicletas e material escolar.<\/mark><\/p>\n<h2 class=\"wp-block-heading\"><strong>Campanha de Natal<\/strong><\/h2>\n<p>A campanha \u2018<strong>Papai Noel dos Correios<\/strong>\u2019 disponibiliza cartas enviadas por crian\u00e7as em situa\u00e7\u00e3o de vulnerabilidade social e por alunos matriculados em escolas da rede p\u00fablica para ado\u00e7\u00e3o de madrinhas e padrinhos em todo o pa\u00eds.<\/p>\n<blockquote class=\"instagram-media\" data-instgrm-permalink=\"https:\/\/www.instagram.com\/reel\/DQ5DFFgjuMM\/?utm_source=ig_embed&amp;utm_campaign=loading\" data-instgrm-version=\"14\" style=\" background:#FFF; border:0; border-radius:3px; box-shadow:0 0 1px 0 rgba(0,0,0,0.5),0 1px 10px 0 rgba(0,0,0,0.15); margin: 1px; max-width:540px; min-width:326px; padding:0; width:99.375%; width:-webkit-calc(100% - 2px); width:calc(100% - 2px);\"\/>\n<hr class=\"wp-block-separator has-alpha-channel-opacity\"\/>\n<p>SAIBA MAIS<\/p>\n<p>Tr\u00eas novos filmes estreiam nos cinemas de Ribeir\u00e3o Preto nesta quinta-feira; Veja quais<\/p>\n<h2 class=\"wp-block-heading\"><strong>FIQUE ON<\/strong><\/h2>\n<p>Fique ligado em tudo que acontece em Ribeir\u00e3o Preto e regi\u00e3o. Siga os perfis do\u00a0<strong>acidade on\u00a0<\/strong>no\u00a0<a href=\"https:\/\/www.instagram.com\/acidadeonribeirao\" target=\"_blank\" rel=\"noreferrer noopener\">Instagram\u00a0<\/a>e no<a href=\"https:\/\/www.facebook.com\/acidadeonribeirao\/\" target=\"_blank\" rel=\"noreferrer noopener\">\u00a0Facebook<\/a>.<\/p>\n<p>Receba not\u00edcias do<strong>\u00a0acidade on\u00a0<\/strong>no WhatsApp. Para entrar no grupo,\u00a0basta\u00a0<a href=\"https:\/\/chat.whatsapp.com\/GFH9HUMUTHNFJdnyEd0xxq\" target=\"_blank\" rel=\"noreferrer noopener\">clicar aqui<\/a>. Ou, acesse o nosso\u00a0Canal<a href=\"https:\/\/whatsapp.com\/channel\/0029Vb6IQl1JENyAeS57fk2p\" target=\"_blank\" rel=\"noreferrer noopener\">\u00a0clicando aqui<\/a>.<\/p>\n<p>Fa\u00e7a uma den\u00fancia ou sugira uma reportagem sobre Ribeir\u00e3o Preto e regi\u00e3o pelo WhatsApp: 16 99117 7802.<\/p>\n<p>VEJA TAMB\u00c9M<\/p>\n<p>Como fazer crunch cake?<\/p>\n<p><!-- AI CONTENT END 1 -->\n<\/div>\n<\/div>\n<p><script async src=\"\/\/www.instagram.com\/embed.js\"><\/script><br \/>\n<br \/><br \/>\n<br \/><a href=\"https:\/\/www.acidadeon.com\/ribeiraopreto\/cotidiano\/campanha-de-natal-atende-pedidos-de-cartinhas-de-300-mil-criancas\/\">Source link <\/a><\/p>\n<!-- CONTENT END 1 -->\n","protected":false},"excerpt":{"rendered":"<p>O Bom Velhinho realizou o sonho de milhares de crian\u00e7as em todo o Brasil neste Natal. Todas as 300 mil cartas disponibilizadas para ado\u00e7\u00e3o na&#8230;<\/p>\n","protected":false},"author":1,"featured_media":81169,"comment_status":"open","ping_status":"open","sticky":false,"template":"","format":"standard","meta":{"advanced_seo_description":"","jetpack_seo_html_title":"","jetpack_seo_noindex":false,"jetpack_post_was_ever_published":false,"_jetpack_newsletter_access":"","_jetpack_dont_email_post_to_subs":false,"_jetpack_newsletter_tier_id":0,"_jetpack_memberships_contains_paywalled_content":false,"_jetpack_memberships_contains_paid_content":false,"footnotes":"","jetpack_publicize_message":"","jetpack_publicize_feature_enabled":true,"jetpack_social_post_already_shared":true,"jetpack_social_options":{"image_generator_settings":{"template":"highway","default_image_id":0,"font":"","enabled":false},"version":2}},"categories":[11],"tags":[],"class_list":["post-81168","post","type-post","status-publish","format-standard","has-post-thumbnail","hentry","category-noticias-de-ribeirao-preto-sp-e-regiao-ismael-colosi"],"jetpack_publicize_connections":[],"jetpack_featured_media_url":"https:\/\/i0.wp.com\/noticiasribeiraopreto.com.br\/wp-content\/uploads\/2025\/12\/Papai-Noel-e-crianca-2-1024x498-1_2025-12-25_16-16-16.webp.webp?fit=1024%2C498&ssl=1","jetpack-related-posts":[{"id":61855,"url":"https:\/\/noticiasribeiraopreto.com.br\/index.php\/2024\/12\/25\/papai-noel-dos-correios-veja-quantas-criancas-tiveram-as-cartinhas-de-natal-atendidas\/","url_meta":{"origin":81168,"position":0},"title":"\u2018Papai Noel dos Correios\u2019: Veja quantas crian\u00e7as tiveram as cartinhas de Natal atendidas","author":"noticiasribeiraopreto.com.br","date":"25 de December de 2024","format":false,"excerpt":"A campanha \u2018Papai Noel dos Correios\u2019 conseguiu atender 100% das cartinhas recebidas em 2024, segundo a estatal, quando a a\u00e7\u00e3o completa 35 anos. Conforme os dados, foram mais de 370 mil pedidos atendidos em todo o pa\u00eds, 100 mil a mais que no ano passado. Este \u00e9 o segundo ano\u2026","rel":"","context":"In &quot;Not\u00edcias de Ribeir\u00e3o Preto-SP e Regi\u00e3o&quot;","block_context":{"text":"Not\u00edcias de Ribeir\u00e3o Preto-SP e Regi\u00e3o","link":"https:\/\/noticiasribeiraopreto.com.br\/index.php\/category\/noticias-de-ribeirao-preto-sp-e-regiao-ismael-colosi\/"},"img":{"alt_text":"","src":"https:\/\/i0.wp.com\/noticiasribeiraopreto.com.br\/wp-content\/uploads\/2024\/12\/CORREIOS_2024-12-25_13-49-18_jpg_2024-12-25_13-49-18.webp.webp?fit=1200%2C741&ssl=1&resize=350%2C200","width":350,"height":200,"srcset":"https:\/\/i0.wp.com\/noticiasribeiraopreto.com.br\/wp-content\/uploads\/2024\/12\/CORREIOS_2024-12-25_13-49-18_jpg_2024-12-25_13-49-18.webp.webp?fit=1200%2C741&ssl=1&resize=350%2C200 1x, https:\/\/i0.wp.com\/noticiasribeiraopreto.com.br\/wp-content\/uploads\/2024\/12\/CORREIOS_2024-12-25_13-49-18_jpg_2024-12-25_13-49-18.webp.webp?fit=1200%2C741&ssl=1&resize=525%2C300 1.5x, https:\/\/i0.wp.com\/noticiasribeiraopreto.com.br\/wp-content\/uploads\/2024\/12\/CORREIOS_2024-12-25_13-49-18_jpg_2024-12-25_13-49-18.webp.webp?fit=1200%2C741&ssl=1&resize=700%2C400 2x, https:\/\/i0.wp.com\/noticiasribeiraopreto.com.br\/wp-content\/uploads\/2024\/12\/CORREIOS_2024-12-25_13-49-18_jpg_2024-12-25_13-49-18.webp.webp?fit=1200%2C741&ssl=1&resize=1050%2C600 3x"},"classes":[]},{"id":60295,"url":"https:\/\/noticiasribeiraopreto.com.br\/index.php\/2024\/11\/10\/cartinhas-para-o-papai-noel-dos-correios-podem-ser-adotadas-na-camara-de-ribeirao\/","url_meta":{"origin":81168,"position":1},"title":"Cartinhas para o &#8216;Papai Noel dos Correios&#8217; podem ser adotadas na C\u00e2mara de Ribeir\u00e3o","author":"noticiasribeiraopreto.com.br","date":"10 de November de 2024","format":false,"excerpt":"A C\u00e2mara Municipal de Ribeir\u00e3o Preto informou que aderiu a 35\u00ba edi\u00e7\u00e3o da campanha \u201cPapai Noel dos Correios\u201d. Com isso, os moradores da cidade podem adotar uma cartinha com pedido de presente de Natal na sede do Poder Legislativo. A tradicional campanha de final de ano dos Correios teve in\u00edcio\u2026","rel":"","context":"In &quot;Not\u00edcias de Ribeir\u00e3o Preto-SP e Regi\u00e3o&quot;","block_context":{"text":"Not\u00edcias de Ribeir\u00e3o Preto-SP e Regi\u00e3o","link":"https:\/\/noticiasribeiraopreto.com.br\/index.php\/category\/noticias-de-ribeirao-preto-sp-e-regiao-ismael-colosi\/"},"img":{"alt_text":"","src":"https:\/\/i0.wp.com\/noticiasribeiraopreto.com.br\/wp-content\/uploads\/2024\/11\/Copia-de-Copia-de-Copia-de-TAMANHO-EXATO-PARA-FOTOS-NO-SISTEMA-NOVO-2024-11-10T145742.781_2024-11-10_17-57-48_png_2024-11-10_17-57-48.webp.webp?fit=1200%2C675&ssl=1&resize=350%2C200","width":350,"height":200,"srcset":"https:\/\/i0.wp.com\/noticiasribeiraopreto.com.br\/wp-content\/uploads\/2024\/11\/Copia-de-Copia-de-Copia-de-TAMANHO-EXATO-PARA-FOTOS-NO-SISTEMA-NOVO-2024-11-10T145742.781_2024-11-10_17-57-48_png_2024-11-10_17-57-48.webp.webp?fit=1200%2C675&ssl=1&resize=350%2C200 1x, https:\/\/i0.wp.com\/noticiasribeiraopreto.com.br\/wp-content\/uploads\/2024\/11\/Copia-de-Copia-de-Copia-de-TAMANHO-EXATO-PARA-FOTOS-NO-SISTEMA-NOVO-2024-11-10T145742.781_2024-11-10_17-57-48_png_2024-11-10_17-57-48.webp.webp?fit=1200%2C675&ssl=1&resize=525%2C300 1.5x, https:\/\/i0.wp.com\/noticiasribeiraopreto.com.br\/wp-content\/uploads\/2024\/11\/Copia-de-Copia-de-Copia-de-TAMANHO-EXATO-PARA-FOTOS-NO-SISTEMA-NOVO-2024-11-10T145742.781_2024-11-10_17-57-48_png_2024-11-10_17-57-48.webp.webp?fit=1200%2C675&ssl=1&resize=700%2C400 2x, https:\/\/i0.wp.com\/noticiasribeiraopreto.com.br\/wp-content\/uploads\/2024\/11\/Copia-de-Copia-de-Copia-de-TAMANHO-EXATO-PARA-FOTOS-NO-SISTEMA-NOVO-2024-11-10T145742.781_2024-11-10_17-57-48_png_2024-11-10_17-57-48.webp.webp?fit=1200%2C675&ssl=1&resize=1050%2C600 3x"},"classes":[]},{"id":61320,"url":"https:\/\/noticiasribeiraopreto.com.br\/index.php\/2024\/12\/09\/termina-nesta-semana-o-prazo-para-adotar-uma-cartinha-de-natal-em-ribeirao\/","url_meta":{"origin":81168,"position":2},"title":"Termina nesta semana o prazo para adotar uma cartinha de Natal em Ribeir\u00e3o","author":"noticiasribeiraopreto.com.br","date":"9 de December de 2024","format":false,"excerpt":"O prazo para adotar uma cartinha com pedido de presente de Natal da campanha \u201cPapai Noel dos Correios\u201d termina nesta sexta-feira (13), mesmo dia em que se encerra o per\u00edodo para a entrega dos presentes. Em Ribeir\u00e3o Preto, os interessados em participar da a\u00e7\u00e3o podem adotar as cartinhas pela internet\u2026","rel":"","context":"In &quot;Not\u00edcias de Ribeir\u00e3o Preto-SP e Regi\u00e3o&quot;","block_context":{"text":"Not\u00edcias de Ribeir\u00e3o Preto-SP e Regi\u00e3o","link":"https:\/\/noticiasribeiraopreto.com.br\/index.php\/category\/noticias-de-ribeirao-preto-sp-e-regiao-ismael-colosi\/"},"img":{"alt_text":"","src":"https:\/\/i0.wp.com\/noticiasribeiraopreto.com.br\/wp-content\/uploads\/2024\/12\/presente_natal_1200x675_24112021083301.jpg?fit=1200%2C675&ssl=1&resize=350%2C200","width":350,"height":200,"srcset":"https:\/\/i0.wp.com\/noticiasribeiraopreto.com.br\/wp-content\/uploads\/2024\/12\/presente_natal_1200x675_24112021083301.jpg?fit=1200%2C675&ssl=1&resize=350%2C200 1x, https:\/\/i0.wp.com\/noticiasribeiraopreto.com.br\/wp-content\/uploads\/2024\/12\/presente_natal_1200x675_24112021083301.jpg?fit=1200%2C675&ssl=1&resize=525%2C300 1.5x, https:\/\/i0.wp.com\/noticiasribeiraopreto.com.br\/wp-content\/uploads\/2024\/12\/presente_natal_1200x675_24112021083301.jpg?fit=1200%2C675&ssl=1&resize=700%2C400 2x, https:\/\/i0.wp.com\/noticiasribeiraopreto.com.br\/wp-content\/uploads\/2024\/12\/presente_natal_1200x675_24112021083301.jpg?fit=1200%2C675&ssl=1&resize=1050%2C600 3x"},"classes":[]},{"id":778,"url":"https:\/\/noticiasribeiraopreto.com.br\/index.php\/2023\/11\/09\/veja-como-adotar-uma-cartinha-do-papai-noel-dos-correios-em-ribeirao-preto\/","url_meta":{"origin":81168,"position":3},"title":"Veja como adotar uma cartinha do Papai Noel dos Correios em Ribeir\u00e3o Preto","author":"noticiasribeiraopreto.com.br","date":"9 de November de 2023","format":false,"excerpt":"Os moradores de Ribeir\u00e3o Preto podem adotar uma cartinha com pedido de presente de Natal do Papai Noel dos Correios 2023 a partir desta sexta-feira (10)*. O per\u00edodo para ado\u00e7\u00e3o segue at\u00e9 o dia 11 de dezembro. Os interessados podem adotar as cartinhas pela internet ou pessoalmente na ag\u00eancia dos\u2026","rel":"","context":"In &quot;Not\u00edcias de Ribeir\u00e3o Preto-SP e Regi\u00e3o&quot;","block_context":{"text":"Not\u00edcias de Ribeir\u00e3o Preto-SP e Regi\u00e3o","link":"https:\/\/noticiasribeiraopreto.com.br\/index.php\/category\/noticias-de-ribeirao-preto-sp-e-regiao-ismael-colosi\/"},"img":{"alt_text":"","src":"https:\/\/i0.wp.com\/noticiasribeiraopreto.com.br\/wp-content\/uploads\/2023\/11\/papai-noel.jpg?fit=1200%2C800&ssl=1&resize=350%2C200","width":350,"height":200,"srcset":"https:\/\/i0.wp.com\/noticiasribeiraopreto.com.br\/wp-content\/uploads\/2023\/11\/papai-noel.jpg?fit=1200%2C800&ssl=1&resize=350%2C200 1x, https:\/\/i0.wp.com\/noticiasribeiraopreto.com.br\/wp-content\/uploads\/2023\/11\/papai-noel.jpg?fit=1200%2C800&ssl=1&resize=525%2C300 1.5x, https:\/\/i0.wp.com\/noticiasribeiraopreto.com.br\/wp-content\/uploads\/2023\/11\/papai-noel.jpg?fit=1200%2C800&ssl=1&resize=700%2C400 2x, https:\/\/i0.wp.com\/noticiasribeiraopreto.com.br\/wp-content\/uploads\/2023\/11\/papai-noel.jpg?fit=1200%2C800&ssl=1&resize=1050%2C600 3x"},"classes":[]},{"id":4018,"url":"https:\/\/noticiasribeiraopreto.com.br\/index.php\/2023\/11\/20\/cartinhas-para-o-papai-noel-dos-correios-esperam-por-adocao\/","url_meta":{"origin":81168,"position":4},"title":"Cartinhas para o Papai Noel dos Correios esperam por ado\u00e7\u00e3o","author":"noticiasribeiraopreto.com.br","date":"20 de November de 2023","format":false,"excerpt":"A Campanha Papai Noel dos Correios, que completa 34 anos em 2023, j\u00e1 est\u00e1 dispon\u00edvel para ado\u00e7\u00e3o em todo o Brasil. A iniciativa, que atende crian\u00e7as em situa\u00e7\u00e3o de vulnerabilidade social, recebe cartas de crian\u00e7as do 1\u00ba ao 5\u00ba ano do ensino fundamental, provenientes de escolas p\u00fablicas e institui\u00e7\u00f5es parceiras.Para\u2026","rel":"","context":"In &quot;Variedades&quot;","block_context":{"text":"Variedades","link":"https:\/\/noticiasribeiraopreto.com.br\/index.php\/category\/variedades\/"},"img":{"alt_text":"","src":"https:\/\/i0.wp.com\/noticiasribeiraopreto.com.br\/wp-content\/uploads\/2023\/11\/pexels-cottonbro-studio-3149898.jpg?fit=1200%2C638&ssl=1&resize=350%2C200","width":350,"height":200,"srcset":"https:\/\/i0.wp.com\/noticiasribeiraopreto.com.br\/wp-content\/uploads\/2023\/11\/pexels-cottonbro-studio-3149898.jpg?fit=1200%2C638&ssl=1&resize=350%2C200 1x, https:\/\/i0.wp.com\/noticiasribeiraopreto.com.br\/wp-content\/uploads\/2023\/11\/pexels-cottonbro-studio-3149898.jpg?fit=1200%2C638&ssl=1&resize=525%2C300 1.5x, https:\/\/i0.wp.com\/noticiasribeiraopreto.com.br\/wp-content\/uploads\/2023\/11\/pexels-cottonbro-studio-3149898.jpg?fit=1200%2C638&ssl=1&resize=700%2C400 2x, https:\/\/i0.wp.com\/noticiasribeiraopreto.com.br\/wp-content\/uploads\/2023\/11\/pexels-cottonbro-studio-3149898.jpg?fit=1200%2C638&ssl=1&resize=1050%2C600 3x"},"classes":[]},{"id":12961,"url":"https:\/\/noticiasribeiraopreto.com.br\/index.php\/2023\/12\/08\/veja-como-participar-da-campanha-natal-das-criancas-do-fundo-social-de-ribeirao\/","url_meta":{"origin":81168,"position":5},"title":"Veja como participar da campanha Natal das Crian\u00e7as do Fundo Social de Ribeir\u00e3o","author":"noticiasribeiraopreto.com.br","date":"8 de December de 2023","format":false,"excerpt":"O Fundo Social de Solidariedade de Ribeir\u00e3o Preto lan\u00e7ou nesta sexta-feira (8) a campanha \u201cNatal das Crian\u00e7as\u201d, que pretende arrecadar brinquedos novos e usados (em bom estado de conserva\u00e7\u00e3o) para crian\u00e7as carentes. As doa\u00e7\u00f5es podem ser realizadas at\u00e9 o dia 20 de dezembro, na sede do Fundo Social, que fica\u2026","rel":"","context":"In &quot;Not\u00edcias de Ribeir\u00e3o Preto-SP e Regi\u00e3o&quot;","block_context":{"text":"Not\u00edcias de Ribeir\u00e3o Preto-SP e Regi\u00e3o","link":"https:\/\/noticiasribeiraopreto.com.br\/index.php\/category\/noticias-de-ribeirao-preto-sp-e-regiao-ismael-colosi\/"},"img":{"alt_text":"","src":"https:\/\/i0.wp.com\/noticiasribeiraopreto.com.br\/wp-content\/uploads\/2023\/12\/papai-noel.jpg?fit=1200%2C800&ssl=1&resize=350%2C200","width":350,"height":200,"srcset":"https:\/\/i0.wp.com\/noticiasribeiraopreto.com.br\/wp-content\/uploads\/2023\/12\/papai-noel.jpg?fit=1200%2C800&ssl=1&resize=350%2C200 1x, https:\/\/i0.wp.com\/noticiasribeiraopreto.com.br\/wp-content\/uploads\/2023\/12\/papai-noel.jpg?fit=1200%2C800&ssl=1&resize=525%2C300 1.5x, https:\/\/i0.wp.com\/noticiasribeiraopreto.com.br\/wp-content\/uploads\/2023\/12\/papai-noel.jpg?fit=1200%2C800&ssl=1&resize=700%2C400 2x, https:\/\/i0.wp.com\/noticiasribeiraopreto.com.br\/wp-content\/uploads\/2023\/12\/papai-noel.jpg?fit=1200%2C800&ssl=1&resize=1050%2C600 3x"},"classes":[]}],"jetpack_sharing_enabled":true,"jetpack_shortlink":"https:\/\/wp.me\/peQAOb-l7a","_links":{"self":[{"href":"https:\/\/noticiasribeiraopreto.com.br\/index.php\/wp-json\/wp\/v2\/posts\/81168","targetHints":{"allow":["GET"]}}],"collection":[{"href":"https:\/\/noticiasribeiraopreto.com.br\/index.php\/wp-json\/wp\/v2\/posts"}],"about":[{"href":"https:\/\/noticiasribeiraopreto.com.br\/index.php\/wp-json\/wp\/v2\/types\/post"}],"author":[{"embeddable":true,"href":"https:\/\/noticiasribeiraopreto.com.br\/index.php\/wp-json\/wp\/v2\/users\/1"}],"replies":[{"embeddable":true,"href":"https:\/\/noticiasribeiraopreto.com.br\/index.php\/wp-json\/wp\/v2\/comments?post=81168"}],"version-history":[{"count":0,"href":"https:\/\/noticiasribeiraopreto.com.br\/index.php\/wp-json\/wp\/v2\/posts\/81168\/revisions"}],"wp:featuredmedia":[{"embeddable":true,"href":"https:\/\/noticiasribeiraopreto.com.br\/index.php\/wp-json\/wp\/v2\/media\/81169"}],"wp:attachment":[{"href":"https:\/\/noticiasribeiraopreto.com.br\/index.php\/wp-json\/wp\/v2\/media?parent=81168"}],"wp:term":[{"taxonomy":"category","embeddable":true,"href":"https:\/\/noticiasribeiraopreto.com.br\/index.php\/wp-json\/wp\/v2\/categories?post=81168"},{"taxonomy":"post_tag","embeddable":true,"href":"https:\/\/noticiasribeiraopreto.com.br\/index.php\/wp-json\/wp\/v2\/tags?post=81168"}],"curies":[{"name":"wp","href":"https:\/\/api.w.org\/{rel}","templated":true}]}}