{"id":81170,"date":"2025-12-26T07:05:52","date_gmt":"2025-12-26T10:05:52","guid":{"rendered":"https:\/\/noticiasribeiraopreto.com.br\/index.php\/2025\/12\/26\/tres-novos-filmes-estreiam-nos-cinemas-de-ribeirao-preto-nesta-quinta-feira-veja-quais\/"},"modified":"2025-12-26T07:05:52","modified_gmt":"2025-12-26T10:05:52","slug":"tres-novos-filmes-estreiam-nos-cinemas-de-ribeirao-preto-nesta-quinta-feira-veja-quais","status":"publish","type":"post","link":"https:\/\/noticiasribeiraopreto.com.br\/index.php\/2025\/12\/26\/tres-novos-filmes-estreiam-nos-cinemas-de-ribeirao-preto-nesta-quinta-feira-veja-quais\/","title":{"rendered":"Tr\u00eas novos filmes estreiam nos cinemas de Ribeir\u00e3o Preto nesta quinta-feira; Veja quais"},"content":{"rendered":"<div class='code-block code-block-1' style='margin: 8px 0 8px auto; text-align: right; display: block; clear: both;'>\n<p><a href=\"https:\/\/wa.link\/vpicfd\"><img data-recalc-dims=\"1\" class=\"wp-image-4922\" style=\"aspect-ratio: 2.0253164556962027; width: 561px; height: auto;\" src=\"https:\/\/i0.wp.com\/ismaelcolosi.com.br\/wp-content\/uploads\/2023\/11\/grupo-de-empregos-whatsapp-e-facebook-ismael-colosi-vagas.jpg?ssl=1\" alt=\"\" \/><\/a><\/p>\n<!-- \/wp:image -->\n<\/div>\n<p> <br \/>\n<\/p>\n<div>\n<p>A <strong>\u00faltima quinta-feira (25) de 2025<\/strong> marca a estreia de <strong>tr\u00eas novos filmes<\/strong> nos cinemas de <strong>Ribeir\u00e3o Preto<\/strong>. <mark style=\"background-color:#fcb900\" class=\"has-inline-color\">A programa\u00e7\u00e3o traz produ\u00e7\u00f5es que misturam a\u00e7\u00e3o, aventura, anima\u00e7\u00e3o, com\u00e9dia e drama.<\/mark><\/p>\n<p>Ribeir\u00e3o Preto conta com quatro cinemas, o\u00a0<strong>UCI<\/strong>\u00a0localizado no Ribeir\u00e3o Shopping, o\u00a0<strong>Cinep\u00f3lis<\/strong>\u00a0nos shoppings Santa \u00darsula e Iguatemi e o\u00a0<strong>Cinemark<\/strong>, no Novo Shopping.<\/p>\n<p>\u203c\ufe0f <em>Por causa do feriado de Natal, os shoppings de Ribeir\u00e3o Preto funcionam em hor\u00e1rio facultativo. A orienta\u00e7\u00e3o \u00e9 verificar se o cinema desejado estar\u00e1 aberto antes de ir ao local.<\/em><\/p>\n<h2 class=\"wp-block-heading\"><strong>Confira os lan\u00e7amentos dos cinemas de Ribeir\u00e3o<\/strong><\/h2>\n<h3 class=\"wp-block-heading\"><strong>Anaconda<\/strong><\/h3>\n<p><strong>Doug <\/strong>e <strong>Griff <\/strong>s\u00e3o melhores amigos desde a inf\u00e2ncia e sempre sonharam em refazer seu filme favorito de todos os tempos: <strong>Anaconda<\/strong>. Quando uma crise de meia-idade os impulsiona, eles partem para o cora\u00e7\u00e3o da Amaz\u00f4nia para come\u00e7ar as filmagens, mas as coisas ficam s\u00e9rias quando uma <strong>anaconda de verdade aparece no set<\/strong>.<\/p>\n<p><iframe loading=\"lazy\" title=\"Anaconda | Trailer Oficial Legendado\" width=\"500\" height=\"281\" src=\"https:\/\/www.youtube.com\/embed\/o33HZ-Xov98?feature=oembed\" frameborder=\"0\" allow=\"accelerometer; autoplay; clipboard-write; encrypted-media; gyroscope; picture-in-picture; web-share\" referrerpolicy=\"strict-origin-when-cross-origin\" allowfullscreen><\/iframe><\/p>\n<h3 class=\"wp-block-heading\"><strong>Tain\u00e1 E Os Guardi\u00f5es Da Amaz\u00f4nia \u2013 Em Busca Da Flecha Azul<\/strong><\/h3>\n<p><strong>Tain\u00e1<\/strong>, ao lado da s\u00e1bia Mestra A\u00ed, assume o papel de <strong>Guardi\u00e3 da Amaz\u00f4nia<\/strong>. Quando perde a Flecha Azul, ela parte em uma jornada ao lado de seus amigos Catu, Pepe e Suri para recuper\u00e1-la e impedir que o mal de Jurupari ameace destruir a floresta. Uma aventura repleta de amizade, coragem e grandes desafios!<\/p>\n<p><iframe loading=\"lazy\" title=\"Anaconda | Trailer Oficial Legendado\" width=\"500\" height=\"281\" src=\"https:\/\/www.youtube.com\/embed\/o33HZ-Xov98?feature=oembed\" frameborder=\"0\" allow=\"accelerometer; autoplay; clipboard-write; encrypted-media; gyroscope; picture-in-picture; web-share\" referrerpolicy=\"strict-origin-when-cross-origin\" allowfullscreen><\/iframe><\/p>\n<h3 class=\"wp-block-heading\"><strong>Valor Sentimental<\/strong><\/h3>\n<p>As irm\u00e3s <strong>Nora <\/strong>e <strong>Agnes<\/strong> reencontram seu pai distante, o carism\u00e1tico Gustav, diretor outrora renomado, que oferece a Nora um papel naquele que espera ser seu filme de retorno. Quando <strong>Nora <\/strong>recusa a proposta, descobre que ele deu o papel a uma jovem estrela de Hollywood, ambiciosa e entusiasmada. De repente, as <strong>duas irm\u00e3s precisam lidar com a complicada rela\u00e7\u00e3o com o pai <\/strong>e com a presen\u00e7a inesperada de uma atriz americana inserida bem no meio das complexas din\u00e2micas familiares.<\/p>\n<p><iframe loading=\"lazy\" title=\"Valor Sentimental | Trailer Oficial Legendado\" width=\"500\" height=\"281\" src=\"https:\/\/www.youtube.com\/embed\/tqvQBmvrCSs?feature=oembed\" frameborder=\"0\" allow=\"accelerometer; autoplay; clipboard-write; encrypted-media; gyroscope; picture-in-picture; web-share\" referrerpolicy=\"strict-origin-when-cross-origin\" allowfullscreen><\/iframe><\/p>\n<hr class=\"wp-block-separator has-alpha-channel-opacity\"\/>\n<p>SAIBA MAIS<\/p>\n<p>Onde est\u00e1 o Papai Noel? Veja sites que \u2018monitoram\u2019 a viagem do bom velhinho<\/p>\n<h2 class=\"wp-block-heading\"><strong>FIQUE ON<\/strong><\/h2>\n<p>Fique ligado em tudo que acontece em Ribeir\u00e3o Preto e regi\u00e3o. Siga os perfis do\u00a0<strong>acidade on\u00a0<\/strong>no\u00a0<a href=\"https:\/\/www.instagram.com\/acidadeonribeirao\" target=\"_blank\" rel=\"noreferrer noopener\">Instagram\u00a0<\/a>e no<a href=\"https:\/\/www.facebook.com\/acidadeonribeirao\/\" target=\"_blank\" rel=\"noreferrer noopener\">\u00a0Facebook<\/a>.<\/p>\n<p>Receba not\u00edcias do<strong>\u00a0acidade on\u00a0<\/strong>no WhatsApp. Para entrar no grupo,\u00a0basta\u00a0<a href=\"https:\/\/chat.whatsapp.com\/GFH9HUMUTHNFJdnyEd0xxq\" target=\"_blank\" rel=\"noreferrer noopener\">clicar aqui<\/a>. Ou, acesse o nosso\u00a0Canal<a href=\"https:\/\/whatsapp.com\/channel\/0029Vb6IQl1JENyAeS57fk2p\" target=\"_blank\" rel=\"noreferrer noopener\">\u00a0clicando aqui<\/a>.<\/p>\n<p>Fa\u00e7a uma den\u00fancia ou sugira uma reportagem sobre Ribeir\u00e3o Preto e regi\u00e3o pelo WhatsApp: 16 99117 7802.<\/p>\n<p>VEJA TAMB\u00c9M<\/p>\n<p>Quem foi Ieda Maria Vargas?<\/p>\n<p><!-- AI CONTENT END 1 -->\n<\/div>\n<p><script async src=\"\/\/www.instagram.com\/embed.js\"><\/script><br \/>\n<br \/><br \/>\n<br \/><a href=\"https:\/\/www.acidadeon.com\/ribeiraopreto\/lazer-e-cultura\/tres-novos-filmes-estreiam-nos-cinemas-de-ribeirao-preto-nesta-quinta-feira-veja-quais\/\">Source link <\/a><\/p>\n<!-- CONTENT END 1 -->\n","protected":false},"excerpt":{"rendered":"<p>A \u00faltima quinta-feira (25) de 2025 marca a estreia de tr\u00eas novos filmes nos cinemas de Ribeir\u00e3o Preto. A programa\u00e7\u00e3o traz produ\u00e7\u00f5es que misturam a\u00e7\u00e3o,&#8230;<\/p>\n","protected":false},"author":1,"featured_media":81172,"comment_status":"open","ping_status":"open","sticky":false,"template":"","format":"standard","meta":{"advanced_seo_description":"","jetpack_seo_html_title":"","jetpack_seo_noindex":false,"jetpack_post_was_ever_published":false,"_jetpack_newsletter_access":"","_jetpack_dont_email_post_to_subs":false,"_jetpack_newsletter_tier_id":0,"_jetpack_memberships_contains_paywalled_content":false,"_jetpack_memberships_contains_paid_content":false,"footnotes":"","jetpack_publicize_message":"","jetpack_publicize_feature_enabled":true,"jetpack_social_post_already_shared":true,"jetpack_social_options":{"image_generator_settings":{"template":"highway","default_image_id":0,"font":"","enabled":false},"version":2}},"categories":[11],"tags":[],"class_list":["post-81170","post","type-post","status-publish","format-standard","has-post-thumbnail","hentry","category-noticias-de-ribeirao-preto-sp-e-regiao-ismael-colosi"],"jetpack_publicize_connections":[],"jetpack_featured_media_url":"https:\/\/i0.wp.com\/noticiasribeiraopreto.com.br\/wp-content\/uploads\/2025\/12\/domingo-40_2025-12-25_15-17-34.webp.webp?fit=1200%2C675&ssl=1","jetpack-related-posts":[{"id":60888,"url":"https:\/\/noticiasribeiraopreto.com.br\/index.php\/2024\/11\/28\/moana-2-e-a-contadora-de-filmes-estreiam-nos-cinemas-de-ribeirao-preto\/","url_meta":{"origin":81170,"position":0},"title":"\u2018Moana 2\u2019 e \u2018A Contadora de Filmes\u2019 estreiam nos cinemas de Ribeir\u00e3o Preto","author":"noticiasribeiraopreto.com.br","date":"28 de November de 2024","format":false,"excerpt":"Esta quinta-feira (28) \u00e9 marcada pelo lan\u00e7amento de dois filmes nos cinemas de Ribeir\u00e3o Preto. Uma das grandes apostas do ano \u201cMoana 2\u201d e o longa chileno \u201cA Contadora de Filmes\u201d entram em cartaz. Ribeir\u00e3o Preto conta com quatro cinemas, o UCI localizado no Ribeir\u00e3o Shopping, o Cinep\u00f3lis nos shoppings\u2026","rel":"","context":"In &quot;Not\u00edcias de Ribeir\u00e3o Preto-SP e Regi\u00e3o&quot;","block_context":{"text":"Not\u00edcias de Ribeir\u00e3o Preto-SP e Regi\u00e3o","link":"https:\/\/noticiasribeiraopreto.com.br\/index.php\/category\/noticias-de-ribeirao-preto-sp-e-regiao-ismael-colosi\/"},"img":{"alt_text":"","src":"https:\/\/i0.wp.com\/noticiasribeiraopreto.com.br\/wp-content\/uploads\/2024\/11\/novo-poster-moana_2024-11-28_12-14-29.webp.webp?fit=1200%2C675&ssl=1&resize=350%2C200","width":350,"height":200,"srcset":"https:\/\/i0.wp.com\/noticiasribeiraopreto.com.br\/wp-content\/uploads\/2024\/11\/novo-poster-moana_2024-11-28_12-14-29.webp.webp?fit=1200%2C675&ssl=1&resize=350%2C200 1x, https:\/\/i0.wp.com\/noticiasribeiraopreto.com.br\/wp-content\/uploads\/2024\/11\/novo-poster-moana_2024-11-28_12-14-29.webp.webp?fit=1200%2C675&ssl=1&resize=525%2C300 1.5x, https:\/\/i0.wp.com\/noticiasribeiraopreto.com.br\/wp-content\/uploads\/2024\/11\/novo-poster-moana_2024-11-28_12-14-29.webp.webp?fit=1200%2C675&ssl=1&resize=700%2C400 2x, https:\/\/i0.wp.com\/noticiasribeiraopreto.com.br\/wp-content\/uploads\/2024\/11\/novo-poster-moana_2024-11-28_12-14-29.webp.webp?fit=1200%2C675&ssl=1&resize=1050%2C600 3x"},"classes":[]},{"id":63432,"url":"https:\/\/noticiasribeiraopreto.com.br\/index.php\/2025\/02\/13\/capitao-america-admiravel-mundo-novo-estreia-nos-cinemas-de-ribeirao-preto\/","url_meta":{"origin":81170,"position":1},"title":"\u2018Capit\u00e3o Am\u00e9rica: Admir\u00e1vel Mundo Novo\u2019 estreia nos cinemas de Ribeir\u00e3o Preto","author":"noticiasribeiraopreto.com.br","date":"13 de February de 2025","format":false,"excerpt":"Esta quinta-feira (13) \u00e9 marcada pelo lan\u00e7amento de tr\u00eas filmes nos cinemas de Ribeir\u00e3o Preto. O destaque da programa\u00e7\u00e3o \u00e9 a produ\u00e7\u00e3o \u201cCapit\u00e3o Am\u00e9rica: Admir\u00e1vel Mundo Novo\u201d, que traz o famoso her\u00f3i da Marvel de volta \u00e0s telonas. Veja todos os longas que entram em cartaz: Ribeir\u00e3o Preto conta com\u2026","rel":"","context":"In &quot;Not\u00edcias de Ribeir\u00e3o Preto-SP e Regi\u00e3o&quot;","block_context":{"text":"Not\u00edcias de Ribeir\u00e3o Preto-SP e Regi\u00e3o","link":"https:\/\/noticiasribeiraopreto.com.br\/index.php\/category\/noticias-de-ribeirao-preto-sp-e-regiao-ismael-colosi\/"},"img":{"alt_text":"","src":"https:\/\/i0.wp.com\/noticiasribeiraopreto.com.br\/wp-content\/uploads\/2025\/02\/capitaoamerica4_3_2025-02-13_12-23-56.webp.webp?fit=1200%2C630&ssl=1&resize=350%2C200","width":350,"height":200,"srcset":"https:\/\/i0.wp.com\/noticiasribeiraopreto.com.br\/wp-content\/uploads\/2025\/02\/capitaoamerica4_3_2025-02-13_12-23-56.webp.webp?fit=1200%2C630&ssl=1&resize=350%2C200 1x, https:\/\/i0.wp.com\/noticiasribeiraopreto.com.br\/wp-content\/uploads\/2025\/02\/capitaoamerica4_3_2025-02-13_12-23-56.webp.webp?fit=1200%2C630&ssl=1&resize=525%2C300 1.5x, https:\/\/i0.wp.com\/noticiasribeiraopreto.com.br\/wp-content\/uploads\/2025\/02\/capitaoamerica4_3_2025-02-13_12-23-56.webp.webp?fit=1200%2C630&ssl=1&resize=700%2C400 2x, https:\/\/i0.wp.com\/noticiasribeiraopreto.com.br\/wp-content\/uploads\/2025\/02\/capitaoamerica4_3_2025-02-13_12-23-56.webp.webp?fit=1200%2C630&ssl=1&resize=1050%2C600 3x"},"classes":[]},{"id":57741,"url":"https:\/\/noticiasribeiraopreto.com.br\/index.php\/2024\/09\/09\/semana-do-cinema-tera-ingressos-por-r-12-veja-quando-comeca\/","url_meta":{"origin":81170,"position":2},"title":"Semana do Cinema ter\u00e1 ingressos por R$ 12; Veja quando come\u00e7a","author":"noticiasribeiraopreto.com.br","date":"9 de September de 2024","format":false,"excerpt":"A Semana Do Cinema acontece pela segunda vez este ano e proporciona aos cin\u00e9filos ingressos por R$ 12. A iniciativa come\u00e7a nesta quinta-feira (12) e segue at\u00e9 quarta-feira (18). Essa \u00e9 a quinta edi\u00e7\u00e3o da Semana do Cinema, que al\u00e9m do desconto nos valores dos ingressos, tamb\u00e9m conta com promo\u00e7\u00f5es\u2026","rel":"","context":"In &quot;Not\u00edcias de Ribeir\u00e3o Preto-SP e Regi\u00e3o&quot;","block_context":{"text":"Not\u00edcias de Ribeir\u00e3o Preto-SP e Regi\u00e3o","link":"https:\/\/noticiasribeiraopreto.com.br\/index.php\/category\/noticias-de-ribeirao-preto-sp-e-regiao-ismael-colosi\/"},"img":{"alt_text":"","src":"https:\/\/i0.wp.com\/noticiasribeiraopreto.com.br\/wp-content\/uploads\/2024\/09\/pexels-tima-miroshnichenko-7991158_2024-09-09_14-25-55.webp.webp?fit=888%2C592&ssl=1&resize=350%2C200","width":350,"height":200,"srcset":"https:\/\/i0.wp.com\/noticiasribeiraopreto.com.br\/wp-content\/uploads\/2024\/09\/pexels-tima-miroshnichenko-7991158_2024-09-09_14-25-55.webp.webp?fit=888%2C592&ssl=1&resize=350%2C200 1x, https:\/\/i0.wp.com\/noticiasribeiraopreto.com.br\/wp-content\/uploads\/2024\/09\/pexels-tima-miroshnichenko-7991158_2024-09-09_14-25-55.webp.webp?fit=888%2C592&ssl=1&resize=525%2C300 1.5x, https:\/\/i0.wp.com\/noticiasribeiraopreto.com.br\/wp-content\/uploads\/2024\/09\/pexels-tima-miroshnichenko-7991158_2024-09-09_14-25-55.webp.webp?fit=888%2C592&ssl=1&resize=700%2C400 2x"},"classes":[]},{"id":49259,"url":"https:\/\/noticiasribeiraopreto.com.br\/index.php\/2024\/05\/09\/planeta-dos-macacos-o-reinado-estreia-nos-cinemas-de-ribeirao-preto\/","url_meta":{"origin":81170,"position":3},"title":"\u2018Planeta dos Macacos: O Reinado\u2019 estreia nos cinemas de Ribeir\u00e3o Preto","author":"noticiasribeiraopreto.com.br","date":"9 de May de 2024","format":false,"excerpt":"O filme \u201cPlaneta dos Macacos: O Reinado\u201d estreia nesta quinta-feira (8) nos cinemas de Ribeir\u00e3o Preto. A trama que traz continua\u00e7\u00e3o da trilogia feita entre 2011 e 2017, tamb\u00e9m marca uma tentativa de reiniciar a saga. A hist\u00f3ria se passa anos ap\u00f3s a morte do chimpanz\u00e9 C\u00e9sar. Os macacos s\u00e3o\u2026","rel":"","context":"In &quot;Not\u00edcias de Ribeir\u00e3o Preto-SP e Regi\u00e3o&quot;","block_context":{"text":"Not\u00edcias de Ribeir\u00e3o Preto-SP e Regi\u00e3o","link":"https:\/\/noticiasribeiraopreto.com.br\/index.php\/category\/noticias-de-ribeirao-preto-sp-e-regiao-ismael-colosi\/"},"img":{"alt_text":"","src":"https:\/\/i0.wp.com\/noticiasribeiraopreto.com.br\/wp-content\/uploads\/2024\/05\/planeta-dos-macacos-o-reinado_x9v9_2024-05-09_12-40-54_jpg_2024-05-09_12-40-54.webp.webp?fit=1200%2C675&ssl=1&resize=350%2C200","width":350,"height":200,"srcset":"https:\/\/i0.wp.com\/noticiasribeiraopreto.com.br\/wp-content\/uploads\/2024\/05\/planeta-dos-macacos-o-reinado_x9v9_2024-05-09_12-40-54_jpg_2024-05-09_12-40-54.webp.webp?fit=1200%2C675&ssl=1&resize=350%2C200 1x, https:\/\/i0.wp.com\/noticiasribeiraopreto.com.br\/wp-content\/uploads\/2024\/05\/planeta-dos-macacos-o-reinado_x9v9_2024-05-09_12-40-54_jpg_2024-05-09_12-40-54.webp.webp?fit=1200%2C675&ssl=1&resize=525%2C300 1.5x, https:\/\/i0.wp.com\/noticiasribeiraopreto.com.br\/wp-content\/uploads\/2024\/05\/planeta-dos-macacos-o-reinado_x9v9_2024-05-09_12-40-54_jpg_2024-05-09_12-40-54.webp.webp?fit=1200%2C675&ssl=1&resize=700%2C400 2x, https:\/\/i0.wp.com\/noticiasribeiraopreto.com.br\/wp-content\/uploads\/2024\/05\/planeta-dos-macacos-o-reinado_x9v9_2024-05-09_12-40-54_jpg_2024-05-09_12-40-54.webp.webp?fit=1200%2C675&ssl=1&resize=1050%2C600 3x"},"classes":[]},{"id":38586,"url":"https:\/\/noticiasribeiraopreto.com.br\/index.php\/2024\/02\/20\/cinemas-de-ribeirao-terao-ingressos-por-r-12-veja-quando\/","url_meta":{"origin":81170,"position":4},"title":"Cinemas de Ribeir\u00e3o ter\u00e3o ingressos por R$ 12; Veja quando","author":"noticiasribeiraopreto.com.br","date":"20 de February de 2024","format":false,"excerpt":"Ribeir\u00e3o Preto ter\u00e1 ingressos de cinema a R$ 12 a partir desta quinta-feira (22). A a\u00e7\u00e3o, que oferece ingressos para sess\u00f5es 2D faz parte da Semana do Cinema, e acontece at\u00e9 a pr\u00f3xima quarta-feira, 28 de fevereiro. Al\u00e9m de entradas mais baratas, algumas redes oferecer\u00e3o combos de pipoca e bebida\u2026","rel":"","context":"In &quot;Not\u00edcias de Ribeir\u00e3o Preto-SP e Regi\u00e3o&quot;","block_context":{"text":"Not\u00edcias de Ribeir\u00e3o Preto-SP e Regi\u00e3o","link":"https:\/\/noticiasribeiraopreto.com.br\/index.php\/category\/noticias-de-ribeirao-preto-sp-e-regiao-ismael-colosi\/"},"img":{"alt_text":"","src":"https:\/\/i0.wp.com\/noticiasribeiraopreto.com.br\/wp-content\/uploads\/2024\/02\/cinema_filme_1024x576_02102020113512.jpg?fit=1024%2C576&ssl=1&resize=350%2C200","width":350,"height":200,"srcset":"https:\/\/i0.wp.com\/noticiasribeiraopreto.com.br\/wp-content\/uploads\/2024\/02\/cinema_filme_1024x576_02102020113512.jpg?fit=1024%2C576&ssl=1&resize=350%2C200 1x, https:\/\/i0.wp.com\/noticiasribeiraopreto.com.br\/wp-content\/uploads\/2024\/02\/cinema_filme_1024x576_02102020113512.jpg?fit=1024%2C576&ssl=1&resize=525%2C300 1.5x, https:\/\/i0.wp.com\/noticiasribeiraopreto.com.br\/wp-content\/uploads\/2024\/02\/cinema_filme_1024x576_02102020113512.jpg?fit=1024%2C576&ssl=1&resize=700%2C400 2x"},"classes":[]},{"id":62741,"url":"https:\/\/noticiasribeiraopreto.com.br\/index.php\/2025\/01\/23\/paddington-e-conclave-estreiam-nos-cinemas-de-ribeirao-preto-nesta-quinta-feira\/","url_meta":{"origin":81170,"position":5},"title":"\u2018Paddington\u2019 e \u2018Conclave\u2019 estreiam nos cinemas de Ribeir\u00e3o Preto nesta quinta-feira","author":"noticiasribeiraopreto.com.br","date":"23 de January de 2025","format":false,"excerpt":"Hoje \u00e9 dia de estreia nos cinemas de Ribeir\u00e3o Preto. Entre os filmes que entram na programa\u00e7\u00e3o est\u00e3o a aventura \u201cPaddington \u2013 Uma Aventura na Floresta\u201d e \u201cConclave\u201c, que mostra os bastidores da escolha de um novo papa. Ribeir\u00e3o Preto conta com quatro cinemas, o UCI localizado no Ribeir\u00e3o Shopping,\u2026","rel":"","context":"In &quot;Not\u00edcias de Ribeir\u00e3o Preto-SP e Regi\u00e3o&quot;","block_context":{"text":"Not\u00edcias de Ribeir\u00e3o Preto-SP e Regi\u00e3o","link":"https:\/\/noticiasribeiraopreto.com.br\/index.php\/category\/noticias-de-ribeirao-preto-sp-e-regiao-ismael-colosi\/"},"img":{"alt_text":"","src":"https:\/\/i0.wp.com\/noticiasribeiraopreto.com.br\/wp-content\/uploads\/2025\/01\/paddington-3_kcg4PmW_2025-01-23_12-06-34_png_2025-01-23_12-06-34.webp.webp?fit=570%2C257&ssl=1&resize=350%2C200","width":350,"height":200,"srcset":"https:\/\/i0.wp.com\/noticiasribeiraopreto.com.br\/wp-content\/uploads\/2025\/01\/paddington-3_kcg4PmW_2025-01-23_12-06-34_png_2025-01-23_12-06-34.webp.webp?fit=570%2C257&ssl=1&resize=350%2C200 1x, https:\/\/i0.wp.com\/noticiasribeiraopreto.com.br\/wp-content\/uploads\/2025\/01\/paddington-3_kcg4PmW_2025-01-23_12-06-34_png_2025-01-23_12-06-34.webp.webp?fit=570%2C257&ssl=1&resize=525%2C300 1.5x"},"classes":[]}],"jetpack_sharing_enabled":true,"jetpack_shortlink":"https:\/\/wp.me\/peQAOb-l7c","_links":{"self":[{"href":"https:\/\/noticiasribeiraopreto.com.br\/index.php\/wp-json\/wp\/v2\/posts\/81170","targetHints":{"allow":["GET"]}}],"collection":[{"href":"https:\/\/noticiasribeiraopreto.com.br\/index.php\/wp-json\/wp\/v2\/posts"}],"about":[{"href":"https:\/\/noticiasribeiraopreto.com.br\/index.php\/wp-json\/wp\/v2\/types\/post"}],"author":[{"embeddable":true,"href":"https:\/\/noticiasribeiraopreto.com.br\/index.php\/wp-json\/wp\/v2\/users\/1"}],"replies":[{"embeddable":true,"href":"https:\/\/noticiasribeiraopreto.com.br\/index.php\/wp-json\/wp\/v2\/comments?post=81170"}],"version-history":[{"count":0,"href":"https:\/\/noticiasribeiraopreto.com.br\/index.php\/wp-json\/wp\/v2\/posts\/81170\/revisions"}],"wp:featuredmedia":[{"embeddable":true,"href":"https:\/\/noticiasribeiraopreto.com.br\/index.php\/wp-json\/wp\/v2\/media\/81172"}],"wp:attachment":[{"href":"https:\/\/noticiasribeiraopreto.com.br\/index.php\/wp-json\/wp\/v2\/media?parent=81170"}],"wp:term":[{"taxonomy":"category","embeddable":true,"href":"https:\/\/noticiasribeiraopreto.com.br\/index.php\/wp-json\/wp\/v2\/categories?post=81170"},{"taxonomy":"post_tag","embeddable":true,"href":"https:\/\/noticiasribeiraopreto.com.br\/index.php\/wp-json\/wp\/v2\/tags?post=81170"}],"curies":[{"name":"wp","href":"https:\/\/api.w.org\/{rel}","templated":true}]}}