{"id":81173,"date":"2025-12-26T07:14:11","date_gmt":"2025-12-26T10:14:11","guid":{"rendered":"https:\/\/noticiasribeiraopreto.com.br\/index.php\/2025\/12\/26\/operacao-da-lei-seca-multa-18-motoristas-na-regiao-de-ribeirao-preto\/"},"modified":"2025-12-26T07:14:11","modified_gmt":"2025-12-26T10:14:11","slug":"operacao-da-lei-seca-multa-18-motoristas-na-regiao-de-ribeirao-preto","status":"publish","type":"post","link":"https:\/\/noticiasribeiraopreto.com.br\/index.php\/2025\/12\/26\/operacao-da-lei-seca-multa-18-motoristas-na-regiao-de-ribeirao-preto\/","title":{"rendered":"Opera\u00e7\u00e3o da Lei Seca multa 18 motoristas na regi\u00e3o de Ribeir\u00e3o Preto"},"content":{"rendered":"<div class='code-block code-block-1' style='margin: 8px 0 8px auto; text-align: right; display: block; clear: both;'>\n<p><a href=\"https:\/\/wa.link\/vpicfd\"><img data-recalc-dims=\"1\" class=\"wp-image-4922\" style=\"aspect-ratio: 2.0253164556962027; width: 561px; height: auto;\" src=\"https:\/\/i0.wp.com\/ismaelcolosi.com.br\/wp-content\/uploads\/2023\/11\/grupo-de-empregos-whatsapp-e-facebook-ismael-colosi-vagas.jpg?ssl=1\" alt=\"\" \/><\/a><\/p>\n<!-- \/wp:image -->\n<\/div>\n<p> <br \/>\n<\/p>\n<div>\n<p>A blitz da <strong>Lei Seca<\/strong> realizada pelo <strong>Detran-SP<\/strong> multou <strong>18 motoristas em Sert\u00e3ozinho<\/strong>, cidade na<strong> regi\u00e3o de Ribeir\u00e3o Preto<\/strong>, na \u00faltima semana.<\/p>\n<p>De acordo com as informa\u00e7\u00f5es, <mark style=\"background-color:#fcb900\" class=\"has-inline-color\"><strong>17\u00a0condutores se recusaram\u00a0a realizar o teste do baf\u00f4metro\u00a0<\/strong>e <strong>um foi flagrado dirigindo sob efeito de \u00e1lcool<\/strong> em dois pontos da cidade.<\/mark><\/p>\n<p>No total, a fiscaliza\u00e7\u00e3o do <strong>Detran-SP <\/strong>abordou\u00a0um total de\u00a01.903\u00a0ve\u00edculos. A iniciativa contou com o apoio de equipes das pol\u00edcias Militar, Civil e T\u00e9cnico-Cient\u00edfica.<\/p>\n<div class=\"wp-block-image\">\n<figure class=\"aligncenter size-large is-resized\"><img data-recalc-dims=\"1\" fetchpriority=\"high\" decoding=\"async\" width=\"1024\" height=\"576\" src=\"https:\/\/i0.wp.com\/cdn.media-acidadeon.com.br\/ribeiraopreto\/wp-content\/uploads\/sites\/3\/2024\/09\/Copia-de-Copia-de-Copia-de-TAMANHO-EXATO-PARA-FOTOS-NO-SISTEMA-NOVO-26_2024-09-03_18-21-18_png_2024-09-03_18-21-19-1024x576.webp?resize=1024%2C576&#038;ssl=1\" alt=\"Blitz da Lei Seca autuou 18 motoristas em Sert\u00e3ozinho - Foto: Reprodu\u00e7\u00e3o\/ Freepik.\" class=\"wp-image-92288\" style=\"width:654px\" title=\"Opera\u00e7\u00e3o da Lei Seca multa 18 motoristas na regi\u00e3o de Ribeir\u00e3o Preto 1\" srcset=\"https:\/\/cdn.media-acidadeon.com.br\/ribeiraopreto\/wp-content\/uploads\/sites\/3\/2024\/09\/Copia-de-Copia-de-Copia-de-TAMANHO-EXATO-PARA-FOTOS-NO-SISTEMA-NOVO-26_2024-09-03_18-21-18_png_2024-09-03_18-21-19-1024x576.webp 1024w, https:\/\/cdn.media-acidadeon.com.br\/ribeiraopreto\/wp-content\/uploads\/sites\/3\/2024\/09\/Copia-de-Copia-de-Copia-de-TAMANHO-EXATO-PARA-FOTOS-NO-SISTEMA-NOVO-26_2024-09-03_18-21-18_png_2024-09-03_18-21-19-300x169.webp 300w, https:\/\/cdn.media-acidadeon.com.br\/ribeiraopreto\/wp-content\/uploads\/sites\/3\/2024\/09\/Copia-de-Copia-de-Copia-de-TAMANHO-EXATO-PARA-FOTOS-NO-SISTEMA-NOVO-26_2024-09-03_18-21-18_png_2024-09-03_18-21-19-768x432.webp 768w, https:\/\/cdn.media-acidadeon.com.br\/ribeiraopreto\/wp-content\/uploads\/sites\/3\/2024\/09\/Copia-de-Copia-de-Copia-de-TAMANHO-EXATO-PARA-FOTOS-NO-SISTEMA-NOVO-26_2024-09-03_18-21-18_png_2024-09-03_18-21-19-696x392.webp 696w, https:\/\/cdn.media-acidadeon.com.br\/ribeiraopreto\/wp-content\/uploads\/sites\/3\/2024\/09\/Copia-de-Copia-de-Copia-de-TAMANHO-EXATO-PARA-FOTOS-NO-SISTEMA-NOVO-26_2024-09-03_18-21-18_png_2024-09-03_18-21-19-1068x601.webp 1068w, https:\/\/cdn.media-acidadeon.com.br\/ribeiraopreto\/wp-content\/uploads\/sites\/3\/2024\/09\/Copia-de-Copia-de-Copia-de-TAMANHO-EXATO-PARA-FOTOS-NO-SISTEMA-NOVO-26_2024-09-03_18-21-18_png_2024-09-03_18-21-19.webp 1200w\" sizes=\"(max-width: 1024px) 100vw, 1024px\"\/><figcaption class=\"wp-element-caption\">Blitz da Lei Seca autuou 18 motoristas em Sert\u00e3ozinho \u2013 Foto: Reprodu\u00e7\u00e3o\/ Freepik.<\/figcaption><\/figure>\n<\/div>\n<h2 class=\"wp-block-heading\"><strong>Multa grav\u00edssima<\/strong><\/h2>\n<p>Vale ressaltar que, o motorista que<strong>\u00a0se recusar a realizar o teste do baf\u00f4metro<\/strong>\u00a0ou\u00a0<strong>for flagrado dirigindo sob efeito de \u00e1lcool<\/strong>\u00a0\u2013 quando o teste do etil\u00f4metro aponta o \u00edndice de at\u00e9 0,33 mg de \u00e1lcool por litro de ar expelido \u2013 \u00e9 autuado por\u00a0<strong>infra\u00e7\u00e3o grav\u00edssima<\/strong>, segundo os artigos 165 e 165-A do\u00a0<strong>C\u00f3digo de Tr\u00e2nsito Brasileiro (CTB)<\/strong>.<\/p>\n<p><mark style=\"background-color:#fcb900\" class=\"has-inline-color\">Em ambos os casos, o valor da multa \u00e9 de\u00a0<strong>R$ 2.934,70<\/strong>\u00a0e o condutor responde a\u00a0<strong>processo de suspens\u00e3<\/strong>o da carteira de habilita\u00e7\u00e3o.<\/mark><\/p>\n<p>O\u00a0<strong>Detran\u00a0<\/strong>lembra que, \u201cse houver reincid\u00eancia no per\u00edodo de 12 meses, a pena \u00e9 aplicada em dobro, ou seja, R$ 5.869,40, al\u00e9m da cassa\u00e7\u00e3o da CNH.\u201d<\/p>\n<p>J\u00e1 nos casos de embriaguez ao volante \u2013 quando o motorista apresenta \u00edndice a partir de 0,34 miligramas de \u00e1lcool por litro de ar expelido no teste do etil\u00f4metro \u2013\u00a0<strong>h\u00e1 configura\u00e7\u00e3o de crime de tr\u00e2nsito.<\/strong><\/p>\n<p>Se condenado, al\u00e9m da multa e suspens\u00e3o da CNH, o motorista cumpre de\u00a0<strong>seis meses a tr\u00eas anos de pris\u00e3o<\/strong>, conforme prev\u00ea a\u00a0<strong>Lei Seca<\/strong>.<\/p>\n<h3 class=\"wp-block-heading\"><strong>Fiscaliza\u00e7\u00e3o no estado<\/strong><\/h3>\n<p>O\u00a0<strong>Detran\u00a0<\/strong>ainda\u00a0informou que na \u00faltima semana as fiscaliza\u00e7\u00f5es aconteceram em\u00a0<strong>31 cidades do Estado<\/strong>: Ara\u00e7atuba, Bariri, Barueri, Bebedouro. Boituva, Botucatu, Diadema, Fernand\u00f3polis, Franca, Glic\u00e9rio, Guaruj\u00e1, Guarulhos, Hortol\u00e2ndia, Ilha Comprida, Itaquaquecetuba, Itarar\u00e9, Itupeva, Jundia\u00ed, Mairinque, Martin\u00f3polis, Nova Odessa, Piracicaba, Praia Grande, Registro, S\u00e3o Jos\u00e9 do Rio Preto, S\u00e3o Jos\u00e9 dos Campos, Sert\u00e3ozinho, Tabo\u00e3o da Serra, Tatu\u00ed e S\u00e3o Paulo\/ Capital.<\/p>\n<p>No total,\u00a0<strong>26.688 ve\u00edculos\u00a0foram fiscalizados<\/strong>, resultando em\u00a0500\u00a0infra\u00e7\u00f5es por alcoolemia, sendo\u00a0482\u00a0recusas ao teste do baf\u00f4metro, 17\u00a0autua\u00e7\u00f5es por dire\u00e7\u00e3o sob efeito de \u00e1lcool\u00a0e um crime de tr\u00e2nsito, registrado quando o teste do baf\u00f4metro acusa\u00a0\u00edndice a partir de 0,34\u00a0mg de \u00e1lcool por litro de ar expelido.<\/p>\n<hr class=\"wp-block-separator has-alpha-channel-opacity\"\/>\n<p>SAIBA MAIS<\/p>\n<p>Shoppings e supermercados abrem no dia de Natal em Ribeir\u00e3o? Confira<\/p>\n<h2 class=\"wp-block-heading\"><strong>FIQUE ON<\/strong><\/h2>\n<p>Fique ligado em tudo que acontece em Ribeir\u00e3o Preto e regi\u00e3o. Siga os perfis do\u00a0<strong>acidade on\u00a0<\/strong>no\u00a0<a href=\"https:\/\/www.instagram.com\/acidadeonribeirao\" target=\"_blank\" rel=\"noreferrer noopener\">Instagram\u00a0<\/a>e no<a href=\"https:\/\/www.facebook.com\/acidadeonribeirao\/\" target=\"_blank\" rel=\"noreferrer noopener\">\u00a0Facebook<\/a>.<\/p>\n<p>Receba not\u00edcias do<strong>\u00a0acidade on\u00a0<\/strong>no WhatsApp. Para entrar no grupo,\u00a0basta\u00a0<a href=\"https:\/\/chat.whatsapp.com\/GFH9HUMUTHNFJdnyEd0xxq\" target=\"_blank\" rel=\"noreferrer noopener\">clicar aqui<\/a>. Ou, acesse o nosso\u00a0Canal<a href=\"https:\/\/whatsapp.com\/channel\/0029Vb6IQl1JENyAeS57fk2p\" target=\"_blank\" rel=\"noreferrer noopener\">\u00a0clicando aqui<\/a>.<\/p>\n<p>Fa\u00e7a uma den\u00fancia ou sugira uma reportagem sobre Ribeir\u00e3o Preto e regi\u00e3o pelo WhatsApp: 16 99117 7802.<\/p>\n<p>VEJA TAMB\u00c9M<br \/>Bancos abrem hoje? Saiba como ser\u00e3o os hor\u00e1rios de funcionamento<\/p>\n<p><!-- AI CONTENT END 1 -->\n<\/div>\n<p><script async src=\"\/\/www.instagram.com\/embed.js\"><\/script><br \/>\n<br \/><br \/>\n<br \/><a href=\"https:\/\/www.acidadeon.com\/ribeiraopreto\/cotidiano\/operacao-da-lei-seca-multa-18-motoristas-na-regiao-de-ribeirao\/\">Source link <\/a><\/p>\n<!-- CONTENT END 1 -->\n","protected":false},"excerpt":{"rendered":"<p>A blitz da Lei Seca realizada pelo Detran-SP multou 18 motoristas em Sert\u00e3ozinho, cidade na regi\u00e3o de Ribeir\u00e3o Preto, na \u00faltima semana. De acordo com&#8230;<\/p>\n","protected":false},"author":1,"featured_media":81174,"comment_status":"open","ping_status":"open","sticky":false,"template":"","format":"standard","meta":{"advanced_seo_description":"","jetpack_seo_html_title":"","jetpack_seo_noindex":false,"jetpack_post_was_ever_published":false,"_jetpack_newsletter_access":"","_jetpack_dont_email_post_to_subs":false,"_jetpack_newsletter_tier_id":0,"_jetpack_memberships_contains_paywalled_content":false,"_jetpack_memberships_contains_paid_content":false,"footnotes":"","jetpack_publicize_message":"","jetpack_publicize_feature_enabled":true,"jetpack_social_post_already_shared":true,"jetpack_social_options":{"image_generator_settings":{"template":"highway","default_image_id":0,"font":"","enabled":false},"version":2}},"categories":[11],"tags":[],"class_list":["post-81173","post","type-post","status-publish","format-standard","has-post-thumbnail","hentry","category-noticias-de-ribeirao-preto-sp-e-regiao-ismael-colosi"],"jetpack_publicize_connections":[],"jetpack_featured_media_url":"https:\/\/i0.wp.com\/noticiasribeiraopreto.com.br\/wp-content\/uploads\/2025\/12\/domingo-39_2025-12-25_14-33-04.webp.webp?fit=1200%2C675&ssl=1","jetpack-related-posts":[{"id":58057,"url":"https:\/\/noticiasribeiraopreto.com.br\/index.php\/2024\/09\/17\/blitz-da-lei-seca-autua-39-motoristas-na-regiao-de-ribeirao-preto\/","url_meta":{"origin":81173,"position":0},"title":"Blitz da Lei Seca autua 39 motoristas na regi\u00e3o de Ribeir\u00e3o Preto","author":"noticiasribeiraopreto.com.br","date":"17 de September de 2024","format":false,"excerpt":"A blitz da Lei Seca autuou 39 motoristas na avenida Affonso Trigo, em Sert\u00e3ozinho, cidade na regi\u00e3o de Ribeir\u00e3o Preto, no \u00faltimo final de semana. Conforme o Detran-SP, 38 condutores se recusaram a realizar o teste do baf\u00f4metro e um foi pego dirigindo sob a influ\u00eancia de \u00e1lcool. A Opera\u00e7\u00e3o\u2026","rel":"","context":"In &quot;Not\u00edcias de Ribeir\u00e3o Preto-SP e Regi\u00e3o&quot;","block_context":{"text":"Not\u00edcias de Ribeir\u00e3o Preto-SP e Regi\u00e3o","link":"https:\/\/noticiasribeiraopreto.com.br\/index.php\/category\/noticias-de-ribeirao-preto-sp-e-regiao-ismael-colosi\/"},"img":{"alt_text":"","src":"https:\/\/i0.wp.com\/noticiasribeiraopreto.com.br\/wp-content\/uploads\/2024\/09\/lei-seca_2024-07-23_15-55-31_jpg_2024-07-23_15-55-31.webp.webp?fit=1200%2C800&ssl=1&resize=350%2C200","width":350,"height":200,"srcset":"https:\/\/i0.wp.com\/noticiasribeiraopreto.com.br\/wp-content\/uploads\/2024\/09\/lei-seca_2024-07-23_15-55-31_jpg_2024-07-23_15-55-31.webp.webp?fit=1200%2C800&ssl=1&resize=350%2C200 1x, https:\/\/i0.wp.com\/noticiasribeiraopreto.com.br\/wp-content\/uploads\/2024\/09\/lei-seca_2024-07-23_15-55-31_jpg_2024-07-23_15-55-31.webp.webp?fit=1200%2C800&ssl=1&resize=525%2C300 1.5x, https:\/\/i0.wp.com\/noticiasribeiraopreto.com.br\/wp-content\/uploads\/2024\/09\/lei-seca_2024-07-23_15-55-31_jpg_2024-07-23_15-55-31.webp.webp?fit=1200%2C800&ssl=1&resize=700%2C400 2x, https:\/\/i0.wp.com\/noticiasribeiraopreto.com.br\/wp-content\/uploads\/2024\/09\/lei-seca_2024-07-23_15-55-31_jpg_2024-07-23_15-55-31.webp.webp?fit=1200%2C800&ssl=1&resize=1050%2C600 3x"},"classes":[]},{"id":59342,"url":"https:\/\/noticiasribeiraopreto.com.br\/index.php\/2024\/10\/21\/blitz-da-lei-seca-autua-19-motoristas-na-regiao-de-ribeirao-preto\/","url_meta":{"origin":81173,"position":1},"title":"Blitz da Lei Seca autua 19 motoristas na regi\u00e3o de Ribeir\u00e3o Preto","author":"noticiasribeiraopreto.com.br","date":"21 de October de 2024","format":false,"excerpt":"A blitz da Lei Seca autuou 19 motoristas, em Sert\u00e3ozinho, na regi\u00e3o de Ribeir\u00e3o Preto durante a Opera\u00e7\u00e3o Dire\u00e7\u00e3o Segura Integrada, que aconteceu no \u00faltimo final de semana. Conforme o Detran-SP, 17 condutores se recusaram a realizar o teste do baf\u00f4metro e dois foram flagrados dirigindo sob a influ\u00eancia de\u2026","rel":"","context":"In &quot;Not\u00edcias de Ribeir\u00e3o Preto-SP e Regi\u00e3o&quot;","block_context":{"text":"Not\u00edcias de Ribeir\u00e3o Preto-SP e Regi\u00e3o","link":"https:\/\/noticiasribeiraopreto.com.br\/index.php\/category\/noticias-de-ribeirao-preto-sp-e-regiao-ismael-colosi\/"},"img":{"alt_text":"","src":"https:\/\/i0.wp.com\/noticiasribeiraopreto.com.br\/wp-content\/uploads\/2024\/10\/Copia-de-Copia-de-Copia-de-TAMANHO-EXATO-PARA-FOTOS-NO-SISTEMA-NOVO-30_2024-10-21_22-19-39_png_2024-10-21_22-19-39.webp.webp?fit=1200%2C675&ssl=1&resize=350%2C200","width":350,"height":200,"srcset":"https:\/\/i0.wp.com\/noticiasribeiraopreto.com.br\/wp-content\/uploads\/2024\/10\/Copia-de-Copia-de-Copia-de-TAMANHO-EXATO-PARA-FOTOS-NO-SISTEMA-NOVO-30_2024-10-21_22-19-39_png_2024-10-21_22-19-39.webp.webp?fit=1200%2C675&ssl=1&resize=350%2C200 1x, https:\/\/i0.wp.com\/noticiasribeiraopreto.com.br\/wp-content\/uploads\/2024\/10\/Copia-de-Copia-de-Copia-de-TAMANHO-EXATO-PARA-FOTOS-NO-SISTEMA-NOVO-30_2024-10-21_22-19-39_png_2024-10-21_22-19-39.webp.webp?fit=1200%2C675&ssl=1&resize=525%2C300 1.5x, https:\/\/i0.wp.com\/noticiasribeiraopreto.com.br\/wp-content\/uploads\/2024\/10\/Copia-de-Copia-de-Copia-de-TAMANHO-EXATO-PARA-FOTOS-NO-SISTEMA-NOVO-30_2024-10-21_22-19-39_png_2024-10-21_22-19-39.webp.webp?fit=1200%2C675&ssl=1&resize=700%2C400 2x, https:\/\/i0.wp.com\/noticiasribeiraopreto.com.br\/wp-content\/uploads\/2024\/10\/Copia-de-Copia-de-Copia-de-TAMANHO-EXATO-PARA-FOTOS-NO-SISTEMA-NOVO-30_2024-10-21_22-19-39_png_2024-10-21_22-19-39.webp.webp?fit=1200%2C675&ssl=1&resize=1050%2C600 3x"},"classes":[]},{"id":58465,"url":"https:\/\/noticiasribeiraopreto.com.br\/index.php\/2024\/09\/27\/blitz-da-lei-seca-autua-48-motoristas-em-ribeirao-preto-e-regiao\/","url_meta":{"origin":81173,"position":2},"title":"Blitz da Lei Seca autua 48 motoristas em Ribeir\u00e3o Preto e regi\u00e3o","author":"noticiasribeiraopreto.com.br","date":"27 de September de 2024","format":false,"excerpt":"A blitz da Lei Seca autuou 48 motoristas na regi\u00e3o de Ribeir\u00e3o Preto durante a Semana Nacional de Tr\u00e2nsito, que aconteceu entre os dias 18 a 25 de setembro. Conforme o Detran-SP, 42 condutores se recusaram a realizar o teste do baf\u00f4metro e seis foram flagrados dirigindo sob a influ\u00eancia\u2026","rel":"","context":"In &quot;Not\u00edcias de Ribeir\u00e3o Preto-SP e Regi\u00e3o&quot;","block_context":{"text":"Not\u00edcias de Ribeir\u00e3o Preto-SP e Regi\u00e3o","link":"https:\/\/noticiasribeiraopreto.com.br\/index.php\/category\/noticias-de-ribeirao-preto-sp-e-regiao-ismael-colosi\/"},"img":{"alt_text":"","src":"https:\/\/i0.wp.com\/noticiasribeiraopreto.com.br\/wp-content\/uploads\/2024\/09\/3cf89c7b-4c5f-45d7-90e0-ea9535eb180f_2024-09-27_21-17-46_jpeg_2024-09-27_21-17-46.webp.webp?fit=1200%2C900&ssl=1&resize=350%2C200","width":350,"height":200,"srcset":"https:\/\/i0.wp.com\/noticiasribeiraopreto.com.br\/wp-content\/uploads\/2024\/09\/3cf89c7b-4c5f-45d7-90e0-ea9535eb180f_2024-09-27_21-17-46_jpeg_2024-09-27_21-17-46.webp.webp?fit=1200%2C900&ssl=1&resize=350%2C200 1x, https:\/\/i0.wp.com\/noticiasribeiraopreto.com.br\/wp-content\/uploads\/2024\/09\/3cf89c7b-4c5f-45d7-90e0-ea9535eb180f_2024-09-27_21-17-46_jpeg_2024-09-27_21-17-46.webp.webp?fit=1200%2C900&ssl=1&resize=525%2C300 1.5x, https:\/\/i0.wp.com\/noticiasribeiraopreto.com.br\/wp-content\/uploads\/2024\/09\/3cf89c7b-4c5f-45d7-90e0-ea9535eb180f_2024-09-27_21-17-46_jpeg_2024-09-27_21-17-46.webp.webp?fit=1200%2C900&ssl=1&resize=700%2C400 2x, https:\/\/i0.wp.com\/noticiasribeiraopreto.com.br\/wp-content\/uploads\/2024\/09\/3cf89c7b-4c5f-45d7-90e0-ea9535eb180f_2024-09-27_21-17-46_jpeg_2024-09-27_21-17-46.webp.webp?fit=1200%2C900&ssl=1&resize=1050%2C600 3x"},"classes":[]},{"id":62681,"url":"https:\/\/noticiasribeiraopreto.com.br\/index.php\/2025\/01\/21\/blitz-da-lei-seca-autua-16-motoristas-na-regiao-de-ribeirao-preto\/","url_meta":{"origin":81173,"position":3},"title":"Blitz da Lei Seca autua 16 motoristas na regi\u00e3o de Ribeir\u00e3o Preto","author":"noticiasribeiraopreto.com.br","date":"21 de January de 2025","format":false,"excerpt":"A\u00a0blitz\u00a0da\u00a0Lei Seca\u00a0autuou\u00a016 motoristas, em Jaboticabal, na\u00a0regi\u00e3o de Ribeir\u00e3o Preto\u00a0durante a\u00a0Opera\u00e7\u00e3o Dire\u00e7\u00e3o Segura Integrada, que aconteceu\u00a0na \u00faltima sexta-feira (17). Conforme o\u00a0Detran-SP,\u00a016 condutores se recusaram a realizar o teste do baf\u00f4metro.\u00a0No total, foram abordados 389 ve\u00edculos. Infra\u00e7\u00e3o grav\u00edssima Importante lembrar que, o motorista que\u00a0se recusar a realizar o teste do baf\u00f4metro\u00a0ou\u00a0for flagrado\u2026","rel":"","context":"In &quot;Not\u00edcias de Ribeir\u00e3o Preto-SP e Regi\u00e3o&quot;","block_context":{"text":"Not\u00edcias de Ribeir\u00e3o Preto-SP e Regi\u00e3o","link":"https:\/\/noticiasribeiraopreto.com.br\/index.php\/category\/noticias-de-ribeirao-preto-sp-e-regiao-ismael-colosi\/"},"img":{"alt_text":"","src":"https:\/\/i0.wp.com\/noticiasribeiraopreto.com.br\/wp-content\/uploads\/2024\/12\/adult-male-with-beer-driving-car_2024-12-16_23-53-49_jpg_2024-12-16_23-53-53-scaled-e1734393258479.webp.webp?fit=1200%2C795&ssl=1&resize=350%2C200","width":350,"height":200,"srcset":"https:\/\/i0.wp.com\/noticiasribeiraopreto.com.br\/wp-content\/uploads\/2024\/12\/adult-male-with-beer-driving-car_2024-12-16_23-53-49_jpg_2024-12-16_23-53-53-scaled-e1734393258479.webp.webp?fit=1200%2C795&ssl=1&resize=350%2C200 1x, https:\/\/i0.wp.com\/noticiasribeiraopreto.com.br\/wp-content\/uploads\/2024\/12\/adult-male-with-beer-driving-car_2024-12-16_23-53-49_jpg_2024-12-16_23-53-53-scaled-e1734393258479.webp.webp?fit=1200%2C795&ssl=1&resize=525%2C300 1.5x, https:\/\/i0.wp.com\/noticiasribeiraopreto.com.br\/wp-content\/uploads\/2024\/12\/adult-male-with-beer-driving-car_2024-12-16_23-53-49_jpg_2024-12-16_23-53-53-scaled-e1734393258479.webp.webp?fit=1200%2C795&ssl=1&resize=700%2C400 2x, https:\/\/i0.wp.com\/noticiasribeiraopreto.com.br\/wp-content\/uploads\/2024\/12\/adult-male-with-beer-driving-car_2024-12-16_23-53-49_jpg_2024-12-16_23-53-53-scaled-e1734393258479.webp.webp?fit=1200%2C795&ssl=1&resize=1050%2C600 3x"},"classes":[]},{"id":57534,"url":"https:\/\/noticiasribeiraopreto.com.br\/index.php\/2024\/09\/03\/blitz-da-lei-seca-multa-38-motoristas-em-pedagio-entre-sertaozinho-e-ribeirao\/","url_meta":{"origin":81173,"position":4},"title":"Blitz da Lei Seca multa 38 motoristas em ped\u00e1gio entre Sert\u00e3ozinho e Ribeir\u00e3o","author":"noticiasribeiraopreto.com.br","date":"3 de September de 2024","format":false,"excerpt":"Uma a\u00e7\u00e3o da Opera\u00e7\u00e3o Dire\u00e7\u00e3o Segura Integrada (ODSI), que fiscaliza a Lei Seca, multou 35 motoristas que se recusaram a realizar o teste do baf\u00f4metro e autuou outros tr\u00eas por dirigir sob influ\u00eancia de \u00e1lcool, no \u00faltimo s\u00e1bado (31). Conforme o Detran, 2.120 ve\u00edculos foram abordados no ped\u00e1gio da rodovia\u2026","rel":"","context":"In &quot;Not\u00edcias de Ribeir\u00e3o Preto-SP e Regi\u00e3o&quot;","block_context":{"text":"Not\u00edcias de Ribeir\u00e3o Preto-SP e Regi\u00e3o","link":"https:\/\/noticiasribeiraopreto.com.br\/index.php\/category\/noticias-de-ribeirao-preto-sp-e-regiao-ismael-colosi\/"},"img":{"alt_text":"","src":"https:\/\/i0.wp.com\/noticiasribeiraopreto.com.br\/wp-content\/uploads\/2024\/09\/Copia-de-Copia-de-Copia-de-TAMANHO-EXATO-PARA-FOTOS-NO-SISTEMA-NOVO-26_2024-09-03_18-21-18_png_2024-09-03_18-21-19.webp.webp?fit=1200%2C675&ssl=1&resize=350%2C200","width":350,"height":200,"srcset":"https:\/\/i0.wp.com\/noticiasribeiraopreto.com.br\/wp-content\/uploads\/2024\/09\/Copia-de-Copia-de-Copia-de-TAMANHO-EXATO-PARA-FOTOS-NO-SISTEMA-NOVO-26_2024-09-03_18-21-18_png_2024-09-03_18-21-19.webp.webp?fit=1200%2C675&ssl=1&resize=350%2C200 1x, https:\/\/i0.wp.com\/noticiasribeiraopreto.com.br\/wp-content\/uploads\/2024\/09\/Copia-de-Copia-de-Copia-de-TAMANHO-EXATO-PARA-FOTOS-NO-SISTEMA-NOVO-26_2024-09-03_18-21-18_png_2024-09-03_18-21-19.webp.webp?fit=1200%2C675&ssl=1&resize=525%2C300 1.5x, https:\/\/i0.wp.com\/noticiasribeiraopreto.com.br\/wp-content\/uploads\/2024\/09\/Copia-de-Copia-de-Copia-de-TAMANHO-EXATO-PARA-FOTOS-NO-SISTEMA-NOVO-26_2024-09-03_18-21-18_png_2024-09-03_18-21-19.webp.webp?fit=1200%2C675&ssl=1&resize=700%2C400 2x, https:\/\/i0.wp.com\/noticiasribeiraopreto.com.br\/wp-content\/uploads\/2024\/09\/Copia-de-Copia-de-Copia-de-TAMANHO-EXATO-PARA-FOTOS-NO-SISTEMA-NOVO-26_2024-09-03_18-21-18_png_2024-09-03_18-21-19.webp.webp?fit=1200%2C675&ssl=1&resize=1050%2C600 3x"},"classes":[]},{"id":64321,"url":"https:\/\/noticiasribeiraopreto.com.br\/index.php\/2025\/03\/06\/lei-seca-46-motoristas-sao-multados-durante-blitz-na-regiao-de-ribeirao-preto\/","url_meta":{"origin":81173,"position":5},"title":"Lei Seca: 46 motoristas s\u00e3o multados durante blitz na regi\u00e3o de Ribeir\u00e3o Preto","author":"noticiasribeiraopreto.com.br","date":"6 de March de 2025","format":false,"excerpt":"A blitz da Lei Seca autuou 46 motoristas em Sert\u00e3ozinho, na regi\u00e3o de Ribeir\u00e3o Preto, durante a Opera\u00e7\u00e3o Dire\u00e7\u00e3o Segura Integrada, realizada na \u00faltima sexta-feira (28). De acordo com o Detran-SP, 40 motoristas se recusaram a realizar o teste do baf\u00f4metro, cinco foram autuados por infra\u00e7\u00f5es administrativas (quando dirigem sob\u2026","rel":"","context":"In &quot;Not\u00edcias de Ribeir\u00e3o Preto-SP e Regi\u00e3o&quot;","block_context":{"text":"Not\u00edcias de Ribeir\u00e3o Preto-SP e Regi\u00e3o","link":"https:\/\/noticiasribeiraopreto.com.br\/index.php\/category\/noticias-de-ribeirao-preto-sp-e-regiao-ismael-colosi\/"},"img":{"alt_text":"","src":"https:\/\/i0.wp.com\/noticiasribeiraopreto.com.br\/wp-content\/uploads\/2024\/09\/Copia-de-Copia-de-Copia-de-TAMANHO-EXATO-PARA-FOTOS-NO-SISTEMA-NOVO-26_2024-09-03_18-21-18_png_2024-09-03_18-21-19.webp.webp?fit=1200%2C675&ssl=1&resize=350%2C200","width":350,"height":200,"srcset":"https:\/\/i0.wp.com\/noticiasribeiraopreto.com.br\/wp-content\/uploads\/2024\/09\/Copia-de-Copia-de-Copia-de-TAMANHO-EXATO-PARA-FOTOS-NO-SISTEMA-NOVO-26_2024-09-03_18-21-18_png_2024-09-03_18-21-19.webp.webp?fit=1200%2C675&ssl=1&resize=350%2C200 1x, https:\/\/i0.wp.com\/noticiasribeiraopreto.com.br\/wp-content\/uploads\/2024\/09\/Copia-de-Copia-de-Copia-de-TAMANHO-EXATO-PARA-FOTOS-NO-SISTEMA-NOVO-26_2024-09-03_18-21-18_png_2024-09-03_18-21-19.webp.webp?fit=1200%2C675&ssl=1&resize=525%2C300 1.5x, https:\/\/i0.wp.com\/noticiasribeiraopreto.com.br\/wp-content\/uploads\/2024\/09\/Copia-de-Copia-de-Copia-de-TAMANHO-EXATO-PARA-FOTOS-NO-SISTEMA-NOVO-26_2024-09-03_18-21-18_png_2024-09-03_18-21-19.webp.webp?fit=1200%2C675&ssl=1&resize=700%2C400 2x, https:\/\/i0.wp.com\/noticiasribeiraopreto.com.br\/wp-content\/uploads\/2024\/09\/Copia-de-Copia-de-Copia-de-TAMANHO-EXATO-PARA-FOTOS-NO-SISTEMA-NOVO-26_2024-09-03_18-21-18_png_2024-09-03_18-21-19.webp.webp?fit=1200%2C675&ssl=1&resize=1050%2C600 3x"},"classes":[]}],"jetpack_sharing_enabled":true,"jetpack_shortlink":"https:\/\/wp.me\/peQAOb-l7f","_links":{"self":[{"href":"https:\/\/noticiasribeiraopreto.com.br\/index.php\/wp-json\/wp\/v2\/posts\/81173","targetHints":{"allow":["GET"]}}],"collection":[{"href":"https:\/\/noticiasribeiraopreto.com.br\/index.php\/wp-json\/wp\/v2\/posts"}],"about":[{"href":"https:\/\/noticiasribeiraopreto.com.br\/index.php\/wp-json\/wp\/v2\/types\/post"}],"author":[{"embeddable":true,"href":"https:\/\/noticiasribeiraopreto.com.br\/index.php\/wp-json\/wp\/v2\/users\/1"}],"replies":[{"embeddable":true,"href":"https:\/\/noticiasribeiraopreto.com.br\/index.php\/wp-json\/wp\/v2\/comments?post=81173"}],"version-history":[{"count":0,"href":"https:\/\/noticiasribeiraopreto.com.br\/index.php\/wp-json\/wp\/v2\/posts\/81173\/revisions"}],"wp:featuredmedia":[{"embeddable":true,"href":"https:\/\/noticiasribeiraopreto.com.br\/index.php\/wp-json\/wp\/v2\/media\/81174"}],"wp:attachment":[{"href":"https:\/\/noticiasribeiraopreto.com.br\/index.php\/wp-json\/wp\/v2\/media?parent=81173"}],"wp:term":[{"taxonomy":"category","embeddable":true,"href":"https:\/\/noticiasribeiraopreto.com.br\/index.php\/wp-json\/wp\/v2\/categories?post=81173"},{"taxonomy":"post_tag","embeddable":true,"href":"https:\/\/noticiasribeiraopreto.com.br\/index.php\/wp-json\/wp\/v2\/tags?post=81173"}],"curies":[{"name":"wp","href":"https:\/\/api.w.org\/{rel}","templated":true}]}}