{"id":81175,"date":"2025-12-26T07:21:38","date_gmt":"2025-12-26T10:21:38","guid":{"rendered":"https:\/\/noticiasribeiraopreto.com.br\/index.php\/2025\/12\/26\/shoppings-e-supermercados-abrem-no-dia-de-natal-em-ribeirao-confira\/"},"modified":"2025-12-26T07:21:38","modified_gmt":"2025-12-26T10:21:38","slug":"shoppings-e-supermercados-abrem-no-dia-de-natal-em-ribeirao-confira","status":"publish","type":"post","link":"https:\/\/noticiasribeiraopreto.com.br\/index.php\/2025\/12\/26\/shoppings-e-supermercados-abrem-no-dia-de-natal-em-ribeirao-confira\/","title":{"rendered":"Shoppings e supermercados abrem no dia de Natal em Ribeir\u00e3o? Confira"},"content":{"rendered":"<div class='code-block code-block-1' style='margin: 8px 0 8px auto; text-align: right; display: block; clear: both;'>\n<p><a href=\"https:\/\/wa.link\/vpicfd\"><img data-recalc-dims=\"1\" class=\"wp-image-4922\" style=\"aspect-ratio: 2.0253164556962027; width: 561px; height: auto;\" src=\"https:\/\/i0.wp.com\/ismaelcolosi.com.br\/wp-content\/uploads\/2023\/11\/grupo-de-empregos-whatsapp-e-facebook-ismael-colosi-vagas.jpg?ssl=1\" alt=\"\" \/><\/a><\/p>\n<!-- \/wp:image -->\n<\/div>\n<p> <br \/>\n<\/p>\n<div data-td-block-uid=\"tdi_95\">\n<div class=\"tdb-block-inner td-fix-index\">\n<p>Precisa sair de casa para repor algum produto que acabou, buscar um item esquecido ou resolver uma emerg\u00eancia de \u00faltima hora? Ent\u00e3o fique atento ao hor\u00e1rio de <strong>funcionamento <\/strong>de <strong>shoppings e supermercados<\/strong> de Ribeir\u00e3o Preto nesta quinta-feira (25).<\/p>\n<h2 class=\"wp-block-heading\"><strong>Shoppings de Ribeir\u00e3o Preto<\/strong><\/h2>\n<p>As lojas dos quatro shoppings de <strong>Ribeir\u00e3o Preto<\/strong> ficar\u00e3o fechadas nesta quinta, assim como as do Outlet em Cravinhos. <mark style=\"background-color:#fcb900\" class=\"has-inline-color\">J<strong>\u00e1 <\/strong><\/mark><strong><mark style=\"background-color:#fcb900\" class=\"has-inline-color\">algumas pra\u00e7as de alimenta\u00e7\u00e3o t\u00eam abertura facultativa<\/mark><\/strong>. Confira:<\/p>\n<h3 class=\"wp-block-heading\"><strong>Iguatemi Ribeir\u00e3o<\/strong><\/h3>\n<ul class=\"wp-block-list\">\n<li>Natal (25 de dezembro): lojas fechadas\/ alimenta\u00e7\u00e3o e lazer (facultativo): das 11h \u00e0s 20h<\/li>\n<\/ul>\n<h3 class=\"wp-block-heading\"><strong>Novo Shopping<\/strong><\/h3>\n<ul class=\"wp-block-list\">\n<li>Natal (25 de dezembro): fechado<\/li>\n<\/ul>\n<h3 class=\"wp-block-heading\"><strong>Ribeir\u00e3o Shopping<\/strong><\/h3>\n<ul class=\"wp-block-list\">\n<li>Natal (25 de dezembro): lojas fechadas\/ \u00c1reas de alimenta\u00e7\u00e3o e lazer \u2013 abertura facultativa<\/li>\n<\/ul>\n<h3 class=\"wp-block-heading\"><strong>Shopping Santa \u00darsula<\/strong><\/h3>\n<ul class=\"wp-block-list\">\n<li>Natal (25 de dezembro): lojas: Fechadas \/ Alimenta\u00e7\u00e3o e lazer: Facultativo<\/li>\n<\/ul>\n<h3 class=\"wp-block-heading\"><strong>Outlet Santa Maria (em Cravinhos)<\/strong><\/h3>\n<ul class=\"wp-block-list\">\n<li>Natal (25 de dezembro): fechado<\/li>\n<\/ul>\n<div class=\"wp-block-image\">\n<figure class=\"aligncenter size-large is-resized\"><img data-recalc-dims=\"1\" fetchpriority=\"high\" decoding=\"async\" width=\"1024\" height=\"574\" src=\"https:\/\/i0.wp.com\/cdn.media-acidadeon.com.br\/ribeiraopreto\/wp-content\/uploads\/sites\/3\/2025\/12\/WhatsApp-Image-2025-12-04-at-15.55.18_2025-12-04_18-55-30-1024x574.webp?resize=1024%2C574&#038;ssl=1\" alt=\"Shoppings de Ribeir\u00e3o Preto est\u00e3o com as lojas fechadas nesta quinta-feira - Foto: divulga\u00e7\u00e3o.\" class=\"wp-image-138293\" style=\"width:654px\" title=\"Shoppings e supermercados abrem no dia de Natal em Ribeir\u00e3o? Confira 1\" srcset=\"https:\/\/cdn.media-acidadeon.com.br\/ribeiraopreto\/wp-content\/uploads\/sites\/3\/2025\/12\/WhatsApp-Image-2025-12-04-at-15.55.18_2025-12-04_18-55-30-1024x574.webp 1024w, https:\/\/cdn.media-acidadeon.com.br\/ribeiraopreto\/wp-content\/uploads\/sites\/3\/2025\/12\/WhatsApp-Image-2025-12-04-at-15.55.18_2025-12-04_18-55-30-300x168.webp 300w, https:\/\/cdn.media-acidadeon.com.br\/ribeiraopreto\/wp-content\/uploads\/sites\/3\/2025\/12\/WhatsApp-Image-2025-12-04-at-15.55.18_2025-12-04_18-55-30-768x431.webp 768w, https:\/\/cdn.media-acidadeon.com.br\/ribeiraopreto\/wp-content\/uploads\/sites\/3\/2025\/12\/WhatsApp-Image-2025-12-04-at-15.55.18_2025-12-04_18-55-30-696x390.webp 696w, https:\/\/cdn.media-acidadeon.com.br\/ribeiraopreto\/wp-content\/uploads\/sites\/3\/2025\/12\/WhatsApp-Image-2025-12-04-at-15.55.18_2025-12-04_18-55-30-1068x599.webp 1068w, https:\/\/cdn.media-acidadeon.com.br\/ribeiraopreto\/wp-content\/uploads\/sites\/3\/2025\/12\/WhatsApp-Image-2025-12-04-at-15.55.18_2025-12-04_18-55-30.webp 1200w\" sizes=\"(max-width: 1024px) 100vw, 1024px\"\/><figcaption class=\"wp-element-caption\">Shoppings de Ribeir\u00e3o Preto est\u00e3o com as lojas fechadas nesta quinta-feira \u2013 Foto: divulga\u00e7\u00e3o.<\/figcaption><\/figure>\n<\/div>\n<h2 class=\"wp-block-heading\"><strong>Supermercados de Ribeir\u00e3o Preto<\/strong><\/h2>\n<p>A not\u00edcia n\u00e3o \u00e9 das melhores para quem precisa ir ao <strong>mercado <\/strong>neste feriado de <strong>Natal<\/strong>: as principais redes de <strong>Ribeir\u00e3o Preto<\/strong> est\u00e3o fechadas neste Natal. Confira:<\/p>\n<h3 class=\"wp-block-heading\"><strong>Gricki<\/strong><\/h3>\n<h3 class=\"wp-block-heading\"><strong>Mialich<\/strong><\/h3>\n<h3 class=\"wp-block-heading\"><strong>Pague Menos<\/strong><\/h3>\n<h3 class=\"wp-block-heading\"><strong>Carrefour<\/strong><\/h3>\n<h3 class=\"wp-block-heading\"><strong>Amarelinha<\/strong><\/h3>\n<h3 class=\"wp-block-heading\"><strong>Tonin<\/strong><\/h3>\n<h3 class=\"wp-block-heading\"><strong>Savegnago \u2013 Ribeir\u00e3o Preto<\/strong><\/h3>\n<h3 class=\"wp-block-heading\"><strong>Paulist\u00e3o<\/strong><\/h3>\n<h3 class=\"wp-block-heading\"><strong>Atacad\u00e3o<\/strong><\/h3>\n<h3 class=\"wp-block-heading\"><strong>Big Compra<\/strong><\/h3>\n<h3 class=\"wp-block-heading\"><strong>Ja\u00fa Serve<\/strong><\/h3>\n<h3 class=\"wp-block-heading\"><strong>Assa\u00ed<\/strong><\/h3>\n<h3 class=\"wp-block-heading\"><strong>Tenda<\/strong><\/h3>\n<p>O portal acidade on entrou em contato com a empresa, mas, at\u00e9 a publica\u00e7\u00e3o desta mat\u00e9ria, n\u00e3o houve retorno.<\/p>\n<h3 class=\"wp-block-heading\"><strong>P\u00e3o de A\u00e7\u00facar<\/strong><\/h3>\n<p>O portal acidade on entrou em contato com a empresa, mas, at\u00e9 a publica\u00e7\u00e3o desta mat\u00e9ria, n\u00e3o houve retorno.<\/p>\n<hr class=\"wp-block-separator has-alpha-channel-opacity\"\/>\n<p>SAIBA MAIS<\/p>\n<p>Multinacional francesa dona da Polenghi compra tradicional marca de queijos<\/p>\n<h2 class=\"wp-block-heading\"><strong>FIQUE ON<\/strong><\/h2>\n<p>Fique ligado em tudo que acontece em Ribeir\u00e3o Preto e regi\u00e3o. Siga os perfis do\u00a0<strong>acidade on\u00a0<\/strong>no\u00a0<a href=\"https:\/\/www.instagram.com\/acidadeonribeirao\" target=\"_blank\" rel=\"noreferrer noopener\">Instagram\u00a0<\/a>e no<a href=\"https:\/\/www.facebook.com\/acidadeonribeirao\/\" target=\"_blank\" rel=\"noreferrer noopener\">\u00a0Facebook<\/a>.<\/p>\n<p>Receba not\u00edcias do<strong>\u00a0acidade on\u00a0<\/strong>no WhatsApp. Para entrar no grupo,\u00a0basta\u00a0<a href=\"https:\/\/chat.whatsapp.com\/GFH9HUMUTHNFJdnyEd0xxq\" target=\"_blank\" rel=\"noreferrer noopener\">clicar aqui<\/a>. Ou, acesse o nosso\u00a0Canal<a href=\"https:\/\/whatsapp.com\/channel\/0029Vb6IQl1JENyAeS57fk2p\" target=\"_blank\" rel=\"noreferrer noopener\">\u00a0clicando aqui<\/a>.<\/p>\n<p>Fa\u00e7a uma den\u00fancia ou sugira uma reportagem sobre Ribeir\u00e3o Preto e regi\u00e3o pelo WhatsApp: 16 99117 7802.<\/p>\n<p>VEJA TAMB\u00c9M<br \/>Bancos abrem hoje? Saiba como ser\u00e3o os hor\u00e1rios de funcionamento<\/p>\n<p><!-- AI CONTENT END 1 -->\n<\/div>\n<\/div>\n<p><script async src=\"\/\/www.instagram.com\/embed.js\"><\/script><br \/>\n<br \/><br \/>\n<br \/><a href=\"https:\/\/www.acidadeon.com\/ribeiraopreto\/economia\/shoppings-e-supermercados-abrem-no-dia-de-natal-em-ribeirao-confira\/\">Source link <\/a><\/p>\n<!-- CONTENT END 1 -->\n","protected":false},"excerpt":{"rendered":"<p>Precisa sair de casa para repor algum produto que acabou, buscar um item esquecido ou resolver uma emerg\u00eancia de \u00faltima hora? Ent\u00e3o fique atento ao&#8230;<\/p>\n","protected":false},"author":1,"featured_media":81176,"comment_status":"open","ping_status":"open","sticky":false,"template":"","format":"standard","meta":{"advanced_seo_description":"","jetpack_seo_html_title":"","jetpack_seo_noindex":false,"jetpack_post_was_ever_published":false,"_jetpack_newsletter_access":"","_jetpack_dont_email_post_to_subs":false,"_jetpack_newsletter_tier_id":0,"_jetpack_memberships_contains_paywalled_content":false,"_jetpack_memberships_contains_paid_content":false,"footnotes":"","jetpack_publicize_message":"","jetpack_publicize_feature_enabled":true,"jetpack_social_post_already_shared":true,"jetpack_social_options":{"image_generator_settings":{"template":"highway","default_image_id":0,"font":"","enabled":false},"version":2}},"categories":[11],"tags":[],"class_list":["post-81175","post","type-post","status-publish","format-standard","has-post-thumbnail","hentry","category-noticias-de-ribeirao-preto-sp-e-regiao-ismael-colosi"],"jetpack_publicize_connections":[],"jetpack_featured_media_url":"https:\/\/i0.wp.com\/noticiasribeiraopreto.com.br\/wp-content\/uploads\/2025\/12\/1064932-edit_04217.webp.webp?fit=1170%2C700&ssl=1","jetpack-related-posts":[{"id":61852,"url":"https:\/\/noticiasribeiraopreto.com.br\/index.php\/2024\/12\/25\/supermercados-e-shoppings-de-ribeirao-preto-abrem-no-dia-de-natal-confira\/","url_meta":{"origin":81175,"position":0},"title":"Supermercados e shoppings de Ribeir\u00e3o Preto abrem no dia de Natal? Confira","author":"noticiasribeiraopreto.com.br","date":"25 de December de 2024","format":false,"excerpt":"Nesta quarta-feira (25), dia de Natal, shoppings de Ribeir\u00e3o Preto ter\u00e3o abertura facultativa apenas de suas pra\u00e7as de alimenta\u00e7\u00e3o. J\u00e1 as lojas estar\u00e3o fechadas. Veja como ser\u00e1 o atendimento nos shoppings: Novo Shopping Alimenta\u00e7\u00e3o e lazer com funcionamento facultativo Iguatemi Alimenta\u00e7\u00e3o e lazer \u2013 11h \u00e0s 20h (abertura facultativa) Ribeir\u00e3oShopping\u2026","rel":"","context":"In &quot;Not\u00edcias de Ribeir\u00e3o Preto-SP e Regi\u00e3o&quot;","block_context":{"text":"Not\u00edcias de Ribeir\u00e3o Preto-SP e Regi\u00e3o","link":"https:\/\/noticiasribeiraopreto.com.br\/index.php\/category\/noticias-de-ribeirao-preto-sp-e-regiao-ismael-colosi\/"},"img":{"alt_text":"","src":"https:\/\/i0.wp.com\/noticiasribeiraopreto.com.br\/wp-content\/uploads\/2024\/12\/supermercado.jpg?fit=1200%2C800&ssl=1&resize=350%2C200","width":350,"height":200,"srcset":"https:\/\/i0.wp.com\/noticiasribeiraopreto.com.br\/wp-content\/uploads\/2024\/12\/supermercado.jpg?fit=1200%2C800&ssl=1&resize=350%2C200 1x, https:\/\/i0.wp.com\/noticiasribeiraopreto.com.br\/wp-content\/uploads\/2024\/12\/supermercado.jpg?fit=1200%2C800&ssl=1&resize=525%2C300 1.5x, https:\/\/i0.wp.com\/noticiasribeiraopreto.com.br\/wp-content\/uploads\/2024\/12\/supermercado.jpg?fit=1200%2C800&ssl=1&resize=700%2C400 2x, https:\/\/i0.wp.com\/noticiasribeiraopreto.com.br\/wp-content\/uploads\/2024\/12\/supermercado.jpg?fit=1200%2C800&ssl=1&resize=1050%2C600 3x"},"classes":[]},{"id":81094,"url":"https:\/\/noticiasribeiraopreto.com.br\/index.php\/2025\/12\/23\/veja-o-que-abre-e-fecha-na-vespera-e-no-feriado-de-natal-em-ribeirao-preto\/","url_meta":{"origin":81175,"position":1},"title":"Veja o que abre e fecha na v\u00e9spera e no feriado de Natal em Ribeir\u00e3o Preto","author":"noticiasribeiraopreto.com.br","date":"23 de December de 2025","format":false,"excerpt":"\r \r \r \r \r 23 de dezembro de 2025 14:08 \r Compartilhar0 \r Nesta quarta-feira (24), v\u00e9spera, e na quinta-feira (25), feriado de Natal, o funcionamento do com\u00e9rcio, shoppings e servi\u00e7os sofrer\u00e1 altera\u00e7\u00f5es em Ribeir\u00e3o Preto. Servi\u00e7os considerados essenciais funcionar\u00e3o 24 horas, em esquema de plant\u00e3o. Confira: Com\u00e9rcio V\u00e9spera:\u2026","rel":"","context":"In &quot;Not\u00edcias de Ribeir\u00e3o Preto-SP e Regi\u00e3o&quot;","block_context":{"text":"Not\u00edcias de Ribeir\u00e3o Preto-SP e Regi\u00e3o","link":"https:\/\/noticiasribeiraopreto.com.br\/index.php\/category\/noticias-de-ribeirao-preto-sp-e-regiao-ismael-colosi\/"},"img":{"alt_text":"","src":"https:\/\/i0.wp.com\/noticiasribeiraopreto.com.br\/wp-content\/uploads\/2025\/12\/foto-centro-1-scaled.jpeg?fit=1040%2C780&ssl=1&resize=350%2C200","width":350,"height":200,"srcset":"https:\/\/i0.wp.com\/noticiasribeiraopreto.com.br\/wp-content\/uploads\/2025\/12\/foto-centro-1-scaled.jpeg?fit=1040%2C780&ssl=1&resize=350%2C200 1x, https:\/\/i0.wp.com\/noticiasribeiraopreto.com.br\/wp-content\/uploads\/2025\/12\/foto-centro-1-scaled.jpeg?fit=1040%2C780&ssl=1&resize=525%2C300 1.5x, https:\/\/i0.wp.com\/noticiasribeiraopreto.com.br\/wp-content\/uploads\/2025\/12\/foto-centro-1-scaled.jpeg?fit=1040%2C780&ssl=1&resize=700%2C400 2x"},"classes":[]},{"id":20216,"url":"https:\/\/noticiasribeiraopreto.com.br\/index.php\/2023\/12\/24\/confira-o-funcionamento-dos-shoppings-de-ribeirao-preto-no-dia-de-natal\/","url_meta":{"origin":81175,"position":2},"title":"Confira o funcionamento dos shoppings de Ribeir\u00e3o Preto no Dia de Natal","author":"noticiasribeiraopreto.com.br","date":"24 de December de 2023","format":false,"excerpt":"Os shoppings de Ribeir\u00e3o Preto v\u00e3o estar com funcionamento alterado ao feriado do Dia de Natal, comemorado nesta segunda-feira, 25 de dezembro. Confira: Domingo, dia 24: 10h \u00e0s18h (lojas e alimenta\u00e7\u00e3o) Segunda-feira, dia 25: Lojas fechadas \/ 11h \u00e0s 18h (alimenta\u00e7\u00e3o) Ter\u00e7a-feira, dia 26: 10h \u00e0s 22h (lojas e alimenta\u00e7\u00e3o)\u2026","rel":"","context":"In &quot;Not\u00edcias de Ribeir\u00e3o Preto-SP e Regi\u00e3o&quot;","block_context":{"text":"Not\u00edcias de Ribeir\u00e3o Preto-SP e Regi\u00e3o","link":"https:\/\/noticiasribeiraopreto.com.br\/index.php\/category\/noticias-de-ribeirao-preto-sp-e-regiao-ismael-colosi\/"},"img":{"alt_text":"","src":"https:\/\/i0.wp.com\/noticiasribeiraopreto.com.br\/wp-content\/uploads\/2023\/12\/WhatsApp-Image-2023-11-17-at-13.51.16.jpeg?fit=696%2C464&ssl=1&resize=350%2C200","width":350,"height":200,"srcset":"https:\/\/i0.wp.com\/noticiasribeiraopreto.com.br\/wp-content\/uploads\/2023\/12\/WhatsApp-Image-2023-11-17-at-13.51.16.jpeg?fit=696%2C464&ssl=1&resize=350%2C200 1x, https:\/\/i0.wp.com\/noticiasribeiraopreto.com.br\/wp-content\/uploads\/2023\/12\/WhatsApp-Image-2023-11-17-at-13.51.16.jpeg?fit=696%2C464&ssl=1&resize=525%2C300 1.5x"},"classes":[]},{"id":62019,"url":"https:\/\/noticiasribeiraopreto.com.br\/index.php\/2025\/01\/01\/supermercados-e-shoppings-de-ribeirao-preto-abrem-no-dia-1o-de-janeiro-confira\/","url_meta":{"origin":81175,"position":3},"title":"Supermercados e shoppings de Ribeir\u00e3o Preto abrem no dia 1\u00ba de janeiro? Confira","author":"noticiasribeiraopreto.com.br","date":"1 de January de 2025","format":false,"excerpt":"Nesta quarta-feira (1\u00ba de janeiro), os shoppings de Ribeir\u00e3o Preto ter\u00e3o abertura facultativa apenas de suas pra\u00e7as de alimenta\u00e7\u00e3o. J\u00e1 as lojas estar\u00e3o fechadas. Veja como ser\u00e1 o atendimento nos shoppings: Shoppings Iguatemi Quarta-feira (1\u00ba) \u2022 Lojas fechadas \u2022 Alimenta\u00e7\u00e3o e lazer \u2013 11h \u00e0s 20h (abertura facultativa) Santa \u00darsula\u2026","rel":"","context":"In &quot;Not\u00edcias de Ribeir\u00e3o Preto-SP e Regi\u00e3o&quot;","block_context":{"text":"Not\u00edcias de Ribeir\u00e3o Preto-SP e Regi\u00e3o","link":"https:\/\/noticiasribeiraopreto.com.br\/index.php\/category\/noticias-de-ribeirao-preto-sp-e-regiao-ismael-colosi\/"},"img":{"alt_text":"","src":"https:\/\/i0.wp.com\/noticiasribeiraopreto.com.br\/wp-content\/uploads\/2025\/01\/shopping-1165437_1280-1.jpg?fit=1200%2C690&ssl=1&resize=350%2C200","width":350,"height":200,"srcset":"https:\/\/i0.wp.com\/noticiasribeiraopreto.com.br\/wp-content\/uploads\/2025\/01\/shopping-1165437_1280-1.jpg?fit=1200%2C690&ssl=1&resize=350%2C200 1x, https:\/\/i0.wp.com\/noticiasribeiraopreto.com.br\/wp-content\/uploads\/2025\/01\/shopping-1165437_1280-1.jpg?fit=1200%2C690&ssl=1&resize=525%2C300 1.5x, https:\/\/i0.wp.com\/noticiasribeiraopreto.com.br\/wp-content\/uploads\/2025\/01\/shopping-1165437_1280-1.jpg?fit=1200%2C690&ssl=1&resize=700%2C400 2x, https:\/\/i0.wp.com\/noticiasribeiraopreto.com.br\/wp-content\/uploads\/2025\/01\/shopping-1165437_1280-1.jpg?fit=1200%2C690&ssl=1&resize=1050%2C600 3x"},"classes":[]},{"id":81114,"url":"https:\/\/noticiasribeiraopreto.com.br\/index.php\/2025\/12\/24\/saiba-os-horarios-de-funcionamento-do-comercio-e-dos-shoppings-de-ribeirao-na-vespera-e-no-natal\/","url_meta":{"origin":81175,"position":4},"title":"Saiba os hor\u00e1rios de funcionamento do com\u00e9rcio e dos shoppings de Ribeir\u00e3o na v\u00e9spera e no Natal","author":"noticiasribeiraopreto.com.br","date":"24 de December de 2025","format":false,"excerpt":"O com\u00e9rcio de Ribeir\u00e3o Preto e os shoppings contam com hor\u00e1rios diferenciados para a v\u00e9spera de Natal, comemorada nesta quarta-feira (24). J\u00e1 no Natal, comemorado na quinta-feira (25), as lojas e empreendimentos ficar\u00e3o fechadas (pra\u00e7as de alimenta\u00e7\u00e3o t\u00eam abertura facultativa). Confira: Hor\u00e1rio de funcionamento Com\u00e9rcio tradicional V\u00e9spera de Natal (24\u2026","rel":"","context":"In &quot;Not\u00edcias de Ribeir\u00e3o Preto-SP e Regi\u00e3o&quot;","block_context":{"text":"Not\u00edcias de Ribeir\u00e3o Preto-SP e Regi\u00e3o","link":"https:\/\/noticiasribeiraopreto.com.br\/index.php\/category\/noticias-de-ribeirao-preto-sp-e-regiao-ismael-colosi\/"},"img":{"alt_text":"","src":"https:\/\/i0.wp.com\/noticiasribeiraopreto.com.br\/wp-content\/uploads\/2025\/12\/shopping-ribeirao-preto_2025-12-23_17-05-19.webp.webp?fit=1200%2C800&ssl=1&resize=350%2C200","width":350,"height":200,"srcset":"https:\/\/i0.wp.com\/noticiasribeiraopreto.com.br\/wp-content\/uploads\/2025\/12\/shopping-ribeirao-preto_2025-12-23_17-05-19.webp.webp?fit=1200%2C800&ssl=1&resize=350%2C200 1x, https:\/\/i0.wp.com\/noticiasribeiraopreto.com.br\/wp-content\/uploads\/2025\/12\/shopping-ribeirao-preto_2025-12-23_17-05-19.webp.webp?fit=1200%2C800&ssl=1&resize=525%2C300 1.5x, https:\/\/i0.wp.com\/noticiasribeiraopreto.com.br\/wp-content\/uploads\/2025\/12\/shopping-ribeirao-preto_2025-12-23_17-05-19.webp.webp?fit=1200%2C800&ssl=1&resize=700%2C400 2x, https:\/\/i0.wp.com\/noticiasribeiraopreto.com.br\/wp-content\/uploads\/2025\/12\/shopping-ribeirao-preto_2025-12-23_17-05-19.webp.webp?fit=1200%2C800&ssl=1&resize=1050%2C600 3x"},"classes":[]},{"id":61827,"url":"https:\/\/noticiasribeiraopreto.com.br\/index.php\/2024\/12\/23\/veja-os-horarios-dos-shoppings-e-supermercados-na-vespera-de-natal-em-ribeirao\/","url_meta":{"origin":81175,"position":5},"title":"Veja os hor\u00e1rios dos shoppings e supermercados na v\u00e9spera de Natal em Ribeir\u00e3o","author":"noticiasribeiraopreto.com.br","date":"23 de December de 2024","format":false,"excerpt":"Os shoppings e os\u00a0supermercados das principais redes em Ribeir\u00e3o Preto est\u00e3o com hor\u00e1rios especiais de funcionamento nesta ter\u00e7a-feira (24), v\u00e9spera de Natal.\u00a0 Na quarta-feira (25), dia de Natal, os shoppings ter\u00e3o abertura facultativa das pra\u00e7as de alimenta\u00e7\u00e3o, j\u00e1 os supermercados estar\u00e3o fechados. Veja como ser\u00e1 o atendimento: Shoppings Novo Shopping\u2026","rel":"","context":"In &quot;Not\u00edcias de Ribeir\u00e3o Preto-SP e Regi\u00e3o&quot;","block_context":{"text":"Not\u00edcias de Ribeir\u00e3o Preto-SP e Regi\u00e3o","link":"https:\/\/noticiasribeiraopreto.com.br\/index.php\/category\/noticias-de-ribeirao-preto-sp-e-regiao-ismael-colosi\/"},"img":{"alt_text":"","src":"https:\/\/i0.wp.com\/noticiasribeiraopreto.com.br\/wp-content\/uploads\/2024\/12\/17788_2024-12-23_18-21-24_jpg_2024-12-23_18-21-24.webp.webp?fit=1200%2C800&ssl=1&resize=350%2C200","width":350,"height":200,"srcset":"https:\/\/i0.wp.com\/noticiasribeiraopreto.com.br\/wp-content\/uploads\/2024\/12\/17788_2024-12-23_18-21-24_jpg_2024-12-23_18-21-24.webp.webp?fit=1200%2C800&ssl=1&resize=350%2C200 1x, https:\/\/i0.wp.com\/noticiasribeiraopreto.com.br\/wp-content\/uploads\/2024\/12\/17788_2024-12-23_18-21-24_jpg_2024-12-23_18-21-24.webp.webp?fit=1200%2C800&ssl=1&resize=525%2C300 1.5x, https:\/\/i0.wp.com\/noticiasribeiraopreto.com.br\/wp-content\/uploads\/2024\/12\/17788_2024-12-23_18-21-24_jpg_2024-12-23_18-21-24.webp.webp?fit=1200%2C800&ssl=1&resize=700%2C400 2x, https:\/\/i0.wp.com\/noticiasribeiraopreto.com.br\/wp-content\/uploads\/2024\/12\/17788_2024-12-23_18-21-24_jpg_2024-12-23_18-21-24.webp.webp?fit=1200%2C800&ssl=1&resize=1050%2C600 3x"},"classes":[]}],"jetpack_sharing_enabled":true,"jetpack_shortlink":"https:\/\/wp.me\/peQAOb-l7h","_links":{"self":[{"href":"https:\/\/noticiasribeiraopreto.com.br\/index.php\/wp-json\/wp\/v2\/posts\/81175","targetHints":{"allow":["GET"]}}],"collection":[{"href":"https:\/\/noticiasribeiraopreto.com.br\/index.php\/wp-json\/wp\/v2\/posts"}],"about":[{"href":"https:\/\/noticiasribeiraopreto.com.br\/index.php\/wp-json\/wp\/v2\/types\/post"}],"author":[{"embeddable":true,"href":"https:\/\/noticiasribeiraopreto.com.br\/index.php\/wp-json\/wp\/v2\/users\/1"}],"replies":[{"embeddable":true,"href":"https:\/\/noticiasribeiraopreto.com.br\/index.php\/wp-json\/wp\/v2\/comments?post=81175"}],"version-history":[{"count":0,"href":"https:\/\/noticiasribeiraopreto.com.br\/index.php\/wp-json\/wp\/v2\/posts\/81175\/revisions"}],"wp:featuredmedia":[{"embeddable":true,"href":"https:\/\/noticiasribeiraopreto.com.br\/index.php\/wp-json\/wp\/v2\/media\/81176"}],"wp:attachment":[{"href":"https:\/\/noticiasribeiraopreto.com.br\/index.php\/wp-json\/wp\/v2\/media?parent=81175"}],"wp:term":[{"taxonomy":"category","embeddable":true,"href":"https:\/\/noticiasribeiraopreto.com.br\/index.php\/wp-json\/wp\/v2\/categories?post=81175"},{"taxonomy":"post_tag","embeddable":true,"href":"https:\/\/noticiasribeiraopreto.com.br\/index.php\/wp-json\/wp\/v2\/tags?post=81175"}],"curies":[{"name":"wp","href":"https:\/\/api.w.org\/{rel}","templated":true}]}}