{"id":81177,"date":"2025-12-26T07:29:00","date_gmt":"2025-12-26T10:29:00","guid":{"rendered":"https:\/\/noticiasribeiraopreto.com.br\/index.php\/2025\/12\/26\/parque-aquatico-de-r-170-milhoes-no-interior-de-sp-esta-com-obras-paradas-saiba-o-motivo\/"},"modified":"2025-12-26T07:29:00","modified_gmt":"2025-12-26T10:29:00","slug":"parque-aquatico-de-r-170-milhoes-no-interior-de-sp-esta-com-obras-paradas-saiba-o-motivo","status":"publish","type":"post","link":"https:\/\/noticiasribeiraopreto.com.br\/index.php\/2025\/12\/26\/parque-aquatico-de-r-170-milhoes-no-interior-de-sp-esta-com-obras-paradas-saiba-o-motivo\/","title":{"rendered":"Parque aqu\u00e1tico de R$ 170 milh\u00f5es no interior de SP est\u00e1 com obras paradas; Saiba o motivo"},"content":{"rendered":"<div class='code-block code-block-1' style='margin: 8px 0 8px auto; text-align: right; display: block; clear: both;'>\n<p><a href=\"https:\/\/wa.link\/vpicfd\"><img data-recalc-dims=\"1\" class=\"wp-image-4922\" style=\"aspect-ratio: 2.0253164556962027; width: 561px; height: auto;\" src=\"https:\/\/i0.wp.com\/ismaelcolosi.com.br\/wp-content\/uploads\/2023\/11\/grupo-de-empregos-whatsapp-e-facebook-ismael-colosi-vagas.jpg?ssl=1\" alt=\"\" \/><\/a><\/p>\n<!-- \/wp:image -->\n<\/div>\n<p> <br \/>\n<\/p>\n<div>\n<p>Considerado um dos <strong>maiores parque aqu\u00e1ticos do pa\u00eds<\/strong>, o Acqua Thermas Park est\u00e1 com as obras suspensas por falta de licen\u00e7a ambiental, em <strong>Sorocaba<\/strong>, cidade no <strong>interior de S\u00e3o Paulo<\/strong>.<\/p>\n<p>Anunciado em 2023, o empreendimento previa investimento de <strong>R$ 170 milh\u00f5es<\/strong> e reunia uma s\u00e9rie de atra\u00e7\u00f5es, como um espa\u00e7o radical, <strong>o maior tobo\u00e1gua do mundo<\/strong>, praia artificial de 3 mil m\u00b2, simulador de surfe, piscinas aquecidas, bar molhado, rio lento, \u00e1rea kids e um resort com 120 acomoda\u00e7\u00f5es, al\u00e9m de estacionamento com capacidade para 1,2 mil ve\u00edculos.<\/p>\n<p>Na \u00e1rea de<strong> 120 mil m\u00b2 <\/strong>destinada \u00e0 implanta\u00e7\u00e3o do empreendimento, <strong>foram executados apenas os servi\u00e7os de terraplenagem<\/strong>. Segundo o <strong>Minist\u00e9rio P\u00fablico de S\u00e3o Paul (MP-SP)<\/strong>, a regi\u00e3o onde o parque seria instalado <strong>\u00e9 considerada cr\u00edtica em rela\u00e7\u00e3o \u00e0 escassez h\u00eddrica<\/strong> \u2013 entenda abaixo.<\/p>\n<p>O <strong>Grupo Thermas<\/strong>, dono do empreendimento, diz que as obras f\u00edsicas n\u00e3o foram iniciadas porque a empresa optou por <strong>aguardar a conclus\u00e3o das etapas regulat\u00f3rias e ambientais<\/strong>. E afirma que o pedido de licen\u00e7a pr\u00e9via est\u00e1 em an\u00e1lise t\u00e9cnica na<strong> Companhia Ambiental do Estado de S\u00e3o Paulo (Cetesb)<\/strong>.<\/p>\n<p>J\u00e1 a <strong>Cetesb <\/strong>informou que aguarda o envio de informa\u00e7\u00f5es complementares por parte do empreendedor para dar continuidade \u00e0 an\u00e1lise do pedido de licen\u00e7a pr\u00e9via ambiental, protocolado este ano.<\/p>\n<div class=\"wp-block-image\">\n<figure class=\"aligncenter size-large is-resized\"><img data-recalc-dims=\"1\" fetchpriority=\"high\" decoding=\"async\" width=\"1024\" height=\"576\" src=\"https:\/\/i0.wp.com\/cdn.media-acidadeon.com.br\/ribeiraopreto\/wp-content\/uploads\/sites\/3\/2025\/12\/domingo-37_2025-12-25_12-49-17-1024x576.webp?resize=1024%2C576&#038;ssl=1\" alt=\"Parque aqu\u00e1tico seria inaugurado em 2025 - Foto: divulga\u00e7\u00e3o.\" class=\"wp-image-140279\" style=\"width:654px\" title=\"Parque aqu\u00e1tico de R$ 170 milh\u00f5es no interior de SP est\u00e1 com obras paradas; Saiba o motivo 1\" srcset=\"https:\/\/cdn.media-acidadeon.com.br\/ribeiraopreto\/wp-content\/uploads\/sites\/3\/2025\/12\/domingo-37_2025-12-25_12-49-17-1024x576.webp 1024w, https:\/\/cdn.media-acidadeon.com.br\/ribeiraopreto\/wp-content\/uploads\/sites\/3\/2025\/12\/domingo-37_2025-12-25_12-49-17-300x169.webp 300w, https:\/\/cdn.media-acidadeon.com.br\/ribeiraopreto\/wp-content\/uploads\/sites\/3\/2025\/12\/domingo-37_2025-12-25_12-49-17-768x432.webp 768w, https:\/\/cdn.media-acidadeon.com.br\/ribeiraopreto\/wp-content\/uploads\/sites\/3\/2025\/12\/domingo-37_2025-12-25_12-49-17-696x392.webp 696w, https:\/\/cdn.media-acidadeon.com.br\/ribeiraopreto\/wp-content\/uploads\/sites\/3\/2025\/12\/domingo-37_2025-12-25_12-49-17-1068x601.webp 1068w, https:\/\/cdn.media-acidadeon.com.br\/ribeiraopreto\/wp-content\/uploads\/sites\/3\/2025\/12\/domingo-37_2025-12-25_12-49-17.webp 1200w\" sizes=\"(max-width: 1024px) 100vw, 1024px\"\/><figcaption class=\"wp-element-caption\">Parque aqu\u00e1tico seria inaugurado em 2025 \u2013 Foto: divulga\u00e7\u00e3o.<\/figcaption><\/figure>\n<\/div>\n<h2 class=\"wp-block-heading\"><strong>A\u00e7\u00f5es civis p\u00fablicas<\/strong><\/h2>\n<p>Duas a\u00e7\u00f5es civis p\u00fablicas propostas pelo <strong>Minist\u00e9rio P\u00fablico<\/strong> levaram \u00e0 suspens\u00e3o das obras ainda na fase inicial.<\/p>\n<p>Na<strong> \u00e1rea ambiental<\/strong>, a a\u00e7\u00e3o foi proposta para impedir a continuidade dos trabalhos sem licenciamento pr\u00e9vio e reparar preju\u00edzos ambientais decorrentes das interven\u00e7\u00f5es, incluindo a supress\u00e3o de vegeta\u00e7\u00e3o. <strong>A a\u00e7\u00e3o pede ainda a repara\u00e7\u00e3o dos danos ao meio ambiente.<\/strong><\/p>\n<p>O promotor <strong>Marcelo Silva Cassola<\/strong>, da promotoria regional de Sorocaba, apontou outro entrave ao empreendimento: a \u00e1rea escolhida para um projeto que demanda grande volume de \u00e1gua \u00e9 considerada de escassez h\u00eddrica em n\u00edvel cr\u00edtico, inclusive para abastecimento p\u00fablico.<\/p>\n<p>Em outra a\u00e7\u00e3o, <strong>na \u00e1rea de defesa do consumidor<\/strong>, o MP questiona a venda de t\u00edtulos de um empreendimento autorizado por autoridade n\u00e3o competente. <strong>A prefeitura de Sorocaba deu alvar\u00e1 para o empreendimento, mas a licen\u00e7a ambiental, segundo o Minist\u00e9rio, \u00e9 de compet\u00eancia estadual.<\/strong><\/p>\n<p>Em nota, o <strong>Grupo Thermas<\/strong> diz que o <strong>Acqua Park<\/strong> continua fazendo parte do seu plano de expans\u00e3o e vem cumprindo rigorosamente os tr\u00e2mites exigidos.<\/p>\n<figure class=\"wp-block-pullquote\">\n<blockquote>\n<p>Trata-se de um processo naturalmente moroso, mas que est\u00e1 andando junto ao \u00f3rg\u00e3o ambiental e caminhando dentro da legalidade com nossa equipe t\u00e9cnica atendendo \u00e0s exig\u00eancias e aos pedidos de complementa\u00e7\u00e3o de informa\u00e7\u00f5es apresentadas, sempre com foco na seguran\u00e7a h\u00eddrica da regi\u00e3o e na adequada mitiga\u00e7\u00e3o de impactos ambientais.<\/p>\n<\/blockquote>\n<\/figure>\n<p>Em rela\u00e7\u00e3o aos adquirentes de t\u00edtulos, o <strong>Grupo Thermas<\/strong> diz que garante o uso do parque matriz do grupo j\u00e1 em opera\u00e7\u00e3o, bem como acesso a parques parceiros, n\u00e3o havendo vincula\u00e7\u00e3o ao de Sorocaba. \u201cCada caso \u00e9 acompanhado pelos canais oficiais de atendimento, \u00e0 luz do C\u00f3digo de Defesa do Consumidor.\u201d <mark style=\"background-color:#fcb900\" class=\"has-inline-color\">O grupo tem o Sunset Thermas Park em opera\u00e7\u00e3o em Paranapanema, interior de S\u00e3o Paulo.<\/mark><\/p>\n<figure class=\"wp-block-gallery has-nested-images columns-default is-cropped wp-block-gallery-1 is-layout-flex wp-block-gallery-is-layout-flex\">\n<figure class=\"wp-block-image size-large\"><img data-recalc-dims=\"1\" loading=\"lazy\" decoding=\"async\" width=\"1024\" height=\"576\" data-id=\"140282\" src=\"https:\/\/i0.wp.com\/cdn.media-acidadeon.com.br\/ribeiraopreto\/wp-content\/uploads\/sites\/3\/2025\/12\/domingo-34_2025-12-25_12-49-25-1024x576.webp?resize=1024%2C576&#038;ssl=1\" alt=\"Parque aqu\u00e1tico seria inaugurado em 2025 - Foto: divulga\u00e7\u00e3o.\" class=\"wp-image-140282\" title=\"Parque aqu\u00e1tico de R$ 170 milh\u00f5es no interior de SP est\u00e1 com obras paradas; Saiba o motivo 2\" srcset=\"https:\/\/cdn.media-acidadeon.com.br\/ribeiraopreto\/wp-content\/uploads\/sites\/3\/2025\/12\/domingo-34_2025-12-25_12-49-25-1024x576.webp 1024w, https:\/\/cdn.media-acidadeon.com.br\/ribeiraopreto\/wp-content\/uploads\/sites\/3\/2025\/12\/domingo-34_2025-12-25_12-49-25-300x169.webp 300w, https:\/\/cdn.media-acidadeon.com.br\/ribeiraopreto\/wp-content\/uploads\/sites\/3\/2025\/12\/domingo-34_2025-12-25_12-49-25-768x432.webp 768w, https:\/\/cdn.media-acidadeon.com.br\/ribeiraopreto\/wp-content\/uploads\/sites\/3\/2025\/12\/domingo-34_2025-12-25_12-49-25-696x392.webp 696w, https:\/\/cdn.media-acidadeon.com.br\/ribeiraopreto\/wp-content\/uploads\/sites\/3\/2025\/12\/domingo-34_2025-12-25_12-49-25-1068x601.webp 1068w, https:\/\/cdn.media-acidadeon.com.br\/ribeiraopreto\/wp-content\/uploads\/sites\/3\/2025\/12\/domingo-34_2025-12-25_12-49-25.webp 1200w\" sizes=\"auto, (max-width: 1024px) 100vw, 1024px\"\/><figcaption class=\"wp-element-caption\">Parque aqu\u00e1tico seria inaugurado em 2025 \u2013 Foto: divulga\u00e7\u00e3o.<\/figcaption><\/figure>\n<figure class=\"wp-block-image size-large\"><img data-recalc-dims=\"1\" loading=\"lazy\" decoding=\"async\" width=\"1024\" height=\"576\" data-id=\"140281\" src=\"https:\/\/i0.wp.com\/cdn.media-acidadeon.com.br\/ribeiraopreto\/wp-content\/uploads\/sites\/3\/2025\/12\/domingo-35_2025-12-25_12-49-23-1024x576.webp?resize=1024%2C576&#038;ssl=1\" alt=\"Parque aqu\u00e1tico seria inaugurado em 2025 - Foto: divulga\u00e7\u00e3o.\" class=\"wp-image-140281\" title=\"Parque aqu\u00e1tico de R$ 170 milh\u00f5es no interior de SP est\u00e1 com obras paradas; Saiba o motivo 3\" srcset=\"https:\/\/cdn.media-acidadeon.com.br\/ribeiraopreto\/wp-content\/uploads\/sites\/3\/2025\/12\/domingo-35_2025-12-25_12-49-23-1024x576.webp 1024w, https:\/\/cdn.media-acidadeon.com.br\/ribeiraopreto\/wp-content\/uploads\/sites\/3\/2025\/12\/domingo-35_2025-12-25_12-49-23-300x169.webp 300w, https:\/\/cdn.media-acidadeon.com.br\/ribeiraopreto\/wp-content\/uploads\/sites\/3\/2025\/12\/domingo-35_2025-12-25_12-49-23-768x432.webp 768w, https:\/\/cdn.media-acidadeon.com.br\/ribeiraopreto\/wp-content\/uploads\/sites\/3\/2025\/12\/domingo-35_2025-12-25_12-49-23-696x392.webp 696w, https:\/\/cdn.media-acidadeon.com.br\/ribeiraopreto\/wp-content\/uploads\/sites\/3\/2025\/12\/domingo-35_2025-12-25_12-49-23-1068x601.webp 1068w, https:\/\/cdn.media-acidadeon.com.br\/ribeiraopreto\/wp-content\/uploads\/sites\/3\/2025\/12\/domingo-35_2025-12-25_12-49-23.webp 1200w\" sizes=\"auto, (max-width: 1024px) 100vw, 1024px\"\/><figcaption class=\"wp-element-caption\">Parque aqu\u00e1tico seria inaugurado em 2025 \u2013 Foto: divulga\u00e7\u00e3o.<\/figcaption><\/figure>\n<figure class=\"wp-block-image size-large\"><img data-recalc-dims=\"1\" loading=\"lazy\" decoding=\"async\" width=\"1024\" height=\"576\" data-id=\"140280\" src=\"https:\/\/i0.wp.com\/cdn.media-acidadeon.com.br\/ribeiraopreto\/wp-content\/uploads\/sites\/3\/2025\/12\/domingo-36_2025-12-25_12-49-20-1024x576.webp?resize=1024%2C576&#038;ssl=1\" alt=\"Parque aqu\u00e1tico seria inaugurado em 2025 - Foto: divulga\u00e7\u00e3o.\" class=\"wp-image-140280\" title=\"Parque aqu\u00e1tico de R$ 170 milh\u00f5es no interior de SP est\u00e1 com obras paradas; Saiba o motivo 4\" srcset=\"https:\/\/cdn.media-acidadeon.com.br\/ribeiraopreto\/wp-content\/uploads\/sites\/3\/2025\/12\/domingo-36_2025-12-25_12-49-20-1024x576.webp 1024w, https:\/\/cdn.media-acidadeon.com.br\/ribeiraopreto\/wp-content\/uploads\/sites\/3\/2025\/12\/domingo-36_2025-12-25_12-49-20-300x169.webp 300w, https:\/\/cdn.media-acidadeon.com.br\/ribeiraopreto\/wp-content\/uploads\/sites\/3\/2025\/12\/domingo-36_2025-12-25_12-49-20-768x432.webp 768w, https:\/\/cdn.media-acidadeon.com.br\/ribeiraopreto\/wp-content\/uploads\/sites\/3\/2025\/12\/domingo-36_2025-12-25_12-49-20-696x392.webp 696w, https:\/\/cdn.media-acidadeon.com.br\/ribeiraopreto\/wp-content\/uploads\/sites\/3\/2025\/12\/domingo-36_2025-12-25_12-49-20-1068x601.webp 1068w, https:\/\/cdn.media-acidadeon.com.br\/ribeiraopreto\/wp-content\/uploads\/sites\/3\/2025\/12\/domingo-36_2025-12-25_12-49-20.webp 1200w\" sizes=\"auto, (max-width: 1024px) 100vw, 1024px\"\/><figcaption class=\"wp-element-caption\">Parque aqu\u00e1tico seria inaugurado em 2025 \u2013 Foto: divulga\u00e7\u00e3o.<\/figcaption><\/figure>\n<\/figure>\n<h2 class=\"wp-block-heading\"><strong>Suspens\u00e3o<\/strong><\/h2>\n<p>A prefeitura de Sorocaba diz que o munic\u00edpio suspendeu o alvar\u00e1 dado ao Acqua Thermas quando houve decis\u00e3o liminar da Justi\u00e7a. Diz ainda que aguarda decis\u00e3o da Cetesb para dar continuidade ao processo de aprova\u00e7\u00e3o de um novo alvar\u00e1.<\/p>\n<p><em>*Com informa\u00e7\u00f5es de Jos\u00e9 Maria Tomazela, do jornal O Estado de S. Paulo.<\/em><\/p>\n<hr class=\"wp-block-separator has-alpha-channel-opacity\"\/>\n<p>SAIBA MAIS<\/p>\n<p><!-- AI CONTENT END 1 -->\n<\/div>\n<p><br \/>\n<br \/><a href=\"https:\/\/www.acidadeon.com\/ribeiraopreto\/cotidiano\/parque-aquatico-de-r-170-milhoes-no-interior-de-sp-esta-com-obras-paradas-saiba-o-motivo\/\">Source link <\/a><\/p>\n<!-- CONTENT END 1 -->\n","protected":false},"excerpt":{"rendered":"<p>Considerado um dos maiores parque aqu\u00e1ticos do pa\u00eds, o Acqua Thermas Park est\u00e1 com as obras suspensas por falta de licen\u00e7a ambiental, em Sorocaba, cidade&#8230;<\/p>\n","protected":false},"author":1,"featured_media":81178,"comment_status":"open","ping_status":"open","sticky":false,"template":"","format":"standard","meta":{"advanced_seo_description":"","jetpack_seo_html_title":"","jetpack_seo_noindex":false,"jetpack_post_was_ever_published":false,"_jetpack_newsletter_access":"","_jetpack_dont_email_post_to_subs":false,"_jetpack_newsletter_tier_id":0,"_jetpack_memberships_contains_paywalled_content":false,"_jetpack_memberships_contains_paid_content":false,"footnotes":"","jetpack_publicize_message":"","jetpack_publicize_feature_enabled":true,"jetpack_social_post_already_shared":true,"jetpack_social_options":{"image_generator_settings":{"template":"highway","default_image_id":0,"font":"","enabled":false},"version":2}},"categories":[11],"tags":[],"class_list":["post-81177","post","type-post","status-publish","format-standard","has-post-thumbnail","hentry","category-noticias-de-ribeirao-preto-sp-e-regiao-ismael-colosi"],"jetpack_publicize_connections":[],"jetpack_featured_media_url":"https:\/\/i0.wp.com\/noticiasribeiraopreto.com.br\/wp-content\/uploads\/2025\/12\/AnyConv.com__parque-aquatico_2024-05-06_18-29-39.webp.webp?fit=953%2C525&ssl=1","jetpack-related-posts":[{"id":48783,"url":"https:\/\/noticiasribeiraopreto.com.br\/index.php\/2024\/05\/06\/interior-de-sp-vai-ganhar-novo-parque-aquatico-veja-quando-e-o-local\/","url_meta":{"origin":81177,"position":0},"title":"Interior de SP vai ganhar novo parque aqu\u00e1tico; Veja quando e o local","author":"noticiasribeiraopreto.com.br","date":"6 de May de 2024","format":false,"excerpt":"O interior de S\u00e3o Paulo vai ganhar um novo parque aqu\u00e1tico em 2025. O Acqua Thermas Park ser\u00e1 constru\u00eddo em Sorocaba, cidade a 90 quil\u00f4metros da capital. O novo parque aqu\u00e1tico vai receber investimentos de R$ 170 milh\u00f5es. O Grupo Thermas, respons\u00e1vel pelo projeto, diz que o parque ocupar\u00e1 uma\u2026","rel":"","context":"In &quot;Not\u00edcias de Ribeir\u00e3o Preto-SP e Regi\u00e3o&quot;","block_context":{"text":"Not\u00edcias de Ribeir\u00e3o Preto-SP e Regi\u00e3o","link":"https:\/\/noticiasribeiraopreto.com.br\/index.php\/category\/noticias-de-ribeirao-preto-sp-e-regiao-ismael-colosi\/"},"img":{"alt_text":"","src":"https:\/\/i0.wp.com\/noticiasribeiraopreto.com.br\/wp-content\/uploads\/2024\/05\/AnyConv.com__parque-aquatico_2024-05-06_18-29-39.webp.webp?fit=953%2C525&ssl=1&resize=350%2C200","width":350,"height":200,"srcset":"https:\/\/i0.wp.com\/noticiasribeiraopreto.com.br\/wp-content\/uploads\/2024\/05\/AnyConv.com__parque-aquatico_2024-05-06_18-29-39.webp.webp?fit=953%2C525&ssl=1&resize=350%2C200 1x, https:\/\/i0.wp.com\/noticiasribeiraopreto.com.br\/wp-content\/uploads\/2024\/05\/AnyConv.com__parque-aquatico_2024-05-06_18-29-39.webp.webp?fit=953%2C525&ssl=1&resize=525%2C300 1.5x, https:\/\/i0.wp.com\/noticiasribeiraopreto.com.br\/wp-content\/uploads\/2024\/05\/AnyConv.com__parque-aquatico_2024-05-06_18-29-39.webp.webp?fit=953%2C525&ssl=1&resize=700%2C400 2x"},"classes":[]},{"id":74384,"url":"https:\/\/noticiasribeiraopreto.com.br\/index.php\/2025\/07\/21\/praia-do-peao-e-inaugurada-em-hotel-no-interior-de-sao-paulo\/","url_meta":{"origin":81177,"position":1},"title":"Praia do Pe\u00e3o \u00e9 inaugurada em hotel no interior de S\u00e3o Paulo","author":"noticiasribeiraopreto.com.br","date":"21 de July de 2025","format":false,"excerpt":"Foi inaugurada no \u00faltimo final de semana a Praia do Pe\u00e3o, em um hotel de Barretos, no interior de S\u00e3o Paulo. O empreendimento fica anexo ao parque onde \u00e9 realizada a Fest\u00e3o do Pe\u00e3o de Barretos. A praia artificial recebeu investimento de R$ 2 milh\u00f5es da IEP (Independente Eventos e\u2026","rel":"","context":"In &quot;Not\u00edcias de Ribeir\u00e3o Preto-SP e Regi\u00e3o&quot;","block_context":{"text":"Not\u00edcias de Ribeir\u00e3o Preto-SP e Regi\u00e3o","link":"https:\/\/noticiasribeiraopreto.com.br\/index.php\/category\/noticias-de-ribeirao-preto-sp-e-regiao-ismael-colosi\/"},"img":{"alt_text":"","src":"https:\/\/i0.wp.com\/noticiasribeiraopreto.com.br\/wp-content\/uploads\/2025\/07\/praia-do-peao_2025-07-21_18-26-57.webp.webp?fit=1200%2C675&ssl=1&resize=350%2C200","width":350,"height":200,"srcset":"https:\/\/i0.wp.com\/noticiasribeiraopreto.com.br\/wp-content\/uploads\/2025\/07\/praia-do-peao_2025-07-21_18-26-57.webp.webp?fit=1200%2C675&ssl=1&resize=350%2C200 1x, https:\/\/i0.wp.com\/noticiasribeiraopreto.com.br\/wp-content\/uploads\/2025\/07\/praia-do-peao_2025-07-21_18-26-57.webp.webp?fit=1200%2C675&ssl=1&resize=525%2C300 1.5x, https:\/\/i0.wp.com\/noticiasribeiraopreto.com.br\/wp-content\/uploads\/2025\/07\/praia-do-peao_2025-07-21_18-26-57.webp.webp?fit=1200%2C675&ssl=1&resize=700%2C400 2x, https:\/\/i0.wp.com\/noticiasribeiraopreto.com.br\/wp-content\/uploads\/2025\/07\/praia-do-peao_2025-07-21_18-26-57.webp.webp?fit=1200%2C675&ssl=1&resize=1050%2C600 3x"},"classes":[]},{"id":60772,"url":"https:\/\/noticiasribeiraopreto.com.br\/index.php\/2024\/11\/25\/construcao-de-parque-tematico-gera-disputa-no-interior-de-sp-entenda\/","url_meta":{"origin":81177,"position":2},"title":"Constru\u00e7\u00e3o de parque tem\u00e1tico gera disputa no interior de SP; Entenda","author":"noticiasribeiraopreto.com.br","date":"25 de November de 2024","format":false,"excerpt":"Onde ser\u00e1 constru\u00eddo o novo parque tem\u00e1tico da Cacau Show? Essa \u00e9 a pergunta que est\u00e1 gerando d\u00favidas nas redes sociais e at\u00e9 mesmo uma disputa entre as cidades de Itu e Sorocaba, no interior de S\u00e3o Paulo \u2013 entenda abaixo. Al\u00e9m de produzir e comercializar chocolates, a Cacau Show\u2026","rel":"","context":"In &quot;Not\u00edcias de Ribeir\u00e3o Preto-SP e Regi\u00e3o&quot;","block_context":{"text":"Not\u00edcias de Ribeir\u00e3o Preto-SP e Regi\u00e3o","link":"https:\/\/noticiasribeiraopreto.com.br\/index.php\/category\/noticias-de-ribeirao-preto-sp-e-regiao-ismael-colosi\/"},"img":{"alt_text":"","src":"https:\/\/i0.wp.com\/noticiasribeiraopreto.com.br\/wp-content\/uploads\/2024\/11\/cs-hiper-store-gira-chocomonstros-rev02.docx_2024-11-25_16-50-48_jpg_2024-11-25_16-50-48.webp.webp?fit=1000%2C667&ssl=1&resize=350%2C200","width":350,"height":200,"srcset":"https:\/\/i0.wp.com\/noticiasribeiraopreto.com.br\/wp-content\/uploads\/2024\/11\/cs-hiper-store-gira-chocomonstros-rev02.docx_2024-11-25_16-50-48_jpg_2024-11-25_16-50-48.webp.webp?fit=1000%2C667&ssl=1&resize=350%2C200 1x, https:\/\/i0.wp.com\/noticiasribeiraopreto.com.br\/wp-content\/uploads\/2024\/11\/cs-hiper-store-gira-chocomonstros-rev02.docx_2024-11-25_16-50-48_jpg_2024-11-25_16-50-48.webp.webp?fit=1000%2C667&ssl=1&resize=525%2C300 1.5x, https:\/\/i0.wp.com\/noticiasribeiraopreto.com.br\/wp-content\/uploads\/2024\/11\/cs-hiper-store-gira-chocomonstros-rev02.docx_2024-11-25_16-50-48_jpg_2024-11-25_16-50-48.webp.webp?fit=1000%2C667&ssl=1&resize=700%2C400 2x"},"classes":[]},{"id":66625,"url":"https:\/\/noticiasribeiraopreto.com.br\/index.php\/2025\/04\/03\/aeroporto-no-interior-de-sp-tera-investimento-de-r-500-milhoes\/","url_meta":{"origin":81177,"position":3},"title":"Aeroporto no interior de SP ter\u00e1 investimento de R$ 500 milh\u00f5es","author":"noticiasribeiraopreto.com.br","date":"3 de April de 2025","format":false,"excerpt":"Com obras previstas para come\u00e7ar no primeiro semestre de 2025, o Aeroporto de Ol\u00edmpia, localizado no interior de S\u00e3o Paulo, contar\u00e1 com um investimento inicial de R$ 500 milh\u00f5es, vinculados ao PAC (Programa de Acelera\u00e7\u00e3o do Crescimento). O empreendimento \u00e9 de responsabilidade da Infraero e promete fortalecer o turismo na\u2026","rel":"","context":"In &quot;Not\u00edcias de Ribeir\u00e3o Preto-SP e Regi\u00e3o&quot;","block_context":{"text":"Not\u00edcias de Ribeir\u00e3o Preto-SP e Regi\u00e3o","link":"https:\/\/noticiasribeiraopreto.com.br\/index.php\/category\/noticias-de-ribeirao-preto-sp-e-regiao-ismael-colosi\/"},"img":{"alt_text":"","src":"https:\/\/i0.wp.com\/noticiasribeiraopreto.com.br\/wp-content\/uploads\/2025\/04\/564fb38467e0f05eed883bf728357d70_2025-04-03_15-31-23_jpg_2025-04-03_15-31-23.webp.webp?fit=800%2C450&ssl=1&resize=350%2C200","width":350,"height":200,"srcset":"https:\/\/i0.wp.com\/noticiasribeiraopreto.com.br\/wp-content\/uploads\/2025\/04\/564fb38467e0f05eed883bf728357d70_2025-04-03_15-31-23_jpg_2025-04-03_15-31-23.webp.webp?fit=800%2C450&ssl=1&resize=350%2C200 1x, https:\/\/i0.wp.com\/noticiasribeiraopreto.com.br\/wp-content\/uploads\/2025\/04\/564fb38467e0f05eed883bf728357d70_2025-04-03_15-31-23_jpg_2025-04-03_15-31-23.webp.webp?fit=800%2C450&ssl=1&resize=525%2C300 1.5x, https:\/\/i0.wp.com\/noticiasribeiraopreto.com.br\/wp-content\/uploads\/2025\/04\/564fb38467e0f05eed883bf728357d70_2025-04-03_15-31-23_jpg_2025-04-03_15-31-23.webp.webp?fit=800%2C450&ssl=1&resize=700%2C400 2x"},"classes":[]},{"id":33430,"url":"https:\/\/noticiasribeiraopreto.com.br\/index.php\/2024\/01\/29\/com-investimento-de-r-38-milhoes-cidade-no-interior-de-sp-inaugura-parque-de-realidade-virtual\/","url_meta":{"origin":81177,"position":4},"title":"Com investimento de R$ 38 milh\u00f5es, cidade no interior de SP inaugura parque de realidade virtual","author":"noticiasribeiraopreto.com.br","date":"29 de January de 2024","format":false,"excerpt":"O munic\u00edpio de Ol\u00edmpia, a cerca de 130 quil\u00f4metros de Ribeir\u00e3o Preto, inaugura nesta quinta-feira (1\u00ba), \u00e0s 15h, um parque tem\u00e1tico de realidade virtual, atra\u00e7\u00e3o in\u00e9dita na Am\u00e9rica Latina, segundo a organiza\u00e7\u00e3o. Com investimento de R$ 38 milh\u00f5es, a abertura do \u2018Orionverso\u2019 ser\u00e1 em sistema soft opening, per\u00edodo no qual\u2026","rel":"","context":"In &quot;Not\u00edcias de Ribeir\u00e3o Preto-SP e Regi\u00e3o&quot;","block_context":{"text":"Not\u00edcias de Ribeir\u00e3o Preto-SP e Regi\u00e3o","link":"https:\/\/noticiasribeiraopreto.com.br\/index.php\/category\/noticias-de-ribeirao-preto-sp-e-regiao-ismael-colosi\/"},"img":{"alt_text":"","src":"https:\/\/i0.wp.com\/noticiasribeiraopreto.com.br\/wp-content\/uploads\/2024\/01\/parque-tematico-Olimpia.jpg?fit=1200%2C798&ssl=1&resize=350%2C200","width":350,"height":200,"srcset":"https:\/\/i0.wp.com\/noticiasribeiraopreto.com.br\/wp-content\/uploads\/2024\/01\/parque-tematico-Olimpia.jpg?fit=1200%2C798&ssl=1&resize=350%2C200 1x, https:\/\/i0.wp.com\/noticiasribeiraopreto.com.br\/wp-content\/uploads\/2024\/01\/parque-tematico-Olimpia.jpg?fit=1200%2C798&ssl=1&resize=525%2C300 1.5x, https:\/\/i0.wp.com\/noticiasribeiraopreto.com.br\/wp-content\/uploads\/2024\/01\/parque-tematico-Olimpia.jpg?fit=1200%2C798&ssl=1&resize=700%2C400 2x, https:\/\/i0.wp.com\/noticiasribeiraopreto.com.br\/wp-content\/uploads\/2024\/01\/parque-tematico-Olimpia.jpg?fit=1200%2C798&ssl=1&resize=1050%2C600 3x"},"classes":[]},{"id":19668,"url":"https:\/\/noticiasribeiraopreto.com.br\/index.php\/2023\/12\/22\/15-parques-aquaticos-no-brasil-para-se-refrescar-no-verao\/","url_meta":{"origin":81177,"position":5},"title":"15 parques aqu\u00e1ticos no Brasil para se refrescar no ver\u00e3o","author":"noticiasribeiraopreto.com.br","date":"22 de December de 2023","format":false,"excerpt":"Enfim, o ver\u00e3o chegou e com ele a promessa de dias ensolarados e quentes at\u00e9 meados de mar\u00e7o. Ideais para aproveitar e se refrescar nos in\u00fameros parques aqu\u00e1ticos espalhados pelo Brasil. Al\u00e9m de piscinas e tobo\u00e1guas de todos os tipos, os parques aqu\u00e1ticos oferecem uma boa estrutura de bares, restaurantes,\u2026","rel":"","context":"In &quot;Variedades&quot;","block_context":{"text":"Variedades","link":"https:\/\/noticiasribeiraopreto.com.br\/index.php\/category\/variedades\/"},"img":{"alt_text":"","src":"https:\/\/i0.wp.com\/noticiasribeiraopreto.com.br\/wp-content\/uploads\/2023\/12\/20231208-162150-scaled.jpg?fit=1200%2C638&ssl=1&resize=350%2C200","width":350,"height":200,"srcset":"https:\/\/i0.wp.com\/noticiasribeiraopreto.com.br\/wp-content\/uploads\/2023\/12\/20231208-162150-scaled.jpg?fit=1200%2C638&ssl=1&resize=350%2C200 1x, https:\/\/i0.wp.com\/noticiasribeiraopreto.com.br\/wp-content\/uploads\/2023\/12\/20231208-162150-scaled.jpg?fit=1200%2C638&ssl=1&resize=525%2C300 1.5x, https:\/\/i0.wp.com\/noticiasribeiraopreto.com.br\/wp-content\/uploads\/2023\/12\/20231208-162150-scaled.jpg?fit=1200%2C638&ssl=1&resize=700%2C400 2x, https:\/\/i0.wp.com\/noticiasribeiraopreto.com.br\/wp-content\/uploads\/2023\/12\/20231208-162150-scaled.jpg?fit=1200%2C638&ssl=1&resize=1050%2C600 3x"},"classes":[]}],"jetpack_sharing_enabled":true,"jetpack_shortlink":"https:\/\/wp.me\/peQAOb-l7j","_links":{"self":[{"href":"https:\/\/noticiasribeiraopreto.com.br\/index.php\/wp-json\/wp\/v2\/posts\/81177","targetHints":{"allow":["GET"]}}],"collection":[{"href":"https:\/\/noticiasribeiraopreto.com.br\/index.php\/wp-json\/wp\/v2\/posts"}],"about":[{"href":"https:\/\/noticiasribeiraopreto.com.br\/index.php\/wp-json\/wp\/v2\/types\/post"}],"author":[{"embeddable":true,"href":"https:\/\/noticiasribeiraopreto.com.br\/index.php\/wp-json\/wp\/v2\/users\/1"}],"replies":[{"embeddable":true,"href":"https:\/\/noticiasribeiraopreto.com.br\/index.php\/wp-json\/wp\/v2\/comments?post=81177"}],"version-history":[{"count":0,"href":"https:\/\/noticiasribeiraopreto.com.br\/index.php\/wp-json\/wp\/v2\/posts\/81177\/revisions"}],"wp:featuredmedia":[{"embeddable":true,"href":"https:\/\/noticiasribeiraopreto.com.br\/index.php\/wp-json\/wp\/v2\/media\/81178"}],"wp:attachment":[{"href":"https:\/\/noticiasribeiraopreto.com.br\/index.php\/wp-json\/wp\/v2\/media?parent=81177"}],"wp:term":[{"taxonomy":"category","embeddable":true,"href":"https:\/\/noticiasribeiraopreto.com.br\/index.php\/wp-json\/wp\/v2\/categories?post=81177"},{"taxonomy":"post_tag","embeddable":true,"href":"https:\/\/noticiasribeiraopreto.com.br\/index.php\/wp-json\/wp\/v2\/tags?post=81177"}],"curies":[{"name":"wp","href":"https:\/\/api.w.org\/{rel}","templated":true}]}}