{"id":81179,"date":"2025-12-26T08:40:32","date_gmt":"2025-12-26T11:40:32","guid":{"rendered":"https:\/\/noticiasribeiraopreto.com.br\/index.php\/2025\/12\/26\/ribeirao-tem-previsao-de-muito-calor-nesta-sexta\/"},"modified":"2025-12-26T08:40:32","modified_gmt":"2025-12-26T11:40:32","slug":"ribeirao-tem-previsao-de-muito-calor-nesta-sexta","status":"publish","type":"post","link":"https:\/\/noticiasribeiraopreto.com.br\/index.php\/2025\/12\/26\/ribeirao-tem-previsao-de-muito-calor-nesta-sexta\/","title":{"rendered":"Ribeir\u00e3o tem previs\u00e3o de muito calor nesta sexta"},"content":{"rendered":"<div class='code-block code-block-1' style='margin: 8px 0 8px auto; text-align: right; display: block; clear: both;'>\n<p><a href=\"https:\/\/wa.link\/vpicfd\"><img data-recalc-dims=\"1\" class=\"wp-image-4922\" style=\"aspect-ratio: 2.0253164556962027; width: 561px; height: auto;\" src=\"https:\/\/i0.wp.com\/ismaelcolosi.com.br\/wp-content\/uploads\/2023\/11\/grupo-de-empregos-whatsapp-e-facebook-ismael-colosi-vagas.jpg?ssl=1\" alt=\"\" \/><\/a><\/p>\n<!-- \/wp:image -->\n<\/div>\n<p> <br \/>\n<\/p>\n<div id=\"\">&#13;<br \/>\n\t\t\t\t\t\t\t\t&#13;<\/p>\n<p>&#13;<br \/>\n\t\t\t\t\t\t\t\t\t<span class=\"entry-meta-item penci-posted-on\"><i class=\"fa fa-clock-o\"\/><time class=\"entry-date published updated\" datetime=\"2025-12-26T08:35:42-03:00\">26 de dezembro de 2025 08:35<\/time><\/span><span class=\"entry-meta-item penci-post-countview\"\/>\t\t\t\t\t\t\t\t<\/p>\n<p><!-- .entry-meta -->&#13;<br \/>\n\t\t\t\t\t\t\t\t<span class=\"penci-social-buttons penci-social-share-footer\"><span class=\"penci-social-share-text\">Compartilhar<\/span><a href=\"#\" class=\"penci-post-like penci_post-meta_item  single-like-button penci-social-item like\" data-post_id=\"450308\" title=\"Like\" data-like=\"Like\" data-unlike=\"Unlike\"><i class=\"fa fa-thumbs-o-up\"\/><span class=\"penci-share-number\">0<\/span><\/a><i class=\"fa fa-facebook\"\/><a class=\"penci-social-item twitter\" target=\"_blank\" rel=\"noopener\" title=\"\" href=\"https:\/\/twitter.com\/intent\/tweet?text=Ribeir\u00e3o%20tem%20previs\u00e3o%20de%20muito%20calor%20nesta%20sexta%20-%20https:\/\/www.tribunaribeirao.com.br\/ribeirao-tem-previsao-de-muito-calor-nesta-sexta\/\"><i class=\"fa fa-twitter\"\/><\/a><i class=\"fa fa-linkedin\"\/><i class=\"fa fa-whatsapp\"\/><i class=\"fa fa-telegram\"\/><i class=\"fa fa-envelope\"\/><\/span>\t\t\t\t\t\t\t<\/div>\n<div>\n<p><em>Temperatura deve chegar aos 35 graus e existe chance de chuva isolada<\/em><\/p>\n<p>A sexta-feira promete ser das mais quentes em todo estado de S\u00e3o Paulo, mostrando que o ver\u00e3o chegou com for\u00e7a. A cidade de S\u00e3o Paulo bateu recorde de temperatura nesta quinta-feira (25) com 35,9\u00baC, a mais alta j\u00e1 registrada para um m\u00eas de dezembro. E nesta sexta (26), n\u00e3o ser\u00e1 muito diferente.<img data-recalc-dims=\"1\" decoding=\"async\" src=\"https:\/\/i0.wp.com\/agenciabrasil.ebc.com.br\/ebc.png?ssl=1\" class=\"lazyload\"\/><img data-recalc-dims=\"1\" decoding=\"async\" src=\"https:\/\/i0.wp.com\/agenciabrasil.ebc.com.br\/ebc.gif?ssl=1\" class=\"lazyload\"\/><\/p>\n<p>Para a capital paulista \u00e9 esperada uma temperatura m\u00e1xima de 34\u00baC, segundo o Instituto Nacional de Meteorologia. A m\u00ednima \u00e9 22\u00baC. J\u00e1 pela manh\u00e3, haver\u00e1 muitas nuvens com pancadas de chuva isoladas. \u00c0\u00a0tarde, o cen\u00e1rio \u00e9 o mesmo. \u00c0 noite, os paulistanos ter\u00e3o tamb\u00e9m muitas nuvens com pancadas de chuva e trovoadas isoladas. Os ventos s\u00e3o fracos ao longo de todo o dia e durante a noite.<\/p>\n<h2>Interior<\/h2>\n<p>Todo o interior paulista tamb\u00e9m sofre com o forte calor, j\u00e1 que a temperatura est\u00e1 5\u00baC acima da m\u00e9dia para o m\u00eas de dezembro. Bauru tem 35\u00baC, possibilidade de chuva e vento fracos.<\/p>\n<p>Em Ribeir\u00e3o Preto h\u00e1 previs\u00e3o de temperatura tamb\u00e9m para 35\u00baC, chuva e vento fracos.<\/p>\n<p>Para S\u00e3o Jos\u00e9 do Rio Preto e regi\u00e3o a previs\u00e3o \u00e9 34\u00baC, sem possibilidade de chuva e vento fraco.<\/p>\n<h2>Litoral<\/h2>\n<p>Santos tem m\u00e1xima de 31\u00baC, sem possibilidade de chuva e vento fraco.<\/p>\n<p>Para Guaruj\u00e1 e Praia Grande, a previs\u00e3o \u00e9 29\u00baC de m\u00e1xima, sem possibilidade de chuva e vento fraco.<\/p>\n<p>Ubatuba tem m\u00e1xima de 30\u00baC e chance de 40\u00ba de chuva fraca e vento fraco.<\/p>\n<p>\u00a0<\/p>\n<\/div>\n<p><script async src=\"\/\/platform.twitter.com\/widgets.js\" charset=\"utf-8\"><\/script><br \/>\n<br \/><br \/>\n<br \/><a href=\"https:\/\/www.tribunaribeirao.com.br\/ribeirao-tem-previsao-de-muito-calor-nesta-sexta\/\">Source link <\/a><\/p>\n<!-- CONTENT END 1 -->\n","protected":false},"excerpt":{"rendered":"<p>&#13; &#13; &#13; 26 de dezembro de 2025 08:35 &#13; Compartilhar0 Temperatura deve chegar aos 35 graus e existe chance de chuva isolada A sexta-feira&#8230;<\/p>\n","protected":false},"author":1,"featured_media":81180,"comment_status":"open","ping_status":"open","sticky":false,"template":"","format":"standard","meta":{"advanced_seo_description":"","jetpack_seo_html_title":"","jetpack_seo_noindex":false,"jetpack_post_was_ever_published":false,"_jetpack_newsletter_access":"","_jetpack_dont_email_post_to_subs":false,"_jetpack_newsletter_tier_id":0,"_jetpack_memberships_contains_paywalled_content":false,"_jetpack_memberships_contains_paid_content":false,"footnotes":"","jetpack_publicize_message":"","jetpack_publicize_feature_enabled":true,"jetpack_social_post_already_shared":true,"jetpack_social_options":{"image_generator_settings":{"template":"highway","default_image_id":0,"font":"","enabled":false},"version":2}},"categories":[11],"tags":[],"class_list":["post-81179","post","type-post","status-publish","format-standard","has-post-thumbnail","hentry","category-noticias-de-ribeirao-preto-sp-e-regiao-ismael-colosi"],"jetpack_publicize_connections":[],"jetpack_featured_media_url":"https:\/\/i0.wp.com\/noticiasribeiraopreto.com.br\/wp-content\/uploads\/2025\/12\/CALOR.jpg?fit=800%2C500&ssl=1","jetpack-related-posts":[{"id":64353,"url":"https:\/\/noticiasribeiraopreto.com.br\/index.php\/2025\/03\/07\/antes-de-frente-fria-interior-de-sp-tem-fim-de-semana-de-calor-e-chuva-isolada-veja-previsao\/","url_meta":{"origin":81179,"position":0},"title":"Antes de frente fria, interior de SP tem fim de semana de calor e chuva isolada; Veja previs\u00e3o","author":"noticiasribeiraopreto.com.br","date":"7 de March de 2025","format":false,"excerpt":"O fim de semana deve ser com sol e temperaturas elevadas, com possibilidade de pancadas isoladas de chuva nas regi\u00f5es de Ribeir\u00e3o Preto, S\u00e3o Carlos e Campinas. A onda de calor termina no pr\u00f3ximo domingo (9) e uma frente deve avan\u00e7ar pela costa do Sudeste. Segundo a Climatempo, a regi\u00e3o\u2026","rel":"","context":"In &quot;Not\u00edcias de Ribeir\u00e3o Preto-SP e Regi\u00e3o&quot;","block_context":{"text":"Not\u00edcias de Ribeir\u00e3o Preto-SP e Regi\u00e3o","link":"https:\/\/noticiasribeiraopreto.com.br\/index.php\/category\/noticias-de-ribeirao-preto-sp-e-regiao-ismael-colosi\/"},"img":{"alt_text":"","src":"https:\/\/i0.wp.com\/noticiasribeiraopreto.com.br\/wp-content\/uploads\/2025\/03\/WhatsApp-Image-2025-03-06-at-23.39.26_2025-03-07_10-09-54_jpeg_2025-03-07_10-09-54.webp.webp?fit=1200%2C569&ssl=1&resize=350%2C200","width":350,"height":200,"srcset":"https:\/\/i0.wp.com\/noticiasribeiraopreto.com.br\/wp-content\/uploads\/2025\/03\/WhatsApp-Image-2025-03-06-at-23.39.26_2025-03-07_10-09-54_jpeg_2025-03-07_10-09-54.webp.webp?fit=1200%2C569&ssl=1&resize=350%2C200 1x, https:\/\/i0.wp.com\/noticiasribeiraopreto.com.br\/wp-content\/uploads\/2025\/03\/WhatsApp-Image-2025-03-06-at-23.39.26_2025-03-07_10-09-54_jpeg_2025-03-07_10-09-54.webp.webp?fit=1200%2C569&ssl=1&resize=525%2C300 1.5x, https:\/\/i0.wp.com\/noticiasribeiraopreto.com.br\/wp-content\/uploads\/2025\/03\/WhatsApp-Image-2025-03-06-at-23.39.26_2025-03-07_10-09-54_jpeg_2025-03-07_10-09-54.webp.webp?fit=1200%2C569&ssl=1&resize=700%2C400 2x, https:\/\/i0.wp.com\/noticiasribeiraopreto.com.br\/wp-content\/uploads\/2025\/03\/WhatsApp-Image-2025-03-06-at-23.39.26_2025-03-07_10-09-54_jpeg_2025-03-07_10-09-54.webp.webp?fit=1200%2C569&ssl=1&resize=1050%2C600 3x"},"classes":[]},{"id":63685,"url":"https:\/\/noticiasribeiraopreto.com.br\/index.php\/2025\/02\/19\/quando-a-onda-de-calor-vai-acabar-ribeirao-preto-tem-previsao-de-40c-nesta-semana\/","url_meta":{"origin":81179,"position":1},"title":"Quando a onda de calor vai acabar? Ribeir\u00e3o Preto tem previs\u00e3o de 40\u00b0C nesta semana","author":"noticiasribeiraopreto.com.br","date":"19 de February de 2025","format":false,"excerpt":"A temperatura pode atingir 40\u00b0C por dois dias consecutivos nesta semana, em Ribeir\u00e3o Preto. Segundo a Climatempo, os term\u00f4metros podem registrar o pico de calor nesta quinta-feira (20) e na sexta-feira (21). J\u00e1 no domingo (23), a m\u00e1xima na cidade est\u00e1 prevista em 31\u00b0C. Confira abaixo. Fim da onda de\u2026","rel":"","context":"In &quot;Not\u00edcias de Ribeir\u00e3o Preto-SP e Regi\u00e3o&quot;","block_context":{"text":"Not\u00edcias de Ribeir\u00e3o Preto-SP e Regi\u00e3o","link":"https:\/\/noticiasribeiraopreto.com.br\/index.php\/category\/noticias-de-ribeirao-preto-sp-e-regiao-ismael-colosi\/"},"img":{"alt_text":"","src":"https:\/\/i0.wp.com\/noticiasribeiraopreto.com.br\/wp-content\/uploads\/2024\/04\/RIBEIRAO-1_2024-04-25_17-33-23_jpg.webp.webp?fit=1200%2C617&ssl=1&resize=350%2C200","width":350,"height":200,"srcset":"https:\/\/i0.wp.com\/noticiasribeiraopreto.com.br\/wp-content\/uploads\/2024\/04\/RIBEIRAO-1_2024-04-25_17-33-23_jpg.webp.webp?fit=1200%2C617&ssl=1&resize=350%2C200 1x, https:\/\/i0.wp.com\/noticiasribeiraopreto.com.br\/wp-content\/uploads\/2024\/04\/RIBEIRAO-1_2024-04-25_17-33-23_jpg.webp.webp?fit=1200%2C617&ssl=1&resize=525%2C300 1.5x, https:\/\/i0.wp.com\/noticiasribeiraopreto.com.br\/wp-content\/uploads\/2024\/04\/RIBEIRAO-1_2024-04-25_17-33-23_jpg.webp.webp?fit=1200%2C617&ssl=1&resize=700%2C400 2x, https:\/\/i0.wp.com\/noticiasribeiraopreto.com.br\/wp-content\/uploads\/2024\/04\/RIBEIRAO-1_2024-04-25_17-33-23_jpg.webp.webp?fit=1200%2C617&ssl=1&resize=1050%2C600 3x"},"classes":[]},{"id":47523,"url":"https:\/\/noticiasribeiraopreto.com.br\/index.php\/2024\/04\/26\/frente-fria-chega-ao-litoral-e-interior-de-sp-segue-com-calor-veja-a-previsao\/","url_meta":{"origin":81179,"position":2},"title":"Frente fria chega ao litoral e interior de SP segue com calor; Veja a previs\u00e3o","author":"noticiasribeiraopreto.com.br","date":"26 de April de 2024","format":false,"excerpt":"Uma frente fria chegou ao litoral na \u00faltima quarta-feira (24) e uma nova se aproxima no pr\u00f3ximo final de semana. Contudo, n\u00e3o deve afetar o interior de S\u00e3o Paulo que continua com o calor nos pr\u00f3ximos dias. De acordo com a Climatempo, o ar seco vai predominar sobre o estado\u2026","rel":"","context":"In &quot;Not\u00edcias de Ribeir\u00e3o Preto-SP e Regi\u00e3o&quot;","block_context":{"text":"Not\u00edcias de Ribeir\u00e3o Preto-SP e Regi\u00e3o","link":"https:\/\/noticiasribeiraopreto.com.br\/index.php\/category\/noticias-de-ribeirao-preto-sp-e-regiao-ismael-colosi\/"},"img":{"alt_text":"","src":"https:\/\/i0.wp.com\/noticiasribeiraopreto.com.br\/wp-content\/uploads\/2024\/04\/WhatsApp-Image-2024-02-28-at-08.48.57.jpeg?fit=1200%2C900&ssl=1&resize=350%2C200","width":350,"height":200,"srcset":"https:\/\/i0.wp.com\/noticiasribeiraopreto.com.br\/wp-content\/uploads\/2024\/04\/WhatsApp-Image-2024-02-28-at-08.48.57.jpeg?fit=1200%2C900&ssl=1&resize=350%2C200 1x, https:\/\/i0.wp.com\/noticiasribeiraopreto.com.br\/wp-content\/uploads\/2024\/04\/WhatsApp-Image-2024-02-28-at-08.48.57.jpeg?fit=1200%2C900&ssl=1&resize=525%2C300 1.5x, https:\/\/i0.wp.com\/noticiasribeiraopreto.com.br\/wp-content\/uploads\/2024\/04\/WhatsApp-Image-2024-02-28-at-08.48.57.jpeg?fit=1200%2C900&ssl=1&resize=700%2C400 2x, https:\/\/i0.wp.com\/noticiasribeiraopreto.com.br\/wp-content\/uploads\/2024\/04\/WhatsApp-Image-2024-02-28-at-08.48.57.jpeg?fit=1200%2C900&ssl=1&resize=1050%2C600 3x"},"classes":[]},{"id":76393,"url":"https:\/\/noticiasribeiraopreto.com.br\/index.php\/2025\/08\/28\/ribeirao-preto-tera-sol-e-calor-nesta-quinta-mas-chuva-ja-tem-data-para-voltar\/","url_meta":{"origin":81179,"position":3},"title":"Ribeir\u00e3o Preto ter\u00e1 sol e calor nesta quinta, mas chuva j\u00e1 tem data para voltar","author":"noticiasribeiraopreto.com.br","date":"28 de August de 2025","format":false,"excerpt":"A manh\u00e3 desta quinta-feira (28) ser\u00e1 de sol entre nuvens em Ribeir\u00e3o Preto, segundo a Climatempo. Durante a tarde e \u00e0 noite, a nebulosidade aumenta, mas n\u00e3o h\u00e1 previs\u00e3o de chuva. As temperaturas devem variar entre 18\u00baC e 32\u00baC. Chuva j\u00e1 tem data para chegar a Ribeir\u00e3o Preto Ao longo\u2026","rel":"","context":"In &quot;Not\u00edcias de Ribeir\u00e3o Preto-SP e Regi\u00e3o&quot;","block_context":{"text":"Not\u00edcias de Ribeir\u00e3o Preto-SP e Regi\u00e3o","link":"https:\/\/noticiasribeiraopreto.com.br\/index.php\/category\/noticias-de-ribeirao-preto-sp-e-regiao-ismael-colosi\/"},"img":{"alt_text":"","src":"https:\/\/i0.wp.com\/noticiasribeiraopreto.com.br\/wp-content\/uploads\/2025\/08\/WhatsApp-Image-2025-02-20-at-06.25.53_2025-02-20_09-50-33_jpeg_2025-02-20_09-50-33.webp.webp?fit=1200%2C553&ssl=1&resize=350%2C200","width":350,"height":200,"srcset":"https:\/\/i0.wp.com\/noticiasribeiraopreto.com.br\/wp-content\/uploads\/2025\/08\/WhatsApp-Image-2025-02-20-at-06.25.53_2025-02-20_09-50-33_jpeg_2025-02-20_09-50-33.webp.webp?fit=1200%2C553&ssl=1&resize=350%2C200 1x, https:\/\/i0.wp.com\/noticiasribeiraopreto.com.br\/wp-content\/uploads\/2025\/08\/WhatsApp-Image-2025-02-20-at-06.25.53_2025-02-20_09-50-33_jpeg_2025-02-20_09-50-33.webp.webp?fit=1200%2C553&ssl=1&resize=525%2C300 1.5x, https:\/\/i0.wp.com\/noticiasribeiraopreto.com.br\/wp-content\/uploads\/2025\/08\/WhatsApp-Image-2025-02-20-at-06.25.53_2025-02-20_09-50-33_jpeg_2025-02-20_09-50-33.webp.webp?fit=1200%2C553&ssl=1&resize=700%2C400 2x, https:\/\/i0.wp.com\/noticiasribeiraopreto.com.br\/wp-content\/uploads\/2025\/08\/WhatsApp-Image-2025-02-20-at-06.25.53_2025-02-20_09-50-33_jpeg_2025-02-20_09-50-33.webp.webp?fit=1200%2C553&ssl=1&resize=1050%2C600 3x"},"classes":[]},{"id":78286,"url":"https:\/\/noticiasribeiraopreto.com.br\/index.php\/2025\/10\/08\/vem-chuva-confira-a-previsao-do-tempo-nesta-quarta-em-ribeirao-preto\/","url_meta":{"origin":81179,"position":4},"title":"Vem chuva? Confira a previs\u00e3o do tempo nesta quarta em Ribeir\u00e3o Preto","author":"noticiasribeiraopreto.com.br","date":"8 de October de 2025","format":false,"excerpt":"A regi\u00e3o de Ribeir\u00e3o Preto segue com previs\u00e3o de sol e calor, com possibilidade de pancadas de chuva ao fim do dia nesta quarta-feira (8). Segundo a Climatempo, a entrada de umidade do oceano e as altas temperaturas podem causar a chuva. Tamb\u00e9m h\u00e1 previs\u00e3o de rajadas de vento moderadas\u2026","rel":"","context":"In &quot;Not\u00edcias de Ribeir\u00e3o Preto-SP e Regi\u00e3o&quot;","block_context":{"text":"Not\u00edcias de Ribeir\u00e3o Preto-SP e Regi\u00e3o","link":"https:\/\/noticiasribeiraopreto.com.br\/index.php\/category\/noticias-de-ribeirao-preto-sp-e-regiao-ismael-colosi\/"},"img":{"alt_text":"","src":"https:\/\/i0.wp.com\/noticiasribeiraopreto.com.br\/wp-content\/uploads\/2025\/07\/WhatsApp-Image-2025-05-08-at-06.45.03_2025-05-08_09-48-38.webp.webp?fit=1200%2C540&ssl=1&resize=350%2C200","width":350,"height":200,"srcset":"https:\/\/i0.wp.com\/noticiasribeiraopreto.com.br\/wp-content\/uploads\/2025\/07\/WhatsApp-Image-2025-05-08-at-06.45.03_2025-05-08_09-48-38.webp.webp?fit=1200%2C540&ssl=1&resize=350%2C200 1x, https:\/\/i0.wp.com\/noticiasribeiraopreto.com.br\/wp-content\/uploads\/2025\/07\/WhatsApp-Image-2025-05-08-at-06.45.03_2025-05-08_09-48-38.webp.webp?fit=1200%2C540&ssl=1&resize=525%2C300 1.5x, https:\/\/i0.wp.com\/noticiasribeiraopreto.com.br\/wp-content\/uploads\/2025\/07\/WhatsApp-Image-2025-05-08-at-06.45.03_2025-05-08_09-48-38.webp.webp?fit=1200%2C540&ssl=1&resize=700%2C400 2x, https:\/\/i0.wp.com\/noticiasribeiraopreto.com.br\/wp-content\/uploads\/2025\/07\/WhatsApp-Image-2025-05-08-at-06.45.03_2025-05-08_09-48-38.webp.webp?fit=1200%2C540&ssl=1&resize=1050%2C600 3x"},"classes":[]},{"id":51847,"url":"https:\/\/noticiasribeiraopreto.com.br\/index.php\/2024\/05\/31\/cidade-a-100-km-de-ribeirao-preto-tem-sensacao-termica-de-0c-nesta-sexta\/","url_meta":{"origin":81179,"position":5},"title":"Cidade a 100 km de Ribeir\u00e3o Preto tem sensa\u00e7\u00e3o t\u00e9rmica de 0\u00b0C nesta sexta","author":"noticiasribeiraopreto.com.br","date":"31 de May de 2024","format":false,"excerpt":"Ituverava, cidade a aproximadamente 100 km de Ribeir\u00e3o Preto, registrou a sensa\u00e7\u00e3o t\u00e9rmica de 0,9\u00baC com temperatura oficial de 3,2\u00baC nesta sexta-feira (31). Os dados s\u00e3o do Inmet (Instituto Nacional de Meteorologia). A temperatura de 3,2\u00baC foi a menor em toda a regi\u00e3o de Ribeir\u00e3o nesta sexta. A previs\u00e3o para\u2026","rel":"","context":"In &quot;Not\u00edcias de Ribeir\u00e3o Preto-SP e Regi\u00e3o&quot;","block_context":{"text":"Not\u00edcias de Ribeir\u00e3o Preto-SP e Regi\u00e3o","link":"https:\/\/noticiasribeiraopreto.com.br\/index.php\/category\/noticias-de-ribeirao-preto-sp-e-regiao-ismael-colosi\/"},"img":{"alt_text":"","src":"https:\/\/i0.wp.com\/noticiasribeiraopreto.com.br\/wp-content\/uploads\/2024\/05\/982-portal-de-entrada-da-cidade-1024x1024-1_2024-05-31_14-02-07_jpg_2024-05-31_14-02-07.webp.webp?fit=1024%2C768&ssl=1&resize=350%2C200","width":350,"height":200,"srcset":"https:\/\/i0.wp.com\/noticiasribeiraopreto.com.br\/wp-content\/uploads\/2024\/05\/982-portal-de-entrada-da-cidade-1024x1024-1_2024-05-31_14-02-07_jpg_2024-05-31_14-02-07.webp.webp?fit=1024%2C768&ssl=1&resize=350%2C200 1x, https:\/\/i0.wp.com\/noticiasribeiraopreto.com.br\/wp-content\/uploads\/2024\/05\/982-portal-de-entrada-da-cidade-1024x1024-1_2024-05-31_14-02-07_jpg_2024-05-31_14-02-07.webp.webp?fit=1024%2C768&ssl=1&resize=525%2C300 1.5x, https:\/\/i0.wp.com\/noticiasribeiraopreto.com.br\/wp-content\/uploads\/2024\/05\/982-portal-de-entrada-da-cidade-1024x1024-1_2024-05-31_14-02-07_jpg_2024-05-31_14-02-07.webp.webp?fit=1024%2C768&ssl=1&resize=700%2C400 2x"},"classes":[]}],"jetpack_sharing_enabled":true,"jetpack_shortlink":"https:\/\/wp.me\/peQAOb-l7l","_links":{"self":[{"href":"https:\/\/noticiasribeiraopreto.com.br\/index.php\/wp-json\/wp\/v2\/posts\/81179","targetHints":{"allow":["GET"]}}],"collection":[{"href":"https:\/\/noticiasribeiraopreto.com.br\/index.php\/wp-json\/wp\/v2\/posts"}],"about":[{"href":"https:\/\/noticiasribeiraopreto.com.br\/index.php\/wp-json\/wp\/v2\/types\/post"}],"author":[{"embeddable":true,"href":"https:\/\/noticiasribeiraopreto.com.br\/index.php\/wp-json\/wp\/v2\/users\/1"}],"replies":[{"embeddable":true,"href":"https:\/\/noticiasribeiraopreto.com.br\/index.php\/wp-json\/wp\/v2\/comments?post=81179"}],"version-history":[{"count":0,"href":"https:\/\/noticiasribeiraopreto.com.br\/index.php\/wp-json\/wp\/v2\/posts\/81179\/revisions"}],"wp:featuredmedia":[{"embeddable":true,"href":"https:\/\/noticiasribeiraopreto.com.br\/index.php\/wp-json\/wp\/v2\/media\/81180"}],"wp:attachment":[{"href":"https:\/\/noticiasribeiraopreto.com.br\/index.php\/wp-json\/wp\/v2\/media?parent=81179"}],"wp:term":[{"taxonomy":"category","embeddable":true,"href":"https:\/\/noticiasribeiraopreto.com.br\/index.php\/wp-json\/wp\/v2\/categories?post=81179"},{"taxonomy":"post_tag","embeddable":true,"href":"https:\/\/noticiasribeiraopreto.com.br\/index.php\/wp-json\/wp\/v2\/tags?post=81179"}],"curies":[{"name":"wp","href":"https:\/\/api.w.org\/{rel}","templated":true}]}}