{"id":81185,"date":"2025-12-27T06:24:03","date_gmt":"2025-12-27T09:24:03","guid":{"rendered":"https:\/\/noticiasribeiraopreto.com.br\/index.php\/2025\/12\/27\/capotamento-na-alca-de-acesso-da-anhanguera-deixa-tres-pessoas-feridas-em-ribeirao-preto\/"},"modified":"2025-12-27T06:24:03","modified_gmt":"2025-12-27T09:24:03","slug":"capotamento-na-alca-de-acesso-da-anhanguera-deixa-tres-pessoas-feridas-em-ribeirao-preto","status":"publish","type":"post","link":"https:\/\/noticiasribeiraopreto.com.br\/index.php\/2025\/12\/27\/capotamento-na-alca-de-acesso-da-anhanguera-deixa-tres-pessoas-feridas-em-ribeirao-preto\/","title":{"rendered":"Capotamento na al\u00e7a de acesso da Anhanguera deixa tr\u00eas pessoas feridas em Ribeir\u00e3o Preto"},"content":{"rendered":"<div class='code-block code-block-1' style='margin: 8px 0 8px auto; text-align: right; display: block; clear: both;'>\n<p><a href=\"https:\/\/wa.link\/vpicfd\"><img data-recalc-dims=\"1\" class=\"wp-image-4922\" style=\"aspect-ratio: 2.0253164556962027; width: 561px; height: auto;\" src=\"https:\/\/i0.wp.com\/ismaelcolosi.com.br\/wp-content\/uploads\/2023\/11\/grupo-de-empregos-whatsapp-e-facebook-ismael-colosi-vagas.jpg?ssl=1\" alt=\"\" \/><\/a><\/p>\n<!-- \/wp:image -->\n<\/div>\n<p> <br \/>\n<\/p>\n<div data-td-block-uid=\"tdi_95\">\n<div class=\"tdb-block-inner td-fix-index\">\n<p><strong>Tr\u00eas pessoas foram socorridas<\/strong> ap\u00f3s um <strong>capotamento <\/strong>na al\u00e7a de acesso da <strong>rodovia Anhanguera (SP-330)<\/strong>, pr\u00f3ximo ao bairro Salgado Filho, em <strong>Ribeir\u00e3o Preto<\/strong>, no final da tarde desta sexta-feira (26).<\/p>\n<p>De acordo com <strong>Arteris ViaPaulista,<\/strong> o acidente aconteceu pr\u00f3ximo ao <strong>km 316<\/strong>, no sentido Sul. <mark style=\"background-color:#fcb900\" class=\"has-inline-color\">O ve\u00edculo teria colidido com uma estrutura de drenagem da via e, por causa desse impacto, acabou capotando.<\/mark><\/p>\n<p>As v\u00edtimas foram socorridas em <strong>estado moderado<\/strong> para um hospital particular do munic\u00edpio \u2013 a identidade ou o estado de sa\u00fade atualizado n\u00e3o foi divulgado.<\/p>\n<p>Por conta do ocorrido, foi necess\u00e1rio realizar a <strong>interdi\u00e7\u00e3o da marginal<\/strong> para o trabalho de remo\u00e7\u00e3o do ve\u00edculo. <strong>Equipes da Pol\u00edcia Militar<\/strong> e da <strong>concession\u00e1ria <\/strong>est\u00e3o no local.<\/p>\n<hr class=\"wp-block-separator has-alpha-channel-opacity\"\/>\n<p>SAIBA MAIS<\/p>\n<p>Saiba quais rodovias da regi\u00e3o de Ribeir\u00e3o Preto est\u00e3o na lista das melhores do Pa\u00eds<\/p>\n<h2 class=\"wp-block-heading\"><strong>FIQUE ON<\/strong><\/h2>\n<p>Fique ligado em tudo que acontece em Ribeir\u00e3o Preto e regi\u00e3o. Siga os perfis do\u00a0<strong>acidade on<\/strong>\u00a0no\u00a0<a href=\"https:\/\/www.instagram.com\/acidadeonribeirao\" target=\"_blank\" rel=\"noreferrer noopener\">Instagram<\/a>\u00a0e no\u00a0<a href=\"https:\/\/www.facebook.com\/acidadeonribeirao\/\" target=\"_blank\" rel=\"noreferrer noopener\">Facebook<\/a>.<\/p>\n<p>Receba not\u00edcias do\u00a0<strong>acidade on<\/strong>\u00a0no WhatsApp. Para entrar no grupo,\u00a0basta<a href=\"https:\/\/chat.whatsapp.com\/GFH9HUMUTHNFJdnyEd0xxq\" target=\"_blank\" rel=\"noreferrer noopener\">\u00a0clicar aqui<\/a>. Ou, acesse o nosso\u00a0Canal\u00a0<a href=\"https:\/\/whatsapp.com\/channel\/0029Vb6IQl1JENyAeS57fk2p\" target=\"_blank\" rel=\"noreferrer noopener\">clicando aqui<\/a>.<\/p>\n<p>Fa\u00e7a uma den\u00fancia ou sugira uma reportagem sobre Ribeir\u00e3o Preto e regi\u00e3o pelo WhatsApp: 16 99117 7802.<\/p>\n<p>VEJA TAMB\u00c9M<br \/>Casquinha do McDonald\u2019s n\u00e3o \u00e9 sorvete?<\/p>\n<p><!-- AI CONTENT END 1 -->\n<\/div>\n<\/div>\n<p><script async src=\"\/\/www.instagram.com\/embed.js\"><\/script><br \/>\n<br \/><br \/>\n<br \/><a href=\"https:\/\/www.acidadeon.com\/ribeiraopreto\/cotidiano\/capotamento-na-anhanguera-deixa-tres-pessoas-feridas-em-ribeirao-preto\/\">Source link <\/a><\/p>\n<!-- CONTENT END 1 -->\n","protected":false},"excerpt":{"rendered":"<p>Tr\u00eas pessoas foram socorridas ap\u00f3s um capotamento na al\u00e7a de acesso da rodovia Anhanguera (SP-330), pr\u00f3ximo ao bairro Salgado Filho, em Ribeir\u00e3o Preto, no final&#8230;<\/p>\n","protected":false},"author":1,"featured_media":81186,"comment_status":"open","ping_status":"open","sticky":false,"template":"","format":"standard","meta":{"advanced_seo_description":"","jetpack_seo_html_title":"","jetpack_seo_noindex":false,"jetpack_post_was_ever_published":false,"_jetpack_newsletter_access":"","_jetpack_dont_email_post_to_subs":false,"_jetpack_newsletter_tier_id":0,"_jetpack_memberships_contains_paywalled_content":false,"_jetpack_memberships_contains_paid_content":false,"footnotes":"","jetpack_publicize_message":"","jetpack_publicize_feature_enabled":true,"jetpack_social_post_already_shared":true,"jetpack_social_options":{"image_generator_settings":{"template":"highway","default_image_id":0,"font":"","enabled":false},"version":2}},"categories":[11],"tags":[],"class_list":["post-81185","post","type-post","status-publish","format-standard","has-post-thumbnail","hentry","category-noticias-de-ribeirao-preto-sp-e-regiao-ismael-colosi"],"jetpack_publicize_connections":[],"jetpack_featured_media_url":"https:\/\/i0.wp.com\/noticiasribeiraopreto.com.br\/wp-content\/uploads\/2025\/12\/WhatsApp-Image-2025-12-26-at-18.48.33_2025-12-26_22-44-24.webp.webp?fit=1200%2C675&ssl=1","jetpack-related-posts":[{"id":84958,"url":"https:\/\/noticiasribeiraopreto.com.br\/index.php\/2026\/04\/18\/colisao-entre-veiculos-provoca-capotamento-na-zona-norte-de-ribeirao-preto\/","url_meta":{"origin":81185,"position":0},"title":"Colis\u00e3o entre ve\u00edculos provoca capotamento na zona Norte de Ribeir\u00e3o Preto","author":"noticiasribeiraopreto.com.br","date":"18 de April de 2026","format":false,"excerpt":"Ler o resumo da not\u00edcia No s\u00e1bado (18), um ve\u00edculo que saiu de um posto de combust\u00edvel entrou na contram\u00e3o e colidiu com outro carro na Rua Capit\u00e3o Salom\u00e3o, n\u00ba\u202f1.023, zona Norte de Ribeir\u00e3o Preto, provocando capotamento. As v\u00edtimas foram socorridas; a RP\u202fMobi foi acionada para apoiar o tr\u00e2nsito, mas\u2026","rel":"","context":"In &quot;Not\u00edcias de Ribeir\u00e3o Preto-SP e Regi\u00e3o&quot;","block_context":{"text":"Not\u00edcias de Ribeir\u00e3o Preto-SP e Regi\u00e3o","link":"https:\/\/noticiasribeiraopreto.com.br\/index.php\/category\/noticias-de-ribeirao-preto-sp-e-regiao-ismael-colosi\/"},"img":{"alt_text":"","src":"https:\/\/i0.wp.com\/noticiasribeiraopreto.com.br\/wp-content\/uploads\/2026\/04\/palace-4_2026-04-18_19-24-48.webp.webp?fit=1200%2C675&ssl=1&resize=350%2C200","width":350,"height":200,"srcset":"https:\/\/i0.wp.com\/noticiasribeiraopreto.com.br\/wp-content\/uploads\/2026\/04\/palace-4_2026-04-18_19-24-48.webp.webp?fit=1200%2C675&ssl=1&resize=350%2C200 1x, https:\/\/i0.wp.com\/noticiasribeiraopreto.com.br\/wp-content\/uploads\/2026\/04\/palace-4_2026-04-18_19-24-48.webp.webp?fit=1200%2C675&ssl=1&resize=525%2C300 1.5x, https:\/\/i0.wp.com\/noticiasribeiraopreto.com.br\/wp-content\/uploads\/2026\/04\/palace-4_2026-04-18_19-24-48.webp.webp?fit=1200%2C675&ssl=1&resize=700%2C400 2x, https:\/\/i0.wp.com\/noticiasribeiraopreto.com.br\/wp-content\/uploads\/2026\/04\/palace-4_2026-04-18_19-24-48.webp.webp?fit=1200%2C675&ssl=1&resize=1050%2C600 3x"},"classes":[]},{"id":78743,"url":"https:\/\/noticiasribeiraopreto.com.br\/index.php\/2025\/10\/17\/capotamento-acidente-na-rodovia-anhanguera-deixa-uma-pessoa-ferida\/","url_meta":{"origin":81185,"position":1},"title":"Capotamento: Acidente na rodovia Anhanguera deixa uma pessoa ferida","author":"noticiasribeiraopreto.com.br","date":"17 de October de 2025","format":false,"excerpt":"Um carro capotou na rodovia Anhanguera, em Ribeir\u00e3o Preto, pr\u00f3ximo da al\u00e7a de acesso da avenida Thomaz Alberto Whately, no quil\u00f4metro 314, sentido S\u00e3o Paulo, no final da manh\u00e3 desta sexta-feira (17). Uma pessoa sofreu ferimentos leves. De acordo com apura\u00e7\u00e3o da EPTV, a motorista do carro, uma mulher de\u2026","rel":"","context":"In &quot;Not\u00edcias de Ribeir\u00e3o Preto-SP e Regi\u00e3o&quot;","block_context":{"text":"Not\u00edcias de Ribeir\u00e3o Preto-SP e Regi\u00e3o","link":"https:\/\/noticiasribeiraopreto.com.br\/index.php\/category\/noticias-de-ribeirao-preto-sp-e-regiao-ismael-colosi\/"},"img":{"alt_text":"","src":"https:\/\/i0.wp.com\/noticiasribeiraopreto.com.br\/wp-content\/uploads\/2025\/10\/capota-anhanguera_2025-10-17_15-01-16.webp.webp?fit=1200%2C675&ssl=1&resize=350%2C200","width":350,"height":200,"srcset":"https:\/\/i0.wp.com\/noticiasribeiraopreto.com.br\/wp-content\/uploads\/2025\/10\/capota-anhanguera_2025-10-17_15-01-16.webp.webp?fit=1200%2C675&ssl=1&resize=350%2C200 1x, https:\/\/i0.wp.com\/noticiasribeiraopreto.com.br\/wp-content\/uploads\/2025\/10\/capota-anhanguera_2025-10-17_15-01-16.webp.webp?fit=1200%2C675&ssl=1&resize=525%2C300 1.5x, https:\/\/i0.wp.com\/noticiasribeiraopreto.com.br\/wp-content\/uploads\/2025\/10\/capota-anhanguera_2025-10-17_15-01-16.webp.webp?fit=1200%2C675&ssl=1&resize=700%2C400 2x, https:\/\/i0.wp.com\/noticiasribeiraopreto.com.br\/wp-content\/uploads\/2025\/10\/capota-anhanguera_2025-10-17_15-01-16.webp.webp?fit=1200%2C675&ssl=1&resize=1050%2C600 3x"},"classes":[]},{"id":70926,"url":"https:\/\/noticiasribeiraopreto.com.br\/index.php\/2025\/05\/31\/saiba-por-que-alcas-de-acesso-na-rodovia-anhanguera-foram-interditadas\/","url_meta":{"origin":81185,"position":2},"title":"Saiba por que al\u00e7as de acesso na rodovia Anhanguera foram interditadas","author":"noticiasribeiraopreto.com.br","date":"31 de May de 2025","format":false,"excerpt":"O acesso \u00e0 marginal da rodovia Anhanguera (SP-330) em Cravinhos, cidade na regi\u00e3o de Ribeir\u00e3o Preto, no km 297, foram interditadas na manh\u00e3 deste s\u00e1bado (31). De acordo com a Arteris ViaPaulista, concession\u00e1ria respons\u00e1vel pela via, a interdi\u00e7\u00e3o come\u00e7ou \u00e0s 7h e deve seguir at\u00e9 o final da tarde, \u00e0s\u2026","rel":"","context":"In &quot;Not\u00edcias de Ribeir\u00e3o Preto-SP e Regi\u00e3o&quot;","block_context":{"text":"Not\u00edcias de Ribeir\u00e3o Preto-SP e Regi\u00e3o","link":"https:\/\/noticiasribeiraopreto.com.br\/index.php\/category\/noticias-de-ribeirao-preto-sp-e-regiao-ismael-colosi\/"},"img":{"alt_text":"","src":"https:\/\/i0.wp.com\/noticiasribeiraopreto.com.br\/wp-content\/uploads\/2025\/05\/DJI_0662.width-800_2025-05-31_15-06-11.webp.webp?fit=800%2C533&ssl=1&resize=350%2C200","width":350,"height":200,"srcset":"https:\/\/i0.wp.com\/noticiasribeiraopreto.com.br\/wp-content\/uploads\/2025\/05\/DJI_0662.width-800_2025-05-31_15-06-11.webp.webp?fit=800%2C533&ssl=1&resize=350%2C200 1x, https:\/\/i0.wp.com\/noticiasribeiraopreto.com.br\/wp-content\/uploads\/2025\/05\/DJI_0662.width-800_2025-05-31_15-06-11.webp.webp?fit=800%2C533&ssl=1&resize=525%2C300 1.5x, https:\/\/i0.wp.com\/noticiasribeiraopreto.com.br\/wp-content\/uploads\/2025\/05\/DJI_0662.width-800_2025-05-31_15-06-11.webp.webp?fit=800%2C533&ssl=1&resize=700%2C400 2x"},"classes":[]},{"id":51779,"url":"https:\/\/noticiasribeiraopreto.com.br\/index.php\/2024\/05\/30\/onibus-com-66-pessoas-tomba-e-deixa-1-morto-e-feridos-na-rodovia-anhanguera\/","url_meta":{"origin":81185,"position":3},"title":"\u00d4nibus com 66 pessoas tomba e deixa 1 morto e feridos na rodovia Anhanguera \u00a0","author":"noticiasribeiraopreto.com.br","date":"30 de May de 2024","format":false,"excerpt":"Um \u00f4nibus com 66 pessoas tombou na madrugada desta quinta-feira (30) e deixou um morto e ao menos quatro feridos, entre os quais um em estado grave, no km 301 da rodovia Anhanguera, entre Cravinhos e Ribeir\u00e3o Preto. O ve\u00edculo havia sa\u00eddo de Suzano (SP) e seguia com destino a\u2026","rel":"","context":"In &quot;Not\u00edcias de Ribeir\u00e3o Preto-SP e Regi\u00e3o&quot;","block_context":{"text":"Not\u00edcias de Ribeir\u00e3o Preto-SP e Regi\u00e3o","link":"https:\/\/noticiasribeiraopreto.com.br\/index.php\/category\/noticias-de-ribeirao-preto-sp-e-regiao-ismael-colosi\/"},"img":{"alt_text":"","src":"https:\/\/i0.wp.com\/noticiasribeiraopreto.com.br\/wp-content\/uploads\/2024\/05\/WhatsApp-Image-2024-05-30-at-07.00.42_2024-05-30_10-22-40_jpeg_2024-05-30_10-22-41-scaled.webp.webp?fit=1200%2C675&ssl=1&resize=350%2C200","width":350,"height":200,"srcset":"https:\/\/i0.wp.com\/noticiasribeiraopreto.com.br\/wp-content\/uploads\/2024\/05\/WhatsApp-Image-2024-05-30-at-07.00.42_2024-05-30_10-22-40_jpeg_2024-05-30_10-22-41-scaled.webp.webp?fit=1200%2C675&ssl=1&resize=350%2C200 1x, https:\/\/i0.wp.com\/noticiasribeiraopreto.com.br\/wp-content\/uploads\/2024\/05\/WhatsApp-Image-2024-05-30-at-07.00.42_2024-05-30_10-22-40_jpeg_2024-05-30_10-22-41-scaled.webp.webp?fit=1200%2C675&ssl=1&resize=525%2C300 1.5x, https:\/\/i0.wp.com\/noticiasribeiraopreto.com.br\/wp-content\/uploads\/2024\/05\/WhatsApp-Image-2024-05-30-at-07.00.42_2024-05-30_10-22-40_jpeg_2024-05-30_10-22-41-scaled.webp.webp?fit=1200%2C675&ssl=1&resize=700%2C400 2x, https:\/\/i0.wp.com\/noticiasribeiraopreto.com.br\/wp-content\/uploads\/2024\/05\/WhatsApp-Image-2024-05-30-at-07.00.42_2024-05-30_10-22-40_jpeg_2024-05-30_10-22-41-scaled.webp.webp?fit=1200%2C675&ssl=1&resize=1050%2C600 3x"},"classes":[]},{"id":84074,"url":"https:\/\/noticiasribeiraopreto.com.br\/index.php\/2026\/04\/01\/morre-motorista-de-van-que-capotou-na-rodovia-anhanguera\/","url_meta":{"origin":81185,"position":4},"title":"Morre motorista de van que capotou na rodovia Anhanguera","author":"noticiasribeiraopreto.com.br","date":"1 de April de 2026","format":false,"excerpt":"Ler o resumo da not\u00edcia Motorista morreu em capotamento de van na rodovia Anhanguera. Acidente occurred em local n\u00e3o especificado na via. Ve\u00edculo capotou durante o percurso na in\u00famera rodovia. Detalhes sobre causas e hor\u00e1rio do acidente ainda est\u00e3o sendo apurados. O motorista de uma van carregada de produtos de\u2026","rel":"","context":"In &quot;Not\u00edcias de Ribeir\u00e3o Preto-SP e Regi\u00e3o&quot;","block_context":{"text":"Not\u00edcias de Ribeir\u00e3o Preto-SP e Regi\u00e3o","link":"https:\/\/noticiasribeiraopreto.com.br\/index.php\/category\/noticias-de-ribeirao-preto-sp-e-regiao-ismael-colosi\/"},"img":{"alt_text":"","src":"https:\/\/i0.wp.com\/noticiasribeiraopreto.com.br\/wp-content\/uploads\/2026\/04\/acidente_2026-04-01_12-58-46.webp.webp?fit=1200%2C845&ssl=1&resize=350%2C200","width":350,"height":200,"srcset":"https:\/\/i0.wp.com\/noticiasribeiraopreto.com.br\/wp-content\/uploads\/2026\/04\/acidente_2026-04-01_12-58-46.webp.webp?fit=1200%2C845&ssl=1&resize=350%2C200 1x, https:\/\/i0.wp.com\/noticiasribeiraopreto.com.br\/wp-content\/uploads\/2026\/04\/acidente_2026-04-01_12-58-46.webp.webp?fit=1200%2C845&ssl=1&resize=525%2C300 1.5x, https:\/\/i0.wp.com\/noticiasribeiraopreto.com.br\/wp-content\/uploads\/2026\/04\/acidente_2026-04-01_12-58-46.webp.webp?fit=1200%2C845&ssl=1&resize=700%2C400 2x, https:\/\/i0.wp.com\/noticiasribeiraopreto.com.br\/wp-content\/uploads\/2026\/04\/acidente_2026-04-01_12-58-46.webp.webp?fit=1200%2C845&ssl=1&resize=1050%2C600 3x"},"classes":[]},{"id":31135,"url":"https:\/\/noticiasribeiraopreto.com.br\/index.php\/2024\/01\/21\/utm_sourcerssutm_mediumrssutm_campaigncapotamento-deixa-tres-feridos-na-rod-duarte-nogueira-em-ribeirao-preto\/","url_meta":{"origin":81185,"position":5},"title":"Capotamento deixa tr\u00eas feridos na Rod. Duarte Nogueira em Ribeir\u00e3o Preto \u2013 X Tudo Ribeir\u00e3o","author":"noticiasribeiraopreto.com.br","date":"21 de January de 2024","format":false,"excerpt":"Um capotamento deixou tr\u00eas pessoas feridas na madrugada deste domingo (21\/1), na rodovia SP322 Prefeito Ant\u00f4nio Duarte Nogueira (Anel Vi\u00e1rio Sul), em Ribeir\u00e3o Preto.\u00a0 Segundo informa\u00e7\u00f5es iniciais da Pol\u00edcia Militar Rodovi\u00e1ria, as v\u00edtimas seguiam pela via sentido \u00e0 rodovia Ant\u00f4nio Machado Sant\u2019Anna, quando por motivos desconhecidos o condutor do ve\u00edculo\u2026","rel":"","context":"In &quot;Not\u00edcias de Ribeir\u00e3o Preto-SP e Regi\u00e3o&quot;","block_context":{"text":"Not\u00edcias de Ribeir\u00e3o Preto-SP e Regi\u00e3o","link":"https:\/\/noticiasribeiraopreto.com.br\/index.php\/category\/noticias-de-ribeirao-preto-sp-e-regiao-ismael-colosi\/"},"img":{"alt_text":"","src":"https:\/\/i0.wp.com\/noticiasribeiraopreto.com.br\/wp-content\/uploads\/2024\/01\/WhatsApp-Image-2024-01-21-at-07.22.24.jpeg?fit=1200%2C675&ssl=1&resize=350%2C200","width":350,"height":200,"srcset":"https:\/\/i0.wp.com\/noticiasribeiraopreto.com.br\/wp-content\/uploads\/2024\/01\/WhatsApp-Image-2024-01-21-at-07.22.24.jpeg?fit=1200%2C675&ssl=1&resize=350%2C200 1x, https:\/\/i0.wp.com\/noticiasribeiraopreto.com.br\/wp-content\/uploads\/2024\/01\/WhatsApp-Image-2024-01-21-at-07.22.24.jpeg?fit=1200%2C675&ssl=1&resize=525%2C300 1.5x, https:\/\/i0.wp.com\/noticiasribeiraopreto.com.br\/wp-content\/uploads\/2024\/01\/WhatsApp-Image-2024-01-21-at-07.22.24.jpeg?fit=1200%2C675&ssl=1&resize=700%2C400 2x, https:\/\/i0.wp.com\/noticiasribeiraopreto.com.br\/wp-content\/uploads\/2024\/01\/WhatsApp-Image-2024-01-21-at-07.22.24.jpeg?fit=1200%2C675&ssl=1&resize=1050%2C600 3x"},"classes":[]}],"jetpack_sharing_enabled":true,"jetpack_shortlink":"https:\/\/wp.me\/peQAOb-l7r","_links":{"self":[{"href":"https:\/\/noticiasribeiraopreto.com.br\/index.php\/wp-json\/wp\/v2\/posts\/81185","targetHints":{"allow":["GET"]}}],"collection":[{"href":"https:\/\/noticiasribeiraopreto.com.br\/index.php\/wp-json\/wp\/v2\/posts"}],"about":[{"href":"https:\/\/noticiasribeiraopreto.com.br\/index.php\/wp-json\/wp\/v2\/types\/post"}],"author":[{"embeddable":true,"href":"https:\/\/noticiasribeiraopreto.com.br\/index.php\/wp-json\/wp\/v2\/users\/1"}],"replies":[{"embeddable":true,"href":"https:\/\/noticiasribeiraopreto.com.br\/index.php\/wp-json\/wp\/v2\/comments?post=81185"}],"version-history":[{"count":0,"href":"https:\/\/noticiasribeiraopreto.com.br\/index.php\/wp-json\/wp\/v2\/posts\/81185\/revisions"}],"wp:featuredmedia":[{"embeddable":true,"href":"https:\/\/noticiasribeiraopreto.com.br\/index.php\/wp-json\/wp\/v2\/media\/81186"}],"wp:attachment":[{"href":"https:\/\/noticiasribeiraopreto.com.br\/index.php\/wp-json\/wp\/v2\/media?parent=81185"}],"wp:term":[{"taxonomy":"category","embeddable":true,"href":"https:\/\/noticiasribeiraopreto.com.br\/index.php\/wp-json\/wp\/v2\/categories?post=81185"},{"taxonomy":"post_tag","embeddable":true,"href":"https:\/\/noticiasribeiraopreto.com.br\/index.php\/wp-json\/wp\/v2\/tags?post=81185"}],"curies":[{"name":"wp","href":"https:\/\/api.w.org\/{rel}","templated":true}]}}