{"id":81187,"date":"2025-12-27T06:31:54","date_gmt":"2025-12-27T09:31:54","guid":{"rendered":"https:\/\/noticiasribeiraopreto.com.br\/index.php\/2025\/12\/27\/mulher-morre-e-tres-pessoas-ficam-feridas-apos-capotamento-em-rodovia-na-regiao-de-ribeirao\/"},"modified":"2025-12-27T06:31:54","modified_gmt":"2025-12-27T09:31:54","slug":"mulher-morre-e-tres-pessoas-ficam-feridas-apos-capotamento-em-rodovia-na-regiao-de-ribeirao","status":"publish","type":"post","link":"https:\/\/noticiasribeiraopreto.com.br\/index.php\/2025\/12\/27\/mulher-morre-e-tres-pessoas-ficam-feridas-apos-capotamento-em-rodovia-na-regiao-de-ribeirao\/","title":{"rendered":"Mulher morre e tr\u00eas pessoas ficam feridas ap\u00f3s capotamento em rodovia na regi\u00e3o de Ribeir\u00e3o"},"content":{"rendered":"<div class='code-block code-block-1' style='margin: 8px 0 8px auto; text-align: right; display: block; clear: both;'>\n<p><a href=\"https:\/\/wa.link\/vpicfd\"><img data-recalc-dims=\"1\" class=\"wp-image-4922\" style=\"aspect-ratio: 2.0253164556962027; width: 561px; height: auto;\" src=\"https:\/\/i0.wp.com\/ismaelcolosi.com.br\/wp-content\/uploads\/2023\/11\/grupo-de-empregos-whatsapp-e-facebook-ismael-colosi-vagas.jpg?ssl=1\" alt=\"\" \/><\/a><\/p>\n<!-- \/wp:image -->\n<\/div>\n<p> <br \/>\n<\/p>\n<div>\n<p>Uma <strong>mulher de 55 anos morreu<\/strong> e outras <strong>tr\u00eas pessoas ficaram feridas<\/strong> ap\u00f3s o carro em que elas estavam capotar na estrada vicinal Arlindo Vicentini, em <strong>Altin\u00f3polis<\/strong>, cidade na <strong>regi\u00e3o de Ribeir\u00e3o Preto<\/strong>, na tarde desta sexta-feira (26).<\/p>\n<p>De acordo com a <strong>Pol\u00edcia Militar<\/strong>, a fam\u00edlia seguia pela via quando, <mark style=\"background-color:#fcb900\" class=\"has-inline-color\">em um trecho de curva e declive, o motorista perdeu o controle da dire\u00e7\u00e3o e o carro capotou.<\/mark><\/p>\n<p><strong>O motorista, de 32 anos<\/strong>, <strong>a passageira, de 19<\/strong>, e<strong> uma crian\u00e7a de 4 anos<\/strong> ficaram presos \u00e0s ferragens e foram resgatados por equipes do Servi\u00e7o de Atendimento M\u00f3vel de Urg\u00eancia (Samu) e do Corpo de Bombeiros.<\/p>\n<p>Conforme apura\u00e7\u00e3o da <strong>EPTV<\/strong>, eles n\u00e3o correm risco de morte, embora o motorista e a esposa estivessem em estado de choque.<\/p>\n<p><mark style=\"background-color:#fcb900\" class=\"has-inline-color\">A v\u00edtima fatal, m\u00e3e da passageira, estava no banco traseiro do ve\u00edculo e morreu no local.<\/mark> A identidade ainda foi divulgada. Ainda de acordo com a Pol\u00edcia Militar, <strong>a fam\u00edlia \u00e9 de Ribeir\u00e3o Preto<\/strong> e seguia para Santo Ant\u00f4nio da Alegria.<\/p>\n<p>O local foi isolado pela Pol\u00edcia Militar at\u00e9 a chegada da per\u00edcia. A Pol\u00edcia Civil tamb\u00e9m esteve na estrada e registrou a ocorr\u00eancia.<\/p>\n<p><em>*Com informa\u00e7\u00f5es da EPTV<\/em><\/p>\n<hr class=\"wp-block-separator has-alpha-channel-opacity\"\/>\n<p>SAIBA MAIS<\/p>\n<p>Os Paralamas retornam para Ribeir\u00e3o em 2026; Veja quando e como comprar ingressos<\/p>\n<h2 class=\"wp-block-heading\"><strong>FIQUE ON<\/strong><\/h2>\n<p>Fique ligado em tudo que acontece em Ribeir\u00e3o Preto e regi\u00e3o. Siga os perfis do\u00a0<strong>acidade on\u00a0<\/strong>no\u00a0<a href=\"https:\/\/www.instagram.com\/acidadeonribeirao\" target=\"_blank\" rel=\"noreferrer noopener\">Instagram\u00a0<\/a>e no<a href=\"https:\/\/www.facebook.com\/acidadeonribeirao\/\" target=\"_blank\" rel=\"noreferrer noopener\">\u00a0Facebook<\/a>.<\/p>\n<p>Receba not\u00edcias do<strong>\u00a0acidade on\u00a0<\/strong>no WhatsApp. Para entrar no grupo,\u00a0basta\u00a0<a href=\"https:\/\/chat.whatsapp.com\/GFH9HUMUTHNFJdnyEd0xxq\" target=\"_blank\" rel=\"noreferrer noopener\">clicar aqui<\/a>. Ou, acesse o nosso\u00a0Canal<a href=\"https:\/\/whatsapp.com\/channel\/0029Vb6IQl1JENyAeS57fk2p\" target=\"_blank\" rel=\"noreferrer noopener\">\u00a0clicando aqui<\/a>.<\/p>\n<p>Fa\u00e7a uma den\u00fancia ou sugira uma reportagem sobre Ribeir\u00e3o Preto e regi\u00e3o pelo WhatsApp: 16 99117 7802.<\/p>\n<p>VEJA TAMB\u00c9M<\/p>\n<p>Quem era a ginasta Isabelle Marciniak?<\/p>\n<p><!-- AI CONTENT END 1 -->\n<\/div>\n<p><script async src=\"\/\/www.instagram.com\/embed.js\"><\/script><br \/>\n<br \/><br \/>\n<br \/><a href=\"https:\/\/www.acidadeon.com\/ribeiraopreto\/cotidiano\/mulher-morre-e-tres-pessoas-ficam-feridas-apos-capotamento-em-rodovia-na-regiao-de-ribeirao\/\">Source link <\/a><\/p>\n<!-- CONTENT END 1 -->\n","protected":false},"excerpt":{"rendered":"<p>Uma mulher de 55 anos morreu e outras tr\u00eas pessoas ficaram feridas ap\u00f3s o carro em que elas estavam capotar na estrada vicinal Arlindo Vicentini,&#8230;<\/p>\n","protected":false},"author":1,"featured_media":81188,"comment_status":"open","ping_status":"open","sticky":false,"template":"","format":"standard","meta":{"advanced_seo_description":"","jetpack_seo_html_title":"","jetpack_seo_noindex":false,"jetpack_post_was_ever_published":false,"_jetpack_newsletter_access":"","_jetpack_dont_email_post_to_subs":false,"_jetpack_newsletter_tier_id":0,"_jetpack_memberships_contains_paywalled_content":false,"_jetpack_memberships_contains_paid_content":false,"footnotes":"","jetpack_publicize_message":"","jetpack_publicize_feature_enabled":true,"jetpack_social_post_already_shared":true,"jetpack_social_options":{"image_generator_settings":{"template":"highway","default_image_id":0,"font":"","enabled":false},"version":2}},"categories":[11],"tags":[],"class_list":["post-81187","post","type-post","status-publish","format-standard","has-post-thumbnail","hentry","category-noticias-de-ribeirao-preto-sp-e-regiao-ismael-colosi"],"jetpack_publicize_connections":[],"jetpack_featured_media_url":"https:\/\/i0.wp.com\/noticiasribeiraopreto.com.br\/wp-content\/uploads\/2025\/12\/WhatsApp-Image-2025-12-26-at-17.12.47_2025-12-26_21-10-24.webp.webp?fit=1200%2C675&ssl=1","jetpack-related-posts":[{"id":63339,"url":"https:\/\/noticiasribeiraopreto.com.br\/index.php\/2025\/02\/10\/carro-pega-fogo-apos-colisao-e-deixa-tres-pessoas-feridas-na-regiao-de-ribeirao\/","url_meta":{"origin":81187,"position":0},"title":"Carro pega fogo ap\u00f3s colis\u00e3o e deixa tr\u00eas pessoas feridas na regi\u00e3o de Ribeir\u00e3o","author":"noticiasribeiraopreto.com.br","date":"10 de February de 2025","format":false,"excerpt":"Na tarde desta segunda-feira (10), tr\u00eas pessoas ficaram feridas ap\u00f3s um acidente envolvendo dois ve\u00edculos na estrada Jos\u00e9 Riul, que liga Jardin\u00f3polis e Juruc\u00ea, na regi\u00e3o de Ribeir\u00e3o Preto. Segundo informa\u00e7\u00f5es da Pol\u00edcia Militar, o motorista de um dos carros perdeu o controle da dire\u00e7\u00e3o e colidiu frontalmente com uma\u2026","rel":"","context":"In &quot;Not\u00edcias de Ribeir\u00e3o Preto-SP e Regi\u00e3o&quot;","block_context":{"text":"Not\u00edcias de Ribeir\u00e3o Preto-SP e Regi\u00e3o","link":"https:\/\/noticiasribeiraopreto.com.br\/index.php\/category\/noticias-de-ribeirao-preto-sp-e-regiao-ismael-colosi\/"},"img":{"alt_text":"","src":"https:\/\/i0.wp.com\/noticiasribeiraopreto.com.br\/wp-content\/uploads\/2025\/02\/Copia-de-Copia-de-Copia-de-TAMANHO-EXATO-PARA-FOTOS-NO-SISTEMA-NOVO-2025-02-10T171341.087_2025-02-10_20-23-09_png_2025-02-10_20-23-09.webp.webp?fit=1200%2C675&ssl=1&resize=350%2C200","width":350,"height":200,"srcset":"https:\/\/i0.wp.com\/noticiasribeiraopreto.com.br\/wp-content\/uploads\/2025\/02\/Copia-de-Copia-de-Copia-de-TAMANHO-EXATO-PARA-FOTOS-NO-SISTEMA-NOVO-2025-02-10T171341.087_2025-02-10_20-23-09_png_2025-02-10_20-23-09.webp.webp?fit=1200%2C675&ssl=1&resize=350%2C200 1x, https:\/\/i0.wp.com\/noticiasribeiraopreto.com.br\/wp-content\/uploads\/2025\/02\/Copia-de-Copia-de-Copia-de-TAMANHO-EXATO-PARA-FOTOS-NO-SISTEMA-NOVO-2025-02-10T171341.087_2025-02-10_20-23-09_png_2025-02-10_20-23-09.webp.webp?fit=1200%2C675&ssl=1&resize=525%2C300 1.5x, https:\/\/i0.wp.com\/noticiasribeiraopreto.com.br\/wp-content\/uploads\/2025\/02\/Copia-de-Copia-de-Copia-de-TAMANHO-EXATO-PARA-FOTOS-NO-SISTEMA-NOVO-2025-02-10T171341.087_2025-02-10_20-23-09_png_2025-02-10_20-23-09.webp.webp?fit=1200%2C675&ssl=1&resize=700%2C400 2x, https:\/\/i0.wp.com\/noticiasribeiraopreto.com.br\/wp-content\/uploads\/2025\/02\/Copia-de-Copia-de-Copia-de-TAMANHO-EXATO-PARA-FOTOS-NO-SISTEMA-NOVO-2025-02-10T171341.087_2025-02-10_20-23-09_png_2025-02-10_20-23-09.webp.webp?fit=1200%2C675&ssl=1&resize=1050%2C600 3x"},"classes":[]},{"id":55641,"url":"https:\/\/noticiasribeiraopreto.com.br\/index.php\/2024\/08\/04\/motociclista-morre-e-mulher-fica-ferida-apos-acidente-em-rodovia-na-regiao-de-ribeirao-preto\/","url_meta":{"origin":81187,"position":1},"title":"Motociclista morre e mulher fica ferida ap\u00f3s acidente em rodovia na regi\u00e3o de Ribeir\u00e3o Preto","author":"noticiasribeiraopreto.com.br","date":"4 de August de 2024","format":false,"excerpt":"Um homem morreu e uma mulher ficou ferida ap\u00f3s um acidente na rodovia Carlos Tonani (SP-333), pr\u00f3ximo ao quil\u00f4metro 97, em Sert\u00e3ozinho, cidade na regi\u00e3o de Ribeir\u00e3o Preto, na noite deste s\u00e1bado (3). De acordo com o boletim de ocorr\u00eancia (BO), William Yudy Matayoshi Da Silva, de 28 anos, seguia\u2026","rel":"","context":"In &quot;Not\u00edcias de Ribeir\u00e3o Preto-SP e Regi\u00e3o&quot;","block_context":{"text":"Not\u00edcias de Ribeir\u00e3o Preto-SP e Regi\u00e3o","link":"https:\/\/noticiasribeiraopreto.com.br\/index.php\/category\/noticias-de-ribeirao-preto-sp-e-regiao-ismael-colosi\/"},"img":{"alt_text":"","src":"https:\/\/i0.wp.com\/noticiasribeiraopreto.com.br\/wp-content\/uploads\/2024\/08\/Copia-de-Copia-de-TAMANHO-EXATO-PARA-FOTOS-NO-SISTEMA-NOVO-2024-08-04T113336.227_2024-08-04_14-33-41_png_2024-08-04_14-33-41.webp.webp?fit=1200%2C675&ssl=1&resize=350%2C200","width":350,"height":200,"srcset":"https:\/\/i0.wp.com\/noticiasribeiraopreto.com.br\/wp-content\/uploads\/2024\/08\/Copia-de-Copia-de-TAMANHO-EXATO-PARA-FOTOS-NO-SISTEMA-NOVO-2024-08-04T113336.227_2024-08-04_14-33-41_png_2024-08-04_14-33-41.webp.webp?fit=1200%2C675&ssl=1&resize=350%2C200 1x, https:\/\/i0.wp.com\/noticiasribeiraopreto.com.br\/wp-content\/uploads\/2024\/08\/Copia-de-Copia-de-TAMANHO-EXATO-PARA-FOTOS-NO-SISTEMA-NOVO-2024-08-04T113336.227_2024-08-04_14-33-41_png_2024-08-04_14-33-41.webp.webp?fit=1200%2C675&ssl=1&resize=525%2C300 1.5x, https:\/\/i0.wp.com\/noticiasribeiraopreto.com.br\/wp-content\/uploads\/2024\/08\/Copia-de-Copia-de-TAMANHO-EXATO-PARA-FOTOS-NO-SISTEMA-NOVO-2024-08-04T113336.227_2024-08-04_14-33-41_png_2024-08-04_14-33-41.webp.webp?fit=1200%2C675&ssl=1&resize=700%2C400 2x, https:\/\/i0.wp.com\/noticiasribeiraopreto.com.br\/wp-content\/uploads\/2024\/08\/Copia-de-Copia-de-TAMANHO-EXATO-PARA-FOTOS-NO-SISTEMA-NOVO-2024-08-04T113336.227_2024-08-04_14-33-41_png_2024-08-04_14-33-41.webp.webp?fit=1200%2C675&ssl=1&resize=1050%2C600 3x"},"classes":[]},{"id":70928,"url":"https:\/\/noticiasribeiraopreto.com.br\/index.php\/2025\/05\/31\/acidente-entre-carro-e-caminhao-deixa-um-morto-e-duas-pessoas-em-estado-grave\/","url_meta":{"origin":81187,"position":2},"title":"Acidente entre carro e caminh\u00e3o deixa um morto e duas pessoas em estado grave","author":"noticiasribeiraopreto.com.br","date":"31 de May de 2025","format":false,"excerpt":"Um homem morreu e outras duas mulheres ficaram gravemente feridas ap\u00f3s um acidente envolvendo um carro e um caminh\u00e3o na rodovia vicinal Joaquim Garcia Franco, em Gua\u00edra, cidade na regi\u00e3o de Ribeir\u00e3o Preto, na noite desta sexta-feira (29). Uma crian\u00e7a de dois anos tamb\u00e9m estava no ve\u00edculo, contudo, teve apenas\u2026","rel":"","context":"In &quot;Not\u00edcias de Ribeir\u00e3o Preto-SP e Regi\u00e3o&quot;","block_context":{"text":"Not\u00edcias de Ribeir\u00e3o Preto-SP e Regi\u00e3o","link":"https:\/\/noticiasribeiraopreto.com.br\/index.php\/category\/noticias-de-ribeirao-preto-sp-e-regiao-ismael-colosi\/"},"img":{"alt_text":"","src":"https:\/\/i0.wp.com\/noticiasribeiraopreto.com.br\/wp-content\/uploads\/2025\/05\/Copia-de-Copia-de-Copia-de-TAMANHO-EXATO-PARA-FOTOS-NO-SISTEMA-NOVO-2025-05-31T114635.774_2025-05-31_14-46-41.webp.webp?fit=1200%2C675&ssl=1&resize=350%2C200","width":350,"height":200,"srcset":"https:\/\/i0.wp.com\/noticiasribeiraopreto.com.br\/wp-content\/uploads\/2025\/05\/Copia-de-Copia-de-Copia-de-TAMANHO-EXATO-PARA-FOTOS-NO-SISTEMA-NOVO-2025-05-31T114635.774_2025-05-31_14-46-41.webp.webp?fit=1200%2C675&ssl=1&resize=350%2C200 1x, https:\/\/i0.wp.com\/noticiasribeiraopreto.com.br\/wp-content\/uploads\/2025\/05\/Copia-de-Copia-de-Copia-de-TAMANHO-EXATO-PARA-FOTOS-NO-SISTEMA-NOVO-2025-05-31T114635.774_2025-05-31_14-46-41.webp.webp?fit=1200%2C675&ssl=1&resize=525%2C300 1.5x, https:\/\/i0.wp.com\/noticiasribeiraopreto.com.br\/wp-content\/uploads\/2025\/05\/Copia-de-Copia-de-Copia-de-TAMANHO-EXATO-PARA-FOTOS-NO-SISTEMA-NOVO-2025-05-31T114635.774_2025-05-31_14-46-41.webp.webp?fit=1200%2C675&ssl=1&resize=700%2C400 2x, https:\/\/i0.wp.com\/noticiasribeiraopreto.com.br\/wp-content\/uploads\/2025\/05\/Copia-de-Copia-de-Copia-de-TAMANHO-EXATO-PARA-FOTOS-NO-SISTEMA-NOVO-2025-05-31T114635.774_2025-05-31_14-46-41.webp.webp?fit=1200%2C675&ssl=1&resize=1050%2C600 3x"},"classes":[]},{"id":46390,"url":"https:\/\/noticiasribeiraopreto.com.br\/index.php\/2024\/04\/11\/explosao-de-rechaud-deixa-3-mulheres-feridas-em-restaurante-na-regiao-de-ribeirao\/","url_meta":{"origin":81187,"position":3},"title":"Explos\u00e3o de rechaud deixa 3 mulheres feridas em restaurante na regi\u00e3o de Ribeir\u00e3o","author":"noticiasribeiraopreto.com.br","date":"11 de April de 2024","format":false,"excerpt":"A explos\u00e3o de um rechaud feriu tr\u00eas mulheres na tarde desta quarta-feira (10), durante o almo\u00e7o em um restaurante de Cravinhos, na regi\u00e3o de Ribeir\u00e3o Preto. Uma das v\u00edtimas \u00e9 cliente do estabelecimento, localizado no Jardim Itapu\u00e3. Segundo boletim de ocorr\u00eancia (BO), as v\u00edtimas sofreram queimaduras e foram socorridas pelo\u2026","rel":"","context":"In &quot;Not\u00edcias de Ribeir\u00e3o Preto-SP e Regi\u00e3o&quot;","block_context":{"text":"Not\u00edcias de Ribeir\u00e3o Preto-SP e Regi\u00e3o","link":"https:\/\/noticiasribeiraopreto.com.br\/index.php\/category\/noticias-de-ribeirao-preto-sp-e-regiao-ismael-colosi\/"},"img":{"alt_text":"","src":"https:\/\/i0.wp.com\/noticiasribeiraopreto.com.br\/wp-content\/uploads\/2024\/04\/policia_qru_1024x576_05012021161940.jpg?fit=1024%2C576&ssl=1&resize=350%2C200","width":350,"height":200,"srcset":"https:\/\/i0.wp.com\/noticiasribeiraopreto.com.br\/wp-content\/uploads\/2024\/04\/policia_qru_1024x576_05012021161940.jpg?fit=1024%2C576&ssl=1&resize=350%2C200 1x, https:\/\/i0.wp.com\/noticiasribeiraopreto.com.br\/wp-content\/uploads\/2024\/04\/policia_qru_1024x576_05012021161940.jpg?fit=1024%2C576&ssl=1&resize=525%2C300 1.5x, https:\/\/i0.wp.com\/noticiasribeiraopreto.com.br\/wp-content\/uploads\/2024\/04\/policia_qru_1024x576_05012021161940.jpg?fit=1024%2C576&ssl=1&resize=700%2C400 2x"},"classes":[]},{"id":78743,"url":"https:\/\/noticiasribeiraopreto.com.br\/index.php\/2025\/10\/17\/capotamento-acidente-na-rodovia-anhanguera-deixa-uma-pessoa-ferida\/","url_meta":{"origin":81187,"position":4},"title":"Capotamento: Acidente na rodovia Anhanguera deixa uma pessoa ferida","author":"noticiasribeiraopreto.com.br","date":"17 de October de 2025","format":false,"excerpt":"Um carro capotou na rodovia Anhanguera, em Ribeir\u00e3o Preto, pr\u00f3ximo da al\u00e7a de acesso da avenida Thomaz Alberto Whately, no quil\u00f4metro 314, sentido S\u00e3o Paulo, no final da manh\u00e3 desta sexta-feira (17). Uma pessoa sofreu ferimentos leves. De acordo com apura\u00e7\u00e3o da EPTV, a motorista do carro, uma mulher de\u2026","rel":"","context":"In &quot;Not\u00edcias de Ribeir\u00e3o Preto-SP e Regi\u00e3o&quot;","block_context":{"text":"Not\u00edcias de Ribeir\u00e3o Preto-SP e Regi\u00e3o","link":"https:\/\/noticiasribeiraopreto.com.br\/index.php\/category\/noticias-de-ribeirao-preto-sp-e-regiao-ismael-colosi\/"},"img":{"alt_text":"","src":"https:\/\/i0.wp.com\/noticiasribeiraopreto.com.br\/wp-content\/uploads\/2025\/10\/capota-anhanguera_2025-10-17_15-01-16.webp.webp?fit=1200%2C675&ssl=1&resize=350%2C200","width":350,"height":200,"srcset":"https:\/\/i0.wp.com\/noticiasribeiraopreto.com.br\/wp-content\/uploads\/2025\/10\/capota-anhanguera_2025-10-17_15-01-16.webp.webp?fit=1200%2C675&ssl=1&resize=350%2C200 1x, https:\/\/i0.wp.com\/noticiasribeiraopreto.com.br\/wp-content\/uploads\/2025\/10\/capota-anhanguera_2025-10-17_15-01-16.webp.webp?fit=1200%2C675&ssl=1&resize=525%2C300 1.5x, https:\/\/i0.wp.com\/noticiasribeiraopreto.com.br\/wp-content\/uploads\/2025\/10\/capota-anhanguera_2025-10-17_15-01-16.webp.webp?fit=1200%2C675&ssl=1&resize=700%2C400 2x, https:\/\/i0.wp.com\/noticiasribeiraopreto.com.br\/wp-content\/uploads\/2025\/10\/capota-anhanguera_2025-10-17_15-01-16.webp.webp?fit=1200%2C675&ssl=1&resize=1050%2C600 3x"},"classes":[]},{"id":59587,"url":"https:\/\/noticiasribeiraopreto.com.br\/index.php\/2024\/10\/26\/uma-mulher-ficou-ferida-apos-carro-capotar-na-zona-leste-de-ribeirao\/","url_meta":{"origin":81187,"position":5},"title":"Uma mulher ficou ferida ap\u00f3s carro capotar na zona Leste de Ribeir\u00e3o","author":"noticiasribeiraopreto.com.br","date":"26 de October de 2024","format":false,"excerpt":"Um acidente envolvendo dois carros deixou uma mulher ferida na noite desta sexta-feira (25), na avenida Henri Nestl\u00e9, zona Leste de Ribeir\u00e3o Preto. De acordo com a Pol\u00edcia Militar, a motorista de um dos ve\u00edculos teria perdido o controle da dire\u00e7\u00e3o, batido contra a traseira de outro carro e capotado.\u2026","rel":"","context":"In &quot;Not\u00edcias de Ribeir\u00e3o Preto-SP e Regi\u00e3o&quot;","block_context":{"text":"Not\u00edcias de Ribeir\u00e3o Preto-SP e Regi\u00e3o","link":"https:\/\/noticiasribeiraopreto.com.br\/index.php\/category\/noticias-de-ribeirao-preto-sp-e-regiao-ismael-colosi\/"},"img":{"alt_text":"","src":"https:\/\/i0.wp.com\/noticiasribeiraopreto.com.br\/wp-content\/uploads\/2024\/10\/Copia-de-Copia-de-Copia-de-TAMANHO-EXATO-PARA-FOTOS-NO-SISTEMA-NOVO-50_2024-10-26_13-55-38_png_2024-10-26_13-55-39.webp.webp?fit=1200%2C675&ssl=1&resize=350%2C200","width":350,"height":200,"srcset":"https:\/\/i0.wp.com\/noticiasribeiraopreto.com.br\/wp-content\/uploads\/2024\/10\/Copia-de-Copia-de-Copia-de-TAMANHO-EXATO-PARA-FOTOS-NO-SISTEMA-NOVO-50_2024-10-26_13-55-38_png_2024-10-26_13-55-39.webp.webp?fit=1200%2C675&ssl=1&resize=350%2C200 1x, https:\/\/i0.wp.com\/noticiasribeiraopreto.com.br\/wp-content\/uploads\/2024\/10\/Copia-de-Copia-de-Copia-de-TAMANHO-EXATO-PARA-FOTOS-NO-SISTEMA-NOVO-50_2024-10-26_13-55-38_png_2024-10-26_13-55-39.webp.webp?fit=1200%2C675&ssl=1&resize=525%2C300 1.5x, https:\/\/i0.wp.com\/noticiasribeiraopreto.com.br\/wp-content\/uploads\/2024\/10\/Copia-de-Copia-de-Copia-de-TAMANHO-EXATO-PARA-FOTOS-NO-SISTEMA-NOVO-50_2024-10-26_13-55-38_png_2024-10-26_13-55-39.webp.webp?fit=1200%2C675&ssl=1&resize=700%2C400 2x, https:\/\/i0.wp.com\/noticiasribeiraopreto.com.br\/wp-content\/uploads\/2024\/10\/Copia-de-Copia-de-Copia-de-TAMANHO-EXATO-PARA-FOTOS-NO-SISTEMA-NOVO-50_2024-10-26_13-55-38_png_2024-10-26_13-55-39.webp.webp?fit=1200%2C675&ssl=1&resize=1050%2C600 3x"},"classes":[]}],"jetpack_sharing_enabled":true,"jetpack_shortlink":"https:\/\/wp.me\/peQAOb-l7t","_links":{"self":[{"href":"https:\/\/noticiasribeiraopreto.com.br\/index.php\/wp-json\/wp\/v2\/posts\/81187","targetHints":{"allow":["GET"]}}],"collection":[{"href":"https:\/\/noticiasribeiraopreto.com.br\/index.php\/wp-json\/wp\/v2\/posts"}],"about":[{"href":"https:\/\/noticiasribeiraopreto.com.br\/index.php\/wp-json\/wp\/v2\/types\/post"}],"author":[{"embeddable":true,"href":"https:\/\/noticiasribeiraopreto.com.br\/index.php\/wp-json\/wp\/v2\/users\/1"}],"replies":[{"embeddable":true,"href":"https:\/\/noticiasribeiraopreto.com.br\/index.php\/wp-json\/wp\/v2\/comments?post=81187"}],"version-history":[{"count":0,"href":"https:\/\/noticiasribeiraopreto.com.br\/index.php\/wp-json\/wp\/v2\/posts\/81187\/revisions"}],"wp:featuredmedia":[{"embeddable":true,"href":"https:\/\/noticiasribeiraopreto.com.br\/index.php\/wp-json\/wp\/v2\/media\/81188"}],"wp:attachment":[{"href":"https:\/\/noticiasribeiraopreto.com.br\/index.php\/wp-json\/wp\/v2\/media?parent=81187"}],"wp:term":[{"taxonomy":"category","embeddable":true,"href":"https:\/\/noticiasribeiraopreto.com.br\/index.php\/wp-json\/wp\/v2\/categories?post=81187"},{"taxonomy":"post_tag","embeddable":true,"href":"https:\/\/noticiasribeiraopreto.com.br\/index.php\/wp-json\/wp\/v2\/tags?post=81187"}],"curies":[{"name":"wp","href":"https:\/\/api.w.org\/{rel}","templated":true}]}}