{"id":81189,"date":"2025-12-27T06:39:01","date_gmt":"2025-12-27T09:39:01","guid":{"rendered":"https:\/\/noticiasribeiraopreto.com.br\/index.php\/2025\/12\/27\/os-paralamas-retornam-para-ribeirao-em-2026-veja-quando-e-como-comprar-ingressos\/"},"modified":"2025-12-27T06:39:01","modified_gmt":"2025-12-27T09:39:01","slug":"os-paralamas-retornam-para-ribeirao-em-2026-veja-quando-e-como-comprar-ingressos","status":"publish","type":"post","link":"https:\/\/noticiasribeiraopreto.com.br\/index.php\/2025\/12\/27\/os-paralamas-retornam-para-ribeirao-em-2026-veja-quando-e-como-comprar-ingressos\/","title":{"rendered":"Os Paralamas retornam para Ribeir\u00e3o em 2026; Veja quando e como comprar ingressos"},"content":{"rendered":"<div class='code-block code-block-1' style='margin: 8px 0 8px auto; text-align: right; display: block; clear: both;'>\n<p><a href=\"https:\/\/wa.link\/vpicfd\"><img data-recalc-dims=\"1\" class=\"wp-image-4922\" style=\"aspect-ratio: 2.0253164556962027; width: 561px; height: auto;\" src=\"https:\/\/i0.wp.com\/ismaelcolosi.com.br\/wp-content\/uploads\/2023\/11\/grupo-de-empregos-whatsapp-e-facebook-ismael-colosi-vagas.jpg?ssl=1\" alt=\"\" \/><\/a><\/p>\n<!-- \/wp:image -->\n<\/div>\n<p> <br \/>\n<\/p>\n<div>\n<p>Considerada uma das bandas mais importantes da hist\u00f3ria da m\u00fasica brasileira, <strong>Os Paralamas<\/strong> retornam para <strong>Ribeir\u00e3o Preto<\/strong> em 2026. A apresenta\u00e7\u00e3o da banda est\u00e1 marcada para o dia<strong> 28 de mar\u00e7o<\/strong>, no Multiplan Hall.<\/p>\n<p>Os ingressos para o espet\u00e1culo <strong>j\u00e1 est\u00e3o dispon\u00edveis<\/strong> e podem ser adquiridos de <strong>forma online (<a href=\"https:\/\/www.ticketmaster.com.br\/event\/paralamas-do-sucesso-ribeirao-preto\" target=\"_blank\" data-type=\"link\" data-id=\"https:\/\/www.ticketmaster.com.br\/event\/paralamas-do-sucesso-ribeirao-preto\" rel=\"noreferrer noopener\">clique aqui<\/a>) <\/strong>ou na bilheteria do centro de eventos \u2013 saiba mais abaixo.<\/p>\n<p>Com 40 anos de carreira, 27 discos lan\u00e7ados e in\u00fameros shows pelo pa\u00eds e pelo mundo, o grupo segue na estrada, influenciando novas gera\u00e7\u00f5es e arrebatando plateias de todas as idades.<\/p>\n<p>O trio formado por <strong>Herbert Vianna (guitarra e voz)<\/strong>, <strong>Bi Ribeiro (baixo) <\/strong>e <strong>Jo\u00e3o Barone (bateria) <\/strong>apresenta o espet\u00e1culo \u201cParalamas Cl\u00e1ssicos\u201d, que re\u00fane m\u00fasicas marcantes da trajet\u00f3ria da banda, como \u201c<strong>Lanterna dos Afogados<\/strong>\u201d, \u201c<strong>Aonde Quer Que Eu V\u00e1<\/strong>\u201d e \u201c<strong>Meu Erro<\/strong>\u201d.<\/p>\n<p>No palco, eles s\u00e3o acompanhados por Jo\u00e3o Fera (teclados), Monteiro Jr. (saxofone) e Bidu Cordeiro (trombone), m\u00fasicos que integram a forma\u00e7\u00e3o de apoio do grupo h\u00e1 v\u00e1rios anos.<\/p>\n<div class=\"wp-block-image\">\n<figure class=\"aligncenter size-full is-resized\"><img data-recalc-dims=\"1\" fetchpriority=\"high\" decoding=\"async\" width=\"1040\" height=\"693\" src=\"https:\/\/i0.wp.com\/cdn.media-acidadeon.com.br\/ribeiraopreto\/wp-content\/uploads\/sites\/3\/2023\/08\/bio6.jpg?resize=1040%2C693&#038;ssl=1\" alt=\"Os Paralamas de Sucesso  se apresentam em Ribeir\u00e3o Preto - Foto: Reprodu\u00e7\u00e3o\/ Site Os Paralamas do Sucesso.\" class=\"wp-image-19303\" style=\"width:654px\" title=\"Os Paralamas retornam para Ribeir\u00e3o em 2026; Veja quando e como comprar ingressos 1\"\/><figcaption class=\"wp-element-caption\">Os Paralamas de Sucesso  se apresentam em Ribeir\u00e3o Preto \u2013 Foto: Reprodu\u00e7\u00e3o\/ Site Os Paralamas do Sucesso.<\/figcaption><\/figure>\n<\/div>\n<h2 class=\"wp-block-heading\"><strong>Ingressos e setores<\/strong><\/h2>\n<p>Os ingressos podem ser adquiridos de forma online pelo site da <strong>Ticketmaster Brasil (<a href=\"https:\/\/www.ticketmaster.com.br\/event\/paralamas-do-sucesso-ribeirao-preto\" target=\"_blank\" data-type=\"link\" data-id=\"https:\/\/www.ticketmaster.com.br\/event\/paralamas-do-sucesso-ribeirao-preto\" rel=\"noreferrer noopener\">clique aqui<\/a>)<\/strong> ou na <strong>bilheteria do Multiplan Hall<\/strong>, localizado no Ribeir\u00e3o Shopping. Confira os setores e valores dos ingressos:<\/p>\n<ul class=\"wp-block-list\">\n<li><strong>Mesa Vip Especial<\/strong> \u2013 R$ 490 (inteira) e R$ 245 (meia-entrada)<\/li>\n<li><strong>Mesa Vip Extra<\/strong> \u2013 R$ 380 (inteira) e R$ 190 (meia-entrada)<\/li>\n<li><strong>Mesa Vip A <\/strong>\u2013 R$ 330 (inteira) e R$ 165 (meia-entrada)<\/li>\n<li><strong>Mesa Vip B<\/strong> \u2013 R$ 300 (inteira) e R$ 150 (meia-entrada)<\/li>\n<li><strong>Premium extra<\/strong> \u2013 R$ 200 (inteira) e R$ 100 (meia-entrada)<\/li>\n<li><strong>Bistr\u00f4<\/strong> \u2013 R$ 250 (inteira) e R$ 125 (meia-entrada)<\/li>\n<\/ul>\n<p>Vale destacar que os valores e disponibilidade de ingressos podem sofrer altera\u00e7\u00f5es sem qualquer aviso pr\u00e9vio. Valores divulgados sem taxa de servi\u00e7o do site.<\/p>\n<h3 class=\"wp-block-heading\"><strong>Servi\u00e7o<\/strong><\/h3>\n<p><em>Os Paralamas em Ribeir\u00e3o Preto<\/em><\/p>\n<p>Quando: 28 de mar\u00e7o de 2025 (s\u00e1bado)<\/p>\n<p>Hor\u00e1rio: abertura dos port\u00f5es \u00e0s 19h | In\u00edcio do show \u00e0s 21h<\/p>\n<p>Local: Multiplan Hall \u2013 avenida Cel. Fernando Ferreira Leite, 1540 \u2013 Jardim Nova Alian\u00e7a, Ribeir\u00e3o Preto<\/p>\n<p>Ingressos: na bilheteria do Multiplan Hall ou no<a href=\"https:\/\/www.ticketmaster.com.br\/event\/paralamas-do-sucesso-ribeirao-preto\" target=\"_blank\" data-type=\"link\" data-id=\"https:\/\/www.ticketmaster.com.br\/event\/paralamas-do-sucesso-ribeirao-preto\" rel=\"noreferrer noopener\"> site da Ticket Master<\/a><\/p>\n<hr class=\"wp-block-separator has-alpha-channel-opacity\"\/>\n<p>SAIBA MAIS<\/p>\n<p>Roupa Nova retorna a Ribeir\u00e3o Preto com nova turn\u00ea; Saiba quando<\/p>\n<h2 class=\"wp-block-heading\"><strong>FIQUE ON<\/strong><\/h2>\n<p>Fique ligado em tudo que acontece em Ribeir\u00e3o Preto e regi\u00e3o. Siga os perfis do\u00a0<strong>acidade on\u00a0<\/strong>no\u00a0<a href=\"https:\/\/www.instagram.com\/acidadeonribeirao\" target=\"_blank\" rel=\"noreferrer noopener\">Instagram\u00a0<\/a>e no<a href=\"https:\/\/www.facebook.com\/acidadeonribeirao\/\" target=\"_blank\" rel=\"noreferrer noopener\">\u00a0Facebook<\/a>.<\/p>\n<p>Receba not\u00edcias do<strong>\u00a0acidade on\u00a0<\/strong>no WhatsApp. Para entrar no grupo,\u00a0basta\u00a0<a href=\"https:\/\/chat.whatsapp.com\/GFH9HUMUTHNFJdnyEd0xxq\" target=\"_blank\" rel=\"noreferrer noopener\">clicar aqui<\/a>. Ou, acesse o nosso\u00a0Canal<a href=\"https:\/\/whatsapp.com\/channel\/0029Vb6IQl1JENyAeS57fk2p\" target=\"_blank\" rel=\"noreferrer noopener\">\u00a0clicando aqui<\/a>.<\/p>\n<p>Fa\u00e7a uma den\u00fancia ou sugira uma reportagem sobre Ribeir\u00e3o Preto e regi\u00e3o pelo WhatsApp: 16 99117 7802.<\/p>\n<p>VEJA TAMB\u00c9M<\/p>\n<p>Quem foi Ieda Maria Vargas?<\/p>\n<p><!-- AI CONTENT END 1 -->\n<\/div>\n<p><script async src=\"\/\/www.instagram.com\/embed.js\"><\/script><br \/>\n<br \/><br \/>\n<br \/><a href=\"https:\/\/www.acidadeon.com\/ribeiraopreto\/lazer-e-cultura\/os-paralamas-retornam-para-ribeirao-em-2026-veja-quando-e-como-comprar-ingressos\/\">Source link <\/a><\/p>\n<!-- CONTENT END 1 -->\n","protected":false},"excerpt":{"rendered":"<p>Considerada uma das bandas mais importantes da hist\u00f3ria da m\u00fasica brasileira, Os Paralamas retornam para Ribeir\u00e3o Preto em 2026. A apresenta\u00e7\u00e3o da banda est\u00e1 marcada&#8230;<\/p>\n","protected":false},"author":1,"featured_media":81190,"comment_status":"open","ping_status":"open","sticky":false,"template":"","format":"standard","meta":{"advanced_seo_description":"","jetpack_seo_html_title":"","jetpack_seo_noindex":false,"jetpack_post_was_ever_published":false,"_jetpack_newsletter_access":"","_jetpack_dont_email_post_to_subs":false,"_jetpack_newsletter_tier_id":0,"_jetpack_memberships_contains_paywalled_content":false,"_jetpack_memberships_contains_paid_content":false,"footnotes":"","jetpack_publicize_message":"","jetpack_publicize_feature_enabled":true,"jetpack_social_post_already_shared":true,"jetpack_social_options":{"image_generator_settings":{"template":"highway","default_image_id":0,"font":"","enabled":false},"version":2}},"categories":[11],"tags":[],"class_list":["post-81189","post","type-post","status-publish","format-standard","has-post-thumbnail","hentry","category-noticias-de-ribeirao-preto-sp-e-regiao-ismael-colosi"],"jetpack_publicize_connections":[],"jetpack_featured_media_url":"https:\/\/i0.wp.com\/noticiasribeiraopreto.com.br\/wp-content\/uploads\/2025\/12\/paralamas3_2025-04-29_14-01-02.webp.webp?fit=1200%2C800&ssl=1","jetpack-related-posts":[{"id":81631,"url":"https:\/\/noticiasribeiraopreto.com.br\/index.php\/2026\/01\/12\/veja-quais-shows-ja-estao-confirmados-em-ribeirao-preto-no-primeiro-semestre-de-2026\/","url_meta":{"origin":81189,"position":0},"title":"Veja quais shows j\u00e1 est\u00e3o confirmados em Ribeir\u00e3o Preto no primeiro semestre de 2026","author":"noticiasribeiraopreto.com.br","date":"12 de January de 2026","format":false,"excerpt":"Ribeir\u00e3o Preto come\u00e7a a formar sua agenda de shows de 2026, com apresenta\u00e7\u00f5es de artistas nacionais e internacionais de diferentes estilos musicais confirmadas ao longo do ano. Entre os nomes que j\u00e1 t\u00eam data marcada na cidade est\u00e3o Anitta, o grupo Menos \u00e9 Mais, o DJ Pedro Sampaio, a banda\u2026","rel":"","context":"In &quot;Not\u00edcias de Ribeir\u00e3o Preto-SP e Regi\u00e3o&quot;","block_context":{"text":"Not\u00edcias de Ribeir\u00e3o Preto-SP e Regi\u00e3o","link":"https:\/\/noticiasribeiraopreto.com.br\/index.php\/category\/noticias-de-ribeirao-preto-sp-e-regiao-ismael-colosi\/"},"img":{"alt_text":"","src":"https:\/\/i0.wp.com\/noticiasribeiraopreto.com.br\/wp-content\/uploads\/2026\/01\/Capturar-21.jpg?fit=612%2C409&ssl=1&resize=350%2C200","width":350,"height":200,"srcset":"https:\/\/i0.wp.com\/noticiasribeiraopreto.com.br\/wp-content\/uploads\/2026\/01\/Capturar-21.jpg?fit=612%2C409&ssl=1&resize=350%2C200 1x, https:\/\/i0.wp.com\/noticiasribeiraopreto.com.br\/wp-content\/uploads\/2026\/01\/Capturar-21.jpg?fit=612%2C409&ssl=1&resize=525%2C300 1.5x"},"classes":[]},{"id":60698,"url":"https:\/\/noticiasribeiraopreto.com.br\/index.php\/2024\/11\/22\/paralamas-e-murilo-couto-veja-opcoes-para-curtir-o-fim-de-semana-em-ribeirao-e-regiao\/","url_meta":{"origin":81189,"position":1},"title":"Paralamas e Murilo Couto: Veja op\u00e7\u00f5es para curtir o fim de semana em Ribeir\u00e3o e regi\u00e3o","author":"noticiasribeiraopreto.com.br","date":"22 de November de 2024","format":false,"excerpt":"Ribeir\u00e3o Preto e regi\u00e3o contam com diversas op\u00e7\u00f5es de eventos para quem deseja aproveitar o fim de semana. Entre os destaques da programa\u00e7\u00e3o est\u00e1 o show Paralamas Cl\u00e1ssicos, da banda de rock nacional Paralamas do Sucesso e o novo stand-up de Murilo Couto. Confira: Paralamas do Sucesso \u2013 \u201cParalamas Cl\u00e1ssicos\u201d\u2026","rel":"","context":"In &quot;Not\u00edcias de Ribeir\u00e3o Preto-SP e Regi\u00e3o&quot;","block_context":{"text":"Not\u00edcias de Ribeir\u00e3o Preto-SP e Regi\u00e3o","link":"https:\/\/noticiasribeiraopreto.com.br\/index.php\/category\/noticias-de-ribeirao-preto-sp-e-regiao-ismael-colosi\/"},"img":{"alt_text":"","src":"https:\/\/i0.wp.com\/noticiasribeiraopreto.com.br\/wp-content\/uploads\/2024\/11\/Copia-de-Copia-de-Copia-de-TAMANHO-EXATO-PARA-FOTOS-NO-SISTEMA-NOVO-34_2024-11-22_14-05-06_jpg_2024-11-22_14-05-06.webp.webp?fit=1200%2C675&ssl=1&resize=350%2C200","width":350,"height":200,"srcset":"https:\/\/i0.wp.com\/noticiasribeiraopreto.com.br\/wp-content\/uploads\/2024\/11\/Copia-de-Copia-de-Copia-de-TAMANHO-EXATO-PARA-FOTOS-NO-SISTEMA-NOVO-34_2024-11-22_14-05-06_jpg_2024-11-22_14-05-06.webp.webp?fit=1200%2C675&ssl=1&resize=350%2C200 1x, https:\/\/i0.wp.com\/noticiasribeiraopreto.com.br\/wp-content\/uploads\/2024\/11\/Copia-de-Copia-de-Copia-de-TAMANHO-EXATO-PARA-FOTOS-NO-SISTEMA-NOVO-34_2024-11-22_14-05-06_jpg_2024-11-22_14-05-06.webp.webp?fit=1200%2C675&ssl=1&resize=525%2C300 1.5x, https:\/\/i0.wp.com\/noticiasribeiraopreto.com.br\/wp-content\/uploads\/2024\/11\/Copia-de-Copia-de-Copia-de-TAMANHO-EXATO-PARA-FOTOS-NO-SISTEMA-NOVO-34_2024-11-22_14-05-06_jpg_2024-11-22_14-05-06.webp.webp?fit=1200%2C675&ssl=1&resize=700%2C400 2x, https:\/\/i0.wp.com\/noticiasribeiraopreto.com.br\/wp-content\/uploads\/2024\/11\/Copia-de-Copia-de-Copia-de-TAMANHO-EXATO-PARA-FOTOS-NO-SISTEMA-NOVO-34_2024-11-22_14-05-06_jpg_2024-11-22_14-05-06.webp.webp?fit=1200%2C675&ssl=1&resize=1050%2C600 3x"},"classes":[]},{"id":69733,"url":"https:\/\/noticiasribeiraopreto.com.br\/index.php\/2025\/05\/08\/djs-kenan-e-kel-retornam-a-ribeirao-preto-para-apresentacao-no-festival-planeta-urbano\/","url_meta":{"origin":81189,"position":2},"title":"DJs Kenan e Kel retornam a Ribeir\u00e3o Preto para apresenta\u00e7\u00e3o no Festival Planeta Urbano","author":"noticiasribeiraopreto.com.br","date":"8 de May de 2025","format":false,"excerpt":"Os DJs Kenan e Kel retornam para Ribeir\u00e3o Preto, no dia 31 de maio, para apresenta\u00e7\u00e3o no Festival Planeta Urbano. A segunda edi\u00e7\u00e3o do evento acontece das 16h \u00e0s 4h, no CHF Espa\u00e7o Cultural. Supernova, Matu\u00ea, Cynthia Luz, MC Tuto e Recayd Mob s\u00e3o outros nomes que est\u00e3o confirmados no\u2026","rel":"","context":"In &quot;Not\u00edcias de Ribeir\u00e3o Preto-SP e Regi\u00e3o&quot;","block_context":{"text":"Not\u00edcias de Ribeir\u00e3o Preto-SP e Regi\u00e3o","link":"https:\/\/noticiasribeiraopreto.com.br\/index.php\/category\/noticias-de-ribeirao-preto-sp-e-regiao-ismael-colosi\/"},"img":{"alt_text":"","src":"https:\/\/i0.wp.com\/noticiasribeiraopreto.com.br\/wp-content\/uploads\/2025\/05\/WhatsApp-Image-2025-05-08-at-09.28.24_2025-05-08_17-55-13.webp.webp?fit=1200%2C800&ssl=1&resize=350%2C200","width":350,"height":200,"srcset":"https:\/\/i0.wp.com\/noticiasribeiraopreto.com.br\/wp-content\/uploads\/2025\/05\/WhatsApp-Image-2025-05-08-at-09.28.24_2025-05-08_17-55-13.webp.webp?fit=1200%2C800&ssl=1&resize=350%2C200 1x, https:\/\/i0.wp.com\/noticiasribeiraopreto.com.br\/wp-content\/uploads\/2025\/05\/WhatsApp-Image-2025-05-08-at-09.28.24_2025-05-08_17-55-13.webp.webp?fit=1200%2C800&ssl=1&resize=525%2C300 1.5x, https:\/\/i0.wp.com\/noticiasribeiraopreto.com.br\/wp-content\/uploads\/2025\/05\/WhatsApp-Image-2025-05-08-at-09.28.24_2025-05-08_17-55-13.webp.webp?fit=1200%2C800&ssl=1&resize=700%2C400 2x, https:\/\/i0.wp.com\/noticiasribeiraopreto.com.br\/wp-content\/uploads\/2025\/05\/WhatsApp-Image-2025-05-08-at-09.28.24_2025-05-08_17-55-13.webp.webp?fit=1200%2C800&ssl=1&resize=1050%2C600 3x"},"classes":[]},{"id":60663,"url":"https:\/\/noticiasribeiraopreto.com.br\/index.php\/2024\/11\/21\/paralamas-do-sucesso-traz-os-classicos-do-rock-nacional-para-ribeirao-preto\/","url_meta":{"origin":81189,"position":3},"title":"Paralamas do Sucesso traz os cl\u00e1ssicos do rock nacional para Ribeir\u00e3o Preto","author":"noticiasribeiraopreto.com.br","date":"21 de November de 2024","format":false,"excerpt":"Os amantes de rock nacional poder\u00e3o curtir uma noite de muita m\u00fasica com os Paralamas do Sucesso em Ribeir\u00e3o Preto. A banda se apresenta no Multiplan Hall, no Ribeir\u00e3o Shopping, neste s\u00e1bado (23), \u00e0s 21h. Os port\u00f5es ser\u00e3o abertos \u00e0s 19h. A banda formada por Hebert Vianna, Bi Ribeiro e\u2026","rel":"","context":"In &quot;Not\u00edcias de Ribeir\u00e3o Preto-SP e Regi\u00e3o&quot;","block_context":{"text":"Not\u00edcias de Ribeir\u00e3o Preto-SP e Regi\u00e3o","link":"https:\/\/noticiasribeiraopreto.com.br\/index.php\/category\/noticias-de-ribeirao-preto-sp-e-regiao-ismael-colosi\/"},"img":{"alt_text":"","src":"https:\/\/i0.wp.com\/noticiasribeiraopreto.com.br\/wp-content\/uploads\/2024\/11\/bio6.jpg?fit=1040%2C693&ssl=1&resize=350%2C200","width":350,"height":200,"srcset":"https:\/\/i0.wp.com\/noticiasribeiraopreto.com.br\/wp-content\/uploads\/2024\/11\/bio6.jpg?fit=1040%2C693&ssl=1&resize=350%2C200 1x, https:\/\/i0.wp.com\/noticiasribeiraopreto.com.br\/wp-content\/uploads\/2024\/11\/bio6.jpg?fit=1040%2C693&ssl=1&resize=525%2C300 1.5x, https:\/\/i0.wp.com\/noticiasribeiraopreto.com.br\/wp-content\/uploads\/2024\/11\/bio6.jpg?fit=1040%2C693&ssl=1&resize=700%2C400 2x"},"classes":[]},{"id":83868,"url":"https:\/\/noticiasribeiraopreto.com.br\/index.php\/2026\/03\/27\/ribeirao-preto-tem-fim-de-semana-com-shows-teatro-e-programacao-para-criancas\/","url_meta":{"origin":81189,"position":4},"title":"Ribeir\u00e3o Preto tem fim de semana com shows, teatro e programa\u00e7\u00e3o para crian\u00e7as","author":"noticiasribeiraopreto.com.br","date":"27 de March de 2026","format":false,"excerpt":"Mar\u00e7o se despede com uma agenda cultural movimentada em Ribeir\u00e3o Preto. A cidade re\u00fane, neste fim de semana, atra\u00e7\u00f5es para todos os p\u00fablicos que variam entre grandes shows a programas em fam\u00edlia. Entre os destaques est\u00e3o as apresenta\u00e7\u00f5es de The Beast Experience Symphonic e Os Paralamas do Sucesso, que prometem\u2026","rel":"","context":"In &quot;Not\u00edcias de Ribeir\u00e3o Preto-SP e Regi\u00e3o&quot;","block_context":{"text":"Not\u00edcias de Ribeir\u00e3o Preto-SP e Regi\u00e3o","link":"https:\/\/noticiasribeiraopreto.com.br\/index.php\/category\/noticias-de-ribeirao-preto-sp-e-regiao-ismael-colosi\/"},"img":{"alt_text":"","src":"https:\/\/i0.wp.com\/noticiasribeiraopreto.com.br\/wp-content\/uploads\/2026\/03\/domingo_2026-03-27_17-43-30.webp.webp?fit=1200%2C675&ssl=1&resize=350%2C200","width":350,"height":200,"srcset":"https:\/\/i0.wp.com\/noticiasribeiraopreto.com.br\/wp-content\/uploads\/2026\/03\/domingo_2026-03-27_17-43-30.webp.webp?fit=1200%2C675&ssl=1&resize=350%2C200 1x, https:\/\/i0.wp.com\/noticiasribeiraopreto.com.br\/wp-content\/uploads\/2026\/03\/domingo_2026-03-27_17-43-30.webp.webp?fit=1200%2C675&ssl=1&resize=525%2C300 1.5x, https:\/\/i0.wp.com\/noticiasribeiraopreto.com.br\/wp-content\/uploads\/2026\/03\/domingo_2026-03-27_17-43-30.webp.webp?fit=1200%2C675&ssl=1&resize=700%2C400 2x, https:\/\/i0.wp.com\/noticiasribeiraopreto.com.br\/wp-content\/uploads\/2026\/03\/domingo_2026-03-27_17-43-30.webp.webp?fit=1200%2C675&ssl=1&resize=1050%2C600 3x"},"classes":[]},{"id":81187,"url":"https:\/\/noticiasribeiraopreto.com.br\/index.php\/2025\/12\/27\/mulher-morre-e-tres-pessoas-ficam-feridas-apos-capotamento-em-rodovia-na-regiao-de-ribeirao\/","url_meta":{"origin":81189,"position":5},"title":"Mulher morre e tr\u00eas pessoas ficam feridas ap\u00f3s capotamento em rodovia na regi\u00e3o de Ribeir\u00e3o","author":"noticiasribeiraopreto.com.br","date":"27 de December de 2025","format":false,"excerpt":"Uma mulher de 55 anos morreu e outras tr\u00eas pessoas ficaram feridas ap\u00f3s o carro em que elas estavam capotar na estrada vicinal Arlindo Vicentini, em Altin\u00f3polis, cidade na regi\u00e3o de Ribeir\u00e3o Preto, na tarde desta sexta-feira (26). De acordo com a Pol\u00edcia Militar, a fam\u00edlia seguia pela via quando,\u2026","rel":"","context":"In &quot;Not\u00edcias de Ribeir\u00e3o Preto-SP e Regi\u00e3o&quot;","block_context":{"text":"Not\u00edcias de Ribeir\u00e3o Preto-SP e Regi\u00e3o","link":"https:\/\/noticiasribeiraopreto.com.br\/index.php\/category\/noticias-de-ribeirao-preto-sp-e-regiao-ismael-colosi\/"},"img":{"alt_text":"","src":"https:\/\/i0.wp.com\/noticiasribeiraopreto.com.br\/wp-content\/uploads\/2025\/12\/WhatsApp-Image-2025-12-26-at-17.12.47_2025-12-26_21-10-24.webp.webp?fit=1200%2C675&ssl=1&resize=350%2C200","width":350,"height":200,"srcset":"https:\/\/i0.wp.com\/noticiasribeiraopreto.com.br\/wp-content\/uploads\/2025\/12\/WhatsApp-Image-2025-12-26-at-17.12.47_2025-12-26_21-10-24.webp.webp?fit=1200%2C675&ssl=1&resize=350%2C200 1x, https:\/\/i0.wp.com\/noticiasribeiraopreto.com.br\/wp-content\/uploads\/2025\/12\/WhatsApp-Image-2025-12-26-at-17.12.47_2025-12-26_21-10-24.webp.webp?fit=1200%2C675&ssl=1&resize=525%2C300 1.5x, https:\/\/i0.wp.com\/noticiasribeiraopreto.com.br\/wp-content\/uploads\/2025\/12\/WhatsApp-Image-2025-12-26-at-17.12.47_2025-12-26_21-10-24.webp.webp?fit=1200%2C675&ssl=1&resize=700%2C400 2x, https:\/\/i0.wp.com\/noticiasribeiraopreto.com.br\/wp-content\/uploads\/2025\/12\/WhatsApp-Image-2025-12-26-at-17.12.47_2025-12-26_21-10-24.webp.webp?fit=1200%2C675&ssl=1&resize=1050%2C600 3x"},"classes":[]}],"jetpack_sharing_enabled":true,"jetpack_shortlink":"https:\/\/wp.me\/peQAOb-l7v","_links":{"self":[{"href":"https:\/\/noticiasribeiraopreto.com.br\/index.php\/wp-json\/wp\/v2\/posts\/81189","targetHints":{"allow":["GET"]}}],"collection":[{"href":"https:\/\/noticiasribeiraopreto.com.br\/index.php\/wp-json\/wp\/v2\/posts"}],"about":[{"href":"https:\/\/noticiasribeiraopreto.com.br\/index.php\/wp-json\/wp\/v2\/types\/post"}],"author":[{"embeddable":true,"href":"https:\/\/noticiasribeiraopreto.com.br\/index.php\/wp-json\/wp\/v2\/users\/1"}],"replies":[{"embeddable":true,"href":"https:\/\/noticiasribeiraopreto.com.br\/index.php\/wp-json\/wp\/v2\/comments?post=81189"}],"version-history":[{"count":0,"href":"https:\/\/noticiasribeiraopreto.com.br\/index.php\/wp-json\/wp\/v2\/posts\/81189\/revisions"}],"wp:featuredmedia":[{"embeddable":true,"href":"https:\/\/noticiasribeiraopreto.com.br\/index.php\/wp-json\/wp\/v2\/media\/81190"}],"wp:attachment":[{"href":"https:\/\/noticiasribeiraopreto.com.br\/index.php\/wp-json\/wp\/v2\/media?parent=81189"}],"wp:term":[{"taxonomy":"category","embeddable":true,"href":"https:\/\/noticiasribeiraopreto.com.br\/index.php\/wp-json\/wp\/v2\/categories?post=81189"},{"taxonomy":"post_tag","embeddable":true,"href":"https:\/\/noticiasribeiraopreto.com.br\/index.php\/wp-json\/wp\/v2\/tags?post=81189"}],"curies":[{"name":"wp","href":"https:\/\/api.w.org\/{rel}","templated":true}]}}