{"id":81193,"date":"2025-12-27T06:53:51","date_gmt":"2025-12-27T09:53:51","guid":{"rendered":"https:\/\/noticiasribeiraopreto.com.br\/index.php\/2025\/12\/27\/doacoes-de-sangue-tem-queda-no-fim-de-ano-veja-como-e-onde-doar-em-ribeirao-preto\/"},"modified":"2025-12-27T06:53:51","modified_gmt":"2025-12-27T09:53:51","slug":"doacoes-de-sangue-tem-queda-no-fim-de-ano-veja-como-e-onde-doar-em-ribeirao-preto","status":"publish","type":"post","link":"https:\/\/noticiasribeiraopreto.com.br\/index.php\/2025\/12\/27\/doacoes-de-sangue-tem-queda-no-fim-de-ano-veja-como-e-onde-doar-em-ribeirao-preto\/","title":{"rendered":"Doa\u00e7\u00f5es de sangue t\u00eam queda no fim de ano; Veja como e onde doar em Ribeir\u00e3o Preto"},"content":{"rendered":"<div class='code-block code-block-1' style='margin: 8px 0 8px auto; text-align: right; display: block; clear: both;'>\n<p><a href=\"https:\/\/wa.link\/vpicfd\"><img data-recalc-dims=\"1\" class=\"wp-image-4922\" style=\"aspect-ratio: 2.0253164556962027; width: 561px; height: auto;\" src=\"https:\/\/i0.wp.com\/ismaelcolosi.com.br\/wp-content\/uploads\/2023\/11\/grupo-de-empregos-whatsapp-e-facebook-ismael-colosi-vagas.jpg?ssl=1\" alt=\"\" \/><\/a><\/p>\n<!-- \/wp:image -->\n<\/div>\n<p> <br \/>\n<\/p>\n<div>\n<p>O fim de ano \u00e9 tempo de festas e viagens, mas tamb\u00e9m \u00e9 um <strong>per\u00edodo cr\u00edtico para os bancos de sangue<\/strong>. Nessa \u00e9poca, as doa\u00e7\u00f5es costumam cair de forma significativa, enquanto a demanda nos hospitais continua alta.<\/p>\n<p>Em <strong>Ribeir\u00e3o Preto<\/strong>, as doa\u00e7\u00f5es s\u00e3o feitas regularmente no <strong>Hemocentro <\/strong>e no <strong>GSH Banco de Sangue<\/strong>. <mark style=\"background-color:#fcb900\" class=\"has-inline-color\">No entanto, por causa do per\u00edodo de fim de ano, essas unidades est\u00e3o com hor\u00e1rios espec\u00edficos \u2013 veja logo abaixo.<\/mark><\/p>\n<h2 class=\"wp-block-heading\"><strong>Como doar sangue?<\/strong><\/h2>\n<p>Para <strong>doar sangue<\/strong>, \u00e9 necess\u00e1rio ter entre 18 e 69 anos e estar em boas condi\u00e7\u00f5es de sa\u00fade, sem sintomas de gripe, resfriado, diarreia ou alergias, al\u00e9m de n\u00e3o apresentar feridas ou machucados no corpo ou na boca. <strong>Tamb\u00e9m \u00e9 preciso atender ao peso m\u00ednimo exigido<\/strong>: homens devem pesar pelo menos 50 quilos, e mulheres, no m\u00ednimo 51 quilos.<\/p>\n<p>Quanto ao intervalo entre as doa\u00e7\u00f5es, as mulheres podem doar a cada 90 dias, com limite de at\u00e9 tr\u00eas doa\u00e7\u00f5es por ano, enquanto os homens podem doar a cada 60 dias, com no m\u00e1ximo quatro doa\u00e7\u00f5es anuais.<\/p>\n<blockquote class=\"instagram-media\" data-instgrm-permalink=\"https:\/\/www.instagram.com\/reel\/DSvOkR_DpAf\/?utm_source=ig_embed&amp;utm_campaign=loading\" data-instgrm-version=\"14\" style=\" background:#FFF; border:0; border-radius:3px; box-shadow:0 0 1px 0 rgba(0,0,0,0.5),0 1px 10px 0 rgba(0,0,0,0.15); margin: 1px; max-width:540px; min-width:326px; padding:0; width:99.375%; width:-webkit-calc(100% - 2px); width:calc(100% - 2px);\"\/>\n<h2 class=\"wp-block-heading\"><strong>Onde doar sangue em Ribeir\u00e3o Preto?<\/strong><\/h2>\n<h3 class=\"wp-block-heading\"><strong>Hemocentro Campus<\/strong><\/h3>\n<p>No <strong>Hemocentro Campus<\/strong>, na rua Ten. Cat\u00e3o Roxo, 2501, as doa\u00e7\u00f5es acontecem de segunda a sexta-feira, das 7h \u00e0s 13h, e aos fins de semana e feriados, das 7h \u00e0s 12h30.<\/p>\n<p>Excepcionalmente, <strong>nos dias 31 de dezembro e 1\u00ba de janeiro, a unidade estar\u00e1 fechada<\/strong>, com retorno das atividades no dia 2 de janeiro de 2026 \u2013 <a href=\"https:\/\/www.instagram.com\/hemocentrorp\/\" target=\"_blank\" data-type=\"link\" data-id=\"https:\/\/www.instagram.com\/hemocentrorp\/\" rel=\"noreferrer noopener\">clique aqui para mais informa\u00e7\u00f5es<\/a>.<\/p>\n<div class=\"wp-block-image\">\n<figure class=\"aligncenter size-full is-resized\"><img data-recalc-dims=\"1\" fetchpriority=\"high\" decoding=\"async\" width=\"680\" height=\"453\" src=\"https:\/\/i0.wp.com\/cdn.media-acidadeon.com.br\/ribeiraopreto\/wp-content\/uploads\/sites\/3\/2025\/12\/50622_2025-12-26_19-18-19.webp?resize=680%2C453&#038;ssl=1\" alt=\"Hemocentro de Ribeir\u00e3o Preto - Foto: divulga\u00e7\u00e3o.\" class=\"wp-image-140355\" style=\"width:654px\" title=\"Doa\u00e7\u00f5es de sangue t\u00eam queda no fim de ano; Veja como e onde doar em Ribeir\u00e3o Preto 1\" srcset=\"https:\/\/cdn.media-acidadeon.com.br\/ribeiraopreto\/wp-content\/uploads\/sites\/3\/2025\/12\/50622_2025-12-26_19-18-19.webp 680w, https:\/\/cdn.media-acidadeon.com.br\/ribeiraopreto\/wp-content\/uploads\/sites\/3\/2025\/12\/50622_2025-12-26_19-18-19-300x200.webp 300w\" sizes=\"(max-width: 680px) 100vw, 680px\"\/><figcaption class=\"wp-element-caption\">Hemocentro de Ribeir\u00e3o Preto \u2013 Foto: divulga\u00e7\u00e3o.<\/figcaption><\/figure>\n<\/div>\n<h3 class=\"wp-block-heading\"><strong>Posto de coleta \u2013 Hemocentro<\/strong><\/h3>\n<p>J\u00e1 no<strong> Posto de Coleta do Hemocentro<\/strong>, na rua Quintino Bocaiuva, 470, o atendimento \u00e9 de segunda a s\u00e1bado, com hor\u00e1rios que variam ao longo do dia (clique aqui para verificar). <strong>A unidade permanece fechada aos domingos<\/strong>.<\/p>\n<p>No per\u00edodo de fim de ano,<strong> o posto n\u00e3o funciona nos dias 1\u00ba e 4 de janeiro<\/strong> e abre nos dias 31 de dezembro, 2 e 3 de janeiro, das 7h30 \u00e0s 12h30 \u2013 <a href=\"https:\/\/www.hemocentro.fmrp.usp.br\/canal-do-doador\/onde-doar\/\" target=\"_blank\" data-type=\"link\" data-id=\"https:\/\/www.hemocentro.fmrp.usp.br\/canal-do-doador\/onde-doar\/\" rel=\"noreferrer noopener\">clique aqui para mais informa\u00e7\u00f5es<\/a>.<\/p>\n<div class=\"wp-block-image\">\n<figure class=\"aligncenter size-full is-resized\"><img data-recalc-dims=\"1\" loading=\"lazy\" decoding=\"async\" width=\"680\" height=\"370\" src=\"https:\/\/i0.wp.com\/cdn.media-acidadeon.com.br\/ribeiraopreto\/wp-content\/uploads\/sites\/3\/2025\/12\/2021-04-26.webp?resize=680%2C370&#038;ssl=1\" alt=\"Posto de coleta do Hemocentro de Ribeir\u00e3o - Foto: divulga\u00e7\u00e3o\/ Hemocentro.\" class=\"wp-image-140356\" style=\"width:654px\" title=\"Doa\u00e7\u00f5es de sangue t\u00eam queda no fim de ano; Veja como e onde doar em Ribeir\u00e3o Preto 2\" srcset=\"https:\/\/cdn.media-acidadeon.com.br\/ribeiraopreto\/wp-content\/uploads\/sites\/3\/2025\/12\/2021-04-26.webp 680w, https:\/\/cdn.media-acidadeon.com.br\/ribeiraopreto\/wp-content\/uploads\/sites\/3\/2025\/12\/2021-04-26-300x163.webp 300w\" sizes=\"auto, (max-width: 680px) 100vw, 680px\"\/><figcaption class=\"wp-element-caption\">Posto de coleta do Hemocentro de Ribeir\u00e3o \u2013 Foto: divulga\u00e7\u00e3o\/ Hemocentro.<\/figcaption><\/figure>\n<\/div>\n<h3 class=\"wp-block-heading\"><strong>Banco de Sangue<\/strong><\/h3>\n<p>No <strong>GSH Banco de Sangue<\/strong>, na rua Quintino Bocaiuva, 975, no dia 27 de dezembro, o atendimento \u00e9 das 7h ao meio-dia, e a unidade permanece fechada aos domingos.<\/p>\n<p>Por causa do Ano-Novo, o local fecha nos dias 31 de dezembro e 1\u00ba de janeiro e reabre no dia 2, das 7h ao meio-dia, com retorno ao hor\u00e1rio normal depois disso \u2013 <a href=\"https:\/\/www.instagram.com\/doesanguerp\/\" target=\"_blank\" data-type=\"link\" data-id=\"https:\/\/www.instagram.com\/doesanguerp\/\" rel=\"noreferrer noopener\">clique aqui para mais informa\u00e7\u00f5es<\/a>.<\/p>\n<div class=\"wp-block-image\">\n<figure class=\"aligncenter size-full is-resized\"><img data-recalc-dims=\"1\" loading=\"lazy\" decoding=\"async\" width=\"479\" height=\"318\" src=\"https:\/\/i0.wp.com\/cdn.media-acidadeon.com.br\/ribeiraopreto\/wp-content\/uploads\/sites\/3\/2025\/12\/fachadaribeirao-preto_2025-12-26_19-21-50.webp?resize=479%2C318&#038;ssl=1\" alt=\"GSH Banco de Sangue em Ribeir\u00e3o Preto - Foto: reprodu\u00e7\u00e3o\/ site.\" class=\"wp-image-140357\" style=\"width:654px\" title=\"Doa\u00e7\u00f5es de sangue t\u00eam queda no fim de ano; Veja como e onde doar em Ribeir\u00e3o Preto 3\" srcset=\"https:\/\/cdn.media-acidadeon.com.br\/ribeiraopreto\/wp-content\/uploads\/sites\/3\/2025\/12\/fachadaribeirao-preto_2025-12-26_19-21-50.webp 479w, https:\/\/cdn.media-acidadeon.com.br\/ribeiraopreto\/wp-content\/uploads\/sites\/3\/2025\/12\/fachadaribeirao-preto_2025-12-26_19-21-50-300x199.webp 300w\" sizes=\"auto, (max-width: 479px) 100vw, 479px\"\/><figcaption class=\"wp-element-caption\">GSH Banco de Sangue em Ribeir\u00e3o Preto \u2013 Foto: reprodu\u00e7\u00e3o\/ site.<\/figcaption><\/figure>\n<\/div>\n<hr class=\"wp-block-separator has-alpha-channel-opacity\"\/>\n<p>SAIBA MAIS<\/p>\n<p>Guaruj\u00e1 ter\u00e1 taxa para turistas; Veja como ser\u00e1 a cobran\u00e7a<\/p>\n<h2 class=\"wp-block-heading\"><strong>FIQUE ON<\/strong><\/h2>\n<p>Fique ligado em tudo que acontece em Ribeir\u00e3o Preto e regi\u00e3o. Siga os perfis do\u00a0<strong>acidade on<\/strong>\u00a0no\u00a0<a href=\"https:\/\/www.instagram.com\/acidadeonribeirao\" target=\"_blank\" rel=\"noreferrer noopener\">Instagram<\/a>\u00a0e no\u00a0<a href=\"https:\/\/www.facebook.com\/acidadeonribeirao\/\" target=\"_blank\" rel=\"noreferrer noopener\">Facebook<\/a>.<\/p>\n<p>Receba not\u00edcias do\u00a0<strong>acidade on<\/strong>\u00a0no WhatsApp. Para entrar no grupo,\u00a0basta<a href=\"https:\/\/chat.whatsapp.com\/GFH9HUMUTHNFJdnyEd0xxq\" target=\"_blank\" rel=\"noreferrer noopener\">\u00a0clicar aqui<\/a>. Ou, acesse o nosso\u00a0Canal\u00a0<a href=\"https:\/\/whatsapp.com\/channel\/0029Vb6IQl1JENyAeS57fk2p\" target=\"_blank\" rel=\"noreferrer noopener\">clicando aqui<\/a>.<\/p>\n<p>Fa\u00e7a uma den\u00fancia ou sugira uma reportagem sobre Ribeir\u00e3o Preto e regi\u00e3o pelo WhatsApp: 16 99117 7802.<\/p>\n<p>VEJA TAMB\u00c9M<br \/>Casquinha do McDonald\u2019s n\u00e3o \u00e9 sorvete?<\/p>\n<p><!-- AI CONTENT END 1 -->\n<\/div>\n<p><script async src=\"\/\/www.instagram.com\/embed.js\"><\/script><br \/>\n<br \/><br \/>\n<br \/><a href=\"https:\/\/www.acidadeon.com\/ribeiraopreto\/cotidiano\/doacoes-de-sangue-tem-queda-no-fim-de-ano-veja-como-e-onde-doar-em-ribeirao-preto\/\">Source link <\/a><\/p>\n<!-- CONTENT END 1 -->\n","protected":false},"excerpt":{"rendered":"<p>O fim de ano \u00e9 tempo de festas e viagens, mas tamb\u00e9m \u00e9 um per\u00edodo cr\u00edtico para os bancos de sangue. Nessa \u00e9poca, as doa\u00e7\u00f5es&#8230;<\/p>\n","protected":false},"author":1,"featured_media":81194,"comment_status":"open","ping_status":"open","sticky":false,"template":"","format":"standard","meta":{"advanced_seo_description":"","jetpack_seo_html_title":"","jetpack_seo_noindex":false,"jetpack_post_was_ever_published":false,"_jetpack_newsletter_access":"","_jetpack_dont_email_post_to_subs":false,"_jetpack_newsletter_tier_id":0,"_jetpack_memberships_contains_paywalled_content":false,"_jetpack_memberships_contains_paid_content":false,"footnotes":"","jetpack_publicize_message":"","jetpack_publicize_feature_enabled":true,"jetpack_social_post_already_shared":true,"jetpack_social_options":{"image_generator_settings":{"template":"highway","default_image_id":0,"font":"","enabled":false},"version":2}},"categories":[11],"tags":[],"class_list":["post-81193","post","type-post","status-publish","format-standard","has-post-thumbnail","hentry","category-noticias-de-ribeirao-preto-sp-e-regiao-ismael-colosi"],"jetpack_publicize_connections":[],"jetpack_featured_media_url":"https:\/\/i0.wp.com\/noticiasribeiraopreto.com.br\/wp-content\/uploads\/2025\/12\/hepatite_exame_de_sangue_2025-12-26_19-29-31.webp.webp?fit=1170%2C700&ssl=1","jetpack-related-posts":[{"id":26182,"url":"https:\/\/noticiasribeiraopreto.com.br\/index.php\/2024\/01\/09\/com-estoque-baixo-banco-de-sangue-de-ribeirao-preto-pede-doacoes\/","url_meta":{"origin":81193,"position":0},"title":"Com estoque baixo, Banco de Sangue de Ribeir\u00e3o Preto pede doa\u00e7\u00f5es","author":"noticiasribeiraopreto.com.br","date":"9 de January de 2024","format":false,"excerpt":"O Banco de Sangue de Ribeir\u00e3o Preto pede \u00e0 popula\u00e7\u00e3o doa\u00e7\u00f5es de sangue e de plaquetas. Com as festas de fim de ano e as f\u00e9rias, houve queda nas doa\u00e7\u00f5es, que j\u00e1 estavam com d\u00e9ficit de 60% em dezembro. \u201cEstamos enfrentando um per\u00edodo muito delicado\u201d, diz Micheli Caligioni, captadora de\u2026","rel":"","context":"In &quot;Not\u00edcias de Ribeir\u00e3o Preto-SP e Regi\u00e3o&quot;","block_context":{"text":"Not\u00edcias de Ribeir\u00e3o Preto-SP e Regi\u00e3o","link":"https:\/\/noticiasribeiraopreto.com.br\/index.php\/category\/noticias-de-ribeirao-preto-sp-e-regiao-ismael-colosi\/"},"img":{"alt_text":"","src":"https:\/\/i0.wp.com\/noticiasribeiraopreto.com.br\/wp-content\/uploads\/2024\/01\/WhatsApp-Image-2024-01-09-at-10.37.23.jpeg?fit=1200%2C540&ssl=1&resize=350%2C200","width":350,"height":200,"srcset":"https:\/\/i0.wp.com\/noticiasribeiraopreto.com.br\/wp-content\/uploads\/2024\/01\/WhatsApp-Image-2024-01-09-at-10.37.23.jpeg?fit=1200%2C540&ssl=1&resize=350%2C200 1x, https:\/\/i0.wp.com\/noticiasribeiraopreto.com.br\/wp-content\/uploads\/2024\/01\/WhatsApp-Image-2024-01-09-at-10.37.23.jpeg?fit=1200%2C540&ssl=1&resize=525%2C300 1.5x, https:\/\/i0.wp.com\/noticiasribeiraopreto.com.br\/wp-content\/uploads\/2024\/01\/WhatsApp-Image-2024-01-09-at-10.37.23.jpeg?fit=1200%2C540&ssl=1&resize=700%2C400 2x, https:\/\/i0.wp.com\/noticiasribeiraopreto.com.br\/wp-content\/uploads\/2024\/01\/WhatsApp-Image-2024-01-09-at-10.37.23.jpeg?fit=1200%2C540&ssl=1&resize=1050%2C600 3x"},"classes":[]},{"id":41317,"url":"https:\/\/noticiasribeiraopreto.com.br\/index.php\/2024\/03\/07\/banco-de-sangue-de-rp-convoca-mulheres\/","url_meta":{"origin":81193,"position":1},"title":"Banco de Sangue de RP convoca mulheres \u00a0","author":"noticiasribeiraopreto.com.br","date":"7 de March de 2024","format":false,"excerpt":"7 de mar\u00e7o de 2024 | 15:007 de mar\u00e7o de 2024 | 10:22 0Nesta semana em que se comemora o Dia Internacional da Mulher, o GSH Banco de Sangue de Ribeir\u00e3o Preto refor\u00e7a a import\u00e2ncia da for\u00e7a feminina como protagonista nesta causa pela vida: a doa\u00e7\u00e3o de sangue. Por meio\u2026","rel":"","context":"In &quot;Not\u00edcias de Ribeir\u00e3o Preto-SP e Regi\u00e3o&quot;","block_context":{"text":"Not\u00edcias de Ribeir\u00e3o Preto-SP e Regi\u00e3o","link":"https:\/\/noticiasribeiraopreto.com.br\/index.php\/category\/noticias-de-ribeirao-preto-sp-e-regiao-ismael-colosi\/"},"img":{"alt_text":"","src":"https:\/\/i0.wp.com\/noticiasribeiraopreto.com.br\/wp-content\/uploads\/2024\/03\/SangueRP-Myke-Sena-MS-scaled.jpg?fit=1000%2C598&ssl=1&resize=350%2C200","width":350,"height":200,"srcset":"https:\/\/i0.wp.com\/noticiasribeiraopreto.com.br\/wp-content\/uploads\/2024\/03\/SangueRP-Myke-Sena-MS-scaled.jpg?fit=1000%2C598&ssl=1&resize=350%2C200 1x, https:\/\/i0.wp.com\/noticiasribeiraopreto.com.br\/wp-content\/uploads\/2024\/03\/SangueRP-Myke-Sena-MS-scaled.jpg?fit=1000%2C598&ssl=1&resize=525%2C300 1.5x, https:\/\/i0.wp.com\/noticiasribeiraopreto.com.br\/wp-content\/uploads\/2024\/03\/SangueRP-Myke-Sena-MS-scaled.jpg?fit=1000%2C598&ssl=1&resize=700%2C400 2x"},"classes":[]},{"id":26437,"url":"https:\/\/noticiasribeiraopreto.com.br\/index.php\/2024\/01\/10\/banco-de-sangue-de-rp-pede-doacoes\/","url_meta":{"origin":81193,"position":2},"title":"Banco de Sangue de RP precisa de doa\u00e7\u00f5es","author":"noticiasribeiraopreto.com.br","date":"10 de January de 2024","format":false,"excerpt":"9 de janeiro de 2024 | 14:309 de janeiro de 2024 | 13:16 0O Banco de Sangue de Ribeir\u00e3o Preto pede \u00e0 popula\u00e7\u00e3o doa\u00e7\u00f5es de sangue e de plaquetas. Com as festas de fim de ano e as f\u00e9rias, houve queda nas doa\u00e7\u00f5es, que j\u00e1 estavam com d\u00e9ficit de 60%\u2026","rel":"","context":"In &quot;Not\u00edcias de Ribeir\u00e3o Preto-SP e Regi\u00e3o&quot;","block_context":{"text":"Not\u00edcias de Ribeir\u00e3o Preto-SP e Regi\u00e3o","link":"https:\/\/noticiasribeiraopreto.com.br\/index.php\/category\/noticias-de-ribeirao-preto-sp-e-regiao-ismael-colosi\/"},"img":{"alt_text":"","src":"https:\/\/i0.wp.com\/noticiasribeiraopreto.com.br\/wp-content\/uploads\/2024\/01\/sangue-scaled.jpg?fit=1000%2C598&ssl=1&resize=350%2C200","width":350,"height":200,"srcset":"https:\/\/i0.wp.com\/noticiasribeiraopreto.com.br\/wp-content\/uploads\/2024\/01\/sangue-scaled.jpg?fit=1000%2C598&ssl=1&resize=350%2C200 1x, https:\/\/i0.wp.com\/noticiasribeiraopreto.com.br\/wp-content\/uploads\/2024\/01\/sangue-scaled.jpg?fit=1000%2C598&ssl=1&resize=525%2C300 1.5x, https:\/\/i0.wp.com\/noticiasribeiraopreto.com.br\/wp-content\/uploads\/2024\/01\/sangue-scaled.jpg?fit=1000%2C598&ssl=1&resize=700%2C400 2x"},"classes":[]},{"id":82073,"url":"https:\/\/noticiasribeiraopreto.com.br\/index.php\/2026\/02\/03\/hemocentro-alerta-para-risco-de-suspensao-de-cirurgias-por-baixo-estoque-de-sangue-saiba-como-doar\/","url_meta":{"origin":81193,"position":3},"title":"Hemocentro alerta para risco de suspens\u00e3o de cirurgias por baixo estoque de sangue; Saiba como doar","author":"noticiasribeiraopreto.com.br","date":"3 de February de 2026","format":false,"excerpt":"O Hemocentro de Ribeir\u00e3o Preto alertou para o risco de suspens\u00e3o de cirurgias em hospitais atendidos pela institui\u00e7\u00e3o devido aos baixos estoques de sangue nessa segunda-feira (2) \u2013 veja como doar logo abaixo. Os estoques de praticamente todos os tipos sangu\u00edneos est\u00e3o abaixo do n\u00edvel m\u00ednimo, com situa\u00e7\u00e3o mais cr\u00edtica\u2026","rel":"","context":"In &quot;Not\u00edcias de Ribeir\u00e3o Preto-SP e Regi\u00e3o&quot;","block_context":{"text":"Not\u00edcias de Ribeir\u00e3o Preto-SP e Regi\u00e3o","link":"https:\/\/noticiasribeiraopreto.com.br\/index.php\/category\/noticias-de-ribeirao-preto-sp-e-regiao-ismael-colosi\/"},"img":{"alt_text":"","src":"https:\/\/i0.wp.com\/noticiasribeiraopreto.com.br\/wp-content\/uploads\/2026\/02\/50622_2025-12-26_19-18-19.webp.webp?fit=680%2C453&ssl=1&resize=350%2C200","width":350,"height":200,"srcset":"https:\/\/i0.wp.com\/noticiasribeiraopreto.com.br\/wp-content\/uploads\/2026\/02\/50622_2025-12-26_19-18-19.webp.webp?fit=680%2C453&ssl=1&resize=350%2C200 1x, https:\/\/i0.wp.com\/noticiasribeiraopreto.com.br\/wp-content\/uploads\/2026\/02\/50622_2025-12-26_19-18-19.webp.webp?fit=680%2C453&ssl=1&resize=525%2C300 1.5x"},"classes":[]},{"id":32386,"url":"https:\/\/noticiasribeiraopreto.com.br\/index.php\/2024\/01\/25\/banco-de-sangue-convoca-doadores-11\/","url_meta":{"origin":81193,"position":4},"title":"Banco de Sangue\u00a0convoca doadores\u00a0 &#8211; Jornal Tribuna Ribeir\u00e3o","author":"noticiasribeiraopreto.com.br","date":"25 de January de 2024","format":false,"excerpt":"O GSH Banco de Sangue de Ribeir\u00e3o Preto segue em sua campanha de convoca\u00e7\u00e3o de doadores, em car\u00e1ter de urg\u00eancia. Todos os tipos sangu\u00edneos s\u00e3o necess\u00e1rios neste momento, e mesmo quem n\u00e3o sabe qual o seu fator RH pode doar, pois no procedimento de doa\u00e7\u00e3o \u00e9 realizado o teste de\u2026","rel":"","context":"In &quot;Not\u00edcias de Ribeir\u00e3o Preto-SP e Regi\u00e3o&quot;","block_context":{"text":"Not\u00edcias de Ribeir\u00e3o Preto-SP e Regi\u00e3o","link":"https:\/\/noticiasribeiraopreto.com.br\/index.php\/category\/noticias-de-ribeirao-preto-sp-e-regiao-ismael-colosi\/"},"img":{"alt_text":"","src":"https:\/\/i0.wp.com\/noticiasribeiraopreto.com.br\/wp-content\/uploads\/2024\/01\/SangueRP-Tomaz-Silva-Ag.Br_-scaled.jpg?fit=1000%2C598&ssl=1&resize=350%2C200","width":350,"height":200,"srcset":"https:\/\/i0.wp.com\/noticiasribeiraopreto.com.br\/wp-content\/uploads\/2024\/01\/SangueRP-Tomaz-Silva-Ag.Br_-scaled.jpg?fit=1000%2C598&ssl=1&resize=350%2C200 1x, https:\/\/i0.wp.com\/noticiasribeiraopreto.com.br\/wp-content\/uploads\/2024\/01\/SangueRP-Tomaz-Silva-Ag.Br_-scaled.jpg?fit=1000%2C598&ssl=1&resize=525%2C300 1.5x, https:\/\/i0.wp.com\/noticiasribeiraopreto.com.br\/wp-content\/uploads\/2024\/01\/SangueRP-Tomaz-Silva-Ag.Br_-scaled.jpg?fit=1000%2C598&ssl=1&resize=700%2C400 2x"},"classes":[]},{"id":45238,"url":"https:\/\/noticiasribeiraopreto.com.br\/index.php\/2024\/04\/03\/banco-de-sangue-de-ribeirao-pede-doacoes-do-tipo-o-negativo-com-urgencia-veja-como-doar\/","url_meta":{"origin":81193,"position":5},"title":"Banco de Sangue de Ribeir\u00e3o pede doa\u00e7\u00f5es do tipo O negativo com urg\u00eancia; Veja como doar","author":"noticiasribeiraopreto.com.br","date":"3 de April de 2024","format":false,"excerpt":"O GSH Banco de Sangue de Ribeir\u00e3o est\u00e1 com estoques do tipo sangu\u00edneo O negativo (doador universal) 22% abaixo do ideal. A institui\u00e7\u00e3o pede doa\u00e7\u00f5es urgentes para conseguir manter o fornecimento aos pacientes. Segundo o Banco de Sangue, ao mesmo tempo em que os estoques enfrentam um d\u00e9ficit, a demanda\u2026","rel":"","context":"In &quot;Not\u00edcias de Ribeir\u00e3o Preto-SP e Regi\u00e3o&quot;","block_context":{"text":"Not\u00edcias de Ribeir\u00e3o Preto-SP e Regi\u00e3o","link":"https:\/\/noticiasribeiraopreto.com.br\/index.php\/category\/noticias-de-ribeirao-preto-sp-e-regiao-ismael-colosi\/"},"img":{"alt_text":"","src":"https:\/\/i0.wp.com\/noticiasribeiraopreto.com.br\/wp-content\/uploads\/2024\/04\/doacao_sangue_500x320_08102017130429.jpg?fit=500%2C322&ssl=1&resize=350%2C200","width":350,"height":200},"classes":[]}],"jetpack_sharing_enabled":true,"jetpack_shortlink":"https:\/\/wp.me\/peQAOb-l7z","_links":{"self":[{"href":"https:\/\/noticiasribeiraopreto.com.br\/index.php\/wp-json\/wp\/v2\/posts\/81193","targetHints":{"allow":["GET"]}}],"collection":[{"href":"https:\/\/noticiasribeiraopreto.com.br\/index.php\/wp-json\/wp\/v2\/posts"}],"about":[{"href":"https:\/\/noticiasribeiraopreto.com.br\/index.php\/wp-json\/wp\/v2\/types\/post"}],"author":[{"embeddable":true,"href":"https:\/\/noticiasribeiraopreto.com.br\/index.php\/wp-json\/wp\/v2\/users\/1"}],"replies":[{"embeddable":true,"href":"https:\/\/noticiasribeiraopreto.com.br\/index.php\/wp-json\/wp\/v2\/comments?post=81193"}],"version-history":[{"count":0,"href":"https:\/\/noticiasribeiraopreto.com.br\/index.php\/wp-json\/wp\/v2\/posts\/81193\/revisions"}],"wp:featuredmedia":[{"embeddable":true,"href":"https:\/\/noticiasribeiraopreto.com.br\/index.php\/wp-json\/wp\/v2\/media\/81194"}],"wp:attachment":[{"href":"https:\/\/noticiasribeiraopreto.com.br\/index.php\/wp-json\/wp\/v2\/media?parent=81193"}],"wp:term":[{"taxonomy":"category","embeddable":true,"href":"https:\/\/noticiasribeiraopreto.com.br\/index.php\/wp-json\/wp\/v2\/categories?post=81193"},{"taxonomy":"post_tag","embeddable":true,"href":"https:\/\/noticiasribeiraopreto.com.br\/index.php\/wp-json\/wp\/v2\/tags?post=81193"}],"curies":[{"name":"wp","href":"https:\/\/api.w.org\/{rel}","templated":true}]}}