{"id":81195,"date":"2025-12-27T07:05:09","date_gmt":"2025-12-27T10:05:09","guid":{"rendered":"https:\/\/noticiasribeiraopreto.com.br\/index.php\/2025\/12\/27\/entenda-a-situacao-da-coleta-de-lixo-em-ribeirao-preto\/"},"modified":"2025-12-27T07:05:09","modified_gmt":"2025-12-27T10:05:09","slug":"entenda-a-situacao-da-coleta-de-lixo-em-ribeirao-preto","status":"publish","type":"post","link":"https:\/\/noticiasribeiraopreto.com.br\/index.php\/2025\/12\/27\/entenda-a-situacao-da-coleta-de-lixo-em-ribeirao-preto\/","title":{"rendered":"Entenda a situa\u00e7\u00e3o da coleta de lixo em Ribeir\u00e3o Preto"},"content":{"rendered":"<div class='code-block code-block-1' style='margin: 8px 0 8px auto; text-align: right; display: block; clear: both;'>\n<p><a href=\"https:\/\/wa.link\/vpicfd\"><img data-recalc-dims=\"1\" class=\"wp-image-4922\" style=\"aspect-ratio: 2.0253164556962027; width: 561px; height: auto;\" src=\"https:\/\/i0.wp.com\/ismaelcolosi.com.br\/wp-content\/uploads\/2023\/11\/grupo-de-empregos-whatsapp-e-facebook-ismael-colosi-vagas.jpg?ssl=1\" alt=\"\" \/><\/a><\/p>\n<!-- \/wp:image -->\n<\/div>\n<p> <br \/>\n<\/p>\n<div data-td-block-uid=\"tdi_95\">\n<div class=\"tdb-block-inner td-fix-index\">\n<p>Moradores de alguns bairros de<strong> Ribeir\u00e3o Preto <\/strong>notaram mudan\u00e7as na coleta do lixo nesta semana. Bairros da zona Sul, como o Jardim Canad\u00e1 e o Jardim Iraj\u00e1 foram afetados, mas a situa\u00e7\u00e3o j\u00e1 come\u00e7ou a ser normalizada nesta sexta-feira (26).<\/p>\n<p>Mas o que houve? A Secretaria de Infraestrutura e Zeladoria informa que a coleta de lixo foi realizada na quarta-feira (24), v\u00e9spera de Natal, com uma hora de anteced\u00eancia, e n\u00e3o foi realizada no dia 25, feriado de <strong>Natal<\/strong>.<\/p>\n<p>Contudo, a secretaria explicou que nesta sexta-feira o servi\u00e7o est\u00e1 sendo realizado normalmente. Lembrando que junto com o dia 1\u00ba de janeiro, o Natal \u00e9 uma das \u00fanicas datas do ano em que a coleta n\u00e3o \u00e9 realizada, quando \u00e9 dada folga aos funcion\u00e1rios que prestam o servi\u00e7o.<\/p>\n<h2 class=\"wp-block-heading\"><strong>Como fica na pr\u00f3xima semana?<\/strong><\/h2>\n<p>Segundo o abre e fecha divulgado pela Prefeitura de Ribeir\u00e3o Preto, no dia 31 de dezembro a coleta do lixo ser\u00e1 novamente antecipada em 1 hora. No dia 1\u00ba de janeiro, o servi\u00e7o n\u00e3o ser\u00e1 realizado, mas a situa\u00e7\u00e3o ser\u00e1 normalizada, novamente, j\u00e1 no dia 2 de janeiro.<\/p>\n<p>SAIBA MAIS<br \/>Ribeir\u00e3o prorroga vacina\u00e7\u00e3o contra HPV para jovens de 15 a 19 anos<\/p>\n<h2 class=\"wp-block-heading\"><strong>FIQUE ON<\/strong><\/h2>\n<p>Fique ligado em tudo que acontece em Ribeir\u00e3o Preto e regi\u00e3o. Siga os perfis do\u00a0<strong>acidade on<\/strong>\u00a0no\u00a0<a href=\"https:\/\/www.instagram.com\/acidadeonribeirao\" target=\"_blank\" rel=\"noreferrer noopener\">Instagram<\/a>\u00a0e no\u00a0<a href=\"https:\/\/www.facebook.com\/acidadeonribeirao\/\" target=\"_blank\" rel=\"noreferrer noopener\">Facebook<\/a>.<\/p>\n<p>Receba not\u00edcias do\u00a0<strong>acidade on<\/strong>\u00a0no WhatsApp. Para entrar no grupo,\u00a0basta<a href=\"https:\/\/chat.whatsapp.com\/GFH9HUMUTHNFJdnyEd0xxq\" target=\"_blank\" rel=\"noreferrer noopener\">\u00a0clicar aqui<\/a>. Ou, acesse o nosso\u00a0Canal\u00a0<a href=\"https:\/\/whatsapp.com\/channel\/0029Vb6IQl1JENyAeS57fk2p\" target=\"_blank\" rel=\"noreferrer noopener\">clicando aqui<\/a>.<\/p>\n<p>Fa\u00e7a uma den\u00fancia ou sugira uma reportagem sobre Ribeir\u00e3o Preto e regi\u00e3o pelo WhatsApp: 16 99117 7802.<\/p>\n<p>VEJA TAMB\u00c9M<br \/>Casquinha do McDonald\u2019s n\u00e3o \u00e9 sorvete?<\/p>\n<p><!-- AI CONTENT END 1 -->\n<\/div>\n<\/div>\n<p><script async src=\"\/\/www.instagram.com\/embed.js\"><\/script><br \/>\n<br \/><br \/>\n<br \/><a href=\"https:\/\/www.acidadeon.com\/ribeiraopreto\/cotidiano\/entenda-a-situacao-da-coleta-de-lixo-em-ribeirao-preto\/\">Source link <\/a><\/p>\n<!-- CONTENT END 1 -->\n","protected":false},"excerpt":{"rendered":"<p>Moradores de alguns bairros de Ribeir\u00e3o Preto notaram mudan\u00e7as na coleta do lixo nesta semana. Bairros da zona Sul, como o Jardim Canad\u00e1 e o&#8230;<\/p>\n","protected":false},"author":1,"featured_media":81196,"comment_status":"open","ping_status":"open","sticky":false,"template":"","format":"standard","meta":{"advanced_seo_description":"","jetpack_seo_html_title":"","jetpack_seo_noindex":false,"jetpack_post_was_ever_published":false,"_jetpack_newsletter_access":"","_jetpack_dont_email_post_to_subs":false,"_jetpack_newsletter_tier_id":0,"_jetpack_memberships_contains_paywalled_content":false,"_jetpack_memberships_contains_paid_content":false,"footnotes":"","jetpack_publicize_message":"","jetpack_publicize_feature_enabled":true,"jetpack_social_post_already_shared":true,"jetpack_social_options":{"image_generator_settings":{"template":"highway","default_image_id":0,"font":"","enabled":false},"version":2}},"categories":[11],"tags":[],"class_list":["post-81195","post","type-post","status-publish","format-standard","has-post-thumbnail","hentry","category-noticias-de-ribeirao-preto-sp-e-regiao-ismael-colosi"],"jetpack_publicize_connections":[],"jetpack_featured_media_url":"https:\/\/i0.wp.com\/noticiasribeiraopreto.com.br\/wp-content\/uploads\/2025\/12\/AnyConv.com__coleta-lixo.webp.webp?fit=1500%2C1001&ssl=1","jetpack-related-posts":[{"id":81759,"url":"https:\/\/noticiasribeiraopreto.com.br\/index.php\/2026\/01\/16\/moradores-da-zona-norte-de-ribeirao-preto-reclamam-de-falhas-na-coleta-de-lixo\/","url_meta":{"origin":81195,"position":0},"title":"Moradores da zona Norte de Ribeir\u00e3o Preto reclamam de falhas na coleta de lixo","author":"noticiasribeiraopreto.com.br","date":"16 de January de 2026","format":false,"excerpt":"Moradores da zona Norte de Ribeir\u00e3o Preto relatam falhas recorrentes na coleta de lixo em bairros da regi\u00e3o, como Presidente Dutra II, conhecido como Silvio Passalacqua, al\u00e9m de Jardim Jandaia e F\u00e1bio Barreto. Nesta semana, moradores informaram que a coleta n\u00e3o foi realizada em um dos dias previstos. Embora o\u2026","rel":"","context":"In &quot;Not\u00edcias de Ribeir\u00e3o Preto-SP e Regi\u00e3o&quot;","block_context":{"text":"Not\u00edcias de Ribeir\u00e3o Preto-SP e Regi\u00e3o","link":"https:\/\/noticiasribeiraopreto.com.br\/index.php\/category\/noticias-de-ribeirao-preto-sp-e-regiao-ismael-colosi\/"},"img":{"alt_text":"","src":"https:\/\/i0.wp.com\/noticiasribeiraopreto.com.br\/wp-content\/uploads\/2026\/01\/domingo-51_2026-01-15_23-48-59.webp.webp?fit=1200%2C675&ssl=1&resize=350%2C200","width":350,"height":200,"srcset":"https:\/\/i0.wp.com\/noticiasribeiraopreto.com.br\/wp-content\/uploads\/2026\/01\/domingo-51_2026-01-15_23-48-59.webp.webp?fit=1200%2C675&ssl=1&resize=350%2C200 1x, https:\/\/i0.wp.com\/noticiasribeiraopreto.com.br\/wp-content\/uploads\/2026\/01\/domingo-51_2026-01-15_23-48-59.webp.webp?fit=1200%2C675&ssl=1&resize=525%2C300 1.5x, https:\/\/i0.wp.com\/noticiasribeiraopreto.com.br\/wp-content\/uploads\/2026\/01\/domingo-51_2026-01-15_23-48-59.webp.webp?fit=1200%2C675&ssl=1&resize=700%2C400 2x, https:\/\/i0.wp.com\/noticiasribeiraopreto.com.br\/wp-content\/uploads\/2026\/01\/domingo-51_2026-01-15_23-48-59.webp.webp?fit=1200%2C675&ssl=1&resize=1050%2C600 3x"},"classes":[]},{"id":84006,"url":"https:\/\/noticiasribeiraopreto.com.br\/index.php\/2026\/03\/30\/ribeirao-preto-altera-dias-e-horarios-da-coleta-de-lixo-veja-os-bairros\/","url_meta":{"origin":81195,"position":1},"title":"Ribeir\u00e3o Preto altera dias e hor\u00e1rios da coleta de lixo; veja os bairros","author":"noticiasribeiraopreto.com.br","date":"30 de March de 2026","format":false,"excerpt":"Ler o resumo da not\u00edcia Prefeitura de Ribeir\u00e3o Preto anunciou mudan\u00e7as nos dias e hor\u00e1rios da coleta de lixo em cinco bairros da cidade. Jardim Progresso ter\u00e1 coleta diurna (6h-18h) \u00e0s ter\u00e7as, quintas e s\u00e1bados. Jardim Salgado Filho, Residencial L\u00e9o Gomes, Jardim Regatas e Jardim Piratininga passam a ter coleta\u2026","rel":"","context":"In &quot;Not\u00edcias de Ribeir\u00e3o Preto-SP e Regi\u00e3o&quot;","block_context":{"text":"Not\u00edcias de Ribeir\u00e3o Preto-SP e Regi\u00e3o","link":"https:\/\/noticiasribeiraopreto.com.br\/index.php\/category\/noticias-de-ribeirao-preto-sp-e-regiao-ismael-colosi\/"},"img":{"alt_text":"","src":"https:\/\/i0.wp.com\/noticiasribeiraopreto.com.br\/wp-content\/uploads\/2026\/03\/WhatsApp-Image-2026-03-30-at-17.36.43-1_2026-03-30_20-53-28.webp.webp?fit=1200%2C799&ssl=1&resize=350%2C200","width":350,"height":200,"srcset":"https:\/\/i0.wp.com\/noticiasribeiraopreto.com.br\/wp-content\/uploads\/2026\/03\/WhatsApp-Image-2026-03-30-at-17.36.43-1_2026-03-30_20-53-28.webp.webp?fit=1200%2C799&ssl=1&resize=350%2C200 1x, https:\/\/i0.wp.com\/noticiasribeiraopreto.com.br\/wp-content\/uploads\/2026\/03\/WhatsApp-Image-2026-03-30-at-17.36.43-1_2026-03-30_20-53-28.webp.webp?fit=1200%2C799&ssl=1&resize=525%2C300 1.5x, https:\/\/i0.wp.com\/noticiasribeiraopreto.com.br\/wp-content\/uploads\/2026\/03\/WhatsApp-Image-2026-03-30-at-17.36.43-1_2026-03-30_20-53-28.webp.webp?fit=1200%2C799&ssl=1&resize=700%2C400 2x, https:\/\/i0.wp.com\/noticiasribeiraopreto.com.br\/wp-content\/uploads\/2026\/03\/WhatsApp-Image-2026-03-30-at-17.36.43-1_2026-03-30_20-53-28.webp.webp?fit=1200%2C799&ssl=1&resize=1050%2C600 3x"},"classes":[]},{"id":84383,"url":"https:\/\/noticiasribeiraopreto.com.br\/index.php\/2026\/04\/08\/prefeitura-reorganiza-coleta-de-lixo-em-ribeirao-preto-veja-o-que-muda-e-em-qual-bairro\/","url_meta":{"origin":81195,"position":2},"title":"Prefeitura reorganiza coleta de lixo em Ribeir\u00e3o Preto; Veja o que muda e em qual bairro","author":"noticiasribeiraopreto.com.br","date":"8 de April de 2026","format":false,"excerpt":"Ler o resumo da not\u00edcia Prefeitura de Ribeir\u00e3o Preto anunciou reorganiza\u00e7\u00e3o dos hor\u00e1rios de coleta de lixo no Jardim Piratininga, zona Oeste. No bairro, a coleta agora ocorre \u00e0s ter\u00e7as, quintas e s\u00e1bados, no per\u00edodo noturno (18h \u00e0s 6h). A mudan\u00e7a abrange as avenidas Patriarca e Monteiro Lobato e a\u2026","rel":"","context":"In &quot;Not\u00edcias de Ribeir\u00e3o Preto-SP e Regi\u00e3o&quot;","block_context":{"text":"Not\u00edcias de Ribeir\u00e3o Preto-SP e Regi\u00e3o","link":"https:\/\/noticiasribeiraopreto.com.br\/index.php\/category\/noticias-de-ribeirao-preto-sp-e-regiao-ismael-colosi\/"},"img":{"alt_text":"","src":"https:\/\/i0.wp.com\/noticiasribeiraopreto.com.br\/wp-content\/uploads\/2026\/04\/palace-6_2026-02-09_23-01-37.webp.webp?fit=1200%2C675&ssl=1&resize=350%2C200","width":350,"height":200,"srcset":"https:\/\/i0.wp.com\/noticiasribeiraopreto.com.br\/wp-content\/uploads\/2026\/04\/palace-6_2026-02-09_23-01-37.webp.webp?fit=1200%2C675&ssl=1&resize=350%2C200 1x, https:\/\/i0.wp.com\/noticiasribeiraopreto.com.br\/wp-content\/uploads\/2026\/04\/palace-6_2026-02-09_23-01-37.webp.webp?fit=1200%2C675&ssl=1&resize=525%2C300 1.5x, https:\/\/i0.wp.com\/noticiasribeiraopreto.com.br\/wp-content\/uploads\/2026\/04\/palace-6_2026-02-09_23-01-37.webp.webp?fit=1200%2C675&ssl=1&resize=700%2C400 2x, https:\/\/i0.wp.com\/noticiasribeiraopreto.com.br\/wp-content\/uploads\/2026\/04\/palace-6_2026-02-09_23-01-37.webp.webp?fit=1200%2C675&ssl=1&resize=1050%2C600 3x"},"classes":[]},{"id":57302,"url":"https:\/\/noticiasribeiraopreto.com.br\/index.php\/2024\/08\/28\/entenda-a-situacao-da-coleta-do-lixo-de-ribeirao-preto\/","url_meta":{"origin":81195,"position":3},"title":"Entenda a situa\u00e7\u00e3o da coleta do lixo de Ribeir\u00e3o Preto","author":"noticiasribeiraopreto.com.br","date":"28 de August de 2024","format":false,"excerpt":"Diversos internautas reclamaram da coleta do lixo de Ribeir\u00e3o Preto nesta quarta-feira (28). Isso porque, n\u00e3o houve a coleta em alguns bairros da cidade desde o \u00faltimo final de semana. De acordo com a Secretaria de Infraestrutura, a coleta do lixo est\u00e1 em opera\u00e7\u00e3o, contudo mais lenta. A previs\u00e3o \u00e9\u2026","rel":"","context":"In &quot;Not\u00edcias de Ribeir\u00e3o Preto-SP e Regi\u00e3o&quot;","block_context":{"text":"Not\u00edcias de Ribeir\u00e3o Preto-SP e Regi\u00e3o","link":"https:\/\/noticiasribeiraopreto.com.br\/index.php\/category\/noticias-de-ribeirao-preto-sp-e-regiao-ismael-colosi\/"},"img":{"alt_text":"","src":"https:\/\/i0.wp.com\/noticiasribeiraopreto.com.br\/wp-content\/uploads\/2024\/08\/lixo-ribeirao-preto_2024-08-28_15-12-29_jpeg_2024-08-28_15-12-30.webp.webp?fit=1200%2C947&ssl=1&resize=350%2C200","width":350,"height":200,"srcset":"https:\/\/i0.wp.com\/noticiasribeiraopreto.com.br\/wp-content\/uploads\/2024\/08\/lixo-ribeirao-preto_2024-08-28_15-12-29_jpeg_2024-08-28_15-12-30.webp.webp?fit=1200%2C947&ssl=1&resize=350%2C200 1x, https:\/\/i0.wp.com\/noticiasribeiraopreto.com.br\/wp-content\/uploads\/2024\/08\/lixo-ribeirao-preto_2024-08-28_15-12-29_jpeg_2024-08-28_15-12-30.webp.webp?fit=1200%2C947&ssl=1&resize=525%2C300 1.5x, https:\/\/i0.wp.com\/noticiasribeiraopreto.com.br\/wp-content\/uploads\/2024\/08\/lixo-ribeirao-preto_2024-08-28_15-12-29_jpeg_2024-08-28_15-12-30.webp.webp?fit=1200%2C947&ssl=1&resize=700%2C400 2x, https:\/\/i0.wp.com\/noticiasribeiraopreto.com.br\/wp-content\/uploads\/2024\/08\/lixo-ribeirao-preto_2024-08-28_15-12-29_jpeg_2024-08-28_15-12-30.webp.webp?fit=1200%2C947&ssl=1&resize=1050%2C600 3x"},"classes":[]},{"id":82071,"url":"https:\/\/noticiasribeiraopreto.com.br\/index.php\/2026\/02\/03\/moradores-relatam-atraso-na-coleta-do-lixo\/","url_meta":{"origin":81195,"position":4},"title":"Moradores relatam \u2028atraso na coleta do lixo","author":"noticiasribeiraopreto.com.br","date":"3 de February de 2026","format":false,"excerpt":"Moradores de bairros como Jardim Jos\u00e9 Sampaio, Joaquim Proc\u00f3pio Ferraz, Alexandre Balbo e Jardim Calif\u00f3rnia relataram atraso na coleta de lixo No \u00faltimo final semana, moradores de bairros como Jardim Jos\u00e9 Sampaio, Joaquim Proc\u00f3pio Ferraz e Alexandre Balbo, na Zona Norte de Ribeir\u00e3o Preto, e Jardim Calif\u00f3rnia, na regi\u00e3o Sul,\u2026","rel":"","context":"In &quot;Not\u00edcias de Ribeir\u00e3o Preto-SP e Regi\u00e3o&quot;","block_context":{"text":"Not\u00edcias de Ribeir\u00e3o Preto-SP e Regi\u00e3o","link":"https:\/\/noticiasribeiraopreto.com.br\/index.php\/category\/noticias-de-ribeirao-preto-sp-e-regiao-ismael-colosi\/"},"img":{"alt_text":"","src":"https:\/\/i0.wp.com\/noticiasribeiraopreto.com.br\/wp-content\/uploads\/2026\/02\/LixoRP-Alfredo-Risk-scaled.jpg?fit=1170%2C780&ssl=1&resize=350%2C200","width":350,"height":200,"srcset":"https:\/\/i0.wp.com\/noticiasribeiraopreto.com.br\/wp-content\/uploads\/2026\/02\/LixoRP-Alfredo-Risk-scaled.jpg?fit=1170%2C780&ssl=1&resize=350%2C200 1x, https:\/\/i0.wp.com\/noticiasribeiraopreto.com.br\/wp-content\/uploads\/2026\/02\/LixoRP-Alfredo-Risk-scaled.jpg?fit=1170%2C780&ssl=1&resize=525%2C300 1.5x, https:\/\/i0.wp.com\/noticiasribeiraopreto.com.br\/wp-content\/uploads\/2026\/02\/LixoRP-Alfredo-Risk-scaled.jpg?fit=1170%2C780&ssl=1&resize=700%2C400 2x, https:\/\/i0.wp.com\/noticiasribeiraopreto.com.br\/wp-content\/uploads\/2026\/02\/LixoRP-Alfredo-Risk-scaled.jpg?fit=1170%2C780&ssl=1&resize=1050%2C600 3x"},"classes":[]},{"id":82328,"url":"https:\/\/noticiasribeiraopreto.com.br\/index.php\/2026\/02\/11\/contrato-do-lixo-tera-correcao\/","url_meta":{"origin":81195,"position":5},"title":"Contrato do lixo ter\u00e1 corre\u00e7\u00e3o\u2028","author":"noticiasribeiraopreto.com.br","date":"11 de February de 2026","format":false,"excerpt":"Segundo a prefeitura, assunto est\u00e1 sendo discutido pelos setores respons\u00e1veis; valor atual do contrato com a empresa respons\u00e1vel pelo servi\u00e7o \u00e9 de R$ 88,9 milh\u00f5es A prefeitura de Ribeir\u00e3o Preto informou, nesta ter\u00e7a-feira, 10 de fevereiro, que est\u00e1 em andamento o processo de repactua\u00e7\u00e3o do contrato do lixo na cidade,\u2026","rel":"","context":"In &quot;Not\u00edcias de Ribeir\u00e3o Preto-SP e Regi\u00e3o&quot;","block_context":{"text":"Not\u00edcias de Ribeir\u00e3o Preto-SP e Regi\u00e3o","link":"https:\/\/noticiasribeiraopreto.com.br\/index.php\/category\/noticias-de-ribeirao-preto-sp-e-regiao-ismael-colosi\/"},"img":{"alt_text":"","src":"https:\/\/i0.wp.com\/noticiasribeiraopreto.com.br\/wp-content\/uploads\/2026\/02\/LixoRP-Col-Fernando-Gonzaga-scaled.jpg?fit=1170%2C780&ssl=1&resize=350%2C200","width":350,"height":200,"srcset":"https:\/\/i0.wp.com\/noticiasribeiraopreto.com.br\/wp-content\/uploads\/2026\/02\/LixoRP-Col-Fernando-Gonzaga-scaled.jpg?fit=1170%2C780&ssl=1&resize=350%2C200 1x, https:\/\/i0.wp.com\/noticiasribeiraopreto.com.br\/wp-content\/uploads\/2026\/02\/LixoRP-Col-Fernando-Gonzaga-scaled.jpg?fit=1170%2C780&ssl=1&resize=525%2C300 1.5x, https:\/\/i0.wp.com\/noticiasribeiraopreto.com.br\/wp-content\/uploads\/2026\/02\/LixoRP-Col-Fernando-Gonzaga-scaled.jpg?fit=1170%2C780&ssl=1&resize=700%2C400 2x, https:\/\/i0.wp.com\/noticiasribeiraopreto.com.br\/wp-content\/uploads\/2026\/02\/LixoRP-Col-Fernando-Gonzaga-scaled.jpg?fit=1170%2C780&ssl=1&resize=1050%2C600 3x"},"classes":[]}],"jetpack_sharing_enabled":true,"jetpack_shortlink":"https:\/\/wp.me\/peQAOb-l7B","_links":{"self":[{"href":"https:\/\/noticiasribeiraopreto.com.br\/index.php\/wp-json\/wp\/v2\/posts\/81195","targetHints":{"allow":["GET"]}}],"collection":[{"href":"https:\/\/noticiasribeiraopreto.com.br\/index.php\/wp-json\/wp\/v2\/posts"}],"about":[{"href":"https:\/\/noticiasribeiraopreto.com.br\/index.php\/wp-json\/wp\/v2\/types\/post"}],"author":[{"embeddable":true,"href":"https:\/\/noticiasribeiraopreto.com.br\/index.php\/wp-json\/wp\/v2\/users\/1"}],"replies":[{"embeddable":true,"href":"https:\/\/noticiasribeiraopreto.com.br\/index.php\/wp-json\/wp\/v2\/comments?post=81195"}],"version-history":[{"count":0,"href":"https:\/\/noticiasribeiraopreto.com.br\/index.php\/wp-json\/wp\/v2\/posts\/81195\/revisions"}],"wp:featuredmedia":[{"embeddable":true,"href":"https:\/\/noticiasribeiraopreto.com.br\/index.php\/wp-json\/wp\/v2\/media\/81196"}],"wp:attachment":[{"href":"https:\/\/noticiasribeiraopreto.com.br\/index.php\/wp-json\/wp\/v2\/media?parent=81195"}],"wp:term":[{"taxonomy":"category","embeddable":true,"href":"https:\/\/noticiasribeiraopreto.com.br\/index.php\/wp-json\/wp\/v2\/categories?post=81195"},{"taxonomy":"post_tag","embeddable":true,"href":"https:\/\/noticiasribeiraopreto.com.br\/index.php\/wp-json\/wp\/v2\/tags?post=81195"}],"curies":[{"name":"wp","href":"https:\/\/api.w.org\/{rel}","templated":true}]}}