{"id":81197,"date":"2025-12-27T07:14:23","date_gmt":"2025-12-27T10:14:23","guid":{"rendered":"https:\/\/noticiasribeiraopreto.com.br\/index.php\/2025\/12\/27\/guaruja-tera-taxa-para-turistas-veja-como-sera-a-cobranca\/"},"modified":"2025-12-27T07:14:23","modified_gmt":"2025-12-27T10:14:23","slug":"guaruja-tera-taxa-para-turistas-veja-como-sera-a-cobranca","status":"publish","type":"post","link":"https:\/\/noticiasribeiraopreto.com.br\/index.php\/2025\/12\/27\/guaruja-tera-taxa-para-turistas-veja-como-sera-a-cobranca\/","title":{"rendered":"Guaruj\u00e1 ter\u00e1 taxa para turistas; Veja como ser\u00e1 a cobran\u00e7a"},"content":{"rendered":"<div class='code-block code-block-1' style='margin: 8px 0 8px auto; text-align: right; display: block; clear: both;'>\n<p><a href=\"https:\/\/wa.link\/vpicfd\"><img data-recalc-dims=\"1\" class=\"wp-image-4922\" style=\"aspect-ratio: 2.0253164556962027; width: 561px; height: auto;\" src=\"https:\/\/i0.wp.com\/ismaelcolosi.com.br\/wp-content\/uploads\/2023\/11\/grupo-de-empregos-whatsapp-e-facebook-ismael-colosi-vagas.jpg?ssl=1\" alt=\"\" \/><\/a><\/p>\n<!-- \/wp:image -->\n<\/div>\n<p> <br \/>\n<\/p>\n<div>\n<p>Este ver\u00e3o deve ser o \u00faltimo em que os banhistas ir\u00e3o curtir as praias do <strong>Guaruj\u00e1<\/strong>, um dos principais destinos tur\u00edsticos do <strong>litoral de S\u00e3o Paulo<\/strong>, sem pagar taxa extra por isso. O prefeito<strong> Farid Madi (Pode)<\/strong> sancionou uma lei que institui a<strong> TPA (Taxa de Preserva\u00e7\u00e3o Ambiental)<\/strong>.<\/p>\n<p>A lei foi publicada no dia 11 de dezembro e o prazo \u00e9 de 90 dias para regulamenta\u00e7\u00e3o \u2013 at\u00e9 l\u00e1, portanto, n\u00e3o haver\u00e1 cobran\u00e7a.<\/p>\n<h2 class=\"wp-block-heading\"><strong>Valor<\/strong><\/h2>\n<p><mark style=\"background-color:#fcb900\" class=\"has-inline-color has-black-color\">Os valores j\u00e1 foram definidos e quem chega de carro ter\u00e1 de desembolsar R$ 19,44 por dia de perman\u00eancia na cidade.<\/mark> Ve\u00edculos maiores, como caminh\u00f5es e \u00f4nibus, v\u00e3o pagar R$ 145,80. Est\u00e3o isentos os ve\u00edculos em passagem r\u00e1pida pela cidade \u2013 menos de 4 horas de perman\u00eancia.<\/p>\n<p>Na orla de 22 quil\u00f4metros do Guaruj\u00e1, existem 27 praias, algumas urbanas e badaladas, como Pitangueiras, Enseada, Pernambuco e Ast\u00farias. Outras s\u00e3o mais isoladas, como Iporanga e Prainha Branca, e h\u00e1 ainda as que s\u00e3o amadas pelos surfistas, como a Praia do Tombo.<\/p>\n<p>Neste ver\u00e3o, a cidade espera 1,5 milh\u00e3o de turistas, segundo estimativa da prefeitura. O munic\u00edpio lan\u00e7ou na semana passada o projeto Guaruj\u00e1, Seu Amor no Ver\u00e3o.<\/p>\n<h2 class=\"wp-block-heading\"><strong>Cobran\u00e7a eletr\u00f4nica<\/strong><\/h2>\n<p>O plano da prefeitura \u00e9 instalar dispositivos eletr\u00f4nicos de cobran\u00e7a em todos os acessos. Guaruj\u00e1 ser\u00e1 a segunda cidade do litoral paulista a adotar a cobran\u00e7a. Ubatuba, no litoral norte, j\u00e1 cobra desde 2023. Outras duas cidades da regi\u00e3o \u2013 S\u00e3o Sebasti\u00e3o e Ilhabela \u2013 tamb\u00e9m preparam a ado\u00e7\u00e3o da medida.<\/p>\n<p>De iniciativa da prefeitura, a taxa do Guaruj\u00e1 foi aprovada pela C\u00e2mara. O pre\u00e7o varia de acordo com o porte do ve\u00edculo. O valor arrecadado ser\u00e1 destinado ao Fundo Municipal de Turismo Sustent\u00e1vel, que promete investir o montante em projetos tur\u00edsticos e ambientais.<\/p>\n<p>No prazo de 90 dias, a prefeitura definir\u00e1 como ser\u00e1 feita a gest\u00e3o do sistema e os procedimentos para cadastro e solicita\u00e7\u00e3o das isen\u00e7\u00f5es. A previs\u00e3o \u00e9 de que, a exemplo de Ubatuba, uma concession\u00e1ria seja contratada para operar o servi\u00e7o.<\/p>\n<p>A cobran\u00e7a ser\u00e1 feita a partir de p\u00f3rticos com c\u00e2meras e sensores instalados nos acessos \u00e0 \u00e1rea urbana e praias mais remotas. Haver\u00e1 consulta p\u00fablica para definir os detalhes.<\/p>\n<p>O valor da taxa tem como base a Unidade Fiscal do Guaruj\u00e1 (UFG), que ser\u00e1 de R$ 4,86 no pr\u00f3ximo ano.<\/p>\n<h2 class=\"wp-block-heading\"><strong>Veja os valores para cada tipo de ve\u00edculo:<\/strong><\/h2>\n<ul class=\"wp-block-list\">\n<li>Motocicletas: 1,5 UFG (R$ 7,29);<\/li>\n<\/ul>\n<ul class=\"wp-block-list\">\n<li>Ve\u00edculos de passeio (at\u00e9 8 lugares): 4 UFG (R$ 19,44);<\/li>\n<\/ul>\n<ul class=\"wp-block-list\">\n<li>Vans, utilit\u00e1rios e pick-ups: 8 UFG (R$ 38,88);<\/li>\n<\/ul>\n<ul class=\"wp-block-list\">\n<li>Micro-\u00f4nibus: 20 UFG (R$ 97,20);<\/li>\n<\/ul>\n<ul class=\"wp-block-list\">\n<li>\u00d4nibus e caminh\u00f5es: 30 UFG (R$ 145,80).<\/li>\n<\/ul>\n<p>O pagamento da taxa poder\u00e1 ser realizado por aplicativo, site, QR Code ou postos credenciados, no prazo de at\u00e9 30 dias, sob pena de multa.<\/p>\n<h2 class=\"wp-block-heading\"><strong>Multa<\/strong><\/h2>\n<p>Conforme a legisla\u00e7\u00e3o, a cobran\u00e7a ser\u00e1 proporcional ao tempo de perman\u00eancia do ve\u00edculo na cidade, com limita\u00e7\u00e3o m\u00e1xima de 15 di\u00e1rias por m\u00eas. Em caso de atraso no pagamento, ser\u00e1 cobrada multa, mais juros, conforme o tempo de atraso. O devedor pode ser inscrito na d\u00edvida ativa.<\/p>\n<p>Estar\u00e3o isentos da taxa ve\u00edculos oficiais e de servi\u00e7os essenciais, como ambul\u00e2ncias, viaturas policiais, de concession\u00e1rias de servi\u00e7os p\u00fablicos e de pessoas com defici\u00eancia que t\u00eam alguma isen\u00e7\u00e3o estadual, al\u00e9m de transportes coletivos urbanos e rodovi\u00e1rios autorizados.<\/p>\n<p>Tamb\u00e9m podem ser isentos mediante cadastro ve\u00edculos de residentes em Guaruj\u00e1 (at\u00e9 4 por resid\u00eancia); de propriet\u00e1rios de im\u00f3veis na cidade (2 por unidade); trabalhadores com v\u00ednculo ativo no munic\u00edpio (1 ve\u00edculo); de transporte escolar e tur\u00edstico local autorizados e ve\u00edculos licenciados nos munic\u00edpios da Baixada Santista (Santos, Cubat\u00e3o, Bertioga, S\u00e3o Vicente, Praia Grande, Mongagu\u00e1, Itanha\u00e9m e Peru\u00edbe).<\/p>\n<p>(com informa\u00e7\u00f5es<strong> Jos\u00e9 Maria Tomazela\/Estad\u00e3o Conte\u00fado<\/strong>)<\/p>\n<p>SAIBA MAIS<br \/>Ribeir\u00e3o prorroga vacina\u00e7\u00e3o contra HPV para jovens de 15 a 19 anos<\/p>\n<h2 class=\"wp-block-heading\"><strong>FIQUE ON<\/strong><\/h2>\n<p>Fique ligado em tudo que acontece em Ribeir\u00e3o Preto e regi\u00e3o. Siga os perfis do\u00a0<strong>acidade on<\/strong>\u00a0no\u00a0<a href=\"https:\/\/www.instagram.com\/acidadeonribeirao\" target=\"_blank\" rel=\"noreferrer noopener\">Instagram<\/a>\u00a0e no\u00a0<a href=\"https:\/\/www.facebook.com\/acidadeonribeirao\/\" target=\"_blank\" rel=\"noreferrer noopener\">Facebook<\/a>.<\/p>\n<p>Receba not\u00edcias do\u00a0<strong>acidade on<\/strong>\u00a0no WhatsApp. Para entrar no grupo,\u00a0basta<a href=\"https:\/\/chat.whatsapp.com\/GFH9HUMUTHNFJdnyEd0xxq\" target=\"_blank\" rel=\"noreferrer noopener\">\u00a0clicar aqui<\/a>. Ou, acesse o nosso\u00a0Canal\u00a0<a href=\"https:\/\/whatsapp.com\/channel\/0029Vb6IQl1JENyAeS57fk2p\" target=\"_blank\" rel=\"noreferrer noopener\">clicando aqui<\/a>.<\/p>\n<p>Fa\u00e7a uma den\u00fancia ou sugira uma reportagem sobre Ribeir\u00e3o Preto e regi\u00e3o pelo WhatsApp: 16 99117 7802.<\/p>\n<p>VEJA TAMB\u00c9M<br \/>Casquinha do McDonald\u2019s n\u00e3o \u00e9 sorvete?<\/p>\n<p><!-- AI CONTENT END 1 -->\n<\/div>\n<p><script async src=\"\/\/www.instagram.com\/embed.js\"><\/script><br \/>\n<br \/><br \/>\n<br \/><a href=\"https:\/\/www.acidadeon.com\/ribeiraopreto\/cotidiano\/guaruja-tera-taxa-para-turistas-veja-como-sera-a-cobranca\/\">Source link <\/a><\/p>\n<!-- CONTENT END 1 -->\n","protected":false},"excerpt":{"rendered":"<p>Este ver\u00e3o deve ser o \u00faltimo em que os banhistas ir\u00e3o curtir as praias do Guaruj\u00e1, um dos principais destinos tur\u00edsticos do litoral de S\u00e3o&#8230;<\/p>\n","protected":false},"author":1,"featured_media":80332,"comment_status":"open","ping_status":"open","sticky":false,"template":"","format":"standard","meta":{"advanced_seo_description":"","jetpack_seo_html_title":"","jetpack_seo_noindex":false,"jetpack_post_was_ever_published":false,"_jetpack_newsletter_access":"","_jetpack_dont_email_post_to_subs":false,"_jetpack_newsletter_tier_id":0,"_jetpack_memberships_contains_paywalled_content":false,"_jetpack_memberships_contains_paid_content":false,"footnotes":"","jetpack_publicize_message":"","jetpack_publicize_feature_enabled":true,"jetpack_social_post_already_shared":true,"jetpack_social_options":{"image_generator_settings":{"template":"highway","default_image_id":0,"font":"","enabled":false},"version":2}},"categories":[11],"tags":[],"class_list":["post-81197","post","type-post","status-publish","format-standard","has-post-thumbnail","hentry","category-noticias-de-ribeirao-preto-sp-e-regiao-ismael-colosi"],"jetpack_publicize_connections":[],"jetpack_featured_media_url":"https:\/\/i0.wp.com\/noticiasribeiraopreto.com.br\/wp-content\/uploads\/2025\/11\/AnyConv.com__guaruja.webp.webp?fit=1200%2C900&ssl=1","jetpack-related-posts":[{"id":7998,"url":"https:\/\/noticiasribeiraopreto.com.br\/index.php\/2023\/11\/29\/guaruja-sp-vai-passar-a-cobrar-taxa-ambiental-de-turistas-saiba-tudo-aqui\/","url_meta":{"origin":81197,"position":0},"title":"Guaruj\u00e1 (SP) vai passar a cobrar taxa ambiental de turistas? Saiba tudo aqui","author":"noticiasribeiraopreto.com.br","date":"29 de November de 2023","format":false,"excerpt":"Depois de Ubatuba, outra cidade do litoral paulista quer taxar de turistas que visitam suas praias. Na \u00faltima sexta-feira, 24, a Prefeitura de Guaruj\u00e1 realizou uma audi\u00eancia p\u00fablica para debater a implementa\u00e7\u00e3o da Taxa de Preserva\u00e7\u00e3o Ambiental (TPA). Cr\u00e9ditos: Marianogueira\/iStockPrefeitura do Guaruj\u00e1, no litoral de SP, avalia cobrar taxa de\u2026","rel":"","context":"In &quot;Variedades&quot;","block_context":{"text":"Variedades","link":"https:\/\/noticiasribeiraopreto.com.br\/index.php\/category\/variedades\/"},"img":{"alt_text":"","src":"https:\/\/i0.wp.com\/noticiasribeiraopreto.com.br\/wp-content\/uploads\/2023\/11\/guaruja-praia-pitangueiras.jpg?fit=1200%2C638&ssl=1&resize=350%2C200","width":350,"height":200,"srcset":"https:\/\/i0.wp.com\/noticiasribeiraopreto.com.br\/wp-content\/uploads\/2023\/11\/guaruja-praia-pitangueiras.jpg?fit=1200%2C638&ssl=1&resize=350%2C200 1x, https:\/\/i0.wp.com\/noticiasribeiraopreto.com.br\/wp-content\/uploads\/2023\/11\/guaruja-praia-pitangueiras.jpg?fit=1200%2C638&ssl=1&resize=525%2C300 1.5x, https:\/\/i0.wp.com\/noticiasribeiraopreto.com.br\/wp-content\/uploads\/2023\/11\/guaruja-praia-pitangueiras.jpg?fit=1200%2C638&ssl=1&resize=700%2C400 2x, https:\/\/i0.wp.com\/noticiasribeiraopreto.com.br\/wp-content\/uploads\/2023\/11\/guaruja-praia-pitangueiras.jpg?fit=1200%2C638&ssl=1&resize=1050%2C600 3x"},"classes":[]},{"id":78212,"url":"https:\/\/noticiasribeiraopreto.com.br\/index.php\/2025\/10\/04\/mais-uma-cidade-do-litoral-cria-taxa-para-turistas-veja-qual\/","url_meta":{"origin":81197,"position":1},"title":"Mais uma cidade do litoral cria taxa para turistas; Veja qual","author":"noticiasribeiraopreto.com.br","date":"4 de October de 2025","format":false,"excerpt":"A Prefeitura de S\u00e3o Sebasti\u00e3o, no litoral Norte de S\u00e3o Paulo, sancionou na \u00faltima quarta-feira (1\u00ba), uma lei que estabelece a cobran\u00e7a de taxa ambiental pela entrada de ve\u00edculos no munic\u00edpio. A proposta, criada pelo prefeito Reinaldinho (Republicanos), foi aprovada em duas vota\u00e7\u00f5es pela C\u00e2mara Municipal. A medida deve entrar\u2026","rel":"","context":"In &quot;Not\u00edcias de Ribeir\u00e3o Preto-SP e Regi\u00e3o&quot;","block_context":{"text":"Not\u00edcias de Ribeir\u00e3o Preto-SP e Regi\u00e3o","link":"https:\/\/noticiasribeiraopreto.com.br\/index.php\/category\/noticias-de-ribeirao-preto-sp-e-regiao-ismael-colosi\/"},"img":{"alt_text":"","src":"https:\/\/i0.wp.com\/noticiasribeiraopreto.com.br\/wp-content\/uploads\/2025\/10\/Copia-de-Copia-de-Copia-de-TAMANHO-EXATO-PARA-FOTOS-NO-SISTEMA-NOVO-2025-10-04T120914.717_2025-10-04_15-09-19.webp.webp?fit=1200%2C675&ssl=1&resize=350%2C200","width":350,"height":200,"srcset":"https:\/\/i0.wp.com\/noticiasribeiraopreto.com.br\/wp-content\/uploads\/2025\/10\/Copia-de-Copia-de-Copia-de-TAMANHO-EXATO-PARA-FOTOS-NO-SISTEMA-NOVO-2025-10-04T120914.717_2025-10-04_15-09-19.webp.webp?fit=1200%2C675&ssl=1&resize=350%2C200 1x, https:\/\/i0.wp.com\/noticiasribeiraopreto.com.br\/wp-content\/uploads\/2025\/10\/Copia-de-Copia-de-Copia-de-TAMANHO-EXATO-PARA-FOTOS-NO-SISTEMA-NOVO-2025-10-04T120914.717_2025-10-04_15-09-19.webp.webp?fit=1200%2C675&ssl=1&resize=525%2C300 1.5x, https:\/\/i0.wp.com\/noticiasribeiraopreto.com.br\/wp-content\/uploads\/2025\/10\/Copia-de-Copia-de-Copia-de-TAMANHO-EXATO-PARA-FOTOS-NO-SISTEMA-NOVO-2025-10-04T120914.717_2025-10-04_15-09-19.webp.webp?fit=1200%2C675&ssl=1&resize=700%2C400 2x, https:\/\/i0.wp.com\/noticiasribeiraopreto.com.br\/wp-content\/uploads\/2025\/10\/Copia-de-Copia-de-Copia-de-TAMANHO-EXATO-PARA-FOTOS-NO-SISTEMA-NOVO-2025-10-04T120914.717_2025-10-04_15-09-19.webp.webp?fit=1200%2C675&ssl=1&resize=1050%2C600 3x"},"classes":[]},{"id":22236,"url":"https:\/\/noticiasribeiraopreto.com.br\/index.php\/2023\/12\/29\/ubatuba-tem-1o-verao-com-taxa-ambiental-para-turistas\/","url_meta":{"origin":81197,"position":2},"title":"Ubatuba tem 1\u00ba ver\u00e3o com taxa ambiental para turistas","author":"noticiasribeiraopreto.com.br","date":"29 de December de 2023","format":false,"excerpt":"Vai passar o Ano Novou ou as f\u00e9rias em Ubatuba, no litoral norte de SP? Ent\u00e3o pode ir preparando o bolso para pagar a Taxa de Preserva\u00e7\u00e3o Ambiental (TPA). Em vigor desde fevereiro, a taxa ser\u00e1 aplicada pela primeira vez aos turistas durante a alta temporada. Cr\u00e9ditos: Divulga\u00e7\u00e3o\/PMUVista da praia\u2026","rel":"","context":"In &quot;Variedades&quot;","block_context":{"text":"Variedades","link":"https:\/\/noticiasribeiraopreto.com.br\/index.php\/category\/variedades\/"},"img":{"alt_text":"","src":"https:\/\/i0.wp.com\/noticiasribeiraopreto.com.br\/wp-content\/uploads\/2023\/12\/ubatuba-praia-picinguaba.jpg?fit=1200%2C638&ssl=1&resize=350%2C200","width":350,"height":200,"srcset":"https:\/\/i0.wp.com\/noticiasribeiraopreto.com.br\/wp-content\/uploads\/2023\/12\/ubatuba-praia-picinguaba.jpg?fit=1200%2C638&ssl=1&resize=350%2C200 1x, https:\/\/i0.wp.com\/noticiasribeiraopreto.com.br\/wp-content\/uploads\/2023\/12\/ubatuba-praia-picinguaba.jpg?fit=1200%2C638&ssl=1&resize=525%2C300 1.5x, https:\/\/i0.wp.com\/noticiasribeiraopreto.com.br\/wp-content\/uploads\/2023\/12\/ubatuba-praia-picinguaba.jpg?fit=1200%2C638&ssl=1&resize=700%2C400 2x, https:\/\/i0.wp.com\/noticiasribeiraopreto.com.br\/wp-content\/uploads\/2023\/12\/ubatuba-praia-picinguaba.jpg?fit=1200%2C638&ssl=1&resize=1050%2C600 3x"},"classes":[]},{"id":62249,"url":"https:\/\/noticiasribeiraopreto.com.br\/index.php\/2025\/01\/08\/taxa-para-visitar-ubatuba-fica-mais-cara-veja-os-novos-valores\/","url_meta":{"origin":81197,"position":3},"title":"Taxa para visitar Ubatuba fica mais cara; Veja os novos valores","author":"noticiasribeiraopreto.com.br","date":"8 de January de 2025","format":false,"excerpt":"O turista que for visitar Ubatuba, no litoral Norte de S\u00e3o Paulo, vai pagar mais caro neste ver\u00e3o. Isso porque, a prefeitura da cidade aumentou o valor da taxa de preserva\u00e7\u00e3o ambiental, que est\u00e1 em vigor desde 1\u00ba de janeiro. Os valores foram corrigidos em 5,59%, com base no IGP-M\u2026","rel":"","context":"In &quot;Not\u00edcias de Ribeir\u00e3o Preto-SP e Regi\u00e3o&quot;","block_context":{"text":"Not\u00edcias de Ribeir\u00e3o Preto-SP e Regi\u00e3o","link":"https:\/\/noticiasribeiraopreto.com.br\/index.php\/category\/noticias-de-ribeirao-preto-sp-e-regiao-ismael-colosi\/"},"img":{"alt_text":"","src":"https:\/\/i0.wp.com\/noticiasribeiraopreto.com.br\/wp-content\/uploads\/2025\/01\/praia_grande_1200x675_18112021123840.jpg?fit=1200%2C675&ssl=1&resize=350%2C200","width":350,"height":200,"srcset":"https:\/\/i0.wp.com\/noticiasribeiraopreto.com.br\/wp-content\/uploads\/2025\/01\/praia_grande_1200x675_18112021123840.jpg?fit=1200%2C675&ssl=1&resize=350%2C200 1x, https:\/\/i0.wp.com\/noticiasribeiraopreto.com.br\/wp-content\/uploads\/2025\/01\/praia_grande_1200x675_18112021123840.jpg?fit=1200%2C675&ssl=1&resize=525%2C300 1.5x, https:\/\/i0.wp.com\/noticiasribeiraopreto.com.br\/wp-content\/uploads\/2025\/01\/praia_grande_1200x675_18112021123840.jpg?fit=1200%2C675&ssl=1&resize=700%2C400 2x, https:\/\/i0.wp.com\/noticiasribeiraopreto.com.br\/wp-content\/uploads\/2025\/01\/praia_grande_1200x675_18112021123840.jpg?fit=1200%2C675&ssl=1&resize=1050%2C600 3x"},"classes":[]},{"id":43160,"url":"https:\/\/noticiasribeiraopreto.com.br\/index.php\/2024\/03\/19\/preco-da-locacao-recua-no-litoral-na-pascoa\/","url_meta":{"origin":81197,"position":4},"title":"Pre\u00e7o da loca\u00e7\u00e3o recua no litoral na P\u00e1scoa","author":"noticiasribeiraopreto.com.br","date":"19 de March de 2024","format":false,"excerpt":"Quem procura casas com tr\u00eas dormit\u00f3rios em cidades como Guaruj\u00e1 e Santos, no Litoral Central de S\u00e3o Paulo, para passar o pr\u00f3ximo feriado da Semana Santa \u2013 entre a Sexta-Feira da Paix\u00e3o (29) e o Domingo de P\u00e1scoa, 31 de mar\u00e7o \u2013, vai economizar 67,69% na compara\u00e7\u00e3o com os valores\u2026","rel":"","context":"In &quot;Not\u00edcias de Ribeir\u00e3o Preto-SP e Regi\u00e3o&quot;","block_context":{"text":"Not\u00edcias de Ribeir\u00e3o Preto-SP e Regi\u00e3o","link":"https:\/\/noticiasribeiraopreto.com.br\/index.php\/category\/noticias-de-ribeirao-preto-sp-e-regiao-ismael-colosi\/"},"img":{"alt_text":"","src":"https:\/\/i0.wp.com\/noticiasribeiraopreto.com.br\/wp-content\/uploads\/2024\/03\/Praia-Redes-sociais-Reproducao-1-scaled.jpeg?fit=1000%2C563&ssl=1&resize=350%2C200","width":350,"height":200,"srcset":"https:\/\/i0.wp.com\/noticiasribeiraopreto.com.br\/wp-content\/uploads\/2024\/03\/Praia-Redes-sociais-Reproducao-1-scaled.jpeg?fit=1000%2C563&ssl=1&resize=350%2C200 1x, https:\/\/i0.wp.com\/noticiasribeiraopreto.com.br\/wp-content\/uploads\/2024\/03\/Praia-Redes-sociais-Reproducao-1-scaled.jpeg?fit=1000%2C563&ssl=1&resize=525%2C300 1.5x, https:\/\/i0.wp.com\/noticiasribeiraopreto.com.br\/wp-content\/uploads\/2024\/03\/Praia-Redes-sociais-Reproducao-1-scaled.jpeg?fit=1000%2C563&ssl=1&resize=700%2C400 2x"},"classes":[]},{"id":84049,"url":"https:\/\/noticiasribeiraopreto.com.br\/index.php\/2026\/03\/31\/cidade-no-litoral-norte-de-sp-comeca-a-cobrar-taxa-para-turistas-veja-os-valores\/","url_meta":{"origin":81197,"position":5},"title":"Cidade no litoral norte de SP come\u00e7a a cobrar taxa para turistas; Veja os valores","author":"noticiasribeiraopreto.com.br","date":"31 de March de 2026","format":false,"excerpt":"Ler o resumo da not\u00edcia Ilhabela (litoral norte de SP) come\u00e7ou a cobrar a TPA (Taxa de Preserva\u00e7\u00e3o Ambiental) para turistas a partir desta ter\u00e7a-feira (31). Valores variam de R$ 10 (moto) a R$ 140 (\u00f4nibus), com ve\u00edculos de passeio paying R$ 48. A taxa, suspensa em 2020 durante a\u2026","rel":"","context":"In &quot;Not\u00edcias de Ribeir\u00e3o Preto-SP e Regi\u00e3o&quot;","block_context":{"text":"Not\u00edcias de Ribeir\u00e3o Preto-SP e Regi\u00e3o","link":"https:\/\/noticiasribeiraopreto.com.br\/index.php\/category\/noticias-de-ribeirao-preto-sp-e-regiao-ismael-colosi\/"},"img":{"alt_text":"","src":"https:\/\/i0.wp.com\/noticiasribeiraopreto.com.br\/wp-content\/uploads\/2026\/03\/ilhabela_2026-03-31_20-31-05.webp.webp?fit=800%2C450&ssl=1&resize=350%2C200","width":350,"height":200,"srcset":"https:\/\/i0.wp.com\/noticiasribeiraopreto.com.br\/wp-content\/uploads\/2026\/03\/ilhabela_2026-03-31_20-31-05.webp.webp?fit=800%2C450&ssl=1&resize=350%2C200 1x, https:\/\/i0.wp.com\/noticiasribeiraopreto.com.br\/wp-content\/uploads\/2026\/03\/ilhabela_2026-03-31_20-31-05.webp.webp?fit=800%2C450&ssl=1&resize=525%2C300 1.5x, https:\/\/i0.wp.com\/noticiasribeiraopreto.com.br\/wp-content\/uploads\/2026\/03\/ilhabela_2026-03-31_20-31-05.webp.webp?fit=800%2C450&ssl=1&resize=700%2C400 2x"},"classes":[]}],"jetpack_sharing_enabled":true,"jetpack_shortlink":"https:\/\/wp.me\/peQAOb-l7D","_links":{"self":[{"href":"https:\/\/noticiasribeiraopreto.com.br\/index.php\/wp-json\/wp\/v2\/posts\/81197","targetHints":{"allow":["GET"]}}],"collection":[{"href":"https:\/\/noticiasribeiraopreto.com.br\/index.php\/wp-json\/wp\/v2\/posts"}],"about":[{"href":"https:\/\/noticiasribeiraopreto.com.br\/index.php\/wp-json\/wp\/v2\/types\/post"}],"author":[{"embeddable":true,"href":"https:\/\/noticiasribeiraopreto.com.br\/index.php\/wp-json\/wp\/v2\/users\/1"}],"replies":[{"embeddable":true,"href":"https:\/\/noticiasribeiraopreto.com.br\/index.php\/wp-json\/wp\/v2\/comments?post=81197"}],"version-history":[{"count":0,"href":"https:\/\/noticiasribeiraopreto.com.br\/index.php\/wp-json\/wp\/v2\/posts\/81197\/revisions"}],"wp:featuredmedia":[{"embeddable":true,"href":"https:\/\/noticiasribeiraopreto.com.br\/index.php\/wp-json\/wp\/v2\/media\/80332"}],"wp:attachment":[{"href":"https:\/\/noticiasribeiraopreto.com.br\/index.php\/wp-json\/wp\/v2\/media?parent=81197"}],"wp:term":[{"taxonomy":"category","embeddable":true,"href":"https:\/\/noticiasribeiraopreto.com.br\/index.php\/wp-json\/wp\/v2\/categories?post=81197"},{"taxonomy":"post_tag","embeddable":true,"href":"https:\/\/noticiasribeiraopreto.com.br\/index.php\/wp-json\/wp\/v2\/tags?post=81197"}],"curies":[{"name":"wp","href":"https:\/\/api.w.org\/{rel}","templated":true}]}}