{"id":81198,"date":"2025-12-27T07:21:12","date_gmt":"2025-12-27T10:21:12","guid":{"rendered":"https:\/\/noticiasribeiraopreto.com.br\/index.php\/2025\/12\/27\/saiba-quais-rodovias-da-regiao-de-ribeirao-preto-estao-na-lista-das-melhores-do-pais\/"},"modified":"2025-12-27T07:21:12","modified_gmt":"2025-12-27T10:21:12","slug":"saiba-quais-rodovias-da-regiao-de-ribeirao-preto-estao-na-lista-das-melhores-do-pais","status":"publish","type":"post","link":"https:\/\/noticiasribeiraopreto.com.br\/index.php\/2025\/12\/27\/saiba-quais-rodovias-da-regiao-de-ribeirao-preto-estao-na-lista-das-melhores-do-pais\/","title":{"rendered":"Saiba quais rodovias da regi\u00e3o de Ribeir\u00e3o Preto est\u00e3o na lista das melhores do Pa\u00eds"},"content":{"rendered":"<div class='code-block code-block-1' style='margin: 8px 0 8px auto; text-align: right; display: block; clear: both;'>\n<p><a href=\"https:\/\/wa.link\/vpicfd\"><img data-recalc-dims=\"1\" class=\"wp-image-4922\" style=\"aspect-ratio: 2.0253164556962027; width: 561px; height: auto;\" src=\"https:\/\/i0.wp.com\/ismaelcolosi.com.br\/wp-content\/uploads\/2023\/11\/grupo-de-empregos-whatsapp-e-facebook-ismael-colosi-vagas.jpg?ssl=1\" alt=\"\" \/><\/a><\/p>\n<!-- \/wp:image -->\n<\/div>\n<p> <br \/>\n<\/p>\n<div>\n<p>O <strong>Estado de S\u00e3o Paulo<\/strong> concentra 14 das 20 rodovias classificadas como \u00f3timas ou boas no Brasil, segundo a edi\u00e7\u00e3o mais recente da Pesquisa de Rodovias da <strong>CNT (Confedera\u00e7\u00e3o Nacional do Transporte)<\/strong>. Entre elas, quatro passam pela regi\u00e3o de <strong>Ribeir\u00e3o Preto<\/strong>.<\/p>\n<p>O levantamento coloca S\u00e3o Paulo na lideran\u00e7a nacional em qualidade da malha vi\u00e1ria, \u00e0 frente de outros estados com extensas redes rodovi\u00e1rias. A metodologia da CNT considera tr\u00eas crit\u00e9rios principais:<\/p>\n<ul class=\"wp-block-list\">\n<li>pavimento, sinaliza\u00e7\u00e3o e geometria da via, avaliando itens como condi\u00e7\u00f5es do asfalto, qualidade da sinaliza\u00e7\u00e3o, exist\u00eancia de acostamentos, curvas, pontes e dispositivos de seguran\u00e7a.<\/li>\n<\/ul>\n<p>Segundo a entidade, a precariedade da infraestrutura rodovi\u00e1ria tem impacto direto sobre a economia: rodovias em m\u00e1s condi\u00e7\u00f5es elevam em m\u00e9dia 31,2% os custos operacionais do transporte, percentual que pode chegar a 35,8% nas estradas sob gest\u00e3o p\u00fablica direta.<\/p>\n<h2 class=\"wp-block-heading\"><strong>Veja o Ranking:<\/strong><\/h2>\n<p>1 \u2013 S\u00e3o Paulo: SP-270 (Raposo Tavares)\/ BR-267 \/ BR-374 \u2013 Trecho de Presidente Epit\u00e1cio a Ourinhos \u2013 \u00d3timo<\/p>\n<p>2 \u2013 Rio de Janeiro: RJ-124 \u2013 Trecho de Rio Bonito a S\u00e3o Pedro da Aldeia \u2013 \u00d3timo<\/p>\n<p>3 \u2013 S\u00e3o Paulo: SP-348 (Rodovia dos Bandeirantes)\u2013 Cordeir\u00f3polis \u2013 \u00d3timo<\/p>\n<p>4 \u2013 S\u00e3o Paulo: SP-225 (Rodovia Comandante Jo\u00e3o Ribeiro de Barros\/Engenheiro Paulo Nilo Romano)\/ BR-369 \u2013 Trecho de Itirapina a Santa Cruz do Rio Pardo \u2013 \u00d3timo<\/p>\n<p>5 \u2013 S\u00e3o Paulo: SP-320 (Rodovia Euclides da Cunha) \u00a0\u2013 Trecho de Rubin\u00e9ia a Mirassol \u2013 \u00d3timo (p\u00fablica)<\/p>\n<p>6 \u2013 Minas Gerais: BR-050 \/ BR-262 \/ BR-365 \/ BR-455 \/ BR-464 \u2013 Trecho de Araguari a Delta \u2013 \u00d3timo<\/p>\n<p>7 \u2013 S\u00e3o Paulo: SP-070 (Rodovia Ayrton Senna\/Carvalho Pinto) \u2013 Trecho de Taubat\u00e9 a Guarulhos \u2013 \u00d3timo<\/p>\n<p>8 \u2013 S\u00e3o Paulo: SP-021 (Rodoanel) \u2013 Trecho de Aruj\u00e1 a S\u00e3o Paulo l \u2013 \u00d3timo<\/p>\n<p>9 \u2013 S\u00e3o Paulo: SP-270 (Raposo Tavares) \/ BR-272 \/ BR-373 \u2013 Trecho de S\u00e3o Paulo a Itapetininga \u2013 \u00d3timo<\/p>\n<p>10 \u2013 Goi\u00e1s: BR-050 \/ BR-352 \u2013 Trecho de Cristalina a Cumari \u2013 \u00d3timo<\/p>\n<p>11 \u2013 S\u00e3o Paulo: SP-463 \u00a0(Rodovia Elyeser Montenegro Magalh\u00e3es) \u2013 Trecho de Ouroeste a Clementina \u2013 \u00d3timo (p\u00fablica)<\/p>\n<p><strong>12 \u2013 S\u00e3o Paulo: SP-326 (Rodovia Brigadeiro Faria Lima) \/ BR-364 \u2013 Trecho de Barretos a Mat\u00e3o \u2013 \u00d3timo<\/strong><\/p>\n<p>13 \u2013 Paran\u00e1: BR-163 \u2013 Trecho de Cascavel a Realeza \u2013 \u00d3timo<\/p>\n<p>14 \u2013 Santa Catarina: BR-101 \/ BR-282 \/ BR-376 \/ BR-486 \u2013 Trecho de Garuva a Passo De Torres \u2013 \u00d3timo<\/p>\n<p><strong>15 \u2013 S\u00e3o Paulo: SP-334 (Rodovia C\u00e2ndido Portinari) \u00a0\u2013 Trecho de Cristais Paulista a Ribeir\u00e3o Preto \u2013 \u00d3timo<\/strong><\/p>\n<p><strong>16 \u2013 S\u00e3o Paulo: SP-351 (Rodovia Altino Arantes) \u00a0\/ BR-265 \u2013 Trecho de Batatais a Santo Ant\u00f4nio da Alegria \u2013 Bom (p\u00fablica)<\/strong><\/p>\n<p><strong>17 \u2013 S\u00e3o Paulo: SP-333 (Rodovia Carlos Tonani) \/ BR-153 \u2013 Trecho de Sert\u00e3ozinho a Flor\u00ednia \u2013 Bom<\/strong><\/p>\n<p>18 \u2013 S\u00e3o Paulo: SP-310(Rodovia Washington Lu\u00eds) \/ BR-267 \/ BR-364 \/ BR-456 \u2013 Trecho de Mirassol a Cordeir\u00f3polis \u2013 Bom<\/p>\n<p>19 \u2013 Mato Grosso do Sul: BR-359 \u2013 Trecho de Costa Rica a Coxim \u2013 Bom<\/p>\n<p>20 \u2013 S\u00e3o Paulo: SP-300 \u00a0(Rodovia Marechal Rondon)\/ BR-154 \/ BR-262 \/ BR-267 \u2013 Trecho de Castilho a Jundia\u00ed \u2013 Bom<\/p>\n<figure class=\"wp-block-image size-full\"><img data-recalc-dims=\"1\" fetchpriority=\"high\" decoding=\"async\" width=\"371\" height=\"431\" src=\"https:\/\/i0.wp.com\/cdn.media-acidadeon.com.br\/ribeiraopreto\/wp-content\/uploads\/sites\/3\/2025\/12\/rodovia-candido-portinari.webp?resize=371%2C431&#038;ssl=1\" alt=\"rodovia candido portinari\" class=\"wp-image-140347\" title=\"Saiba quais rodovias da regi\u00e3o de Ribeir\u00e3o Preto est\u00e3o na lista das melhores do Pa\u00eds 1\" srcset=\"https:\/\/cdn.media-acidadeon.com.br\/ribeiraopreto\/wp-content\/uploads\/sites\/3\/2025\/12\/rodovia-candido-portinari.webp 371w, https:\/\/cdn.media-acidadeon.com.br\/ribeiraopreto\/wp-content\/uploads\/sites\/3\/2025\/12\/rodovia-candido-portinari-258x300.webp 258w\" sizes=\"(max-width: 371px) 100vw, 371px\"\/><figcaption class=\"wp-element-caption\">Rodovia C\u00e2ndido Portinari aparece entre as 20 melhores do Pa\u00eds (Foto: divulga\u00e7\u00e3o)<\/figcaption><\/figure>\n<p>SAIBA MAIS<br \/>Ribeir\u00e3o prorroga vacina\u00e7\u00e3o contra HPV para jovens de 15 a 19 anos<\/p>\n<h2 class=\"wp-block-heading\"><strong>FIQUE ON<\/strong><\/h2>\n<p>Fique ligado em tudo que acontece em Ribeir\u00e3o Preto e regi\u00e3o. Siga os perfis do\u00a0<strong>acidade on<\/strong>\u00a0no\u00a0<a href=\"https:\/\/www.instagram.com\/acidadeonribeirao\" target=\"_blank\" rel=\"noreferrer noopener\">Instagram<\/a>\u00a0e no\u00a0<a href=\"https:\/\/www.facebook.com\/acidadeonribeirao\/\" target=\"_blank\" rel=\"noreferrer noopener\">Facebook<\/a>.<\/p>\n<p>Receba not\u00edcias do\u00a0<strong>acidade on<\/strong>\u00a0no WhatsApp. Para entrar no grupo,\u00a0basta<a href=\"https:\/\/chat.whatsapp.com\/GFH9HUMUTHNFJdnyEd0xxq\" target=\"_blank\" rel=\"noreferrer noopener\">\u00a0clicar aqui<\/a>. Ou, acesse o nosso\u00a0Canal\u00a0<a href=\"https:\/\/whatsapp.com\/channel\/0029Vb6IQl1JENyAeS57fk2p\" target=\"_blank\" rel=\"noreferrer noopener\">clicando aqui<\/a>.<\/p>\n<p>Fa\u00e7a uma den\u00fancia ou sugira uma reportagem sobre Ribeir\u00e3o Preto e regi\u00e3o pelo WhatsApp: 16 99117 7802.<\/p>\n<p>VEJA TAMB\u00c9M<br \/>Casquinha do McDonald\u2019s n\u00e3o \u00e9 sorvete?<\/p>\n<p><!-- AI CONTENT END 1 -->\n<\/div>\n<p><script async src=\"\/\/www.instagram.com\/embed.js\"><\/script><br \/>\n<br \/><br \/>\n<br \/><a href=\"https:\/\/www.acidadeon.com\/ribeiraopreto\/economia\/saiba-quais-rodovias-da-regiao-de-ribeirao-preto-estao-na-lista-das-melhores-do-pais\/\">Source link <\/a><\/p>\n<!-- CONTENT END 1 -->\n","protected":false},"excerpt":{"rendered":"<p>O Estado de S\u00e3o Paulo concentra 14 das 20 rodovias classificadas como \u00f3timas ou boas no Brasil, segundo a edi\u00e7\u00e3o mais recente da Pesquisa de&#8230;<\/p>\n","protected":false},"author":1,"featured_media":81199,"comment_status":"open","ping_status":"open","sticky":false,"template":"","format":"standard","meta":{"advanced_seo_description":"","jetpack_seo_html_title":"","jetpack_seo_noindex":false,"jetpack_post_was_ever_published":false,"_jetpack_newsletter_access":"","_jetpack_dont_email_post_to_subs":false,"_jetpack_newsletter_tier_id":0,"_jetpack_memberships_contains_paywalled_content":false,"_jetpack_memberships_contains_paid_content":false,"footnotes":"","jetpack_publicize_message":"","jetpack_publicize_feature_enabled":true,"jetpack_social_post_already_shared":true,"jetpack_social_options":{"image_generator_settings":{"template":"highway","default_image_id":0,"font":"","enabled":false},"version":2}},"categories":[11],"tags":[],"class_list":["post-81198","post","type-post","status-publish","format-standard","has-post-thumbnail","hentry","category-noticias-de-ribeirao-preto-sp-e-regiao-ismael-colosi"],"jetpack_publicize_connections":[],"jetpack_featured_media_url":"https:\/\/i0.wp.com\/noticiasribeiraopreto.com.br\/wp-content\/uploads\/2025\/12\/Rodovia-Brigadeiro-Faria-Lima_2025-12-26_16-48-12.webp.webp?fit=1200%2C675&ssl=1","jetpack-related-posts":[{"id":60608,"url":"https:\/\/noticiasribeiraopreto.com.br\/index.php\/2024\/11\/19\/veja-quais-sao-as-10-melhores-rodovias-do-pais-maioria-e-em-sao-paulo\/","url_meta":{"origin":81198,"position":0},"title":"Veja quais s\u00e3o as 10 melhores rodovias do Pa\u00eds; maioria\u00a0\u00e9\u00a0em\u00a0S\u00e3o Paulo","author":"noticiasribeiraopreto.com.br","date":"19 de November de 2024","format":false,"excerpt":"De acordo com um levantamento divulgado nesta ter\u00e7a-feira (19) pela Confedera\u00e7\u00e3o Nacional do Transporte (CNT), o Estado de S\u00e3o Paulo \u00e9 destaque no ranking das melhores rodovias do Brasil, ocupando nove das dez primeiras posi\u00e7\u00f5es. O estudo revela tamb\u00e9m que oito das dez rodovias paulistas mais bem avaliadas s\u00e3o administradas\u2026","rel":"","context":"In &quot;Not\u00edcias de Ribeir\u00e3o Preto-SP e Regi\u00e3o&quot;","block_context":{"text":"Not\u00edcias de Ribeir\u00e3o Preto-SP e Regi\u00e3o","link":"https:\/\/noticiasribeiraopreto.com.br\/index.php\/category\/noticias-de-ribeirao-preto-sp-e-regiao-ismael-colosi\/"},"img":{"alt_text":"","src":"https:\/\/i0.wp.com\/noticiasribeiraopreto.com.br\/wp-content\/uploads\/2024\/11\/54057611496_123c6ac492_k_2024-11-19_20-08-17_jpg_2024-11-19_20-08-17.webp.webp?fit=1200%2C675&ssl=1&resize=350%2C200","width":350,"height":200,"srcset":"https:\/\/i0.wp.com\/noticiasribeiraopreto.com.br\/wp-content\/uploads\/2024\/11\/54057611496_123c6ac492_k_2024-11-19_20-08-17_jpg_2024-11-19_20-08-17.webp.webp?fit=1200%2C675&ssl=1&resize=350%2C200 1x, https:\/\/i0.wp.com\/noticiasribeiraopreto.com.br\/wp-content\/uploads\/2024\/11\/54057611496_123c6ac492_k_2024-11-19_20-08-17_jpg_2024-11-19_20-08-17.webp.webp?fit=1200%2C675&ssl=1&resize=525%2C300 1.5x, https:\/\/i0.wp.com\/noticiasribeiraopreto.com.br\/wp-content\/uploads\/2024\/11\/54057611496_123c6ac492_k_2024-11-19_20-08-17_jpg_2024-11-19_20-08-17.webp.webp?fit=1200%2C675&ssl=1&resize=700%2C400 2x, https:\/\/i0.wp.com\/noticiasribeiraopreto.com.br\/wp-content\/uploads\/2024\/11\/54057611496_123c6ac492_k_2024-11-19_20-08-17_jpg_2024-11-19_20-08-17.webp.webp?fit=1200%2C675&ssl=1&resize=1050%2C600 3x"},"classes":[]},{"id":84254,"url":"https:\/\/noticiasribeiraopreto.com.br\/index.php\/2026\/04\/06\/rodovia-de-ribeirao-preto-recebe-simulado-de-acidente-com-produto-perigoso\/","url_meta":{"origin":81198,"position":1},"title":"Rodovia de Ribeir\u00e3o Preto recebe simulado de acidente com produto perigoso","author":"noticiasribeiraopreto.com.br","date":"6 de April de 2026","format":false,"excerpt":"Ler o resumo da not\u00edcia Rodovia de Ribeir\u00e3o Preto recebe simulado de acidente com produto perigoso Com o objetivo de treinar, integrar e atualizar os procedimentos adotados pelas equipes operacionais no atendimento a ocorr\u00eancias nas rodovias, a Arteris ViaPaulista realizar\u00e1, na quinta-feira (9), em Ribeir\u00e3o Preto, um simulado de acidente\u2026","rel":"","context":"In &quot;Not\u00edcias de Ribeir\u00e3o Preto-SP e Regi\u00e3o&quot;","block_context":{"text":"Not\u00edcias de Ribeir\u00e3o Preto-SP e Regi\u00e3o","link":"https:\/\/noticiasribeiraopreto.com.br\/index.php\/category\/noticias-de-ribeirao-preto-sp-e-regiao-ismael-colosi\/"},"img":{"alt_text":"","src":"https:\/\/i0.wp.com\/noticiasribeiraopreto.com.br\/wp-content\/uploads\/2026\/04\/simulado.webp.webp?fit=800%2C533&ssl=1&resize=350%2C200","width":350,"height":200,"srcset":"https:\/\/i0.wp.com\/noticiasribeiraopreto.com.br\/wp-content\/uploads\/2026\/04\/simulado.webp.webp?fit=800%2C533&ssl=1&resize=350%2C200 1x, https:\/\/i0.wp.com\/noticiasribeiraopreto.com.br\/wp-content\/uploads\/2026\/04\/simulado.webp.webp?fit=800%2C533&ssl=1&resize=525%2C300 1.5x, https:\/\/i0.wp.com\/noticiasribeiraopreto.com.br\/wp-content\/uploads\/2026\/04\/simulado.webp.webp?fit=800%2C533&ssl=1&resize=700%2C400 2x"},"classes":[]},{"id":74214,"url":"https:\/\/noticiasribeiraopreto.com.br\/index.php\/2025\/07\/17\/acidente-entre-dois-caminhoes-deixa-uma-pessoa-ferida-em-rodovia-da-regiao-de-ribeirao\/","url_meta":{"origin":81198,"position":2},"title":"Acidente entre dois caminh\u00f5es deixa uma pessoa ferida em rodovia da regi\u00e3o de Ribeir\u00e3o","author":"noticiasribeiraopreto.com.br","date":"17 de July de 2025","format":false,"excerpt":"Um acidente entre dois caminh\u00f5es deixou uma pessoa ferida na noite de quinta-feira (17), na rodovia Ant\u00f4nio Machado Sant\u2019Anna (SP-255), em Luiz Ant\u00f4nio, na regi\u00e3o de Ribeir\u00e3o Preto. A colis\u00e3o ocorreu em um trecho da pista sentido Ribeir\u00e3o Preto. Um dos caminh\u00f5es tombou com o impacto. A identidade da v\u00edtima\u2026","rel":"","context":"In &quot;Not\u00edcias de Ribeir\u00e3o Preto-SP e Regi\u00e3o&quot;","block_context":{"text":"Not\u00edcias de Ribeir\u00e3o Preto-SP e Regi\u00e3o","link":"https:\/\/noticiasribeiraopreto.com.br\/index.php\/category\/noticias-de-ribeirao-preto-sp-e-regiao-ismael-colosi\/"},"img":{"alt_text":"","src":"https:\/\/i0.wp.com\/noticiasribeiraopreto.com.br\/wp-content\/uploads\/2025\/07\/download-2_2025-07-17_23-05-16.webp.webp?fit=1200%2C675&ssl=1&resize=350%2C200","width":350,"height":200,"srcset":"https:\/\/i0.wp.com\/noticiasribeiraopreto.com.br\/wp-content\/uploads\/2025\/07\/download-2_2025-07-17_23-05-16.webp.webp?fit=1200%2C675&ssl=1&resize=350%2C200 1x, https:\/\/i0.wp.com\/noticiasribeiraopreto.com.br\/wp-content\/uploads\/2025\/07\/download-2_2025-07-17_23-05-16.webp.webp?fit=1200%2C675&ssl=1&resize=525%2C300 1.5x, https:\/\/i0.wp.com\/noticiasribeiraopreto.com.br\/wp-content\/uploads\/2025\/07\/download-2_2025-07-17_23-05-16.webp.webp?fit=1200%2C675&ssl=1&resize=700%2C400 2x, https:\/\/i0.wp.com\/noticiasribeiraopreto.com.br\/wp-content\/uploads\/2025\/07\/download-2_2025-07-17_23-05-16.webp.webp?fit=1200%2C675&ssl=1&resize=1050%2C600 3x"},"classes":[]},{"id":76537,"url":"https:\/\/noticiasribeiraopreto.com.br\/index.php\/2025\/08\/31\/os-prejuizos-dos-acidentes-com-caminhoes\/","url_meta":{"origin":81198,"position":3},"title":"Os preju\u00edzos dos acidentes com caminh\u00f5es","author":"noticiasribeiraopreto.com.br","date":"31 de August de 2025","format":false,"excerpt":"Por\u00a0Adalberto Luque Manh\u00e3 de 21 de agosto. Tr\u00e2nsito intenso, como em todos os dias. Por volta das 07h00 no Trev\u00e3o de Ribeir\u00e3o Preto \u2014 principal acesso rodovi\u00e1rio da cidade, na Zona Leste, uma carreta bitrem transportando toneladas de cana-de-a\u00e7\u00facar trafegava pela regi\u00e3o. Ao acessar uma das al\u00e7as do Anel Vi\u00e1rio\u2026","rel":"","context":"In &quot;Not\u00edcias de Ribeir\u00e3o Preto-SP e Regi\u00e3o&quot;","block_context":{"text":"Not\u00edcias de Ribeir\u00e3o Preto-SP e Regi\u00e3o","link":"https:\/\/noticiasribeiraopreto.com.br\/index.php\/category\/noticias-de-ribeirao-preto-sp-e-regiao-ismael-colosi\/"},"img":{"alt_text":"","src":"https:\/\/i0.wp.com\/noticiasribeiraopreto.com.br\/wp-content\/uploads\/2025\/08\/acidente-transsito.jpg?fit=1074%2C739&ssl=1&resize=350%2C200","width":350,"height":200,"srcset":"https:\/\/i0.wp.com\/noticiasribeiraopreto.com.br\/wp-content\/uploads\/2025\/08\/acidente-transsito.jpg?fit=1074%2C739&ssl=1&resize=350%2C200 1x, https:\/\/i0.wp.com\/noticiasribeiraopreto.com.br\/wp-content\/uploads\/2025\/08\/acidente-transsito.jpg?fit=1074%2C739&ssl=1&resize=525%2C300 1.5x, https:\/\/i0.wp.com\/noticiasribeiraopreto.com.br\/wp-content\/uploads\/2025\/08\/acidente-transsito.jpg?fit=1074%2C739&ssl=1&resize=700%2C400 2x, https:\/\/i0.wp.com\/noticiasribeiraopreto.com.br\/wp-content\/uploads\/2025\/08\/acidente-transsito.jpg?fit=1074%2C739&ssl=1&resize=1050%2C600 3x"},"classes":[]},{"id":77632,"url":"https:\/\/noticiasribeiraopreto.com.br\/index.php\/2025\/09\/23\/dia-amanhece-com-muita-neblina\/","url_meta":{"origin":81198,"position":4},"title":"Dia amanhece com muita neblina","author":"noticiasribeiraopreto.com.br","date":"23 de September de 2025","format":false,"excerpt":"Primeira manh\u00e3 da primavera amanheceu com baixa visibilidade nas rodovias da regi\u00e3o 23 de setembro de 2025 08:572 Compartilhar0 Por: Adalberto Luque Com a chegada da primavera e o aumento da umidade do ar em virtude das chuvas que ca\u00edram nesta segunda-feira (22) em Ribeir\u00e3o Preto e regi\u00e3o, o dia\u2026","rel":"","context":"In &quot;Not\u00edcias de Ribeir\u00e3o Preto-SP e Regi\u00e3o&quot;","block_context":{"text":"Not\u00edcias de Ribeir\u00e3o Preto-SP e Regi\u00e3o","link":"https:\/\/noticiasribeiraopreto.com.br\/index.php\/category\/noticias-de-ribeirao-preto-sp-e-regiao-ismael-colosi\/"},"img":{"alt_text":"","src":"https:\/\/i0.wp.com\/noticiasribeiraopreto.com.br\/wp-content\/uploads\/2025\/09\/23-set-2025-neblina2-scaled.jpg?fit=1040%2C780&ssl=1&resize=350%2C200","width":350,"height":200,"srcset":"https:\/\/i0.wp.com\/noticiasribeiraopreto.com.br\/wp-content\/uploads\/2025\/09\/23-set-2025-neblina2-scaled.jpg?fit=1040%2C780&ssl=1&resize=350%2C200 1x, https:\/\/i0.wp.com\/noticiasribeiraopreto.com.br\/wp-content\/uploads\/2025\/09\/23-set-2025-neblina2-scaled.jpg?fit=1040%2C780&ssl=1&resize=525%2C300 1.5x, https:\/\/i0.wp.com\/noticiasribeiraopreto.com.br\/wp-content\/uploads\/2025\/09\/23-set-2025-neblina2-scaled.jpg?fit=1040%2C780&ssl=1&resize=700%2C400 2x"},"classes":[]},{"id":65057,"url":"https:\/\/noticiasribeiraopreto.com.br\/index.php\/2025\/03\/15\/tragedia-na-rodovia-anhanguera-dois-mortos-em-acidente-de-caminhonete-apos-capotamento\/","url_meta":{"origin":81198,"position":5},"title":"Trag\u00e9dia na Rodovia Anhanguera: Dois Mortos em Acidente de Caminhonete Ap\u00f3s Capotamento","author":"noticiasribeiraopreto.com.br","date":"15 de March de 2025","format":false,"excerpt":"Na manh\u00e3 desta sexta-feira (14), um grave acidente na Rodovia Anhanguera, uma das mais movimentadas de S\u00e3o Paulo, resultou na morte de duas pessoas ap\u00f3s o capotamento de uma caminhonete. O acidente aconteceu no trecho entre Ribeir\u00e3o Preto e Cravinhos, pr\u00f3ximo ao quil\u00f4metro 318, quando o ve\u00edculo perdeu o controle\u2026","rel":"","context":"In &quot;Not\u00edcias de Ribeir\u00e3o Preto-SP e Regi\u00e3o&quot;","block_context":{"text":"Not\u00edcias de Ribeir\u00e3o Preto-SP e Regi\u00e3o","link":"https:\/\/noticiasribeiraopreto.com.br\/index.php\/category\/noticias-de-ribeirao-preto-sp-e-regiao-ismael-colosi\/"},"img":{"alt_text":"","src":"https:\/\/i0.wp.com\/noticiasribeiraopreto.com.br\/wp-content\/uploads\/2025\/03\/pin1677.webp.webp?fit=1170%2C700&ssl=1&resize=350%2C200","width":350,"height":200,"srcset":"https:\/\/i0.wp.com\/noticiasribeiraopreto.com.br\/wp-content\/uploads\/2025\/03\/pin1677.webp.webp?fit=1170%2C700&ssl=1&resize=350%2C200 1x, https:\/\/i0.wp.com\/noticiasribeiraopreto.com.br\/wp-content\/uploads\/2025\/03\/pin1677.webp.webp?fit=1170%2C700&ssl=1&resize=525%2C300 1.5x, https:\/\/i0.wp.com\/noticiasribeiraopreto.com.br\/wp-content\/uploads\/2025\/03\/pin1677.webp.webp?fit=1170%2C700&ssl=1&resize=700%2C400 2x, https:\/\/i0.wp.com\/noticiasribeiraopreto.com.br\/wp-content\/uploads\/2025\/03\/pin1677.webp.webp?fit=1170%2C700&ssl=1&resize=1050%2C600 3x"},"classes":[]}],"jetpack_sharing_enabled":true,"jetpack_shortlink":"https:\/\/wp.me\/peQAOb-l7E","_links":{"self":[{"href":"https:\/\/noticiasribeiraopreto.com.br\/index.php\/wp-json\/wp\/v2\/posts\/81198","targetHints":{"allow":["GET"]}}],"collection":[{"href":"https:\/\/noticiasribeiraopreto.com.br\/index.php\/wp-json\/wp\/v2\/posts"}],"about":[{"href":"https:\/\/noticiasribeiraopreto.com.br\/index.php\/wp-json\/wp\/v2\/types\/post"}],"author":[{"embeddable":true,"href":"https:\/\/noticiasribeiraopreto.com.br\/index.php\/wp-json\/wp\/v2\/users\/1"}],"replies":[{"embeddable":true,"href":"https:\/\/noticiasribeiraopreto.com.br\/index.php\/wp-json\/wp\/v2\/comments?post=81198"}],"version-history":[{"count":0,"href":"https:\/\/noticiasribeiraopreto.com.br\/index.php\/wp-json\/wp\/v2\/posts\/81198\/revisions"}],"wp:featuredmedia":[{"embeddable":true,"href":"https:\/\/noticiasribeiraopreto.com.br\/index.php\/wp-json\/wp\/v2\/media\/81199"}],"wp:attachment":[{"href":"https:\/\/noticiasribeiraopreto.com.br\/index.php\/wp-json\/wp\/v2\/media?parent=81198"}],"wp:term":[{"taxonomy":"category","embeddable":true,"href":"https:\/\/noticiasribeiraopreto.com.br\/index.php\/wp-json\/wp\/v2\/categories?post=81198"},{"taxonomy":"post_tag","embeddable":true,"href":"https:\/\/noticiasribeiraopreto.com.br\/index.php\/wp-json\/wp\/v2\/tags?post=81198"}],"curies":[{"name":"wp","href":"https:\/\/api.w.org\/{rel}","templated":true}]}}