{"id":81200,"date":"2025-12-27T07:29:09","date_gmt":"2025-12-27T10:29:09","guid":{"rendered":"https:\/\/noticiasribeiraopreto.com.br\/index.php\/2025\/12\/27\/interior-de-sp-entra-em-alerta-maximo-para-onda-de-calor-veja-lista-de-regioes-afetadas\/"},"modified":"2025-12-27T07:29:09","modified_gmt":"2025-12-27T10:29:09","slug":"interior-de-sp-entra-em-alerta-maximo-para-onda-de-calor-veja-lista-de-regioes-afetadas","status":"publish","type":"post","link":"https:\/\/noticiasribeiraopreto.com.br\/index.php\/2025\/12\/27\/interior-de-sp-entra-em-alerta-maximo-para-onda-de-calor-veja-lista-de-regioes-afetadas\/","title":{"rendered":"Interior de SP entra em alerta m\u00e1ximo para onda de calor; Veja lista de regi\u00f5es afetadas"},"content":{"rendered":"<div class='code-block code-block-1' style='margin: 8px 0 8px auto; text-align: right; display: block; clear: both;'>\n<p><a href=\"https:\/\/wa.link\/vpicfd\"><img data-recalc-dims=\"1\" class=\"wp-image-4922\" style=\"aspect-ratio: 2.0253164556962027; width: 561px; height: auto;\" src=\"https:\/\/i0.wp.com\/ismaelcolosi.com.br\/wp-content\/uploads\/2023\/11\/grupo-de-empregos-whatsapp-e-facebook-ismael-colosi-vagas.jpg?ssl=1\" alt=\"\" \/><\/a><\/p>\n<!-- \/wp:image -->\n<\/div>\n<p> <br \/>\n<\/p>\n<div>\n<p>O <strong>Instituto Nacional de Meteorologia (Inmet)<\/strong> prorrogou novamente o alerta para <strong>onda de calor<\/strong> no <strong>interior de S\u00e3o Paulo<\/strong> e tamb\u00e9m voltou a <strong>elevar o n\u00edvel de criticidade do aviso<\/strong>.<\/p>\n<p>Antes, o alerta era v\u00e1lido at\u00e9 o fim da tarde desta sexta-feira (26), mas foi estendido e agora <mark style=\"background-color:#fcb900\" class=\"has-inline-color\"><strong>segue em vigor at\u00e9 o final do dia 29 de dezembro.<\/strong><\/mark><\/p>\n<p>Com a atualiza\u00e7\u00e3o, <strong><mark style=\"background-color:#fcb900\" class=\"has-inline-color\">o aviso tamb\u00e9m foi ajustado para o n\u00edvel vermelho<\/mark><\/strong>, que \u00e9 o mais alto na escala do \u00f3rg\u00e3o \u2013 veja as regi\u00f5es em alerta logo abaixo.<\/p>\n<figure class=\"wp-block-image aligncenter size-large is-resized\"><img data-recalc-dims=\"1\" fetchpriority=\"high\" decoding=\"async\" width=\"1024\" height=\"683\" src=\"https:\/\/i0.wp.com\/cdn.media-acidadeon.com.br\/ribeiraopreto\/wp-content\/uploads\/sites\/3\/2024\/04\/AnyConv.com__CLIMA_QUENTE_NA_CIDADE_DE_CAMPINAS_SP_CoDIGO-19_173574-1068x712-1-1024x683.webp?resize=1024%2C683&#038;ssl=1\" alt=\"Alerta para onda de calor \u00e9 emitido no interior de SP - Foto: C\u00f3digo 19.\" class=\"wp-image-79280\" style=\"width:654px\" title=\"Interior de SP entra em alerta m\u00e1ximo para onda de calor; Veja lista de regi\u00f5es afetadas 1\" srcset=\"https:\/\/cdn.media-acidadeon.com.br\/ribeiraopreto\/wp-content\/uploads\/sites\/3\/2024\/04\/AnyConv.com__CLIMA_QUENTE_NA_CIDADE_DE_CAMPINAS_SP_CoDIGO-19_173574-1068x712-1-1024x683.webp 1024w, https:\/\/cdn.media-acidadeon.com.br\/ribeiraopreto\/wp-content\/uploads\/sites\/3\/2024\/04\/AnyConv.com__CLIMA_QUENTE_NA_CIDADE_DE_CAMPINAS_SP_CoDIGO-19_173574-1068x712-1-300x200.webp 300w, https:\/\/cdn.media-acidadeon.com.br\/ribeiraopreto\/wp-content\/uploads\/sites\/3\/2024\/04\/AnyConv.com__CLIMA_QUENTE_NA_CIDADE_DE_CAMPINAS_SP_CoDIGO-19_173574-1068x712-1-768x512.webp 768w, https:\/\/cdn.media-acidadeon.com.br\/ribeiraopreto\/wp-content\/uploads\/sites\/3\/2024\/04\/AnyConv.com__CLIMA_QUENTE_NA_CIDADE_DE_CAMPINAS_SP_CoDIGO-19_173574-1068x712-1-696x464.webp 696w, https:\/\/cdn.media-acidadeon.com.br\/ribeiraopreto\/wp-content\/uploads\/sites\/3\/2024\/04\/AnyConv.com__CLIMA_QUENTE_NA_CIDADE_DE_CAMPINAS_SP_CoDIGO-19_173574-1068x712-1.webp 1068w\" sizes=\"(max-width: 1024px) 100vw, 1024px\"\/><figcaption class=\"wp-element-caption\">Alerta para onda de calor \u00e9 emitido no interior de SP \u2013 Foto: C\u00f3digo 19.<br \/>\n<\/figcaption><\/figure>\n<h2 class=\"wp-block-heading\"><strong>Alerta m\u00e1ximo<\/strong><\/h2>\n<p>De acordo com a <strong><a href=\"https:\/\/www.climatempo.com.br\/\" target=\"_blank\" data-type=\"link\" data-id=\"https:\/\/www.climatempo.com.br\/\" rel=\"noreferrer noopener\">Climatempo<\/a><\/strong>, \u201ccom o afastamento de uma frente fria pela costa e a presen\u00e7a de calor e umidade, as instabilidades aumentam principalmente em S\u00e3o Paulo\u201d.<\/p>\n<p>Por esse motivo, o <strong>Inmet <\/strong>alerta para <strong>temperaturas at\u00e9 5\u00b0C acima da m\u00e9dia<\/strong> por um per\u00edodo superior a cinco dias \u2014 vale lembrar que o aviso inicial come\u00e7ou no dia 23 de dezembro. <mark style=\"background-color:#fcb900\" class=\"has-inline-color\">Em <strong>Ribeir\u00e3o Preto<\/strong>, por exemplo, a <strong>temperatura m\u00e1xima pode chegar aos 35\u00b0C<\/strong>, enquanto a <strong>m\u00e9dia hist\u00f3rica<\/strong> para o m\u00eas de <strong>dezembro \u00e9 de 29\u00b0C<\/strong>, segundo o servi\u00e7o de meteorologia.<\/mark><\/p>\n<h2 class=\"wp-block-heading\"><strong>Quais regi\u00f5es aparecem no alerta vermelho?<\/strong><\/h2>\n<p>Todo o <strong>estado de S\u00e3o Paulo<\/strong> aparece no <strong>alerta vermelho<\/strong> para<strong> onda de calor<\/strong>, no entanto, o <strong>Inmet <\/strong>destaca as seguintes regi\u00f5es no interior paulista:<\/p>\n<ul class=\"wp-block-list\">\n<li>Presidente Prudente<\/li>\n<li>S\u00e3o Jos\u00e9 do Rio Preto<\/li>\n<li>Campinas<\/li>\n<li>Bauru<\/li>\n<li>Piracicaba<\/li>\n<li>Itapetininga<\/li>\n<li><strong>Ribeir\u00e3o Preto<\/strong><\/li>\n<li>Ara\u00e7atuba<\/li>\n<li>Mar\u00edlia<\/li>\n<li>Araraquara<\/li>\n<li>Assis<\/li>\n<\/ul>\n<div class=\"wp-block-image\">\n<figure class=\"aligncenter size-large is-resized\"><img data-recalc-dims=\"1\" loading=\"lazy\" decoding=\"async\" width=\"1024\" height=\"576\" src=\"https:\/\/i0.wp.com\/cdn.media-acidadeon.com.br\/ribeiraopreto\/wp-content\/uploads\/sites\/3\/2025\/12\/domingo-45_2025-12-26_16-18-02-1024x576.webp?resize=1024%2C576&#038;ssl=1\" alt=\"Alerta vermelho foi emitido para o interior de SP - Foto; reprodu\u00e7\u00e3o\/ Inmet.\" class=\"wp-image-140343\" style=\"width:654px\" title=\"Interior de SP entra em alerta m\u00e1ximo para onda de calor; Veja lista de regi\u00f5es afetadas 2\" srcset=\"https:\/\/cdn.media-acidadeon.com.br\/ribeiraopreto\/wp-content\/uploads\/sites\/3\/2025\/12\/domingo-45_2025-12-26_16-18-02-1024x576.webp 1024w, https:\/\/cdn.media-acidadeon.com.br\/ribeiraopreto\/wp-content\/uploads\/sites\/3\/2025\/12\/domingo-45_2025-12-26_16-18-02-300x169.webp 300w, https:\/\/cdn.media-acidadeon.com.br\/ribeiraopreto\/wp-content\/uploads\/sites\/3\/2025\/12\/domingo-45_2025-12-26_16-18-02-768x432.webp 768w, https:\/\/cdn.media-acidadeon.com.br\/ribeiraopreto\/wp-content\/uploads\/sites\/3\/2025\/12\/domingo-45_2025-12-26_16-18-02-696x392.webp 696w, https:\/\/cdn.media-acidadeon.com.br\/ribeiraopreto\/wp-content\/uploads\/sites\/3\/2025\/12\/domingo-45_2025-12-26_16-18-02-1068x601.webp 1068w, https:\/\/cdn.media-acidadeon.com.br\/ribeiraopreto\/wp-content\/uploads\/sites\/3\/2025\/12\/domingo-45_2025-12-26_16-18-02.webp 1200w\" sizes=\"auto, (max-width: 1024px) 100vw, 1024px\"\/><figcaption class=\"wp-element-caption\">Alerta vermelho foi emitido para o interior de SP \u2013 Foto; reprodu\u00e7\u00e3o\/ Inmet.<\/figcaption><\/figure>\n<\/div>\n<h3 class=\"wp-block-heading\"><strong>Cuidados durante uma onda de calor<\/strong><\/h3>\n<p>Durante os per\u00edodos de\u00a0<strong>onda de calor<\/strong>, a umidade do ar fica muito baixa, principalmente no per\u00edodo da tarde, deixando o tempo mais seco.<\/p>\n<p>Por esse motivo, \u00e9 importante<strong>\u00a0aumentar o consumo de \u00e1gua durante o dia<\/strong>, principalmente por crian\u00e7as e idosos, j\u00e1 que a hidrata\u00e7\u00e3o \u00e9 fundamental para a sa\u00fade.<\/p>\n<p>Outra orienta\u00e7\u00e3o da\u00a0<strong><a href=\"https:\/\/www.defesacivil.sp.gov.br\/\" target=\"_blank\" rel=\"noreferrer noopener\">Defesa Civil<\/a><\/strong>\u00a0\u00e9 de que a popula\u00e7\u00e3o evite realizar atividades f\u00edsicas externas no per\u00edodo das 11h \u00e0s 17h, evitando o\u00a0<strong>choque de calor<\/strong>.<\/p>\n<p>Roupas leves, alimenta\u00e7\u00e3o com frutas e verduras, ambientes fechados umidificados e uso de protetor solar fazem parte das recomenda\u00e7\u00f5es.<\/p>\n<hr class=\"wp-block-separator has-alpha-channel-opacity\"\/>\n<p>SAIBA MAIS<\/p>\n<p>Vai para praia? Cidade no litoral de SP cobra at\u00e9 R$ 30 para estacionar na rua<\/p>\n<h2 class=\"wp-block-heading\"><strong>FIQUE ON<\/strong><\/h2>\n<p>Fique ligado em tudo que acontece em Ribeir\u00e3o Preto e regi\u00e3o. Siga os perfis do\u00a0<strong>acidade on<\/strong>\u00a0no\u00a0<a href=\"https:\/\/www.instagram.com\/acidadeonribeirao\" target=\"_blank\" rel=\"noreferrer noopener\">Instagram<\/a>\u00a0e no\u00a0<a href=\"https:\/\/www.facebook.com\/acidadeonribeirao\/\" target=\"_blank\" rel=\"noreferrer noopener\">Facebook<\/a>.<\/p>\n<p>Receba not\u00edcias do\u00a0<strong>acidade on<\/strong>\u00a0no WhatsApp. Para entrar no grupo,\u00a0basta<a href=\"https:\/\/chat.whatsapp.com\/GFH9HUMUTHNFJdnyEd0xxq\" target=\"_blank\" rel=\"noreferrer noopener\">\u00a0clicar aqui<\/a>. Ou, acesse o nosso\u00a0Canal\u00a0<a href=\"https:\/\/whatsapp.com\/channel\/0029Vb6IQl1JENyAeS57fk2p\" target=\"_blank\" rel=\"noreferrer noopener\">clicando aqui<\/a>.<\/p>\n<p>Fa\u00e7a uma den\u00fancia ou sugira uma reportagem sobre Ribeir\u00e3o Preto e regi\u00e3o pelo WhatsApp: 16 99117 7802.<\/p>\n<p>VEJA TAMB\u00c9M<\/p>\n<p>Teuda Bara morre aos 84 anos; veja hor\u00e1rio e local do vel\u00f3rio<\/p>\n<p><!-- AI CONTENT END 1 -->\n<\/div>\n<p><script async src=\"\/\/www.instagram.com\/embed.js\"><\/script><br \/>\n<br \/><br \/>\n<br \/><a href=\"https:\/\/www.acidadeon.com\/ribeiraopreto\/cotidiano\/interior-de-sp-entra-em-alerta-maximo-para-onda-de-calor-veja-lista-de-regioes-afetadas\/\">Source link <\/a><\/p>\n<!-- CONTENT END 1 -->\n","protected":false},"excerpt":{"rendered":"<p>O Instituto Nacional de Meteorologia (Inmet) prorrogou novamente o alerta para onda de calor no interior de S\u00e3o Paulo e tamb\u00e9m voltou a elevar o&#8230;<\/p>\n","protected":false},"author":1,"featured_media":81201,"comment_status":"open","ping_status":"open","sticky":false,"template":"","format":"standard","meta":{"advanced_seo_description":"","jetpack_seo_html_title":"","jetpack_seo_noindex":false,"jetpack_post_was_ever_published":false,"_jetpack_newsletter_access":"","_jetpack_dont_email_post_to_subs":false,"_jetpack_newsletter_tier_id":0,"_jetpack_memberships_contains_paywalled_content":false,"_jetpack_memberships_contains_paid_content":false,"footnotes":"","jetpack_publicize_message":"","jetpack_publicize_feature_enabled":true,"jetpack_social_post_already_shared":true,"jetpack_social_options":{"image_generator_settings":{"template":"highway","default_image_id":0,"font":"","enabled":false},"version":2}},"categories":[11],"tags":[],"class_list":["post-81200","post","type-post","status-publish","format-standard","has-post-thumbnail","hentry","category-noticias-de-ribeirao-preto-sp-e-regiao-ismael-colosi"],"jetpack_publicize_connections":[],"jetpack_featured_media_url":"https:\/\/i0.wp.com\/noticiasribeiraopreto.com.br\/wp-content\/uploads\/2025\/12\/20230824_153104-1.jpg?fit=2000%2C1372&ssl=1","jetpack-related-posts":[{"id":48107,"url":"https:\/\/noticiasribeiraopreto.com.br\/index.php\/2024\/04\/30\/mais-cidades-sao-incluidas-no-alerta-para-ondas-de-calor-no-interior-de-sp-veja-regioes-afetadas\/","url_meta":{"origin":81200,"position":0},"title":"Mais cidades s\u00e3o inclu\u00eddas no alerta para ondas de calor no interior de SP; Veja regi\u00f5es afetadas","author":"noticiasribeiraopreto.com.br","date":"30 de April de 2024","format":false,"excerpt":"O calor\u00e3o que atinge o estado de S\u00e3o Paulo e outras regi\u00f5es do Brasil n\u00e3o deve ir embora at\u00e9 pelo menos o dia 10 de maio, de acordo com a Climatempo. Essa onda de calor afeta o estado desde o dia 22 de abril. Nesta ter\u00e7a-feira (30), o Instituto Nacional\u2026","rel":"","context":"In &quot;Not\u00edcias de Ribeir\u00e3o Preto-SP e Regi\u00e3o&quot;","block_context":{"text":"Not\u00edcias de Ribeir\u00e3o Preto-SP e Regi\u00e3o","link":"https:\/\/noticiasribeiraopreto.com.br\/index.php\/category\/noticias-de-ribeirao-preto-sp-e-regiao-ismael-colosi\/"},"img":{"alt_text":"","src":"https:\/\/i0.wp.com\/noticiasribeiraopreto.com.br\/wp-content\/uploads\/2024\/04\/20230824_153104-1.jpg?fit=1200%2C823&ssl=1&resize=350%2C200","width":350,"height":200,"srcset":"https:\/\/i0.wp.com\/noticiasribeiraopreto.com.br\/wp-content\/uploads\/2024\/04\/20230824_153104-1.jpg?fit=1200%2C823&ssl=1&resize=350%2C200 1x, https:\/\/i0.wp.com\/noticiasribeiraopreto.com.br\/wp-content\/uploads\/2024\/04\/20230824_153104-1.jpg?fit=1200%2C823&ssl=1&resize=525%2C300 1.5x, https:\/\/i0.wp.com\/noticiasribeiraopreto.com.br\/wp-content\/uploads\/2024\/04\/20230824_153104-1.jpg?fit=1200%2C823&ssl=1&resize=700%2C400 2x, https:\/\/i0.wp.com\/noticiasribeiraopreto.com.br\/wp-content\/uploads\/2024\/04\/20230824_153104-1.jpg?fit=1200%2C823&ssl=1&resize=1050%2C600 3x"},"classes":[]},{"id":81163,"url":"https:\/\/noticiasribeiraopreto.com.br\/index.php\/2025\/12\/26\/ate-quando-vai-o-alerta-de-onda-de-calor-no-interior-de-sp-veja-previsao\/","url_meta":{"origin":81200,"position":1},"title":"At\u00e9 quando vai o alerta de onda de calor no interior de SP? Veja previs\u00e3o","author":"noticiasribeiraopreto.com.br","date":"26 de December de 2025","format":false,"excerpt":"O calor deve continuar nos pr\u00f3ximos dias em todo o interior do estado de S\u00e3o Paulo, mantendo as temperaturas acima da m\u00e9dia para o per\u00edodo, segundo os meteorologistas. Por causa disso, o Instituto Nacional de Meteorologia (Inmet) emitiu um alerta de perigo para onda de calor para a regi\u00e3o, v\u00e1lido\u2026","rel":"","context":"In &quot;Not\u00edcias de Ribeir\u00e3o Preto-SP e Regi\u00e3o&quot;","block_context":{"text":"Not\u00edcias de Ribeir\u00e3o Preto-SP e Regi\u00e3o","link":"https:\/\/noticiasribeiraopreto.com.br\/index.php\/category\/noticias-de-ribeirao-preto-sp-e-regiao-ismael-colosi\/"},"img":{"alt_text":"","src":"https:\/\/i0.wp.com\/noticiasribeiraopreto.com.br\/wp-content\/uploads\/2025\/12\/calor-onda.jpeg?fit=1200%2C675&ssl=1&resize=350%2C200","width":350,"height":200,"srcset":"https:\/\/i0.wp.com\/noticiasribeiraopreto.com.br\/wp-content\/uploads\/2025\/12\/calor-onda.jpeg?fit=1200%2C675&ssl=1&resize=350%2C200 1x, https:\/\/i0.wp.com\/noticiasribeiraopreto.com.br\/wp-content\/uploads\/2025\/12\/calor-onda.jpeg?fit=1200%2C675&ssl=1&resize=525%2C300 1.5x, https:\/\/i0.wp.com\/noticiasribeiraopreto.com.br\/wp-content\/uploads\/2025\/12\/calor-onda.jpeg?fit=1200%2C675&ssl=1&resize=700%2C400 2x, https:\/\/i0.wp.com\/noticiasribeiraopreto.com.br\/wp-content\/uploads\/2025\/12\/calor-onda.jpeg?fit=1200%2C675&ssl=1&resize=1050%2C600 3x"},"classes":[]},{"id":48676,"url":"https:\/\/noticiasribeiraopreto.com.br\/index.php\/2024\/05\/05\/onda-de-calor-vai-continuar-veja-a-previsao-do-tempo-no-interior-de-sp\/","url_meta":{"origin":81200,"position":2},"title":"Onda de calor vai continuar? Veja a previs\u00e3o do tempo no interior de SP","author":"noticiasribeiraopreto.com.br","date":"5 de May de 2024","format":false,"excerpt":"A onda de calor vai continuar no interior de S\u00e3o Paulo, de acordo com o Inmet (Instituto Nacional de Meteorologia). O \u00f3rg\u00e3o publicou dois alertas para o interior de S\u00e3o Paulo de \u201cperigo\u201d e \u201cgrande perigo\u201d, em raz\u00e3o das altas temperaturas. Al\u00e9m disso, um alerta de \u201cperigo potencial\u201d para baixa\u2026","rel":"","context":"In &quot;Not\u00edcias de Ribeir\u00e3o Preto-SP e Regi\u00e3o&quot;","block_context":{"text":"Not\u00edcias de Ribeir\u00e3o Preto-SP e Regi\u00e3o","link":"https:\/\/noticiasribeiraopreto.com.br\/index.php\/category\/noticias-de-ribeirao-preto-sp-e-regiao-ismael-colosi\/"},"img":{"alt_text":"","src":"https:\/\/i0.wp.com\/noticiasribeiraopreto.com.br\/wp-content\/uploads\/2024\/05\/sertaozinho-2.jpg?fit=800%2C600&ssl=1&resize=350%2C200","width":350,"height":200,"srcset":"https:\/\/i0.wp.com\/noticiasribeiraopreto.com.br\/wp-content\/uploads\/2024\/05\/sertaozinho-2.jpg?fit=800%2C600&ssl=1&resize=350%2C200 1x, https:\/\/i0.wp.com\/noticiasribeiraopreto.com.br\/wp-content\/uploads\/2024\/05\/sertaozinho-2.jpg?fit=800%2C600&ssl=1&resize=525%2C300 1.5x, https:\/\/i0.wp.com\/noticiasribeiraopreto.com.br\/wp-content\/uploads\/2024\/05\/sertaozinho-2.jpg?fit=800%2C600&ssl=1&resize=700%2C400 2x"},"classes":[]},{"id":57357,"url":"https:\/\/noticiasribeiraopreto.com.br\/index.php\/2024\/08\/29\/alerta-para-onda-de-calor-e-emitido-no-interior-de-sp-veja-regioes-afetadas\/","url_meta":{"origin":81200,"position":3},"title":"Alerta para onda de calor \u00e9 emitido no interior de SP; Veja regi\u00f5es afetadas","author":"noticiasribeiraopreto.com.br","date":"29 de August de 2024","format":false,"excerpt":"Uma nova onda de calor est\u00e1 prevista para atingir o interior de S\u00e3o Paulo a partir de segunda-feira (2), de acordo com o meteorologista. Conforme a Climatempo, uma massa de ar quente e seco vai se estabelecer sobre o Brasil no decorrer da primeira semana de setembro e ser\u00e1 respons\u00e1vel\u2026","rel":"","context":"In &quot;Not\u00edcias de Ribeir\u00e3o Preto-SP e Regi\u00e3o&quot;","block_context":{"text":"Not\u00edcias de Ribeir\u00e3o Preto-SP e Regi\u00e3o","link":"https:\/\/noticiasribeiraopreto.com.br\/index.php\/category\/noticias-de-ribeirao-preto-sp-e-regiao-ismael-colosi\/"},"img":{"alt_text":"","src":"https:\/\/i0.wp.com\/noticiasribeiraopreto.com.br\/wp-content\/uploads\/2024\/08\/1724957340_ribeirao_preto_1024x576_13032021005744.jpg?fit=1024%2C576&ssl=1&resize=350%2C200","width":350,"height":200,"srcset":"https:\/\/i0.wp.com\/noticiasribeiraopreto.com.br\/wp-content\/uploads\/2024\/08\/1724957340_ribeirao_preto_1024x576_13032021005744.jpg?fit=1024%2C576&ssl=1&resize=350%2C200 1x, https:\/\/i0.wp.com\/noticiasribeiraopreto.com.br\/wp-content\/uploads\/2024\/08\/1724957340_ribeirao_preto_1024x576_13032021005744.jpg?fit=1024%2C576&ssl=1&resize=525%2C300 1.5x, https:\/\/i0.wp.com\/noticiasribeiraopreto.com.br\/wp-content\/uploads\/2024\/08\/1724957340_ribeirao_preto_1024x576_13032021005744.jpg?fit=1024%2C576&ssl=1&resize=700%2C400 2x"},"classes":[]},{"id":56908,"url":"https:\/\/noticiasribeiraopreto.com.br\/index.php\/2024\/08\/17\/veja-ate-quando-vai-o-alerta-da-onda-de-calor-no-interior-de-sp\/","url_meta":{"origin":81200,"position":4},"title":"Veja at\u00e9 quando vai o alerta da onda de calor no interior de SP","author":"noticiasribeiraopreto.com.br","date":"17 de August de 2024","format":false,"excerpt":"O alerta do Inmet (Instituto Nacional de Meteorologia) para onda de calor no interior de S\u00e3o Paulo vai at\u00e9 12h da pr\u00f3xima segunda-feira (19) \u2013 \u00e9 v\u00e1lido lembrar que o aviso pode ser renovado. O \u00f3rg\u00e3o informa que as temperaturas podem ficar 5\u00b0C acima da m\u00e9dia no per\u00edodo. O aviso\u2026","rel":"","context":"In &quot;Not\u00edcias de Ribeir\u00e3o Preto-SP e Regi\u00e3o&quot;","block_context":{"text":"Not\u00edcias de Ribeir\u00e3o Preto-SP e Regi\u00e3o","link":"https:\/\/noticiasribeiraopreto.com.br\/index.php\/category\/noticias-de-ribeirao-preto-sp-e-regiao-ismael-colosi\/"},"img":{"alt_text":"","src":"https:\/\/i0.wp.com\/noticiasribeiraopreto.com.br\/wp-content\/uploads\/2024\/08\/FriooucalorVejaaprevisodotempoparaRibeiroPreto_Tamanho_2_image.jpg?fit=1200%2C900&ssl=1&resize=350%2C200","width":350,"height":200,"srcset":"https:\/\/i0.wp.com\/noticiasribeiraopreto.com.br\/wp-content\/uploads\/2024\/08\/FriooucalorVejaaprevisodotempoparaRibeiroPreto_Tamanho_2_image.jpg?fit=1200%2C900&ssl=1&resize=350%2C200 1x, https:\/\/i0.wp.com\/noticiasribeiraopreto.com.br\/wp-content\/uploads\/2024\/08\/FriooucalorVejaaprevisodotempoparaRibeiroPreto_Tamanho_2_image.jpg?fit=1200%2C900&ssl=1&resize=525%2C300 1.5x, https:\/\/i0.wp.com\/noticiasribeiraopreto.com.br\/wp-content\/uploads\/2024\/08\/FriooucalorVejaaprevisodotempoparaRibeiroPreto_Tamanho_2_image.jpg?fit=1200%2C900&ssl=1&resize=700%2C400 2x, https:\/\/i0.wp.com\/noticiasribeiraopreto.com.br\/wp-content\/uploads\/2024\/08\/FriooucalorVejaaprevisodotempoparaRibeiroPreto_Tamanho_2_image.jpg?fit=1200%2C900&ssl=1&resize=1050%2C600 3x"},"classes":[]},{"id":56944,"url":"https:\/\/noticiasribeiraopreto.com.br\/index.php\/2024\/08\/18\/qualidade-do-ar-e-ruim-em-cidades-do-interior-de-sp-veja-quais-regioes-estao-em-alerta\/","url_meta":{"origin":81200,"position":5},"title":"Qualidade do ar \u00e9 ruim em cidades do interior de SP; Veja quais regi\u00f5es est\u00e3o em alerta","author":"noticiasribeiraopreto.com.br","date":"18 de August de 2024","format":false,"excerpt":"Uma grande massa de ar seco e quente inibe a forma\u00e7\u00e3o de nuvens carregadas e bloqueia o avan\u00e7o de frentes frias para a regi\u00e3o Sudeste do Brasil, de acordo com os meteorologistas. Por conta desse cen\u00e1rio, um alerta de onda de calor foi emitido pelo Instituto Nacional de Meteorologia (Inmet)\u2026","rel":"","context":"In &quot;Not\u00edcias de Ribeir\u00e3o Preto-SP e Regi\u00e3o&quot;","block_context":{"text":"Not\u00edcias de Ribeir\u00e3o Preto-SP e Regi\u00e3o","link":"https:\/\/noticiasribeiraopreto.com.br\/index.php\/category\/noticias-de-ribeirao-preto-sp-e-regiao-ismael-colosi\/"},"img":{"alt_text":"","src":"https:\/\/i0.wp.com\/noticiasribeiraopreto.com.br\/wp-content\/uploads\/2024\/08\/WhatsApp-Image-2024-07-03-at-07.08.43_2024-07-03_10-10-21_jpeg_2024-07-03_10-10-21.webp.webp?fit=1200%2C1001&ssl=1&resize=350%2C200","width":350,"height":200,"srcset":"https:\/\/i0.wp.com\/noticiasribeiraopreto.com.br\/wp-content\/uploads\/2024\/08\/WhatsApp-Image-2024-07-03-at-07.08.43_2024-07-03_10-10-21_jpeg_2024-07-03_10-10-21.webp.webp?fit=1200%2C1001&ssl=1&resize=350%2C200 1x, https:\/\/i0.wp.com\/noticiasribeiraopreto.com.br\/wp-content\/uploads\/2024\/08\/WhatsApp-Image-2024-07-03-at-07.08.43_2024-07-03_10-10-21_jpeg_2024-07-03_10-10-21.webp.webp?fit=1200%2C1001&ssl=1&resize=525%2C300 1.5x, https:\/\/i0.wp.com\/noticiasribeiraopreto.com.br\/wp-content\/uploads\/2024\/08\/WhatsApp-Image-2024-07-03-at-07.08.43_2024-07-03_10-10-21_jpeg_2024-07-03_10-10-21.webp.webp?fit=1200%2C1001&ssl=1&resize=700%2C400 2x, https:\/\/i0.wp.com\/noticiasribeiraopreto.com.br\/wp-content\/uploads\/2024\/08\/WhatsApp-Image-2024-07-03-at-07.08.43_2024-07-03_10-10-21_jpeg_2024-07-03_10-10-21.webp.webp?fit=1200%2C1001&ssl=1&resize=1050%2C600 3x"},"classes":[]}],"jetpack_sharing_enabled":true,"jetpack_shortlink":"https:\/\/wp.me\/peQAOb-l7G","_links":{"self":[{"href":"https:\/\/noticiasribeiraopreto.com.br\/index.php\/wp-json\/wp\/v2\/posts\/81200","targetHints":{"allow":["GET"]}}],"collection":[{"href":"https:\/\/noticiasribeiraopreto.com.br\/index.php\/wp-json\/wp\/v2\/posts"}],"about":[{"href":"https:\/\/noticiasribeiraopreto.com.br\/index.php\/wp-json\/wp\/v2\/types\/post"}],"author":[{"embeddable":true,"href":"https:\/\/noticiasribeiraopreto.com.br\/index.php\/wp-json\/wp\/v2\/users\/1"}],"replies":[{"embeddable":true,"href":"https:\/\/noticiasribeiraopreto.com.br\/index.php\/wp-json\/wp\/v2\/comments?post=81200"}],"version-history":[{"count":0,"href":"https:\/\/noticiasribeiraopreto.com.br\/index.php\/wp-json\/wp\/v2\/posts\/81200\/revisions"}],"wp:featuredmedia":[{"embeddable":true,"href":"https:\/\/noticiasribeiraopreto.com.br\/index.php\/wp-json\/wp\/v2\/media\/81201"}],"wp:attachment":[{"href":"https:\/\/noticiasribeiraopreto.com.br\/index.php\/wp-json\/wp\/v2\/media?parent=81200"}],"wp:term":[{"taxonomy":"category","embeddable":true,"href":"https:\/\/noticiasribeiraopreto.com.br\/index.php\/wp-json\/wp\/v2\/categories?post=81200"},{"taxonomy":"post_tag","embeddable":true,"href":"https:\/\/noticiasribeiraopreto.com.br\/index.php\/wp-json\/wp\/v2\/tags?post=81200"}],"curies":[{"name":"wp","href":"https:\/\/api.w.org\/{rel}","templated":true}]}}