{"id":81202,"date":"2025-12-27T07:36:26","date_gmt":"2025-12-27T10:36:26","guid":{"rendered":"https:\/\/noticiasribeiraopreto.com.br\/index.php\/2025\/12\/27\/mulher-morre-e-outras-duas-pessoas-sao-internadas-apos-inalar-fumaca-de-botijao-de-gas-que-pegou-fogo\/"},"modified":"2025-12-27T07:36:26","modified_gmt":"2025-12-27T10:36:26","slug":"mulher-morre-e-outras-duas-pessoas-sao-internadas-apos-inalar-fumaca-de-botijao-de-gas-que-pegou-fogo","status":"publish","type":"post","link":"https:\/\/noticiasribeiraopreto.com.br\/index.php\/2025\/12\/27\/mulher-morre-e-outras-duas-pessoas-sao-internadas-apos-inalar-fumaca-de-botijao-de-gas-que-pegou-fogo\/","title":{"rendered":"Mulher morre e outras duas pessoas s\u00e3o internadas ap\u00f3s inalar fuma\u00e7a de botij\u00e3o de g\u00e1s que pegou fogo"},"content":{"rendered":"<div class='code-block code-block-1' style='margin: 8px 0 8px auto; text-align: right; display: block; clear: both;'>\n<p><a href=\"https:\/\/wa.link\/vpicfd\"><img data-recalc-dims=\"1\" class=\"wp-image-4922\" style=\"aspect-ratio: 2.0253164556962027; width: 561px; height: auto;\" src=\"https:\/\/i0.wp.com\/ismaelcolosi.com.br\/wp-content\/uploads\/2023\/11\/grupo-de-empregos-whatsapp-e-facebook-ismael-colosi-vagas.jpg?ssl=1\" alt=\"\" \/><\/a><\/p>\n<!-- \/wp:image -->\n<\/div>\n<p> <br \/>\n<\/p>\n<div data-td-block-uid=\"tdi_95\">\n<div class=\"tdb-block-inner td-fix-index\">\n<p>Uma <strong>mulher de 29 anos<\/strong> morreu ap\u00f3s<strong> inalar fuma\u00e7a de um botij\u00e3o de g\u00e1s<\/strong> que pegou fogo durante uma <strong>confraterniza\u00e7\u00e3o de<\/strong> <strong>Natal <\/strong>em <strong>Jardin\u00f3polis<\/strong>, cidade na <strong>regi\u00e3o de Ribeir\u00e3o Preto<\/strong>, na tarde desta quinta-feira (25).<\/p>\n<p><mark style=\"background-color:#fcb900\" class=\"has-inline-color\">Outras duas pessoas permanecem internadas, sendo uma mulher e o beb\u00ea dela.<\/mark> Ambos foram socorridos e est\u00e3o no <strong>Hospital das Cl\u00ednicas Unidade de Emerg\u00eancia (HC-UE)<\/strong>, em <strong>Ribeir\u00e3o Preto<\/strong>.<\/p>\n<p>De acordo com o <strong>boletim de ocorr\u00eancia<\/strong>, um grupo de amigos estava fazendo um churrasco em uma churrasqueira improvisada quando o botij\u00e3o pegou fogo. A carne estava sendo preparada em um disco de arado ligado diretamente ao botij\u00e3o de g\u00e1s.<\/p>\n<p>A v\u00edtima foi identificada como <strong>Tain\u00e1 Gabriela Morais<\/strong>. Ela chegou a ser socorrida para a <strong>Unidade B\u00e1sica Distrital de Sa\u00fade (UBDS) de Jardin\u00f3polis<\/strong>, contudo, sofreu uma parada cardiorrespirat\u00f3ria e n\u00e3o resistiu.<\/p>\n<p><mark style=\"background-color:#fcb900\" class=\"has-inline-color\">Ainda n\u00e3o h\u00e1 informa\u00e7\u00f5es sobre o estado de sa\u00fade das outras duas v\u00edtimas. <\/mark>O caso foi registrado como morte suspeita na Central de Pol\u00edcia Judici\u00e1ria de Ribeir\u00e3o Preto, que realiza dilig\u00eancias para apurar as circunst\u00e2ncias da explos\u00e3o.<\/p>\n<p><em>*Com informa\u00e7\u00f5es da EPTV<\/em><\/p>\n<hr class=\"wp-block-separator has-alpha-channel-opacity\"\/>\n<p>SAIBA MAIS<\/p>\n<p>Vai para praia? Cidade no litoral de SP cobra at\u00e9 R$ 30 para estacionar na rua<\/p>\n<h2 class=\"wp-block-heading\"><strong>FIQUE ON<\/strong><\/h2>\n<p>Fique ligado em tudo que acontece em Ribeir\u00e3o Preto e regi\u00e3o. Siga os perfis do\u00a0<strong>acidade on<\/strong>\u00a0no\u00a0<a href=\"https:\/\/www.instagram.com\/acidadeonribeirao\" target=\"_blank\" rel=\"noreferrer noopener\">Instagram<\/a>\u00a0e no\u00a0<a href=\"https:\/\/www.facebook.com\/acidadeonribeirao\/\" target=\"_blank\" rel=\"noreferrer noopener\">Facebook<\/a>.<\/p>\n<p>Receba not\u00edcias do\u00a0<strong>acidade on<\/strong>\u00a0no WhatsApp. Para entrar no grupo,\u00a0basta<a href=\"https:\/\/chat.whatsapp.com\/GFH9HUMUTHNFJdnyEd0xxq\" target=\"_blank\" rel=\"noreferrer noopener\">\u00a0clicar aqui<\/a>. Ou, acesse o nosso\u00a0Canal\u00a0<a href=\"https:\/\/whatsapp.com\/channel\/0029Vb6IQl1JENyAeS57fk2p\" target=\"_blank\" rel=\"noreferrer noopener\">clicando aqui<\/a>.<\/p>\n<p>Fa\u00e7a uma den\u00fancia ou sugira uma reportagem sobre Ribeir\u00e3o Preto e regi\u00e3o pelo WhatsApp: 16 99117 7802.<\/p>\n<p>VEJA TAMB\u00c9M<\/p>\n<p><!-- AI CONTENT END 1 -->\n<\/div>\n<\/div>\n<p><script async src=\"\/\/www.instagram.com\/embed.js\"><\/script><br \/>\n<br \/><br \/>\n<br \/><a href=\"https:\/\/www.acidadeon.com\/ribeiraopreto\/cotidiano\/mulher-morre-e-outras-duas-pessoas-sao-internadas-apos-inalar-fumaca-de-botijao-de-gas\/\">Source link <\/a><\/p>\n<!-- CONTENT END 1 -->\n","protected":false},"excerpt":{"rendered":"<p>Uma mulher de 29 anos morreu ap\u00f3s inalar fuma\u00e7a de um botij\u00e3o de g\u00e1s que pegou fogo durante uma confraterniza\u00e7\u00e3o de Natal em Jardin\u00f3polis, cidade&#8230;<\/p>\n","protected":false},"author":1,"featured_media":81203,"comment_status":"open","ping_status":"open","sticky":false,"template":"","format":"standard","meta":{"advanced_seo_description":"","jetpack_seo_html_title":"","jetpack_seo_noindex":false,"jetpack_post_was_ever_published":false,"_jetpack_newsletter_access":"","_jetpack_dont_email_post_to_subs":false,"_jetpack_newsletter_tier_id":0,"_jetpack_memberships_contains_paywalled_content":false,"_jetpack_memberships_contains_paid_content":false,"footnotes":"","jetpack_publicize_message":"","jetpack_publicize_feature_enabled":true,"jetpack_social_post_already_shared":true,"jetpack_social_options":{"image_generator_settings":{"template":"highway","default_image_id":0,"font":"","enabled":false},"version":2}},"categories":[11],"tags":[],"class_list":["post-81202","post","type-post","status-publish","format-standard","has-post-thumbnail","hentry","category-noticias-de-ribeirao-preto-sp-e-regiao-ismael-colosi"],"jetpack_publicize_connections":[],"jetpack_featured_media_url":"https:\/\/i0.wp.com\/noticiasribeiraopreto.com.br\/wp-content\/uploads\/2025\/12\/domingo-44_2025-12-26_15-14-22.webp.webp?fit=1200%2C675&ssl=1","jetpack-related-posts":[{"id":81264,"url":"https:\/\/noticiasribeiraopreto.com.br\/index.php\/2025\/12\/30\/mae-e-bebe-deixam-o-hospital-apos-incendio-com-botijao-de-gas-que-matou-jovem-em-jardinopolis\/","url_meta":{"origin":81202,"position":0},"title":"M\u00e3e e beb\u00ea deixam o hospital ap\u00f3s inc\u00eandio com botij\u00e3o de g\u00e1s que matou jovem em Jardin\u00f3polis","author":"noticiasribeiraopreto.com.br","date":"30 de December de 2025","format":false,"excerpt":"A mulher de 34 anos e o filho dela, um beb\u00ea de dois meses, deixaram o hospital no \u00faltimo final de semana ap\u00f3s ficarem internados por inala\u00e7\u00e3o de fuma\u00e7a em um inc\u00eandio causado por um botij\u00e3o de g\u00e1s em Jardin\u00f3polis, na regi\u00e3o de Ribeir\u00e3o Preto. A ocorr\u00eancia terminou com a\u2026","rel":"","context":"In &quot;Not\u00edcias de Ribeir\u00e3o Preto-SP e Regi\u00e3o&quot;","block_context":{"text":"Not\u00edcias de Ribeir\u00e3o Preto-SP e Regi\u00e3o","link":"https:\/\/noticiasribeiraopreto.com.br\/index.php\/category\/noticias-de-ribeirao-preto-sp-e-regiao-ismael-colosi\/"},"img":{"alt_text":"","src":"https:\/\/i0.wp.com\/noticiasribeiraopreto.com.br\/wp-content\/uploads\/2025\/12\/domingo-12_2025-12-29_18-09-58.webp.webp?fit=1200%2C675&ssl=1&resize=350%2C200","width":350,"height":200,"srcset":"https:\/\/i0.wp.com\/noticiasribeiraopreto.com.br\/wp-content\/uploads\/2025\/12\/domingo-12_2025-12-29_18-09-58.webp.webp?fit=1200%2C675&ssl=1&resize=350%2C200 1x, https:\/\/i0.wp.com\/noticiasribeiraopreto.com.br\/wp-content\/uploads\/2025\/12\/domingo-12_2025-12-29_18-09-58.webp.webp?fit=1200%2C675&ssl=1&resize=525%2C300 1.5x, https:\/\/i0.wp.com\/noticiasribeiraopreto.com.br\/wp-content\/uploads\/2025\/12\/domingo-12_2025-12-29_18-09-58.webp.webp?fit=1200%2C675&ssl=1&resize=700%2C400 2x, https:\/\/i0.wp.com\/noticiasribeiraopreto.com.br\/wp-content\/uploads\/2025\/12\/domingo-12_2025-12-29_18-09-58.webp.webp?fit=1200%2C675&ssl=1&resize=1050%2C600 3x"},"classes":[]},{"id":29324,"url":"https:\/\/noticiasribeiraopreto.com.br\/index.php\/2024\/01\/18\/incendio-assusta-moradores-em-condominio-na-zona-sul\/","url_meta":{"origin":81202,"position":1},"title":"Inc\u00eandio assusta moradores em condom\u00ednio na zona Sul","author":"noticiasribeiraopreto.com.br","date":"18 de January de 2024","format":false,"excerpt":"Suspeita \u00e9 que explos\u00e3o de botij\u00e3o de g\u00e1s possa ter causado as chamas, que chegaram a tr\u00eas metros de altura 17 de janeiro de 2024 | 15:42 2Por: Alfredo Risk e Adalberto LuqueUm inc\u00eandio atingiu o quintal e a cozinha de uma resid\u00eancia, em um condom\u00ednio pr\u00f3ximo ao Centro de\u2026","rel":"","context":"In &quot;Not\u00edcias de Ribeir\u00e3o Preto-SP e Regi\u00e3o&quot;","block_context":{"text":"Not\u00edcias de Ribeir\u00e3o Preto-SP e Regi\u00e3o","link":"https:\/\/noticiasribeiraopreto.com.br\/index.php\/category\/noticias-de-ribeirao-preto-sp-e-regiao-ismael-colosi\/"},"img":{"alt_text":"","src":"https:\/\/i0.wp.com\/noticiasribeiraopreto.com.br\/wp-content\/uploads\/2024\/01\/00-17-jan-2024-incendio-bonfim-01-foto-alfredo-risk-scaled.jpg?fit=1000%2C563&ssl=1&resize=350%2C200","width":350,"height":200,"srcset":"https:\/\/i0.wp.com\/noticiasribeiraopreto.com.br\/wp-content\/uploads\/2024\/01\/00-17-jan-2024-incendio-bonfim-01-foto-alfredo-risk-scaled.jpg?fit=1000%2C563&ssl=1&resize=350%2C200 1x, https:\/\/i0.wp.com\/noticiasribeiraopreto.com.br\/wp-content\/uploads\/2024\/01\/00-17-jan-2024-incendio-bonfim-01-foto-alfredo-risk-scaled.jpg?fit=1000%2C563&ssl=1&resize=525%2C300 1.5x, https:\/\/i0.wp.com\/noticiasribeiraopreto.com.br\/wp-content\/uploads\/2024\/01\/00-17-jan-2024-incendio-bonfim-01-foto-alfredo-risk-scaled.jpg?fit=1000%2C563&ssl=1&resize=700%2C400 2x"},"classes":[]},{"id":31646,"url":"https:\/\/noticiasribeiraopreto.com.br\/index.php\/2024\/01\/22\/vitima-e-socorrida-apos-inalar-fumaca-de-incendio-em-casa-na-zona-sul-de-ribeirao\/","url_meta":{"origin":81202,"position":2},"title":"V\u00edtima \u00e9 socorrida ap\u00f3s inalar fuma\u00e7a de inc\u00eandio em casa na zona sul de Ribeir\u00e3o","author":"noticiasribeiraopreto.com.br","date":"22 de January de 2024","format":false,"excerpt":"Uma pessoa foi socorrida ap\u00f3s inalar fuma\u00e7a de um inc\u00eandio em uma casa, dentro de um condom\u00ednio, no distrito de Bonfim Paulista, na zona Sul de Ribeir\u00e3o Preto, no come\u00e7o da noite desta segunda-feira (22). O condom\u00ednio fica na marginal Hermenegildo Ulian. O Corpo de Bombeiros foi acionado e est\u00e1\u2026","rel":"","context":"In &quot;Not\u00edcias de Ribeir\u00e3o Preto-SP e Regi\u00e3o&quot;","block_context":{"text":"Not\u00edcias de Ribeir\u00e3o Preto-SP e Regi\u00e3o","link":"https:\/\/noticiasribeiraopreto.com.br\/index.php\/category\/noticias-de-ribeirao-preto-sp-e-regiao-ismael-colosi\/"},"img":{"alt_text":"","src":"https:\/\/i0.wp.com\/noticiasribeiraopreto.com.br\/wp-content\/uploads\/2024\/01\/1705977654_WhatsApp-Image-2023-10-01-at-15.55.52.jpeg?fit=1024%2C576&ssl=1&resize=350%2C200","width":350,"height":200,"srcset":"https:\/\/i0.wp.com\/noticiasribeiraopreto.com.br\/wp-content\/uploads\/2024\/01\/1705977654_WhatsApp-Image-2023-10-01-at-15.55.52.jpeg?fit=1024%2C576&ssl=1&resize=350%2C200 1x, https:\/\/i0.wp.com\/noticiasribeiraopreto.com.br\/wp-content\/uploads\/2024\/01\/1705977654_WhatsApp-Image-2023-10-01-at-15.55.52.jpeg?fit=1024%2C576&ssl=1&resize=525%2C300 1.5x, https:\/\/i0.wp.com\/noticiasribeiraopreto.com.br\/wp-content\/uploads\/2024\/01\/1705977654_WhatsApp-Image-2023-10-01-at-15.55.52.jpeg?fit=1024%2C576&ssl=1&resize=700%2C400 2x"},"classes":[]},{"id":31601,"url":"https:\/\/noticiasribeiraopreto.com.br\/index.php\/2024\/01\/22\/vitima-e-socorrida-apos-inalar-fumaca-de-incendio-em-casa-da-zona-sul-de-ribeirao\/","url_meta":{"origin":81202,"position":3},"title":"V\u00edtima \u00e9 socorrida ap\u00f3s inalar fuma\u00e7a de inc\u00eandio em casa da zona sul de Ribeir\u00e3o","author":"noticiasribeiraopreto.com.br","date":"22 de January de 2024","format":false,"excerpt":"Uma pessoa foi socorrida ap\u00f3s inalar fuma\u00e7a de um inc\u00eandio em uma casa, dentro de um condom\u00ednio, no distrito de Bonfim Paulista, na zona Sul de Ribeir\u00e3o Preto, no come\u00e7o da noite desta segunda-feira (22). O condom\u00ednio fica na marginal Hermenegildo Ulian. O Corpo de Bombeiros foi acionado e est\u00e1\u2026","rel":"","context":"In &quot;Not\u00edcias de Ribeir\u00e3o Preto-SP e Regi\u00e3o&quot;","block_context":{"text":"Not\u00edcias de Ribeir\u00e3o Preto-SP e Regi\u00e3o","link":"https:\/\/noticiasribeiraopreto.com.br\/index.php\/category\/noticias-de-ribeirao-preto-sp-e-regiao-ismael-colosi\/"},"img":{"alt_text":"","src":"https:\/\/i0.wp.com\/noticiasribeiraopreto.com.br\/wp-content\/uploads\/2024\/01\/WhatsApp-Image-2023-10-01-at-15.55.52.jpeg?fit=1024%2C576&ssl=1&resize=350%2C200","width":350,"height":200,"srcset":"https:\/\/i0.wp.com\/noticiasribeiraopreto.com.br\/wp-content\/uploads\/2024\/01\/WhatsApp-Image-2023-10-01-at-15.55.52.jpeg?fit=1024%2C576&ssl=1&resize=350%2C200 1x, https:\/\/i0.wp.com\/noticiasribeiraopreto.com.br\/wp-content\/uploads\/2024\/01\/WhatsApp-Image-2023-10-01-at-15.55.52.jpeg?fit=1024%2C576&ssl=1&resize=525%2C300 1.5x, https:\/\/i0.wp.com\/noticiasribeiraopreto.com.br\/wp-content\/uploads\/2024\/01\/WhatsApp-Image-2023-10-01-at-15.55.52.jpeg?fit=1024%2C576&ssl=1&resize=700%2C400 2x"},"classes":[]},{"id":69964,"url":"https:\/\/noticiasribeiraopreto.com.br\/index.php\/2025\/05\/21\/homem-de-52-anos-morre-carbonizado-dentro-de-casa\/","url_meta":{"origin":81202,"position":4},"title":"Homem de 52 anos morre carbonizado dentro de casa","author":"noticiasribeiraopreto.com.br","date":"21 de May de 2025","format":false,"excerpt":"Um homem de 52 anos morreu carbonizado na noite desta ter\u00e7a-feira (20), durante um inc\u00eandio que atingiu a ed\u00edcula onde a v\u00edtima morava na Vila Aparecida, em Franca, a aproximadamente 80 quil\u00f4metros de Ribeir\u00e3o Preto. Segundo o Corpo de Bombeiros, um amigo da v\u00edtima, que tamb\u00e9m estava no im\u00f3vel, teria\u2026","rel":"","context":"In &quot;Not\u00edcias de Ribeir\u00e3o Preto-SP e Regi\u00e3o&quot;","block_context":{"text":"Not\u00edcias de Ribeir\u00e3o Preto-SP e Regi\u00e3o","link":"https:\/\/noticiasribeiraopreto.com.br\/index.php\/category\/noticias-de-ribeirao-preto-sp-e-regiao-ismael-colosi\/"},"img":{"alt_text":"","src":"https:\/\/i0.wp.com\/noticiasribeiraopreto.com.br\/wp-content\/uploads\/2025\/05\/BOMBEIROS_2025-05-21_15-37-07.webp.webp?fit=1200%2C893&ssl=1&resize=350%2C200","width":350,"height":200,"srcset":"https:\/\/i0.wp.com\/noticiasribeiraopreto.com.br\/wp-content\/uploads\/2025\/05\/BOMBEIROS_2025-05-21_15-37-07.webp.webp?fit=1200%2C893&ssl=1&resize=350%2C200 1x, https:\/\/i0.wp.com\/noticiasribeiraopreto.com.br\/wp-content\/uploads\/2025\/05\/BOMBEIROS_2025-05-21_15-37-07.webp.webp?fit=1200%2C893&ssl=1&resize=525%2C300 1.5x, https:\/\/i0.wp.com\/noticiasribeiraopreto.com.br\/wp-content\/uploads\/2025\/05\/BOMBEIROS_2025-05-21_15-37-07.webp.webp?fit=1200%2C893&ssl=1&resize=700%2C400 2x, https:\/\/i0.wp.com\/noticiasribeiraopreto.com.br\/wp-content\/uploads\/2025\/05\/BOMBEIROS_2025-05-21_15-37-07.webp.webp?fit=1200%2C893&ssl=1&resize=1050%2C600 3x"},"classes":[]},{"id":73717,"url":"https:\/\/noticiasribeiraopreto.com.br\/index.php\/2025\/07\/08\/homem-morre-apos-inalar-fumaca-durante-incendio-em-ribeirao-preto\/","url_meta":{"origin":81202,"position":5},"title":"Homem morre ap\u00f3s inalar fuma\u00e7a durante inc\u00eandio em Ribeir\u00e3o Preto","author":"noticiasribeiraopreto.com.br","date":"8 de July de 2025","format":false,"excerpt":"Um homem de 51 anos morreu ap\u00f3s inalar fuma\u00e7a durante um inc\u00eandio em uma resid\u00eancia, na tarde desta ter\u00e7a-feira (8), em Ribeir\u00e3o Preto. O caso ocorreu na rua Coronel Jos\u00e9 Pedro de Faria, no bairro Vila Albertina. Segundo o Corpo de Bombeiros, a v\u00edtima seria um catador de recicl\u00e1veis. Ainda\u2026","rel":"","context":"In &quot;Not\u00edcias de Ribeir\u00e3o Preto-SP e Regi\u00e3o&quot;","block_context":{"text":"Not\u00edcias de Ribeir\u00e3o Preto-SP e Regi\u00e3o","link":"https:\/\/noticiasribeiraopreto.com.br\/index.php\/category\/noticias-de-ribeirao-preto-sp-e-regiao-ismael-colosi\/"},"img":{"alt_text":"","src":"https:\/\/i0.wp.com\/noticiasribeiraopreto.com.br\/wp-content\/uploads\/2025\/07\/Imagem-do-WhatsApp-de-2025-07-08-as-15.04.54_e346581d_2025-07-08_18-13-04.webp.webp?fit=1200%2C900&ssl=1&resize=350%2C200","width":350,"height":200,"srcset":"https:\/\/i0.wp.com\/noticiasribeiraopreto.com.br\/wp-content\/uploads\/2025\/07\/Imagem-do-WhatsApp-de-2025-07-08-as-15.04.54_e346581d_2025-07-08_18-13-04.webp.webp?fit=1200%2C900&ssl=1&resize=350%2C200 1x, https:\/\/i0.wp.com\/noticiasribeiraopreto.com.br\/wp-content\/uploads\/2025\/07\/Imagem-do-WhatsApp-de-2025-07-08-as-15.04.54_e346581d_2025-07-08_18-13-04.webp.webp?fit=1200%2C900&ssl=1&resize=525%2C300 1.5x, https:\/\/i0.wp.com\/noticiasribeiraopreto.com.br\/wp-content\/uploads\/2025\/07\/Imagem-do-WhatsApp-de-2025-07-08-as-15.04.54_e346581d_2025-07-08_18-13-04.webp.webp?fit=1200%2C900&ssl=1&resize=700%2C400 2x, https:\/\/i0.wp.com\/noticiasribeiraopreto.com.br\/wp-content\/uploads\/2025\/07\/Imagem-do-WhatsApp-de-2025-07-08-as-15.04.54_e346581d_2025-07-08_18-13-04.webp.webp?fit=1200%2C900&ssl=1&resize=1050%2C600 3x"},"classes":[]}],"jetpack_sharing_enabled":true,"jetpack_shortlink":"https:\/\/wp.me\/peQAOb-l7I","_links":{"self":[{"href":"https:\/\/noticiasribeiraopreto.com.br\/index.php\/wp-json\/wp\/v2\/posts\/81202","targetHints":{"allow":["GET"]}}],"collection":[{"href":"https:\/\/noticiasribeiraopreto.com.br\/index.php\/wp-json\/wp\/v2\/posts"}],"about":[{"href":"https:\/\/noticiasribeiraopreto.com.br\/index.php\/wp-json\/wp\/v2\/types\/post"}],"author":[{"embeddable":true,"href":"https:\/\/noticiasribeiraopreto.com.br\/index.php\/wp-json\/wp\/v2\/users\/1"}],"replies":[{"embeddable":true,"href":"https:\/\/noticiasribeiraopreto.com.br\/index.php\/wp-json\/wp\/v2\/comments?post=81202"}],"version-history":[{"count":0,"href":"https:\/\/noticiasribeiraopreto.com.br\/index.php\/wp-json\/wp\/v2\/posts\/81202\/revisions"}],"wp:featuredmedia":[{"embeddable":true,"href":"https:\/\/noticiasribeiraopreto.com.br\/index.php\/wp-json\/wp\/v2\/media\/81203"}],"wp:attachment":[{"href":"https:\/\/noticiasribeiraopreto.com.br\/index.php\/wp-json\/wp\/v2\/media?parent=81202"}],"wp:term":[{"taxonomy":"category","embeddable":true,"href":"https:\/\/noticiasribeiraopreto.com.br\/index.php\/wp-json\/wp\/v2\/categories?post=81202"},{"taxonomy":"post_tag","embeddable":true,"href":"https:\/\/noticiasribeiraopreto.com.br\/index.php\/wp-json\/wp\/v2\/tags?post=81202"}],"curies":[{"name":"wp","href":"https:\/\/api.w.org\/{rel}","templated":true}]}}