{"id":81204,"date":"2025-12-28T06:24:29","date_gmt":"2025-12-28T09:24:29","guid":{"rendered":"https:\/\/noticiasribeiraopreto.com.br\/index.php\/2025\/12\/28\/o-que-ricardo-silva-diz-sobre-novo-distrito-industrial-incentivos-para-o-centro-e-revisao-da-pgv\/"},"modified":"2025-12-28T06:24:29","modified_gmt":"2025-12-28T09:24:29","slug":"o-que-ricardo-silva-diz-sobre-novo-distrito-industrial-incentivos-para-o-centro-e-revisao-da-pgv","status":"publish","type":"post","link":"https:\/\/noticiasribeiraopreto.com.br\/index.php\/2025\/12\/28\/o-que-ricardo-silva-diz-sobre-novo-distrito-industrial-incentivos-para-o-centro-e-revisao-da-pgv\/","title":{"rendered":"O que Ricardo Silva diz sobre novo distrito industrial, incentivos para o Centro e revis\u00e3o da PGV"},"content":{"rendered":"<div class='code-block code-block-1' style='margin: 8px 0 8px auto; text-align: right; display: block; clear: both;'>\n<p><a href=\"https:\/\/wa.link\/vpicfd\"><img data-recalc-dims=\"1\" class=\"wp-image-4922\" style=\"aspect-ratio: 2.0253164556962027; width: 561px; height: auto;\" src=\"https:\/\/i0.wp.com\/ismaelcolosi.com.br\/wp-content\/uploads\/2023\/11\/grupo-de-empregos-whatsapp-e-facebook-ismael-colosi-vagas.jpg?ssl=1\" alt=\"\" \/><\/a><\/p>\n<!-- \/wp:image -->\n<\/div>\n<p> <br \/>\n<\/p>\n<div>\n<p>O prefeito de <strong>Ribeir\u00e3o Preto<\/strong>, <strong>Ricardo Silva (PSD)<\/strong>, disse que analisa terrenos para ampliar o distrito industrial. Em entrevista ao <strong>acidade on Ribeir\u00e3o<\/strong>, o chefe do Executivo afirmou que o munic\u00edpio estuda \u00e1reas em diferentes regi\u00f5es da cidade, incluindo um im\u00f3vel ao lado do atual distrito. \u201cNosso distrito industrial j\u00e1 est\u00e1 abarrotado, com poucos terrenos\u201d, afirma.<\/p>\n<p>Na entrevista, Ricardo Silva disse que os estudos realizados pelas secretarias de Inova\u00e7\u00e3o e de Governo est\u00e3o avan\u00e7ados. \u201cEstamos em parcerias com propriet\u00e1rios de terras para que a gente possa fazer loteamento. J\u00e1 temos algumas parcerias em andamento para abertura de novas \u00e1reas, para que essas empresas possam se instalar em Ribeir\u00e3o Preto de forma subsidiada. Isso deve, tamb\u00e9m, acontecer a partir do ano que vem\u201d, afirma.<\/p>\n<h2 class=\"wp-block-heading\"><strong>Revitaliza\u00e7\u00e3o do Centro<\/strong><\/h2>\n<p>Na mesma entrevista, o prefeito comentou que tem como meta a concess\u00e3o de incentivos para empresas na regi\u00e3o Central, como est\u00e1 previsto no<strong> PPA (Plano Plurianual) 2026-2029<\/strong>. \u201cA gente est\u00e1 com um olhar muito carinhoso para o Centro, porque a gente sabe o quanto o Centro sofreu e sofre ainda hoje\u201d, disse.<\/p>\n<p>No entanto, a ado\u00e7\u00e3o de incentivos ainda deve ser estudada pela prefeitura. \u201cO incentivo est\u00e1 no PPA como meta. Agora, a gente vai aprofundar estudos em 2026 para efetivar em projetos. Mas \u00e9 apenas uma meta neste momento. Uma meta que n\u00f3s vamos realizar nos pr\u00f3ximos quatro anos\u201d, destaca.<\/p>\n<p>Para Ricardo Silva, a revitaliza\u00e7\u00e3o do Centro tamb\u00e9m passa pela manuten\u00e7\u00e3o da prefeitura na regi\u00e3o. \u201cNossa primeira meta \u00e9 manter essa veia pulsante aqui no Centro da cidade. Temos desafios no Centro: a revitaliza\u00e7\u00e3o por completo e o incentivo para que as pessoas venham.\u201d<\/p>\n<h2 class=\"wp-block-heading\"><strong>Revis\u00e3o da PGV<\/strong><\/h2>\n<p>J\u00e1 a revis\u00e3o da <strong>PGV (Planta Gen\u00e9rica de Valores)<\/strong>, utilizada pela prefeitura nos c\u00e1lculos do IPTU, deve voltar \u00e0 pauta nos pr\u00f3ximos anos. Isso porque <a href=\"https:\/\/www.ribeiraopreto.sp.gov.br\/legislacao-municipal\/pesquisa\/lei\/34620\" data-type=\"link\" data-id=\"https:\/\/www.ribeiraopreto.sp.gov.br\/legislacao-municipal\/pesquisa\/lei\/34620\" target=\"_blank\" rel=\"noopener\">a Planta Gen\u00e9rica deve ser revista ao menos uma vez a cada mandato<\/a> \u2013 o ex-prefeito Duarte Nogueira chegou a enviar propostas de revis\u00e3o ao Legislativo, mas os projetos n\u00e3o foram aprovados pelos vereadores.<\/p>\n<p>Segundo Ricardo Silva, o tema ser\u00e1 discutido; no entanto, ele acredita que n\u00e3o haver\u00e1 aumento de impostos. \u201cN\u00f3s precisamos fazer uma revis\u00e3o da Planta Gen\u00e9rica, isso \u00e9 obriga\u00e7\u00e3o, mas n\u00e3o necessariamente isso implica em aumento de imposto. N\u00e3o haver\u00e1 aumento de imposto.\u201d<\/p>\n<p>\u201cO que dever\u00e1 ser feito, por imposi\u00e7\u00e3o legal, \u00e9 uma revis\u00e3o da Planta Gen\u00e9rica, mas que n\u00e3o resultar\u00e1 em aumento de imposto. Pode resultar em at\u00e9 redu\u00e7\u00e3o de impostos, dependendo da \u00e1rea, se houver alguma diverg\u00eancia. Mas o aumento de impostos, de forma deliberada, n\u00e3o \u00e9 a meta do governo\u201d, completa.<\/p>\n<p>SAIBA MAIS<br \/>Ribeir\u00e3o prorroga vacina\u00e7\u00e3o contra HPV para jovens de 15 a 19 anos<\/p>\n<h2 class=\"wp-block-heading\"><strong>FIQUE ON<\/strong><\/h2>\n<p>Fique ligado em tudo que acontece em Ribeir\u00e3o Preto e regi\u00e3o. Siga os perfis do\u00a0<strong>acidade on<\/strong>\u00a0no\u00a0<a href=\"https:\/\/www.instagram.com\/acidadeonribeirao\" target=\"_blank\" rel=\"noreferrer noopener\">Instagram<\/a>\u00a0e no\u00a0<a href=\"https:\/\/www.facebook.com\/acidadeonribeirao\/\" target=\"_blank\" rel=\"noreferrer noopener\">Facebook<\/a>.<\/p>\n<p>Receba not\u00edcias do\u00a0<strong>acidade on<\/strong>\u00a0no WhatsApp. Para entrar no grupo,\u00a0basta<a href=\"https:\/\/chat.whatsapp.com\/GFH9HUMUTHNFJdnyEd0xxq\" target=\"_blank\" rel=\"noreferrer noopener\">\u00a0clicar aqui<\/a>. Ou, acesse o nosso\u00a0Canal\u00a0<a href=\"https:\/\/whatsapp.com\/channel\/0029Vb6IQl1JENyAeS57fk2p\" target=\"_blank\" rel=\"noreferrer noopener\">clicando aqui<\/a>.<\/p>\n<p>Fa\u00e7a uma den\u00fancia ou sugira uma reportagem sobre Ribeir\u00e3o Preto e regi\u00e3o pelo WhatsApp: 16 99117 7802.<\/p>\n<p>VEJA TAMB\u00c9M<br \/>Casquinha do McDonald\u2019s n\u00e3o \u00e9 sorvete?<\/p>\n<p><!-- AI CONTENT END 1 -->\n<\/div>\n<p><script async src=\"\/\/www.instagram.com\/embed.js\"><\/script><br \/>\n<br \/><br \/>\n<br \/><a href=\"https:\/\/www.acidadeon.com\/ribeiraopreto\/politica\/nevio-archibald\/o-que-ricardo-silva-diz-sobre-novo-distrito-industrial-incentivos-para-o-centro-e-revisao-da-pgv\/\">Source link <\/a><\/p>\n<!-- CONTENT END 1 -->\n","protected":false},"excerpt":{"rendered":"<p>O prefeito de Ribeir\u00e3o Preto, Ricardo Silva (PSD), disse que analisa terrenos para ampliar o distrito industrial. Em entrevista ao acidade on Ribeir\u00e3o, o chefe&#8230;<\/p>\n","protected":false},"author":1,"featured_media":80794,"comment_status":"open","ping_status":"open","sticky":false,"template":"","format":"standard","meta":{"advanced_seo_description":"","jetpack_seo_html_title":"","jetpack_seo_noindex":false,"jetpack_post_was_ever_published":false,"_jetpack_newsletter_access":"","_jetpack_dont_email_post_to_subs":false,"_jetpack_newsletter_tier_id":0,"_jetpack_memberships_contains_paywalled_content":false,"_jetpack_memberships_contains_paid_content":false,"footnotes":"","jetpack_publicize_message":"","jetpack_publicize_feature_enabled":true,"jetpack_social_post_already_shared":true,"jetpack_social_options":{"image_generator_settings":{"template":"highway","default_image_id":0,"font":"","enabled":false},"version":2}},"categories":[11],"tags":[],"class_list":["post-81204","post","type-post","status-publish","format-standard","has-post-thumbnail","hentry","category-noticias-de-ribeirao-preto-sp-e-regiao-ismael-colosi"],"jetpack_publicize_connections":[],"jetpack_featured_media_url":"https:\/\/i0.wp.com\/noticiasribeiraopreto.com.br\/wp-content\/uploads\/2025\/12\/ricardo-silva_2025-12-13_18-40-46.webp.webp?fit=1200%2C901&ssl=1","jetpack-related-posts":[{"id":74255,"url":"https:\/\/noticiasribeiraopreto.com.br\/index.php\/2025\/07\/18\/distrito-empresarial-reivindica-melhorias-para-o-local\/","url_meta":{"origin":81204,"position":0},"title":"Distrito Empresarial reivindica melhorias para o local","author":"noticiasribeiraopreto.com.br","date":"18 de July de 2025","format":false,"excerpt":"18 de julho de 2025 14:383 Compartilhar0 O prefeito de Ribeir\u00e3o Preto Ricardo Silva (PSD), recebeu na quinta-feira, dia 17 de julho, representantes da Associa\u00e7\u00e3o de Desenvolvimento do Distrito Empresarial de Ribeir\u00e3o Preto (Adderi) para discutir demandas e propostas de melhorias no local. O encontro faz parte do compromisso da\u2026","rel":"","context":"In &quot;Not\u00edcias de Ribeir\u00e3o Preto-SP e Regi\u00e3o&quot;","block_context":{"text":"Not\u00edcias de Ribeir\u00e3o Preto-SP e Regi\u00e3o","link":"https:\/\/noticiasribeiraopreto.com.br\/index.php\/category\/noticias-de-ribeirao-preto-sp-e-regiao-ismael-colosi\/"},"img":{"alt_text":"","src":"https:\/\/i0.wp.com\/noticiasribeiraopreto.com.br\/wp-content\/uploads\/2025\/07\/disrtrito-scaled.jpeg?fit=1170%2C780&ssl=1&resize=350%2C200","width":350,"height":200,"srcset":"https:\/\/i0.wp.com\/noticiasribeiraopreto.com.br\/wp-content\/uploads\/2025\/07\/disrtrito-scaled.jpeg?fit=1170%2C780&ssl=1&resize=350%2C200 1x, https:\/\/i0.wp.com\/noticiasribeiraopreto.com.br\/wp-content\/uploads\/2025\/07\/disrtrito-scaled.jpeg?fit=1170%2C780&ssl=1&resize=525%2C300 1.5x, https:\/\/i0.wp.com\/noticiasribeiraopreto.com.br\/wp-content\/uploads\/2025\/07\/disrtrito-scaled.jpeg?fit=1170%2C780&ssl=1&resize=700%2C400 2x, https:\/\/i0.wp.com\/noticiasribeiraopreto.com.br\/wp-content\/uploads\/2025\/07\/disrtrito-scaled.jpeg?fit=1170%2C780&ssl=1&resize=1050%2C600 3x"},"classes":[]},{"id":82191,"url":"https:\/\/noticiasribeiraopreto.com.br\/index.php\/2026\/02\/06\/empresarios-reivindicam-zeladoria-e-melhorias-no-distrito-empresarial\/","url_meta":{"origin":81204,"position":1},"title":"Empres\u00e1rios reivindicam zeladoria e melhorias no Distrito Empresarial","author":"noticiasribeiraopreto.com.br","date":"6 de February de 2026","format":false,"excerpt":"\r \r \r \r \r 6 de fevereiro de 2026 17:42 \r Compartilhar0 \r Vereador Danilo Scochi foi pessoalmente ao Distrito atendendo pedido da Adderi e organizou uma comitiva para uma visita \u00e0 Prefeitura Atendendo a uma solicita\u00e7\u00e3o da Associa\u00e7\u00e3o de Desenvolvimento do Distrito Empresarial de Ribeir\u00e3o Preto (ADDERI), o\u2026","rel":"","context":"In &quot;Not\u00edcias de Ribeir\u00e3o Preto-SP e Regi\u00e3o&quot;","block_context":{"text":"Not\u00edcias de Ribeir\u00e3o Preto-SP e Regi\u00e3o","link":"https:\/\/noticiasribeiraopreto.com.br\/index.php\/category\/noticias-de-ribeirao-preto-sp-e-regiao-ismael-colosi\/"},"img":{"alt_text":"","src":"https:\/\/i0.wp.com\/noticiasribeiraopreto.com.br\/wp-content\/uploads\/2026\/02\/adderi-03-scaled.jpeg?fit=1200%2C675&ssl=1&resize=350%2C200","width":350,"height":200,"srcset":"https:\/\/i0.wp.com\/noticiasribeiraopreto.com.br\/wp-content\/uploads\/2026\/02\/adderi-03-scaled.jpeg?fit=1200%2C675&ssl=1&resize=350%2C200 1x, https:\/\/i0.wp.com\/noticiasribeiraopreto.com.br\/wp-content\/uploads\/2026\/02\/adderi-03-scaled.jpeg?fit=1200%2C675&ssl=1&resize=525%2C300 1.5x, https:\/\/i0.wp.com\/noticiasribeiraopreto.com.br\/wp-content\/uploads\/2026\/02\/adderi-03-scaled.jpeg?fit=1200%2C675&ssl=1&resize=700%2C400 2x, https:\/\/i0.wp.com\/noticiasribeiraopreto.com.br\/wp-content\/uploads\/2026\/02\/adderi-03-scaled.jpeg?fit=1200%2C675&ssl=1&resize=1050%2C600 3x"},"classes":[]},{"id":59182,"url":"https:\/\/noticiasribeiraopreto.com.br\/index.php\/2024\/10\/16\/saiba-quais-sao-as-propostas-de-ricardo-silva-psd-antes-do-2o-turno-em-ribeirao\/","url_meta":{"origin":81204,"position":2},"title":"Saiba quais s\u00e3o as propostas de Ricardo Silva (PSD) antes do 2\u00ba turno em Ribeir\u00e3o","author":"noticiasribeiraopreto.com.br","date":"16 de October de 2024","format":false,"excerpt":"O candidato Ricardo Silva (PSD) participou de uma nova entrevista com o portal acidade on na \u00faltima segunda-feira (14). Na ocasi\u00e3o, o deputado federal falou mais sobre as suas propostas caso seja eleito prefeito de Ribeir\u00e3o Preto \u2013 veja o player acima. Nesta rodada de entrevista, o candidato disse ser\u2026","rel":"","context":"In &quot;Not\u00edcias de Ribeir\u00e3o Preto-SP e Regi\u00e3o&quot;","block_context":{"text":"Not\u00edcias de Ribeir\u00e3o Preto-SP e Regi\u00e3o","link":"https:\/\/noticiasribeiraopreto.com.br\/index.php\/category\/noticias-de-ribeirao-preto-sp-e-regiao-ismael-colosi\/"},"img":{"alt_text":"","src":"https:\/\/i0.wp.com\/noticiasribeiraopreto.com.br\/wp-content\/uploads\/2024\/09\/ricardo-silva_2024-09-27_14-05-41_jpg_2024-09-27_14-05-41.webp.webp?fit=1200%2C863&ssl=1&resize=350%2C200","width":350,"height":200,"srcset":"https:\/\/i0.wp.com\/noticiasribeiraopreto.com.br\/wp-content\/uploads\/2024\/09\/ricardo-silva_2024-09-27_14-05-41_jpg_2024-09-27_14-05-41.webp.webp?fit=1200%2C863&ssl=1&resize=350%2C200 1x, https:\/\/i0.wp.com\/noticiasribeiraopreto.com.br\/wp-content\/uploads\/2024\/09\/ricardo-silva_2024-09-27_14-05-41_jpg_2024-09-27_14-05-41.webp.webp?fit=1200%2C863&ssl=1&resize=525%2C300 1.5x, https:\/\/i0.wp.com\/noticiasribeiraopreto.com.br\/wp-content\/uploads\/2024\/09\/ricardo-silva_2024-09-27_14-05-41_jpg_2024-09-27_14-05-41.webp.webp?fit=1200%2C863&ssl=1&resize=700%2C400 2x, https:\/\/i0.wp.com\/noticiasribeiraopreto.com.br\/wp-content\/uploads\/2024\/09\/ricardo-silva_2024-09-27_14-05-41_jpg_2024-09-27_14-05-41.webp.webp?fit=1200%2C863&ssl=1&resize=1050%2C600 3x"},"classes":[]},{"id":81383,"url":"https:\/\/noticiasribeiraopreto.com.br\/index.php\/2026\/01\/04\/entenda-situacao-dos-museus-e-de-nova-secretaria-de-ribeirao-preto\/","url_meta":{"origin":81204,"position":3},"title":"Entenda situa\u00e7\u00e3o dos museus e de nova secretaria de Ribeir\u00e3o Preto","author":"noticiasribeiraopreto.com.br","date":"4 de January de 2026","format":false,"excerpt":"O prefeito de Ribeir\u00e3o Preto, Ricardo Silva (PSD), disse que a Administra\u00e7\u00e3o Municipal ainda aguarda um parecer da Secretaria Municipal da Cultura para definir a situa\u00e7\u00e3o do complexo dos museus do Caf\u00e9 e Hist\u00f3rico. Na \u00faltima parte da entrevista concedida ao acidade on Ribeir\u00e3o, o prefeito tamb\u00e9m falou como deve\u2026","rel":"","context":"In &quot;Not\u00edcias de Ribeir\u00e3o Preto-SP e Regi\u00e3o&quot;","block_context":{"text":"Not\u00edcias de Ribeir\u00e3o Preto-SP e Regi\u00e3o","link":"https:\/\/noticiasribeiraopreto.com.br\/index.php\/category\/noticias-de-ribeirao-preto-sp-e-regiao-ismael-colosi\/"},"img":{"alt_text":"","src":"https:\/\/i0.wp.com\/noticiasribeiraopreto.com.br\/wp-content\/uploads\/2026\/01\/Copia-de-Copia-de-TAMANHO-EXATO-PARA-FOTOS-NO-SISTEMA-NOVO-28_2024-05-02_20-13-58_jpg_2024-05-02_20-13-59.webp.webp?fit=1200%2C675&ssl=1&resize=350%2C200","width":350,"height":200,"srcset":"https:\/\/i0.wp.com\/noticiasribeiraopreto.com.br\/wp-content\/uploads\/2026\/01\/Copia-de-Copia-de-TAMANHO-EXATO-PARA-FOTOS-NO-SISTEMA-NOVO-28_2024-05-02_20-13-58_jpg_2024-05-02_20-13-59.webp.webp?fit=1200%2C675&ssl=1&resize=350%2C200 1x, https:\/\/i0.wp.com\/noticiasribeiraopreto.com.br\/wp-content\/uploads\/2026\/01\/Copia-de-Copia-de-TAMANHO-EXATO-PARA-FOTOS-NO-SISTEMA-NOVO-28_2024-05-02_20-13-58_jpg_2024-05-02_20-13-59.webp.webp?fit=1200%2C675&ssl=1&resize=525%2C300 1.5x, https:\/\/i0.wp.com\/noticiasribeiraopreto.com.br\/wp-content\/uploads\/2026\/01\/Copia-de-Copia-de-TAMANHO-EXATO-PARA-FOTOS-NO-SISTEMA-NOVO-28_2024-05-02_20-13-58_jpg_2024-05-02_20-13-59.webp.webp?fit=1200%2C675&ssl=1&resize=700%2C400 2x, https:\/\/i0.wp.com\/noticiasribeiraopreto.com.br\/wp-content\/uploads\/2026\/01\/Copia-de-Copia-de-TAMANHO-EXATO-PARA-FOTOS-NO-SISTEMA-NOVO-28_2024-05-02_20-13-58_jpg_2024-05-02_20-13-59.webp.webp?fit=1200%2C675&ssl=1&resize=1050%2C600 3x"},"classes":[]},{"id":59686,"url":"https:\/\/noticiasribeiraopreto.com.br\/index.php\/2024\/10\/28\/ricardo-silva-fala-sobre-volta-do-daerp-e-plano-de-retomada-do-comercio-em-ribeirao-preto\/","url_meta":{"origin":81204,"position":4},"title":"Ricardo Silva fala sobre volta do Daerp e plano de retomada do com\u00e9rcio em Ribeir\u00e3o Preto","author":"noticiasribeiraopreto.com.br","date":"28 de October de 2024","format":false,"excerpt":"O prefeito eleito de Ribeir\u00e3o Preto, Ricardo Silva (PSD), disse nesta segunda-feira (28), ao acidade on Ribeir\u00e3o, que a primeira medida como Chefe do Executivo ser\u00e1 a cria\u00e7\u00e3o de um plano para retomada do com\u00e9rcio. Ele tamb\u00e9m afirmou que vai enviar para C\u00e2mara um projeto de lei para transformar a\u2026","rel":"","context":"In &quot;Not\u00edcias de Ribeir\u00e3o Preto-SP e Regi\u00e3o&quot;","block_context":{"text":"Not\u00edcias de Ribeir\u00e3o Preto-SP e Regi\u00e3o","link":"https:\/\/noticiasribeiraopreto.com.br\/index.php\/category\/noticias-de-ribeirao-preto-sp-e-regiao-ismael-colosi\/"},"img":{"alt_text":"","src":"https:\/\/i0.wp.com\/noticiasribeiraopreto.com.br\/wp-content\/uploads\/2024\/10\/ricardo-silva-psd_2024-10-28_18-34-18_jpg_2024-10-28_18-34-19.webp.webp?fit=1200%2C883&ssl=1&resize=350%2C200","width":350,"height":200,"srcset":"https:\/\/i0.wp.com\/noticiasribeiraopreto.com.br\/wp-content\/uploads\/2024\/10\/ricardo-silva-psd_2024-10-28_18-34-18_jpg_2024-10-28_18-34-19.webp.webp?fit=1200%2C883&ssl=1&resize=350%2C200 1x, https:\/\/i0.wp.com\/noticiasribeiraopreto.com.br\/wp-content\/uploads\/2024\/10\/ricardo-silva-psd_2024-10-28_18-34-18_jpg_2024-10-28_18-34-19.webp.webp?fit=1200%2C883&ssl=1&resize=525%2C300 1.5x, https:\/\/i0.wp.com\/noticiasribeiraopreto.com.br\/wp-content\/uploads\/2024\/10\/ricardo-silva-psd_2024-10-28_18-34-18_jpg_2024-10-28_18-34-19.webp.webp?fit=1200%2C883&ssl=1&resize=700%2C400 2x, https:\/\/i0.wp.com\/noticiasribeiraopreto.com.br\/wp-content\/uploads\/2024\/10\/ricardo-silva-psd_2024-10-28_18-34-18_jpg_2024-10-28_18-34-19.webp.webp?fit=1200%2C883&ssl=1&resize=1050%2C600 3x"},"classes":[]},{"id":59100,"url":"https:\/\/noticiasribeiraopreto.com.br\/index.php\/2024\/10\/14\/ao-vivo-acidade-on-ribeirao-entrevista-ricardo-silva-nesta-segunda-feira\/","url_meta":{"origin":81204,"position":5},"title":"AO VIVO: acidade on Ribeir\u00e3o entrevista Ricardo Silva nesta segunda-feira","author":"noticiasribeiraopreto.com.br","date":"14 de October de 2024","format":false,"excerpt":"O acidade on Ribeir\u00e3o entrevista o candidato Ricardo Silva (PSD), que est\u00e1 no segundo turno das elei\u00e7\u00f5es 2024 na disputa pela Prefeitura de Ribeir\u00e3o Preto. A sabatina ser\u00e1 transmitida ao vivo no canal no YouTube do acidade on \u2013 veja o player acima \u2013 ap\u00f3s a participa\u00e7\u00e3o do candidato no\u2026","rel":"","context":"In &quot;Not\u00edcias de Ribeir\u00e3o Preto-SP e Regi\u00e3o&quot;","block_context":{"text":"Not\u00edcias de Ribeir\u00e3o Preto-SP e Regi\u00e3o","link":"https:\/\/noticiasribeiraopreto.com.br\/index.php\/category\/noticias-de-ribeirao-preto-sp-e-regiao-ismael-colosi\/"},"img":{"alt_text":"","src":"https:\/\/i0.wp.com\/noticiasribeiraopreto.com.br\/wp-content\/uploads\/2024\/09\/ricardo-silva_2024-09-27_14-05-41_jpg_2024-09-27_14-05-41.webp.webp?fit=1200%2C863&ssl=1&resize=350%2C200","width":350,"height":200,"srcset":"https:\/\/i0.wp.com\/noticiasribeiraopreto.com.br\/wp-content\/uploads\/2024\/09\/ricardo-silva_2024-09-27_14-05-41_jpg_2024-09-27_14-05-41.webp.webp?fit=1200%2C863&ssl=1&resize=350%2C200 1x, https:\/\/i0.wp.com\/noticiasribeiraopreto.com.br\/wp-content\/uploads\/2024\/09\/ricardo-silva_2024-09-27_14-05-41_jpg_2024-09-27_14-05-41.webp.webp?fit=1200%2C863&ssl=1&resize=525%2C300 1.5x, https:\/\/i0.wp.com\/noticiasribeiraopreto.com.br\/wp-content\/uploads\/2024\/09\/ricardo-silva_2024-09-27_14-05-41_jpg_2024-09-27_14-05-41.webp.webp?fit=1200%2C863&ssl=1&resize=700%2C400 2x, https:\/\/i0.wp.com\/noticiasribeiraopreto.com.br\/wp-content\/uploads\/2024\/09\/ricardo-silva_2024-09-27_14-05-41_jpg_2024-09-27_14-05-41.webp.webp?fit=1200%2C863&ssl=1&resize=1050%2C600 3x"},"classes":[]}],"jetpack_sharing_enabled":true,"jetpack_shortlink":"https:\/\/wp.me\/peQAOb-l7K","_links":{"self":[{"href":"https:\/\/noticiasribeiraopreto.com.br\/index.php\/wp-json\/wp\/v2\/posts\/81204","targetHints":{"allow":["GET"]}}],"collection":[{"href":"https:\/\/noticiasribeiraopreto.com.br\/index.php\/wp-json\/wp\/v2\/posts"}],"about":[{"href":"https:\/\/noticiasribeiraopreto.com.br\/index.php\/wp-json\/wp\/v2\/types\/post"}],"author":[{"embeddable":true,"href":"https:\/\/noticiasribeiraopreto.com.br\/index.php\/wp-json\/wp\/v2\/users\/1"}],"replies":[{"embeddable":true,"href":"https:\/\/noticiasribeiraopreto.com.br\/index.php\/wp-json\/wp\/v2\/comments?post=81204"}],"version-history":[{"count":0,"href":"https:\/\/noticiasribeiraopreto.com.br\/index.php\/wp-json\/wp\/v2\/posts\/81204\/revisions"}],"wp:featuredmedia":[{"embeddable":true,"href":"https:\/\/noticiasribeiraopreto.com.br\/index.php\/wp-json\/wp\/v2\/media\/80794"}],"wp:attachment":[{"href":"https:\/\/noticiasribeiraopreto.com.br\/index.php\/wp-json\/wp\/v2\/media?parent=81204"}],"wp:term":[{"taxonomy":"category","embeddable":true,"href":"https:\/\/noticiasribeiraopreto.com.br\/index.php\/wp-json\/wp\/v2\/categories?post=81204"},{"taxonomy":"post_tag","embeddable":true,"href":"https:\/\/noticiasribeiraopreto.com.br\/index.php\/wp-json\/wp\/v2\/tags?post=81204"}],"curies":[{"name":"wp","href":"https:\/\/api.w.org\/{rel}","templated":true}]}}