{"id":81205,"date":"2025-12-28T06:34:00","date_gmt":"2025-12-28T09:34:00","guid":{"rendered":"https:\/\/noticiasribeiraopreto.com.br\/index.php\/2025\/12\/28\/crianca-cai-do-decimo-andar-de-predio-no-centro-de-ribeirao-preto\/"},"modified":"2025-12-28T06:34:00","modified_gmt":"2025-12-28T09:34:00","slug":"crianca-cai-do-decimo-andar-de-predio-no-centro-de-ribeirao-preto","status":"publish","type":"post","link":"https:\/\/noticiasribeiraopreto.com.br\/index.php\/2025\/12\/28\/crianca-cai-do-decimo-andar-de-predio-no-centro-de-ribeirao-preto\/","title":{"rendered":"Crian\u00e7a cai do d\u00e9cimo andar de pr\u00e9dio no Centro de Ribeir\u00e3o Preto"},"content":{"rendered":"<div class='code-block code-block-1' style='margin: 8px 0 8px auto; text-align: right; display: block; clear: both;'>\n<p><a href=\"https:\/\/wa.link\/vpicfd\"><img data-recalc-dims=\"1\" class=\"wp-image-4922\" style=\"aspect-ratio: 2.0253164556962027; width: 561px; height: auto;\" src=\"https:\/\/i0.wp.com\/ismaelcolosi.com.br\/wp-content\/uploads\/2023\/11\/grupo-de-empregos-whatsapp-e-facebook-ismael-colosi-vagas.jpg?ssl=1\" alt=\"\" \/><\/a><\/p>\n<!-- \/wp:image -->\n<\/div>\n<p> <br \/>\n<\/p>\n<div data-td-block-uid=\"tdi_95\">\n<div class=\"tdb-block-inner td-fix-index\">\n<p>Uma <strong>crian\u00e7a de quatro anos<\/strong> caiu do <strong>d\u00e9cimo andar <\/strong>de um pr\u00e9dio localizado na avenida Marechal Deodoro, no<strong> Centro de Ribeir\u00e3o Preto<\/strong>, na tarde deste s\u00e1bado (27).<\/p>\n<p>Conforme apura\u00e7\u00e3o da <strong>EPTV<\/strong>, a v\u00edtima \u00e9 um <strong>menino autista n\u00e3o verbal<\/strong> que <strong>caiu da janela do banheiro<\/strong> por volta das 15h30.<\/p>\n<p>Ele foi socorrido consciente pelo <strong>Samu (Servi\u00e7o de Atendimento M\u00f3vel de Urg\u00eancia)<\/strong>, com fratura bilateral no f\u00eamur, e encaminhado ao <strong>Hospital das Cl\u00ednicas Unidade de Emerg\u00eancia (HC-UE)<\/strong>, a cerca de 350 metros do local.<\/p>\n<p><strong><mark style=\"background-color:#fcb900\" class=\"has-inline-color\">Segundo os familiares, o menino necessita de doa\u00e7\u00f5es de sangue do tipo O negativo.<\/mark><\/strong> At\u00e9 a \u00faltima atualiza\u00e7\u00e3o, ela permanecia em atendimento m\u00e9dico. As circunst\u00e2ncias da queda ainda ser\u00e3o apuradas.<\/p>\n<h2 class=\"wp-block-heading\"><strong>Onde doar sangue?<\/strong><\/h2>\n<p>No\u00a0<strong>Hemocentro Campus<\/strong>, na rua Ten. Cat\u00e3o Roxo, 2501, as doa\u00e7\u00f5es acontecem de segunda a sexta-feira, das 7h \u00e0s 13h, e<strong> aos fins de semana e feriados, das 7h \u00e0s 12h30.<\/strong><\/p>\n<p><em>*Com informa\u00e7\u00f5es da EPTV<\/em><\/p>\n<hr class=\"wp-block-separator has-alpha-channel-opacity\"\/>\n<p>SAIBA MAIS<\/p>\n<p>Doa\u00e7\u00f5es de sangue t\u00eam queda no fim de ano; Veja como e onde doar em Ribeir\u00e3o Preto<\/p>\n<h2 class=\"wp-block-heading\"><strong>FIQUE ON<\/strong><\/h2>\n<p>Fique ligado em tudo que acontece em Ribeir\u00e3o Preto e regi\u00e3o. Siga os perfis do\u00a0<strong>acidade on<\/strong>\u00a0no\u00a0<a href=\"https:\/\/www.instagram.com\/acidadeonribeirao\" target=\"_blank\" rel=\"noreferrer noopener\">Instagram<\/a>\u00a0e no\u00a0<a href=\"https:\/\/www.facebook.com\/acidadeonribeirao\/\" target=\"_blank\" rel=\"noreferrer noopener\">Facebook<\/a>.<\/p>\n<p>Receba not\u00edcias do\u00a0<strong>acidade on<\/strong>\u00a0no WhatsApp. Para entrar no grupo,\u00a0basta<a href=\"https:\/\/chat.whatsapp.com\/GFH9HUMUTHNFJdnyEd0xxq\" target=\"_blank\" rel=\"noreferrer noopener\">\u00a0clicar aqui<\/a>. Ou, acesse o nosso\u00a0Canal\u00a0<a href=\"https:\/\/whatsapp.com\/channel\/0029Vb6IQl1JENyAeS57fk2p\" target=\"_blank\" rel=\"noreferrer noopener\">clicando aqui<\/a>.<\/p>\n<p>Fa\u00e7a uma den\u00fancia ou sugira uma reportagem sobre Ribeir\u00e3o Preto e regi\u00e3o pelo WhatsApp: 16 99117 7802.<\/p>\n<p>VEJA TAMB\u00c9M<br \/>Casquinha do McDonald\u2019s n\u00e3o \u00e9 sorvete?<\/p>\n<p><!-- AI CONTENT END 1 -->\n<\/div>\n<\/div>\n<p><script async src=\"\/\/www.instagram.com\/embed.js\"><\/script><br \/>\n<br \/><br \/>\n<br \/><a href=\"https:\/\/www.acidadeon.com\/ribeiraopreto\/cotidiano\/crianca-cai-do-decimo-andar-de-predio-no-centro-de-ribeirao-preto\/\">Source link <\/a><\/p>\n<!-- CONTENT END 1 -->\n","protected":false},"excerpt":{"rendered":"<p>Uma crian\u00e7a de quatro anos caiu do d\u00e9cimo andar de um pr\u00e9dio localizado na avenida Marechal Deodoro, no Centro de Ribeir\u00e3o Preto, na tarde deste&#8230;<\/p>\n","protected":false},"author":1,"featured_media":81206,"comment_status":"open","ping_status":"open","sticky":false,"template":"","format":"standard","meta":{"advanced_seo_description":"","jetpack_seo_html_title":"","jetpack_seo_noindex":false,"jetpack_post_was_ever_published":false,"_jetpack_newsletter_access":"","_jetpack_dont_email_post_to_subs":false,"_jetpack_newsletter_tier_id":0,"_jetpack_memberships_contains_paywalled_content":false,"_jetpack_memberships_contains_paid_content":false,"footnotes":"","jetpack_publicize_message":"","jetpack_publicize_feature_enabled":true,"jetpack_social_post_already_shared":true,"jetpack_social_options":{"image_generator_settings":{"template":"highway","default_image_id":0,"font":"","enabled":false},"version":2}},"categories":[11],"tags":[],"class_list":["post-81205","post","type-post","status-publish","format-standard","has-post-thumbnail","hentry","category-noticias-de-ribeirao-preto-sp-e-regiao-ismael-colosi"],"jetpack_publicize_connections":[],"jetpack_featured_media_url":"https:\/\/i0.wp.com\/noticiasribeiraopreto.com.br\/wp-content\/uploads\/2025\/12\/domingo-53_2025-12-27_21-48-16.webp.webp?fit=1200%2C675&ssl=1","jetpack-related-posts":[{"id":81439,"url":"https:\/\/noticiasribeiraopreto.com.br\/index.php\/2026\/01\/06\/e-um-caso-extraordinario-diz-medico-sobre-menino-que-caiu-do-10o-andar-de-predio-em-ribeirao\/","url_meta":{"origin":81205,"position":0},"title":"\u2018\u00c9 um caso extraordin\u00e1rio\u2019, diz m\u00e9dico sobre menino que caiu do 10\u00ba andar de pr\u00e9dio em Ribeir\u00e3o","author":"noticiasribeiraopreto.com.br","date":"6 de January de 2026","format":false,"excerpt":"O caso do menino Brenno Fernandes Girdziauckas, de 4 anos, que sobreviveu \u00e0 queda do 10\u00ba andar de um pr\u00e9dio no Centro de Ribeir\u00e3o Preto, \u00e9 considerado \u201cextraordin\u00e1rio\u201d pelo neurologista e professor de medicina Francisco Vale. A crian\u00e7a deixou o Centro de Terapia Intensiva (CTI) do Hospital das Cl\u00ednicas e\u2026","rel":"","context":"In &quot;Not\u00edcias de Ribeir\u00e3o Preto-SP e Regi\u00e3o&quot;","block_context":{"text":"Not\u00edcias de Ribeir\u00e3o Preto-SP e Regi\u00e3o","link":"https:\/\/noticiasribeiraopreto.com.br\/index.php\/category\/noticias-de-ribeirao-preto-sp-e-regiao-ismael-colosi\/"},"img":{"alt_text":"","src":"https:\/\/i0.wp.com\/noticiasribeiraopreto.com.br\/wp-content\/uploads\/2026\/01\/domingo-57_2026-01-05_19-38-42.webp.webp?fit=1200%2C675&ssl=1&resize=350%2C200","width":350,"height":200,"srcset":"https:\/\/i0.wp.com\/noticiasribeiraopreto.com.br\/wp-content\/uploads\/2026\/01\/domingo-57_2026-01-05_19-38-42.webp.webp?fit=1200%2C675&ssl=1&resize=350%2C200 1x, https:\/\/i0.wp.com\/noticiasribeiraopreto.com.br\/wp-content\/uploads\/2026\/01\/domingo-57_2026-01-05_19-38-42.webp.webp?fit=1200%2C675&ssl=1&resize=525%2C300 1.5x, https:\/\/i0.wp.com\/noticiasribeiraopreto.com.br\/wp-content\/uploads\/2026\/01\/domingo-57_2026-01-05_19-38-42.webp.webp?fit=1200%2C675&ssl=1&resize=700%2C400 2x, https:\/\/i0.wp.com\/noticiasribeiraopreto.com.br\/wp-content\/uploads\/2026\/01\/domingo-57_2026-01-05_19-38-42.webp.webp?fit=1200%2C675&ssl=1&resize=1050%2C600 3x"},"classes":[]},{"id":81827,"url":"https:\/\/noticiasribeiraopreto.com.br\/index.php\/2026\/01\/27\/menino-que-caiu-do-10o-andar-em-ribeirao-preto-aparece-tocando-violao-em-video-da-familia\/","url_meta":{"origin":81205,"position":1},"title":"Menino que caiu do 10\u00ba andar em Ribeir\u00e3o Preto aparece tocando viol\u00e3o em v\u00eddeo da fam\u00edlia","author":"noticiasribeiraopreto.com.br","date":"27 de January de 2026","format":false,"excerpt":"Uma semana ap\u00f3s receber alta hospitalar, o menino Brenno Fernandes Girdziauckas, de 4 anos, apareceu sorrindo e tocando um viol\u00e3o de brinquedo em um v\u00eddeo publicado nas redes sociais pela fam\u00edlia. A crian\u00e7a caiu do 10\u00ba andar do pr\u00e9dio onde mora, no Centro de Ribeir\u00e3o Preto, no fim de dezembro\u2026","rel":"","context":"In &quot;Not\u00edcias de Ribeir\u00e3o Preto-SP e Regi\u00e3o&quot;","block_context":{"text":"Not\u00edcias de Ribeir\u00e3o Preto-SP e Regi\u00e3o","link":"https:\/\/noticiasribeiraopreto.com.br\/index.php\/category\/noticias-de-ribeirao-preto-sp-e-regiao-ismael-colosi\/"},"img":{"alt_text":"","src":"https:\/\/i0.wp.com\/noticiasribeiraopreto.com.br\/wp-content\/uploads\/2026\/01\/domingo-77_2026-01-26_19-36-56.webp.webp?fit=1200%2C675&ssl=1&resize=350%2C200","width":350,"height":200,"srcset":"https:\/\/i0.wp.com\/noticiasribeiraopreto.com.br\/wp-content\/uploads\/2026\/01\/domingo-77_2026-01-26_19-36-56.webp.webp?fit=1200%2C675&ssl=1&resize=350%2C200 1x, https:\/\/i0.wp.com\/noticiasribeiraopreto.com.br\/wp-content\/uploads\/2026\/01\/domingo-77_2026-01-26_19-36-56.webp.webp?fit=1200%2C675&ssl=1&resize=525%2C300 1.5x, https:\/\/i0.wp.com\/noticiasribeiraopreto.com.br\/wp-content\/uploads\/2026\/01\/domingo-77_2026-01-26_19-36-56.webp.webp?fit=1200%2C675&ssl=1&resize=700%2C400 2x, https:\/\/i0.wp.com\/noticiasribeiraopreto.com.br\/wp-content\/uploads\/2026\/01\/domingo-77_2026-01-26_19-36-56.webp.webp?fit=1200%2C675&ssl=1&resize=1050%2C600 3x"},"classes":[]},{"id":81353,"url":"https:\/\/noticiasribeiraopreto.com.br\/index.php\/2026\/01\/03\/menino-que-caiu-do-10o-andar-em-ribeirao-preto-e-desentubado-e-respira-sozinho\/","url_meta":{"origin":81205,"position":2},"title":"Menino que caiu do 10\u00ba andar em Ribeir\u00e3o Preto \u00e9 desentubado e respira sozinho","author":"noticiasribeiraopreto.com.br","date":"3 de January de 2026","format":false,"excerpt":"O menino Brenno Jorge Betiati Fernandes Girdziauckas, de 4 anos, que caiu do 10\u00ba andar de um pr\u00e9dio no Centro de Ribeir\u00e3o Preto foi desentubado na tarde desta sexta-feira (2) e agora respira sozinho. Segundo o pai da crian\u00e7a, Carlos Daniel Fernandes, ele continua sedado, mas apresenta boa evolu\u00e7\u00e3o cl\u00ednica\u2026","rel":"","context":"In &quot;Not\u00edcias de Ribeir\u00e3o Preto-SP e Regi\u00e3o&quot;","block_context":{"text":"Not\u00edcias de Ribeir\u00e3o Preto-SP e Regi\u00e3o","link":"https:\/\/noticiasribeiraopreto.com.br\/index.php\/category\/noticias-de-ribeirao-preto-sp-e-regiao-ismael-colosi\/"},"img":{"alt_text":"","src":"https:\/\/i0.wp.com\/noticiasribeiraopreto.com.br\/wp-content\/uploads\/2026\/01\/domingo-21_2026-01-02_21-57-24.webp.webp?fit=1200%2C675&ssl=1&resize=350%2C200","width":350,"height":200,"srcset":"https:\/\/i0.wp.com\/noticiasribeiraopreto.com.br\/wp-content\/uploads\/2026\/01\/domingo-21_2026-01-02_21-57-24.webp.webp?fit=1200%2C675&ssl=1&resize=350%2C200 1x, https:\/\/i0.wp.com\/noticiasribeiraopreto.com.br\/wp-content\/uploads\/2026\/01\/domingo-21_2026-01-02_21-57-24.webp.webp?fit=1200%2C675&ssl=1&resize=525%2C300 1.5x, https:\/\/i0.wp.com\/noticiasribeiraopreto.com.br\/wp-content\/uploads\/2026\/01\/domingo-21_2026-01-02_21-57-24.webp.webp?fit=1200%2C675&ssl=1&resize=700%2C400 2x, https:\/\/i0.wp.com\/noticiasribeiraopreto.com.br\/wp-content\/uploads\/2026\/01\/domingo-21_2026-01-02_21-57-24.webp.webp?fit=1200%2C675&ssl=1&resize=1050%2C600 3x"},"classes":[]},{"id":81241,"url":"https:\/\/noticiasribeiraopreto.com.br\/index.php\/2025\/12\/29\/crianca-cai-de-10o-andar-de-predio-em-ribeirao-e-sobrevive\/","url_meta":{"origin":81205,"position":3},"title":"Crian\u00e7a cai de 10\u00ba andar de pr\u00e9dio em Ribeir\u00e3o e sobrevive","author":"noticiasribeiraopreto.com.br","date":"29 de December de 2025","format":false,"excerpt":"\r \r \r \r \r 29 de dezembro de 2025 07:57 \r Compartilhar0 \r A Pol\u00edcia Civil investiga a queda de um menino de quatro anos do 10\u00ba andar de\u00a0um pr\u00e9dio em Ribeir\u00e3o Preto, no interior de S\u00e3o Paulo, neste s\u00e1bado (27). A\u00a0crian\u00e7a sobreviveu. Segundo informa\u00e7\u00f5es da Secretaria de Seguran\u00e7a\u2026","rel":"","context":"In &quot;Not\u00edcias de Ribeir\u00e3o Preto-SP e Regi\u00e3o&quot;","block_context":{"text":"Not\u00edcias de Ribeir\u00e3o Preto-SP e Regi\u00e3o","link":"https:\/\/noticiasribeiraopreto.com.br\/index.php\/category\/noticias-de-ribeirao-preto-sp-e-regiao-ismael-colosi\/"},"img":{"alt_text":"","src":"https:\/\/i0.wp.com\/noticiasribeiraopreto.com.br\/wp-content\/uploads\/2025\/12\/crianca-.webp.webp?fit=1170%2C700&ssl=1&resize=350%2C200","width":350,"height":200,"srcset":"https:\/\/i0.wp.com\/noticiasribeiraopreto.com.br\/wp-content\/uploads\/2025\/12\/crianca-.webp.webp?fit=1170%2C700&ssl=1&resize=350%2C200 1x, https:\/\/i0.wp.com\/noticiasribeiraopreto.com.br\/wp-content\/uploads\/2025\/12\/crianca-.webp.webp?fit=1170%2C700&ssl=1&resize=525%2C300 1.5x, https:\/\/i0.wp.com\/noticiasribeiraopreto.com.br\/wp-content\/uploads\/2025\/12\/crianca-.webp.webp?fit=1170%2C700&ssl=1&resize=700%2C400 2x, https:\/\/i0.wp.com\/noticiasribeiraopreto.com.br\/wp-content\/uploads\/2025\/12\/crianca-.webp.webp?fit=1170%2C700&ssl=1&resize=1050%2C600 3x"},"classes":[]},{"id":81234,"url":"https:\/\/noticiasribeiraopreto.com.br\/index.php\/2025\/12\/29\/estado-de-saude-de-crianca-que-caiu-do-10o-andar-em-ribeirao-preto-e-estavel\/","url_meta":{"origin":81205,"position":4},"title":"Estado de sa\u00fade de crian\u00e7a que caiu do 10\u00ba andar em Ribeir\u00e3o Preto \u00e9 est\u00e1vel","author":"noticiasribeiraopreto.com.br","date":"29 de December de 2025","format":false,"excerpt":"O menino Brenno Jorge Betiati Fernandes Girdziauckas, de apenas 4 anos, que caiu do 10\u00ba andar de um pr\u00e9dio no Centro de Ribeir\u00e3o Preto segue internado no CTI (Centro de Terapia Intensiva) ap\u00f3s passar por uma cirurgia na noite de s\u00e1bado (27) no HC-UE (Hospital das Cl\u00ednicas \u2013 Unidade de\u2026","rel":"","context":"In &quot;Not\u00edcias de Ribeir\u00e3o Preto-SP e Regi\u00e3o&quot;","block_context":{"text":"Not\u00edcias de Ribeir\u00e3o Preto-SP e Regi\u00e3o","link":"https:\/\/noticiasribeiraopreto.com.br\/index.php\/category\/noticias-de-ribeirao-preto-sp-e-regiao-ismael-colosi\/"},"img":{"alt_text":"","src":"https:\/\/i0.wp.com\/noticiasribeiraopreto.com.br\/wp-content\/uploads\/2025\/12\/domingo-53_2025-12-27_21-48-16.webp.webp?fit=1200%2C675&ssl=1&resize=350%2C200","width":350,"height":200,"srcset":"https:\/\/i0.wp.com\/noticiasribeiraopreto.com.br\/wp-content\/uploads\/2025\/12\/domingo-53_2025-12-27_21-48-16.webp.webp?fit=1200%2C675&ssl=1&resize=350%2C200 1x, https:\/\/i0.wp.com\/noticiasribeiraopreto.com.br\/wp-content\/uploads\/2025\/12\/domingo-53_2025-12-27_21-48-16.webp.webp?fit=1200%2C675&ssl=1&resize=525%2C300 1.5x, https:\/\/i0.wp.com\/noticiasribeiraopreto.com.br\/wp-content\/uploads\/2025\/12\/domingo-53_2025-12-27_21-48-16.webp.webp?fit=1200%2C675&ssl=1&resize=700%2C400 2x, https:\/\/i0.wp.com\/noticiasribeiraopreto.com.br\/wp-content\/uploads\/2025\/12\/domingo-53_2025-12-27_21-48-16.webp.webp?fit=1200%2C675&ssl=1&resize=1050%2C600 3x"},"classes":[]},{"id":81415,"url":"https:\/\/noticiasribeiraopreto.com.br\/index.php\/2026\/01\/05\/menino-brenno-que-caiu-do-10o-andar-ja-esta-no-quarto-no-hc\/","url_meta":{"origin":81205,"position":5},"title":"Menino Brenno, que caiu do 10\u00ba andar, j\u00e1 est\u00e1 no quarto no HC","author":"noticiasribeiraopreto.com.br","date":"5 de January de 2026","format":false,"excerpt":"\r \r \r 5 de janeiro de 2026 08:30 \r Compartilhar0 A evolu\u00e7\u00e3o do quadro cl\u00ednico do menino Brenno Fernandes, de 4 anos, vem surpreendendo os m\u00e9dicos do Hospital das Cl\u00ednicas de Ribeir\u00e3o Preto. Ele sobreviveu \u00e0 queda de 10o andar de um pr\u00e9dio no Centro de Ribeir\u00e3o Preto e\u2026","rel":"","context":"In &quot;Not\u00edcias de Ribeir\u00e3o Preto-SP e Regi\u00e3o&quot;","block_context":{"text":"Not\u00edcias de Ribeir\u00e3o Preto-SP e Regi\u00e3o","link":"https:\/\/noticiasribeiraopreto.com.br\/index.php\/category\/noticias-de-ribeirao-preto-sp-e-regiao-ismael-colosi\/"},"img":{"alt_text":"","src":"https:\/\/i0.wp.com\/noticiasribeiraopreto.com.br\/wp-content\/uploads\/2025\/12\/crianca-.webp.webp?fit=1170%2C700&ssl=1&resize=350%2C200","width":350,"height":200,"srcset":"https:\/\/i0.wp.com\/noticiasribeiraopreto.com.br\/wp-content\/uploads\/2025\/12\/crianca-.webp.webp?fit=1170%2C700&ssl=1&resize=350%2C200 1x, https:\/\/i0.wp.com\/noticiasribeiraopreto.com.br\/wp-content\/uploads\/2025\/12\/crianca-.webp.webp?fit=1170%2C700&ssl=1&resize=525%2C300 1.5x, https:\/\/i0.wp.com\/noticiasribeiraopreto.com.br\/wp-content\/uploads\/2025\/12\/crianca-.webp.webp?fit=1170%2C700&ssl=1&resize=700%2C400 2x, https:\/\/i0.wp.com\/noticiasribeiraopreto.com.br\/wp-content\/uploads\/2025\/12\/crianca-.webp.webp?fit=1170%2C700&ssl=1&resize=1050%2C600 3x"},"classes":[]}],"jetpack_sharing_enabled":true,"jetpack_shortlink":"https:\/\/wp.me\/peQAOb-l7L","_links":{"self":[{"href":"https:\/\/noticiasribeiraopreto.com.br\/index.php\/wp-json\/wp\/v2\/posts\/81205","targetHints":{"allow":["GET"]}}],"collection":[{"href":"https:\/\/noticiasribeiraopreto.com.br\/index.php\/wp-json\/wp\/v2\/posts"}],"about":[{"href":"https:\/\/noticiasribeiraopreto.com.br\/index.php\/wp-json\/wp\/v2\/types\/post"}],"author":[{"embeddable":true,"href":"https:\/\/noticiasribeiraopreto.com.br\/index.php\/wp-json\/wp\/v2\/users\/1"}],"replies":[{"embeddable":true,"href":"https:\/\/noticiasribeiraopreto.com.br\/index.php\/wp-json\/wp\/v2\/comments?post=81205"}],"version-history":[{"count":0,"href":"https:\/\/noticiasribeiraopreto.com.br\/index.php\/wp-json\/wp\/v2\/posts\/81205\/revisions"}],"wp:featuredmedia":[{"embeddable":true,"href":"https:\/\/noticiasribeiraopreto.com.br\/index.php\/wp-json\/wp\/v2\/media\/81206"}],"wp:attachment":[{"href":"https:\/\/noticiasribeiraopreto.com.br\/index.php\/wp-json\/wp\/v2\/media?parent=81205"}],"wp:term":[{"taxonomy":"category","embeddable":true,"href":"https:\/\/noticiasribeiraopreto.com.br\/index.php\/wp-json\/wp\/v2\/categories?post=81205"},{"taxonomy":"post_tag","embeddable":true,"href":"https:\/\/noticiasribeiraopreto.com.br\/index.php\/wp-json\/wp\/v2\/tags?post=81205"}],"curies":[{"name":"wp","href":"https:\/\/api.w.org\/{rel}","templated":true}]}}