{"id":81207,"date":"2025-12-28T06:41:38","date_gmt":"2025-12-28T09:41:38","guid":{"rendered":"https:\/\/noticiasribeiraopreto.com.br\/index.php\/2025\/12\/28\/pm-salva-crianca-engasgada-durante-patrulhamento-na-regiao-de-ribeirao\/"},"modified":"2025-12-28T06:41:38","modified_gmt":"2025-12-28T09:41:38","slug":"pm-salva-crianca-engasgada-durante-patrulhamento-na-regiao-de-ribeirao","status":"publish","type":"post","link":"https:\/\/noticiasribeiraopreto.com.br\/index.php\/2025\/12\/28\/pm-salva-crianca-engasgada-durante-patrulhamento-na-regiao-de-ribeirao\/","title":{"rendered":"PM salva crian\u00e7a engasgada durante patrulhamento na regi\u00e3o de Ribeir\u00e3o"},"content":{"rendered":"<div class='code-block code-block-1' style='margin: 8px 0 8px auto; text-align: right; display: block; clear: both;'>\n<p><a href=\"https:\/\/wa.link\/vpicfd\"><img data-recalc-dims=\"1\" class=\"wp-image-4922\" style=\"aspect-ratio: 2.0253164556962027; width: 561px; height: auto;\" src=\"https:\/\/i0.wp.com\/ismaelcolosi.com.br\/wp-content\/uploads\/2023\/11\/grupo-de-empregos-whatsapp-e-facebook-ismael-colosi-vagas.jpg?ssl=1\" alt=\"\" \/><\/a><\/p>\n<!-- \/wp:image -->\n<\/div>\n<p> <br \/>\n<\/p>\n<div data-td-block-uid=\"tdi_95\">\n<div class=\"tdb-block-inner td-fix-index\">\n<p>Uma <strong>crian\u00e7a <\/strong>foi salva por um <strong>agente da Pol\u00edcia Militar (PM)<\/strong> ap\u00f3s se engasgar em <strong>Prad\u00f3polis<\/strong>, cidade na regi\u00e3o de<strong> Ribeir\u00e3o Preto<\/strong>, neste s\u00e1bado (27).<\/p>\n<p>De acordo com as informa\u00e7\u00f5es, uma equipe fazia patrulhamento preventivo pela cidade quando foi abordada por um casal pedindo ajuda. Segundo a PM, <strong>a filha do casal estava engasgada e com dificuldade para respirar.<\/strong><\/p>\n<p>Com a situa\u00e7\u00e3o, o <strong>soldado Buchio<\/strong> iniciou a manobra de desengasgo, conhecida como manobra de <strong>Heimlich<\/strong>, realizando compress\u00f5es abdominais e pancadas nas costas para desobstruir as vias a\u00e9reas.<\/p>\n<p>O procedimento teve sucesso e o objeto que causava a obstru\u00e7\u00e3o foi expelido, permitindo que a crian\u00e7a voltasse a respirar normalmente. A crian\u00e7a foi encaminhada ao Pronto-socorro Municipal, onde passou por avalia\u00e7\u00e3o m\u00e9dica e foi liberada.<\/p>\n<hr class=\"wp-block-separator has-alpha-channel-opacity\"\/>\n<p>SAIBA MAIS<\/p>\n<p>Museu Casa de Portinari celebra anivers\u00e1rio do artista com programa\u00e7\u00e3o especial; Confira<\/p>\n<h2 class=\"wp-block-heading\"><strong>FIQUE ON<\/strong><\/h2>\n<p>Fique ligado em tudo que acontece em Ribeir\u00e3o Preto e regi\u00e3o. Siga os perfis do\u00a0<strong>acidade on\u00a0<\/strong>no\u00a0<a href=\"https:\/\/www.instagram.com\/acidadeonribeirao\" target=\"_blank\" rel=\"noreferrer noopener\">Instagram\u00a0<\/a>e no<a href=\"https:\/\/www.facebook.com\/acidadeonribeirao\/\" target=\"_blank\" rel=\"noreferrer noopener\">\u00a0Facebook<\/a>.<\/p>\n<p>Receba not\u00edcias do<strong>\u00a0acidade on\u00a0<\/strong>no WhatsApp. Para entrar no grupo,\u00a0basta\u00a0<a href=\"https:\/\/chat.whatsapp.com\/GFH9HUMUTHNFJdnyEd0xxq\" target=\"_blank\" rel=\"noreferrer noopener\">clicar aqui<\/a>. Ou, acesse o nosso\u00a0Canal<a href=\"https:\/\/whatsapp.com\/channel\/0029Vb6IQl1JENyAeS57fk2p\" target=\"_blank\" rel=\"noreferrer noopener\">\u00a0clicando aqui<\/a>.<\/p>\n<p>Fa\u00e7a uma den\u00fancia ou sugira uma reportagem sobre Ribeir\u00e3o Preto e regi\u00e3o pelo WhatsApp: 16 99117 7802.<\/p>\n<p>VEJA TAMB\u00c9M<\/p>\n<p>Quem era a ginasta Isabelle Marciniak?<\/p>\n<p><!-- AI CONTENT END 1 -->\n<\/div>\n<\/div>\n<p><script async src=\"\/\/www.instagram.com\/embed.js\"><\/script><br \/>\n<br \/><br \/>\n<br \/><a href=\"https:\/\/www.acidadeon.com\/ribeiraopreto\/cotidiano\/pm-salva-crianca-engasgada-durante-patrulhamento-na-regiao-de-ribeirao\/\">Source link <\/a><\/p>\n<!-- CONTENT END 1 -->\n","protected":false},"excerpt":{"rendered":"<p>Uma crian\u00e7a foi salva por um agente da Pol\u00edcia Militar (PM) ap\u00f3s se engasgar em Prad\u00f3polis, cidade na regi\u00e3o de Ribeir\u00e3o Preto, neste s\u00e1bado (27)&#8230;.<\/p>\n","protected":false},"author":1,"featured_media":81208,"comment_status":"open","ping_status":"open","sticky":false,"template":"","format":"standard","meta":{"advanced_seo_description":"","jetpack_seo_html_title":"","jetpack_seo_noindex":false,"jetpack_post_was_ever_published":false,"_jetpack_newsletter_access":"","_jetpack_dont_email_post_to_subs":false,"_jetpack_newsletter_tier_id":0,"_jetpack_memberships_contains_paywalled_content":false,"_jetpack_memberships_contains_paid_content":false,"footnotes":"","jetpack_publicize_message":"","jetpack_publicize_feature_enabled":true,"jetpack_social_post_already_shared":true,"jetpack_social_options":{"image_generator_settings":{"template":"highway","default_image_id":0,"font":"","enabled":false},"version":2}},"categories":[11],"tags":[],"class_list":["post-81207","post","type-post","status-publish","format-standard","has-post-thumbnail","hentry","category-noticias-de-ribeirao-preto-sp-e-regiao-ismael-colosi"],"jetpack_publicize_connections":[],"jetpack_featured_media_url":"https:\/\/i0.wp.com\/noticiasribeiraopreto.com.br\/wp-content\/uploads\/2025\/12\/WhatsApp-Image-2025-12-27-at-16.05.27_2025-12-27_19-36-44.webp.webp?fit=1200%2C900&ssl=1","jetpack-related-posts":[{"id":68895,"url":"https:\/\/noticiasribeiraopreto.com.br\/index.php\/2025\/04\/30\/bebe-e-salva-pela-gcm-apos-se-engasgar-na-regiao-de-ribeirao-preto\/","url_meta":{"origin":81207,"position":0},"title":"Beb\u00ea \u00e9 salva pela GCM ap\u00f3s se engasgar na regi\u00e3o de Ribeir\u00e3o Preto","author":"noticiasribeiraopreto.com.br","date":"30 de April de 2025","format":false,"excerpt":"Uma beb\u00ea de um m\u00eas foi salva nesta ter\u00e7a-feira (29), ap\u00f3s se engasgar com leite materno em Batatais, cidade a aproximadamente 40 quil\u00f4metros de Ribeir\u00e3o Preto. A av\u00f3 da crian\u00e7a foi at\u00e9 a sede da corpora\u00e7\u00e3o em busca de socorro. Imediatamente, foi realizada a manobra de Heimlich adaptada para beb\u00eas,\u2026","rel":"","context":"In &quot;Not\u00edcias de Ribeir\u00e3o Preto-SP e Regi\u00e3o&quot;","block_context":{"text":"Not\u00edcias de Ribeir\u00e3o Preto-SP e Regi\u00e3o","link":"https:\/\/noticiasribeiraopreto.com.br\/index.php\/category\/noticias-de-ribeirao-preto-sp-e-regiao-ismael-colosi\/"},"img":{"alt_text":"","src":"https:\/\/i0.wp.com\/noticiasribeiraopreto.com.br\/wp-content\/uploads\/2025\/04\/BEBE_2025-04-30_09-50-08.webp.webp?fit=1200%2C813&ssl=1&resize=350%2C200","width":350,"height":200,"srcset":"https:\/\/i0.wp.com\/noticiasribeiraopreto.com.br\/wp-content\/uploads\/2025\/04\/BEBE_2025-04-30_09-50-08.webp.webp?fit=1200%2C813&ssl=1&resize=350%2C200 1x, https:\/\/i0.wp.com\/noticiasribeiraopreto.com.br\/wp-content\/uploads\/2025\/04\/BEBE_2025-04-30_09-50-08.webp.webp?fit=1200%2C813&ssl=1&resize=525%2C300 1.5x, https:\/\/i0.wp.com\/noticiasribeiraopreto.com.br\/wp-content\/uploads\/2025\/04\/BEBE_2025-04-30_09-50-08.webp.webp?fit=1200%2C813&ssl=1&resize=700%2C400 2x, https:\/\/i0.wp.com\/noticiasribeiraopreto.com.br\/wp-content\/uploads\/2025\/04\/BEBE_2025-04-30_09-50-08.webp.webp?fit=1200%2C813&ssl=1&resize=1050%2C600 3x"},"classes":[]},{"id":70296,"url":"https:\/\/noticiasribeiraopreto.com.br\/index.php\/2025\/05\/24\/policiais-salvam-bebe-de-engasgo-com-manobra-de-heimlich\/","url_meta":{"origin":81207,"position":1},"title":"Policiais salvam beb\u00ea de engasgo com manobra de Heimlich","author":"noticiasribeiraopreto.com.br","date":"24 de May de 2025","format":false,"excerpt":"Uma equipe da Pol\u00edcia Militar salvou um beb\u00ea engasgado na manh\u00e3 deste s\u00e1bado (24), em Pitangueiras, cidade na regi\u00e3o de Ribeir\u00e3o Preto, durante um patrulhamento de rotina. A m\u00e3e da crian\u00e7a abordou os agentes pedindo ajuda, ap\u00f3s perceber que a filha, Maria Manuela, havia se engasgado dentro do carro. Os\u2026","rel":"","context":"In &quot;Not\u00edcias de Ribeir\u00e3o Preto-SP e Regi\u00e3o&quot;","block_context":{"text":"Not\u00edcias de Ribeir\u00e3o Preto-SP e Regi\u00e3o","link":"https:\/\/noticiasribeiraopreto.com.br\/index.php\/category\/noticias-de-ribeirao-preto-sp-e-regiao-ismael-colosi\/"},"img":{"alt_text":"","src":"https:\/\/i0.wp.com\/noticiasribeiraopreto.com.br\/wp-content\/uploads\/2025\/05\/bebe-pm_2025-05-24_17-38-45.webp.webp?fit=987%2C785&ssl=1&resize=350%2C200","width":350,"height":200,"srcset":"https:\/\/i0.wp.com\/noticiasribeiraopreto.com.br\/wp-content\/uploads\/2025\/05\/bebe-pm_2025-05-24_17-38-45.webp.webp?fit=987%2C785&ssl=1&resize=350%2C200 1x, https:\/\/i0.wp.com\/noticiasribeiraopreto.com.br\/wp-content\/uploads\/2025\/05\/bebe-pm_2025-05-24_17-38-45.webp.webp?fit=987%2C785&ssl=1&resize=525%2C300 1.5x, https:\/\/i0.wp.com\/noticiasribeiraopreto.com.br\/wp-content\/uploads\/2025\/05\/bebe-pm_2025-05-24_17-38-45.webp.webp?fit=987%2C785&ssl=1&resize=700%2C400 2x"},"classes":[]},{"id":59423,"url":"https:\/\/noticiasribeiraopreto.com.br\/index.php\/2024\/10\/23\/morre-crianca-de-5-anos-vitima-de-afogamento-em-parque-aquatico-na-regiao-de-ribeirao\/","url_meta":{"origin":81207,"position":2},"title":"Morre crian\u00e7a de 5 anos v\u00edtima de afogamento em parque aqu\u00e1tico na regi\u00e3o de Ribeir\u00e3o","author":"noticiasribeiraopreto.com.br","date":"23 de October de 2024","format":false,"excerpt":"Morreu nesta quarta-feira (23), a crian\u00e7a de 5 anos que foi v\u00edtima de afogamento no domingo (20), em um parque aqu\u00e1tico em Barretos, na regi\u00e3o de Ribeir\u00e3o Preto. O menino chegou a ser socorrido e estava internado na UTI da Santa Casa de Barretos. De acordo com Boletim de Ocorr\u00eancia\u2026","rel":"","context":"In &quot;Not\u00edcias de Ribeir\u00e3o Preto-SP e Regi\u00e3o&quot;","block_context":{"text":"Not\u00edcias de Ribeir\u00e3o Preto-SP e Regi\u00e3o","link":"https:\/\/noticiasribeiraopreto.com.br\/index.php\/category\/noticias-de-ribeirao-preto-sp-e-regiao-ismael-colosi\/"},"img":{"alt_text":"","src":"https:\/\/i0.wp.com\/noticiasribeiraopreto.com.br\/wp-content\/uploads\/2024\/10\/barretos_delegacia_1200x675_03042022110539_2024-10-23_20-15-45_jpg_2024-10-23_20-15-46.webp.webp?fit=1200%2C675&ssl=1&resize=350%2C200","width":350,"height":200,"srcset":"https:\/\/i0.wp.com\/noticiasribeiraopreto.com.br\/wp-content\/uploads\/2024\/10\/barretos_delegacia_1200x675_03042022110539_2024-10-23_20-15-45_jpg_2024-10-23_20-15-46.webp.webp?fit=1200%2C675&ssl=1&resize=350%2C200 1x, https:\/\/i0.wp.com\/noticiasribeiraopreto.com.br\/wp-content\/uploads\/2024\/10\/barretos_delegacia_1200x675_03042022110539_2024-10-23_20-15-45_jpg_2024-10-23_20-15-46.webp.webp?fit=1200%2C675&ssl=1&resize=525%2C300 1.5x, https:\/\/i0.wp.com\/noticiasribeiraopreto.com.br\/wp-content\/uploads\/2024\/10\/barretos_delegacia_1200x675_03042022110539_2024-10-23_20-15-45_jpg_2024-10-23_20-15-46.webp.webp?fit=1200%2C675&ssl=1&resize=700%2C400 2x, https:\/\/i0.wp.com\/noticiasribeiraopreto.com.br\/wp-content\/uploads\/2024\/10\/barretos_delegacia_1200x675_03042022110539_2024-10-23_20-15-45_jpg_2024-10-23_20-15-46.webp.webp?fit=1200%2C675&ssl=1&resize=1050%2C600 3x"},"classes":[]},{"id":77038,"url":"https:\/\/noticiasribeiraopreto.com.br\/index.php\/2025\/09\/10\/policia-apreende-moto-e-minimoto-de-menino-de-7-anos-que-fazia-manobras-em-sertaozinho\/","url_meta":{"origin":81207,"position":3},"title":"Pol\u00edcia apreende moto e minimoto de menino de 7 anos que fazia manobras em Sert\u00e3ozinho","author":"noticiasribeiraopreto.com.br","date":"10 de September de 2025","format":false,"excerpt":"A Pol\u00edcia Civil cumpriu nesta quarta-feira (10) um mandado de busca e apreens\u00e3o na resid\u00eancia de um menino de 7 anos em Sert\u00e3ozinho, na regi\u00e3o de Ribeir\u00e3o Preto. Foram apreendidos uma moto e uma minimoto usadas pela crian\u00e7a para realizar manobras em ruas da cidade. Al\u00e9m dos ve\u00edculos, foram recolhidos\u2026","rel":"","context":"In &quot;Not\u00edcias de Ribeir\u00e3o Preto-SP e Regi\u00e3o&quot;","block_context":{"text":"Not\u00edcias de Ribeir\u00e3o Preto-SP e Regi\u00e3o","link":"https:\/\/noticiasribeiraopreto.com.br\/index.php\/category\/noticias-de-ribeirao-preto-sp-e-regiao-ismael-colosi\/"},"img":{"alt_text":"","src":"https:\/\/i0.wp.com\/noticiasribeiraopreto.com.br\/wp-content\/uploads\/2025\/09\/Copia-de-Copia-de-Copia-de-TAMANHO-EXATO-PARA-FOTOS-NO-SISTEMA-NOVO-2025-09-10T143157.387_2025-09-10_17-32-53.webp.webp?fit=1200%2C675&ssl=1&resize=350%2C200","width":350,"height":200,"srcset":"https:\/\/i0.wp.com\/noticiasribeiraopreto.com.br\/wp-content\/uploads\/2025\/09\/Copia-de-Copia-de-Copia-de-TAMANHO-EXATO-PARA-FOTOS-NO-SISTEMA-NOVO-2025-09-10T143157.387_2025-09-10_17-32-53.webp.webp?fit=1200%2C675&ssl=1&resize=350%2C200 1x, https:\/\/i0.wp.com\/noticiasribeiraopreto.com.br\/wp-content\/uploads\/2025\/09\/Copia-de-Copia-de-Copia-de-TAMANHO-EXATO-PARA-FOTOS-NO-SISTEMA-NOVO-2025-09-10T143157.387_2025-09-10_17-32-53.webp.webp?fit=1200%2C675&ssl=1&resize=525%2C300 1.5x, https:\/\/i0.wp.com\/noticiasribeiraopreto.com.br\/wp-content\/uploads\/2025\/09\/Copia-de-Copia-de-Copia-de-TAMANHO-EXATO-PARA-FOTOS-NO-SISTEMA-NOVO-2025-09-10T143157.387_2025-09-10_17-32-53.webp.webp?fit=1200%2C675&ssl=1&resize=700%2C400 2x, https:\/\/i0.wp.com\/noticiasribeiraopreto.com.br\/wp-content\/uploads\/2025\/09\/Copia-de-Copia-de-Copia-de-TAMANHO-EXATO-PARA-FOTOS-NO-SISTEMA-NOVO-2025-09-10T143157.387_2025-09-10_17-32-53.webp.webp?fit=1200%2C675&ssl=1&resize=1050%2C600 3x"},"classes":[]},{"id":59998,"url":"https:\/\/noticiasribeiraopreto.com.br\/index.php\/2024\/11\/04\/casal-e-preso-apos-morte-de-bebe-por-desnutricao-na-regiao-de-ribeirao-preto\/","url_meta":{"origin":81207,"position":4},"title":"Casal \u00e9 preso ap\u00f3s morte de beb\u00ea por desnutri\u00e7\u00e3o na regi\u00e3o de Ribeir\u00e3o Preto","author":"noticiasribeiraopreto.com.br","date":"4 de November de 2024","format":false,"excerpt":"Os pais de um beb\u00ea de apenas dois meses foram presos ap\u00f3s a morte da crian\u00e7a no \u00faltimo final de semana em Franca, na regi\u00e3o de Ribeir\u00e3o Preto. Segundo o B.O. (boletim de ocorr\u00eancia), o beb\u00ea sofreu uma parada cardiorrespirat\u00f3ria e apresentava sinais de desnutri\u00e7\u00e3o. O casal foi preso acusado\u2026","rel":"","context":"In &quot;Not\u00edcias de Ribeir\u00e3o Preto-SP e Regi\u00e3o&quot;","block_context":{"text":"Not\u00edcias de Ribeir\u00e3o Preto-SP e Regi\u00e3o","link":"https:\/\/noticiasribeiraopreto.com.br\/index.php\/category\/noticias-de-ribeirao-preto-sp-e-regiao-ismael-colosi\/"},"img":{"alt_text":"","src":"https:\/\/i0.wp.com\/noticiasribeiraopreto.com.br\/wp-content\/uploads\/2024\/11\/santa_casa_500x320_10122019110753.jpg?fit=500%2C322&ssl=1&resize=350%2C200","width":350,"height":200},"classes":[]},{"id":60006,"url":"https:\/\/noticiasribeiraopreto.com.br\/index.php\/2024\/11\/04\/casal-e-preso-apos-morte-de-bebe-por-desnutricao-na-regiao-de-ribeirao-preto-2\/","url_meta":{"origin":81207,"position":5},"title":"Casal \u00e9 preso ap\u00f3s morte de beb\u00ea por desnutri\u00e7\u00e3o na regi\u00e3o de Ribeir\u00e3o Preto","author":"noticiasribeiraopreto.com.br","date":"4 de November de 2024","format":false,"excerpt":"Os pais de um beb\u00ea de apenas dois meses foram presos ap\u00f3s a morte da crian\u00e7a no \u00faltimo final de semana em Franca, na regi\u00e3o de Ribeir\u00e3o Preto. Segundo o B.O. (boletim de ocorr\u00eancia), o beb\u00ea sofreu uma parada cardiorrespirat\u00f3ria e apresentava sinais de desnutri\u00e7\u00e3o. O casal foi preso acusado\u2026","rel":"","context":"In &quot;Not\u00edcias de Ribeir\u00e3o Preto-SP e Regi\u00e3o&quot;","block_context":{"text":"Not\u00edcias de Ribeir\u00e3o Preto-SP e Regi\u00e3o","link":"https:\/\/noticiasribeiraopreto.com.br\/index.php\/category\/noticias-de-ribeirao-preto-sp-e-regiao-ismael-colosi\/"},"img":{"alt_text":"","src":"https:\/\/i0.wp.com\/noticiasribeiraopreto.com.br\/wp-content\/uploads\/2024\/11\/franca_2024-11-04_15-11-54_jpg_2024-11-04_15-11-54.webp.webp?fit=865%2C558&ssl=1&resize=350%2C200","width":350,"height":200,"srcset":"https:\/\/i0.wp.com\/noticiasribeiraopreto.com.br\/wp-content\/uploads\/2024\/11\/franca_2024-11-04_15-11-54_jpg_2024-11-04_15-11-54.webp.webp?fit=865%2C558&ssl=1&resize=350%2C200 1x, https:\/\/i0.wp.com\/noticiasribeiraopreto.com.br\/wp-content\/uploads\/2024\/11\/franca_2024-11-04_15-11-54_jpg_2024-11-04_15-11-54.webp.webp?fit=865%2C558&ssl=1&resize=525%2C300 1.5x, https:\/\/i0.wp.com\/noticiasribeiraopreto.com.br\/wp-content\/uploads\/2024\/11\/franca_2024-11-04_15-11-54_jpg_2024-11-04_15-11-54.webp.webp?fit=865%2C558&ssl=1&resize=700%2C400 2x"},"classes":[]}],"jetpack_sharing_enabled":true,"jetpack_shortlink":"https:\/\/wp.me\/peQAOb-l7N","_links":{"self":[{"href":"https:\/\/noticiasribeiraopreto.com.br\/index.php\/wp-json\/wp\/v2\/posts\/81207","targetHints":{"allow":["GET"]}}],"collection":[{"href":"https:\/\/noticiasribeiraopreto.com.br\/index.php\/wp-json\/wp\/v2\/posts"}],"about":[{"href":"https:\/\/noticiasribeiraopreto.com.br\/index.php\/wp-json\/wp\/v2\/types\/post"}],"author":[{"embeddable":true,"href":"https:\/\/noticiasribeiraopreto.com.br\/index.php\/wp-json\/wp\/v2\/users\/1"}],"replies":[{"embeddable":true,"href":"https:\/\/noticiasribeiraopreto.com.br\/index.php\/wp-json\/wp\/v2\/comments?post=81207"}],"version-history":[{"count":0,"href":"https:\/\/noticiasribeiraopreto.com.br\/index.php\/wp-json\/wp\/v2\/posts\/81207\/revisions"}],"wp:featuredmedia":[{"embeddable":true,"href":"https:\/\/noticiasribeiraopreto.com.br\/index.php\/wp-json\/wp\/v2\/media\/81208"}],"wp:attachment":[{"href":"https:\/\/noticiasribeiraopreto.com.br\/index.php\/wp-json\/wp\/v2\/media?parent=81207"}],"wp:term":[{"taxonomy":"category","embeddable":true,"href":"https:\/\/noticiasribeiraopreto.com.br\/index.php\/wp-json\/wp\/v2\/categories?post=81207"},{"taxonomy":"post_tag","embeddable":true,"href":"https:\/\/noticiasribeiraopreto.com.br\/index.php\/wp-json\/wp\/v2\/tags?post=81207"}],"curies":[{"name":"wp","href":"https:\/\/api.w.org\/{rel}","templated":true}]}}