{"id":81219,"date":"2025-12-28T07:46:21","date_gmt":"2025-12-28T10:46:21","guid":{"rendered":"https:\/\/noticiasribeiraopreto.com.br\/index.php\/2025\/12\/28\/manu-chao-traz-show-para-ribeirao-preto-ingressos-ja-estao-disponiveis\/"},"modified":"2025-12-28T07:46:21","modified_gmt":"2025-12-28T10:46:21","slug":"manu-chao-traz-show-para-ribeirao-preto-ingressos-ja-estao-disponiveis","status":"publish","type":"post","link":"https:\/\/noticiasribeiraopreto.com.br\/index.php\/2025\/12\/28\/manu-chao-traz-show-para-ribeirao-preto-ingressos-ja-estao-disponiveis\/","title":{"rendered":"Manu Chao traz show para Ribeir\u00e3o Preto; Ingressos j\u00e1 est\u00e3o dispon\u00edveis"},"content":{"rendered":"<div class='code-block code-block-1' style='margin: 8px 0 8px auto; text-align: right; display: block; clear: both;'>\n<p><a href=\"https:\/\/wa.link\/vpicfd\"><img data-recalc-dims=\"1\" class=\"wp-image-4922\" style=\"aspect-ratio: 2.0253164556962027; width: 561px; height: auto;\" src=\"https:\/\/i0.wp.com\/ismaelcolosi.com.br\/wp-content\/uploads\/2023\/11\/grupo-de-empregos-whatsapp-e-facebook-ismael-colosi-vagas.jpg?ssl=1\" alt=\"\" \/><\/a><\/p>\n<!-- \/wp:image -->\n<\/div>\n<p> <br \/>\n<\/p>\n<div>\n<p>O cantor e compositor <strong>Manu Chao<\/strong> se apresenta em <strong>Ribeir\u00e3o Preto<\/strong> no dia 8 de fevereiro de 2026, a partir das 17h, no <strong>Armaz\u00e9m da Baixada<\/strong>, regi\u00e3o central do munic\u00edpio.<\/p>\n<p>O show faz parte da passagem do artista pelo Brasil e deve reunir p\u00fablico de diferentes faixas et\u00e1rias atra\u00eddo pelo repert\u00f3rio conhecido do m\u00fasico.<\/p>\n<p>Os ingressos j\u00e1 est\u00e3o dispon\u00edveis e podem ser adquiridos de <strong>forma online (<a href=\"https:\/\/www.sympla.com.br\/evento\/mucho-apresenta-manu-chao-em-ribeirao-preto-8-02-2026\/3260695?algoliaID=91b47d4226fae074f4b3375b297ed345&amp;share_id=copiarlink\" target=\"_blank\" data-type=\"link\" data-id=\"https:\/\/www.sympla.com.br\/evento\/mucho-apresenta-manu-chao-em-ribeirao-preto-8-02-2026\/3260695?algoliaID=91b47d4226fae074f4b3375b297ed345&amp;share_id=copiarlink\" rel=\"noreferrer noopener\">clique aqui<\/a>)<\/strong>. Os valores variam entre <strong>R$ 130 (meia-entrada)<\/strong> e <strong>R$ 320 (inteira)<\/strong>.<\/p>\n<blockquote class=\"instagram-media\" data-instgrm-permalink=\"https:\/\/www.instagram.com\/p\/DSvAooDEez-\/?utm_source=ig_embed&amp;utm_campaign=loading\" data-instgrm-version=\"14\" style=\" background:#FFF; border:0; border-radius:3px; box-shadow:0 0 1px 0 rgba(0,0,0,0.5),0 1px 10px 0 rgba(0,0,0,0.15); margin: 1px; max-width:540px; min-width:326px; padding:0; width:99.375%; width:-webkit-calc(100% - 2px); width:calc(100% - 2px);\"\/>\n<h2 class=\"wp-block-heading\"><strong>Quem \u00e9 Manu Chao?<\/strong><\/h2>\n<p><strong>Manu Chao<\/strong> nasceu em Paris e \u00e9 filho de espanh\u00f3is exilados durante a ditadura franquista. Ele se tornou conhecido nos anos 1990 como integrante da banda Mano Negra, que misturava punk, rock latino e reggae.<\/p>\n<p>Em carreira solo, passou a circular por diferentes pa\u00edses e a produzir m\u00fasicas com letras sobre migra\u00e7\u00e3o, fronteiras, rela\u00e7\u00f5es cotidianas e quest\u00f5es sociais. Canta em mais de um idioma, principalmente espanhol e franc\u00eas.<\/p>\n<p>Em dezembro de 2025, lan\u00e7ou o <strong>EP La Couleur Du Temps<\/strong>, com faixas e remixes do \u00e1lbum Viva Tu.<\/p>\n<h3 class=\"wp-block-heading\"><strong>Servi\u00e7o<\/strong><\/h3>\n<p><em>Manu Chao em Ribeir\u00e3o Preto<\/em><\/p>\n<p>Quando: 8 de fevereiro, Domingo<\/p>\n<p>Abertura da casa: 17h<\/p>\n<p>Show: 19h<\/p>\n<p>Local: Armaz\u00e9m Baixada \u2013 rua Duque de Caxias, 141 \u2013 Centro, Ribeir\u00e3o Preto<\/p>\n<p>Ingressos: <a href=\"https:\/\/www.sympla.com.br\/evento\/mucho-apresenta-manu-chao-em-ribeirao-preto-8-02-2026\/3260695?algoliaID=91b47d4226fae074f4b3375b297ed345&amp;share_id=copiarlink\" target=\"_blank\" data-type=\"link\" data-id=\"https:\/\/www.sympla.com.br\/evento\/mucho-apresenta-manu-chao-em-ribeirao-preto-8-02-2026\/3260695?algoliaID=91b47d4226fae074f4b3375b297ed345&amp;share_id=copiarlink\" rel=\"noreferrer noopener\">online<\/a><\/p>\n<hr class=\"wp-block-separator has-alpha-channel-opacity\"\/>\n<p>SAIBA MAIS<\/p>\n<p>Final de semana em Ribeir\u00e3o ser\u00e1 de nuvens e risco de temporais isolados; Veja previs\u00e3o<\/p>\n<h2 class=\"wp-block-heading\"><strong>FIQUE ON<\/strong><\/h2>\n<p>Fique ligado em tudo que acontece em Ribeir\u00e3o Preto e regi\u00e3o. Siga os perfis do\u00a0<strong>acidade on\u00a0<\/strong>no\u00a0<a href=\"https:\/\/www.instagram.com\/acidadeonribeirao\" target=\"_blank\" rel=\"noreferrer noopener\">Instagram\u00a0<\/a>e no<a href=\"https:\/\/www.facebook.com\/acidadeonribeirao\/\" target=\"_blank\" rel=\"noreferrer noopener\">\u00a0Facebook<\/a>.<\/p>\n<p>Receba not\u00edcias do<strong>\u00a0acidade on\u00a0<\/strong>no WhatsApp. Para entrar no grupo,\u00a0basta\u00a0<a href=\"https:\/\/chat.whatsapp.com\/GFH9HUMUTHNFJdnyEd0xxq\" target=\"_blank\" rel=\"noreferrer noopener\">clicar aqui<\/a>. Ou, acesse o nosso\u00a0Canal<a href=\"https:\/\/whatsapp.com\/channel\/0029Vb6IQl1JENyAeS57fk2p\" target=\"_blank\" rel=\"noreferrer noopener\">\u00a0clicando aqui<\/a>.<\/p>\n<p>Fa\u00e7a uma den\u00fancia ou sugira uma reportagem sobre Ribeir\u00e3o Preto e regi\u00e3o pelo WhatsApp: 16 99117 7802.<\/p>\n<p>VEJA TAMB\u00c9M<\/p>\n<p>Quem era a ginasta Isabelle Marciniak?<\/p>\n<p><!-- AI CONTENT END 1 -->\n<\/div>\n<p><script async src=\"\/\/www.instagram.com\/embed.js\"><\/script><br \/>\n<br \/><br \/>\n<br \/><a href=\"https:\/\/www.acidadeon.com\/ribeiraopreto\/lazer-e-cultura\/manu-chao-traz-show-para-ribeirao-preto-ingressos-ja-estao-disponiveis\/\">Source link <\/a><\/p>\n<!-- CONTENT END 1 -->\n","protected":false},"excerpt":{"rendered":"<p>O cantor e compositor Manu Chao se apresenta em Ribeir\u00e3o Preto no dia 8 de fevereiro de 2026, a partir das 17h, no Armaz\u00e9m da&#8230;<\/p>\n","protected":false},"author":1,"featured_media":81220,"comment_status":"open","ping_status":"open","sticky":false,"template":"","format":"standard","meta":{"advanced_seo_description":"","jetpack_seo_html_title":"","jetpack_seo_noindex":false,"jetpack_post_was_ever_published":false,"_jetpack_newsletter_access":"","_jetpack_dont_email_post_to_subs":false,"_jetpack_newsletter_tier_id":0,"_jetpack_memberships_contains_paywalled_content":false,"_jetpack_memberships_contains_paid_content":false,"footnotes":"","jetpack_publicize_message":"","jetpack_publicize_feature_enabled":true,"jetpack_social_post_already_shared":true,"jetpack_social_options":{"image_generator_settings":{"template":"highway","default_image_id":0,"font":"","enabled":false},"version":2}},"categories":[11],"tags":[],"class_list":["post-81219","post","type-post","status-publish","format-standard","has-post-thumbnail","hentry","category-noticias-de-ribeirao-preto-sp-e-regiao-ismael-colosi"],"jetpack_publicize_connections":[],"jetpack_featured_media_url":"https:\/\/i0.wp.com\/noticiasribeiraopreto.com.br\/wp-content\/uploads\/2025\/12\/Manu_Chao_Live_at_Princep_Ghat_01_2025-12-27_13-18-21.webp.webp?fit=960%2C638&ssl=1","jetpack-related-posts":[{"id":81631,"url":"https:\/\/noticiasribeiraopreto.com.br\/index.php\/2026\/01\/12\/veja-quais-shows-ja-estao-confirmados-em-ribeirao-preto-no-primeiro-semestre-de-2026\/","url_meta":{"origin":81219,"position":0},"title":"Veja quais shows j\u00e1 est\u00e3o confirmados em Ribeir\u00e3o Preto no primeiro semestre de 2026","author":"noticiasribeiraopreto.com.br","date":"12 de January de 2026","format":false,"excerpt":"Ribeir\u00e3o Preto come\u00e7a a formar sua agenda de shows de 2026, com apresenta\u00e7\u00f5es de artistas nacionais e internacionais de diferentes estilos musicais confirmadas ao longo do ano. Entre os nomes que j\u00e1 t\u00eam data marcada na cidade est\u00e3o Anitta, o grupo Menos \u00e9 Mais, o DJ Pedro Sampaio, a banda\u2026","rel":"","context":"In &quot;Not\u00edcias de Ribeir\u00e3o Preto-SP e Regi\u00e3o&quot;","block_context":{"text":"Not\u00edcias de Ribeir\u00e3o Preto-SP e Regi\u00e3o","link":"https:\/\/noticiasribeiraopreto.com.br\/index.php\/category\/noticias-de-ribeirao-preto-sp-e-regiao-ismael-colosi\/"},"img":{"alt_text":"","src":"https:\/\/i0.wp.com\/noticiasribeiraopreto.com.br\/wp-content\/uploads\/2026\/01\/Capturar-21.jpg?fit=612%2C409&ssl=1&resize=350%2C200","width":350,"height":200,"srcset":"https:\/\/i0.wp.com\/noticiasribeiraopreto.com.br\/wp-content\/uploads\/2026\/01\/Capturar-21.jpg?fit=612%2C409&ssl=1&resize=350%2C200 1x, https:\/\/i0.wp.com\/noticiasribeiraopreto.com.br\/wp-content\/uploads\/2026\/01\/Capturar-21.jpg?fit=612%2C409&ssl=1&resize=525%2C300 1.5x"},"classes":[]},{"id":64706,"url":"https:\/\/noticiasribeiraopreto.com.br\/index.php\/2025\/03\/11\/gusttavo-lima-em-ribeirao-ingressos-ja-estao-a-venda-e-precos-variam-de-r-70-a-r-10-mil\/","url_meta":{"origin":81219,"position":1},"title":"Gusttavo Lima em Ribeir\u00e3o: Ingressos j\u00e1 est\u00e3o \u00e0 venda e pre\u00e7os variam de R$ 70 a R$ 10 mil","author":"noticiasribeiraopreto.com.br","date":"11 de March de 2025","format":false,"excerpt":"O cantor Gusttavo Lima se apresenta em Ribeir\u00e3o Preto no dia 28 de junho. Os ingressos come\u00e7aram a ser vendidos nesta ter\u00e7a-feira (11) e os pre\u00e7os variam de R$ 70 a R$ 10 mil. O projeto, denominado \u2018O Embaixador Classic\u2019, vai acontecer no Parque Permanente de Exposi\u00e7\u00f5es. Ao todo, s\u00e3o\u2026","rel":"","context":"In &quot;Not\u00edcias de Ribeir\u00e3o Preto-SP e Regi\u00e3o&quot;","block_context":{"text":"Not\u00edcias de Ribeir\u00e3o Preto-SP e Regi\u00e3o","link":"https:\/\/noticiasribeiraopreto.com.br\/index.php\/category\/noticias-de-ribeirao-preto-sp-e-regiao-ismael-colosi\/"},"img":{"alt_text":"","src":"https:\/\/i0.wp.com\/noticiasribeiraopreto.com.br\/wp-content\/uploads\/2025\/01\/IMG_9753-scaled-1_2025-01-21_15-41-41_jpg_2025-01-21_15-41-42.webp.webp?fit=1200%2C801&ssl=1&resize=350%2C200","width":350,"height":200,"srcset":"https:\/\/i0.wp.com\/noticiasribeiraopreto.com.br\/wp-content\/uploads\/2025\/01\/IMG_9753-scaled-1_2025-01-21_15-41-41_jpg_2025-01-21_15-41-42.webp.webp?fit=1200%2C801&ssl=1&resize=350%2C200 1x, https:\/\/i0.wp.com\/noticiasribeiraopreto.com.br\/wp-content\/uploads\/2025\/01\/IMG_9753-scaled-1_2025-01-21_15-41-41_jpg_2025-01-21_15-41-42.webp.webp?fit=1200%2C801&ssl=1&resize=525%2C300 1.5x, https:\/\/i0.wp.com\/noticiasribeiraopreto.com.br\/wp-content\/uploads\/2025\/01\/IMG_9753-scaled-1_2025-01-21_15-41-41_jpg_2025-01-21_15-41-42.webp.webp?fit=1200%2C801&ssl=1&resize=700%2C400 2x, https:\/\/i0.wp.com\/noticiasribeiraopreto.com.br\/wp-content\/uploads\/2025\/01\/IMG_9753-scaled-1_2025-01-21_15-41-41_jpg_2025-01-21_15-41-42.webp.webp?fit=1200%2C801&ssl=1&resize=1050%2C600 3x"},"classes":[]},{"id":56214,"url":"https:\/\/noticiasribeiraopreto.com.br\/index.php\/2024\/08\/11\/ingressos-para-o-classico-come-fogo-em-ribeirao-preto-ainda-estao-disponiveis\/","url_meta":{"origin":81219,"position":2},"title":"Ingressos para o cl\u00e1ssico Come-Fogo em Ribeir\u00e3o Preto ainda est\u00e3o dispon\u00edveis","author":"noticiasribeiraopreto.com.br","date":"11 de August de 2024","format":false,"excerpt":"Os torcedores do Comercial ainda podem adquirir os ingressos para o cl\u00e1ssico Come-Fogo, que acontece nesta segunda-feira (12). O jogo pela 9\u00aa rodada da Copa Paulista est\u00e1 marcado para \u00e0s 20h, no est\u00e1dio Palma Travassos, na zona Leste de Ribeir\u00e3o Preto. Por determina\u00e7\u00e3o da Federa\u00e7\u00e3o Paulista de Futebol (FPF), ap\u00f3s\u2026","rel":"","context":"In &quot;Not\u00edcias de Ribeir\u00e3o Preto-SP e Regi\u00e3o&quot;","block_context":{"text":"Not\u00edcias de Ribeir\u00e3o Preto-SP e Regi\u00e3o","link":"https:\/\/noticiasribeiraopreto.com.br\/index.php\/category\/noticias-de-ribeirao-preto-sp-e-regiao-ismael-colosi\/"},"img":{"alt_text":"","src":"https:\/\/i0.wp.com\/noticiasribeiraopreto.com.br\/wp-content\/uploads\/2024\/08\/comefogo_2024-07-09_23-49-06_jpeg_2024-07-09_23-49-06.webp.webp?fit=1200%2C915&ssl=1&resize=350%2C200","width":350,"height":200,"srcset":"https:\/\/i0.wp.com\/noticiasribeiraopreto.com.br\/wp-content\/uploads\/2024\/08\/comefogo_2024-07-09_23-49-06_jpeg_2024-07-09_23-49-06.webp.webp?fit=1200%2C915&ssl=1&resize=350%2C200 1x, https:\/\/i0.wp.com\/noticiasribeiraopreto.com.br\/wp-content\/uploads\/2024\/08\/comefogo_2024-07-09_23-49-06_jpeg_2024-07-09_23-49-06.webp.webp?fit=1200%2C915&ssl=1&resize=525%2C300 1.5x, https:\/\/i0.wp.com\/noticiasribeiraopreto.com.br\/wp-content\/uploads\/2024\/08\/comefogo_2024-07-09_23-49-06_jpeg_2024-07-09_23-49-06.webp.webp?fit=1200%2C915&ssl=1&resize=700%2C400 2x, https:\/\/i0.wp.com\/noticiasribeiraopreto.com.br\/wp-content\/uploads\/2024\/08\/comefogo_2024-07-09_23-49-06_jpeg_2024-07-09_23-49-06.webp.webp?fit=1200%2C915&ssl=1&resize=1050%2C600 3x"},"classes":[]},{"id":27649,"url":"https:\/\/noticiasribeiraopreto.com.br\/index.php\/2024\/01\/12\/victor-e-leo-trazem-turne-para-ribeirao-preto-ingressos-ja-estao-disponiveis\/","url_meta":{"origin":81219,"position":3},"title":"Victor e Leo trazem turn\u00ea para Ribeir\u00e3o Preto; Ingressos j\u00e1 est\u00e3o dispon\u00edveis","author":"noticiasribeiraopreto.com.br","date":"12 de January de 2024","format":false,"excerpt":"A dupla sertaneja Victor e L\u00e9o se apresenta, no dia 06 de abril, na Arena Nicnet Eurobike, em Ribeir\u00e3o Preto. A apresenta\u00e7\u00e3o faz parte de uma turn\u00ea que marca o retorno da dupla aos palcos. Em 2018, os irm\u00e3os anunciaram uma pausa na carreira, ap\u00f3s 26 anos de estrada. No\u2026","rel":"","context":"In &quot;Not\u00edcias de Ribeir\u00e3o Preto-SP e Regi\u00e3o&quot;","block_context":{"text":"Not\u00edcias de Ribeir\u00e3o Preto-SP e Regi\u00e3o","link":"https:\/\/noticiasribeiraopreto.com.br\/index.php\/category\/noticias-de-ribeirao-preto-sp-e-regiao-ismael-colosi\/"},"img":{"alt_text":"","src":"https:\/\/i0.wp.com\/noticiasribeiraopreto.com.br\/wp-content\/uploads\/2024\/01\/387267941_857011422480642_5547308991292430978_n.jpg?fit=1080%2C720&ssl=1&resize=350%2C200","width":350,"height":200,"srcset":"https:\/\/i0.wp.com\/noticiasribeiraopreto.com.br\/wp-content\/uploads\/2024\/01\/387267941_857011422480642_5547308991292430978_n.jpg?fit=1080%2C720&ssl=1&resize=350%2C200 1x, https:\/\/i0.wp.com\/noticiasribeiraopreto.com.br\/wp-content\/uploads\/2024\/01\/387267941_857011422480642_5547308991292430978_n.jpg?fit=1080%2C720&ssl=1&resize=525%2C300 1.5x, https:\/\/i0.wp.com\/noticiasribeiraopreto.com.br\/wp-content\/uploads\/2024\/01\/387267941_857011422480642_5547308991292430978_n.jpg?fit=1080%2C720&ssl=1&resize=700%2C400 2x, https:\/\/i0.wp.com\/noticiasribeiraopreto.com.br\/wp-content\/uploads\/2024\/01\/387267941_857011422480642_5547308991292430978_n.jpg?fit=1080%2C720&ssl=1&resize=1050%2C600 3x"},"classes":[]},{"id":51656,"url":"https:\/\/noticiasribeiraopreto.com.br\/index.php\/2024\/05\/28\/gusttavo-lima-se-apresenta-na-regiao-de-ribeirao-preto-ingressos-estao-disponiveis\/","url_meta":{"origin":81219,"position":4},"title":"Gusttavo Lima se apresenta na regi\u00e3o de Ribeir\u00e3o Preto; Ingressos est\u00e3o dispon\u00edveis","author":"noticiasribeiraopreto.com.br","date":"28 de May de 2024","format":false,"excerpt":"Os ingressos para o show do cantor Gusttavo Lima em Pontal, cidade a aproximadamente 38 quil\u00f4metros de Ribeir\u00e3o Preto, ainda est\u00e3o dispon\u00edveis. A apresenta\u00e7\u00e3o acontece no dia 06 de junho, a partir das 21h, durante o Pontal Rodeo Music. O evento segue at\u00e9 o dia 8 de junho e ter\u00e1\u2026","rel":"","context":"In &quot;Not\u00edcias de Ribeir\u00e3o Preto-SP e Regi\u00e3o&quot;","block_context":{"text":"Not\u00edcias de Ribeir\u00e3o Preto-SP e Regi\u00e3o","link":"https:\/\/noticiasribeiraopreto.com.br\/index.php\/category\/noticias-de-ribeirao-preto-sp-e-regiao-ismael-colosi\/"},"img":{"alt_text":"","src":"https:\/\/i0.wp.com\/noticiasribeiraopreto.com.br\/wp-content\/uploads\/2024\/04\/AnyConv.com__GL_III-e1714330490605.webp.webp?fit=900%2C692&ssl=1&resize=350%2C200","width":350,"height":200,"srcset":"https:\/\/i0.wp.com\/noticiasribeiraopreto.com.br\/wp-content\/uploads\/2024\/04\/AnyConv.com__GL_III-e1714330490605.webp.webp?fit=900%2C692&ssl=1&resize=350%2C200 1x, https:\/\/i0.wp.com\/noticiasribeiraopreto.com.br\/wp-content\/uploads\/2024\/04\/AnyConv.com__GL_III-e1714330490605.webp.webp?fit=900%2C692&ssl=1&resize=525%2C300 1.5x, https:\/\/i0.wp.com\/noticiasribeiraopreto.com.br\/wp-content\/uploads\/2024\/04\/AnyConv.com__GL_III-e1714330490605.webp.webp?fit=900%2C692&ssl=1&resize=700%2C400 2x"},"classes":[]},{"id":62418,"url":"https:\/\/noticiasribeiraopreto.com.br\/index.php\/2025\/01\/13\/ingressos-para-o-bloco-california-estao-disponiveis-veja-atracoes-e-como-comprar\/","url_meta":{"origin":81219,"position":5},"title":"Ingressos para o Bloco Calif\u00f3rnia est\u00e3o dispon\u00edveis; Veja atra\u00e7\u00f5es e como comprar","author":"noticiasribeiraopreto.com.br","date":"13 de January de 2025","format":false,"excerpt":"Est\u00e3o dispon\u00edveis novamente os ingressos para o Bloco Calif\u00f3rnia, em Ribeir\u00e3o Preto. O evento acontece no dia 22 de fevereiro, a partir das 13h, no est\u00e1dio Palma Travassos, zona Leste da cidade. Considerado o maior pr\u00e9-carnaval do interior de S\u00e3o Paulo, a 8\u00aa edi\u00e7\u00e3o da festa pretende reunir 15 mil\u2026","rel":"","context":"In &quot;Not\u00edcias de Ribeir\u00e3o Preto-SP e Regi\u00e3o&quot;","block_context":{"text":"Not\u00edcias de Ribeir\u00e3o Preto-SP e Regi\u00e3o","link":"https:\/\/noticiasribeiraopreto.com.br\/index.php\/category\/noticias-de-ribeirao-preto-sp-e-regiao-ismael-colosi\/"},"img":{"alt_text":"","src":"https:\/\/i0.wp.com\/noticiasribeiraopreto.com.br\/wp-content\/uploads\/2024\/11\/28a7b1165d885b532a0bacbb0a142d6c_2024-11-14_19-34-04_jpeg_2024-11-14_19-34-05.webp.webp?fit=1200%2C800&ssl=1&resize=350%2C200","width":350,"height":200,"srcset":"https:\/\/i0.wp.com\/noticiasribeiraopreto.com.br\/wp-content\/uploads\/2024\/11\/28a7b1165d885b532a0bacbb0a142d6c_2024-11-14_19-34-04_jpeg_2024-11-14_19-34-05.webp.webp?fit=1200%2C800&ssl=1&resize=350%2C200 1x, https:\/\/i0.wp.com\/noticiasribeiraopreto.com.br\/wp-content\/uploads\/2024\/11\/28a7b1165d885b532a0bacbb0a142d6c_2024-11-14_19-34-04_jpeg_2024-11-14_19-34-05.webp.webp?fit=1200%2C800&ssl=1&resize=525%2C300 1.5x, https:\/\/i0.wp.com\/noticiasribeiraopreto.com.br\/wp-content\/uploads\/2024\/11\/28a7b1165d885b532a0bacbb0a142d6c_2024-11-14_19-34-04_jpeg_2024-11-14_19-34-05.webp.webp?fit=1200%2C800&ssl=1&resize=700%2C400 2x, https:\/\/i0.wp.com\/noticiasribeiraopreto.com.br\/wp-content\/uploads\/2024\/11\/28a7b1165d885b532a0bacbb0a142d6c_2024-11-14_19-34-04_jpeg_2024-11-14_19-34-05.webp.webp?fit=1200%2C800&ssl=1&resize=1050%2C600 3x"},"classes":[]}],"jetpack_sharing_enabled":true,"jetpack_shortlink":"https:\/\/wp.me\/peQAOb-l7Z","_links":{"self":[{"href":"https:\/\/noticiasribeiraopreto.com.br\/index.php\/wp-json\/wp\/v2\/posts\/81219","targetHints":{"allow":["GET"]}}],"collection":[{"href":"https:\/\/noticiasribeiraopreto.com.br\/index.php\/wp-json\/wp\/v2\/posts"}],"about":[{"href":"https:\/\/noticiasribeiraopreto.com.br\/index.php\/wp-json\/wp\/v2\/types\/post"}],"author":[{"embeddable":true,"href":"https:\/\/noticiasribeiraopreto.com.br\/index.php\/wp-json\/wp\/v2\/users\/1"}],"replies":[{"embeddable":true,"href":"https:\/\/noticiasribeiraopreto.com.br\/index.php\/wp-json\/wp\/v2\/comments?post=81219"}],"version-history":[{"count":0,"href":"https:\/\/noticiasribeiraopreto.com.br\/index.php\/wp-json\/wp\/v2\/posts\/81219\/revisions"}],"wp:featuredmedia":[{"embeddable":true,"href":"https:\/\/noticiasribeiraopreto.com.br\/index.php\/wp-json\/wp\/v2\/media\/81220"}],"wp:attachment":[{"href":"https:\/\/noticiasribeiraopreto.com.br\/index.php\/wp-json\/wp\/v2\/media?parent=81219"}],"wp:term":[{"taxonomy":"category","embeddable":true,"href":"https:\/\/noticiasribeiraopreto.com.br\/index.php\/wp-json\/wp\/v2\/categories?post=81219"},{"taxonomy":"post_tag","embeddable":true,"href":"https:\/\/noticiasribeiraopreto.com.br\/index.php\/wp-json\/wp\/v2\/tags?post=81219"}],"curies":[{"name":"wp","href":"https:\/\/api.w.org\/{rel}","templated":true}]}}