{"id":81221,"date":"2025-12-28T10:39:58","date_gmt":"2025-12-28T13:39:58","guid":{"rendered":"https:\/\/noticiasribeiraopreto.com.br\/index.php\/2025\/12\/28\/morre-brigitte-bardot-ativista-e-icone-do-cinema-frances-aos-91-anos\/"},"modified":"2025-12-28T10:39:58","modified_gmt":"2025-12-28T13:39:58","slug":"morre-brigitte-bardot-ativista-e-icone-do-cinema-frances-aos-91-anos","status":"publish","type":"post","link":"https:\/\/noticiasribeiraopreto.com.br\/index.php\/2025\/12\/28\/morre-brigitte-bardot-ativista-e-icone-do-cinema-frances-aos-91-anos\/","title":{"rendered":"Morre Brigitte Bardot, ativista e \u00edcone do cinema franc\u00eas, aos 91 anos"},"content":{"rendered":"<div class='code-block code-block-1' style='margin: 8px 0 8px auto; text-align: right; display: block; clear: both;'>\n<p><a href=\"https:\/\/wa.link\/vpicfd\"><img data-recalc-dims=\"1\" class=\"wp-image-4922\" style=\"aspect-ratio: 2.0253164556962027; width: 561px; height: auto;\" src=\"https:\/\/i0.wp.com\/ismaelcolosi.com.br\/wp-content\/uploads\/2023\/11\/grupo-de-empregos-whatsapp-e-facebook-ismael-colosi-vagas.jpg?ssl=1\" alt=\"\" \/><\/a><\/p>\n<!-- \/wp:image -->\n<\/div>\n<p> <br \/>\n<\/p>\n<div id=\"post-450461\">&#13;<br \/>\n&#13;<\/p>\n<header class=\"entry-header penci-entry-header penci-title-center\">&#13;<br \/>\n\t\t\t\t\t\t\t\t&#13;<\/p>\n<p>&#13;<br \/>\n\t\t\t\t\t\t\t\t\t<span class=\"entry-meta-item penci-posted-on\"><i class=\"fa fa-clock-o\"\/><time class=\"entry-date published\" datetime=\"2025-12-28T10:37:27-03:00\">28 de dezembro de 2025 10:37<\/time><time class=\"updated\" datetime=\"2025-12-28T10:39:03-03:00\">28 de dezembro de 2025 10:39<\/time><\/span><span class=\"entry-meta-item penci-post-countview\"\/>\t\t\t\t\t\t\t\t<\/p>\n<p><!-- .entry-meta -->&#13;<br \/>\n\t\t\t\t\t\t\t\t<span class=\"penci-social-buttons penci-social-share-footer\"><span class=\"penci-social-share-text\">Compartilhar<\/span><a href=\"#\" class=\"penci-post-like penci_post-meta_item  single-like-button penci-social-item like\" data-post_id=\"450461\" title=\"Like\" data-like=\"Like\" data-unlike=\"Unlike\"><i class=\"fa fa-thumbs-o-up\"\/><span class=\"penci-share-number\">0<\/span><\/a><i class=\"fa fa-facebook\"\/><a class=\"penci-social-item twitter\" target=\"_blank\" rel=\"noopener\" title=\"\" href=\"https:\/\/twitter.com\/intent\/tweet?text=Morre%20Brigitte%20Bardot,%20ativista%20e%20\u00edcone%20do%20cinema%20franc\u00eas,%20aos%2091%20anos%20-%20https:\/\/www.tribunaribeirao.com.br\/morre-brigitte-bardot-ativista-e-icone-do-cinema-frances-aos-91-anos\/\"><i class=\"fa fa-twitter\"\/><\/a><i class=\"fa fa-linkedin\"\/><i class=\"fa fa-whatsapp\"\/><i class=\"fa fa-telegram\"\/><i class=\"fa fa-envelope\"\/><\/span>\t\t\t\t\t\t\t<\/header>\n<p><!-- .entry-header -->&#13;<\/p>\n<div class=\"penci-entry-content entry-content\">\n<p>Morreu neste domingo (28) a atriz e cantora francesa Brigitte Bardot, aos 91 anos. A informa\u00e7\u00e3o foi confirmada pela sua funda\u00e7\u00e3o dedicada \u00e0 prote\u00e7\u00e3o e bem-estar animal, mas sem detalhes sobre a causa da morte at\u00e9 o momento.<\/p>\n<p>Em outubro deste ano, ex-atriz havia sido internada em um hospital em Toulon, na Fran\u00e7a, para tratar uma doen\u00e7a grave, de acordo com um comunidade da fam\u00edlia. Tr\u00eas semanas ap\u00f3s a interna\u00e7\u00e3o, ela recebeu alta m\u00e9dica.<\/p>\n<p>Bardot era considerada um \u00edcone do cinema franc\u00eas e se tornou s\u00edmbolo sexual nas d\u00e9cadas de 1950 e 1960. Entre seus filmes mais famosos est\u00e3o\u00a0<em>E Deus Criou a Mulher\u00a0<\/em>(1956),\u00a0<em>O Desprezo\u00a0<\/em>(1963) e\u00a0<em>As Petroleiras\u00a0<\/em>(1971). Ap\u00f3s frustra\u00e7\u00f5es como atriz, ela abandonou a carreira como artista e passou a dedicar-se \u00e0 luta pelos direitos dos animais.<\/p>\n<p>A ativista tamb\u00e9m foi alvo de pol\u00eamicas ao insultar a comunidade a comunidade LGBTQIA+, promover o \u00f3dio racial e escrever em sua autobiografia que \u201cpreferia ter dado luz a um cachorrinho\u201d.<\/p>\n<\/div>\n<p><!-- .entry-content -->&#13;<br \/>\n&#13;<\/p>\n<footer class=\"penci-entry-footer\">&#13;<br \/>\n\t\t\t\t\t\t\t\t<span class=\"penci-social-buttons penci-social-share-footer\"><span class=\"penci-social-share-text\">Compartilhar<\/span><a href=\"#\" class=\"penci-post-like penci_post-meta_item  single-like-button penci-social-item like\" data-post_id=\"450461\" title=\"Like\" data-like=\"Like\" data-unlike=\"Unlike\"><i class=\"fa fa-thumbs-o-up\"\/><span class=\"penci-share-number\">0<\/span><\/a><i class=\"fa fa-facebook\"\/><a class=\"penci-social-item twitter\" target=\"_blank\" rel=\"noopener\" title=\"\" href=\"https:\/\/twitter.com\/intent\/tweet?text=Morre%20Brigitte%20Bardot,%20ativista%20e%20\u00edcone%20do%20cinema%20franc\u00eas,%20aos%2091%20anos%20-%20https:\/\/www.tribunaribeirao.com.br\/morre-brigitte-bardot-ativista-e-icone-do-cinema-frances-aos-91-anos\/\"><i class=\"fa fa-twitter\"\/><\/a><i class=\"fa fa-linkedin\"\/><i class=\"fa fa-whatsapp\"\/><i class=\"fa fa-telegram\"\/><i class=\"fa fa-envelope\"\/><\/span>\t\t\t\t\t\t\t<\/footer>\n<p><!-- .entry-footer -->&#13;\n\t\t\t\t\t\t<\/div>\n<p><script async src=\"\/\/platform.twitter.com\/widgets.js\" charset=\"utf-8\"><\/script><br \/>\n<br \/><br \/>\n<br \/><a href=\"https:\/\/www.tribunaribeirao.com.br\/morre-brigitte-bardot-ativista-e-icone-do-cinema-frances-aos-91-anos\/\">Source link <\/a><\/p>\n<!-- CONTENT END 1 -->\n","protected":false},"excerpt":{"rendered":"<p>&#13; &#13; &#13; &#13; &#13; 28 de dezembro de 2025 10:3728 de dezembro de 2025 10:39 &#13; Compartilhar0 &#13; Morreu neste domingo (28) a atriz&#8230;<\/p>\n","protected":false},"author":1,"featured_media":81222,"comment_status":"open","ping_status":"open","sticky":false,"template":"","format":"standard","meta":{"advanced_seo_description":"","jetpack_seo_html_title":"","jetpack_seo_noindex":false,"jetpack_post_was_ever_published":false,"_jetpack_newsletter_access":"","_jetpack_dont_email_post_to_subs":false,"_jetpack_newsletter_tier_id":0,"_jetpack_memberships_contains_paywalled_content":false,"_jetpack_memberships_contains_paid_content":false,"footnotes":"","jetpack_publicize_message":"","jetpack_publicize_feature_enabled":true,"jetpack_social_post_already_shared":true,"jetpack_social_options":{"image_generator_settings":{"template":"highway","default_image_id":0,"font":"","enabled":false},"version":2}},"categories":[11],"tags":[],"class_list":["post-81221","post","type-post","status-publish","format-standard","has-post-thumbnail","hentry","category-noticias-de-ribeirao-preto-sp-e-regiao-ismael-colosi"],"jetpack_publicize_connections":[],"jetpack_featured_media_url":"https:\/\/i0.wp.com\/noticiasribeiraopreto.com.br\/wp-content\/uploads\/2025\/12\/Brigitte-Bardot_7cS2.jpg?fit=1200%2C747&ssl=1","jetpack-related-posts":[{"id":44496,"url":"https:\/\/noticiasribeiraopreto.com.br\/index.php\/2024\/03\/28\/basequimica-s-a-balancos-patrimoniais-em-31-de-dezembro-de-2023-e-de-2022\/","url_meta":{"origin":81221,"position":0},"title":"BASEQU\u00cdMICA S.A \u2013 Balan\u00e7os Patrimoniais em 31 de dezembro de 2023 e de 2022","author":"noticiasribeiraopreto.com.br","date":"28 de March de 2024","format":false,"excerpt":"O post BASEQU\u00cdMICA S.A \u2013 Balan\u00e7os Patrimoniais em 31 de dezembro de 2023 e de 2022 apareceu primeiro em Jornal Tribuna Ribeir\u00e3o. Source link","rel":"","context":"In &quot;Not\u00edcias de Ribeir\u00e3o Preto-SP e Regi\u00e3o&quot;","block_context":{"text":"Not\u00edcias de Ribeir\u00e3o Preto-SP e Regi\u00e3o","link":"https:\/\/noticiasribeiraopreto.com.br\/index.php\/category\/noticias-de-ribeirao-preto-sp-e-regiao-ismael-colosi\/"},"img":{"alt_text":"","src":"https:\/\/i0.wp.com\/noticiasribeiraopreto.com.br\/wp-content\/uploads\/2024\/03\/1711618345_publicidade-legal.png?fit=700%2C450&ssl=1&resize=350%2C200","width":350,"height":200,"srcset":"https:\/\/i0.wp.com\/noticiasribeiraopreto.com.br\/wp-content\/uploads\/2024\/03\/1711618345_publicidade-legal.png?fit=700%2C450&ssl=1&resize=350%2C200 1x, https:\/\/i0.wp.com\/noticiasribeiraopreto.com.br\/wp-content\/uploads\/2024\/03\/1711618345_publicidade-legal.png?fit=700%2C450&ssl=1&resize=525%2C300 1.5x, https:\/\/i0.wp.com\/noticiasribeiraopreto.com.br\/wp-content\/uploads\/2024\/03\/1711618345_publicidade-legal.png?fit=700%2C450&ssl=1&resize=700%2C400 2x"},"classes":[]},{"id":13473,"url":"https:\/\/noticiasribeiraopreto.com.br\/index.php\/2023\/12\/10\/descubra-o-que-o-caixa-tem-reservou-para-dezembro\/","url_meta":{"origin":81221,"position":1},"title":"Descubra o que o Caixa Tem reservou para dezembro","author":"noticiasribeiraopreto.com.br","date":"10 de December de 2023","format":false,"excerpt":"Cr\u00e9ditos: Marcelo Camargo\/ Ag\u00eancia BrasilCaixa Tem tem novidades para dezembro O m\u00eas de dezembro chegou, e com ele, a expectativa de milh\u00f5es de brasileiros que aguardam ansiosamente pelos pagamentos do Caixa Tem. Recentemente, o aplicativo divulgou o calend\u00e1rio oficial de pagamentos para o m\u00eas, trazendo al\u00edvio financeiro para benefici\u00e1rios do\u2026","rel":"","context":"In &quot;Variedades&quot;","block_context":{"text":"Variedades","link":"https:\/\/noticiasribeiraopreto.com.br\/index.php\/category\/variedades\/"},"img":{"alt_text":"","src":"https:\/\/i0.wp.com\/noticiasribeiraopreto.com.br\/wp-content\/uploads\/2023\/12\/caixa-tem-concurso.jpg?fit=1200%2C638&ssl=1&resize=350%2C200","width":350,"height":200,"srcset":"https:\/\/i0.wp.com\/noticiasribeiraopreto.com.br\/wp-content\/uploads\/2023\/12\/caixa-tem-concurso.jpg?fit=1200%2C638&ssl=1&resize=350%2C200 1x, https:\/\/i0.wp.com\/noticiasribeiraopreto.com.br\/wp-content\/uploads\/2023\/12\/caixa-tem-concurso.jpg?fit=1200%2C638&ssl=1&resize=525%2C300 1.5x, https:\/\/i0.wp.com\/noticiasribeiraopreto.com.br\/wp-content\/uploads\/2023\/12\/caixa-tem-concurso.jpg?fit=1200%2C638&ssl=1&resize=700%2C400 2x, https:\/\/i0.wp.com\/noticiasribeiraopreto.com.br\/wp-content\/uploads\/2023\/12\/caixa-tem-concurso.jpg?fit=1200%2C638&ssl=1&resize=1050%2C600 3x"},"classes":[]},{"id":60676,"url":"https:\/\/noticiasribeiraopreto.com.br\/index.php\/2024\/11\/21\/confira-os-bairros-que-o-papai-noel-vai-visitar-em-ribeirao-preto\/","url_meta":{"origin":81221,"position":2},"title":"Confira os bairros que o Papai Noel vai visitar em Ribeir\u00e3o Preto","author":"noticiasribeiraopreto.com.br","date":"21 de November de 2024","format":false,"excerpt":"O final de novembro marca o in\u00edcio do Natal em Ribeir\u00e3o Preto, com a chegada do Papai Noel ao Centro do munic\u00edpio e inaugura\u00e7\u00e3o da ilumina\u00e7\u00e3o especial de final de ano. Al\u00e9m de fazer a alegria dos pequenos e no Centro Cultural Palace, localizado no cruzamento das ruas \u00c1lvares de\u2026","rel":"","context":"In &quot;Not\u00edcias de Ribeir\u00e3o Preto-SP e Regi\u00e3o&quot;","block_context":{"text":"Not\u00edcias de Ribeir\u00e3o Preto-SP e Regi\u00e3o","link":"https:\/\/noticiasribeiraopreto.com.br\/index.php\/category\/noticias-de-ribeirao-preto-sp-e-regiao-ismael-colosi\/"},"img":{"alt_text":"","src":"https:\/\/i0.wp.com\/noticiasribeiraopreto.com.br\/wp-content\/uploads\/2024\/11\/5I6A6795-scaled-1.jpg?fit=1200%2C800&ssl=1&resize=350%2C200","width":350,"height":200,"srcset":"https:\/\/i0.wp.com\/noticiasribeiraopreto.com.br\/wp-content\/uploads\/2024\/11\/5I6A6795-scaled-1.jpg?fit=1200%2C800&ssl=1&resize=350%2C200 1x, https:\/\/i0.wp.com\/noticiasribeiraopreto.com.br\/wp-content\/uploads\/2024\/11\/5I6A6795-scaled-1.jpg?fit=1200%2C800&ssl=1&resize=525%2C300 1.5x, https:\/\/i0.wp.com\/noticiasribeiraopreto.com.br\/wp-content\/uploads\/2024\/11\/5I6A6795-scaled-1.jpg?fit=1200%2C800&ssl=1&resize=700%2C400 2x, https:\/\/i0.wp.com\/noticiasribeiraopreto.com.br\/wp-content\/uploads\/2024\/11\/5I6A6795-scaled-1.jpg?fit=1200%2C800&ssl=1&resize=1050%2C600 3x"},"classes":[]},{"id":81114,"url":"https:\/\/noticiasribeiraopreto.com.br\/index.php\/2025\/12\/24\/saiba-os-horarios-de-funcionamento-do-comercio-e-dos-shoppings-de-ribeirao-na-vespera-e-no-natal\/","url_meta":{"origin":81221,"position":3},"title":"Saiba os hor\u00e1rios de funcionamento do com\u00e9rcio e dos shoppings de Ribeir\u00e3o na v\u00e9spera e no Natal","author":"noticiasribeiraopreto.com.br","date":"24 de December de 2025","format":false,"excerpt":"O com\u00e9rcio de Ribeir\u00e3o Preto e os shoppings contam com hor\u00e1rios diferenciados para a v\u00e9spera de Natal, comemorada nesta quarta-feira (24). J\u00e1 no Natal, comemorado na quinta-feira (25), as lojas e empreendimentos ficar\u00e3o fechadas (pra\u00e7as de alimenta\u00e7\u00e3o t\u00eam abertura facultativa). Confira: Hor\u00e1rio de funcionamento Com\u00e9rcio tradicional V\u00e9spera de Natal (24\u2026","rel":"","context":"In &quot;Not\u00edcias de Ribeir\u00e3o Preto-SP e Regi\u00e3o&quot;","block_context":{"text":"Not\u00edcias de Ribeir\u00e3o Preto-SP e Regi\u00e3o","link":"https:\/\/noticiasribeiraopreto.com.br\/index.php\/category\/noticias-de-ribeirao-preto-sp-e-regiao-ismael-colosi\/"},"img":{"alt_text":"","src":"https:\/\/i0.wp.com\/noticiasribeiraopreto.com.br\/wp-content\/uploads\/2025\/12\/shopping-ribeirao-preto_2025-12-23_17-05-19.webp.webp?fit=1200%2C800&ssl=1&resize=350%2C200","width":350,"height":200,"srcset":"https:\/\/i0.wp.com\/noticiasribeiraopreto.com.br\/wp-content\/uploads\/2025\/12\/shopping-ribeirao-preto_2025-12-23_17-05-19.webp.webp?fit=1200%2C800&ssl=1&resize=350%2C200 1x, https:\/\/i0.wp.com\/noticiasribeiraopreto.com.br\/wp-content\/uploads\/2025\/12\/shopping-ribeirao-preto_2025-12-23_17-05-19.webp.webp?fit=1200%2C800&ssl=1&resize=525%2C300 1.5x, https:\/\/i0.wp.com\/noticiasribeiraopreto.com.br\/wp-content\/uploads\/2025\/12\/shopping-ribeirao-preto_2025-12-23_17-05-19.webp.webp?fit=1200%2C800&ssl=1&resize=700%2C400 2x, https:\/\/i0.wp.com\/noticiasribeiraopreto.com.br\/wp-content\/uploads\/2025\/12\/shopping-ribeirao-preto_2025-12-23_17-05-19.webp.webp?fit=1200%2C800&ssl=1&resize=1050%2C600 3x"},"classes":[]},{"id":40622,"url":"https:\/\/noticiasribeiraopreto.com.br\/index.php\/2024\/03\/05\/s-a-stefani-comercial-balanco-patrimonial-em-31-de-dezembro-de-2023-e-2022\/","url_meta":{"origin":81221,"position":4},"title":"S\/A ST\u00c9FANI COMERCIAL \u2013 Balan\u00e7o Patrimonial em 31 de Dezembro de 2023 e 2022","author":"noticiasribeiraopreto.com.br","date":"5 de March de 2024","format":false,"excerpt":"O post S\/A ST\u00c9FANI COMERCIAL \u2013 Balan\u00e7o Patrimonial em 31 de Dezembro de 2023 e 2022 apareceu primeiro em Jornal Tribuna Ribeir\u00e3o. Source link","rel":"","context":"In &quot;Not\u00edcias de Ribeir\u00e3o Preto-SP e Regi\u00e3o&quot;","block_context":{"text":"Not\u00edcias de Ribeir\u00e3o Preto-SP e Regi\u00e3o","link":"https:\/\/noticiasribeiraopreto.com.br\/index.php\/category\/noticias-de-ribeirao-preto-sp-e-regiao-ismael-colosi\/"},"img":{"alt_text":"","src":"https:\/\/i0.wp.com\/noticiasribeiraopreto.com.br\/wp-content\/uploads\/2024\/03\/1709629967_publicidade-legal.png?fit=700%2C450&ssl=1&resize=350%2C200","width":350,"height":200,"srcset":"https:\/\/i0.wp.com\/noticiasribeiraopreto.com.br\/wp-content\/uploads\/2024\/03\/1709629967_publicidade-legal.png?fit=700%2C450&ssl=1&resize=350%2C200 1x, https:\/\/i0.wp.com\/noticiasribeiraopreto.com.br\/wp-content\/uploads\/2024\/03\/1709629967_publicidade-legal.png?fit=700%2C450&ssl=1&resize=525%2C300 1.5x, https:\/\/i0.wp.com\/noticiasribeiraopreto.com.br\/wp-content\/uploads\/2024\/03\/1709629967_publicidade-legal.png?fit=700%2C450&ssl=1&resize=700%2C400 2x"},"classes":[]},{"id":41226,"url":"https:\/\/noticiasribeiraopreto.com.br\/index.php\/2024\/03\/07\/ceramica-stefani-s-a-balanco-patrimonial-em-31-de-dezembro-de-2023-e-2022\/","url_meta":{"origin":81221,"position":5},"title":"Cer\u00e2mica St\u00e9fani S\/A \u2013 Balan\u00e7o Patrimonial em 31 de Dezembro de 2023 e 2022","author":"noticiasribeiraopreto.com.br","date":"7 de March de 2024","format":false,"excerpt":"O post Cer\u00e2mica St\u00e9fani S\/A \u2013 Balan\u00e7o Patrimonial em 31 de Dezembro de 2023 e 2022 apareceu primeiro em Jornal Tribuna Ribeir\u00e3o. Source link","rel":"","context":"In &quot;Not\u00edcias de Ribeir\u00e3o Preto-SP e Regi\u00e3o&quot;","block_context":{"text":"Not\u00edcias de Ribeir\u00e3o Preto-SP e Regi\u00e3o","link":"https:\/\/noticiasribeiraopreto.com.br\/index.php\/category\/noticias-de-ribeirao-preto-sp-e-regiao-ismael-colosi\/"},"img":{"alt_text":"","src":"https:\/\/i0.wp.com\/noticiasribeiraopreto.com.br\/wp-content\/uploads\/2024\/03\/1709805996_publicidade-legal.png?fit=700%2C450&ssl=1&resize=350%2C200","width":350,"height":200,"srcset":"https:\/\/i0.wp.com\/noticiasribeiraopreto.com.br\/wp-content\/uploads\/2024\/03\/1709805996_publicidade-legal.png?fit=700%2C450&ssl=1&resize=350%2C200 1x, https:\/\/i0.wp.com\/noticiasribeiraopreto.com.br\/wp-content\/uploads\/2024\/03\/1709805996_publicidade-legal.png?fit=700%2C450&ssl=1&resize=525%2C300 1.5x, https:\/\/i0.wp.com\/noticiasribeiraopreto.com.br\/wp-content\/uploads\/2024\/03\/1709805996_publicidade-legal.png?fit=700%2C450&ssl=1&resize=700%2C400 2x"},"classes":[]}],"jetpack_sharing_enabled":true,"jetpack_shortlink":"https:\/\/wp.me\/peQAOb-l81","_links":{"self":[{"href":"https:\/\/noticiasribeiraopreto.com.br\/index.php\/wp-json\/wp\/v2\/posts\/81221","targetHints":{"allow":["GET"]}}],"collection":[{"href":"https:\/\/noticiasribeiraopreto.com.br\/index.php\/wp-json\/wp\/v2\/posts"}],"about":[{"href":"https:\/\/noticiasribeiraopreto.com.br\/index.php\/wp-json\/wp\/v2\/types\/post"}],"author":[{"embeddable":true,"href":"https:\/\/noticiasribeiraopreto.com.br\/index.php\/wp-json\/wp\/v2\/users\/1"}],"replies":[{"embeddable":true,"href":"https:\/\/noticiasribeiraopreto.com.br\/index.php\/wp-json\/wp\/v2\/comments?post=81221"}],"version-history":[{"count":0,"href":"https:\/\/noticiasribeiraopreto.com.br\/index.php\/wp-json\/wp\/v2\/posts\/81221\/revisions"}],"wp:featuredmedia":[{"embeddable":true,"href":"https:\/\/noticiasribeiraopreto.com.br\/index.php\/wp-json\/wp\/v2\/media\/81222"}],"wp:attachment":[{"href":"https:\/\/noticiasribeiraopreto.com.br\/index.php\/wp-json\/wp\/v2\/media?parent=81221"}],"wp:term":[{"taxonomy":"category","embeddable":true,"href":"https:\/\/noticiasribeiraopreto.com.br\/index.php\/wp-json\/wp\/v2\/categories?post=81221"},{"taxonomy":"post_tag","embeddable":true,"href":"https:\/\/noticiasribeiraopreto.com.br\/index.php\/wp-json\/wp\/v2\/tags?post=81221"}],"curies":[{"name":"wp","href":"https:\/\/api.w.org\/{rel}","templated":true}]}}