{"id":81223,"date":"2025-12-29T06:34:37","date_gmt":"2025-12-29T09:34:37","guid":{"rendered":"https:\/\/noticiasribeiraopreto.com.br\/index.php\/2025\/12\/29\/aposentados-do-inss-vao-receber-r-23-bilhoes-em-atrasados-veja-quem-tem-direito\/"},"modified":"2025-12-29T06:34:37","modified_gmt":"2025-12-29T09:34:37","slug":"aposentados-do-inss-vao-receber-r-23-bilhoes-em-atrasados-veja-quem-tem-direito","status":"publish","type":"post","link":"https:\/\/noticiasribeiraopreto.com.br\/index.php\/2025\/12\/29\/aposentados-do-inss-vao-receber-r-23-bilhoes-em-atrasados-veja-quem-tem-direito\/","title":{"rendered":"Aposentados do INSS v\u00e3o receber R$ 2,3 bilh\u00f5es em atrasados; veja quem tem direito"},"content":{"rendered":"<div class='code-block code-block-1' style='margin: 8px 0 8px auto; text-align: right; display: block; clear: both;'>\n<p><a href=\"https:\/\/wa.link\/vpicfd\"><img data-recalc-dims=\"1\" class=\"wp-image-4922\" style=\"aspect-ratio: 2.0253164556962027; width: 561px; height: auto;\" src=\"https:\/\/i0.wp.com\/ismaelcolosi.com.br\/wp-content\/uploads\/2023\/11\/grupo-de-empregos-whatsapp-e-facebook-ismael-colosi-vagas.jpg?ssl=1\" alt=\"\" \/><\/a><\/p>\n<!-- \/wp:image -->\n<\/div>\n<p> <br \/>\n<\/p>\n<div>\n<p>Mais de 152,3 mil segurados do<strong> INSS (Instituto Nacional do Seguro Social) <\/strong>que venceram a\u00e7\u00f5es na Justi\u00e7a contra o \u00f3rg\u00e3o iniciar\u00e3o 2026 com mais dinheiro no bolso. O <strong>CJF (Conselho da Justi\u00e7a Federal)<\/strong> autorizou a libera\u00e7\u00e3o de R$ 2,3 bilh\u00f5es em atrasados a aposentados, pensionistas e outros benefici\u00e1rios da Previd\u00eancia Social.<\/p>\n<p><mark style=\"background-color:#fcb900\" class=\"has-inline-color has-black-color\">O pagamento contempla 183 mil processos j\u00e1 encerrados, sem possibilidade de recurso<\/mark>. A libera\u00e7\u00e3o faz parte de um lote maior, de R$ 2,8 bilh\u00f5es, que tamb\u00e9m inclui a\u00e7\u00f5es alimentares que envolvem servidores p\u00fablicos federais. Ao todo, 236.603 benefici\u00e1rios em 187.472 processos ser\u00e3o pagos neste lote.<\/p>\n<h2 class=\"wp-block-heading\"><strong>Quem tem direito a receber?<\/strong><\/h2>\n<p>Tem direito aos atrasados quem ganhou a\u00e7\u00e3o judicial contra o INSS relacionada \u00e0 concess\u00e3o ou revis\u00e3o de benef\u00edcios, como:<\/p>\n<ul class=\"wp-block-list\">\n<li>Aposentadorias (por idade, tempo de contribui\u00e7\u00e3o, invalidez ou da pessoa com defici\u00eancia);<\/li>\n<\/ul>\n<ul class=\"wp-block-list\">\n<li>Benef\u00edcio por Incapacidade Tempor\u00e1ria (antigo aux\u00edlio-doen\u00e7a);<\/li>\n<\/ul>\n<ul class=\"wp-block-list\">\n<li>Benef\u00edcio de Presta\u00e7\u00e3o Continuada (BPC).<\/li>\n<\/ul>\n<p>Para receber neste pagamento, \u00e9 necess\u00e1rio que:<\/p>\n<ul class=\"wp-block-list\">\n<li>O processo esteja totalmente encerrado (transitado em julgado);<\/li>\n<\/ul>\n<ul class=\"wp-block-list\">\n<li>O valor seja de at\u00e9 60 sal\u00e1rios m\u00ednimos (R$ 91.080 em 2025);<\/li>\n<\/ul>\n<ul class=\"wp-block-list\">\n<li>A ordem de pagamento do juiz tenha sido emitida em novembro de 2025.<\/li>\n<\/ul>\n<p>Os pagamentos s\u00e3o feitos por meio de requisi\u00e7\u00f5es de pequeno valor (RPV), mecanismo usado para quitar d\u00edvidas judiciais de menor valor em prazo mais curto que os tradicionais precat\u00f3rios.<\/p>\n<h2 class=\"wp-block-heading\"><strong>Quando o dinheiro cai na conta?<\/strong><\/h2>\n<p>As RPVs devem ser pagas em at\u00e9 60 dias ap\u00f3s a ordem de pagamento do juiz. O dep\u00f3sito \u00e9 feito em conta aberta no <strong>Banco do Brasil <\/strong>ou na <strong>Caixa Econ\u00f4mica Federal<\/strong>, <mark style=\"background-color:#fcb900\" class=\"has-inline-color has-black-color\">em nome do benefici\u00e1rio ou de seu advogado<\/mark>.<\/p>\n<p>Antes do pagamento, o processo passa por uma fase de processamento, quando as contas s\u00e3o abertas. Ap\u00f3s o dep\u00f3sito, o sistema do tribunal passa a indicar o status \u201cPago total ao ju\u00edzo\u201d.<\/p>\n<h2 class=\"wp-block-heading\"><strong>Como saber se voc\u00ea vai receber?<\/strong><\/h2>\n<p>A consulta deve ser feita no site do Tribunal Regional Federal (TRF) respons\u00e1vel pelo processo. \u00c9 poss\u00edvel pesquisar usando:<\/p>\n<ul class=\"wp-block-list\">\n<li>Cadastro de Pessoas F\u00edsicas (CPF) do benefici\u00e1rio;<\/li>\n<\/ul>\n<ul class=\"wp-block-list\">\n<li>Dados do advogado, como o n\u00famero da inscri\u00e7\u00e3o na <strong>OAB (Ordem dos Advogados do Brasil)<\/strong>.<\/li>\n<\/ul>\n<p>No campo \u201cValor inscrito na proposta\u201d, aparece o valor a ser pago. As siglas indicam a modalidade: requisi\u00e7\u00e3o de pequeno valor (RPF) ou precat\u00f3rio (PRF).<\/p>\n<h2 class=\"wp-block-heading\"><strong>Diferen\u00e7a entre RPV e precat\u00f3rio<\/strong><\/h2>\n<ul class=\"wp-block-list\">\n<li>RPV: at\u00e9 60 sal\u00e1rios m\u00ednimos, paga em at\u00e9 60 dias ap\u00f3s a ordem judicial;<\/li>\n<\/ul>\n<ul class=\"wp-block-list\">\n<li>Precat\u00f3rio: acima desse limite, pago uma vez por ano. Os precat\u00f3rios federais de 2025 foram liberados em julho.<\/li>\n<\/ul>\n<h2 class=\"wp-block-heading\"><strong>Herdeiros tamb\u00e9m podem receber?<\/strong><\/h2>\n<p>Herdeiros de benefici\u00e1rios falecidos t\u00eam direito aos atrasados, desde que comprovem o v\u00ednculo legal e fa\u00e7am a habilita\u00e7\u00e3o no processo. Em caso de d\u00favida, a orienta\u00e7\u00e3o \u00e9 procurar o advogado da a\u00e7\u00e3o ou a Defensoria P\u00fablica da Uni\u00e3o (com informa\u00e7\u00f5es <strong>Wellton M\u00e1ximo\/Ag\u00eancia Brasil<\/strong>).<\/p>\n<p>SAIBA MAIS<br \/>O que Ricardo Silva diz sobre novo distrito industrial, incentivos para o Centro e revis\u00e3o da PGV<\/p>\n<h2 class=\"wp-block-heading\"><strong>FIQUE ON<\/strong><\/h2>\n<p>Fique ligado em tudo que acontece em Ribeir\u00e3o Preto e regi\u00e3o. Siga os perfis do<strong>\u00a0acidade on<\/strong>\u00a0no<a href=\"https:\/\/www.instagram.com\/acidadeonribeirao\" target=\"_blank\" rel=\"noreferrer noopener\">\u00a0Instagram\u00a0<\/a>e no\u00a0<a href=\"https:\/\/www.facebook.com\/acidadeonribeirao\/\" target=\"_blank\" rel=\"noreferrer noopener\">Facebook<\/a>.<\/p>\n<p>Receba not\u00edcias do<strong>\u00a0acidade on<\/strong>\u00a0no WhatsApp. Para entrar no grupo,\u00a0basta<a href=\"https:\/\/chat.whatsapp.com\/GFH9HUMUTHNFJdnyEd0xxq\" target=\"_blank\" rel=\"noreferrer noopener\">\u00a0clicar aqui<\/a>. Ou, acesse o nosso\u00a0Canal\u00a0<a href=\"https:\/\/whatsapp.com\/channel\/0029Vb6IQl1JENyAeS57fk2p\" target=\"_blank\" rel=\"noreferrer noopener\">clicando aqui<\/a>.<\/p>\n<p>Fa\u00e7a uma den\u00fancia ou sugira uma reportagem sobre Ribeir\u00e3o Preto e regi\u00e3o pelo WhatsApp: 16 99117 7802.<\/p>\n<p>VEJA TAMB\u00c9M<br \/>Casquinha do McDonald\u2019s n\u00e3o \u00e9 sorvete?<\/p>\n<p><!-- AI CONTENT END 1 -->\n<\/div>\n<p><script async src=\"\/\/www.instagram.com\/embed.js\"><\/script><br \/>\n<br \/><br \/>\n<br \/><a href=\"https:\/\/www.acidadeon.com\/ribeiraopreto\/economia\/aposentados-do-inss-vao-receber-r-23-bilhoes-em-atrasados-veja-quem-tem-direito\/\">Source link <\/a><\/p>\n<!-- CONTENT END 1 -->\n","protected":false},"excerpt":{"rendered":"<p>Mais de 152,3 mil segurados do INSS (Instituto Nacional do Seguro Social) que venceram a\u00e7\u00f5es na Justi\u00e7a contra o \u00f3rg\u00e3o iniciar\u00e3o 2026 com mais dinheiro&#8230;<\/p>\n","protected":false},"author":1,"featured_media":81224,"comment_status":"open","ping_status":"open","sticky":false,"template":"","format":"standard","meta":{"advanced_seo_description":"","jetpack_seo_html_title":"","jetpack_seo_noindex":false,"jetpack_post_was_ever_published":false,"_jetpack_newsletter_access":"","_jetpack_dont_email_post_to_subs":false,"_jetpack_newsletter_tier_id":0,"_jetpack_memberships_contains_paywalled_content":false,"_jetpack_memberships_contains_paid_content":false,"footnotes":"","jetpack_publicize_message":"","jetpack_publicize_feature_enabled":true,"jetpack_social_post_already_shared":true,"jetpack_social_options":{"image_generator_settings":{"template":"highway","default_image_id":0,"font":"","enabled":false},"version":2}},"categories":[11],"tags":[],"class_list":["post-81223","post","type-post","status-publish","format-standard","has-post-thumbnail","hentry","category-noticias-de-ribeirao-preto-sp-e-regiao-ismael-colosi"],"jetpack_publicize_connections":[],"jetpack_featured_media_url":"https:\/\/i0.wp.com\/noticiasribeiraopreto.com.br\/wp-content\/uploads\/2025\/12\/AnyConv.com__aposentado.webp.webp?fit=1167%2C699&ssl=1","jetpack-related-posts":[{"id":74514,"url":"https:\/\/noticiasribeiraopreto.com.br\/index.php\/2025\/07\/24\/reembolso-a-vitimas-de-descontos-do-inss-comecam-hoje\/","url_meta":{"origin":81223,"position":0},"title":"Reembolso a v\u00edtimas de descontos do INSS come\u00e7am hoje","author":"noticiasribeiraopreto.com.br","date":"24 de July de 2025","format":false,"excerpt":"A devolu\u00e7\u00e3o dos descontos indevidos e ilegais feitos por entidades associativas nos benef\u00edcios de aposentados e pensionistas come\u00e7ar\u00e1 a ser feita a partir desta quinta-feira, 24 de julho, para quem assinou o acordo de ades\u00e3o proposto pelo governo federal at\u00e9 segunda-feira (21). O prazo de credenciamento vai at\u00e9 14 de\u2026","rel":"","context":"In &quot;Not\u00edcias de Ribeir\u00e3o Preto-SP e Regi\u00e3o&quot;","block_context":{"text":"Not\u00edcias de Ribeir\u00e3o Preto-SP e Regi\u00e3o","link":"https:\/\/noticiasribeiraopreto.com.br\/index.php\/category\/noticias-de-ribeirao-preto-sp-e-regiao-ismael-colosi\/"},"img":{"alt_text":"","src":"https:\/\/i0.wp.com\/noticiasribeiraopreto.com.br\/wp-content\/uploads\/2025\/07\/FraudeINSS-Rafa-Neddermeyer-Ag.Br_-1.jpg?fit=1170%2C700&ssl=1&resize=350%2C200","width":350,"height":200,"srcset":"https:\/\/i0.wp.com\/noticiasribeiraopreto.com.br\/wp-content\/uploads\/2025\/07\/FraudeINSS-Rafa-Neddermeyer-Ag.Br_-1.jpg?fit=1170%2C700&ssl=1&resize=350%2C200 1x, https:\/\/i0.wp.com\/noticiasribeiraopreto.com.br\/wp-content\/uploads\/2025\/07\/FraudeINSS-Rafa-Neddermeyer-Ag.Br_-1.jpg?fit=1170%2C700&ssl=1&resize=525%2C300 1.5x, https:\/\/i0.wp.com\/noticiasribeiraopreto.com.br\/wp-content\/uploads\/2025\/07\/FraudeINSS-Rafa-Neddermeyer-Ag.Br_-1.jpg?fit=1170%2C700&ssl=1&resize=700%2C400 2x, https:\/\/i0.wp.com\/noticiasribeiraopreto.com.br\/wp-content\/uploads\/2025\/07\/FraudeINSS-Rafa-Neddermeyer-Ag.Br_-1.jpg?fit=1170%2C700&ssl=1&resize=1050%2C600 3x"},"classes":[]},{"id":75461,"url":"https:\/\/noticiasribeiraopreto.com.br\/index.php\/2025\/08\/09\/governo-ressarciu-98-dos-aposentados\/","url_meta":{"origin":81223,"position":1},"title":"Governo ressarciu 98% dos aposentados \u00a0","author":"noticiasribeiraopreto.com.br","date":"9 de August de 2025","format":false,"excerpt":"9 de agosto de 2025 08:039 de agosto de 2025 06:3010 Compartilhar0 At\u00e9 quinta-feira (7), 1,64 milh\u00e3o de benefici\u00e1rios do INSS que sofreram descontos indevidos receberam a repara\u00e7\u00e3o diretamente na conta, com corre\u00e7\u00e3o da infla\u00e7\u00e3o\u00a0\u00a0A maior parte dos 1,66 milh\u00e3o de aposentados e pensionistas que sofreram descontos indevidos em benef\u00edcios\u2026","rel":"","context":"In &quot;Not\u00edcias de Ribeir\u00e3o Preto-SP e Regi\u00e3o&quot;","block_context":{"text":"Not\u00edcias de Ribeir\u00e3o Preto-SP e Regi\u00e3o","link":"https:\/\/noticiasribeiraopreto.com.br\/index.php\/category\/noticias-de-ribeirao-preto-sp-e-regiao-ismael-colosi\/"},"img":{"alt_text":"","src":"https:\/\/i0.wp.com\/noticiasribeiraopreto.com.br\/wp-content\/uploads\/2025\/08\/FraudeINSS.jpg?fit=1170%2C700&ssl=1&resize=350%2C200","width":350,"height":200,"srcset":"https:\/\/i0.wp.com\/noticiasribeiraopreto.com.br\/wp-content\/uploads\/2025\/08\/FraudeINSS.jpg?fit=1170%2C700&ssl=1&resize=350%2C200 1x, https:\/\/i0.wp.com\/noticiasribeiraopreto.com.br\/wp-content\/uploads\/2025\/08\/FraudeINSS.jpg?fit=1170%2C700&ssl=1&resize=525%2C300 1.5x, https:\/\/i0.wp.com\/noticiasribeiraopreto.com.br\/wp-content\/uploads\/2025\/08\/FraudeINSS.jpg?fit=1170%2C700&ssl=1&resize=700%2C400 2x, https:\/\/i0.wp.com\/noticiasribeiraopreto.com.br\/wp-content\/uploads\/2025\/08\/FraudeINSS.jpg?fit=1170%2C700&ssl=1&resize=1050%2C600 3x"},"classes":[]},{"id":6864,"url":"https:\/\/noticiasribeiraopreto.com.br\/index.php\/2023\/11\/27\/aposentados-e-pensionistas-do-inss-recebem-valor-extra\/","url_meta":{"origin":81223,"position":2},"title":"Aposentados e pensionistas do INSS recebem valor extra","author":"noticiasribeiraopreto.com.br","date":"27 de November de 2023","format":false,"excerpt":"Boa not\u00edcia para quem recebe pelo INSS Aposentados e pensionistas do Instituto Nacional do Seguro Social (INSS) t\u00eam uma not\u00edcia positiva neste m\u00eas: a libera\u00e7\u00e3o de um valor extra em suas contas, fruto de uma decis\u00e3o do Conselho da Justi\u00e7a Federal (CJF). A quantia de R$ 2,1 bilh\u00f5es foi destinada\u2026","rel":"","context":"In &quot;Variedades&quot;","block_context":{"text":"Variedades","link":"https:\/\/noticiasribeiraopreto.com.br\/index.php\/category\/variedades\/"},"img":{"alt_text":"","src":"https:\/\/i0.wp.com\/noticiasribeiraopreto.com.br\/wp-content\/uploads\/2023\/11\/1701078178_inss-dispensa-pericia-medica-para-auxilio-doenca-entenda-1.jpg?fit=1200%2C638&ssl=1&resize=350%2C200","width":350,"height":200,"srcset":"https:\/\/i0.wp.com\/noticiasribeiraopreto.com.br\/wp-content\/uploads\/2023\/11\/1701078178_inss-dispensa-pericia-medica-para-auxilio-doenca-entenda-1.jpg?fit=1200%2C638&ssl=1&resize=350%2C200 1x, https:\/\/i0.wp.com\/noticiasribeiraopreto.com.br\/wp-content\/uploads\/2023\/11\/1701078178_inss-dispensa-pericia-medica-para-auxilio-doenca-entenda-1.jpg?fit=1200%2C638&ssl=1&resize=525%2C300 1.5x, https:\/\/i0.wp.com\/noticiasribeiraopreto.com.br\/wp-content\/uploads\/2023\/11\/1701078178_inss-dispensa-pericia-medica-para-auxilio-doenca-entenda-1.jpg?fit=1200%2C638&ssl=1&resize=700%2C400 2x, https:\/\/i0.wp.com\/noticiasribeiraopreto.com.br\/wp-content\/uploads\/2023\/11\/1701078178_inss-dispensa-pericia-medica-para-auxilio-doenca-entenda-1.jpg?fit=1200%2C638&ssl=1&resize=1050%2C600 3x"},"classes":[]},{"id":84183,"url":"https:\/\/noticiasribeiraopreto.com.br\/index.php\/2026\/04\/03\/antecipacao-do-13o-do-inss-quem-recebe-e-quando-sera-pago\/","url_meta":{"origin":81223,"position":3},"title":"Antecipa\u00e7\u00e3o do 13\u00ba do INSS: quem recebe e quando ser\u00e1 pago?\u00a0","author":"noticiasribeiraopreto.com.br","date":"3 de April de 2026","format":false,"excerpt":"Ler o resumo da not\u00edcia Antecipa\u00e7\u00e3o do 13\u00ba do INSS: quem recebe e quando ser\u00e1 pago? O 13\u00ba sal\u00e1rio de cerca de 35,2 milh\u00f5es de aposentados e pensionistas do Instituto Nacional do Seguro Social (INSS) ser\u00e1 antecipado em 2026. Os pagamentos v\u00e3o acontecer nos meses de abril e maio, seguindo\u2026","rel":"","context":"In &quot;Not\u00edcias de Ribeir\u00e3o Preto-SP e Regi\u00e3o&quot;","block_context":{"text":"Not\u00edcias de Ribeir\u00e3o Preto-SP e Regi\u00e3o","link":"https:\/\/noticiasribeiraopreto.com.br\/index.php\/category\/noticias-de-ribeirao-preto-sp-e-regiao-ismael-colosi\/"},"img":{"alt_text":"","src":"https:\/\/i0.wp.com\/noticiasribeiraopreto.com.br\/wp-content\/uploads\/2026\/04\/inss-descontos_2026-01-07_18-42-15.webp.webp?fit=1170%2C700&ssl=1&resize=350%2C200","width":350,"height":200,"srcset":"https:\/\/i0.wp.com\/noticiasribeiraopreto.com.br\/wp-content\/uploads\/2026\/04\/inss-descontos_2026-01-07_18-42-15.webp.webp?fit=1170%2C700&ssl=1&resize=350%2C200 1x, https:\/\/i0.wp.com\/noticiasribeiraopreto.com.br\/wp-content\/uploads\/2026\/04\/inss-descontos_2026-01-07_18-42-15.webp.webp?fit=1170%2C700&ssl=1&resize=525%2C300 1.5x, https:\/\/i0.wp.com\/noticiasribeiraopreto.com.br\/wp-content\/uploads\/2026\/04\/inss-descontos_2026-01-07_18-42-15.webp.webp?fit=1170%2C700&ssl=1&resize=700%2C400 2x, https:\/\/i0.wp.com\/noticiasribeiraopreto.com.br\/wp-content\/uploads\/2026\/04\/inss-descontos_2026-01-07_18-42-15.webp.webp?fit=1170%2C700&ssl=1&resize=1050%2C600 3x"},"classes":[]},{"id":22525,"url":"https:\/\/noticiasribeiraopreto.com.br\/index.php\/2023\/12\/30\/precatorios-do-inss-serao-pagos-ate-o-fim-de-2023-entenda\/","url_meta":{"origin":81223,"position":4},"title":"Precat\u00f3rios do INSS ser\u00e3o pagos at\u00e9 o fim de 2023: ENTENDA","author":"noticiasribeiraopreto.com.br","date":"30 de December de 2023","format":false,"excerpt":"Os precat\u00f3rios do Instituto Nacional do Seguro Social (INSS) e tamb\u00e9m de outros credores da Uni\u00e3o devem sair em breve! Tratam-se daqueles que se encontravam em atraso em virtude das emendas constitucionais 113 e 114. Assim, o Governo Federal ir\u00e1 efetuar o pagamento at\u00e9 o dia 31 deste m\u00eas de\u2026","rel":"","context":"In &quot;Vagas de Emprego em Ribeir\u00e3o Preto-SP&quot;","block_context":{"text":"Vagas de Emprego em Ribeir\u00e3o Preto-SP","link":"https:\/\/noticiasribeiraopreto.com.br\/index.php\/category\/empregos-classificados-vagas-trabalho\/vagas-de-empregos-em-ribeirao-preto-regiao-brasil\/"},"img":{"alt_text":"","src":"","width":0,"height":0},"classes":[]},{"id":69195,"url":"https:\/\/noticiasribeiraopreto.com.br\/index.php\/2025\/05\/03\/inss-libera-abono-acima-do-minimo\/","url_meta":{"origin":81223,"position":5},"title":"INSS libera abono\u00a0acima do m\u00ednimo\u00a0","author":"noticiasribeiraopreto.com.br","date":"3 de May de 2025","format":false,"excerpt":"Em 24 de abril, o Instituto Nacional do Seguro Social (INSS) passou a creditar a primeira parcela do d\u00e9cimo terceiro sal\u00e1rio, junto com o pagamento do m\u00eas para aposentados, pensionistas e benefici\u00e1rios de aux\u00edlios pagos pelo \u00f3rg\u00e3o. Quem recebe menos de um sal\u00e1rio m\u00ednimo (R$ 1.518) teve prioridade. Os valores\u2026","rel":"","context":"In &quot;Not\u00edcias de Ribeir\u00e3o Preto-SP e Regi\u00e3o&quot;","block_context":{"text":"Not\u00edcias de Ribeir\u00e3o Preto-SP e Regi\u00e3o","link":"https:\/\/noticiasribeiraopreto.com.br\/index.php\/category\/noticias-de-ribeirao-preto-sp-e-regiao-ismael-colosi\/"},"img":{"alt_text":"","src":"https:\/\/i0.wp.com\/noticiasribeiraopreto.com.br\/wp-content\/uploads\/2025\/05\/Apose13-Marcello-Casal-Jr.-Ag.Br_.-1.jpg?fit=1170%2C700&ssl=1&resize=350%2C200","width":350,"height":200,"srcset":"https:\/\/i0.wp.com\/noticiasribeiraopreto.com.br\/wp-content\/uploads\/2025\/05\/Apose13-Marcello-Casal-Jr.-Ag.Br_.-1.jpg?fit=1170%2C700&ssl=1&resize=350%2C200 1x, https:\/\/i0.wp.com\/noticiasribeiraopreto.com.br\/wp-content\/uploads\/2025\/05\/Apose13-Marcello-Casal-Jr.-Ag.Br_.-1.jpg?fit=1170%2C700&ssl=1&resize=525%2C300 1.5x, https:\/\/i0.wp.com\/noticiasribeiraopreto.com.br\/wp-content\/uploads\/2025\/05\/Apose13-Marcello-Casal-Jr.-Ag.Br_.-1.jpg?fit=1170%2C700&ssl=1&resize=700%2C400 2x, https:\/\/i0.wp.com\/noticiasribeiraopreto.com.br\/wp-content\/uploads\/2025\/05\/Apose13-Marcello-Casal-Jr.-Ag.Br_.-1.jpg?fit=1170%2C700&ssl=1&resize=1050%2C600 3x"},"classes":[]}],"jetpack_sharing_enabled":true,"jetpack_shortlink":"https:\/\/wp.me\/peQAOb-l83","_links":{"self":[{"href":"https:\/\/noticiasribeiraopreto.com.br\/index.php\/wp-json\/wp\/v2\/posts\/81223","targetHints":{"allow":["GET"]}}],"collection":[{"href":"https:\/\/noticiasribeiraopreto.com.br\/index.php\/wp-json\/wp\/v2\/posts"}],"about":[{"href":"https:\/\/noticiasribeiraopreto.com.br\/index.php\/wp-json\/wp\/v2\/types\/post"}],"author":[{"embeddable":true,"href":"https:\/\/noticiasribeiraopreto.com.br\/index.php\/wp-json\/wp\/v2\/users\/1"}],"replies":[{"embeddable":true,"href":"https:\/\/noticiasribeiraopreto.com.br\/index.php\/wp-json\/wp\/v2\/comments?post=81223"}],"version-history":[{"count":0,"href":"https:\/\/noticiasribeiraopreto.com.br\/index.php\/wp-json\/wp\/v2\/posts\/81223\/revisions"}],"wp:featuredmedia":[{"embeddable":true,"href":"https:\/\/noticiasribeiraopreto.com.br\/index.php\/wp-json\/wp\/v2\/media\/81224"}],"wp:attachment":[{"href":"https:\/\/noticiasribeiraopreto.com.br\/index.php\/wp-json\/wp\/v2\/media?parent=81223"}],"wp:term":[{"taxonomy":"category","embeddable":true,"href":"https:\/\/noticiasribeiraopreto.com.br\/index.php\/wp-json\/wp\/v2\/categories?post=81223"},{"taxonomy":"post_tag","embeddable":true,"href":"https:\/\/noticiasribeiraopreto.com.br\/index.php\/wp-json\/wp\/v2\/tags?post=81223"}],"curies":[{"name":"wp","href":"https:\/\/api.w.org\/{rel}","templated":true}]}}