{"id":81225,"date":"2025-12-29T06:42:26","date_gmt":"2025-12-29T09:42:26","guid":{"rendered":"https:\/\/noticiasribeiraopreto.com.br\/index.php\/2025\/12\/29\/qual-e-o-primeiro-pais-do-mundo-a-comemorar-o-ano-novo\/"},"modified":"2025-12-29T06:42:26","modified_gmt":"2025-12-29T09:42:26","slug":"qual-e-o-primeiro-pais-do-mundo-a-comemorar-o-ano-novo","status":"publish","type":"post","link":"https:\/\/noticiasribeiraopreto.com.br\/index.php\/2025\/12\/29\/qual-e-o-primeiro-pais-do-mundo-a-comemorar-o-ano-novo\/","title":{"rendered":"Qual \u00e9 o primeiro pa\u00eds do mundo a comemorar o Ano Novo?"},"content":{"rendered":"<div class='code-block code-block-1' style='margin: 8px 0 8px auto; text-align: right; display: block; clear: both;'>\n<p><a href=\"https:\/\/wa.link\/vpicfd\"><img data-recalc-dims=\"1\" class=\"wp-image-4922\" style=\"aspect-ratio: 2.0253164556962027; width: 561px; height: auto;\" src=\"https:\/\/i0.wp.com\/ismaelcolosi.com.br\/wp-content\/uploads\/2023\/11\/grupo-de-empregos-whatsapp-e-facebook-ismael-colosi-vagas.jpg?ssl=1\" alt=\"\" \/><\/a><\/p>\n<!-- \/wp:image -->\n<\/div>\n<p> <br \/>\n<\/p>\n<div>\n<p>Apesar de ser um momento aguardado por diversas pessoas ao redor do mundo, a chegada do <strong>Ano Novo<\/strong> n\u00e3o \u00e9 celebrada ao mesmo tempo em todos os lugares.<\/p>\n<p>Isso acontece devido a<strong> Linha Internacional da Data<\/strong>, uma linha imagin\u00e1ria, situada no antimeridiano de Greenwich, que serve para marcar a mudan\u00e7a de data entre um dia e o outro.<\/p>\n<h2 class=\"wp-block-heading\"><strong>Primeiros pa\u00edses no mundo a comemorar o Ano Novo<\/strong><\/h2>\n<p>De acordo com a <strong>National Geographic<\/strong>, o primeiro lugar no mundo a se comemorar o Ano Novo \u00e9 <strong>Kiritimati<\/strong>, uma das 33 ilhas que comp\u00f5em a <strong>Rep\u00fablica de Kiribati<\/strong>, localizado no Pac\u00edfico Central.<\/p>\n<p>Enquanto o pa\u00eds celebra a chegada do novo ano, no<mark style=\"background-color:#fcb900\" class=\"has-inline-color has-black-color\"> Brasil ainda s\u00e3o 8h do dia 31 de dezembro (hor\u00e1rio de Bras\u00edlia)<\/mark>.<\/p>\n<p>Isso acontece, pois em 1995, o governo local alterou o fuso hor\u00e1rio do pa\u00eds para acabar com um problema. Acontece que, no mesmo territ\u00f3rio havia ilhas que estavam em dias diferentes.<\/p>\n<p>\u201cEsse \u00e9 um desenvolvimento relativamente recente. Kiribati mudou a linha da data para que todas as suas ilhas observassem o mesmo dia e \u00e0 mesma hora\u201d, diz a National Geographic.<\/p>\n<p>A Ilha Samoa (n\u00e3o confundir com Samoa Americana), pr\u00f3ximo a Kiritimati, \u00e9 o segundo local no mundo onde o novo ano come\u00e7a.<\/p>\n<p><strong>Auckland<\/strong>, na Nova Zel\u00e2ndia, a cerca de uma hora de dist\u00e2ncia das duas ilhas, \u00e9 a primeira metr\u00f3pole a inaugurar o novo ano.<\/p>\n<h2 class=\"wp-block-heading\"><strong>\u00daltimo pa\u00eds a comemorar o Ano Novo<\/strong><\/h2>\n<p>Os \u00faltimos lugares habitados para comemorar s\u00e3o as ilhas de Niue e Samoa Americana, no sudoeste de Kiribati, no Pac\u00edfico Sul.<\/p>\n<p>No Brasil, enquanto acordamos para aproveitar o primeiro dia do novo ano, por volta das 8h (hor\u00e1rio de Bras\u00edlia), nesses locais a virada do ano ter\u00e3o acabado de acontecer.<\/p>\n<p>\u00a0Um fato curioso \u00e9 que at\u00e9 2011, um dos \u00faltimos pa\u00edses a celebrar a virada do ano era Samoa, contudo, o pa\u00eds decidiu mudar seu fuso hor\u00e1rio para se alinhar com os seus parceiros comerciais Austr\u00e1lia e Nova Zel\u00e2ndia.<\/p>\n<p>\u201cCom a mudan\u00e7a, Samoa ultrapassou a linha internacional de datas para se tornar um dos primeiros pa\u00edses a comemorar\u201d, explica a National Geographic.<\/p>\n<p>SAIBA MAIS<br \/>O que Ricardo Silva diz sobre novo distrito industrial, incentivos para o Centro e revis\u00e3o da PGV<\/p>\n<h2 class=\"wp-block-heading\"><strong>FIQUE ON<\/strong><\/h2>\n<p>Fique ligado em tudo que acontece em Ribeir\u00e3o Preto e regi\u00e3o. Siga os perfis do<strong>\u00a0acidade on<\/strong>\u00a0no<a href=\"https:\/\/www.instagram.com\/acidadeonribeirao\" target=\"_blank\" rel=\"noreferrer noopener\">\u00a0Instagram\u00a0<\/a>e no\u00a0<a href=\"https:\/\/www.facebook.com\/acidadeonribeirao\/\" target=\"_blank\" rel=\"noreferrer noopener\">Facebook<\/a>.<\/p>\n<p>Receba not\u00edcias do<strong>\u00a0acidade on<\/strong>\u00a0no WhatsApp. Para entrar no grupo,\u00a0basta<a href=\"https:\/\/chat.whatsapp.com\/GFH9HUMUTHNFJdnyEd0xxq\" target=\"_blank\" rel=\"noreferrer noopener\">\u00a0clicar aqui<\/a>. Ou, acesse o nosso\u00a0Canal\u00a0<a href=\"https:\/\/whatsapp.com\/channel\/0029Vb6IQl1JENyAeS57fk2p\" target=\"_blank\" rel=\"noreferrer noopener\">clicando aqui<\/a>.<\/p>\n<p>Fa\u00e7a uma den\u00fancia ou sugira uma reportagem sobre Ribeir\u00e3o Preto e regi\u00e3o pelo WhatsApp: 16 99117 7802.<\/p>\n<p>VEJA TAMB\u00c9M<br \/>Casquinha do McDonald\u2019s n\u00e3o \u00e9 sorvete?<\/p>\n<p><!-- AI CONTENT END 1 -->\n<\/div>\n<p><script async src=\"\/\/www.instagram.com\/embed.js\"><\/script><br \/>\n<br \/><br \/>\n<br \/><a href=\"https:\/\/www.acidadeon.com\/ribeiraopreto\/cotidiano\/qual-e-o-primeiro-pais-do-mundo-a-comemorar-o-ano-novo\/\">Source link <\/a><\/p>\n<!-- CONTENT END 1 -->\n","protected":false},"excerpt":{"rendered":"<p>Apesar de ser um momento aguardado por diversas pessoas ao redor do mundo, a chegada do Ano Novo n\u00e3o \u00e9 celebrada ao mesmo tempo em&#8230;<\/p>\n","protected":false},"author":1,"featured_media":81226,"comment_status":"open","ping_status":"open","sticky":false,"template":"","format":"standard","meta":{"advanced_seo_description":"","jetpack_seo_html_title":"","jetpack_seo_noindex":false,"jetpack_post_was_ever_published":false,"_jetpack_newsletter_access":"","_jetpack_dont_email_post_to_subs":false,"_jetpack_newsletter_tier_id":0,"_jetpack_memberships_contains_paywalled_content":false,"_jetpack_memberships_contains_paid_content":false,"footnotes":"","jetpack_publicize_message":"","jetpack_publicize_feature_enabled":true,"jetpack_social_post_already_shared":true,"jetpack_social_options":{"image_generator_settings":{"template":"highway","default_image_id":0,"font":"","enabled":false},"version":2}},"categories":[11],"tags":[],"class_list":["post-81225","post","type-post","status-publish","format-standard","has-post-thumbnail","hentry","category-noticias-de-ribeirao-preto-sp-e-regiao-ismael-colosi"],"jetpack_publicize_connections":[],"jetpack_featured_media_url":"https:\/\/i0.wp.com\/noticiasribeiraopreto.com.br\/wp-content\/uploads\/2025\/12\/ano-novo_2025-12-28_19-36-56.webp.webp?fit=1200%2C686&ssl=1","jetpack-related-posts":[{"id":22673,"url":"https:\/\/noticiasribeiraopreto.com.br\/index.php\/2023\/12\/30\/confira-quais-sao-os-primeiros-paises-do-mundo-a-comemorar-o-ano-novo\/","url_meta":{"origin":81225,"position":0},"title":"Confira quais s\u00e3o os primeiros pa\u00edses do mundo a comemorar o Ano Novo","author":"noticiasribeiraopreto.com.br","date":"30 de December de 2023","format":false,"excerpt":"Apesar de ser um momento aguardado por diversas pessoas ao redor do mundo, a chegada de um novo ano n\u00e3o \u00e9 celebrada ao mesmo tempo em todos os lugares. Isso acontece devido a Linha Internacional da Data, uma linha imagin\u00e1ria, situada no antimeridiano de Greenwich, que serve para marcar a\u2026","rel":"","context":"In &quot;Not\u00edcias de Ribeir\u00e3o Preto-SP e Regi\u00e3o&quot;","block_context":{"text":"Not\u00edcias de Ribeir\u00e3o Preto-SP e Regi\u00e3o","link":"https:\/\/noticiasribeiraopreto.com.br\/index.php\/category\/noticias-de-ribeirao-preto-sp-e-regiao-ismael-colosi\/"},"img":{"alt_text":"","src":"https:\/\/i0.wp.com\/noticiasribeiraopreto.com.br\/wp-content\/uploads\/2023\/12\/cxpia_de_tamanho_exato_para_fotos_no_sistema_novo_x28x.jpg?fit=1200%2C675&ssl=1&resize=350%2C200","width":350,"height":200,"srcset":"https:\/\/i0.wp.com\/noticiasribeiraopreto.com.br\/wp-content\/uploads\/2023\/12\/cxpia_de_tamanho_exato_para_fotos_no_sistema_novo_x28x.jpg?fit=1200%2C675&ssl=1&resize=350%2C200 1x, https:\/\/i0.wp.com\/noticiasribeiraopreto.com.br\/wp-content\/uploads\/2023\/12\/cxpia_de_tamanho_exato_para_fotos_no_sistema_novo_x28x.jpg?fit=1200%2C675&ssl=1&resize=525%2C300 1.5x, https:\/\/i0.wp.com\/noticiasribeiraopreto.com.br\/wp-content\/uploads\/2023\/12\/cxpia_de_tamanho_exato_para_fotos_no_sistema_novo_x28x.jpg?fit=1200%2C675&ssl=1&resize=700%2C400 2x, https:\/\/i0.wp.com\/noticiasribeiraopreto.com.br\/wp-content\/uploads\/2023\/12\/cxpia_de_tamanho_exato_para_fotos_no_sistema_novo_x28x.jpg?fit=1200%2C675&ssl=1&resize=1050%2C600 3x"},"classes":[]},{"id":22782,"url":"https:\/\/noticiasribeiraopreto.com.br\/index.php\/2023\/12\/31\/os-10-shows-de-fogos-mais-incriveis-do-reveillon\/","url_meta":{"origin":81225,"position":1},"title":"Os 10 shows de fogos mais incr\u00edveis do R\u00e9veillon","author":"noticiasribeiraopreto.com.br","date":"31 de December de 2023","format":false,"excerpt":"Faltam poucos dias para o R\u00e9veillon, e pa\u00edses do mundo todo est\u00e3o se preparando para receber 2024 em grande estilo. As tradi\u00e7\u00f5es e simpatias mudam de pessoa para pessoa: tem gente que leva a s\u00e9rio a cor da roupa \u00edntima usada no R\u00e9veillon, tem quem guarde sementes de rom\u00e3 na\u2026","rel":"","context":"In &quot;Variedades&quot;","block_context":{"text":"Variedades","link":"https:\/\/noticiasribeiraopreto.com.br\/index.php\/category\/variedades\/"},"img":{"alt_text":"","src":"https:\/\/i0.wp.com\/noticiasribeiraopreto.com.br\/wp-content\/uploads\/2023\/12\/unnamed-5-1.jpg?fit=1200%2C638&ssl=1&resize=350%2C200","width":350,"height":200,"srcset":"https:\/\/i0.wp.com\/noticiasribeiraopreto.com.br\/wp-content\/uploads\/2023\/12\/unnamed-5-1.jpg?fit=1200%2C638&ssl=1&resize=350%2C200 1x, https:\/\/i0.wp.com\/noticiasribeiraopreto.com.br\/wp-content\/uploads\/2023\/12\/unnamed-5-1.jpg?fit=1200%2C638&ssl=1&resize=525%2C300 1.5x, https:\/\/i0.wp.com\/noticiasribeiraopreto.com.br\/wp-content\/uploads\/2023\/12\/unnamed-5-1.jpg?fit=1200%2C638&ssl=1&resize=700%2C400 2x, https:\/\/i0.wp.com\/noticiasribeiraopreto.com.br\/wp-content\/uploads\/2023\/12\/unnamed-5-1.jpg?fit=1200%2C638&ssl=1&resize=1050%2C600 3x"},"classes":[]},{"id":22491,"url":"https:\/\/noticiasribeiraopreto.com.br\/index.php\/2023\/12\/29\/qual-a-origem-da-palavra-reveillon-meu-valor-digital\/","url_meta":{"origin":81225,"position":2},"title":"Qual a origem da palavra R\u00e9veillon? &#8211; Meu Valor Digital","author":"noticiasribeiraopreto.com.br","date":"29 de December de 2023","format":false,"excerpt":"Fogos, festas, divers\u00e3o, todos se abra\u00e7ando e recebendo o novo ano que est\u00e1 chegando. S\u00e3o as comemora\u00e7\u00f5es do R\u00e9veillon! Mas voc\u00ea sabe qual a origem da palavra r\u00e9veillon? A palavra \u00e9 origin\u00e1ria do idioma franc\u00eas, derivada do verbo \u201cr\u00e9veiller\u201d, que significa \u201cacordar\u201d ou \u201creanimar\u201d (em sentido figurado). Por isso, a\u2026","rel":"","context":"In &quot;Vagas de Emprego em Ribeir\u00e3o Preto-SP&quot;","block_context":{"text":"Vagas de Emprego em Ribeir\u00e3o Preto-SP","link":"https:\/\/noticiasribeiraopreto.com.br\/index.php\/category\/empregos-classificados-vagas-trabalho\/vagas-de-empregos-em-ribeirao-preto-regiao-brasil\/"},"img":{"alt_text":"","src":"https:\/\/i0.wp.com\/noticiasribeiraopreto.com.br\/wp-content\/uploads\/2023\/12\/Reveillon.jpg?fit=1200%2C800&ssl=1&resize=350%2C200","width":350,"height":200,"srcset":"https:\/\/i0.wp.com\/noticiasribeiraopreto.com.br\/wp-content\/uploads\/2023\/12\/Reveillon.jpg?fit=1200%2C800&ssl=1&resize=350%2C200 1x, https:\/\/i0.wp.com\/noticiasribeiraopreto.com.br\/wp-content\/uploads\/2023\/12\/Reveillon.jpg?fit=1200%2C800&ssl=1&resize=525%2C300 1.5x, https:\/\/i0.wp.com\/noticiasribeiraopreto.com.br\/wp-content\/uploads\/2023\/12\/Reveillon.jpg?fit=1200%2C800&ssl=1&resize=700%2C400 2x, https:\/\/i0.wp.com\/noticiasribeiraopreto.com.br\/wp-content\/uploads\/2023\/12\/Reveillon.jpg?fit=1200%2C800&ssl=1&resize=1050%2C600 3x"},"classes":[]},{"id":29151,"url":"https:\/\/noticiasribeiraopreto.com.br\/index.php\/2024\/01\/17\/a-apple-pode-ate-nao-ser-mais-a-empresa-mais-valiosa-do-mundo-mas-acaba-de-bater-um-novo-recorde\/","url_meta":{"origin":81225,"position":3},"title":"A Apple pode at\u00e9 n\u00e3o ser mais a empresa mais valiosa do mundo, mas acaba de bater um novo recorde","author":"noticiasribeiraopreto.com.br","date":"17 de January de 2024","format":false,"excerpt":"Se os \u00faltimos dias marcaram a hist\u00f3ria da Apple (AAPL34) como a \u00e9poca em que a big tech foi destronada como a empresa mais valiosa do mundo pela Microsoft, a segunda quinzena de janeiro de 2024 chega com um novo motivo para a fabricante de iPhones voltar a sorrir. A\u2026","rel":"","context":"In &quot;Dinheiro e Investimento&quot;","block_context":{"text":"Dinheiro e Investimento","link":"https:\/\/noticiasribeiraopreto.com.br\/index.php\/category\/dinheiro-e-investimento-como-fazer-como-ganhar\/"},"img":{"alt_text":"","src":"https:\/\/i0.wp.com\/noticiasribeiraopreto.com.br\/wp-content\/uploads\/2024\/01\/shutterstock_1117938923-628x353.jpg?fit=628%2C353&ssl=1&resize=350%2C200","width":350,"height":200,"srcset":"https:\/\/i0.wp.com\/noticiasribeiraopreto.com.br\/wp-content\/uploads\/2024\/01\/shutterstock_1117938923-628x353.jpg?fit=628%2C353&ssl=1&resize=350%2C200 1x, https:\/\/i0.wp.com\/noticiasribeiraopreto.com.br\/wp-content\/uploads\/2024\/01\/shutterstock_1117938923-628x353.jpg?fit=628%2C353&ssl=1&resize=525%2C300 1.5x"},"classes":[]},{"id":18946,"url":"https:\/\/noticiasribeiraopreto.com.br\/index.php\/2023\/12\/21\/a-bolsa-vai-abrir-no-natal-e-ano-novo-veja-como-fica-o-funcionamento-da-b3-bancos-correios-e-transporte-no-fim-de-ano\/","url_meta":{"origin":81225,"position":4},"title":"A bolsa vai abrir no Natal e Ano Novo? Veja como fica o funcionamento da B3, bancos, Correios e transporte no fim de ano","author":"noticiasribeiraopreto.com.br","date":"21 de December de 2023","format":false,"excerpt":"Ent\u00e3o \u00e9 Natal\u2026 e o que voc\u00ea pretende fazer, investidor? Mais um fim de ano se aproxima e, junto ao agito das festividades, vem a correria do mercado para reorganizar a carteira antes da virada. Afinal, ningu\u00e9m quer perder dinheiro por causa de um portf\u00f3lio descalibrado. Mas, enquanto a maioria\u2026","rel":"","context":"In &quot;Dinheiro e Investimento&quot;","block_context":{"text":"Dinheiro e Investimento","link":"https:\/\/noticiasribeiraopreto.com.br\/index.php\/category\/dinheiro-e-investimento-como-fazer-como-ganhar\/"},"img":{"alt_text":"","src":"https:\/\/i0.wp.com\/noticiasribeiraopreto.com.br\/wp-content\/uploads\/2023\/12\/Canva-Pro-Getty-Images-1-715x402.jpg?fit=715%2C402&ssl=1&resize=350%2C200","width":350,"height":200,"srcset":"https:\/\/i0.wp.com\/noticiasribeiraopreto.com.br\/wp-content\/uploads\/2023\/12\/Canva-Pro-Getty-Images-1-715x402.jpg?fit=715%2C402&ssl=1&resize=350%2C200 1x, https:\/\/i0.wp.com\/noticiasribeiraopreto.com.br\/wp-content\/uploads\/2023\/12\/Canva-Pro-Getty-Images-1-715x402.jpg?fit=715%2C402&ssl=1&resize=525%2C300 1.5x, https:\/\/i0.wp.com\/noticiasribeiraopreto.com.br\/wp-content\/uploads\/2023\/12\/Canva-Pro-Getty-Images-1-715x402.jpg?fit=715%2C402&ssl=1&resize=700%2C400 2x"},"classes":[]},{"id":22646,"url":"https:\/\/noticiasribeiraopreto.com.br\/index.php\/2023\/12\/30\/david-velez-do-nubank-e-eleito-um-dos-melhores-ceos-de-2023-pela-the-economist-veja-quem-mais-esta-na-lista\/","url_meta":{"origin":81225,"position":5},"title":"David V\u00e9lez, do Nubank, \u00e9 eleito um dos melhores CEOs de 2023 pela The Economist; veja quem mais est\u00e1 na lista\u00a0","author":"noticiasribeiraopreto.com.br","date":"30 de December de 2023","format":false,"excerpt":"Com o lucro recorde no terceiro trimestre e a conquista de 90 milh\u00f5es de clientes na Am\u00e9rica Latina, o Nubank ganhou mais um motivo para comemorar o ano de 2023.\u00a0 O co-fundador do banco digital, David V\u00e9lez, foi considerado um dos cinco melhores CEOs do mundo pela The Economist.\u00a0 A\u2026","rel":"","context":"In &quot;Dinheiro e Investimento&quot;","block_context":{"text":"Dinheiro e Investimento","link":"https:\/\/noticiasribeiraopreto.com.br\/index.php\/category\/dinheiro-e-investimento-como-fazer-como-ganhar\/"},"img":{"alt_text":"","src":"https:\/\/i0.wp.com\/noticiasribeiraopreto.com.br\/wp-content\/uploads\/2023\/12\/David-Velez-CEO-confundador-Nubank-715x402.jpg?fit=715%2C402&ssl=1&resize=350%2C200","width":350,"height":200,"srcset":"https:\/\/i0.wp.com\/noticiasribeiraopreto.com.br\/wp-content\/uploads\/2023\/12\/David-Velez-CEO-confundador-Nubank-715x402.jpg?fit=715%2C402&ssl=1&resize=350%2C200 1x, https:\/\/i0.wp.com\/noticiasribeiraopreto.com.br\/wp-content\/uploads\/2023\/12\/David-Velez-CEO-confundador-Nubank-715x402.jpg?fit=715%2C402&ssl=1&resize=525%2C300 1.5x, https:\/\/i0.wp.com\/noticiasribeiraopreto.com.br\/wp-content\/uploads\/2023\/12\/David-Velez-CEO-confundador-Nubank-715x402.jpg?fit=715%2C402&ssl=1&resize=700%2C400 2x"},"classes":[]}],"jetpack_sharing_enabled":true,"jetpack_shortlink":"https:\/\/wp.me\/peQAOb-l85","_links":{"self":[{"href":"https:\/\/noticiasribeiraopreto.com.br\/index.php\/wp-json\/wp\/v2\/posts\/81225","targetHints":{"allow":["GET"]}}],"collection":[{"href":"https:\/\/noticiasribeiraopreto.com.br\/index.php\/wp-json\/wp\/v2\/posts"}],"about":[{"href":"https:\/\/noticiasribeiraopreto.com.br\/index.php\/wp-json\/wp\/v2\/types\/post"}],"author":[{"embeddable":true,"href":"https:\/\/noticiasribeiraopreto.com.br\/index.php\/wp-json\/wp\/v2\/users\/1"}],"replies":[{"embeddable":true,"href":"https:\/\/noticiasribeiraopreto.com.br\/index.php\/wp-json\/wp\/v2\/comments?post=81225"}],"version-history":[{"count":0,"href":"https:\/\/noticiasribeiraopreto.com.br\/index.php\/wp-json\/wp\/v2\/posts\/81225\/revisions"}],"wp:featuredmedia":[{"embeddable":true,"href":"https:\/\/noticiasribeiraopreto.com.br\/index.php\/wp-json\/wp\/v2\/media\/81226"}],"wp:attachment":[{"href":"https:\/\/noticiasribeiraopreto.com.br\/index.php\/wp-json\/wp\/v2\/media?parent=81225"}],"wp:term":[{"taxonomy":"category","embeddable":true,"href":"https:\/\/noticiasribeiraopreto.com.br\/index.php\/wp-json\/wp\/v2\/categories?post=81225"},{"taxonomy":"post_tag","embeddable":true,"href":"https:\/\/noticiasribeiraopreto.com.br\/index.php\/wp-json\/wp\/v2\/tags?post=81225"}],"curies":[{"name":"wp","href":"https:\/\/api.w.org\/{rel}","templated":true}]}}