{"id":81227,"date":"2025-12-29T06:54:07","date_gmt":"2025-12-29T09:54:07","guid":{"rendered":"https:\/\/noticiasribeiraopreto.com.br\/index.php\/2025\/12\/29\/defesa-civil-alerta-para-risco-de-chuva-forte-e-temporais-em-sp\/"},"modified":"2025-12-29T06:54:07","modified_gmt":"2025-12-29T09:54:07","slug":"defesa-civil-alerta-para-risco-de-chuva-forte-e-temporais-em-sp","status":"publish","type":"post","link":"https:\/\/noticiasribeiraopreto.com.br\/index.php\/2025\/12\/29\/defesa-civil-alerta-para-risco-de-chuva-forte-e-temporais-em-sp\/","title":{"rendered":"Defesa Civil alerta para risco de chuva forte e temporais em SP"},"content":{"rendered":"<div class='code-block code-block-1' style='margin: 8px 0 8px auto; text-align: right; display: block; clear: both;'>\n<p><a href=\"https:\/\/wa.link\/vpicfd\"><img data-recalc-dims=\"1\" class=\"wp-image-4922\" style=\"aspect-ratio: 2.0253164556962027; width: 561px; height: auto;\" src=\"https:\/\/i0.wp.com\/ismaelcolosi.com.br\/wp-content\/uploads\/2023\/11\/grupo-de-empregos-whatsapp-e-facebook-ismael-colosi-vagas.jpg?ssl=1\" alt=\"\" \/><\/a><\/p>\n<!-- \/wp:image -->\n<\/div>\n<p> <br \/>\n<\/p>\n<div>\n<p>A<strong> Defesa Civil <\/strong>alerta para temporais em todo o territ\u00f3rio do <strong>estado de S\u00e3o Paulo <\/strong>entre segunda-feira (29) e ter\u00e7a-feira (30) de dezembro. O \u00f3rg\u00e3o informa a chuva \u00e9 provocada pela aproxima\u00e7\u00e3o de um sistema meteorol\u00f3gico que, embora esteja afastada no oceano, dever\u00e1 influenciar as condi\u00e7\u00f5es atmosf\u00e9ricas no estado.<\/p>\n<p>A atua\u00e7\u00e3o desse sistema, associada \u00e0s altas temperaturas registradas nos \u00faltimos dias, favorecer\u00e1 a forma\u00e7\u00e3o de pancadas de chuva de forte intensidade, acompanhadas por rajadas de vento intensas, elevada incid\u00eancia de descargas el\u00e9tricas e possibilidade de queda de granizo de forma isolada.<\/p>\n<h2 class=\"wp-block-heading\"><strong>Previs\u00e3o na v\u00e9spera<\/strong><\/h2>\n<p>Para a quarta-feira (31), v\u00e9spera de<strong> Ano Novo,<\/strong> o sistema perde intensidade, e a tend\u00eancia \u00e9 de um padr\u00e3o t\u00edpico de ver\u00e3o, com eleva\u00e7\u00e3o gradual das temperaturas.<\/p>\n<p>Diante desse cen\u00e1rio, o Governo de S\u00e3o Paulo e a Defesa Civil do Estado informaram que ir\u00e3o mobilizar um gabinete de crise a partir de segunda-feira (29), com o objetivo de coordenar a\u00e7\u00f5es de preven\u00e7\u00e3o e apoio aos munic\u00edpios durante o per\u00edodo do feriado de Ano Novo.<\/p>\n<p>\u201cAo longo de todo o per\u00edodo em que a previs\u00e3o indica predomin\u00e2ncia de chuva, a recomenda\u00e7\u00e3o \u00e9 de aten\u00e7\u00e3o redobrada. A Defesa Civil refor\u00e7a a import\u00e2ncia do monitoramento constante das condi\u00e7\u00f5es meteorol\u00f3gicas, da ado\u00e7\u00e3o de medidas preventivas e da aten\u00e7\u00e3o aos alertas emitidos pelos canais oficiais, especialmente por moradores de \u00e1reas de risco\u201d, informa.<\/p>\n<p>Em caso de emerg\u00eancia, a popula\u00e7\u00e3o deve acionar a Defesa Civil pelo n\u00famero 199 ou o Corpo de Bombeiros pelo 193.<\/p>\n<p>SAIBA MAIS<br \/>O que Ricardo Silva diz sobre novo distrito industrial, incentivos para o Centro e revis\u00e3o da PGV<\/p>\n<h2 class=\"wp-block-heading\"><strong>FIQUE ON<\/strong><\/h2>\n<p>Fique ligado em tudo que acontece em Ribeir\u00e3o Preto e regi\u00e3o. Siga os perfis do<strong>\u00a0acidade on<\/strong>\u00a0no<a href=\"https:\/\/www.instagram.com\/acidadeonribeirao\" target=\"_blank\" rel=\"noreferrer noopener\">\u00a0Instagram\u00a0<\/a>e no\u00a0<a href=\"https:\/\/www.facebook.com\/acidadeonribeirao\/\" target=\"_blank\" rel=\"noreferrer noopener\">Facebook<\/a>.<\/p>\n<p>Receba not\u00edcias do<strong>\u00a0acidade on<\/strong>\u00a0no WhatsApp. Para entrar no grupo,\u00a0basta<a href=\"https:\/\/chat.whatsapp.com\/GFH9HUMUTHNFJdnyEd0xxq\" target=\"_blank\" rel=\"noreferrer noopener\">\u00a0clicar aqui<\/a>. Ou, acesse o nosso\u00a0Canal\u00a0<a href=\"https:\/\/whatsapp.com\/channel\/0029Vb6IQl1JENyAeS57fk2p\" target=\"_blank\" rel=\"noreferrer noopener\">clicando aqui<\/a>.<\/p>\n<p>Fa\u00e7a uma den\u00fancia ou sugira uma reportagem sobre Ribeir\u00e3o Preto e regi\u00e3o pelo WhatsApp: 16 99117 7802.<\/p>\n<p>VEJA TAMB\u00c9M<br \/>Casquinha do McDonald\u2019s n\u00e3o \u00e9 sorvete?<\/p>\n<p><!-- AI CONTENT END 1 -->\n<\/div>\n<p><script async src=\"\/\/www.instagram.com\/embed.js\"><\/script><br \/>\n<br \/><br \/>\n<br \/><a href=\"https:\/\/www.acidadeon.com\/ribeiraopreto\/cotidiano\/defesa-civil-alerta-para-risco-de-chuva-forte-e-temporais-em-sp\/\">Source link <\/a><\/p>\n<!-- CONTENT END 1 -->\n","protected":false},"excerpt":{"rendered":"<p>A Defesa Civil alerta para temporais em todo o territ\u00f3rio do estado de S\u00e3o Paulo entre segunda-feira (29) e ter\u00e7a-feira (30) de dezembro. O \u00f3rg\u00e3o&#8230;<\/p>\n","protected":false},"author":1,"featured_media":79492,"comment_status":"open","ping_status":"open","sticky":false,"template":"","format":"standard","meta":{"advanced_seo_description":"","jetpack_seo_html_title":"","jetpack_seo_noindex":false,"jetpack_post_was_ever_published":false,"_jetpack_newsletter_access":"","_jetpack_dont_email_post_to_subs":false,"_jetpack_newsletter_tier_id":0,"_jetpack_memberships_contains_paywalled_content":false,"_jetpack_memberships_contains_paid_content":false,"footnotes":"","jetpack_publicize_message":"","jetpack_publicize_feature_enabled":true,"jetpack_social_post_already_shared":true,"jetpack_social_options":{"image_generator_settings":{"template":"highway","default_image_id":0,"font":"","enabled":false},"version":2}},"categories":[11],"tags":[],"class_list":["post-81227","post","type-post","status-publish","format-standard","has-post-thumbnail","hentry","category-noticias-de-ribeirao-preto-sp-e-regiao-ismael-colosi"],"jetpack_publicize_connections":[],"jetpack_featured_media_url":"https:\/\/i0.wp.com\/noticiasribeiraopreto.com.br\/wp-content\/uploads\/2025\/11\/palace-3_2025-10-31_19-55-22.webp.webp?fit=1200%2C675&ssl=1","jetpack-related-posts":[{"id":66561,"url":"https:\/\/noticiasribeiraopreto.com.br\/index.php\/2025\/04\/02\/defesa-civil-de-sp-alerta-para-chuvas-de-forte-intensidade-e-anuncia-gabinete-de-crise\/","url_meta":{"origin":81227,"position":0},"title":"Defesa Civil de SP alerta para chuvas de forte intensidade e anuncia gabinete de crise","author":"noticiasribeiraopreto.com.br","date":"2 de April de 2025","format":false,"excerpt":"Diversas regi\u00f5es do Estado de S\u00e3o Paulo est\u00e3o em alerta para chuvas de forte intensidade entre quinta-feira (3) e s\u00e1bado (5), segundo a Defesa Civil \u2013 veja abaixo a lista de cidades. A primeira massa de ar frio de maior intensidade atingir\u00e1 o Brasil nos pr\u00f3ximos dias, provocando a queda\u2026","rel":"","context":"In &quot;Not\u00edcias de Ribeir\u00e3o Preto-SP e Regi\u00e3o&quot;","block_context":{"text":"Not\u00edcias de Ribeir\u00e3o Preto-SP e Regi\u00e3o","link":"https:\/\/noticiasribeiraopreto.com.br\/index.php\/category\/noticias-de-ribeirao-preto-sp-e-regiao-ismael-colosi\/"},"img":{"alt_text":"","src":"https:\/\/noticiasribeiraopreto.com.br\/wp-content\/uploads\/2024\/01\/whatsapp_image_2023-01-06_at_18_24_13.jpe","width":350,"height":200,"srcset":"https:\/\/noticiasribeiraopreto.com.br\/wp-content\/uploads\/2024\/01\/whatsapp_image_2023-01-06_at_18_24_13.jpe 1x, https:\/\/noticiasribeiraopreto.com.br\/wp-content\/uploads\/2024\/01\/whatsapp_image_2023-01-06_at_18_24_13.jpe 1.5x, https:\/\/noticiasribeiraopreto.com.br\/wp-content\/uploads\/2024\/01\/whatsapp_image_2023-01-06_at_18_24_13.jpe 2x, https:\/\/noticiasribeiraopreto.com.br\/wp-content\/uploads\/2024\/01\/whatsapp_image_2023-01-06_at_18_24_13.jpe 3x"},"classes":[]},{"id":77465,"url":"https:\/\/noticiasribeiraopreto.com.br\/index.php\/2025\/09\/19\/defesa-civil-publica-alerta-para-o-estado-de-sp-veja-regioes-afetadas\/","url_meta":{"origin":81227,"position":1},"title":"Defesa Civil publica alerta para o estado de SP; Veja regi\u00f5es afetadas","author":"noticiasribeiraopreto.com.br","date":"19 de September de 2025","format":false,"excerpt":"A Defesa Civil emitiu alerta para calor, baixa umidade do ar, queimadas e chuvas fortes no estado de S\u00e3o Paulo a partir desta sexta-feira (19). No domingo (21) est\u00e1 prevista a aproxima\u00e7\u00e3o de uma frente fria. Segundo o \u00f3rg\u00e3o, entre esta sexta e domingo a previs\u00e3o \u00e9 de predom\u00ednio de\u2026","rel":"","context":"In &quot;Not\u00edcias de Ribeir\u00e3o Preto-SP e Regi\u00e3o&quot;","block_context":{"text":"Not\u00edcias de Ribeir\u00e3o Preto-SP e Regi\u00e3o","link":"https:\/\/noticiasribeiraopreto.com.br\/index.php\/category\/noticias-de-ribeirao-preto-sp-e-regiao-ismael-colosi\/"},"img":{"alt_text":"","src":"https:\/\/i0.wp.com\/noticiasribeiraopreto.com.br\/wp-content\/uploads\/2025\/07\/WhatsApp-Image-2024-07-13-at-19.42.17_2024-07-13_22-42-51_jpeg_2024-07-13_22-42-51.webp.webp?fit=1200%2C553&ssl=1&resize=350%2C200","width":350,"height":200,"srcset":"https:\/\/i0.wp.com\/noticiasribeiraopreto.com.br\/wp-content\/uploads\/2025\/07\/WhatsApp-Image-2024-07-13-at-19.42.17_2024-07-13_22-42-51_jpeg_2024-07-13_22-42-51.webp.webp?fit=1200%2C553&ssl=1&resize=350%2C200 1x, https:\/\/i0.wp.com\/noticiasribeiraopreto.com.br\/wp-content\/uploads\/2025\/07\/WhatsApp-Image-2024-07-13-at-19.42.17_2024-07-13_22-42-51_jpeg_2024-07-13_22-42-51.webp.webp?fit=1200%2C553&ssl=1&resize=525%2C300 1.5x, https:\/\/i0.wp.com\/noticiasribeiraopreto.com.br\/wp-content\/uploads\/2025\/07\/WhatsApp-Image-2024-07-13-at-19.42.17_2024-07-13_22-42-51_jpeg_2024-07-13_22-42-51.webp.webp?fit=1200%2C553&ssl=1&resize=700%2C400 2x, https:\/\/i0.wp.com\/noticiasribeiraopreto.com.br\/wp-content\/uploads\/2025\/07\/WhatsApp-Image-2024-07-13-at-19.42.17_2024-07-13_22-42-51_jpeg_2024-07-13_22-42-51.webp.webp?fit=1200%2C553&ssl=1&resize=1050%2C600 3x"},"classes":[]},{"id":83462,"url":"https:\/\/noticiasribeiraopreto.com.br\/index.php\/2026\/03\/18\/instabilidade-aumenta-e-eleva-risco-de-temporais-no-estado-diz-defesa-civil-de-sp\/","url_meta":{"origin":81227,"position":2},"title":"Instabilidade aumenta e eleva risco de temporais no estado, diz Defesa Civil de SP","author":"noticiasribeiraopreto.com.br","date":"18 de March de 2026","format":false,"excerpt":"A Defesa Civil de S\u00e3o Paulo emitiu um alerta para risco de temporais nos pr\u00f3ximos dias em diversas regi\u00f5es do estado. De acordo com o \u00f3rg\u00e3o, nesta quinta-feira (19) h\u00e1 aumento das instabilidades, com previs\u00e3o de temporais. \u201cDesde o in\u00edcio do dia, a elevada umidade favorece registros de chuva fraca\u2026","rel":"","context":"In &quot;Not\u00edcias de Ribeir\u00e3o Preto-SP e Regi\u00e3o&quot;","block_context":{"text":"Not\u00edcias de Ribeir\u00e3o Preto-SP e Regi\u00e3o","link":"https:\/\/noticiasribeiraopreto.com.br\/index.php\/category\/noticias-de-ribeirao-preto-sp-e-regiao-ismael-colosi\/"},"img":{"alt_text":"","src":"https:\/\/i0.wp.com\/noticiasribeiraopreto.com.br\/wp-content\/uploads\/2026\/03\/Imagem-do-WhatsApp-de-2025-03-12-as-17.00.39_c1429c04-1024x683-1_2026-03-19_00-00-37.webp.webp?fit=1024%2C683&ssl=1&resize=350%2C200","width":350,"height":200,"srcset":"https:\/\/i0.wp.com\/noticiasribeiraopreto.com.br\/wp-content\/uploads\/2026\/03\/Imagem-do-WhatsApp-de-2025-03-12-as-17.00.39_c1429c04-1024x683-1_2026-03-19_00-00-37.webp.webp?fit=1024%2C683&ssl=1&resize=350%2C200 1x, https:\/\/i0.wp.com\/noticiasribeiraopreto.com.br\/wp-content\/uploads\/2026\/03\/Imagem-do-WhatsApp-de-2025-03-12-as-17.00.39_c1429c04-1024x683-1_2026-03-19_00-00-37.webp.webp?fit=1024%2C683&ssl=1&resize=525%2C300 1.5x, https:\/\/i0.wp.com\/noticiasribeiraopreto.com.br\/wp-content\/uploads\/2026\/03\/Imagem-do-WhatsApp-de-2025-03-12-as-17.00.39_c1429c04-1024x683-1_2026-03-19_00-00-37.webp.webp?fit=1024%2C683&ssl=1&resize=700%2C400 2x"},"classes":[]},{"id":60049,"url":"https:\/\/noticiasribeiraopreto.com.br\/index.php\/2024\/11\/05\/defesa-civil-emite-alerta-para-chuvas-intensas-no-estado-de-sp\/","url_meta":{"origin":81227,"position":3},"title":"Defesa Civil emite alerta para chuvas intensas no estado de SP","author":"noticiasribeiraopreto.com.br","date":"5 de November de 2024","format":false,"excerpt":"A Defesa Civil Estadual publicou um alerta para chuvas intensas no estado de S\u00e3o Paulo. Segundo o \u00f3rg\u00e3o, uma nova frente fria dever\u00e1 avan\u00e7ar pelo Sul do pa\u00eds e a previs\u00e3o \u00e9 que este sistema atinja o estado paulista no fim desta quinta-feira (7). Todas as regi\u00f5es do estado devem\u2026","rel":"","context":"In &quot;Not\u00edcias de Ribeir\u00e3o Preto-SP e Regi\u00e3o&quot;","block_context":{"text":"Not\u00edcias de Ribeir\u00e3o Preto-SP e Regi\u00e3o","link":"https:\/\/noticiasribeiraopreto.com.br\/index.php\/category\/noticias-de-ribeirao-preto-sp-e-regiao-ismael-colosi\/"},"img":{"alt_text":"","src":"https:\/\/i0.wp.com\/noticiasribeiraopreto.com.br\/wp-content\/uploads\/2024\/11\/chuva.jpeg?fit=1200%2C903&ssl=1&resize=350%2C200","width":350,"height":200,"srcset":"https:\/\/i0.wp.com\/noticiasribeiraopreto.com.br\/wp-content\/uploads\/2024\/11\/chuva.jpeg?fit=1200%2C903&ssl=1&resize=350%2C200 1x, https:\/\/i0.wp.com\/noticiasribeiraopreto.com.br\/wp-content\/uploads\/2024\/11\/chuva.jpeg?fit=1200%2C903&ssl=1&resize=525%2C300 1.5x, https:\/\/i0.wp.com\/noticiasribeiraopreto.com.br\/wp-content\/uploads\/2024\/11\/chuva.jpeg?fit=1200%2C903&ssl=1&resize=700%2C400 2x, https:\/\/i0.wp.com\/noticiasribeiraopreto.com.br\/wp-content\/uploads\/2024\/11\/chuva.jpeg?fit=1200%2C903&ssl=1&resize=1050%2C600 3x"},"classes":[]},{"id":81877,"url":"https:\/\/noticiasribeiraopreto.com.br\/index.php\/2026\/01\/29\/ciclone-comeca-a-se-formar-e-aumenta-risco-de-temporal-veja-previsao-para-ribeirao\/","url_meta":{"origin":81227,"position":4},"title":"Ciclone come\u00e7a a se formar e aumenta risco de temporal; Veja previs\u00e3o para Ribeir\u00e3o","author":"noticiasribeiraopreto.com.br","date":"29 de January de 2026","format":false,"excerpt":"Ribeir\u00e3o Preto amanheceu nesta quinta-feira (29) com sol entre nuvens e, de acordo com a previs\u00e3o, a cidade pode registrar pancadas de chuva entre o fim da manh\u00e3 e come\u00e7o da tarde. Segundo a Climatempo, h\u00e1 possibilidade de temporal durante a noite. Apesar disso, as temperaturas continuam elevadas, com m\u00ednima\u2026","rel":"","context":"In &quot;Not\u00edcias de Ribeir\u00e3o Preto-SP e Regi\u00e3o&quot;","block_context":{"text":"Not\u00edcias de Ribeir\u00e3o Preto-SP e Regi\u00e3o","link":"https:\/\/noticiasribeiraopreto.com.br\/index.php\/category\/noticias-de-ribeirao-preto-sp-e-regiao-ismael-colosi\/"},"img":{"alt_text":"","src":"https:\/\/i0.wp.com\/noticiasribeiraopreto.com.br\/wp-content\/uploads\/2026\/01\/domingo-29_2026-01-29_10-31-45.webp.webp?fit=1200%2C675&ssl=1&resize=350%2C200","width":350,"height":200,"srcset":"https:\/\/i0.wp.com\/noticiasribeiraopreto.com.br\/wp-content\/uploads\/2026\/01\/domingo-29_2026-01-29_10-31-45.webp.webp?fit=1200%2C675&ssl=1&resize=350%2C200 1x, https:\/\/i0.wp.com\/noticiasribeiraopreto.com.br\/wp-content\/uploads\/2026\/01\/domingo-29_2026-01-29_10-31-45.webp.webp?fit=1200%2C675&ssl=1&resize=525%2C300 1.5x, https:\/\/i0.wp.com\/noticiasribeiraopreto.com.br\/wp-content\/uploads\/2026\/01\/domingo-29_2026-01-29_10-31-45.webp.webp?fit=1200%2C675&ssl=1&resize=700%2C400 2x, https:\/\/i0.wp.com\/noticiasribeiraopreto.com.br\/wp-content\/uploads\/2026\/01\/domingo-29_2026-01-29_10-31-45.webp.webp?fit=1200%2C675&ssl=1&resize=1050%2C600 3x"},"classes":[]},{"id":79543,"url":"https:\/\/noticiasribeiraopreto.com.br\/index.php\/2025\/11\/03\/nova-frente-fria-traz-chuva-ainda-mais-intensa-para-sp-saiba-quando\/","url_meta":{"origin":81227,"position":5},"title":"Nova frente fria traz chuva ainda mais intensa para SP; Saiba quando","author":"noticiasribeiraopreto.com.br","date":"3 de November de 2025","format":false,"excerpt":"Ap\u00f3s um fim de semana de chuva intensa e diversos transtornos, a Defesa Civil de S\u00e3o Paulo emitiu um novo alerta para a chegada de uma frente fria ainda mais forte, com risco de temporais em v\u00e1rias regi\u00f5es do Estado nesta semana. De acordo com \u00f3rg\u00e3o, ao longo desta semana,\u2026","rel":"","context":"In &quot;Not\u00edcias de Ribeir\u00e3o Preto-SP e Regi\u00e3o&quot;","block_context":{"text":"Not\u00edcias de Ribeir\u00e3o Preto-SP e Regi\u00e3o","link":"https:\/\/noticiasribeiraopreto.com.br\/index.php\/category\/noticias-de-ribeirao-preto-sp-e-regiao-ismael-colosi\/"},"img":{"alt_text":"","src":"https:\/\/i0.wp.com\/noticiasribeiraopreto.com.br\/wp-content\/uploads\/2025\/11\/Copia-de-Copia-de-Copia-de-TAMANHO-EXATO-PARA-FOTOS-NO-SISTEMA-NOVO-2025-10-09T140757.106_2025-10-09_17-08-33.webp.webp?fit=1200%2C675&ssl=1&resize=350%2C200","width":350,"height":200,"srcset":"https:\/\/i0.wp.com\/noticiasribeiraopreto.com.br\/wp-content\/uploads\/2025\/11\/Copia-de-Copia-de-Copia-de-TAMANHO-EXATO-PARA-FOTOS-NO-SISTEMA-NOVO-2025-10-09T140757.106_2025-10-09_17-08-33.webp.webp?fit=1200%2C675&ssl=1&resize=350%2C200 1x, https:\/\/i0.wp.com\/noticiasribeiraopreto.com.br\/wp-content\/uploads\/2025\/11\/Copia-de-Copia-de-Copia-de-TAMANHO-EXATO-PARA-FOTOS-NO-SISTEMA-NOVO-2025-10-09T140757.106_2025-10-09_17-08-33.webp.webp?fit=1200%2C675&ssl=1&resize=525%2C300 1.5x, https:\/\/i0.wp.com\/noticiasribeiraopreto.com.br\/wp-content\/uploads\/2025\/11\/Copia-de-Copia-de-Copia-de-TAMANHO-EXATO-PARA-FOTOS-NO-SISTEMA-NOVO-2025-10-09T140757.106_2025-10-09_17-08-33.webp.webp?fit=1200%2C675&ssl=1&resize=700%2C400 2x, https:\/\/i0.wp.com\/noticiasribeiraopreto.com.br\/wp-content\/uploads\/2025\/11\/Copia-de-Copia-de-Copia-de-TAMANHO-EXATO-PARA-FOTOS-NO-SISTEMA-NOVO-2025-10-09T140757.106_2025-10-09_17-08-33.webp.webp?fit=1200%2C675&ssl=1&resize=1050%2C600 3x"},"classes":[]}],"jetpack_sharing_enabled":true,"jetpack_shortlink":"https:\/\/wp.me\/peQAOb-l87","_links":{"self":[{"href":"https:\/\/noticiasribeiraopreto.com.br\/index.php\/wp-json\/wp\/v2\/posts\/81227","targetHints":{"allow":["GET"]}}],"collection":[{"href":"https:\/\/noticiasribeiraopreto.com.br\/index.php\/wp-json\/wp\/v2\/posts"}],"about":[{"href":"https:\/\/noticiasribeiraopreto.com.br\/index.php\/wp-json\/wp\/v2\/types\/post"}],"author":[{"embeddable":true,"href":"https:\/\/noticiasribeiraopreto.com.br\/index.php\/wp-json\/wp\/v2\/users\/1"}],"replies":[{"embeddable":true,"href":"https:\/\/noticiasribeiraopreto.com.br\/index.php\/wp-json\/wp\/v2\/comments?post=81227"}],"version-history":[{"count":0,"href":"https:\/\/noticiasribeiraopreto.com.br\/index.php\/wp-json\/wp\/v2\/posts\/81227\/revisions"}],"wp:featuredmedia":[{"embeddable":true,"href":"https:\/\/noticiasribeiraopreto.com.br\/index.php\/wp-json\/wp\/v2\/media\/79492"}],"wp:attachment":[{"href":"https:\/\/noticiasribeiraopreto.com.br\/index.php\/wp-json\/wp\/v2\/media?parent=81227"}],"wp:term":[{"taxonomy":"category","embeddable":true,"href":"https:\/\/noticiasribeiraopreto.com.br\/index.php\/wp-json\/wp\/v2\/categories?post=81227"},{"taxonomy":"post_tag","embeddable":true,"href":"https:\/\/noticiasribeiraopreto.com.br\/index.php\/wp-json\/wp\/v2\/tags?post=81227"}],"curies":[{"name":"wp","href":"https:\/\/api.w.org\/{rel}","templated":true}]}}