{"id":81228,"date":"2025-12-29T07:05:18","date_gmt":"2025-12-29T10:05:18","guid":{"rendered":"https:\/\/noticiasribeiraopreto.com.br\/index.php\/2025\/12\/29\/incendio-atinge-supermercado-na-regiao-de-ribeirao-preto-veja-o-video\/"},"modified":"2025-12-29T07:05:18","modified_gmt":"2025-12-29T10:05:18","slug":"incendio-atinge-supermercado-na-regiao-de-ribeirao-preto-veja-o-video","status":"publish","type":"post","link":"https:\/\/noticiasribeiraopreto.com.br\/index.php\/2025\/12\/29\/incendio-atinge-supermercado-na-regiao-de-ribeirao-preto-veja-o-video\/","title":{"rendered":"Inc\u00eandio atinge supermercado na regi\u00e3o de Ribeir\u00e3o Preto; Veja o v\u00eddeo"},"content":{"rendered":"<div class='code-block code-block-1' style='margin: 8px 0 8px auto; text-align: right; display: block; clear: both;'>\n<p><a href=\"https:\/\/wa.link\/vpicfd\"><img data-recalc-dims=\"1\" class=\"wp-image-4922\" style=\"aspect-ratio: 2.0253164556962027; width: 561px; height: auto;\" src=\"https:\/\/i0.wp.com\/ismaelcolosi.com.br\/wp-content\/uploads\/2023\/11\/grupo-de-empregos-whatsapp-e-facebook-ismael-colosi-vagas.jpg?ssl=1\" alt=\"\" \/><\/a><\/p>\n<!-- \/wp:image -->\n<\/div>\n<p> <br \/>\n<\/p>\n<div data-td-block-uid=\"tdi_95\">\n<div class=\"tdb-block-inner td-fix-index\">\n<p>Um inc\u00eandio atingiu um supermercado em <strong>Morro Agudo<\/strong>, cidade a 70 quil\u00f4metros de <strong>Ribeir\u00e3o Preto<\/strong>, neste domingo (28). De acordo com a prefeitura da cidade, os im\u00f3veis no entorno foram evacuados, mas as chamas n\u00e3o atingiram as resid\u00eancias e <mark style=\"background-color:#fcb900\" class=\"has-inline-color has-black-color\">ningu\u00e9m ficou ferido<\/mark>.<\/p>\n<blockquote class=\"instagram-media\" data-instgrm-permalink=\"https:\/\/www.instagram.com\/reel\/DS0JAYMjh_X\/?utm_source=ig_embed&amp;utm_campaign=loading\" data-instgrm-version=\"14\" style=\" background:#FFF; border:0; border-radius:3px; box-shadow:0 0 1px 0 rgba(0,0,0,0.5),0 1px 10px 0 rgba(0,0,0,0.15); margin: 1px; max-width:540px; min-width:326px; padding:0; width:99.375%; width:-webkit-calc(100% - 2px); width:calc(100% - 2px);\"\/>\n<p>Em nota, a Prefeitura de Morro Agudo informou que o inc\u00eandio atingiu a \u00e1rea de estoque do supermercado.<\/p>\n<p>As chamas foram contidas com a ajuda dos caminh\u00f5es-pipa da prefeitura e da Defesa Civil, antes da chegada do Corpo de Bombeiros.<\/p>\n<p>Al\u00e9m disso, caminh\u00f5es de usinas como Bela Vista e Ra\u00edzen, al\u00e9m de propriedades rurais da regi\u00e3o, prestaram apoio no abastecimento de \u00e1gua (com informa\u00e7\u00f5es <strong>EPTV<\/strong>).<\/p>\n<p>SAIBA MAIS<br \/>O que Ricardo Silva diz sobre novo distrito industrial, incentivos para o Centro e revis\u00e3o da PGV<\/p>\n<h2 class=\"wp-block-heading\"><strong>FIQUE ON<\/strong><\/h2>\n<p>Fique ligado em tudo que acontece em Ribeir\u00e3o Preto e regi\u00e3o. Siga os perfis do<strong>\u00a0acidade on<\/strong>\u00a0no<a href=\"https:\/\/www.instagram.com\/acidadeonribeirao\" target=\"_blank\" rel=\"noreferrer noopener\">\u00a0Instagram\u00a0<\/a>e no\u00a0<a href=\"https:\/\/www.facebook.com\/acidadeonribeirao\/\" target=\"_blank\" rel=\"noreferrer noopener\">Facebook<\/a>.<\/p>\n<p>Receba not\u00edcias do<strong>\u00a0acidade on<\/strong>\u00a0no WhatsApp. Para entrar no grupo,\u00a0basta<a href=\"https:\/\/chat.whatsapp.com\/GFH9HUMUTHNFJdnyEd0xxq\" target=\"_blank\" rel=\"noreferrer noopener\">\u00a0clicar aqui<\/a>. Ou, acesse o nosso\u00a0Canal\u00a0<a href=\"https:\/\/whatsapp.com\/channel\/0029Vb6IQl1JENyAeS57fk2p\" target=\"_blank\" rel=\"noreferrer noopener\">clicando aqui<\/a>.<\/p>\n<p>Fa\u00e7a uma den\u00fancia ou sugira uma reportagem sobre Ribeir\u00e3o Preto e regi\u00e3o pelo WhatsApp: 16 99117 7802.<\/p>\n<p>VEJA TAMB\u00c9M<br \/>Casquinha do McDonald\u2019s n\u00e3o \u00e9 sorvete?<\/p>\n<p><!-- AI CONTENT END 1 -->\n<\/div>\n<\/div>\n<p><script async src=\"\/\/www.instagram.com\/embed.js\"><\/script><br \/>\n<br \/><br \/>\n<br \/><a href=\"https:\/\/www.acidadeon.com\/ribeiraopreto\/cotidiano\/incendio-atinge-supermercado-na-regiao-de-ribeirao-preto-veja-o-video\/\">Source link <\/a><\/p>\n<!-- CONTENT END 1 -->\n","protected":false},"excerpt":{"rendered":"<p>Um inc\u00eandio atingiu um supermercado em Morro Agudo, cidade a 70 quil\u00f4metros de Ribeir\u00e3o Preto, neste domingo (28). De acordo com a prefeitura da cidade,&#8230;<\/p>\n","protected":false},"author":1,"featured_media":81229,"comment_status":"open","ping_status":"open","sticky":false,"template":"","format":"standard","meta":{"advanced_seo_description":"","jetpack_seo_html_title":"","jetpack_seo_noindex":false,"jetpack_post_was_ever_published":false,"_jetpack_newsletter_access":"","_jetpack_dont_email_post_to_subs":false,"_jetpack_newsletter_tier_id":0,"_jetpack_memberships_contains_paywalled_content":false,"_jetpack_memberships_contains_paid_content":false,"footnotes":"","jetpack_publicize_message":"","jetpack_publicize_feature_enabled":true,"jetpack_social_post_already_shared":true,"jetpack_social_options":{"image_generator_settings":{"template":"highway","default_image_id":0,"font":"","enabled":false},"version":2}},"categories":[11],"tags":[],"class_list":["post-81228","post","type-post","status-publish","format-standard","has-post-thumbnail","hentry","category-noticias-de-ribeirao-preto-sp-e-regiao-ismael-colosi"],"jetpack_publicize_connections":[],"jetpack_featured_media_url":"https:\/\/i0.wp.com\/noticiasribeiraopreto.com.br\/wp-content\/uploads\/2025\/12\/incendio_2025-12-28_17-03-10.webp.webp?fit=1200%2C903&ssl=1","jetpack-related-posts":[{"id":77504,"url":"https:\/\/noticiasribeiraopreto.com.br\/index.php\/2025\/09\/19\/incendio-de-grandes-proporcoes-atinge-area-de-vegetacao-em-cidade-na-regiao-de-ribeirao-veja-video\/","url_meta":{"origin":81228,"position":0},"title":"Inc\u00eandio de grandes propor\u00e7\u00f5es atinge \u00e1rea de vegeta\u00e7\u00e3o em cidade na regi\u00e3o de Ribeir\u00e3o; Veja v\u00eddeo","author":"noticiasribeiraopreto.com.br","date":"19 de September de 2025","format":false,"excerpt":"Um inc\u00eandio de grandes propor\u00e7\u00f5es atinge uma \u00e1rea de vegeta\u00e7\u00e3o em Morro Agudo, cidade na regi\u00e3o de Ribeir\u00e3o Preto, na tarde desta sexta-feira (19). De acordo com as informa\u00e7\u00f5es da Defesa Civil da cidade, brigadas de inc\u00eandio de usinas e produtores rurais est\u00e3o no local auxiliando no combate \u00e0s chamas.\u2026","rel":"","context":"In &quot;Not\u00edcias de Ribeir\u00e3o Preto-SP e Regi\u00e3o&quot;","block_context":{"text":"Not\u00edcias de Ribeir\u00e3o Preto-SP e Regi\u00e3o","link":"https:\/\/noticiasribeiraopreto.com.br\/index.php\/category\/noticias-de-ribeirao-preto-sp-e-regiao-ismael-colosi\/"},"img":{"alt_text":"","src":"https:\/\/i0.wp.com\/noticiasribeiraopreto.com.br\/wp-content\/uploads\/2025\/09\/WhatsApp-Image-2025-09-19-at-16.36.30_2025-09-19_19-52-43.webp.webp?fit=1200%2C900&ssl=1&resize=350%2C200","width":350,"height":200,"srcset":"https:\/\/i0.wp.com\/noticiasribeiraopreto.com.br\/wp-content\/uploads\/2025\/09\/WhatsApp-Image-2025-09-19-at-16.36.30_2025-09-19_19-52-43.webp.webp?fit=1200%2C900&ssl=1&resize=350%2C200 1x, https:\/\/i0.wp.com\/noticiasribeiraopreto.com.br\/wp-content\/uploads\/2025\/09\/WhatsApp-Image-2025-09-19-at-16.36.30_2025-09-19_19-52-43.webp.webp?fit=1200%2C900&ssl=1&resize=525%2C300 1.5x, https:\/\/i0.wp.com\/noticiasribeiraopreto.com.br\/wp-content\/uploads\/2025\/09\/WhatsApp-Image-2025-09-19-at-16.36.30_2025-09-19_19-52-43.webp.webp?fit=1200%2C900&ssl=1&resize=700%2C400 2x, https:\/\/i0.wp.com\/noticiasribeiraopreto.com.br\/wp-content\/uploads\/2025\/09\/WhatsApp-Image-2025-09-19-at-16.36.30_2025-09-19_19-52-43.webp.webp?fit=1200%2C900&ssl=1&resize=1050%2C600 3x"},"classes":[]},{"id":83649,"url":"https:\/\/noticiasribeiraopreto.com.br\/index.php\/2026\/03\/23\/incendio-atinge-supermercado-na-madrugada-desta-segunda-feira-veja-video\/","url_meta":{"origin":81228,"position":1},"title":"Inc\u00eandio atinge supermercado na madrugada desta segunda-feira; Veja v\u00eddeo","author":"noticiasribeiraopreto.com.br","date":"23 de March de 2026","format":false,"excerpt":"Um inc\u00eandio atingiu um supermercado na madrugada desta segunda-feira (23), na Vila Santa Cruz, em Franca, a 80 quil\u00f4metros de Ribeir\u00e3o Preto. De acordo com o Corpo de Bombeiros, quando as equipes chegaram ao local, na avenida Santa Cruz, as chamas j\u00e1 haviam consumido grande parte do estabelecimento. Apesar dos\u2026","rel":"","context":"In &quot;Not\u00edcias de Ribeir\u00e3o Preto-SP e Regi\u00e3o&quot;","block_context":{"text":"Not\u00edcias de Ribeir\u00e3o Preto-SP e Regi\u00e3o","link":"https:\/\/noticiasribeiraopreto.com.br\/index.php\/category\/noticias-de-ribeirao-preto-sp-e-regiao-ismael-colosi\/"},"img":{"alt_text":"","src":"https:\/\/i0.wp.com\/noticiasribeiraopreto.com.br\/wp-content\/uploads\/2026\/03\/WhatsApp-Image-2026-03-23-at-09.14.18_2026-03-23_12-14-30.webp.webp?fit=1200%2C675&ssl=1&resize=350%2C200","width":350,"height":200,"srcset":"https:\/\/i0.wp.com\/noticiasribeiraopreto.com.br\/wp-content\/uploads\/2026\/03\/WhatsApp-Image-2026-03-23-at-09.14.18_2026-03-23_12-14-30.webp.webp?fit=1200%2C675&ssl=1&resize=350%2C200 1x, https:\/\/i0.wp.com\/noticiasribeiraopreto.com.br\/wp-content\/uploads\/2026\/03\/WhatsApp-Image-2026-03-23-at-09.14.18_2026-03-23_12-14-30.webp.webp?fit=1200%2C675&ssl=1&resize=525%2C300 1.5x, https:\/\/i0.wp.com\/noticiasribeiraopreto.com.br\/wp-content\/uploads\/2026\/03\/WhatsApp-Image-2026-03-23-at-09.14.18_2026-03-23_12-14-30.webp.webp?fit=1200%2C675&ssl=1&resize=700%2C400 2x, https:\/\/i0.wp.com\/noticiasribeiraopreto.com.br\/wp-content\/uploads\/2026\/03\/WhatsApp-Image-2026-03-23-at-09.14.18_2026-03-23_12-14-30.webp.webp?fit=1200%2C675&ssl=1&resize=1050%2C600 3x"},"classes":[]},{"id":57315,"url":"https:\/\/noticiasribeiraopreto.com.br\/index.php\/2024\/08\/28\/incendio-atinge-canavial-e-mata-da-regiao-de-ribeirao-veja-video\/","url_meta":{"origin":81228,"position":2},"title":"Inc\u00eandio atinge canavial e mata da regi\u00e3o de Ribeir\u00e3o; veja v\u00eddeo","author":"noticiasribeiraopreto.com.br","date":"28 de August de 2024","format":false,"excerpt":"Na tarde desta quarta-feira (28) foi registrado mais um inc\u00eandio na regi\u00e3o de Ribeir\u00e3o. Dessa vez, o fogo acontece em Morro Agudo. Segundo coordenador da Defesa Civil de\u00a0Morro\u00a0Agudo, Jess\u00e9 Carrascosa, o fogo est\u00e1 fora de controle. \u201cVento forte no munic\u00edpio de Morro Agudo, inc\u00eandio em canavial e tamb\u00e9m em \u00e1rea\u2026","rel":"","context":"In &quot;Not\u00edcias de Ribeir\u00e3o Preto-SP e Regi\u00e3o&quot;","block_context":{"text":"Not\u00edcias de Ribeir\u00e3o Preto-SP e Regi\u00e3o","link":"https:\/\/noticiasribeiraopreto.com.br\/index.php\/category\/noticias-de-ribeirao-preto-sp-e-regiao-ismael-colosi\/"},"img":{"alt_text":"","src":"https:\/\/i0.wp.com\/noticiasribeiraopreto.com.br\/wp-content\/uploads\/2024\/08\/Imagem-do-WhatsApp-de-2024-08-28-as-16.44.34_d30027ad_2024-08-28_20-02-06_jpg_2024-08-28_20-02-06.webp.webp?fit=1200%2C675&ssl=1&resize=350%2C200","width":350,"height":200,"srcset":"https:\/\/i0.wp.com\/noticiasribeiraopreto.com.br\/wp-content\/uploads\/2024\/08\/Imagem-do-WhatsApp-de-2024-08-28-as-16.44.34_d30027ad_2024-08-28_20-02-06_jpg_2024-08-28_20-02-06.webp.webp?fit=1200%2C675&ssl=1&resize=350%2C200 1x, https:\/\/i0.wp.com\/noticiasribeiraopreto.com.br\/wp-content\/uploads\/2024\/08\/Imagem-do-WhatsApp-de-2024-08-28-as-16.44.34_d30027ad_2024-08-28_20-02-06_jpg_2024-08-28_20-02-06.webp.webp?fit=1200%2C675&ssl=1&resize=525%2C300 1.5x, https:\/\/i0.wp.com\/noticiasribeiraopreto.com.br\/wp-content\/uploads\/2024\/08\/Imagem-do-WhatsApp-de-2024-08-28-as-16.44.34_d30027ad_2024-08-28_20-02-06_jpg_2024-08-28_20-02-06.webp.webp?fit=1200%2C675&ssl=1&resize=700%2C400 2x, https:\/\/i0.wp.com\/noticiasribeiraopreto.com.br\/wp-content\/uploads\/2024\/08\/Imagem-do-WhatsApp-de-2024-08-28-as-16.44.34_d30027ad_2024-08-28_20-02-06_jpg_2024-08-28_20-02-06.webp.webp?fit=1200%2C675&ssl=1&resize=1050%2C600 3x"},"classes":[]},{"id":78345,"url":"https:\/\/noticiasribeiraopreto.com.br\/index.php\/2025\/10\/09\/incendio-em-supermercado-mobiliza-bombeiros-na-regiao-de-ribeirao-preto-video\/","url_meta":{"origin":81228,"position":3},"title":"Inc\u00eandio em supermercado mobiliza Bombeiros na regi\u00e3o de Ribeir\u00e3o Preto; V\u00eddeo","author":"noticiasribeiraopreto.com.br","date":"9 de October de 2025","format":false,"excerpt":"Um inc\u00eandio em um supermercado mobiliza o Corpo de Bombeiros nesta quinta-feira (9), em Jardin\u00f3polis, na regi\u00e3o de Ribeir\u00e3o Preto. Segundo as primeiras informa\u00e7\u00f5es, o estabelecimento, localizado na rua Mario Lamonato, pertenceria ao empres\u00e1rio Carlos Alberto Orioli Salom\u00e3o. Ele foi preso em agosto deste ano, no estado da Bahia, por\u2026","rel":"","context":"In &quot;Not\u00edcias de Ribeir\u00e3o Preto-SP e Regi\u00e3o&quot;","block_context":{"text":"Not\u00edcias de Ribeir\u00e3o Preto-SP e Regi\u00e3o","link":"https:\/\/noticiasribeiraopreto.com.br\/index.php\/category\/noticias-de-ribeirao-preto-sp-e-regiao-ismael-colosi\/"},"img":{"alt_text":"","src":"https:\/\/i0.wp.com\/noticiasribeiraopreto.com.br\/wp-content\/uploads\/2025\/10\/INCENDIO_2025-10-09_10-11-08.webp.webp?fit=1200%2C872&ssl=1&resize=350%2C200","width":350,"height":200,"srcset":"https:\/\/i0.wp.com\/noticiasribeiraopreto.com.br\/wp-content\/uploads\/2025\/10\/INCENDIO_2025-10-09_10-11-08.webp.webp?fit=1200%2C872&ssl=1&resize=350%2C200 1x, https:\/\/i0.wp.com\/noticiasribeiraopreto.com.br\/wp-content\/uploads\/2025\/10\/INCENDIO_2025-10-09_10-11-08.webp.webp?fit=1200%2C872&ssl=1&resize=525%2C300 1.5x, https:\/\/i0.wp.com\/noticiasribeiraopreto.com.br\/wp-content\/uploads\/2025\/10\/INCENDIO_2025-10-09_10-11-08.webp.webp?fit=1200%2C872&ssl=1&resize=700%2C400 2x, https:\/\/i0.wp.com\/noticiasribeiraopreto.com.br\/wp-content\/uploads\/2025\/10\/INCENDIO_2025-10-09_10-11-08.webp.webp?fit=1200%2C872&ssl=1&resize=1050%2C600 3x"},"classes":[]},{"id":78359,"url":"https:\/\/noticiasribeiraopreto.com.br\/index.php\/2025\/10\/09\/policia-investiga-suspeita-de-incendio-criminoso-em-supermercado-de-jardinopolis\/","url_meta":{"origin":81228,"position":4},"title":"Pol\u00edcia investiga suspeita de inc\u00eandio criminoso em supermercado de Jardin\u00f3polis","author":"noticiasribeiraopreto.com.br","date":"9 de October de 2025","format":false,"excerpt":"A Pol\u00edcia Civil investiga a suspeita de inc\u00eandio criminoso em um supermercado na madrugada desta quinta-feira (9), em Jardin\u00f3polis, na regi\u00e3o de Ribeir\u00e3o Preto. Segundo o boletim de ocorr\u00eancia (BO), uma mulher se apresentou como propriet\u00e1ria do Supermercado Salom\u00e3o, localizado na rua Mario Lamonato, e disse que estava em sua\u2026","rel":"","context":"In &quot;Not\u00edcias de Ribeir\u00e3o Preto-SP e Regi\u00e3o&quot;","block_context":{"text":"Not\u00edcias de Ribeir\u00e3o Preto-SP e Regi\u00e3o","link":"https:\/\/noticiasribeiraopreto.com.br\/index.php\/category\/noticias-de-ribeirao-preto-sp-e-regiao-ismael-colosi\/"},"img":{"alt_text":"","src":"https:\/\/i0.wp.com\/noticiasribeiraopreto.com.br\/wp-content\/uploads\/2025\/10\/supermercado-1_2025-10-09_13-07-07.webp.webp?fit=1200%2C644&ssl=1&resize=350%2C200","width":350,"height":200,"srcset":"https:\/\/i0.wp.com\/noticiasribeiraopreto.com.br\/wp-content\/uploads\/2025\/10\/supermercado-1_2025-10-09_13-07-07.webp.webp?fit=1200%2C644&ssl=1&resize=350%2C200 1x, https:\/\/i0.wp.com\/noticiasribeiraopreto.com.br\/wp-content\/uploads\/2025\/10\/supermercado-1_2025-10-09_13-07-07.webp.webp?fit=1200%2C644&ssl=1&resize=525%2C300 1.5x, https:\/\/i0.wp.com\/noticiasribeiraopreto.com.br\/wp-content\/uploads\/2025\/10\/supermercado-1_2025-10-09_13-07-07.webp.webp?fit=1200%2C644&ssl=1&resize=700%2C400 2x, https:\/\/i0.wp.com\/noticiasribeiraopreto.com.br\/wp-content\/uploads\/2025\/10\/supermercado-1_2025-10-09_13-07-07.webp.webp?fit=1200%2C644&ssl=1&resize=1050%2C600 3x"},"classes":[]},{"id":76156,"url":"https:\/\/noticiasribeiraopreto.com.br\/index.php\/2025\/08\/22\/regiao-de-ribeirao-lidera-ranking-da-pior-umidade-do-ar-em-sp-veja-lista\/","url_meta":{"origin":81228,"position":5},"title":"Regi\u00e3o de Ribeir\u00e3o lidera ranking da pior umidade do ar em SP; Veja lista","author":"noticiasribeiraopreto.com.br","date":"22 de August de 2025","format":false,"excerpt":"Quatro cidades da regi\u00e3o de Ribeir\u00e3o Preto registraram, nesta sexta-feira (22), os piores \u00edndices de umidade relativa do ar em todo o estado de S\u00e3o Paulo, segundo dados da Defesa Civil. Ituverava (11%), Altin\u00f3polis (11,6%), Barretos (12%) e Monte Azul Paulista (12,4%) atingiram \u00edndices cr\u00edticos e entraram em estado de\u2026","rel":"","context":"In &quot;Not\u00edcias de Ribeir\u00e3o Preto-SP e Regi\u00e3o&quot;","block_context":{"text":"Not\u00edcias de Ribeir\u00e3o Preto-SP e Regi\u00e3o","link":"https:\/\/noticiasribeiraopreto.com.br\/index.php\/category\/noticias-de-ribeirao-preto-sp-e-regiao-ismael-colosi\/"},"img":{"alt_text":"","src":"https:\/\/i0.wp.com\/noticiasribeiraopreto.com.br\/wp-content\/uploads\/2025\/08\/Copia-de-Copia-de-Copia-de-TAMANHO-EXATO-PARA-FOTOS-NO-SISTEMA-NOVO-2025-08-22T144825.182_2025-08-22_17-48-30-1024x576.webp.webp?fit=1024%2C576&ssl=1&resize=350%2C200","width":350,"height":200,"srcset":"https:\/\/i0.wp.com\/noticiasribeiraopreto.com.br\/wp-content\/uploads\/2025\/08\/Copia-de-Copia-de-Copia-de-TAMANHO-EXATO-PARA-FOTOS-NO-SISTEMA-NOVO-2025-08-22T144825.182_2025-08-22_17-48-30-1024x576.webp.webp?fit=1024%2C576&ssl=1&resize=350%2C200 1x, https:\/\/i0.wp.com\/noticiasribeiraopreto.com.br\/wp-content\/uploads\/2025\/08\/Copia-de-Copia-de-Copia-de-TAMANHO-EXATO-PARA-FOTOS-NO-SISTEMA-NOVO-2025-08-22T144825.182_2025-08-22_17-48-30-1024x576.webp.webp?fit=1024%2C576&ssl=1&resize=525%2C300 1.5x, https:\/\/i0.wp.com\/noticiasribeiraopreto.com.br\/wp-content\/uploads\/2025\/08\/Copia-de-Copia-de-Copia-de-TAMANHO-EXATO-PARA-FOTOS-NO-SISTEMA-NOVO-2025-08-22T144825.182_2025-08-22_17-48-30-1024x576.webp.webp?fit=1024%2C576&ssl=1&resize=700%2C400 2x"},"classes":[]}],"jetpack_sharing_enabled":true,"jetpack_shortlink":"https:\/\/wp.me\/peQAOb-l88","_links":{"self":[{"href":"https:\/\/noticiasribeiraopreto.com.br\/index.php\/wp-json\/wp\/v2\/posts\/81228","targetHints":{"allow":["GET"]}}],"collection":[{"href":"https:\/\/noticiasribeiraopreto.com.br\/index.php\/wp-json\/wp\/v2\/posts"}],"about":[{"href":"https:\/\/noticiasribeiraopreto.com.br\/index.php\/wp-json\/wp\/v2\/types\/post"}],"author":[{"embeddable":true,"href":"https:\/\/noticiasribeiraopreto.com.br\/index.php\/wp-json\/wp\/v2\/users\/1"}],"replies":[{"embeddable":true,"href":"https:\/\/noticiasribeiraopreto.com.br\/index.php\/wp-json\/wp\/v2\/comments?post=81228"}],"version-history":[{"count":0,"href":"https:\/\/noticiasribeiraopreto.com.br\/index.php\/wp-json\/wp\/v2\/posts\/81228\/revisions"}],"wp:featuredmedia":[{"embeddable":true,"href":"https:\/\/noticiasribeiraopreto.com.br\/index.php\/wp-json\/wp\/v2\/media\/81229"}],"wp:attachment":[{"href":"https:\/\/noticiasribeiraopreto.com.br\/index.php\/wp-json\/wp\/v2\/media?parent=81228"}],"wp:term":[{"taxonomy":"category","embeddable":true,"href":"https:\/\/noticiasribeiraopreto.com.br\/index.php\/wp-json\/wp\/v2\/categories?post=81228"},{"taxonomy":"post_tag","embeddable":true,"href":"https:\/\/noticiasribeiraopreto.com.br\/index.php\/wp-json\/wp\/v2\/tags?post=81228"}],"curies":[{"name":"wp","href":"https:\/\/api.w.org\/{rel}","templated":true}]}}