{"id":81230,"date":"2025-12-29T07:14:25","date_gmt":"2025-12-29T10:14:25","guid":{"rendered":"https:\/\/noticiasribeiraopreto.com.br\/index.php\/2025\/12\/29\/calor-extremo-saiba-como-proteger-caes-e-gatos-durante-a-onda-de-calor\/"},"modified":"2025-12-29T07:14:25","modified_gmt":"2025-12-29T10:14:25","slug":"calor-extremo-saiba-como-proteger-caes-e-gatos-durante-a-onda-de-calor","status":"publish","type":"post","link":"https:\/\/noticiasribeiraopreto.com.br\/index.php\/2025\/12\/29\/calor-extremo-saiba-como-proteger-caes-e-gatos-durante-a-onda-de-calor\/","title":{"rendered":"Calor extremo: saiba como proteger c\u00e3es e gatos durante a onda de calor"},"content":{"rendered":"<div class='code-block code-block-1' style='margin: 8px 0 8px auto; text-align: right; display: block; clear: both;'>\n<p><a href=\"https:\/\/wa.link\/vpicfd\"><img data-recalc-dims=\"1\" class=\"wp-image-4922\" style=\"aspect-ratio: 2.0253164556962027; width: 561px; height: auto;\" src=\"https:\/\/i0.wp.com\/ismaelcolosi.com.br\/wp-content\/uploads\/2023\/11\/grupo-de-empregos-whatsapp-e-facebook-ismael-colosi-vagas.jpg?ssl=1\" alt=\"\" \/><\/a><\/p>\n<!-- \/wp:image -->\n<\/div>\n<p> <br \/>\n<\/p>\n<div>\n<p>Os \u00faltimos dias de 2025 est\u00e3o sendo marcados pelo forte calor em diversas regi\u00f5es do Brasil. O <strong><a href=\"https:\/\/portal.inmet.gov.br\/\" data-type=\"link\" data-id=\"https:\/\/portal.inmet.gov.br\/\" target=\"_blank\" rel=\"noopener\">Inmet (Instituto Nacional de Meteorologia)<\/a><\/strong> emitiu alerta vermelho de onda de calor para estados do Sudeste, Sul e Centro-Oeste.<\/p>\n<p>O bloqueio atmosf\u00e9rico que mant\u00e9m o ar quente sobre o Pa\u00eds n\u00e3o afeta apenas a sa\u00fade humana, animais como c\u00e3es e gatos tamb\u00e9m sofrem com as altas temperaturas.<\/p>\n<h2 class=\"wp-block-heading\"><strong>Por que os pets sofrem mais com o calor<\/strong><\/h2>\n<p>Diferentemente dos humanos, que transpiram por toda a superf\u00edcie do corpo, c\u00e3es e gatos possuem mecanismos diferentes para regular a temperatura.<\/p>\n<p>\u201cOs c\u00e3es fazem a troca de calor do corpo com o ambiente principalmente pela respira\u00e7\u00e3o. Como eles t\u00eam essa dificuldade por conta do calor, acabam adquirindo hipertermia\u201d, diz a m\u00e9dica veterin\u00e1ria Luiza Mahin.<\/p>\n<p>Essa limita\u00e7\u00e3o fisiol\u00f3gica torna os animais muito mais vulner\u00e1veis em dias de temperaturas elevadas.<\/p>\n<h2 class=\"wp-block-heading\"><strong>Ra\u00e7as mais vulner\u00e1veis ao calor<\/strong><\/h2>\n<p>\u201cNesta \u00e9poca do ano, de dezembro a fevereiro, pegamos muitos casos de animais com hipertermia. Os mais comuns s\u00e3o os animais de pequeno porte e os braquicef\u00e1licos (com focinho achatado)\u201d, conta Luiza.<\/p>\n<p>Entre as ra\u00e7as mais acometidas est\u00e3o<strong> yorkshire<\/strong>,<strong> pinscher<\/strong>,<strong> shih-tzu<\/strong>,<strong> bulldog<\/strong>, <strong>american pit bull <\/strong>e <strong>bulldog franc\u00eas<\/strong>. Entre os gatos, os persas s\u00e3o os mais vulner\u00e1veis.<\/p>\n<p>O veterin\u00e1rio Alexandre Ant\u00f4nio acrescenta outros grupos de risco: \u201cC\u00e3es grandes, com muitos pelos, que aquecem mais r\u00e1pido, como <strong>golden retriever<\/strong>,<strong> samoieda<\/strong> e <strong>S\u00e3o Bernardo<\/strong>, tamb\u00e9m precisam de aten\u00e7\u00e3o redobrada e nunca devem sair para passear nos hor\u00e1rios em que o sol est\u00e1 mais intenso.\u201d<\/p>\n<h2 class=\"wp-block-heading\"><strong>Sinais de alerta que todo tutor precisa conhecer<\/strong><\/h2>\n<p>Ant\u00f4nio enumera sintomas que merecem aten\u00e7\u00e3o: \u201cAquela respira\u00e7\u00e3o muito intensa, o animal deitado por muito tempo, com aquela respira\u00e7\u00e3o bem ofegante, tentando buscar um lugar fresco. Geralmente eles deitam a barriguinha no ch\u00e3o gelado do piso. Esses s\u00e3o sinais claros de que o animal est\u00e1 passando por um processo de hipertermia.\u201d<\/p>\n<p>Segundo Luiza, os animais chegam ao consult\u00f3rio arfando muito e com dificuldade para respirar. \u201cAs l\u00ednguas j\u00e1 est\u00e3o um pouco arroxeadas, por conta da dificuldade da troca gasosa, do oxig\u00eanio.\u201d<\/p>\n<h2 class=\"wp-block-heading\"><strong>Sinais importantes incluem:<\/strong><\/h2>\n<ul class=\"wp-block-list\">\n<li>Dificuldade para andar ou caminhar;<\/li>\n<\/ul>\n<ul class=\"wp-block-list\">\n<li>Animal muito cansado, deitando no ch\u00e3o;<\/li>\n<\/ul>\n<h2 class=\"wp-block-heading\"><strong>Alguns casos podem ser fatais<\/strong><\/h2>\n<p>\u201cJamais devem ser ignorados esses sinais, porque \u00e9 uma condi\u00e7\u00e3o que pode levar o animal a \u00f3bito\u201d, alerta Ant\u00f4nio. \u201c\u00c0s vezes, o tutor acha que isso \u00e9 algo normal, confunde com apenas um calorzinho do ver\u00e3o, e deixa passar batido. Se ignorar isso, o animal pode vir a \u00f3bito em poucos minutos.\u201d<\/p>\n<p>Luiza refor\u00e7a a urg\u00eancia: \u201cObservou que o seu animal n\u00e3o est\u00e1 bem, est\u00e1 com dificuldade respirat\u00f3ria, a l\u00edngua est\u00e1 arroxeada, est\u00e1 caminhando com dificuldade, est\u00e1 deitando no ch\u00e3o, est\u00e1 cansado? Isso pode ser um sintoma de hipertermia. O ideal \u00e9 procurar uma cl\u00ednica veterin\u00e1ria para atendimento m\u00e9dico adequado, de pronto atendimento.\u201d<\/p>\n<h2 class=\"wp-block-heading\"><strong>Cuidados pr\u00e1ticos para proteger seu pet<\/strong><\/h2>\n<h3 class=\"wp-block-heading\"><strong>Hor\u00e1rio dos passeios<\/strong><\/h3>\n<p>\u201cA partir de 9h, 10h, j\u00e1 est\u00e1 muito quente. O passeio tem que ser de manh\u00e3 muito cedinho, 6h, 7h, 8h no m\u00e1ximo\u201d, orienta Luiza<\/p>\n<p>Ant\u00f4nio \u00e9 ainda mais espec\u00edfico: \u201cDas 9h da manh\u00e3 at\u00e9 17h, 18h da tarde, \u00e9 expressamente proibido nesse calor de ver\u00e3o que est\u00e1 acontecendo. O ideal \u00e9 sempre escolher hor\u00e1rios mais cedo, das 6h at\u00e9 as 7h, 8h no m\u00e1ximo, ou a partir das 19h.\u201d<\/p>\n<h3 class=\"wp-block-heading\"><strong>Ambiente e alimenta\u00e7\u00e3o<\/strong><\/h3>\n<p>\u00c9 importante manter o animal em um ambiente fresco e oferecer alimentos mais gelados. \u201cUma fruta congelada, fazer um gelinho para eles de melancia, de banana, tudo bem picado. At\u00e9 mesmo com o pr\u00f3prio sach\u00ea ou com uma alimenta\u00e7\u00e3o natural, com franguinho congelado, fazendo um gelinho de frango\u201d, diz Luiza.<\/p>\n<h3 class=\"wp-block-heading\"><strong>Tapetes e toalhas<\/strong><\/h3>\n<p>Ant\u00f4nio recomenda congelar tapetinhos higi\u00eanicos e toalhas e espalh\u00e1-los pela casa ou coloc\u00e1-los embaixo da caminha para que os animais possam deitar e se refrescar. Luiza menciona tamb\u00e9m os tapetinhos gelados vendidos em pet shops e o uso de pano umedecido com \u00e1gua fria nas axilas e regi\u00e3o inguinal do animal.<\/p>\n<h3 class=\"wp-block-heading\"><strong>O que nunca fazer<\/strong><\/h3>\n<p>Alexandre \u00e9 enf\u00e1tico sobre um erro comum: \u201cNunca deixar o pet dentro do carro. \u2018Vou ali no mercado rapidinho e deixo o pet dentro do carro.\u2019 Eu j\u00e1 vi muitas trag\u00e9dias, muitos \u00f3bitos acontecendo por causa desse descuido. Em cinco ou dez minutos dentro do carro, o animal pode desenvolver hipertermia, desidrata\u00e7\u00e3o severa e vir a \u00f3bito.\u201d<\/p>\n<p>(com informa\u00e7\u00f5es <strong>Beatriz Tavares\/Estad\u00e3o Conte\u00fado<\/strong>)<\/p>\n<p>SAIBA MAIS<br \/>O que Ricardo Silva diz sobre novo distrito industrial, incentivos para o Centro e revis\u00e3o da PGV<\/p>\n<h2 class=\"wp-block-heading\"><strong>FIQUE ON<\/strong><\/h2>\n<p>Fique ligado em tudo que acontece em Ribeir\u00e3o Preto e regi\u00e3o. Siga os perfis do<strong>\u00a0acidade on<\/strong>\u00a0no<a href=\"https:\/\/www.instagram.com\/acidadeonribeirao\" target=\"_blank\" rel=\"noreferrer noopener\">\u00a0Instagram\u00a0<\/a>e no\u00a0<a href=\"https:\/\/www.facebook.com\/acidadeonribeirao\/\" target=\"_blank\" rel=\"noreferrer noopener\">Facebook<\/a>.<\/p>\n<p>Receba not\u00edcias do<strong>\u00a0acidade on<\/strong>\u00a0no WhatsApp. Para entrar no grupo,\u00a0basta<a href=\"https:\/\/chat.whatsapp.com\/GFH9HUMUTHNFJdnyEd0xxq\" target=\"_blank\" rel=\"noreferrer noopener\">\u00a0clicar aqui<\/a>. Ou, acesse o nosso\u00a0Canal\u00a0<a href=\"https:\/\/whatsapp.com\/channel\/0029Vb6IQl1JENyAeS57fk2p\" target=\"_blank\" rel=\"noreferrer noopener\">clicando aqui<\/a>.<\/p>\n<p>Fa\u00e7a uma den\u00fancia ou sugira uma reportagem sobre Ribeir\u00e3o Preto e regi\u00e3o pelo WhatsApp: 16 99117 7802.<\/p>\n<p>VEJA TAMB\u00c9M<br \/>Casquinha do McDonald\u2019s n\u00e3o \u00e9 sorvete?<\/p>\n<p><!-- AI CONTENT END 1 -->\n<\/div>\n<p><script async src=\"\/\/www.instagram.com\/embed.js\"><\/script><br \/>\n<br \/><br \/>\n<br \/><a href=\"https:\/\/www.acidadeon.com\/ribeiraopreto\/cotidiano\/calor-extremo-saiba-como-proteger-caes-e-gatos-durante-a-onda-de-calor\/\">Source link <\/a><\/p>\n<!-- CONTENT END 1 -->\n","protected":false},"excerpt":{"rendered":"<p>Os \u00faltimos dias de 2025 est\u00e3o sendo marcados pelo forte calor em diversas regi\u00f5es do Brasil. O Inmet (Instituto Nacional de Meteorologia) emitiu alerta vermelho&#8230;<\/p>\n","protected":false},"author":1,"featured_media":81231,"comment_status":"open","ping_status":"open","sticky":false,"template":"","format":"standard","meta":{"advanced_seo_description":"","jetpack_seo_html_title":"","jetpack_seo_noindex":false,"jetpack_post_was_ever_published":false,"_jetpack_newsletter_access":"","_jetpack_dont_email_post_to_subs":false,"_jetpack_newsletter_tier_id":0,"_jetpack_memberships_contains_paywalled_content":false,"_jetpack_memberships_contains_paid_content":false,"footnotes":"","jetpack_publicize_message":"","jetpack_publicize_feature_enabled":true,"jetpack_social_post_already_shared":true,"jetpack_social_options":{"image_generator_settings":{"template":"highway","default_image_id":0,"font":"","enabled":false},"version":2}},"categories":[11],"tags":[],"class_list":["post-81230","post","type-post","status-publish","format-standard","has-post-thumbnail","hentry","category-noticias-de-ribeirao-preto-sp-e-regiao-ismael-colosi"],"jetpack_publicize_connections":[],"jetpack_featured_media_url":"https:\/\/i0.wp.com\/noticiasribeiraopreto.com.br\/wp-content\/uploads\/2025\/12\/cachorro-calor_2025-12-28_16-22-02.webp.webp?fit=1200%2C800&ssl=1","jetpack-related-posts":[{"id":70958,"url":"https:\/\/noticiasribeiraopreto.com.br\/index.php\/2025\/05\/31\/jornal-da-franca-seu-animal-de-estimacao-tambem-sente-frio-saiba-como-cuidar-e-identificar-os-sinais\/","url_meta":{"origin":81230,"position":0},"title":"Jornal da Franca &#8211; Seu animal de estima\u00e7\u00e3o tamb\u00e9m sente frio: saiba como cuidar e identificar os sinais","author":"noticiasribeiraopreto.com.br","date":"31 de May de 2025","format":false,"excerpt":"compartilhar no whatsapp compartilhar no telegram compartilhar no facebook compartilhar no linkedin Caso seu animal apresente esses sintomas, ofere\u00e7a prote\u00e7\u00e3o: aque\u00e7a-o com uma manta, coloque-o em local protegido e evite deix\u00e1-lo no frio Com a chegada do clima mais frio, os \u00f3rg\u00e3os competentes em v\u00e1rias cidades fazem um alerta importante\u2026","rel":"","context":"In &quot;Not\u00edcias de Franca-SP&quot;","block_context":{"text":"Not\u00edcias de Franca-SP","link":"https:\/\/noticiasribeiraopreto.com.br\/index.php\/category\/noticias-de-ribeirao-preto-sp-e-regiao-ismael-colosi\/noticias-franca-sp\/"},"img":{"alt_text":"","src":"https:\/\/i0.wp.com\/noticiasribeiraopreto.com.br\/wp-content\/uploads\/2025\/05\/28124008.jpg?fit=1000%2C667&ssl=1&resize=350%2C200","width":350,"height":200,"srcset":"https:\/\/i0.wp.com\/noticiasribeiraopreto.com.br\/wp-content\/uploads\/2025\/05\/28124008.jpg?fit=1000%2C667&ssl=1&resize=350%2C200 1x, https:\/\/i0.wp.com\/noticiasribeiraopreto.com.br\/wp-content\/uploads\/2025\/05\/28124008.jpg?fit=1000%2C667&ssl=1&resize=525%2C300 1.5x, https:\/\/i0.wp.com\/noticiasribeiraopreto.com.br\/wp-content\/uploads\/2025\/05\/28124008.jpg?fit=1000%2C667&ssl=1&resize=700%2C400 2x"},"classes":[]},{"id":14958,"url":"https:\/\/noticiasribeiraopreto.com.br\/index.php\/2023\/12\/12\/onda-de-calor-veja-como-cuidar-da-saude-durante-as-altas-temperaturas\/","url_meta":{"origin":81230,"position":1},"title":"Onda de calor: veja como cuidar da sa\u00fade durante as altas temperaturas","author":"noticiasribeiraopreto.com.br","date":"12 de December de 2023","format":false,"excerpt":"Uma nova onda de calor dever\u00e1 atingir diversos estados brasileiros \u2013 incluindo S\u00e3o Paulo, a partir desta quinta-feira (14). O fen\u00f4meno acontece devido a uma forte massa de ar quente que ganha for\u00e7a nos pr\u00f3ximos dias. O Inmet (Instituto Nacional de Meteorologia) chegou a emitir um aviso laranja de perigo\u2026","rel":"","context":"In &quot;Not\u00edcias de Ribeir\u00e3o Preto-SP e Regi\u00e3o&quot;","block_context":{"text":"Not\u00edcias de Ribeir\u00e3o Preto-SP e Regi\u00e3o","link":"https:\/\/noticiasribeiraopreto.com.br\/index.php\/category\/noticias-de-ribeirao-preto-sp-e-regiao-ismael-colosi\/"},"img":{"alt_text":"","src":"https:\/\/i0.wp.com\/noticiasribeiraopreto.com.br\/wp-content\/uploads\/2023\/12\/exposicao-ao-calor.jpg?fit=1200%2C799&ssl=1&resize=350%2C200","width":350,"height":200,"srcset":"https:\/\/i0.wp.com\/noticiasribeiraopreto.com.br\/wp-content\/uploads\/2023\/12\/exposicao-ao-calor.jpg?fit=1200%2C799&ssl=1&resize=350%2C200 1x, https:\/\/i0.wp.com\/noticiasribeiraopreto.com.br\/wp-content\/uploads\/2023\/12\/exposicao-ao-calor.jpg?fit=1200%2C799&ssl=1&resize=525%2C300 1.5x, https:\/\/i0.wp.com\/noticiasribeiraopreto.com.br\/wp-content\/uploads\/2023\/12\/exposicao-ao-calor.jpg?fit=1200%2C799&ssl=1&resize=700%2C400 2x, https:\/\/i0.wp.com\/noticiasribeiraopreto.com.br\/wp-content\/uploads\/2023\/12\/exposicao-ao-calor.jpg?fit=1200%2C799&ssl=1&resize=1050%2C600 3x"},"classes":[]},{"id":72066,"url":"https:\/\/noticiasribeiraopreto.com.br\/index.php\/2025\/06\/12\/jornal-da-franca-conheca-alguns-impactos-que-a-chegada-do-frio-provoca-na-saude-de-caes-e-gatos\/","url_meta":{"origin":81230,"position":2},"title":"Jornal da Franca &#8211; Conhe\u00e7a alguns impactos que a chegada do frio provoca na sa\u00fade de c\u00e3es e gatos","author":"noticiasribeiraopreto.com.br","date":"12 de June de 2025","format":false,"excerpt":"compartilhar no whatsapp compartilhar no telegram compartilhar no facebook compartilhar no linkedin Veja como cuidar e proteger o bem-estar do seu animal de estima\u00e7\u00e3o com a chegada do per\u00edodo mais frio do ano Com a aproxima\u00e7\u00e3o do inverno, as temperaturas come\u00e7am a cair e os ambientes tornam-se mais frios. Essas\u2026","rel":"","context":"In &quot;Not\u00edcias de Franca-SP&quot;","block_context":{"text":"Not\u00edcias de Franca-SP","link":"https:\/\/noticiasribeiraopreto.com.br\/index.php\/category\/noticias-de-ribeirao-preto-sp-e-regiao-ismael-colosi\/noticias-franca-sp\/"},"img":{"alt_text":"","src":"https:\/\/i0.wp.com\/noticiasribeiraopreto.com.br\/wp-content\/uploads\/2025\/06\/28124008.jpg?fit=1000%2C667&ssl=1&resize=350%2C200","width":350,"height":200,"srcset":"https:\/\/i0.wp.com\/noticiasribeiraopreto.com.br\/wp-content\/uploads\/2025\/06\/28124008.jpg?fit=1000%2C667&ssl=1&resize=350%2C200 1x, https:\/\/i0.wp.com\/noticiasribeiraopreto.com.br\/wp-content\/uploads\/2025\/06\/28124008.jpg?fit=1000%2C667&ssl=1&resize=525%2C300 1.5x, https:\/\/i0.wp.com\/noticiasribeiraopreto.com.br\/wp-content\/uploads\/2025\/06\/28124008.jpg?fit=1000%2C667&ssl=1&resize=700%2C400 2x"},"classes":[]},{"id":15082,"url":"https:\/\/noticiasribeiraopreto.com.br\/index.php\/2023\/12\/13\/nova-onda-de-calor-temperaturas-podem-passar-dos-40-graus-meu-valor-digital\/","url_meta":{"origin":81230,"position":3},"title":"Nova onda de calor: Temperaturas podem passar dos 40 graus &#8211; Meu Valor Digital","author":"noticiasribeiraopreto.com.br","date":"13 de December de 2023","format":false,"excerpt":"Se prepare, vem a\u00ed uma nova onda de calor com temperaturas que poder\u00e3o ultrapassar os 40 graus. Uma forte massa de ar quente ganha for\u00e7a nos pr\u00f3ximos dias em grande parte do centro-sul do Brasil, com destaque para as temperaturas m\u00e1ximas do fim de semana, que podem passar dos 40\u00b0C,\u2026","rel":"","context":"In &quot;Vagas de Emprego em Ribeir\u00e3o Preto-SP&quot;","block_context":{"text":"Vagas de Emprego em Ribeir\u00e3o Preto-SP","link":"https:\/\/noticiasribeiraopreto.com.br\/index.php\/category\/empregos-classificados-vagas-trabalho\/vagas-de-empregos-em-ribeirao-preto-regiao-brasil\/"},"img":{"alt_text":"","src":"https:\/\/i0.wp.com\/noticiasribeiraopreto.com.br\/wp-content\/uploads\/2023\/12\/onda-de-calor-1.jpg?fit=1200%2C774&ssl=1&resize=350%2C200","width":350,"height":200,"srcset":"https:\/\/i0.wp.com\/noticiasribeiraopreto.com.br\/wp-content\/uploads\/2023\/12\/onda-de-calor-1.jpg?fit=1200%2C774&ssl=1&resize=350%2C200 1x, https:\/\/i0.wp.com\/noticiasribeiraopreto.com.br\/wp-content\/uploads\/2023\/12\/onda-de-calor-1.jpg?fit=1200%2C774&ssl=1&resize=525%2C300 1.5x, https:\/\/i0.wp.com\/noticiasribeiraopreto.com.br\/wp-content\/uploads\/2023\/12\/onda-de-calor-1.jpg?fit=1200%2C774&ssl=1&resize=700%2C400 2x, https:\/\/i0.wp.com\/noticiasribeiraopreto.com.br\/wp-content\/uploads\/2023\/12\/onda-de-calor-1.jpg?fit=1200%2C774&ssl=1&resize=1050%2C600 3x"},"classes":[]},{"id":6906,"url":"https:\/\/noticiasribeiraopreto.com.br\/index.php\/2023\/11\/27\/entenda-como-as-ondas-de-calor-afetam-o-corpo-e-a-saude\/","url_meta":{"origin":81230,"position":4},"title":"Entenda como as ondas de calor afetam o corpo e a sa\u00fade","author":"noticiasribeiraopreto.com.br","date":"27 de November de 2023","format":false,"excerpt":"Cr\u00e9ditos: Getty Images\/iStockphotoCom altas temperaturas, o organismo realiza uma s\u00e9rie de adapta\u00e7\u00f5es fisiol\u00f3gicas para tentar regular a temperatura interna e resfriar \u2013 iStock\/Getty Images Com as ondas de calor intenso, e a tend\u00eancia ao agravamento das altas temperaturas devido ao aquecimento global e outro fen\u00f4menos ligados ao clima, estar exposto\u2026","rel":"","context":"In &quot;Variedades&quot;","block_context":{"text":"Variedades","link":"https:\/\/noticiasribeiraopreto.com.br\/index.php\/category\/variedades\/"},"img":{"alt_text":"","src":"https:\/\/i0.wp.com\/noticiasribeiraopreto.com.br\/wp-content\/uploads\/2023\/11\/istock-1182206228.jpg?fit=1200%2C638&ssl=1&resize=350%2C200","width":350,"height":200,"srcset":"https:\/\/i0.wp.com\/noticiasribeiraopreto.com.br\/wp-content\/uploads\/2023\/11\/istock-1182206228.jpg?fit=1200%2C638&ssl=1&resize=350%2C200 1x, https:\/\/i0.wp.com\/noticiasribeiraopreto.com.br\/wp-content\/uploads\/2023\/11\/istock-1182206228.jpg?fit=1200%2C638&ssl=1&resize=525%2C300 1.5x, https:\/\/i0.wp.com\/noticiasribeiraopreto.com.br\/wp-content\/uploads\/2023\/11\/istock-1182206228.jpg?fit=1200%2C638&ssl=1&resize=700%2C400 2x, https:\/\/i0.wp.com\/noticiasribeiraopreto.com.br\/wp-content\/uploads\/2023\/11\/istock-1182206228.jpg?fit=1200%2C638&ssl=1&resize=1050%2C600 3x"},"classes":[]},{"id":70662,"url":"https:\/\/noticiasribeiraopreto.com.br\/index.php\/2025\/05\/28\/projeto-de-lei-que-proibe-acorrentar-caes-e-gatos-em-sp-e-aprovado-entenda\/","url_meta":{"origin":81230,"position":5},"title":"Projeto de lei que pro\u00edbe acorrentar c\u00e3es e gatos em SP \u00e9 aprovado; Entenda","author":"noticiasribeiraopreto.com.br","date":"28 de May de 2025","format":false,"excerpt":"A Alesp (Assembleia Legislativa do Estado de S\u00e3o Paulo) aprovou nesta ter\u00e7a-feira (27), o Projeto de Lei 139\/2024 que pro\u00edbe o confinamento, acorrentamento e alojamento inadequado de c\u00e3es e gatos no estado. A proposta \u00e9 do deputado Rafael Saraiva (Uni\u00e3o) e prev\u00ea que esses animais n\u00e3o sejam mantidos presos de\u2026","rel":"","context":"In &quot;Not\u00edcias de Ribeir\u00e3o Preto-SP e Regi\u00e3o&quot;","block_context":{"text":"Not\u00edcias de Ribeir\u00e3o Preto-SP e Regi\u00e3o","link":"https:\/\/noticiasribeiraopreto.com.br\/index.php\/category\/noticias-de-ribeirao-preto-sp-e-regiao-ismael-colosi\/"},"img":{"alt_text":"","src":"https:\/\/i0.wp.com\/noticiasribeiraopreto.com.br\/wp-content\/uploads\/2024\/04\/AnyConv.com__castracao-caes.webp.webp?fit=1200%2C800&ssl=1&resize=350%2C200","width":350,"height":200,"srcset":"https:\/\/i0.wp.com\/noticiasribeiraopreto.com.br\/wp-content\/uploads\/2024\/04\/AnyConv.com__castracao-caes.webp.webp?fit=1200%2C800&ssl=1&resize=350%2C200 1x, https:\/\/i0.wp.com\/noticiasribeiraopreto.com.br\/wp-content\/uploads\/2024\/04\/AnyConv.com__castracao-caes.webp.webp?fit=1200%2C800&ssl=1&resize=525%2C300 1.5x, https:\/\/i0.wp.com\/noticiasribeiraopreto.com.br\/wp-content\/uploads\/2024\/04\/AnyConv.com__castracao-caes.webp.webp?fit=1200%2C800&ssl=1&resize=700%2C400 2x, https:\/\/i0.wp.com\/noticiasribeiraopreto.com.br\/wp-content\/uploads\/2024\/04\/AnyConv.com__castracao-caes.webp.webp?fit=1200%2C800&ssl=1&resize=1050%2C600 3x"},"classes":[]}],"jetpack_sharing_enabled":true,"jetpack_shortlink":"https:\/\/wp.me\/peQAOb-l8a","_links":{"self":[{"href":"https:\/\/noticiasribeiraopreto.com.br\/index.php\/wp-json\/wp\/v2\/posts\/81230","targetHints":{"allow":["GET"]}}],"collection":[{"href":"https:\/\/noticiasribeiraopreto.com.br\/index.php\/wp-json\/wp\/v2\/posts"}],"about":[{"href":"https:\/\/noticiasribeiraopreto.com.br\/index.php\/wp-json\/wp\/v2\/types\/post"}],"author":[{"embeddable":true,"href":"https:\/\/noticiasribeiraopreto.com.br\/index.php\/wp-json\/wp\/v2\/users\/1"}],"replies":[{"embeddable":true,"href":"https:\/\/noticiasribeiraopreto.com.br\/index.php\/wp-json\/wp\/v2\/comments?post=81230"}],"version-history":[{"count":0,"href":"https:\/\/noticiasribeiraopreto.com.br\/index.php\/wp-json\/wp\/v2\/posts\/81230\/revisions"}],"wp:featuredmedia":[{"embeddable":true,"href":"https:\/\/noticiasribeiraopreto.com.br\/index.php\/wp-json\/wp\/v2\/media\/81231"}],"wp:attachment":[{"href":"https:\/\/noticiasribeiraopreto.com.br\/index.php\/wp-json\/wp\/v2\/media?parent=81230"}],"wp:term":[{"taxonomy":"category","embeddable":true,"href":"https:\/\/noticiasribeiraopreto.com.br\/index.php\/wp-json\/wp\/v2\/categories?post=81230"},{"taxonomy":"post_tag","embeddable":true,"href":"https:\/\/noticiasribeiraopreto.com.br\/index.php\/wp-json\/wp\/v2\/tags?post=81230"}],"curies":[{"name":"wp","href":"https:\/\/api.w.org\/{rel}","templated":true}]}}