{"id":81232,"date":"2025-12-29T07:23:26","date_gmt":"2025-12-29T10:23:26","guid":{"rendered":"https:\/\/noticiasribeiraopreto.com.br\/index.php\/2025\/12\/29\/sp-define-pontos-facultativos-para-2026-veja-o-calendario\/"},"modified":"2025-12-29T07:23:26","modified_gmt":"2025-12-29T10:23:26","slug":"sp-define-pontos-facultativos-para-2026-veja-o-calendario","status":"publish","type":"post","link":"https:\/\/noticiasribeiraopreto.com.br\/index.php\/2025\/12\/29\/sp-define-pontos-facultativos-para-2026-veja-o-calendario\/","title":{"rendered":"SP define pontos facultativos para 2026; Veja o calend\u00e1rio"},"content":{"rendered":"<div class='code-block code-block-1' style='margin: 8px 0 8px auto; text-align: right; display: block; clear: both;'>\n<p><a href=\"https:\/\/wa.link\/vpicfd\"><img data-recalc-dims=\"1\" class=\"wp-image-4922\" style=\"aspect-ratio: 2.0253164556962027; width: 561px; height: auto;\" src=\"https:\/\/i0.wp.com\/ismaelcolosi.com.br\/wp-content\/uploads\/2023\/11\/grupo-de-empregos-whatsapp-e-facebook-ismael-colosi-vagas.jpg?ssl=1\" alt=\"\" \/><\/a><\/p>\n<!-- \/wp:image -->\n<\/div>\n<p> <br \/>\n<\/p>\n<div>\n<p>O<strong> Governo de S\u00e3o Paulo<\/strong> publicou na sexta-feira (26) o <a href=\"https:\/\/www.doe.sp.gov.br\/\" data-type=\"link\" data-id=\"https:\/\/www.doe.sp.gov.br\/\" target=\"_blank\" rel=\"noopener\">Decreto n\u00ba 70.273<\/a>, que disp\u00f5e sobre o expediente dos servidores nas reparti\u00e7\u00f5es p\u00fablicas estaduais em 2026. O texto define os pontos facultativos do ano, o recesso de fim de ano e as regras para compensa\u00e7\u00e3o de horas n\u00e3o trabalhadas.<\/p>\n<p>Ser\u00e3o considerados pontos facultativos nas reparti\u00e7\u00f5es p\u00fablicas estaduais, no ano de 2026:<\/p>\n<ul class=\"wp-block-list\">\n<li>16 de fevereiro, segunda-feira \u2013 Carnaval;<\/li>\n<\/ul>\n<ul class=\"wp-block-list\">\n<li>17 de fevereiro, ter\u00e7a-feira \u2013 Carnaval;<\/li>\n<\/ul>\n<ul class=\"wp-block-list\">\n<li>18 de fevereiro, quarta-feira de cinzas (ponto facultativo at\u00e9 as 12h);<\/li>\n<\/ul>\n<ul class=\"wp-block-list\">\n<li>20 de abril (segunda-feira, v\u00e9spera do feriado de Tiradentes);<\/li>\n<\/ul>\n<ul class=\"wp-block-list\">\n<li>4 de junho, quinta-feira \u2013 Corpus Christi;<\/li>\n<\/ul>\n<ul class=\"wp-block-list\">\n<li>5 de junho (sexta-feira, em seguida ao Corpus Christi);<\/li>\n<\/ul>\n<ul class=\"wp-block-list\">\n<li>10 de julho (sexta-feira, em seguida ao feriado de 9 de Julho, data comemorativa do Dia da Revolu\u00e7\u00e3o Constitucionalista);<\/li>\n<\/ul>\n<ul class=\"wp-block-list\">\n<li>28 de outubro (Dia do Servidor P\u00fablico);<\/li>\n<\/ul>\n<ul class=\"wp-block-list\">\n<li>24 de dezembro, V\u00e9spera do Natal;<\/li>\n<\/ul>\n<ul class=\"wp-block-list\">\n<li>31 de dezembro, V\u00e9spera do Ano Novo<\/li>\n<\/ul>\n<h2 class=\"wp-block-heading\"><strong>Revezamento<\/strong><\/h2>\n<p>O recesso para comemora\u00e7\u00e3o das festas de final de ano nas reparti\u00e7\u00f5es p\u00fablicas estaduais compreender\u00e1 os per\u00edodos entre 21 e 25 de dezembro de 2026 (Recesso \u2013 Natal) e entre 28 de dezembro de 2026 e 1\u00ba de janeiro de 2027 (Recesso \u2013 Ano Novo).<\/p>\n<p>Os servidores poder\u00e3o se revezar nos dois per\u00edodos, preservando os servi\u00e7os essenciais, em especial o atendimento ao p\u00fablico.<\/p>\n<p>Em decorr\u00eancia dos dias 20 de abril, 5 de junho e 10 de julho e do recesso de final de ano, os servidores dever\u00e3o compensar, no exerc\u00edcio de 2026, as horas n\u00e3o trabalhadas \u00e0 raz\u00e3o de 1 hora di\u00e1ria.<\/p>\n<p>Em rela\u00e7\u00e3o ao recesso para comemora\u00e7\u00e3o das festas de final de ano, somente dever\u00e3o ser compensadas as horas n\u00e3o trabalhadas referentes aos per\u00edodos de 21 a 23 e de 28 a 30 de dezembro.<\/p>\n<p>\u00c0s reparti\u00e7\u00f5es p\u00fablicas estaduais que prestam servi\u00e7os essenciais e de interesse p\u00fablico, que tenham o funcionamento ininterrupto, n\u00e3o se aplica o disposto no decreto.<\/p>\n<p>SAIBA MAIS<br \/>O que Ricardo Silva diz sobre novo distrito industrial, incentivos para o Centro e revis\u00e3o da PGV<\/p>\n<h2 class=\"wp-block-heading\"><strong>FIQUE ON<\/strong><\/h2>\n<p>Fique ligado em tudo que acontece em Ribeir\u00e3o Preto e regi\u00e3o. Siga os perfis do<strong>\u00a0acidade on<\/strong>\u00a0no<a href=\"https:\/\/www.instagram.com\/acidadeonribeirao\" target=\"_blank\" rel=\"noreferrer noopener\">\u00a0Instagram\u00a0<\/a>e no\u00a0<a href=\"https:\/\/www.facebook.com\/acidadeonribeirao\/\" target=\"_blank\" rel=\"noreferrer noopener\">Facebook<\/a>.<\/p>\n<p>Receba not\u00edcias do<strong>\u00a0acidade on<\/strong>\u00a0no WhatsApp. Para entrar no grupo,\u00a0basta<a href=\"https:\/\/chat.whatsapp.com\/GFH9HUMUTHNFJdnyEd0xxq\" target=\"_blank\" rel=\"noreferrer noopener\">\u00a0clicar aqui<\/a>. Ou, acesse o nosso\u00a0Canal\u00a0<a href=\"https:\/\/whatsapp.com\/channel\/0029Vb6IQl1JENyAeS57fk2p\" target=\"_blank\" rel=\"noreferrer noopener\">clicando aqui<\/a>.<\/p>\n<p>Fa\u00e7a uma den\u00fancia ou sugira uma reportagem sobre Ribeir\u00e3o Preto e regi\u00e3o pelo WhatsApp: 16 99117 7802.<\/p>\n<p>VEJA TAMB\u00c9M<br \/>Casquinha do McDonald\u2019s n\u00e3o \u00e9 sorvete?<\/p>\n<p><!-- AI CONTENT END 1 -->\n<\/div>\n<p><script async src=\"\/\/www.instagram.com\/embed.js\"><\/script><br \/>\n<br \/><br \/>\n<br \/><a href=\"https:\/\/www.acidadeon.com\/ribeiraopreto\/cotidiano\/sp-define-pontos-facultativos-para-2026-veja-o-calendario\/\">Source link <\/a><\/p>\n<!-- CONTENT END 1 -->\n","protected":false},"excerpt":{"rendered":"<p>O Governo de S\u00e3o Paulo publicou na sexta-feira (26) o Decreto n\u00ba 70.273, que disp\u00f5e sobre o expediente dos servidores nas reparti\u00e7\u00f5es p\u00fablicas estaduais em&#8230;<\/p>\n","protected":false},"author":1,"featured_media":81233,"comment_status":"open","ping_status":"open","sticky":false,"template":"","format":"standard","meta":{"advanced_seo_description":"","jetpack_seo_html_title":"","jetpack_seo_noindex":false,"jetpack_post_was_ever_published":false,"_jetpack_newsletter_access":"","_jetpack_dont_email_post_to_subs":false,"_jetpack_newsletter_tier_id":0,"_jetpack_memberships_contains_paywalled_content":false,"_jetpack_memberships_contains_paid_content":false,"footnotes":"","jetpack_publicize_message":"","jetpack_publicize_feature_enabled":true,"jetpack_social_post_already_shared":true,"jetpack_social_options":{"image_generator_settings":{"template":"highway","default_image_id":0,"font":"","enabled":false},"version":2}},"categories":[11],"tags":[],"class_list":["post-81232","post","type-post","status-publish","format-standard","has-post-thumbnail","hentry","category-noticias-de-ribeirao-preto-sp-e-regiao-ismael-colosi"],"jetpack_publicize_connections":[],"jetpack_featured_media_url":"https:\/\/i0.wp.com\/noticiasribeiraopreto.com.br\/wp-content\/uploads\/2025\/12\/Calendario-Freepik-944x531-1_2024-07-01_13-15-58_jpg_2024-07-01_13-15-58.webp.webp?fit=944%2C531&ssl=1","jetpack-related-posts":[{"id":3437,"url":"https:\/\/noticiasribeiraopreto.com.br\/index.php\/2023\/11\/18\/feriados-prolongados-ribeirao-preto-define-pontos-facultativos-para-2024\/","url_meta":{"origin":81232,"position":0},"title":"Feriados prolongados? Ribeir\u00e3o Preto define pontos facultativos para 2024","author":"noticiasribeiraopreto.com.br","date":"18 de November de 2023","format":false,"excerpt":"O prefeito de Ribeir\u00e3o Preto, Duarte Nogueira (PSDB), publicou na \u00faltima sexta-feira (17) decreto que estipula os pontos facultativos para os servi\u00e7os p\u00fablicos municipais em 2024. Ao todo, ser\u00e3o seis datas que v\u00e3o emendar com os feriados prolongados, al\u00e9m do Carnaval e do Dia do Servidor P\u00fablico, comemorado no dia\u2026","rel":"","context":"In &quot;Not\u00edcias de Ribeir\u00e3o Preto-SP e Regi\u00e3o&quot;","block_context":{"text":"Not\u00edcias de Ribeir\u00e3o Preto-SP e Regi\u00e3o","link":"https:\/\/noticiasribeiraopreto.com.br\/index.php\/category\/noticias-de-ribeirao-preto-sp-e-regiao-ismael-colosi\/"},"img":{"alt_text":"","src":"https:\/\/i0.wp.com\/noticiasribeiraopreto.com.br\/wp-content\/uploads\/2023\/11\/feriado-prolongado.jpg?fit=1200%2C800&ssl=1&resize=350%2C200","width":350,"height":200,"srcset":"https:\/\/i0.wp.com\/noticiasribeiraopreto.com.br\/wp-content\/uploads\/2023\/11\/feriado-prolongado.jpg?fit=1200%2C800&ssl=1&resize=350%2C200 1x, https:\/\/i0.wp.com\/noticiasribeiraopreto.com.br\/wp-content\/uploads\/2023\/11\/feriado-prolongado.jpg?fit=1200%2C800&ssl=1&resize=525%2C300 1.5x, https:\/\/i0.wp.com\/noticiasribeiraopreto.com.br\/wp-content\/uploads\/2023\/11\/feriado-prolongado.jpg?fit=1200%2C800&ssl=1&resize=700%2C400 2x, https:\/\/i0.wp.com\/noticiasribeiraopreto.com.br\/wp-content\/uploads\/2023\/11\/feriado-prolongado.jpg?fit=1200%2C800&ssl=1&resize=1050%2C600 3x"},"classes":[]},{"id":79128,"url":"https:\/\/noticiasribeiraopreto.com.br\/index.php\/2025\/10\/24\/confira-os-feriados-de-2026-em-ribeirao-preto\/","url_meta":{"origin":81232,"position":1},"title":"Confira os feriados de 2026 em Ribeir\u00e3o Preto","author":"noticiasribeiraopreto.com.br","date":"24 de October de 2025","format":false,"excerpt":"A Prefeitura de Ribeir\u00e3o Preto divulgou nesta sexta-feira (24) o calend\u00e1rio de feriados e pontos facultativos do munic\u00edpio para o ano de 2026. Segundo publica\u00e7\u00e3o no Di\u00e1rio Oficial, a cidade ter\u00e1 14 feriados e 10 pontos facultativos ao longo do pr\u00f3ximo ano. O expediente das reparti\u00e7\u00f5es p\u00fablicas, relativo ao dia\u2026","rel":"","context":"In &quot;Not\u00edcias de Ribeir\u00e3o Preto-SP e Regi\u00e3o&quot;","block_context":{"text":"Not\u00edcias de Ribeir\u00e3o Preto-SP e Regi\u00e3o","link":"https:\/\/noticiasribeiraopreto.com.br\/index.php\/category\/noticias-de-ribeirao-preto-sp-e-regiao-ismael-colosi\/"},"img":{"alt_text":"","src":"https:\/\/i0.wp.com\/noticiasribeiraopreto.com.br\/wp-content\/uploads\/2025\/10\/Copia-de-Copia-de-Copia-de-TAMANHO-EXATO-PARA-FOTOS-NO-SISTEMA-NOVO-2025-10-24T180452.289_2025-10-24_21-04-57.webp.webp?fit=1200%2C675&ssl=1&resize=350%2C200","width":350,"height":200,"srcset":"https:\/\/i0.wp.com\/noticiasribeiraopreto.com.br\/wp-content\/uploads\/2025\/10\/Copia-de-Copia-de-Copia-de-TAMANHO-EXATO-PARA-FOTOS-NO-SISTEMA-NOVO-2025-10-24T180452.289_2025-10-24_21-04-57.webp.webp?fit=1200%2C675&ssl=1&resize=350%2C200 1x, https:\/\/i0.wp.com\/noticiasribeiraopreto.com.br\/wp-content\/uploads\/2025\/10\/Copia-de-Copia-de-Copia-de-TAMANHO-EXATO-PARA-FOTOS-NO-SISTEMA-NOVO-2025-10-24T180452.289_2025-10-24_21-04-57.webp.webp?fit=1200%2C675&ssl=1&resize=525%2C300 1.5x, https:\/\/i0.wp.com\/noticiasribeiraopreto.com.br\/wp-content\/uploads\/2025\/10\/Copia-de-Copia-de-Copia-de-TAMANHO-EXATO-PARA-FOTOS-NO-SISTEMA-NOVO-2025-10-24T180452.289_2025-10-24_21-04-57.webp.webp?fit=1200%2C675&ssl=1&resize=700%2C400 2x, https:\/\/i0.wp.com\/noticiasribeiraopreto.com.br\/wp-content\/uploads\/2025\/10\/Copia-de-Copia-de-Copia-de-TAMANHO-EXATO-PARA-FOTOS-NO-SISTEMA-NOVO-2025-10-24T180452.289_2025-10-24_21-04-57.webp.webp?fit=1200%2C675&ssl=1&resize=1050%2C600 3x"},"classes":[]},{"id":81455,"url":"https:\/\/noticiasribeiraopreto.com.br\/index.php\/2026\/01\/06\/vai-dar-para-viajar-confira-os-feriados-de-2026-em-ribeirao-preto-e-as-possiveis-emendas\/","url_meta":{"origin":81232,"position":2},"title":"Vai dar para viajar? Confira os feriados de 2026 em Ribeir\u00e3o Preto e as poss\u00edveis emendas","author":"noticiasribeiraopreto.com.br","date":"6 de January de 2026","format":false,"excerpt":"O ano come\u00e7ou animado para quem gosta de viajar ou planejar momentos de lazer e descanso. Isso porque janeiro j\u00e1 tem feriado em Ribeir\u00e3o Preto e com chance de emenda para alguns trabalhadores. Ao longo de 2026, os moradores do munic\u00edpio ter\u00e3o 14 feriados (entre municipais, estaduais e nacionais), a\u2026","rel":"","context":"In &quot;Not\u00edcias de Ribeir\u00e3o Preto-SP e Regi\u00e3o&quot;","block_context":{"text":"Not\u00edcias de Ribeir\u00e3o Preto-SP e Regi\u00e3o","link":"https:\/\/noticiasribeiraopreto.com.br\/index.php\/category\/noticias-de-ribeirao-preto-sp-e-regiao-ismael-colosi\/"},"img":{"alt_text":"","src":"https:\/\/i0.wp.com\/noticiasribeiraopreto.com.br\/wp-content\/uploads\/2026\/01\/Copia-de-Copia-de-Copia-de-TAMANHO-EXATO-PARA-FOTOS-NO-SISTEMA-NOVO-2025-01-22T154849.670_2025-01-22_18-48-57_png_2025-01-22_18-48-57.webp.webp?fit=1200%2C675&ssl=1&resize=350%2C200","width":350,"height":200,"srcset":"https:\/\/i0.wp.com\/noticiasribeiraopreto.com.br\/wp-content\/uploads\/2026\/01\/Copia-de-Copia-de-Copia-de-TAMANHO-EXATO-PARA-FOTOS-NO-SISTEMA-NOVO-2025-01-22T154849.670_2025-01-22_18-48-57_png_2025-01-22_18-48-57.webp.webp?fit=1200%2C675&ssl=1&resize=350%2C200 1x, https:\/\/i0.wp.com\/noticiasribeiraopreto.com.br\/wp-content\/uploads\/2026\/01\/Copia-de-Copia-de-Copia-de-TAMANHO-EXATO-PARA-FOTOS-NO-SISTEMA-NOVO-2025-01-22T154849.670_2025-01-22_18-48-57_png_2025-01-22_18-48-57.webp.webp?fit=1200%2C675&ssl=1&resize=525%2C300 1.5x, https:\/\/i0.wp.com\/noticiasribeiraopreto.com.br\/wp-content\/uploads\/2026\/01\/Copia-de-Copia-de-Copia-de-TAMANHO-EXATO-PARA-FOTOS-NO-SISTEMA-NOVO-2025-01-22T154849.670_2025-01-22_18-48-57_png_2025-01-22_18-48-57.webp.webp?fit=1200%2C675&ssl=1&resize=700%2C400 2x, https:\/\/i0.wp.com\/noticiasribeiraopreto.com.br\/wp-content\/uploads\/2026\/01\/Copia-de-Copia-de-Copia-de-TAMANHO-EXATO-PARA-FOTOS-NO-SISTEMA-NOVO-2025-01-22T154849.670_2025-01-22_18-48-57_png_2025-01-22_18-48-57.webp.webp?fit=1200%2C675&ssl=1&resize=1050%2C600 3x"},"classes":[]},{"id":79302,"url":"https:\/\/noticiasribeiraopreto.com.br\/index.php\/2025\/10\/29\/saiba-quais-serao-os-14-feriados-e-10-pontos-facultativos-de-rp\/","url_meta":{"origin":81232,"position":3},"title":"Saiba quais ser\u00e3o os 14 feriados e \u202810 pontos facultativos de RP","author":"noticiasribeiraopreto.com.br","date":"29 de October de 2025","format":false,"excerpt":"29 de outubro de 2025 08:020 Compartilhar0 Prefeitura de Ribeir\u00e3o Preto divulgou o calend\u00e1rio de feriados e pontos facultativos do munic\u00edpio para 2026. O decreto do Executivo divulgando\u00a0 os feriados e principalmente os pontos facultativos foi publicado no Di\u00e1rio Oficial do Munic\u00edpio (DOM) de sexta-feira, 24 de outubro.\u2028 \u2028A cidade\u2026","rel":"","context":"In &quot;Not\u00edcias de Ribeir\u00e3o Preto-SP e Regi\u00e3o&quot;","block_context":{"text":"Not\u00edcias de Ribeir\u00e3o Preto-SP e Regi\u00e3o","link":"https:\/\/noticiasribeiraopreto.com.br\/index.php\/category\/noticias-de-ribeirao-preto-sp-e-regiao-ismael-colosi\/"},"img":{"alt_text":"","src":"https:\/\/i0.wp.com\/noticiasribeiraopreto.com.br\/wp-content\/uploads\/2025\/10\/FeriadosRP-Max-Gallao-Mesquita-Arquivo-scaled.jpg?fit=1200%2C781&ssl=1&resize=350%2C200","width":350,"height":200,"srcset":"https:\/\/i0.wp.com\/noticiasribeiraopreto.com.br\/wp-content\/uploads\/2025\/10\/FeriadosRP-Max-Gallao-Mesquita-Arquivo-scaled.jpg?fit=1200%2C781&ssl=1&resize=350%2C200 1x, https:\/\/i0.wp.com\/noticiasribeiraopreto.com.br\/wp-content\/uploads\/2025\/10\/FeriadosRP-Max-Gallao-Mesquita-Arquivo-scaled.jpg?fit=1200%2C781&ssl=1&resize=525%2C300 1.5x, https:\/\/i0.wp.com\/noticiasribeiraopreto.com.br\/wp-content\/uploads\/2025\/10\/FeriadosRP-Max-Gallao-Mesquita-Arquivo-scaled.jpg?fit=1200%2C781&ssl=1&resize=700%2C400 2x, https:\/\/i0.wp.com\/noticiasribeiraopreto.com.br\/wp-content\/uploads\/2025\/10\/FeriadosRP-Max-Gallao-Mesquita-Arquivo-scaled.jpg?fit=1200%2C781&ssl=1&resize=1050%2C600 3x"},"classes":[]},{"id":23170,"url":"https:\/\/noticiasribeiraopreto.com.br\/index.php\/2024\/01\/01\/veja-o-calendario-de-feriados-de-ribeirao-preto-em-2024\/","url_meta":{"origin":81232,"position":4},"title":"Veja o calend\u00e1rio de feriados de Ribeir\u00e3o Preto em 2024","author":"noticiasribeiraopreto.com.br","date":"1 de January de 2024","format":false,"excerpt":"Ribeir\u00e3o Preto ter\u00e1 14 feriados e 10 pontos facultativos em 2024, de acordo com o calend\u00e1rio da Prefeitura Municipal da cidade. Ao todo, ser\u00e3o seis datas que ir\u00e3o emendar com os feriados prolongados, al\u00e9m do Carnaval e do Dia do Servidor P\u00fablico, comemorado no dia 28 de outubro. O expediente\u2026","rel":"","context":"In &quot;Not\u00edcias de Ribeir\u00e3o Preto-SP e Regi\u00e3o&quot;","block_context":{"text":"Not\u00edcias de Ribeir\u00e3o Preto-SP e Regi\u00e3o","link":"https:\/\/noticiasribeiraopreto.com.br\/index.php\/category\/noticias-de-ribeirao-preto-sp-e-regiao-ismael-colosi\/"},"img":{"alt_text":"","src":"https:\/\/i0.wp.com\/noticiasribeiraopreto.com.br\/wp-content\/uploads\/2024\/01\/ribeirao-preto-prefeitura.jpg?fit=1200%2C900&ssl=1&resize=350%2C200","width":350,"height":200,"srcset":"https:\/\/i0.wp.com\/noticiasribeiraopreto.com.br\/wp-content\/uploads\/2024\/01\/ribeirao-preto-prefeitura.jpg?fit=1200%2C900&ssl=1&resize=350%2C200 1x, https:\/\/i0.wp.com\/noticiasribeiraopreto.com.br\/wp-content\/uploads\/2024\/01\/ribeirao-preto-prefeitura.jpg?fit=1200%2C900&ssl=1&resize=525%2C300 1.5x, https:\/\/i0.wp.com\/noticiasribeiraopreto.com.br\/wp-content\/uploads\/2024\/01\/ribeirao-preto-prefeitura.jpg?fit=1200%2C900&ssl=1&resize=700%2C400 2x, https:\/\/i0.wp.com\/noticiasribeiraopreto.com.br\/wp-content\/uploads\/2024\/01\/ribeirao-preto-prefeitura.jpg?fit=1200%2C900&ssl=1&resize=1050%2C600 3x"},"classes":[]},{"id":21824,"url":"https:\/\/noticiasribeiraopreto.com.br\/index.php\/2023\/12\/28\/veja-a-lista-de-feriados-nacionais-e-pontos-facultativos-em-2024\/","url_meta":{"origin":81232,"position":5},"title":"Veja a lista de feriados nacionais e pontos facultativos em 2024","author":"noticiasribeiraopreto.com.br","date":"28 de December de 2023","format":false,"excerpt":"O governo federal publicou, nesta quinta-feira (28), no Di\u00e1rio Oficial da Uni\u00e3o, os dias de feriados nacionais. Tamb\u00e9m foram estabelecidos os dias de ponto facultativo, para o ano de 2024. De acordo com o Minist\u00e9rio da Gest\u00e3o e da Inova\u00e7\u00e3o em Servi\u00e7os P\u00fablicos, entre as 18 datas comemorativas, oito s\u00e3o\u2026","rel":"","context":"In &quot;Not\u00edcias de Ribeir\u00e3o Preto-SP e Regi\u00e3o&quot;","block_context":{"text":"Not\u00edcias de Ribeir\u00e3o Preto-SP e Regi\u00e3o","link":"https:\/\/noticiasribeiraopreto.com.br\/index.php\/category\/noticias-de-ribeirao-preto-sp-e-regiao-ismael-colosi\/"},"img":{"alt_text":"","src":"https:\/\/i0.wp.com\/noticiasribeiraopreto.com.br\/wp-content\/uploads\/2023\/12\/calendar-gad829f90c_1920.jpg?fit=1200%2C900&ssl=1&resize=350%2C200","width":350,"height":200,"srcset":"https:\/\/i0.wp.com\/noticiasribeiraopreto.com.br\/wp-content\/uploads\/2023\/12\/calendar-gad829f90c_1920.jpg?fit=1200%2C900&ssl=1&resize=350%2C200 1x, https:\/\/i0.wp.com\/noticiasribeiraopreto.com.br\/wp-content\/uploads\/2023\/12\/calendar-gad829f90c_1920.jpg?fit=1200%2C900&ssl=1&resize=525%2C300 1.5x, https:\/\/i0.wp.com\/noticiasribeiraopreto.com.br\/wp-content\/uploads\/2023\/12\/calendar-gad829f90c_1920.jpg?fit=1200%2C900&ssl=1&resize=700%2C400 2x, https:\/\/i0.wp.com\/noticiasribeiraopreto.com.br\/wp-content\/uploads\/2023\/12\/calendar-gad829f90c_1920.jpg?fit=1200%2C900&ssl=1&resize=1050%2C600 3x"},"classes":[]}],"jetpack_sharing_enabled":true,"jetpack_shortlink":"https:\/\/wp.me\/peQAOb-l8c","_links":{"self":[{"href":"https:\/\/noticiasribeiraopreto.com.br\/index.php\/wp-json\/wp\/v2\/posts\/81232","targetHints":{"allow":["GET"]}}],"collection":[{"href":"https:\/\/noticiasribeiraopreto.com.br\/index.php\/wp-json\/wp\/v2\/posts"}],"about":[{"href":"https:\/\/noticiasribeiraopreto.com.br\/index.php\/wp-json\/wp\/v2\/types\/post"}],"author":[{"embeddable":true,"href":"https:\/\/noticiasribeiraopreto.com.br\/index.php\/wp-json\/wp\/v2\/users\/1"}],"replies":[{"embeddable":true,"href":"https:\/\/noticiasribeiraopreto.com.br\/index.php\/wp-json\/wp\/v2\/comments?post=81232"}],"version-history":[{"count":0,"href":"https:\/\/noticiasribeiraopreto.com.br\/index.php\/wp-json\/wp\/v2\/posts\/81232\/revisions"}],"wp:featuredmedia":[{"embeddable":true,"href":"https:\/\/noticiasribeiraopreto.com.br\/index.php\/wp-json\/wp\/v2\/media\/81233"}],"wp:attachment":[{"href":"https:\/\/noticiasribeiraopreto.com.br\/index.php\/wp-json\/wp\/v2\/media?parent=81232"}],"wp:term":[{"taxonomy":"category","embeddable":true,"href":"https:\/\/noticiasribeiraopreto.com.br\/index.php\/wp-json\/wp\/v2\/categories?post=81232"},{"taxonomy":"post_tag","embeddable":true,"href":"https:\/\/noticiasribeiraopreto.com.br\/index.php\/wp-json\/wp\/v2\/tags?post=81232"}],"curies":[{"name":"wp","href":"https:\/\/api.w.org\/{rel}","templated":true}]}}