{"id":81235,"date":"2025-12-29T07:42:13","date_gmt":"2025-12-29T10:42:13","guid":{"rendered":"https:\/\/noticiasribeiraopreto.com.br\/index.php\/2025\/12\/29\/nossos-herois-estao-indo-fundador-do-cauim-lamenta-morte-de-brigitte-bardot\/"},"modified":"2025-12-29T07:42:13","modified_gmt":"2025-12-29T10:42:13","slug":"nossos-herois-estao-indo-fundador-do-cauim-lamenta-morte-de-brigitte-bardot","status":"publish","type":"post","link":"https:\/\/noticiasribeiraopreto.com.br\/index.php\/2025\/12\/29\/nossos-herois-estao-indo-fundador-do-cauim-lamenta-morte-de-brigitte-bardot\/","title":{"rendered":"\u2018Nossos her\u00f3is est\u00e3o indo\u2019: fundador do Cauim lamenta morte de Brigitte Bardot"},"content":{"rendered":"<div class='code-block code-block-1' style='margin: 8px 0 8px auto; text-align: right; display: block; clear: both;'>\n<p><a href=\"https:\/\/wa.link\/vpicfd\"><img data-recalc-dims=\"1\" class=\"wp-image-4922\" style=\"aspect-ratio: 2.0253164556962027; width: 561px; height: auto;\" src=\"https:\/\/i0.wp.com\/ismaelcolosi.com.br\/wp-content\/uploads\/2023\/11\/grupo-de-empregos-whatsapp-e-facebook-ismael-colosi-vagas.jpg?ssl=1\" alt=\"\" \/><\/a><\/p>\n<!-- \/wp:image -->\n<\/div>\n<p> <br \/>\n<\/p>\n<div>\n<p>A atriz francesa <strong>Brigitte Bardot<\/strong>, \u00edcone do cinema e da cultura do s\u00e9culo XX, morreu neste domingo (28), aos 91 anos. A perda de <strong>Brigitte Bardot<\/strong> foi lamenta por <strong>Fernando Kaxassa<\/strong>, fundador e presidente do <strong>Cineclube Cauim<\/strong>, de <strong>Ribeir\u00e3o Preto<\/strong>.<\/p>\n<p>\u201cTem uma import\u00e2ncia gigante\u201d, disse Kaxassa ao<strong> acidade on Ribeir\u00e3o<\/strong>. \u201c\u00c9 um s\u00edmbolo do que foi o cinema franc\u00eas no s\u00e9culo XX\u201d, afirma o produtor cultural, que completou: \u201cNossos her\u00f3is est\u00e3o indo.\u201d<\/p>\n<p>Al\u00e9m da import\u00e2ncia para o cinema, Kaxassa lembra que Brigitte Bardot foi uma das primeiras artistas a abra\u00e7ar a causa ambiental. Em 1973, aos 39 anos, Brigitte Bardot se aposentou das telas para se dedicar ao ativismo e \u00e0 luta pela causa animal. \u201cEu acho triste\u201d, lamenta.<\/p>\n<h2 class=\"wp-block-heading\"><strong>Brigitte Bardot<\/strong><\/h2>\n<p>A atriz Brigitte Bardot esteve internada em novembro em um hospital em <strong>Toulon<\/strong>, no sul da Fran\u00e7a, e passou por uma cirurgia. A informa\u00e7\u00e3o da morte da atriz foi confirmada \u00e0 imprensa francesa pela Funda\u00e7\u00e3o Brigitte Bardot. A causa ainda n\u00e3o foi confirmada.<\/p>\n<p>Nascida em Paris, na Fran\u00e7a, em 28 de setembro de 1934, Brigitte Anne-Marie Bardot ficou conhecida por se tornar um dos maiores \u00edcones culturais do s\u00e9culo XX.<\/p>\n<p>Sua beleza ajudou a redefinir os padr\u00f5es de est\u00e9tica e vis\u00e3o feminina no cinema a partir da d\u00e9cada de 1950, quando tornou-se um s\u00edmbolo da mulher moderna por normalmente interpretar personagens emancipadas, libert\u00e1rias e incontrol\u00e1veis.<\/p>\n<h2 class=\"wp-block-heading\"><strong>Vida e carreira de Brigitte Bardot<\/strong><\/h2>\n<p>Brigitte foi iniciada no mundo das artes cedo. Filha de um industrial da alta burguesia francesa e uma ex artista frustrada que passou anos tentando se tornar uma bailarina, ela teve educa\u00e7\u00e3o rigorosa e cat\u00f3lica na juventude, criada em uma fam\u00edlia conservadora e r\u00edgida.<\/p>\n<p>Come\u00e7ou a fazer aulas de bal\u00e9 cl\u00e1ssico ainda durante a inf\u00e2ncia, e aos 15 anos foi contratada pela revista francesa Elle para ser modelo de uma cole\u00e7\u00e3o juvenil. A capa chamou a aten\u00e7\u00e3o do ent\u00e3o jovem cineasta Roger Vadim, de 22 anos, que imediatamente apaixonou-se por ela e provocou seu interesse na carreira de atriz.<\/p>\n<p>Alguns anos mais tarde, meses ap\u00f3s ela completar 18 anos, em 1952, ela e Vadim se casaram. A uni\u00e3o, que durou cinco anos, deu origem ao filme que projetou Bardot ao cinema mundial e transformou sua hist\u00f3ria radicalmente: E Deus Criou a Mulher (1956).<\/p>\n<p>Seu primeiro projeto como atriz, no entanto, veio quando um amigo de seu pai a indicou para uma com\u00e9dia em que ela poderia ter um papel de destaque.<\/p>\n<p>O longa, Le Trou Normand (1952), tornou-se uma lembran\u00e7a amarga, j\u00e1 que sua falta de experi\u00eancia foi motivo de zombaria entre as equipes de produ\u00e7\u00e3o. Mesmo assim, ela continuou tentando novos trabalhos, e aos poucos come\u00e7ou a chamar aten\u00e7\u00e3o da sociedade e da imprensa da \u00e9poca.<\/p>\n<p>Descontente com o pouco sucesso dos primeiros filmes da esposa, Vadim a escalou para o papel principal de sua nova produ\u00e7\u00e3o, um flerte com a ent\u00e3o insurgente nouvelle vague.<\/p>\n<p>Em E Deus Criou a Mulher, Bardot interpreta Juliette, uma adolescente com desejos sexuais \u00e0 flor da pele e que chama a aten\u00e7\u00e3o de todos os tipos de homens ao seu redor. Considerado escandaloso pela abordagem dos temas sexuais, o filme chegou a ser condenado pela Igreja Cat\u00f3lica e ter c\u00f3pias censuradas para atender aos padr\u00f5es do C\u00f3digo Hays.<\/p>\n<p>As apari\u00e7\u00f5es frequentes da atriz usando biqu\u00edni em seus primeiros filmes, ali\u00e1s, s\u00e3o consideradas parte instrumental para a transforma\u00e7\u00e3o da vestimenta em s\u00edmbolo de glamour e rebeli\u00e3o.<\/p>\n<p>Quando chegou \u00e0s telas nos Estados Unidos, apesar do choque inicial, o filme foi um estouro de receita. Uma das cenas do longa, em que Brigitte dan\u00e7a descal\u00e7a sobre uma mesa, \u00e9 referenciada at\u00e9 hoje entre as mais sensuais da hist\u00f3ria do cinema.<\/p>\n<p>No ano seguinte ao lan\u00e7amento do filme, em 1957, ela e Vadim se separaram. Mais tarde, em 1959, casou-se com o segundo marido, Jacques Charrier, com quem teve seu \u00fanico filho, Nicolas-Jacques Charrier, uma crian\u00e7a que ela n\u00e3o queria e da qual n\u00e3o teve cust\u00f3dia. Mais tarde, casou-se com o alem\u00e3o Gunter Sachs, uma uni\u00e3o que durou de 1966 a 1969.<\/p>\n<p>Livre do moralismo velado natural \u00e0s estrelas do cinema americano, a nova sensa\u00e7\u00e3o francesa chamava aten\u00e7\u00e3o pela aparente liberdade natural com que se portava.<\/p>\n<p>Durante sua carreira mete\u00f3rica, atuou em mais de 40 filmes, incluindo cl\u00e1ssicos como A Verdade (1960), indicado ao Oscar, Vida Privada (1962), O Desprezo (1963), de Jean-Luc Godard, e a com\u00e9dia de faroeste Viva Maria! (1965). Atuou ao lado de nomes como Alain Delon, Jeanne Moreau e Marcello Mastroianni (com informa\u00e7\u00f5es <strong>Estad\u00e3o Conte\u00fado<\/strong>).<\/p>\n<p>SAIBA MAIS<br \/>O que Ricardo Silva diz sobre novo distrito industrial, incentivos para o Centro e revis\u00e3o da PGV<\/p>\n<h2 class=\"wp-block-heading\"><strong>FIQUE ON<\/strong><\/h2>\n<p>Fique ligado em tudo que acontece em Ribeir\u00e3o Preto e regi\u00e3o. Siga os perfis do<strong>\u00a0acidade on<\/strong>\u00a0no<a href=\"https:\/\/www.instagram.com\/acidadeonribeirao\" target=\"_blank\" rel=\"noreferrer noopener\">\u00a0Instagram\u00a0<\/a>e no\u00a0<a href=\"https:\/\/www.facebook.com\/acidadeonribeirao\/\" target=\"_blank\" rel=\"noreferrer noopener\">Facebook<\/a>.<\/p>\n<p><!-- AI CONTENT END 1 -->\n<\/div>\n<p><script async src=\"\/\/www.instagram.com\/embed.js\"><\/script><br \/>\n<br \/><br \/>\n<br \/><a href=\"https:\/\/www.acidadeon.com\/ribeiraopreto\/lazer-e-cultura\/nossos-herois-estao-indo-fundador-do-cauim-lamenta-morte-de-brigitte-bardot\/\">Source link <\/a><\/p>\n<!-- CONTENT END 1 -->\n","protected":false},"excerpt":{"rendered":"<p>A atriz francesa Brigitte Bardot, \u00edcone do cinema e da cultura do s\u00e9culo XX, morreu neste domingo (28), aos 91 anos. A perda de Brigitte&#8230;<\/p>\n","protected":false},"author":1,"featured_media":81236,"comment_status":"open","ping_status":"open","sticky":false,"template":"","format":"standard","meta":{"advanced_seo_description":"","jetpack_seo_html_title":"","jetpack_seo_noindex":false,"jetpack_post_was_ever_published":false,"_jetpack_newsletter_access":"","_jetpack_dont_email_post_to_subs":false,"_jetpack_newsletter_tier_id":0,"_jetpack_memberships_contains_paywalled_content":false,"_jetpack_memberships_contains_paid_content":false,"footnotes":"","jetpack_publicize_message":"","jetpack_publicize_feature_enabled":true,"jetpack_social_post_already_shared":true,"jetpack_social_options":{"image_generator_settings":{"template":"highway","default_image_id":0,"font":"","enabled":false},"version":2}},"categories":[11],"tags":[],"class_list":["post-81235","post","type-post","status-publish","format-standard","has-post-thumbnail","hentry","category-noticias-de-ribeirao-preto-sp-e-regiao-ismael-colosi"],"jetpack_publicize_connections":[],"jetpack_featured_media_url":"https:\/\/i0.wp.com\/noticiasribeiraopreto.com.br\/wp-content\/uploads\/2025\/12\/brigitte-bardot_2025-12-28_13-54-29.webp.webp?fit=1200%2C798&ssl=1","jetpack-related-posts":[{"id":81221,"url":"https:\/\/noticiasribeiraopreto.com.br\/index.php\/2025\/12\/28\/morre-brigitte-bardot-ativista-e-icone-do-cinema-frances-aos-91-anos\/","url_meta":{"origin":81235,"position":0},"title":"Morre Brigitte Bardot, ativista e \u00edcone do cinema franc\u00eas, aos 91 anos","author":"noticiasribeiraopreto.com.br","date":"28 de December de 2025","format":false,"excerpt":"\r \r \r \r \r 28 de dezembro de 2025 10:3728 de dezembro de 2025 10:39 \r Compartilhar0 \r Morreu neste domingo (28) a atriz e cantora francesa Brigitte Bardot, aos 91 anos. A informa\u00e7\u00e3o foi confirmada pela sua funda\u00e7\u00e3o dedicada \u00e0 prote\u00e7\u00e3o e bem-estar animal, mas sem detalhes sobre\u2026","rel":"","context":"In &quot;Not\u00edcias de Ribeir\u00e3o Preto-SP e Regi\u00e3o&quot;","block_context":{"text":"Not\u00edcias de Ribeir\u00e3o Preto-SP e Regi\u00e3o","link":"https:\/\/noticiasribeiraopreto.com.br\/index.php\/category\/noticias-de-ribeirao-preto-sp-e-regiao-ismael-colosi\/"},"img":{"alt_text":"","src":"https:\/\/i0.wp.com\/noticiasribeiraopreto.com.br\/wp-content\/uploads\/2025\/12\/Brigitte-Bardot_7cS2.jpg?fit=1200%2C747&ssl=1&resize=350%2C200","width":350,"height":200,"srcset":"https:\/\/i0.wp.com\/noticiasribeiraopreto.com.br\/wp-content\/uploads\/2025\/12\/Brigitte-Bardot_7cS2.jpg?fit=1200%2C747&ssl=1&resize=350%2C200 1x, https:\/\/i0.wp.com\/noticiasribeiraopreto.com.br\/wp-content\/uploads\/2025\/12\/Brigitte-Bardot_7cS2.jpg?fit=1200%2C747&ssl=1&resize=525%2C300 1.5x, https:\/\/i0.wp.com\/noticiasribeiraopreto.com.br\/wp-content\/uploads\/2025\/12\/Brigitte-Bardot_7cS2.jpg?fit=1200%2C747&ssl=1&resize=700%2C400 2x, https:\/\/i0.wp.com\/noticiasribeiraopreto.com.br\/wp-content\/uploads\/2025\/12\/Brigitte-Bardot_7cS2.jpg?fit=1200%2C747&ssl=1&resize=1050%2C600 3x"},"classes":[]},{"id":59140,"url":"https:\/\/noticiasribeiraopreto.com.br\/index.php\/2024\/10\/15\/cinema-historico-em-ribeirao-preto-saiba-como-esta-a-situacao-do-cine-bristol\/","url_meta":{"origin":81235,"position":1},"title":"Cinema hist\u00f3rico em Ribeir\u00e3o Preto: Saiba como est\u00e1 a situa\u00e7\u00e3o do Cine Bristol","author":"noticiasribeiraopreto.com.br","date":"15 de October de 2024","format":false,"excerpt":"O antigo Cine Bristol, um sobrevivente dos cinemas de rua, muito populares na d\u00e9cada de 1970, continua com o futuro incerto em Ribeir\u00e3o Preto. O pr\u00e9dio est\u00e1 fechado e com placas de loca\u00e7\u00e3o \u2013 a reportagem apurou que o valor mensal para utiliza\u00e7\u00e3o do espa\u00e7o gira em torno de R$\u2026","rel":"","context":"In &quot;Not\u00edcias de Ribeir\u00e3o Preto-SP e Regi\u00e3o&quot;","block_context":{"text":"Not\u00edcias de Ribeir\u00e3o Preto-SP e Regi\u00e3o","link":"https:\/\/noticiasribeiraopreto.com.br\/index.php\/category\/noticias-de-ribeirao-preto-sp-e-regiao-ismael-colosi\/"},"img":{"alt_text":"","src":"https:\/\/i0.wp.com\/noticiasribeiraopreto.com.br\/wp-content\/uploads\/2024\/10\/WhatsApp-Image-2024-10-14-at-11.49.12-1_2024-10-15_18-59-23_jpeg_2024-10-15_18-59-23.webp.webp?fit=1200%2C903&ssl=1&resize=350%2C200","width":350,"height":200,"srcset":"https:\/\/i0.wp.com\/noticiasribeiraopreto.com.br\/wp-content\/uploads\/2024\/10\/WhatsApp-Image-2024-10-14-at-11.49.12-1_2024-10-15_18-59-23_jpeg_2024-10-15_18-59-23.webp.webp?fit=1200%2C903&ssl=1&resize=350%2C200 1x, https:\/\/i0.wp.com\/noticiasribeiraopreto.com.br\/wp-content\/uploads\/2024\/10\/WhatsApp-Image-2024-10-14-at-11.49.12-1_2024-10-15_18-59-23_jpeg_2024-10-15_18-59-23.webp.webp?fit=1200%2C903&ssl=1&resize=525%2C300 1.5x, https:\/\/i0.wp.com\/noticiasribeiraopreto.com.br\/wp-content\/uploads\/2024\/10\/WhatsApp-Image-2024-10-14-at-11.49.12-1_2024-10-15_18-59-23_jpeg_2024-10-15_18-59-23.webp.webp?fit=1200%2C903&ssl=1&resize=700%2C400 2x, https:\/\/i0.wp.com\/noticiasribeiraopreto.com.br\/wp-content\/uploads\/2024\/10\/WhatsApp-Image-2024-10-14-at-11.49.12-1_2024-10-15_18-59-23_jpeg_2024-10-15_18-59-23.webp.webp?fit=1200%2C903&ssl=1&resize=1050%2C600 3x"},"classes":[]},{"id":25810,"url":"https:\/\/noticiasribeiraopreto.com.br\/index.php\/2024\/01\/08\/atriz-que-viveu-romance-com-alexandre-frota-tem-falecimento-confirmado-e-ator-lamenta\/","url_meta":{"origin":81235,"position":2},"title":"Atriz que viveu romance com Alexandre Frota tem falecimento confirmado e ator lamenta","author":"noticiasribeiraopreto.com.br","date":"8 de January de 2024","format":false,"excerpt":"De forma recente, no dia 4 de janeiro, foi confirmado o falecimento da atriz portuguesa Ana Afonso. Ela morreu aos 47 anos de idade, e at\u00e9 o momento, a causa de sua morte n\u00e3o foi exposta.Com uma carreira que abrangeu a moda e a televis\u00e3o, Ana, nascida no Algarve, destacou-se\u2026","rel":"","context":"In &quot;Blog&quot;","block_context":{"text":"Blog","link":"https:\/\/noticiasribeiraopreto.com.br\/index.php\/category\/blog\/"},"img":{"alt_text":"","src":"https:\/\/i0.wp.com\/noticiasribeiraopreto.com.br\/wp-content\/uploads\/2024\/01\/postimg-659c349fda8443608.jpg?fit=1200%2C628&ssl=1&resize=350%2C200","width":350,"height":200,"srcset":"https:\/\/i0.wp.com\/noticiasribeiraopreto.com.br\/wp-content\/uploads\/2024\/01\/postimg-659c349fda8443608.jpg?fit=1200%2C628&ssl=1&resize=350%2C200 1x, https:\/\/i0.wp.com\/noticiasribeiraopreto.com.br\/wp-content\/uploads\/2024\/01\/postimg-659c349fda8443608.jpg?fit=1200%2C628&ssl=1&resize=525%2C300 1.5x, https:\/\/i0.wp.com\/noticiasribeiraopreto.com.br\/wp-content\/uploads\/2024\/01\/postimg-659c349fda8443608.jpg?fit=1200%2C628&ssl=1&resize=700%2C400 2x, https:\/\/i0.wp.com\/noticiasribeiraopreto.com.br\/wp-content\/uploads\/2024\/01\/postimg-659c349fda8443608.jpg?fit=1200%2C628&ssl=1&resize=1050%2C600 3x"},"classes":[]},{"id":59135,"url":"https:\/\/noticiasribeiraopreto.com.br\/index.php\/2024\/10\/15\/veja-como-esta-a-situacao-de-cinema-historico-em-ribeirao-preto\/","url_meta":{"origin":81235,"position":3},"title":"Veja como est\u00e1 a situa\u00e7\u00e3o de cinema hist\u00f3rico em Ribeir\u00e3o Preto","author":"noticiasribeiraopreto.com.br","date":"15 de October de 2024","format":false,"excerpt":"O antigo Cine Bristol, um sobrevivente dos cinemas de rua, muito populares na d\u00e9cada de 1970, continua com o futuro incerto em Ribeir\u00e3o Preto. O pr\u00e9dio est\u00e1 fechado e com placas de loca\u00e7\u00e3o \u2013 a reportagem apurou que o valor mensal para utiliza\u00e7\u00e3o do espa\u00e7o gira em torno de R$\u2026","rel":"","context":"In &quot;Not\u00edcias de Ribeir\u00e3o Preto-SP e Regi\u00e3o&quot;","block_context":{"text":"Not\u00edcias de Ribeir\u00e3o Preto-SP e Regi\u00e3o","link":"https:\/\/noticiasribeiraopreto.com.br\/index.php\/category\/noticias-de-ribeirao-preto-sp-e-regiao-ismael-colosi\/"},"img":{"alt_text":"","src":"https:\/\/i0.wp.com\/noticiasribeiraopreto.com.br\/wp-content\/uploads\/2024\/10\/WhatsApp-Image-2024-10-14-at-11.49.12-1_2024-10-15_18-59-23_jpeg_2024-10-15_18-59-23.webp.webp?fit=1200%2C903&ssl=1&resize=350%2C200","width":350,"height":200,"srcset":"https:\/\/i0.wp.com\/noticiasribeiraopreto.com.br\/wp-content\/uploads\/2024\/10\/WhatsApp-Image-2024-10-14-at-11.49.12-1_2024-10-15_18-59-23_jpeg_2024-10-15_18-59-23.webp.webp?fit=1200%2C903&ssl=1&resize=350%2C200 1x, https:\/\/i0.wp.com\/noticiasribeiraopreto.com.br\/wp-content\/uploads\/2024\/10\/WhatsApp-Image-2024-10-14-at-11.49.12-1_2024-10-15_18-59-23_jpeg_2024-10-15_18-59-23.webp.webp?fit=1200%2C903&ssl=1&resize=525%2C300 1.5x, https:\/\/i0.wp.com\/noticiasribeiraopreto.com.br\/wp-content\/uploads\/2024\/10\/WhatsApp-Image-2024-10-14-at-11.49.12-1_2024-10-15_18-59-23_jpeg_2024-10-15_18-59-23.webp.webp?fit=1200%2C903&ssl=1&resize=700%2C400 2x, https:\/\/i0.wp.com\/noticiasribeiraopreto.com.br\/wp-content\/uploads\/2024\/10\/WhatsApp-Image-2024-10-14-at-11.49.12-1_2024-10-15_18-59-23_jpeg_2024-10-15_18-59-23.webp.webp?fit=1200%2C903&ssl=1&resize=1050%2C600 3x"},"classes":[]},{"id":77457,"url":"https:\/\/noticiasribeiraopreto.com.br\/index.php\/2025\/09\/19\/botafogo-arranca-empate-com-operario-e-corre-risco-de-voltar-ao-z-4\/","url_meta":{"origin":81235,"position":4},"title":"Botafogo arranca empate com Oper\u00e1rio e corre risco de voltar ao Z-4","author":"noticiasribeiraopreto.com.br","date":"19 de September de 2025","format":false,"excerpt":"O Botafogo ficou no empate por 1 a 1 com o Oper\u00e1rio-PR, na noite desta quinta-feira (18), no est\u00e1dio Santa Cruz Arena Nicnet, em Ribeir\u00e3o Preto, pela 27\u00aa rodada da S\u00e9rie B do Campeonato Brasileiro. O Fantasma pressionou no primeiro tempo e abriu o placar aos 46 minutos com Daniel\u2026","rel":"","context":"In &quot;Not\u00edcias de Ribeir\u00e3o Preto-SP e Regi\u00e3o&quot;","block_context":{"text":"Not\u00edcias de Ribeir\u00e3o Preto-SP e Regi\u00e3o","link":"https:\/\/noticiasribeiraopreto.com.br\/index.php\/category\/noticias-de-ribeirao-preto-sp-e-regiao-ismael-colosi\/"},"img":{"alt_text":"","src":"https:\/\/i0.wp.com\/noticiasribeiraopreto.com.br\/wp-content\/uploads\/2025\/09\/WhatsApp-Image-2025-09-18-at-19.59.21-1_2025-09-19_00-03-22.webp.webp?fit=1200%2C800&ssl=1&resize=350%2C200","width":350,"height":200,"srcset":"https:\/\/i0.wp.com\/noticiasribeiraopreto.com.br\/wp-content\/uploads\/2025\/09\/WhatsApp-Image-2025-09-18-at-19.59.21-1_2025-09-19_00-03-22.webp.webp?fit=1200%2C800&ssl=1&resize=350%2C200 1x, https:\/\/i0.wp.com\/noticiasribeiraopreto.com.br\/wp-content\/uploads\/2025\/09\/WhatsApp-Image-2025-09-18-at-19.59.21-1_2025-09-19_00-03-22.webp.webp?fit=1200%2C800&ssl=1&resize=525%2C300 1.5x, https:\/\/i0.wp.com\/noticiasribeiraopreto.com.br\/wp-content\/uploads\/2025\/09\/WhatsApp-Image-2025-09-18-at-19.59.21-1_2025-09-19_00-03-22.webp.webp?fit=1200%2C800&ssl=1&resize=700%2C400 2x, https:\/\/i0.wp.com\/noticiasribeiraopreto.com.br\/wp-content\/uploads\/2025\/09\/WhatsApp-Image-2025-09-18-at-19.59.21-1_2025-09-19_00-03-22.webp.webp?fit=1200%2C800&ssl=1&resize=1050%2C600 3x"},"classes":[]},{"id":77448,"url":"https:\/\/noticiasribeiraopreto.com.br\/index.php\/2025\/09\/18\/filha-e-investigada-pela-morte-de-diretora-aposentada-em-ribeirao-preto-diz-policia\/","url_meta":{"origin":81235,"position":5},"title":"Filha \u00e9 investigada pela morte de diretora aposentada em Ribeir\u00e3o Preto, diz pol\u00edcia","author":"noticiasribeiraopreto.com.br","date":"18 de September de 2025","format":false,"excerpt":"A Pol\u00edcia Civil de Ribeir\u00e3o Preto come\u00e7ou a investigar a filha da diretora aposentada M\u00e1rcia Cristina Feliciano Costa, de 59 anos, por suspeita de envolvimento na morte da m\u00e3e. A mulher prestou depoimento na tarde desta quinta-feira (18) e, segundo o delegado Jos\u00e9 Carvalho de Ara\u00fajo J\u00fanior, ela afirmou que\u2026","rel":"","context":"In &quot;Not\u00edcias de Ribeir\u00e3o Preto-SP e Regi\u00e3o&quot;","block_context":{"text":"Not\u00edcias de Ribeir\u00e3o Preto-SP e Regi\u00e3o","link":"https:\/\/noticiasribeiraopreto.com.br\/index.php\/category\/noticias-de-ribeirao-preto-sp-e-regiao-ismael-colosi\/"},"img":{"alt_text":"","src":"https:\/\/i0.wp.com\/noticiasribeiraopreto.com.br\/wp-content\/uploads\/2025\/09\/Copia-de-Copia-de-Copia-de-TAMANHO-EXATO-PARA-FOTOS-NO-SISTEMA-NOVO-2025-09-18T204634.263_2025-09-18_23-46-39.webp.webp?fit=1200%2C675&ssl=1&resize=350%2C200","width":350,"height":200,"srcset":"https:\/\/i0.wp.com\/noticiasribeiraopreto.com.br\/wp-content\/uploads\/2025\/09\/Copia-de-Copia-de-Copia-de-TAMANHO-EXATO-PARA-FOTOS-NO-SISTEMA-NOVO-2025-09-18T204634.263_2025-09-18_23-46-39.webp.webp?fit=1200%2C675&ssl=1&resize=350%2C200 1x, https:\/\/i0.wp.com\/noticiasribeiraopreto.com.br\/wp-content\/uploads\/2025\/09\/Copia-de-Copia-de-Copia-de-TAMANHO-EXATO-PARA-FOTOS-NO-SISTEMA-NOVO-2025-09-18T204634.263_2025-09-18_23-46-39.webp.webp?fit=1200%2C675&ssl=1&resize=525%2C300 1.5x, https:\/\/i0.wp.com\/noticiasribeiraopreto.com.br\/wp-content\/uploads\/2025\/09\/Copia-de-Copia-de-Copia-de-TAMANHO-EXATO-PARA-FOTOS-NO-SISTEMA-NOVO-2025-09-18T204634.263_2025-09-18_23-46-39.webp.webp?fit=1200%2C675&ssl=1&resize=700%2C400 2x, https:\/\/i0.wp.com\/noticiasribeiraopreto.com.br\/wp-content\/uploads\/2025\/09\/Copia-de-Copia-de-Copia-de-TAMANHO-EXATO-PARA-FOTOS-NO-SISTEMA-NOVO-2025-09-18T204634.263_2025-09-18_23-46-39.webp.webp?fit=1200%2C675&ssl=1&resize=1050%2C600 3x"},"classes":[]}],"jetpack_sharing_enabled":true,"jetpack_shortlink":"https:\/\/wp.me\/peQAOb-l8f","_links":{"self":[{"href":"https:\/\/noticiasribeiraopreto.com.br\/index.php\/wp-json\/wp\/v2\/posts\/81235","targetHints":{"allow":["GET"]}}],"collection":[{"href":"https:\/\/noticiasribeiraopreto.com.br\/index.php\/wp-json\/wp\/v2\/posts"}],"about":[{"href":"https:\/\/noticiasribeiraopreto.com.br\/index.php\/wp-json\/wp\/v2\/types\/post"}],"author":[{"embeddable":true,"href":"https:\/\/noticiasribeiraopreto.com.br\/index.php\/wp-json\/wp\/v2\/users\/1"}],"replies":[{"embeddable":true,"href":"https:\/\/noticiasribeiraopreto.com.br\/index.php\/wp-json\/wp\/v2\/comments?post=81235"}],"version-history":[{"count":0,"href":"https:\/\/noticiasribeiraopreto.com.br\/index.php\/wp-json\/wp\/v2\/posts\/81235\/revisions"}],"wp:featuredmedia":[{"embeddable":true,"href":"https:\/\/noticiasribeiraopreto.com.br\/index.php\/wp-json\/wp\/v2\/media\/81236"}],"wp:attachment":[{"href":"https:\/\/noticiasribeiraopreto.com.br\/index.php\/wp-json\/wp\/v2\/media?parent=81235"}],"wp:term":[{"taxonomy":"category","embeddable":true,"href":"https:\/\/noticiasribeiraopreto.com.br\/index.php\/wp-json\/wp\/v2\/categories?post=81235"},{"taxonomy":"post_tag","embeddable":true,"href":"https:\/\/noticiasribeiraopreto.com.br\/index.php\/wp-json\/wp\/v2\/tags?post=81235"}],"curies":[{"name":"wp","href":"https:\/\/api.w.org\/{rel}","templated":true}]}}