{"id":81243,"date":"2025-12-29T08:24:32","date_gmt":"2025-12-29T11:24:32","guid":{"rendered":"https:\/\/noticiasribeiraopreto.com.br\/index.php\/2025\/12\/29\/recorde-de-calor-em-sp-cidades-do-estado-chegaram-a-42oc-neste-domingo\/"},"modified":"2025-12-29T08:24:32","modified_gmt":"2025-12-29T11:24:32","slug":"recorde-de-calor-em-sp-cidades-do-estado-chegaram-a-42oc-neste-domingo","status":"publish","type":"post","link":"https:\/\/noticiasribeiraopreto.com.br\/index.php\/2025\/12\/29\/recorde-de-calor-em-sp-cidades-do-estado-chegaram-a-42oc-neste-domingo\/","title":{"rendered":"Recorde de calor em SP : cidades do Estado chegaram a 42\u00baC neste domingo"},"content":{"rendered":"<div class='code-block code-block-1' style='margin: 8px 0 8px auto; text-align: right; display: block; clear: both;'>\n<p><a href=\"https:\/\/wa.link\/vpicfd\"><img data-recalc-dims=\"1\" class=\"wp-image-4922\" style=\"aspect-ratio: 2.0253164556962027; width: 561px; height: auto;\" src=\"https:\/\/i0.wp.com\/ismaelcolosi.com.br\/wp-content\/uploads\/2023\/11\/grupo-de-empregos-whatsapp-e-facebook-ismael-colosi-vagas.jpg?ssl=1\" alt=\"\" \/><\/a><\/p>\n<!-- \/wp:image -->\n<\/div>\n<p> <br \/>\n<\/p>\n<div id=\"\">&#13;<br \/>\n\t\t\t\t\t\t\t\t&#13;<\/p>\n<p>&#13;<br \/>\n\t\t\t\t\t\t\t\t\t<span class=\"entry-meta-item penci-posted-on\"><i class=\"fa fa-clock-o\"\/><time class=\"entry-date published updated\" datetime=\"2025-12-29T08:18:29-03:00\">29 de dezembro de 2025 08:18<\/time><\/span><span class=\"entry-meta-item penci-post-countview\"\/>\t\t\t\t\t\t\t\t<\/p>\n<p><!-- .entry-meta -->&#13;<br \/>\n\t\t\t\t\t\t\t\t<span class=\"penci-social-buttons penci-social-share-footer\"><span class=\"penci-social-share-text\">Compartilhar<\/span><a href=\"#\" class=\"penci-post-like penci_post-meta_item  single-like-button penci-social-item like\" data-post_id=\"450508\" title=\"Like\" data-like=\"Like\" data-unlike=\"Unlike\"><i class=\"fa fa-thumbs-o-up\"\/><span class=\"penci-share-number\">0<\/span><\/a><i class=\"fa fa-facebook\"\/><a class=\"penci-social-item twitter\" target=\"_blank\" rel=\"noopener\" title=\"\" href=\"https:\/\/twitter.com\/intent\/tweet?text=Recorde%20de%20calor%20em%20SP%20:%20cidades%20do%20Estado%20chegaram%20a%2042\u00baC%20neste%20domingo%20-%20https:\/\/www.tribunaribeirao.com.br\/recorde-de-calor-em-sp-cidades-do-estado-chegaram-a-42oc-neste-domingo\/\"><i class=\"fa fa-twitter\"\/><\/a><i class=\"fa fa-linkedin\"\/><i class=\"fa fa-whatsapp\"\/><i class=\"fa fa-telegram\"\/><i class=\"fa fa-envelope\"\/><\/span>\t\t\t\t\t\t\t<\/div>\n<div>\n<p>Na regi\u00e3o, S\u00e3o Sim\u00e3o\u00a0 chegou aos 39 graus; Ribeir\u00e3o aos 37<\/p>\n<p>Por Gon\u00e7alo Junior<\/p>\n<p>O recorde de 37,2\u00baC na cidade de S\u00e3o Paulo neste domingo, 28 \u2013 a maior temperatura em 64 anos para um dia de dezembro \u2013 est\u00e1 longe de ter sido a temperatura mais elevada no Estado nesta onda de calor.<\/p>\n<p>Dados de esta\u00e7\u00f5es meteorol\u00f3gicas do Instituto Nacional de Meteorologia (Inmet) e Centro Integrado de Informa\u00e7\u00f5es Agrometeorol\u00f3gicas (Ciiagro), divulgados pela Defesa Civil de S\u00e3o Paulo, mostram que, em alguns locais, as temperaturas m\u00e1ximas superaram 42\u00baC.<\/p>\n<p>Munic\u00edpios do Vale do Ribeira, regi\u00e3o sul perto do limite com o Paran\u00e1, ocupam o topo do ranking. O munic\u00edpio mais quente de S\u00e3o Paulo foi Pedro de Toledo com 42,1\u00b0C.<\/p>\n<p>A temperatura m\u00e1xima deste domingo na capital de 37,2\u00b0C, registrada na esta\u00e7\u00e3o meteorol\u00f3gica do Mirante Santana, na zona norte paulistana, superou o recorde registrado nesta sexta-feira, 26, que foi de 36,2\u00baC.<\/p>\n<p>As temperaturas elevadas em diversas \u00e1reas do Brasil t\u00eam liga\u00e7\u00e3o com um bloqueio atmosf\u00e9rico, que dificulta a atua\u00e7\u00e3o de sistemas meteorol\u00f3gicos e favorece a persist\u00eancia do calor, principalmente no Sudeste.<\/p>\n<p>A onda de calor, aliada ao aumento do consumo de \u00e1gua na capital, que chegou a 60% em algumas regi\u00f5es na \u00faltima semana, levou o governo de S\u00e3o Paulo a emitir alertas a popula\u00e7\u00e3o sobre a necessidade de economia e consumo consciente.<\/p>\n<p><b>Veja o ranking das cidades mais quentes at\u00e9 o limite de 37\u00ba registrado neste domingo: <\/b><\/p>\n<p>\u2013 Pedro de Toledo: 42,1\u00b0C<\/p>\n<p>\u2013 Miracatu: 41,6\u00b0C<\/p>\n<p>\u2013 Ita\u00f3ca: 40\u00b0C<\/p>\n<p>\u2013 Pariquera-A\u00e7u: 39,9\u00b0C<\/p>\n<p>\u2013 Registro: 39,8\u00b0C<\/p>\n<p>\u2013 Sete Barras: 39,5\u00b0C<\/p>\n<p>\u2013 Juqui\u00e1: 39,5\u00b0C<\/p>\n<p>\u2013 Iporanga: 39,3\u00b0C<\/p>\n<p>\u2013 S\u00e3o Sim\u00e3o: 39\u00b0C<\/p>\n<p>\u2013 Barra do Turvo: 39.0\u00b0C<\/p>\n<p>\u2013 Capivari: 38,7\u00b0C<\/p>\n<p>\u2013 Holambra: 38,7\u00b0C<\/p>\n<p>\u2013 Pereiras: 38,7\u00b0C<\/p>\n<p>\u2013 Monte Alegre do Sul: 38,5\u00b0C<\/p>\n<p>\u2013 Valinhos: 38,4\u00b0C<\/p>\n<p>\u2013 Eldorado: 38,4\u00b0C<\/p>\n<p>\u2013 Mombuca: 38,4\u00b0C<\/p>\n<p>\u2013 Rio das Pedras: 38,3\u00b0C<\/p>\n<p>\u2013 Elias Fausto: 38,3\u00b0C<\/p>\n<p>\u2013 Porto Feliz: 38,2\u00b0C<\/p>\n<p>\u2013 Santa Maria da Serra: 38,2\u00b0C<\/p>\n<p>\u2013 Laranjal Paulista: 38,2\u00b0C<\/p>\n<p>\u2013 Americana: 38,2\u00b0C<\/p>\n<p>\u2013 Santa B\u00e1rbara d\u2019Oeste: 38\u00b0C<\/p>\n<p>\u2013 Ribeira: 38\u00b0C<\/p>\n<p>\u2013 Piracicaba: 38\u00b0C<\/p>\n<p>\u2013 Cabre\u00fava: 37,9\u00b0C<\/p>\n<p>\u2013 Sarapu\u00ed: 37,7\u00b0C<\/p>\n<p>\u2013 Taubat\u00e9: 37,7\u00b0C<\/p>\n<p>\u2013 Jacupiranga: 37,6\u00b0C<\/p>\n<p>\u2013 Cachoeira Paulista: 37,6\u00b0C<\/p>\n<p>\u2013 Hortol\u00e2ndia: 37,5\u00b0C<\/p>\n<p>\u2013 S\u00e3o Pedro: 37,5\u00b0C<\/p>\n<p>\u2013 Jaguari\u00fana: 37,4\u00b0C<\/p>\n<p>\u2013 Artur Nogueira: 37,3\u00b0C<\/p>\n<p>\u2013 Paulo de Faria: 37,3\u00b0C<\/p>\n<p>\u2013 Nova Odessa: 37,3\u00b0C<\/p>\n<p>\u2013 Pindamonhangaba: 37,2\u00b0C<\/p>\n<p>\u2013 Cosm\u00f3polis: 37,2\u00b0C<\/p>\n<p>\u2013 S\u00e3o Paulo (Mirante): 37,2\u00b0C<\/p>\n<p>\u2013 Indaiatuba: 37,2\u00b0C<\/p>\n<p>\u2013 Mogi Gua\u00e7u: 37,1\u00b0C<\/p>\n<p>\u2013 Limeira: 37,1\u00b0C<\/p>\n<p>\u2013 Monte Mor: 37\u00b0C<\/p>\n<p>\u2013 Descalvado: 37\u00b0C<\/p>\n<p>\u2013 Socorro: 37\u00b0C<\/p>\n<p>Ribeir\u00e3o Preto: 37 C<\/p>\n<\/div>\n<p><script async src=\"\/\/platform.twitter.com\/widgets.js\" charset=\"utf-8\"><\/script><br \/>\n<br \/><br \/>\n<br \/><a href=\"https:\/\/www.tribunaribeirao.com.br\/recorde-de-calor-em-sp-cidades-do-estado-chegaram-a-42oc-neste-domingo\/\">Source link <\/a><\/p>\n<!-- CONTENT END 1 -->\n","protected":false},"excerpt":{"rendered":"<p>&#13; &#13; &#13; 29 de dezembro de 2025 08:18 &#13; Compartilhar0 Na regi\u00e3o, S\u00e3o Sim\u00e3o\u00a0 chegou aos 39 graus; Ribeir\u00e3o aos 37 Por Gon\u00e7alo Junior&#8230;<\/p>\n","protected":false},"author":1,"featured_media":81244,"comment_status":"open","ping_status":"open","sticky":false,"template":"","format":"standard","meta":{"advanced_seo_description":"","jetpack_seo_html_title":"","jetpack_seo_noindex":false,"jetpack_post_was_ever_published":false,"_jetpack_newsletter_access":"","_jetpack_dont_email_post_to_subs":false,"_jetpack_newsletter_tier_id":0,"_jetpack_memberships_contains_paywalled_content":false,"_jetpack_memberships_contains_paid_content":false,"footnotes":"","jetpack_publicize_message":"","jetpack_publicize_feature_enabled":true,"jetpack_social_post_already_shared":true,"jetpack_social_options":{"image_generator_settings":{"template":"highway","default_image_id":0,"font":"","enabled":false},"version":2}},"categories":[11],"tags":[],"class_list":["post-81243","post","type-post","status-publish","format-standard","has-post-thumbnail","hentry","category-noticias-de-ribeirao-preto-sp-e-regiao-ismael-colosi"],"jetpack_publicize_connections":[],"jetpack_featured_media_url":"https:\/\/i0.wp.com\/noticiasribeiraopreto.com.br\/wp-content\/uploads\/2025\/12\/onda-de-calor-europa-scaled-1-scaled-1.jpg?fit=1000%2C563&ssl=1","jetpack-related-posts":[{"id":41497,"url":"https:\/\/noticiasribeiraopreto.com.br\/index.php\/2024\/03\/08\/gerente-de-qualidade-agricola\/","url_meta":{"origin":81243,"position":0},"title":"Gerente de Qualidade Agr\u00edcola","author":"noticiasribeiraopreto.com.br","date":"8 de March de 2024","format":false,"excerpt":"Gerente Geral de Fazenda (Foco em alimenta\u00e7\u00e3o de gado leiteiro e de corte) Goi\u00e2nia\/Goi\u00e1sView JobGerente de Qualidade Agr\u00edcolaRegi\u00e3o de Barretos\/SPView JobGerente de Marcas - \u00c1rea de Marketing S\u00e3o Paulo\/SPView JobGerente de Controladoria Campinas e Regi\u00e3o Metropolitana\/SPView JobGerente de Contabilidade (Nacional e Internacional)Ribeir\u00e3o Preto\/SPView JobGerente S\u00eanior de ComprasInterior do Estado de\u2026","rel":"","context":"In &quot;Vagas de Emprego em Ribeir\u00e3o Preto-SP&quot;","block_context":{"text":"Vagas de Emprego em Ribeir\u00e3o Preto-SP","link":"https:\/\/noticiasribeiraopreto.com.br\/index.php\/category\/empregos-classificados-vagas-trabalho\/vagas-de-empregos-em-ribeirao-preto-regiao-brasil\/"},"img":{"alt_text":"","src":"","width":0,"height":0},"classes":[]},{"id":41707,"url":"https:\/\/noticiasribeiraopreto.com.br\/index.php\/2024\/03\/10\/gerente-geral-de-fazenda-foco-em-alimentacao-de-gado-leiteiro-e-de-corte\/","url_meta":{"origin":81243,"position":1},"title":"Gerente Geral de Fazenda (Foco em alimenta\u00e7\u00e3o de gado leiteiro e de corte)","author":"noticiasribeiraopreto.com.br","date":"10 de March de 2024","format":false,"excerpt":"Gerente Geral de Fazenda (Foco em alimenta\u00e7\u00e3o de gado leiteiro e de corte) Goi\u00e2nia\/Goi\u00e1sView JobGerente de Qualidade Agr\u00edcolaRegi\u00e3o de Barretos\/SPView JobGerente de Marcas - \u00c1rea de Marketing S\u00e3o Paulo\/SPView JobGerente de Controladoria Campinas e Regi\u00e3o Metropolitana\/SPView JobGerente de Contabilidade (Nacional e Internacional)Ribeir\u00e3o Preto\/SPView JobGerente S\u00eanior de ComprasInterior do Estado de\u2026","rel":"","context":"In &quot;Vagas de Emprego em Ribeir\u00e3o Preto-SP&quot;","block_context":{"text":"Vagas de Emprego em Ribeir\u00e3o Preto-SP","link":"https:\/\/noticiasribeiraopreto.com.br\/index.php\/category\/empregos-classificados-vagas-trabalho\/vagas-de-empregos-em-ribeirao-preto-regiao-brasil\/"},"img":{"alt_text":"","src":"","width":0,"height":0},"classes":[]},{"id":42016,"url":"https:\/\/noticiasribeiraopreto.com.br\/index.php\/2024\/03\/12\/analista-financeiro\/","url_meta":{"origin":81243,"position":2},"title":"Analista Financeiro","author":"noticiasribeiraopreto.com.br","date":"12 de March de 2024","format":false,"excerpt":"T\u00e9cnico Eletr\u00f4nico BancadaRibeir\u00e3o Preto SPView JobAnalista FinanceiroRibeir\u00e3o Preto SPView JobGerente Geral de Fazenda (Foco em alimenta\u00e7\u00e3o de gado leiteiro e de corte) Goi\u00e2nia\/Goi\u00e1sView JobGerente de Qualidade Agr\u00edcolaRegi\u00e3o de Barretos\/SPView JobGerente de Marcas - \u00c1rea de Marketing S\u00e3o Paulo\/SPView JobGerente de Controladoria Campinas e Regi\u00e3o Metropolitana\/SPView JobGerente de Contabilidade (Nacional e\u2026","rel":"","context":"In &quot;Vagas de Emprego em Ribeir\u00e3o Preto-SP&quot;","block_context":{"text":"Vagas de Emprego em Ribeir\u00e3o Preto-SP","link":"https:\/\/noticiasribeiraopreto.com.br\/index.php\/category\/empregos-classificados-vagas-trabalho\/vagas-de-empregos-em-ribeirao-preto-regiao-brasil\/"},"img":{"alt_text":"","src":"","width":0,"height":0},"classes":[]},{"id":41471,"url":"https:\/\/noticiasribeiraopreto.com.br\/index.php\/2024\/03\/08\/30-novas-vagas-de-emprego-em-ribeirao-preto-sp-95\/","url_meta":{"origin":81243,"position":3},"title":"30 novas vagas de emprego em Ribeir\u00e3o Preto-SP","author":"noticiasribeiraopreto.com.br","date":"8 de March de 2024","format":false,"excerpt":"Gerente Geral de Fazenda (Foco em alimenta\u00e7\u00e3o de gado leiteiro e de corte) Goi\u00e2nia\/Goi\u00e1sView JobGerente de Qualidade Agr\u00edcolaRegi\u00e3o de Barretos\/SPView JobGerente de Marcas - \u00c1rea de Marketing S\u00e3o Paulo\/SPView JobGerente de Controladoria Campinas e Regi\u00e3o Metropolitana\/SPView JobGerente de Contabilidade (Nacional e Internacional)Ribeir\u00e3o Preto\/SPView JobGerente S\u00eanior de ComprasInterior do Estado de\u2026","rel":"","context":"In &quot;Vagas de Emprego em Ribeir\u00e3o Preto-SP&quot;","block_context":{"text":"Vagas de Emprego em Ribeir\u00e3o Preto-SP","link":"https:\/\/noticiasribeiraopreto.com.br\/index.php\/category\/empregos-classificados-vagas-trabalho\/vagas-de-empregos-em-ribeirao-preto-regiao-brasil\/"},"img":{"alt_text":"","src":"","width":0,"height":0},"classes":[]},{"id":37631,"url":"https:\/\/noticiasribeiraopreto.com.br\/index.php\/2024\/02\/17\/30-novas-vagas-de-emprego-em-ribeirao-preto-sp-94\/","url_meta":{"origin":81243,"position":4},"title":"30 novas vagas de emprego em Ribeir\u00e3o Preto-SP","author":"noticiasribeiraopreto.com.br","date":"17 de February de 2024","format":false,"excerpt":"Analista de RH S\u00eaniorRegi\u00e3o de Ribeir\u00e3o Preto SPView JobGerente de P\u00f3s VendasRegi\u00e3o de Ribeir\u00e3o Preto SPView JobT\u00e9cnico de manuten\u00e7\u00e3o em compressores de ar parafuso Americana - SP View JobEngenheiro Agr\u00f4nomo de vendas (fertilizantes)Ara\u00e7atuba - SP View JobEngenheiro Agr\u00f4nomo de vendas (fertilizantes) Mar\u00edlia - SP View JobEngenheiro Agr\u00f4nomo de vendas (fertilizantes)Campinas\u2026","rel":"","context":"In &quot;Vagas de Emprego em Ribeir\u00e3o Preto-SP&quot;","block_context":{"text":"Vagas de Emprego em Ribeir\u00e3o Preto-SP","link":"https:\/\/noticiasribeiraopreto.com.br\/index.php\/category\/empregos-classificados-vagas-trabalho\/vagas-de-empregos-em-ribeirao-preto-regiao-brasil\/"},"img":{"alt_text":"","src":"","width":0,"height":0},"classes":[]},{"id":36827,"url":"https:\/\/noticiasribeiraopreto.com.br\/index.php\/2024\/02\/12\/analista-de-rh-senior\/","url_meta":{"origin":81243,"position":5},"title":"Analista de RH S\u00eanior","author":"noticiasribeiraopreto.com.br","date":"12 de February de 2024","format":false,"excerpt":"Analista de RH S\u00eaniorRegi\u00e3o de Ribeir\u00e3o Preto SPView JobGerente de P\u00f3s VendasRegi\u00e3o de Ribeir\u00e3o Preto SPView JobT\u00e9cnico de manuten\u00e7\u00e3o em compressores de ar parafuso Americana - SP View JobEngenheiro Agr\u00f4nomo de vendas (fertilizantes)Ara\u00e7atuba - SP View JobEngenheiro Agr\u00f4nomo de vendas (fertilizantes) Mar\u00edlia - SP View JobEngenheiro Agr\u00f4nomo de vendas (fertilizantes)Campinas\u2026","rel":"","context":"In &quot;Vagas de Emprego em Ribeir\u00e3o Preto-SP&quot;","block_context":{"text":"Vagas de Emprego em Ribeir\u00e3o Preto-SP","link":"https:\/\/noticiasribeiraopreto.com.br\/index.php\/category\/empregos-classificados-vagas-trabalho\/vagas-de-empregos-em-ribeirao-preto-regiao-brasil\/"},"img":{"alt_text":"","src":"","width":0,"height":0},"classes":[]}],"jetpack_sharing_enabled":true,"jetpack_shortlink":"https:\/\/wp.me\/peQAOb-l8n","_links":{"self":[{"href":"https:\/\/noticiasribeiraopreto.com.br\/index.php\/wp-json\/wp\/v2\/posts\/81243","targetHints":{"allow":["GET"]}}],"collection":[{"href":"https:\/\/noticiasribeiraopreto.com.br\/index.php\/wp-json\/wp\/v2\/posts"}],"about":[{"href":"https:\/\/noticiasribeiraopreto.com.br\/index.php\/wp-json\/wp\/v2\/types\/post"}],"author":[{"embeddable":true,"href":"https:\/\/noticiasribeiraopreto.com.br\/index.php\/wp-json\/wp\/v2\/users\/1"}],"replies":[{"embeddable":true,"href":"https:\/\/noticiasribeiraopreto.com.br\/index.php\/wp-json\/wp\/v2\/comments?post=81243"}],"version-history":[{"count":0,"href":"https:\/\/noticiasribeiraopreto.com.br\/index.php\/wp-json\/wp\/v2\/posts\/81243\/revisions"}],"wp:featuredmedia":[{"embeddable":true,"href":"https:\/\/noticiasribeiraopreto.com.br\/index.php\/wp-json\/wp\/v2\/media\/81244"}],"wp:attachment":[{"href":"https:\/\/noticiasribeiraopreto.com.br\/index.php\/wp-json\/wp\/v2\/media?parent=81243"}],"wp:term":[{"taxonomy":"category","embeddable":true,"href":"https:\/\/noticiasribeiraopreto.com.br\/index.php\/wp-json\/wp\/v2\/categories?post=81243"},{"taxonomy":"post_tag","embeddable":true,"href":"https:\/\/noticiasribeiraopreto.com.br\/index.php\/wp-json\/wp\/v2\/tags?post=81243"}],"curies":[{"name":"wp","href":"https:\/\/api.w.org\/{rel}","templated":true}]}}