{"id":81245,"date":"2025-12-29T11:08:53","date_gmt":"2025-12-29T14:08:53","guid":{"rendered":"https:\/\/noticiasribeiraopreto.com.br\/index.php\/2025\/12\/29\/morador-em-situacao-de-rua-fica-ferido-apos-levar-pedrada-na-cabeca-em-ribeirao-preto\/"},"modified":"2025-12-29T11:08:53","modified_gmt":"2025-12-29T14:08:53","slug":"morador-em-situacao-de-rua-fica-ferido-apos-levar-pedrada-na-cabeca-em-ribeirao-preto","status":"publish","type":"post","link":"https:\/\/noticiasribeiraopreto.com.br\/index.php\/2025\/12\/29\/morador-em-situacao-de-rua-fica-ferido-apos-levar-pedrada-na-cabeca-em-ribeirao-preto\/","title":{"rendered":"Morador em situa\u00e7\u00e3o de rua fica ferido ap\u00f3s levar pedrada na cabe\u00e7a em Ribeir\u00e3o Preto"},"content":{"rendered":"<div class='code-block code-block-1' style='margin: 8px 0 8px auto; text-align: right; display: block; clear: both;'>\n<p><a href=\"https:\/\/wa.link\/vpicfd\"><img data-recalc-dims=\"1\" class=\"wp-image-4922\" style=\"aspect-ratio: 2.0253164556962027; width: 561px; height: auto;\" src=\"https:\/\/i0.wp.com\/ismaelcolosi.com.br\/wp-content\/uploads\/2023\/11\/grupo-de-empregos-whatsapp-e-facebook-ismael-colosi-vagas.jpg?ssl=1\" alt=\"\" \/><\/a><\/p>\n<!-- \/wp:image -->\n<\/div>\n<p> <br \/>\n<\/p>\n<div id=\"post-450546\">&#13;<br \/>\n&#13;<\/p>\n<header class=\"entry-header penci-entry-header penci-title-center\">&#13;<br \/>\n\t\t\t\t\t\t\t\t&#13;<\/p>\n<p>&#13;<br \/>\n\t\t\t\t\t\t\t\t\t<span class=\"entry-meta-item penci-posted-on\"><i class=\"fa fa-clock-o\"\/><time class=\"entry-date published updated\" datetime=\"2025-12-29T11:08:46-03:00\">29 de dezembro de 2025 11:08<\/time><\/span><span class=\"entry-meta-item penci-post-countview\"\/>\t\t\t\t\t\t\t\t<\/p>\n<p><!-- .entry-meta -->&#13;<br \/>\n\t\t\t\t\t\t\t\t<span class=\"penci-social-buttons penci-social-share-footer\"><span class=\"penci-social-share-text\">Compartilhar<\/span><a href=\"#\" class=\"penci-post-like penci_post-meta_item  single-like-button penci-social-item like\" data-post_id=\"450546\" title=\"Like\" data-like=\"Like\" data-unlike=\"Unlike\"><i class=\"fa fa-thumbs-o-up\"\/><span class=\"penci-share-number\">0<\/span><\/a><i class=\"fa fa-facebook\"\/><a class=\"penci-social-item twitter\" target=\"_blank\" rel=\"noopener\" title=\"\" href=\"https:\/\/twitter.com\/intent\/tweet?text=Morador%20em%20situa\u00e7\u00e3o%20de%20rua%20fica%20ferido%20ap\u00f3s%20levar%20pedrada%20na%20cabe\u00e7a%20em%20Ribeir\u00e3o%20Preto%20-%20https:\/\/www.tribunaribeirao.com.br\/morador-em-situacao-de-rua-fica-ferido-apos-levar-pedrada-na-cabeca-em-ribeirao-preto\/\"><i class=\"fa fa-twitter\"\/><\/a><i class=\"fa fa-linkedin\"\/><i class=\"fa fa-whatsapp\"\/><i class=\"fa fa-telegram\"\/><i class=\"fa fa-envelope\"\/><\/span>\t\t\t\t\t\t\t<\/header>\n<p><!-- .entry-header -->&#13;<\/p>\n<div class=\"penci-entry-content entry-content\">\n<p>Um morador em situa\u00e7\u00e3o de rua ficou ferido ap\u00f3s levar uma pedrada na cabe\u00e7a na manh\u00e3 desta segunda-feira (29) depois de uma briga na Rua Martinico Prado na Vila Tib\u00e9rio em Ribeir\u00e3o Preto. A c\u00e2mera de seguran\u00e7a de um com\u00e9rcio flagrou o momento da agress\u00e3o.<\/p>\n<p>Na imagem, \u00e9 poss\u00edvel ver que quando o morador sai correndo, em seguida um outro homem aparece com uma pedra na m\u00e3o e joga na cabe\u00e7a dele. Na sequ\u00eancia, os motoristas acionam um agente de tr\u00e2nsito da RP Mobi, que passava no local, e ele interdita parte da rua at\u00e9 a chegada do Samu (Servi\u00e7o de Atendimento M\u00f3vel de Urg\u00eancia).<\/p>\n<figure id=\"attachment_450548\" aria-describedby=\"caption-attachment-450548\" style=\"width: 169px\" class=\"wp-caption alignnone\"><img data-recalc-dims=\"1\" loading=\"lazy\" decoding=\"async\" class=\"size-medium wp-image-450548 lazyload\" src=\"https:\/\/i0.wp.com\/www.tribunaribeirao.com.br\/wp-content\/uploads\/2025\/12\/WhatsApp-Image-2025-12-29-at-10.42.17-169x300.jpeg?resize=169%2C300&#038;ssl=1\" alt=\"\" width=\"169\" height=\"300\" srcset=\"https:\/\/www.tribunaribeirao.com.br\/wp-content\/uploads\/2025\/12\/WhatsApp-Image-2025-12-29-at-10.42.17-169x300.jpeg 169w, https:\/\/www.tribunaribeirao.com.br\/wp-content\/uploads\/2025\/12\/WhatsApp-Image-2025-12-29-at-10.42.17-576x1024.jpeg 576w, https:\/\/www.tribunaribeirao.com.br\/wp-content\/uploads\/2025\/12\/WhatsApp-Image-2025-12-29-at-10.42.17-768x1366.jpeg 768w, https:\/\/www.tribunaribeirao.com.br\/wp-content\/uploads\/2025\/12\/WhatsApp-Image-2025-12-29-at-10.42.17-864x1536.jpeg 864w, https:\/\/www.tribunaribeirao.com.br\/wp-content\/uploads\/2025\/12\/WhatsApp-Image-2025-12-29-at-10.42.17-225x400.jpeg 225w, https:\/\/www.tribunaribeirao.com.br\/wp-content\/uploads\/2025\/12\/WhatsApp-Image-2025-12-29-at-10.42.17-585x1041.jpeg 585w, https:\/\/www.tribunaribeirao.com.br\/wp-content\/uploads\/2025\/12\/WhatsApp-Image-2025-12-29-at-10.42.17-scaled.jpeg 439w\" data-sizes=\"(max-width: 169px) 100vw, 169px\" style=\"--smush-placeholder-width: 169px; --smush-placeholder-aspect-ratio: 169\/300;\"\/><figcaption id=\"caption-attachment-450548\" class=\"wp-caption-text\">Tr\u00e2nsito fica interditado ap\u00f3s agress\u00e3o a morador em situa\u00e7\u00e3o de rua | Foto: RP Mobi<\/figcaption><\/figure>\n<p>A v\u00edtima foi socorrida pelas equipes e levada para UPA Oeste, no bairro Sumarezinho, onde recebeu atendimento m\u00e9dico, mas o estado de sa\u00fade n\u00e3o foi divulgado. O homem que agrediu o morador ainda n\u00e3o foi identificado e a Pol\u00edcia Civil deve investigar o caso.<\/p>\n<\/div>\n<p><!-- .entry-content -->&#13;<br \/>\n&#13;<\/p>\n<footer class=\"penci-entry-footer\">&#13;<br \/>\n\t\t\t\t\t\t\t\t<span class=\"penci-social-buttons penci-social-share-footer\"><span class=\"penci-social-share-text\">Compartilhar<\/span><a href=\"#\" class=\"penci-post-like penci_post-meta_item  single-like-button penci-social-item like\" data-post_id=\"450546\" title=\"Like\" data-like=\"Like\" data-unlike=\"Unlike\"><i class=\"fa fa-thumbs-o-up\"\/><span class=\"penci-share-number\">0<\/span><\/a><i class=\"fa fa-facebook\"\/><a class=\"penci-social-item twitter\" target=\"_blank\" rel=\"noopener\" title=\"\" href=\"https:\/\/twitter.com\/intent\/tweet?text=Morador%20em%20situa\u00e7\u00e3o%20de%20rua%20fica%20ferido%20ap\u00f3s%20levar%20pedrada%20na%20cabe\u00e7a%20em%20Ribeir\u00e3o%20Preto%20-%20https:\/\/www.tribunaribeirao.com.br\/morador-em-situacao-de-rua-fica-ferido-apos-levar-pedrada-na-cabeca-em-ribeirao-preto\/\"><i class=\"fa fa-twitter\"\/><\/a><i class=\"fa fa-linkedin\"\/><i class=\"fa fa-whatsapp\"\/><i class=\"fa fa-telegram\"\/><i class=\"fa fa-envelope\"\/><\/span>\t\t\t\t\t\t\t<\/footer>\n<p><!-- .entry-footer -->&#13;\n\t\t\t\t\t\t<\/div>\n<p><script async src=\"\/\/platform.twitter.com\/widgets.js\" charset=\"utf-8\"><\/script><br \/>\n<br \/><br \/>\n<br \/><a href=\"https:\/\/www.tribunaribeirao.com.br\/morador-em-situacao-de-rua-fica-ferido-apos-levar-pedrada-na-cabeca-em-ribeirao-preto\/\">Source link <\/a><\/p>\n<!-- CONTENT END 1 -->\n","protected":false},"excerpt":{"rendered":"<p>&#13; &#13; &#13; &#13; &#13; 29 de dezembro de 2025 11:08 &#13; Compartilhar0 &#13; Um morador em situa\u00e7\u00e3o de rua ficou ferido ap\u00f3s levar uma&#8230;<\/p>\n","protected":false},"author":1,"featured_media":81246,"comment_status":"open","ping_status":"open","sticky":false,"template":"","format":"standard","meta":{"advanced_seo_description":"","jetpack_seo_html_title":"","jetpack_seo_noindex":false,"jetpack_post_was_ever_published":false,"_jetpack_newsletter_access":"","_jetpack_dont_email_post_to_subs":false,"_jetpack_newsletter_tier_id":0,"_jetpack_memberships_contains_paywalled_content":false,"_jetpack_memberships_contains_paid_content":false,"footnotes":"","jetpack_publicize_message":"","jetpack_publicize_feature_enabled":true,"jetpack_social_post_already_shared":true,"jetpack_social_options":{"image_generator_settings":{"template":"highway","default_image_id":0,"font":"","enabled":false},"version":2}},"categories":[11],"tags":[],"class_list":["post-81245","post","type-post","status-publish","format-standard","has-post-thumbnail","hentry","category-noticias-de-ribeirao-preto-sp-e-regiao-ismael-colosi"],"jetpack_publicize_connections":[],"jetpack_featured_media_url":"https:\/\/i0.wp.com\/noticiasribeiraopreto.com.br\/wp-content\/uploads\/2025\/12\/WhatsApp-Image-2025-12-29-at-10.42.32-scaled.jpeg?fit=1200%2C675&ssl=1","jetpack-related-posts":[{"id":46478,"url":"https:\/\/noticiasribeiraopreto.com.br\/index.php\/2024\/04\/11\/vaga-para-tecnico-de-controle-de-qualidade-em-ribeirao-preto\/","url_meta":{"origin":81245,"position":0},"title":"Vaga para T\u00e9cnico de Controle de Qualidade em Ribeir\u00e3o Preto","author":"noticiasribeiraopreto.com.br","date":"11 de April de 2024","format":false,"excerpt":"Vaga para T\u00e9cnico de Controle de Qualidade em Ribeir\u00e3o Preto 1 vaga para Supervisor de Produ\u00e7\u00e3o em Ribeir\u00e3o Preto - SPh\u00e1 4 horas 1 vaga para Auxiliar de Produ\u00e7\u00e3o - PCD em Ribeir\u00e3o Preto - SPh\u00e1 4 horas Vaga para Analista de Departamento Pessoal em Ribeir\u00e3o Pretoh\u00e1 5 horas Vaga\u2026","rel":"","context":"In &quot;Vagas de Emprego em Ribeir\u00e3o Preto-SP&quot;","block_context":{"text":"Vagas de Emprego em Ribeir\u00e3o Preto-SP","link":"https:\/\/noticiasribeiraopreto.com.br\/index.php\/category\/empregos-classificados-vagas-trabalho\/vagas-de-empregos-em-ribeirao-preto-regiao-brasil\/"},"img":{"alt_text":"","src":"","width":0,"height":0},"classes":[]},{"id":32616,"url":"https:\/\/noticiasribeiraopreto.com.br\/index.php\/2024\/01\/25\/vaga-para-auxiliar-de-controlador-de-pragas-em-ribeirao-preto-sp\/","url_meta":{"origin":81245,"position":1},"title":"Vaga para Auxiliar de Controlador de Pragas em Ribeir\u00e3o Preto &#8211; SP","author":"noticiasribeiraopreto.com.br","date":"25 de January de 2024","format":false,"excerpt":"Vaga para Auxiliar Administrativo em Ribeir\u00e3o Preto - SP Vaga para Analista Tribut\u00e1rio em Ribeir\u00e3o Preto Vaga para Auxiliar de Controlador de Pragas em Ribeir\u00e3o Preto - SP Vaga para Vendedora Online em Ribeir\u00e3o Preto Vaga para Auxiliar de Produ\u00e7\u00e3o em Ribeir\u00e3o Preto - SP Vaga para Estagi\u00e1rio em Eletroeletr\u00f4nica\u2026","rel":"","context":"In &quot;Vagas de Emprego em Ribeir\u00e3o Preto-SP&quot;","block_context":{"text":"Vagas de Emprego em Ribeir\u00e3o Preto-SP","link":"https:\/\/noticiasribeiraopreto.com.br\/index.php\/category\/empregos-classificados-vagas-trabalho\/vagas-de-empregos-em-ribeirao-preto-regiao-brasil\/"},"img":{"alt_text":"","src":"","width":0,"height":0},"classes":[]},{"id":24589,"url":"https:\/\/noticiasribeiraopreto.com.br\/index.php\/2024\/01\/04\/vaga-para-operador-de-empilhadeira-em-ribeirao-preto\/","url_meta":{"origin":81245,"position":2},"title":"Vaga para Operador de Empilhadeira em Ribeir\u00e3o Preto","author":"noticiasribeiraopreto.com.br","date":"4 de January de 2024","format":false,"excerpt":"Vaga para Analista de PCP em Ribeir\u00e3o Preto ou Bauru - SPh\u00e1 7 horas Vaga para Motorista Entregador em Ribeir\u00e3o Preto Vaga para Operador de Empilhadeira em Ribeir\u00e3o Preto Vaga para Expedidor I em Ribeir\u00e3o Preto Vaga para Analista de Desenvolvimento Humano em Ribeir\u00e3o Preto - SPh\u00e1 1 dia Vaga\u2026","rel":"","context":"In &quot;Vagas de Emprego em Ribeir\u00e3o Preto-SP&quot;","block_context":{"text":"Vagas de Emprego em Ribeir\u00e3o Preto-SP","link":"https:\/\/noticiasribeiraopreto.com.br\/index.php\/category\/empregos-classificados-vagas-trabalho\/vagas-de-empregos-em-ribeirao-preto-regiao-brasil\/"},"img":{"alt_text":"","src":"","width":0,"height":0},"classes":[]},{"id":29978,"url":"https:\/\/noticiasribeiraopreto.com.br\/index.php\/2024\/01\/19\/vaga-para-eletricista-de-manutencao-em-ribeirao-preto\/","url_meta":{"origin":81245,"position":3},"title":"Vaga para Eletricista de Manuten\u00e7\u00e3o em Ribeir\u00e3o Preto","author":"noticiasribeiraopreto.com.br","date":"19 de January de 2024","format":false,"excerpt":"Vaga para Assistente de Frota em Cravinhos Vaga para Eletricista de Manuten\u00e7\u00e3o em Ribeir\u00e3o Preto Vaga para Operador de M\u00e1quina de Usinagem CNC em Monte Alto - SP - Brasilh\u00e1 1 dia 1 vaga para Lavador em Cravinhos - SPh\u00e1 2 dias Vaga para Auxiliar de Produ\u00e7\u00e3o em Ribeir\u00e3o Preto\u2026","rel":"","context":"In &quot;Vagas de Emprego em Ribeir\u00e3o Preto-SP&quot;","block_context":{"text":"Vagas de Emprego em Ribeir\u00e3o Preto-SP","link":"https:\/\/noticiasribeiraopreto.com.br\/index.php\/category\/empregos-classificados-vagas-trabalho\/vagas-de-empregos-em-ribeirao-preto-regiao-brasil\/"},"img":{"alt_text":"","src":"","width":0,"height":0},"classes":[]},{"id":54759,"url":"https:\/\/noticiasribeiraopreto.com.br\/index.php\/2024\/07\/21\/vaga-para-auxiliar-de-expedicao-em-ribeirao-preto-sp\/","url_meta":{"origin":81245,"position":4},"title":"Vaga para Auxiliar de Expedi\u00e7\u00e3o em Ribeir\u00e3o Preto &#8211; SP","author":"noticiasribeiraopreto.com.br","date":"21 de July de 2024","format":false,"excerpt":"Vaga para Auxiliar de Expedi\u00e7\u00e3o em Ribeir\u00e3o Preto - SP Vaga para Auxiliar de Manuten\u00e7\u00e3o (Moto bomba e Motores) em Ribeir\u00e3o Pretoh\u00e1 2 dias Vaga para Coordenador de RH em Ribeir\u00e3o Preto - SPh\u00e1 2 dias Vaga para Assistente Administrativo em Ribeir\u00e3o Preto - SPh\u00e1 3 dias Vaga para Auxiliar\u2026","rel":"","context":"In &quot;Vagas de Emprego em Ribeir\u00e3o Preto-SP&quot;","block_context":{"text":"Vagas de Emprego em Ribeir\u00e3o Preto-SP","link":"https:\/\/noticiasribeiraopreto.com.br\/index.php\/category\/empregos-classificados-vagas-trabalho\/vagas-de-empregos-em-ribeirao-preto-regiao-brasil\/"},"img":{"alt_text":"","src":"","width":0,"height":0},"classes":[]},{"id":16828,"url":"https:\/\/noticiasribeiraopreto.com.br\/index.php\/2023\/12\/16\/vaga-para-auxiliar-de-expedicao-em-ribeirao-preto-2\/","url_meta":{"origin":81245,"position":5},"title":"Vaga para Auxiliar de Expedi\u00e7\u00e3o em Ribeir\u00e3o Preto","author":"noticiasribeiraopreto.com.br","date":"16 de December de 2023","format":false,"excerpt":"Vaga para Auxiliar de Expedi\u00e7\u00e3o em Ribeir\u00e3o Preto 1 vaga para Pintor de Ve\u00edculos em Ribeir\u00e3o Preto - SPh\u00e1 3 dias Vaga para Auxiliar Administrativo de Log\u00edstica em Ribeir\u00e3o Pretoh\u00e1 4 dias Vaga para Analista de Garantia da Qualidade Jr. em Ribeir\u00e3o Preto - SP Vaga para T\u00e9cnico em Equipamento\u2026","rel":"","context":"In &quot;Vagas de Emprego em Ribeir\u00e3o Preto-SP&quot;","block_context":{"text":"Vagas de Emprego em Ribeir\u00e3o Preto-SP","link":"https:\/\/noticiasribeiraopreto.com.br\/index.php\/category\/empregos-classificados-vagas-trabalho\/vagas-de-empregos-em-ribeirao-preto-regiao-brasil\/"},"img":{"alt_text":"","src":"https:\/\/i0.wp.com\/noticiasribeiraopreto.com.br\/wp-content\/uploads\/2023\/12\/1702755228_8228989.jpg?fit=1200%2C675&ssl=1&resize=350%2C200","width":350,"height":200,"srcset":"https:\/\/i0.wp.com\/noticiasribeiraopreto.com.br\/wp-content\/uploads\/2023\/12\/1702755228_8228989.jpg?fit=1200%2C675&ssl=1&resize=350%2C200 1x, https:\/\/i0.wp.com\/noticiasribeiraopreto.com.br\/wp-content\/uploads\/2023\/12\/1702755228_8228989.jpg?fit=1200%2C675&ssl=1&resize=525%2C300 1.5x, https:\/\/i0.wp.com\/noticiasribeiraopreto.com.br\/wp-content\/uploads\/2023\/12\/1702755228_8228989.jpg?fit=1200%2C675&ssl=1&resize=700%2C400 2x, https:\/\/i0.wp.com\/noticiasribeiraopreto.com.br\/wp-content\/uploads\/2023\/12\/1702755228_8228989.jpg?fit=1200%2C675&ssl=1&resize=1050%2C600 3x"},"classes":[]}],"jetpack_sharing_enabled":true,"jetpack_shortlink":"https:\/\/wp.me\/peQAOb-l8p","_links":{"self":[{"href":"https:\/\/noticiasribeiraopreto.com.br\/index.php\/wp-json\/wp\/v2\/posts\/81245","targetHints":{"allow":["GET"]}}],"collection":[{"href":"https:\/\/noticiasribeiraopreto.com.br\/index.php\/wp-json\/wp\/v2\/posts"}],"about":[{"href":"https:\/\/noticiasribeiraopreto.com.br\/index.php\/wp-json\/wp\/v2\/types\/post"}],"author":[{"embeddable":true,"href":"https:\/\/noticiasribeiraopreto.com.br\/index.php\/wp-json\/wp\/v2\/users\/1"}],"replies":[{"embeddable":true,"href":"https:\/\/noticiasribeiraopreto.com.br\/index.php\/wp-json\/wp\/v2\/comments?post=81245"}],"version-history":[{"count":0,"href":"https:\/\/noticiasribeiraopreto.com.br\/index.php\/wp-json\/wp\/v2\/posts\/81245\/revisions"}],"wp:featuredmedia":[{"embeddable":true,"href":"https:\/\/noticiasribeiraopreto.com.br\/index.php\/wp-json\/wp\/v2\/media\/81246"}],"wp:attachment":[{"href":"https:\/\/noticiasribeiraopreto.com.br\/index.php\/wp-json\/wp\/v2\/media?parent=81245"}],"wp:term":[{"taxonomy":"category","embeddable":true,"href":"https:\/\/noticiasribeiraopreto.com.br\/index.php\/wp-json\/wp\/v2\/categories?post=81245"},{"taxonomy":"post_tag","embeddable":true,"href":"https:\/\/noticiasribeiraopreto.com.br\/index.php\/wp-json\/wp\/v2\/tags?post=81245"}],"curies":[{"name":"wp","href":"https:\/\/api.w.org\/{rel}","templated":true}]}}