{"id":81249,"date":"2025-12-29T15:18:17","date_gmt":"2025-12-29T18:18:17","guid":{"rendered":"https:\/\/noticiasribeiraopreto.com.br\/index.php\/2025\/12\/29\/cetras-morro-do-sao-bento-realiza-soltura-de-66-animais-silvestres-na-regiao-de-ribeirao-preto\/"},"modified":"2025-12-29T15:18:17","modified_gmt":"2025-12-29T18:18:17","slug":"cetras-morro-do-sao-bento-realiza-soltura-de-66-animais-silvestres-na-regiao-de-ribeirao-preto","status":"publish","type":"post","link":"https:\/\/noticiasribeiraopreto.com.br\/index.php\/2025\/12\/29\/cetras-morro-do-sao-bento-realiza-soltura-de-66-animais-silvestres-na-regiao-de-ribeirao-preto\/","title":{"rendered":"CETRAS Morro do S\u00e3o Bento realiza soltura de 66 animais silvestres na regi\u00e3o de Ribeir\u00e3o Preto"},"content":{"rendered":"<div class='code-block code-block-1' style='margin: 8px 0 8px auto; text-align: right; display: block; clear: both;'>\n<p><a href=\"https:\/\/wa.link\/vpicfd\"><img data-recalc-dims=\"1\" class=\"wp-image-4922\" style=\"aspect-ratio: 2.0253164556962027; width: 561px; height: auto;\" src=\"https:\/\/i0.wp.com\/ismaelcolosi.com.br\/wp-content\/uploads\/2023\/11\/grupo-de-empregos-whatsapp-e-facebook-ismael-colosi-vagas.jpg?ssl=1\" alt=\"\" \/><\/a><\/p>\n<!-- \/wp:image -->\n<\/div>\n<p> <br \/>\n<\/p>\n<div id=\"\">&#13;<br \/>\n\t\t\t\t\t\t\t\t&#13;<\/p>\n<p>&#13;<br \/>\n\t\t\t\t\t\t\t\t\t<span class=\"entry-meta-item penci-posted-on\"><i class=\"fa fa-clock-o\"\/><time class=\"entry-date published\" datetime=\"2025-12-29T15:15:13-03:00\">29 de dezembro de 2025 15:15<\/time><time class=\"updated\" datetime=\"2025-12-29T15:15:44-03:00\">29 de dezembro de 2025 15:15<\/time><\/span><span class=\"entry-meta-item penci-post-countview\"\/>\t\t\t\t\t\t\t\t<\/p>\n<p><!-- .entry-meta -->&#13;<br \/>\n\t\t\t\t\t\t\t\t<span class=\"penci-social-buttons penci-social-share-footer\"><span class=\"penci-social-share-text\">Compartilhar<\/span><a href=\"#\" class=\"penci-post-like penci_post-meta_item  single-like-button penci-social-item like\" data-post_id=\"450587\" title=\"Like\" data-like=\"Like\" data-unlike=\"Unlike\"><i class=\"fa fa-thumbs-o-up\"\/><span class=\"penci-share-number\">0<\/span><\/a><i class=\"fa fa-facebook\"\/><a class=\"penci-social-item twitter\" target=\"_blank\" rel=\"noopener\" title=\"\" href=\"https:\/\/twitter.com\/intent\/tweet?text=CETRAS%20Morro%20do%20S\u00e3o%20Bento%20realiza%20soltura%20de%2066%20animais%20silvestres%20na%20regi\u00e3o%20de%20Ribeir\u00e3o%20Preto%20-%20https:\/\/www.tribunaribeirao.com.br\/cetras-morro-do-sao-bento-realiza-soltura-de-66-animais-silvestres-na-regiao-de-ribeirao-preto\/\"><i class=\"fa fa-twitter\"\/><\/a><i class=\"fa fa-linkedin\"\/><i class=\"fa fa-whatsapp\"\/><i class=\"fa fa-telegram\"\/><i class=\"fa fa-envelope\"\/><\/span>\t\t\t\t\t\t\t<\/div>\n<div>\n<p>O Centro de Triagem e Reabilita\u00e7\u00e3o de Animais Silvestres (CETRAS) Morro do S\u00e3o Bento realizar\u00e1, nesta ter\u00e7a-feira (30), a soltura de 66 animais. A sa\u00edda dos animais acontecer\u00e1 \u00e0s 9h e o processo ser\u00e1 realizado em parceria com a Pol\u00edcia Ambiental. Os animais ser\u00e3o soltos em \u00e1reas de preserva\u00e7\u00e3o ambiental onde h\u00e1 incid\u00eancia das esp\u00e9cies na regi\u00e3o de Ribeir\u00e3o Preto.<\/p>\n<figure id=\"attachment_450589\" aria-describedby=\"caption-attachment-450589\" style=\"width: 146px\" class=\"wp-caption alignleft\"><img data-recalc-dims=\"1\" loading=\"lazy\" decoding=\"async\" class=\"wp-image-450589 lazyload\" src=\"https:\/\/i0.wp.com\/www.tribunaribeirao.com.br\/wp-content\/uploads\/2025\/12\/WhatsApp-Image-2025-12-29-at-15.10.10-139x300.jpeg?resize=146%2C315&#038;ssl=1\" alt=\"\" width=\"146\" height=\"315\" srcset=\"https:\/\/www.tribunaribeirao.com.br\/wp-content\/uploads\/2025\/12\/WhatsApp-Image-2025-12-29-at-15.10.10-139x300.jpeg 139w, https:\/\/www.tribunaribeirao.com.br\/wp-content\/uploads\/2025\/12\/WhatsApp-Image-2025-12-29-at-15.10.10-473x1024.jpeg 473w, https:\/\/www.tribunaribeirao.com.br\/wp-content\/uploads\/2025\/12\/WhatsApp-Image-2025-12-29-at-15.10.10-185x400.jpeg 185w, https:\/\/www.tribunaribeirao.com.br\/wp-content\/uploads\/2025\/12\/WhatsApp-Image-2025-12-29-at-15.10.10-585x1267.jpeg 585w, https:\/\/www.tribunaribeirao.com.br\/wp-content\/uploads\/2025\/12\/WhatsApp-Image-2025-12-29-at-15.10.10-scaled.jpeg 360w\" data-sizes=\"(max-width: 146px) 100vw, 146px\" style=\"--smush-placeholder-width: 146px; --smush-placeholder-aspect-ratio: 146\/315;\"\/><figcaption id=\"caption-attachment-450589\" class=\"wp-caption-text\">Saguis-de-tufo-preto ser\u00e3o soltos nesta ter\u00e7a-feira (30) | Divulga\u00e7\u00e3o \/ Prefeitura de Ribeir\u00e3o Preto<\/figcaption><\/figure>\n<p>\u201cAs solturas sempre acontecem ou em regi\u00f5es onde os animais foram resgatados ou em \u00e1reas onde h\u00e1 essas esp\u00e9cies, justamente para assegurarmos que esses animais estejam em ambientes caracter\u00edsticos e seguros para o desenvolvimento e conserva\u00e7\u00e3o dessas esp\u00e9cies. Esse \u00e9 o \u00faltimo processo do ano, totalizando 800 animais devolvidos \u00e1 natureza, de janeiro a dezembro\u201d, afirma Ot\u00e1vio Almeida, respons\u00e1vel t\u00e9cnico pelo CETRAS.<\/p>\n<p>Ao todo, retornar\u00e3o \u00e0 natureza 19 periquitos-de-encontro, 9 corujinhas-do-mato, 6 maritacas, 6 gavi\u00f5es-carij\u00f3, 4 carcar\u00e1, 3 avoantes, 3 su\u00edndaras, 2 frangos-d\u2019\u00e1gua, 2 gatos-mourisco, 2 ouri\u00e7os-cacheiro, 2 pica-paus do campo, 2 saguis-de-tufo-preto, 1 gavi\u00e3o-de-cauda-curta, 1 galinha-d\u2019\u00e1gua e 1 quiri-quiri.<\/p>\n<p>O CETRAS Morro do S\u00e3o Bento comp\u00f5e a rede de 28 CETRAS do Estado de S\u00e3o Paulo e \u00e9 destaque na regi\u00e3o e no Pa\u00eds. Os processos de reabilita\u00e7\u00e3o e soltura refor\u00e7am o objetivo e a miss\u00e3o do Centro, em conservar o meio ambiente.<\/p>\n<\/div>\n<p><script async src=\"\/\/platform.twitter.com\/widgets.js\" charset=\"utf-8\"><\/script><br \/>\n<br \/><br \/>\n<br \/><a href=\"https:\/\/www.tribunaribeirao.com.br\/cetras-morro-do-sao-bento-realiza-soltura-de-66-animais-silvestres-na-regiao-de-ribeirao-preto\/\">Source link <\/a><\/p>\n<!-- CONTENT END 1 -->\n","protected":false},"excerpt":{"rendered":"<p>&#13; &#13; &#13; 29 de dezembro de 2025 15:1529 de dezembro de 2025 15:15 &#13; Compartilhar0 O Centro de Triagem e Reabilita\u00e7\u00e3o de Animais Silvestres&#8230;<\/p>\n","protected":false},"author":1,"featured_media":81250,"comment_status":"open","ping_status":"open","sticky":false,"template":"","format":"standard","meta":{"advanced_seo_description":"","jetpack_seo_html_title":"","jetpack_seo_noindex":false,"jetpack_post_was_ever_published":false,"_jetpack_newsletter_access":"","_jetpack_dont_email_post_to_subs":false,"_jetpack_newsletter_tier_id":0,"_jetpack_memberships_contains_paywalled_content":false,"_jetpack_memberships_contains_paid_content":false,"footnotes":"","jetpack_publicize_message":"","jetpack_publicize_feature_enabled":true,"jetpack_social_post_already_shared":true,"jetpack_social_options":{"image_generator_settings":{"template":"highway","default_image_id":0,"font":"","enabled":false},"version":2}},"categories":[11],"tags":[],"class_list":["post-81249","post","type-post","status-publish","format-standard","has-post-thumbnail","hentry","category-noticias-de-ribeirao-preto-sp-e-regiao-ismael-colosi"],"jetpack_publicize_connections":[],"jetpack_featured_media_url":"https:\/\/i0.wp.com\/noticiasribeiraopreto.com.br\/wp-content\/uploads\/2025\/12\/WhatsApp-Image-2025-12-29-at-15.10.11.jpeg?fit=591%2C394&ssl=1","jetpack-related-posts":[{"id":60968,"url":"https:\/\/noticiasribeiraopreto.com.br\/index.php\/2024\/11\/30\/veja-como-foi-a-chegada-do-papai-noel-ao-centro-de-ribeirao-preto-video\/","url_meta":{"origin":81249,"position":0},"title":"Veja como foi a chegada do Papai Noel ao Centro de Ribeir\u00e3o Preto; V\u00eddeo","author":"noticiasribeiraopreto.com.br","date":"30 de November de 2024","format":false,"excerpt":"O Papai Noel chegou ao Centro de Ribeir\u00e3o Preto na manh\u00e3 deste s\u00e1bado (30) com a inaugura\u00e7\u00e3o da decora\u00e7\u00e3o natalina \u2013 veja o v\u00eddeo abaixo. O Bom Velhinho poder\u00e1 ser visitado no Centro Cultural Palace, de segunda a sexta-feira, das 15h \u00e0s 21h (com entrada at\u00e9 20h), e aos s\u00e1bados\u2026","rel":"","context":"In &quot;Not\u00edcias de Ribeir\u00e3o Preto-SP e Regi\u00e3o&quot;","block_context":{"text":"Not\u00edcias de Ribeir\u00e3o Preto-SP e Regi\u00e3o","link":"https:\/\/noticiasribeiraopreto.com.br\/index.php\/category\/noticias-de-ribeirao-preto-sp-e-regiao-ismael-colosi\/"},"img":{"alt_text":"","src":"https:\/\/i0.wp.com\/noticiasribeiraopreto.com.br\/wp-content\/uploads\/2024\/11\/papai-noel_2024-11-30_14-26-03_jpg_2024-11-30_14-26-03.webp.webp?fit=1195%2C858&ssl=1&resize=350%2C200","width":350,"height":200,"srcset":"https:\/\/i0.wp.com\/noticiasribeiraopreto.com.br\/wp-content\/uploads\/2024\/11\/papai-noel_2024-11-30_14-26-03_jpg_2024-11-30_14-26-03.webp.webp?fit=1195%2C858&ssl=1&resize=350%2C200 1x, https:\/\/i0.wp.com\/noticiasribeiraopreto.com.br\/wp-content\/uploads\/2024\/11\/papai-noel_2024-11-30_14-26-03_jpg_2024-11-30_14-26-03.webp.webp?fit=1195%2C858&ssl=1&resize=525%2C300 1.5x, https:\/\/i0.wp.com\/noticiasribeiraopreto.com.br\/wp-content\/uploads\/2024\/11\/papai-noel_2024-11-30_14-26-03_jpg_2024-11-30_14-26-03.webp.webp?fit=1195%2C858&ssl=1&resize=700%2C400 2x, https:\/\/i0.wp.com\/noticiasribeiraopreto.com.br\/wp-content\/uploads\/2024\/11\/papai-noel_2024-11-30_14-26-03_jpg_2024-11-30_14-26-03.webp.webp?fit=1195%2C858&ssl=1&resize=1050%2C600 3x"},"classes":[]},{"id":42533,"url":"https:\/\/noticiasribeiraopreto.com.br\/index.php\/2024\/03\/15\/agropecuaria-rio-das-antas-s-a-demonstracoes-financeiras-em-31-de-dezembro-de-2023-e-2022\/","url_meta":{"origin":81249,"position":1},"title":"AGROPECU\u00c1RIA RIO DAS ANTAS S.A \u2013 DEMONSTRA\u00c7\u00d5ES FINANCEIRAS EM 31 DE DEZEMBRO DE 2023 E 2022","author":"noticiasribeiraopreto.com.br","date":"15 de March de 2024","format":false,"excerpt":"O post AGROPECU\u00c1RIA RIO DAS ANTAS S.A \u2013 DEMONSTRA\u00c7\u00d5ES FINANCEIRAS EM 31 DE DEZEMBRO DE 2023 E 2022 apareceu primeiro em Jornal Tribuna Ribeir\u00e3o. Source link","rel":"","context":"In &quot;Not\u00edcias de Ribeir\u00e3o Preto-SP e Regi\u00e3o&quot;","block_context":{"text":"Not\u00edcias de Ribeir\u00e3o Preto-SP e Regi\u00e3o","link":"https:\/\/noticiasribeiraopreto.com.br\/index.php\/category\/noticias-de-ribeirao-preto-sp-e-regiao-ismael-colosi\/"},"img":{"alt_text":"","src":"https:\/\/i0.wp.com\/noticiasribeiraopreto.com.br\/wp-content\/uploads\/2024\/03\/1710500113_publicidade-legal.png?fit=700%2C450&ssl=1&resize=350%2C200","width":350,"height":200,"srcset":"https:\/\/i0.wp.com\/noticiasribeiraopreto.com.br\/wp-content\/uploads\/2024\/03\/1710500113_publicidade-legal.png?fit=700%2C450&ssl=1&resize=350%2C200 1x, https:\/\/i0.wp.com\/noticiasribeiraopreto.com.br\/wp-content\/uploads\/2024\/03\/1710500113_publicidade-legal.png?fit=700%2C450&ssl=1&resize=525%2C300 1.5x, https:\/\/i0.wp.com\/noticiasribeiraopreto.com.br\/wp-content\/uploads\/2024\/03\/1710500113_publicidade-legal.png?fit=700%2C450&ssl=1&resize=700%2C400 2x"},"classes":[]},{"id":60676,"url":"https:\/\/noticiasribeiraopreto.com.br\/index.php\/2024\/11\/21\/confira-os-bairros-que-o-papai-noel-vai-visitar-em-ribeirao-preto\/","url_meta":{"origin":81249,"position":2},"title":"Confira os bairros que o Papai Noel vai visitar em Ribeir\u00e3o Preto","author":"noticiasribeiraopreto.com.br","date":"21 de November de 2024","format":false,"excerpt":"O final de novembro marca o in\u00edcio do Natal em Ribeir\u00e3o Preto, com a chegada do Papai Noel ao Centro do munic\u00edpio e inaugura\u00e7\u00e3o da ilumina\u00e7\u00e3o especial de final de ano. Al\u00e9m de fazer a alegria dos pequenos e no Centro Cultural Palace, localizado no cruzamento das ruas \u00c1lvares de\u2026","rel":"","context":"In &quot;Not\u00edcias de Ribeir\u00e3o Preto-SP e Regi\u00e3o&quot;","block_context":{"text":"Not\u00edcias de Ribeir\u00e3o Preto-SP e Regi\u00e3o","link":"https:\/\/noticiasribeiraopreto.com.br\/index.php\/category\/noticias-de-ribeirao-preto-sp-e-regiao-ismael-colosi\/"},"img":{"alt_text":"","src":"https:\/\/i0.wp.com\/noticiasribeiraopreto.com.br\/wp-content\/uploads\/2024\/11\/5I6A6795-scaled-1.jpg?fit=1200%2C800&ssl=1&resize=350%2C200","width":350,"height":200,"srcset":"https:\/\/i0.wp.com\/noticiasribeiraopreto.com.br\/wp-content\/uploads\/2024\/11\/5I6A6795-scaled-1.jpg?fit=1200%2C800&ssl=1&resize=350%2C200 1x, https:\/\/i0.wp.com\/noticiasribeiraopreto.com.br\/wp-content\/uploads\/2024\/11\/5I6A6795-scaled-1.jpg?fit=1200%2C800&ssl=1&resize=525%2C300 1.5x, https:\/\/i0.wp.com\/noticiasribeiraopreto.com.br\/wp-content\/uploads\/2024\/11\/5I6A6795-scaled-1.jpg?fit=1200%2C800&ssl=1&resize=700%2C400 2x, https:\/\/i0.wp.com\/noticiasribeiraopreto.com.br\/wp-content\/uploads\/2024\/11\/5I6A6795-scaled-1.jpg?fit=1200%2C800&ssl=1&resize=1050%2C600 3x"},"classes":[]},{"id":16294,"url":"https:\/\/noticiasribeiraopreto.com.br\/index.php\/2023\/12\/15\/escola-pega-fogo-no-centro-de-ribeirao-preto\/","url_meta":{"origin":81249,"position":3},"title":"Escola pega fogo no Centro de Ribeir\u00e3o Preto","author":"noticiasribeiraopreto.com.br","date":"15 de December de 2023","format":false,"excerpt":"Segundo o Corpo de Bombeiros, n\u00e3o foi registrado nenhum ferido 15 de dezembro de 2023 | 10:4515 de dezembro de 2023 | 10:56 3Por: Adalberto LuqueUm inc\u00eandio atingiu o pr\u00e9dio onde funciona uma escola de idiomas, na noite desta quinta-feira (14). As chamas ocorreram no estabelecimento que funciona na Rua\u2026","rel":"","context":"In &quot;Not\u00edcias de Ribeir\u00e3o Preto-SP e Regi\u00e3o&quot;","block_context":{"text":"Not\u00edcias de Ribeir\u00e3o Preto-SP e Regi\u00e3o","link":"https:\/\/noticiasribeiraopreto.com.br\/index.php\/category\/noticias-de-ribeirao-preto-sp-e-regiao-ismael-colosi\/"},"img":{"alt_text":"","src":"https:\/\/i0.wp.com\/noticiasribeiraopreto.com.br\/wp-content\/uploads\/2023\/12\/00-15-dez-2023-incendio-centro-foto-redes-sociais-1.jpg?fit=473%2C255&ssl=1&resize=350%2C200","width":350,"height":200},"classes":[]},{"id":65798,"url":"https:\/\/noticiasribeiraopreto.com.br\/index.php\/2025\/03\/24\/principal-vestibular-de-acesso-a-usp-veja-quando-comecam-as-inscricoes-da-fuvest-2026\/","url_meta":{"origin":81249,"position":4},"title":"Principal vestibular de acesso \u00e0 USP: Veja quando come\u00e7am as inscri\u00e7\u00f5es da Fuvest 2026","author":"noticiasribeiraopreto.com.br","date":"24 de March de 2025","format":false,"excerpt":"A Fuvest (Funda\u00e7\u00e3o Universit\u00e1ria para o Vestibular) divulga o cronograma do Vestibular 2026, uma das principais portas de entrada \u00e0 USP (Universidade de S\u00e3o Paulo). A primeira fase ser\u00e1 realizada em 23 de novembro e a segunda, nos dias 14 e 15 de dezembro de 2025. Os locais de aplica\u00e7\u00e3o\u2026","rel":"","context":"In &quot;Not\u00edcias de Ribeir\u00e3o Preto-SP e Regi\u00e3o&quot;","block_context":{"text":"Not\u00edcias de Ribeir\u00e3o Preto-SP e Regi\u00e3o","link":"https:\/\/noticiasribeiraopreto.com.br\/index.php\/category\/noticias-de-ribeirao-preto-sp-e-regiao-ismael-colosi\/"},"img":{"alt_text":"","src":"https:\/\/i0.wp.com\/noticiasribeiraopreto.com.br\/wp-content\/uploads\/2025\/01\/21_2025-01-02_15-54-47_jpg_2025-01-02_15-54-47.webp.webp?fit=1200%2C767&ssl=1&resize=350%2C200","width":350,"height":200,"srcset":"https:\/\/i0.wp.com\/noticiasribeiraopreto.com.br\/wp-content\/uploads\/2025\/01\/21_2025-01-02_15-54-47_jpg_2025-01-02_15-54-47.webp.webp?fit=1200%2C767&ssl=1&resize=350%2C200 1x, https:\/\/i0.wp.com\/noticiasribeiraopreto.com.br\/wp-content\/uploads\/2025\/01\/21_2025-01-02_15-54-47_jpg_2025-01-02_15-54-47.webp.webp?fit=1200%2C767&ssl=1&resize=525%2C300 1.5x, https:\/\/i0.wp.com\/noticiasribeiraopreto.com.br\/wp-content\/uploads\/2025\/01\/21_2025-01-02_15-54-47_jpg_2025-01-02_15-54-47.webp.webp?fit=1200%2C767&ssl=1&resize=700%2C400 2x, https:\/\/i0.wp.com\/noticiasribeiraopreto.com.br\/wp-content\/uploads\/2025\/01\/21_2025-01-02_15-54-47_jpg_2025-01-02_15-54-47.webp.webp?fit=1200%2C767&ssl=1&resize=1050%2C600 3x"},"classes":[]},{"id":61531,"url":"https:\/\/noticiasribeiraopreto.com.br\/index.php\/2024\/12\/15\/chuva-continua-veja-a-previsao-do-tempo-para-ribeirao-preto-nos-proximos-sete-dias\/","url_meta":{"origin":81249,"position":5},"title":"Chuva continua? Veja a previs\u00e3o do tempo para Ribeir\u00e3o Preto nos pr\u00f3ximos sete dias","author":"noticiasribeiraopreto.com.br","date":"15 de December de 2024","format":false,"excerpt":"A chuva deve continuar em Ribeir\u00e3o Preto nos pr\u00f3ximos dias, segundo a Climatempo. Al\u00e9m disso, os meteorologistas apontam para riscos de temporais no final da pr\u00f3xima semana. As temperaturas na cidade devem ficar entre 17\u00b0C e 30\u00b0C. Confira a previs\u00e3o do tempo Segunda-feira, 16 de dezembroM\u00e1xima: 27\u00b0CM\u00ednima: 20\u00b0CSol com algumas\u2026","rel":"","context":"In &quot;Not\u00edcias de Ribeir\u00e3o Preto-SP e Regi\u00e3o&quot;","block_context":{"text":"Not\u00edcias de Ribeir\u00e3o Preto-SP e Regi\u00e3o","link":"https:\/\/noticiasribeiraopreto.com.br\/index.php\/category\/noticias-de-ribeirao-preto-sp-e-regiao-ismael-colosi\/"},"img":{"alt_text":"","src":"https:\/\/i0.wp.com\/noticiasribeiraopreto.com.br\/wp-content\/uploads\/2024\/12\/chuva-ribeirao-preto_2024-12-15_20-55-28_jpeg_2024-12-15_20-55-29.webp.webp?fit=1200%2C900&ssl=1&resize=350%2C200","width":350,"height":200,"srcset":"https:\/\/i0.wp.com\/noticiasribeiraopreto.com.br\/wp-content\/uploads\/2024\/12\/chuva-ribeirao-preto_2024-12-15_20-55-28_jpeg_2024-12-15_20-55-29.webp.webp?fit=1200%2C900&ssl=1&resize=350%2C200 1x, https:\/\/i0.wp.com\/noticiasribeiraopreto.com.br\/wp-content\/uploads\/2024\/12\/chuva-ribeirao-preto_2024-12-15_20-55-28_jpeg_2024-12-15_20-55-29.webp.webp?fit=1200%2C900&ssl=1&resize=525%2C300 1.5x, https:\/\/i0.wp.com\/noticiasribeiraopreto.com.br\/wp-content\/uploads\/2024\/12\/chuva-ribeirao-preto_2024-12-15_20-55-28_jpeg_2024-12-15_20-55-29.webp.webp?fit=1200%2C900&ssl=1&resize=700%2C400 2x, https:\/\/i0.wp.com\/noticiasribeiraopreto.com.br\/wp-content\/uploads\/2024\/12\/chuva-ribeirao-preto_2024-12-15_20-55-28_jpeg_2024-12-15_20-55-29.webp.webp?fit=1200%2C900&ssl=1&resize=1050%2C600 3x"},"classes":[]}],"jetpack_sharing_enabled":true,"jetpack_shortlink":"https:\/\/wp.me\/peQAOb-l8t","_links":{"self":[{"href":"https:\/\/noticiasribeiraopreto.com.br\/index.php\/wp-json\/wp\/v2\/posts\/81249","targetHints":{"allow":["GET"]}}],"collection":[{"href":"https:\/\/noticiasribeiraopreto.com.br\/index.php\/wp-json\/wp\/v2\/posts"}],"about":[{"href":"https:\/\/noticiasribeiraopreto.com.br\/index.php\/wp-json\/wp\/v2\/types\/post"}],"author":[{"embeddable":true,"href":"https:\/\/noticiasribeiraopreto.com.br\/index.php\/wp-json\/wp\/v2\/users\/1"}],"replies":[{"embeddable":true,"href":"https:\/\/noticiasribeiraopreto.com.br\/index.php\/wp-json\/wp\/v2\/comments?post=81249"}],"version-history":[{"count":0,"href":"https:\/\/noticiasribeiraopreto.com.br\/index.php\/wp-json\/wp\/v2\/posts\/81249\/revisions"}],"wp:featuredmedia":[{"embeddable":true,"href":"https:\/\/noticiasribeiraopreto.com.br\/index.php\/wp-json\/wp\/v2\/media\/81250"}],"wp:attachment":[{"href":"https:\/\/noticiasribeiraopreto.com.br\/index.php\/wp-json\/wp\/v2\/media?parent=81249"}],"wp:term":[{"taxonomy":"category","embeddable":true,"href":"https:\/\/noticiasribeiraopreto.com.br\/index.php\/wp-json\/wp\/v2\/categories?post=81249"},{"taxonomy":"post_tag","embeddable":true,"href":"https:\/\/noticiasribeiraopreto.com.br\/index.php\/wp-json\/wp\/v2\/tags?post=81249"}],"curies":[{"name":"wp","href":"https:\/\/api.w.org\/{rel}","templated":true}]}}