{"id":81253,"date":"2025-12-30T06:38:38","date_gmt":"2025-12-30T09:38:38","guid":{"rendered":"https:\/\/noticiasribeiraopreto.com.br\/index.php\/2025\/12\/30\/suas-senhas-estao-seguras-pesquisa-mostra-quais-sao-as-mais-comuns-e-vulneraveis-do-brasil\/"},"modified":"2025-12-30T06:38:38","modified_gmt":"2025-12-30T09:38:38","slug":"suas-senhas-estao-seguras-pesquisa-mostra-quais-sao-as-mais-comuns-e-vulneraveis-do-brasil","status":"publish","type":"post","link":"https:\/\/noticiasribeiraopreto.com.br\/index.php\/2025\/12\/30\/suas-senhas-estao-seguras-pesquisa-mostra-quais-sao-as-mais-comuns-e-vulneraveis-do-brasil\/","title":{"rendered":"Suas senhas est\u00e3o seguras? Pesquisa mostra quais s\u00e3o as mais comuns e vulner\u00e1veis do Brasil"},"content":{"rendered":"<div class='code-block code-block-1' style='margin: 8px 0 8px auto; text-align: right; display: block; clear: both;'>\n<p><a href=\"https:\/\/wa.link\/vpicfd\"><img data-recalc-dims=\"1\" class=\"wp-image-4922\" style=\"aspect-ratio: 2.0253164556962027; width: 561px; height: auto;\" src=\"https:\/\/i0.wp.com\/ismaelcolosi.com.br\/wp-content\/uploads\/2023\/11\/grupo-de-empregos-whatsapp-e-facebook-ismael-colosi-vagas.jpg?ssl=1\" alt=\"\" \/><\/a><\/p>\n<!-- \/wp:image -->\n<\/div>\n<p> <br \/>\n<\/p>\n<div>\n<p>A s\u00e9tima edi\u00e7\u00e3o do levantamento anual sobre senhas mais comuns, conduzida pela NordPass em parceria com a NordStellar e pesquisadores independentes, aponta que a maioria dos brasileiros continua adotando combina\u00e7\u00f5es extremamente simples, independentemente da idade.<\/p>\n<p>O estudo analisou dados p\u00fablicos e reposit\u00f3rios da dark web entre <strong>setembro de 2024 e setembro de 2025<\/strong>, abrangendo 44 pa\u00edses e diferentes gera\u00e7\u00f5es, da gera\u00e7\u00e3o silenciosa (nascidos antes de 1946) \u00e0 gera\u00e7\u00e3o Z (1997-2007).<\/p>\n<figure class=\"wp-block-image aligncenter size-full\"><img data-recalc-dims=\"1\" fetchpriority=\"high\" decoding=\"async\" width=\"1000\" height=\"668\" src=\"https:\/\/i0.wp.com\/cdn.media-acidadeon.com.br\/ribeiraopreto\/wp-content\/uploads\/sites\/3\/2025\/12\/image_2025-12-29_22-10-10.webp?resize=1000%2C668&#038;ssl=1\" alt=\"senhas&#10;\" class=\"wp-image-140580\" title=\"Suas senhas est\u00e3o seguras? Pesquisa mostra quais s\u00e3o as mais comuns e vulner\u00e1veis do Brasil 1\" srcset=\"https:\/\/cdn.media-acidadeon.com.br\/ribeiraopreto\/wp-content\/uploads\/sites\/3\/2025\/12\/image_2025-12-29_22-10-10.webp 1000w, https:\/\/cdn.media-acidadeon.com.br\/ribeiraopreto\/wp-content\/uploads\/sites\/3\/2025\/12\/image_2025-12-29_22-10-10-300x200.webp 300w, https:\/\/cdn.media-acidadeon.com.br\/ribeiraopreto\/wp-content\/uploads\/sites\/3\/2025\/12\/image_2025-12-29_22-10-10-768x513.webp 768w, https:\/\/cdn.media-acidadeon.com.br\/ribeiraopreto\/wp-content\/uploads\/sites\/3\/2025\/12\/image_2025-12-29_22-10-10-696x465.webp 696w\" sizes=\"(max-width: 1000px) 100vw, 1000px\"\/><\/figure>\n<h3 class=\"wp-block-heading\"><strong>As senhas mais utilizadas no Brasil<\/strong><\/h3>\n<p>O levantamento mostra que a praticidade ainda supera a seguran\u00e7a digital:<\/p>\n<ol class=\"wp-block-list\">\n<li><strong>admin<\/strong> \u2013 mais de 2 milh\u00f5es de ocorr\u00eancias<\/li>\n<li><strong>123456<\/strong> \u2013 mais de 1,6 milh\u00e3o de ocorr\u00eancias<\/li>\n<li><strong>12345678<\/strong> \u2013 594 mil ocorr\u00eancias<\/li>\n<li><strong>gvt12345<\/strong> \u2013 96 mil ocorr\u00eancias<\/li>\n<li><strong>password<\/strong> \u2013 84 mil ocorr\u00eancias<\/li>\n<li><strong>mudar123<\/strong> \u2013 68 mil ocorr\u00eancias<\/li>\n<li><strong>1q2w3e4r<\/strong> \u2013 53 mil ocorr\u00eancias<\/li>\n<\/ol>\n<p>Senhas como \u201cgvt12345\u201d indicam o uso de credenciais padr\u00e3o de roteadores antigos, enquanto \u201cmudar123\u201d sugere que muitos usu\u00e1rios criam senhas tempor\u00e1rias e n\u00e3o as atualizam. Globalmente, \u201c123456\u201d lidera com 21,6 milh\u00f5es de ocorr\u00eancias, seguida por \u201cadmin\u201d, com 21,03 milh\u00f5es. Nos \u00faltimos sete anos, a combina\u00e7\u00e3o simples dominou o ranking em seis ocasi\u00f5es.<\/p>\n<div class=\"wp-block-image\">\n<figure class=\"aligncenter size-large\"><img data-recalc-dims=\"1\" loading=\"lazy\" decoding=\"async\" width=\"1024\" height=\"576\" src=\"https:\/\/i0.wp.com\/cdn.media-acidadeon.com.br\/ribeiraopreto\/wp-content\/uploads\/sites\/3\/2025\/06\/Copia-de-Copia-de-Copia-de-TAMANHO-EXATO-PARA-FOTOS-NO-SISTEMA-NOVO-2025-06-11T194516.435_2025-06-11_22-46-10-1024x576.webp?resize=1024%2C576&#038;ssl=1\" alt=\"Diversos sites foram afetados ap\u00f3s falha - Foto: Freepik\" class=\"wp-image-119565\" title=\"Suas senhas est\u00e3o seguras? Pesquisa mostra quais s\u00e3o as mais comuns e vulner\u00e1veis do Brasil 2\" srcset=\"https:\/\/cdn.media-acidadeon.com.br\/ribeiraopreto\/wp-content\/uploads\/sites\/3\/2025\/06\/Copia-de-Copia-de-Copia-de-TAMANHO-EXATO-PARA-FOTOS-NO-SISTEMA-NOVO-2025-06-11T194516.435_2025-06-11_22-46-10-1024x576.webp 1024w, https:\/\/cdn.media-acidadeon.com.br\/ribeiraopreto\/wp-content\/uploads\/sites\/3\/2025\/06\/Copia-de-Copia-de-Copia-de-TAMANHO-EXATO-PARA-FOTOS-NO-SISTEMA-NOVO-2025-06-11T194516.435_2025-06-11_22-46-10-300x169.webp 300w, https:\/\/cdn.media-acidadeon.com.br\/ribeiraopreto\/wp-content\/uploads\/sites\/3\/2025\/06\/Copia-de-Copia-de-Copia-de-TAMANHO-EXATO-PARA-FOTOS-NO-SISTEMA-NOVO-2025-06-11T194516.435_2025-06-11_22-46-10-768x432.webp 768w, https:\/\/cdn.media-acidadeon.com.br\/ribeiraopreto\/wp-content\/uploads\/sites\/3\/2025\/06\/Copia-de-Copia-de-Copia-de-TAMANHO-EXATO-PARA-FOTOS-NO-SISTEMA-NOVO-2025-06-11T194516.435_2025-06-11_22-46-10-696x392.webp 696w, https:\/\/cdn.media-acidadeon.com.br\/ribeiraopreto\/wp-content\/uploads\/sites\/3\/2025\/06\/Copia-de-Copia-de-Copia-de-TAMANHO-EXATO-PARA-FOTOS-NO-SISTEMA-NOVO-2025-06-11T194516.435_2025-06-11_22-46-10-1068x601.webp 1068w, https:\/\/cdn.media-acidadeon.com.br\/ribeiraopreto\/wp-content\/uploads\/sites\/3\/2025\/06\/Copia-de-Copia-de-Copia-de-TAMANHO-EXATO-PARA-FOTOS-NO-SISTEMA-NOVO-2025-06-11T194516.435_2025-06-11_22-46-10.webp 1200w\" sizes=\"auto, (max-width: 1024px) 100vw, 1024px\"\/><figcaption class=\"wp-element-caption\"> Foto: Freepik<\/figcaption><\/figure>\n<\/div>\n<h4 class=\"wp-block-heading\"><strong>Gera\u00e7\u00e3o Z tamb\u00e9m adota senhas fracas<\/strong><\/h4>\n<p>Apesar de crescerem em um ambiente digital, os jovens da Gera\u00e7\u00e3o Z n\u00e3o apresentam h\u00e1bitos significativamente melhores. Sequ\u00eancias num\u00e9ricas simples continuam sendo as preferidas, com pequenas varia\u00e7\u00f5es, incluindo termos da internet, como \u201cskibidi\u201d.<\/p>\n<p>Senhas simples podem ser quebradas em segundos por softwares automatizados. Padr\u00f5es como \u201c1q2w3e4r\u201d, baseados na proximidade das teclas, tamb\u00e9m s\u00e3o facilmente identificados por hackers.<\/p>\n<h4 class=\"wp-block-heading\"><strong>Como criar senhas realmente seguras?<\/strong><\/h4>\n<p><strong>Boas pr\u00e1ticas:<\/strong><\/p>\n<ul class=\"wp-block-list\">\n<li>Ter pelo menos 12 caracteres<\/li>\n<li>Combinar letras mai\u00fasculas, min\u00fasculas, n\u00fameros e s\u00edmbolos<\/li>\n<li>Evitar sequ\u00eancias, padr\u00f5es de teclado e informa\u00e7\u00f5es pessoais<\/li>\n<li>N\u00e3o reutilizar senhas em diferentes servi\u00e7os<\/li>\n<\/ul>\n<p><strong>Ferramentas recomendadas:<\/strong><\/p>\n<ul class=\"wp-block-list\">\n<li>Gerenciadores de senha<\/li>\n<li>Autentica\u00e7\u00e3o multifator (2FA)<\/li>\n<li>Passkeys<\/li>\n<li>Revis\u00e3o peri\u00f3dica das senhas<\/li>\n<\/ul>\n<p><strong>Erros comuns a evitar:<\/strong><\/p>\n<ul class=\"wp-block-list\">\n<li>Usar dados pessoais<\/li>\n<li>Repetir senhas em v\u00e1rias contas<\/li>\n<li>Anotar senhas em locais inseguros<\/li>\n<li>Compartilhar credenciais<\/li>\n<li>Utilizar combina\u00e7\u00f5es populares<\/li>\n<\/ul>\n<p><sub><sup><strong>Com informa\u00e7\u00f5es da TechTudo<\/strong><\/sup><\/sub><\/p>\n<hr class=\"wp-block-separator has-alpha-channel-opacity\"\/>\n<p>SAIBA MAIS<\/p>\n<p>Carro de aplicativo capota ap\u00f3s batida em cruzamento de Ribeir\u00e3o Preto<\/p>\n<h2 class=\"wp-block-heading\"><strong>FIQUE ON<\/strong><\/h2>\n<p>Fique ligado em tudo que acontece em Ribeir\u00e3o Preto e regi\u00e3o. Siga os perfis do<strong>\u00a0acidade on<\/strong>\u00a0no<a href=\"https:\/\/www.instagram.com\/acidadeonribeirao\" target=\"_blank\" rel=\"noreferrer noopener\">\u00a0Instagram\u00a0<\/a>e no\u00a0<a href=\"https:\/\/www.facebook.com\/acidadeonribeirao\/\" target=\"_blank\" rel=\"noreferrer noopener\">Facebook<\/a>.<\/p>\n<p>Receba not\u00edcias do<strong>\u00a0acidade on<\/strong>\u00a0no WhatsApp. Para entrar no grupo,\u00a0basta<a href=\"https:\/\/chat.whatsapp.com\/GFH9HUMUTHNFJdnyEd0xxq\" target=\"_blank\" rel=\"noreferrer noopener\">\u00a0clicar aqui<\/a>. Ou, acesse o nosso\u00a0Canal\u00a0<a href=\"https:\/\/whatsapp.com\/channel\/0029Vb6IQl1JENyAeS57fk2p\" target=\"_blank\" rel=\"noreferrer noopener\">clicando aqui<\/a>.<\/p>\n<p>Fa\u00e7a uma den\u00fancia ou sugira uma reportagem sobre Ribeir\u00e3o Preto e regi\u00e3o pelo WhatsApp: 16 99117 7802.<\/p>\n<p>VEJA TAMB\u00c9M<\/p>\n<p>Casquinha do McDonald\u2019s n\u00e3o \u00e9 sorvete?<\/p>\n<p><!-- AI CONTENT END 1 -->\n<\/div>\n<p><script async src=\"\/\/www.instagram.com\/embed.js\"><\/script><br \/>\n<br \/><br \/>\n<br \/><a href=\"https:\/\/www.acidadeon.com\/ribeiraopreto\/cotidiano\/suas-senhas-estao-seguras-veja-quais-sao-as-mais-comuns-e-vulneraveis-do-brasil\/\">Source link <\/a><\/p>\n<!-- CONTENT END 1 -->\n","protected":false},"excerpt":{"rendered":"<p>A s\u00e9tima edi\u00e7\u00e3o do levantamento anual sobre senhas mais comuns, conduzida pela NordPass em parceria com a NordStellar e pesquisadores independentes, aponta que a maioria&#8230;<\/p>\n","protected":false},"author":1,"featured_media":81254,"comment_status":"open","ping_status":"open","sticky":false,"template":"","format":"standard","meta":{"advanced_seo_description":"","jetpack_seo_html_title":"","jetpack_seo_noindex":false,"jetpack_post_was_ever_published":false,"_jetpack_newsletter_access":"","_jetpack_dont_email_post_to_subs":false,"_jetpack_newsletter_tier_id":0,"_jetpack_memberships_contains_paywalled_content":false,"_jetpack_memberships_contains_paid_content":false,"footnotes":"","jetpack_publicize_message":"","jetpack_publicize_feature_enabled":true,"jetpack_social_post_already_shared":true,"jetpack_social_options":{"image_generator_settings":{"template":"highway","default_image_id":0,"font":"","enabled":false},"version":2}},"categories":[11],"tags":[],"class_list":["post-81253","post","type-post","status-publish","format-standard","has-post-thumbnail","hentry","category-noticias-de-ribeirao-preto-sp-e-regiao-ismael-colosi"],"jetpack_publicize_connections":[],"jetpack_featured_media_url":"https:\/\/i0.wp.com\/noticiasribeiraopreto.com.br\/wp-content\/uploads\/2025\/12\/domingo-13_2025-12-29_22-13-14.webp.webp?fit=1200%2C675&ssl=1","jetpack-related-posts":[{"id":70883,"url":"https:\/\/noticiasribeiraopreto.com.br\/index.php\/2025\/05\/30\/jornal-da-franca-se-sua-senha-e-1234-voce-precisa-de-uma-boa-informacao-sobre-seguranca-digital\/","url_meta":{"origin":81253,"position":0},"title":"Jornal da Franca &#8211; Se sua senha \u00e9 1234, voc\u00ea precisa de uma boa informa\u00e7\u00e3o sobre seguran\u00e7a digital","author":"noticiasribeiraopreto.com.br","date":"30 de May de 2025","format":false,"excerpt":"Com o aumento das tentativas de golpes digitais, \u00e9 preciso entender o papel de uma senha forte na garantia de preserva\u00e7\u00e3o dos seus dados A senha da sua rede social \u00e9 o nome do seu gato + 123? Ou seu pr\u00f3prio nome combinado com essa sequ\u00eancia de n\u00fameros? Se sim,\u2026","rel":"","context":"In &quot;Not\u00edcias de Franca-SP&quot;","block_context":{"text":"Not\u00edcias de Franca-SP","link":"https:\/\/noticiasribeiraopreto.com.br\/index.php\/category\/noticias-de-ribeirao-preto-sp-e-regiao-ismael-colosi\/noticias-franca-sp\/"},"img":{"alt_text":"","src":"https:\/\/i0.wp.com\/noticiasribeiraopreto.com.br\/wp-content\/uploads\/2025\/05\/021932374-password.jpeg?fit=1000%2C663&ssl=1&resize=350%2C200","width":350,"height":200,"srcset":"https:\/\/i0.wp.com\/noticiasribeiraopreto.com.br\/wp-content\/uploads\/2025\/05\/021932374-password.jpeg?fit=1000%2C663&ssl=1&resize=350%2C200 1x, https:\/\/i0.wp.com\/noticiasribeiraopreto.com.br\/wp-content\/uploads\/2025\/05\/021932374-password.jpeg?fit=1000%2C663&ssl=1&resize=525%2C300 1.5x, https:\/\/i0.wp.com\/noticiasribeiraopreto.com.br\/wp-content\/uploads\/2025\/05\/021932374-password.jpeg?fit=1000%2C663&ssl=1&resize=700%2C400 2x"},"classes":[]},{"id":58302,"url":"https:\/\/noticiasribeiraopreto.com.br\/index.php\/2024\/09\/24\/idosa-e-obrigada-a-passar-cartoes-bancarios-e-senha-em-assalto-no-centro-de-ribeirao\/","url_meta":{"origin":81253,"position":1},"title":"Idosa\u00a0\u00e9 obrigada a passar\u00a0cart\u00f5es\u00a0banc\u00e1rios e senha\u00a0em assalto no Centro de Ribeir\u00e3o","author":"noticiasribeiraopreto.com.br","date":"24 de September de 2024","format":false,"excerpt":"Uma mulher de 88 anos foi obrigada a entregar seus cart\u00f5es banc\u00e1rios e a digitar a senha em uma m\u00e1quina que estava com um assaltante armado no Centro de Ribeir\u00e3o Preto. Foram roubados R$ 2,5 mil da idosa na manh\u00e3 do \u00faltimo dia 19 de setembro. Segundo o boletim de\u2026","rel":"","context":"In &quot;Not\u00edcias de Ribeir\u00e3o Preto-SP e Regi\u00e3o&quot;","block_context":{"text":"Not\u00edcias de Ribeir\u00e3o Preto-SP e Regi\u00e3o","link":"https:\/\/noticiasribeiraopreto.com.br\/index.php\/category\/noticias-de-ribeirao-preto-sp-e-regiao-ismael-colosi\/"},"img":{"alt_text":"","src":"https:\/\/i0.wp.com\/noticiasribeiraopreto.com.br\/wp-content\/uploads\/2024\/09\/pagamento-aproximacao-cartao.jpg?fit=1200%2C798&ssl=1&resize=350%2C200","width":350,"height":200,"srcset":"https:\/\/i0.wp.com\/noticiasribeiraopreto.com.br\/wp-content\/uploads\/2024\/09\/pagamento-aproximacao-cartao.jpg?fit=1200%2C798&ssl=1&resize=350%2C200 1x, https:\/\/i0.wp.com\/noticiasribeiraopreto.com.br\/wp-content\/uploads\/2024\/09\/pagamento-aproximacao-cartao.jpg?fit=1200%2C798&ssl=1&resize=525%2C300 1.5x, https:\/\/i0.wp.com\/noticiasribeiraopreto.com.br\/wp-content\/uploads\/2024\/09\/pagamento-aproximacao-cartao.jpg?fit=1200%2C798&ssl=1&resize=700%2C400 2x, https:\/\/i0.wp.com\/noticiasribeiraopreto.com.br\/wp-content\/uploads\/2024\/09\/pagamento-aproximacao-cartao.jpg?fit=1200%2C798&ssl=1&resize=1050%2C600 3x"},"classes":[]},{"id":77701,"url":"https:\/\/noticiasribeiraopreto.com.br\/index.php\/2025\/09\/24\/caminhao-caixa-fica-ate-hoje-para-mutirao\/","url_meta":{"origin":81253,"position":2},"title":"Caminh\u00e3o CAIXA fica at\u00e9 hoje para mutir\u00e3o","author":"noticiasribeiraopreto.com.br","date":"24 de September de 2025","format":false,"excerpt":"24 de setembro de 2025 11:3824 de setembro de 2025 11:390 Compartilhar0 Os moradores de Ribeir\u00e3o poder\u00e3o desfrutar de um mutir\u00e3o promovido pela CAIXA. Com a chegada do \u00a0 \u201cCaminh\u00e3o CAIXA\u201d a cidade ontem\u00a0 (23), a popula\u00e7\u00e3o poder\u00e1\u00a0 participar da segunda edi\u00e7\u00e3o do mutir\u00e3o Pop Rua Jud no munic\u00edpio paulista.\u2026","rel":"","context":"In &quot;Not\u00edcias de Ribeir\u00e3o Preto-SP e Regi\u00e3o&quot;","block_context":{"text":"Not\u00edcias de Ribeir\u00e3o Preto-SP e Regi\u00e3o","link":"https:\/\/noticiasribeiraopreto.com.br\/index.php\/category\/noticias-de-ribeirao-preto-sp-e-regiao-ismael-colosi\/"},"img":{"alt_text":"","src":"https:\/\/i0.wp.com\/noticiasribeiraopreto.com.br\/wp-content\/uploads\/2025\/09\/caminhao.jpg?fit=597%2C443&ssl=1&resize=350%2C200","width":350,"height":200,"srcset":"https:\/\/i0.wp.com\/noticiasribeiraopreto.com.br\/wp-content\/uploads\/2025\/09\/caminhao.jpg?fit=597%2C443&ssl=1&resize=350%2C200 1x, https:\/\/i0.wp.com\/noticiasribeiraopreto.com.br\/wp-content\/uploads\/2025\/09\/caminhao.jpg?fit=597%2C443&ssl=1&resize=525%2C300 1.5x"},"classes":[]},{"id":84022,"url":"https:\/\/noticiasribeiraopreto.com.br\/index.php\/2026\/03\/31\/cidades-da-regiao-de-ribeirao-preto-recebem-a-carreta-da-mamografia\/","url_meta":{"origin":81253,"position":3},"title":"Cidades da regi\u00e3o de Ribeir\u00e3o Preto recebem a carreta da mamografia","author":"noticiasribeiraopreto.com.br","date":"31 de March de 2026","format":false,"excerpt":"Ler o resumo da not\u00edcia Carretas da mamografia atendem mulheres em Santa Rosa do Viterbo (31\/03 a 11\/04) e Cajuru (14 a 25\/04), na regi\u00e3o de Ribeir\u00e3o Preto. P\u00fablico-alvo: mulheres acima de 35 anos que n\u00e3o fizeram exame nos \u00faltimos 12 meses; novas normas permitem atendimento sem pedido m\u00e9dico para\u2026","rel":"","context":"In &quot;Not\u00edcias de Ribeir\u00e3o Preto-SP e Regi\u00e3o&quot;","block_context":{"text":"Not\u00edcias de Ribeir\u00e3o Preto-SP e Regi\u00e3o","link":"https:\/\/noticiasribeiraopreto.com.br\/index.php\/category\/noticias-de-ribeirao-preto-sp-e-regiao-ismael-colosi\/"},"img":{"alt_text":"","src":"https:\/\/i0.wp.com\/noticiasribeiraopreto.com.br\/wp-content\/uploads\/2026\/03\/54033630180_1c22160734_k-1024x683-1_2026-03-31_12-06-34.webp.webp?fit=1024%2C683&ssl=1&resize=350%2C200","width":350,"height":200,"srcset":"https:\/\/i0.wp.com\/noticiasribeiraopreto.com.br\/wp-content\/uploads\/2026\/03\/54033630180_1c22160734_k-1024x683-1_2026-03-31_12-06-34.webp.webp?fit=1024%2C683&ssl=1&resize=350%2C200 1x, https:\/\/i0.wp.com\/noticiasribeiraopreto.com.br\/wp-content\/uploads\/2026\/03\/54033630180_1c22160734_k-1024x683-1_2026-03-31_12-06-34.webp.webp?fit=1024%2C683&ssl=1&resize=525%2C300 1.5x, https:\/\/i0.wp.com\/noticiasribeiraopreto.com.br\/wp-content\/uploads\/2026\/03\/54033630180_1c22160734_k-1024x683-1_2026-03-31_12-06-34.webp.webp?fit=1024%2C683&ssl=1&resize=700%2C400 2x"},"classes":[]},{"id":76494,"url":"https:\/\/noticiasribeiraopreto.com.br\/index.php\/2025\/08\/29\/conta-de-luz-continua-mais-cara-veja-por-que-a-bandeira-vermelha-foi-mantida-em-setembro\/","url_meta":{"origin":81253,"position":4},"title":"Conta de luz continua mais cara? Veja por que a bandeira vermelha foi mantida em setembro","author":"noticiasribeiraopreto.com.br","date":"29 de August de 2025","format":false,"excerpt":"A Ag\u00eancia Nacional de Energia El\u00e9trica (Aneel) confirmou que a bandeira vermelha patamar 2 permanecer\u00e1 em setembro, mantendo o acr\u00e9scimo de R$ 7,87 a cada 100 quilowatts-hora (kWh) consumidos nas contas de energia. A decis\u00e3o se deve \u00e0 necessidade de acionamento das usinas termel\u00e9tricas, mais caras, devido \u00e0 baixa quantidade\u2026","rel":"","context":"In &quot;Not\u00edcias de Ribeir\u00e3o Preto-SP e Regi\u00e3o&quot;","block_context":{"text":"Not\u00edcias de Ribeir\u00e3o Preto-SP e Regi\u00e3o","link":"https:\/\/noticiasribeiraopreto.com.br\/index.php\/category\/noticias-de-ribeirao-preto-sp-e-regiao-ismael-colosi\/"},"img":{"alt_text":"","src":"https:\/\/i0.wp.com\/noticiasribeiraopreto.com.br\/wp-content\/uploads\/2025\/08\/luz_2025-01-24_15-39-11_jpg_2025-01-24_15-39-11.webp.webp?fit=1200%2C859&ssl=1&resize=350%2C200","width":350,"height":200,"srcset":"https:\/\/i0.wp.com\/noticiasribeiraopreto.com.br\/wp-content\/uploads\/2025\/08\/luz_2025-01-24_15-39-11_jpg_2025-01-24_15-39-11.webp.webp?fit=1200%2C859&ssl=1&resize=350%2C200 1x, https:\/\/i0.wp.com\/noticiasribeiraopreto.com.br\/wp-content\/uploads\/2025\/08\/luz_2025-01-24_15-39-11_jpg_2025-01-24_15-39-11.webp.webp?fit=1200%2C859&ssl=1&resize=525%2C300 1.5x, https:\/\/i0.wp.com\/noticiasribeiraopreto.com.br\/wp-content\/uploads\/2025\/08\/luz_2025-01-24_15-39-11_jpg_2025-01-24_15-39-11.webp.webp?fit=1200%2C859&ssl=1&resize=700%2C400 2x, https:\/\/i0.wp.com\/noticiasribeiraopreto.com.br\/wp-content\/uploads\/2025\/08\/luz_2025-01-24_15-39-11_jpg_2025-01-24_15-39-11.webp.webp?fit=1200%2C859&ssl=1&resize=1050%2C600 3x"},"classes":[]},{"id":22098,"url":"https:\/\/noticiasribeiraopreto.com.br\/index.php\/2023\/12\/29\/caixa-tem-esta-bloqueado-veja-como-voltar-a-usar-o-aplicativo\/","url_meta":{"origin":81253,"position":5},"title":"CAIXA TEM est\u00e1 bloqueado? Veja como voltar a usar o aplicativo","author":"noticiasribeiraopreto.com.br","date":"29 de December de 2023","format":false,"excerpt":"O uso da internet est\u00e1 cada vez mais difundido no mundo. Atualmente, \u00e9 dif\u00edcil encontrar algu\u00e9m que n\u00e3o a utilize, nem que seja apenas de maneira remota. Contudo, n\u00e3o foi apenas o uso da rede que cresceu, mas tamb\u00e9m as dificuldades oriundas dela tamb\u00e9m est\u00e3o atingindo mais usu\u00e1rios no pa\u00eds.\u2026","rel":"","context":"In &quot;Vagas de Emprego em Ribeir\u00e3o Preto-SP&quot;","block_context":{"text":"Vagas de Emprego em Ribeir\u00e3o Preto-SP","link":"https:\/\/noticiasribeiraopreto.com.br\/index.php\/category\/empregos-classificados-vagas-trabalho\/vagas-de-empregos-em-ribeirao-preto-regiao-brasil\/"},"img":{"alt_text":"","src":"https:\/\/i0.wp.com\/noticiasribeiraopreto.com.br\/wp-content\/uploads\/2023\/12\/noticiasconcursos.com_.br-caixa-tem-esta-bloqueado-veja-como-voltar-a-usar-o-aplicativo-caixa-tem-reproducao-750x430.jpg?fit=750%2C430&ssl=1&resize=350%2C200","width":350,"height":200,"srcset":"https:\/\/i0.wp.com\/noticiasribeiraopreto.com.br\/wp-content\/uploads\/2023\/12\/noticiasconcursos.com_.br-caixa-tem-esta-bloqueado-veja-como-voltar-a-usar-o-aplicativo-caixa-tem-reproducao-750x430.jpg?fit=750%2C430&ssl=1&resize=350%2C200 1x, https:\/\/i0.wp.com\/noticiasribeiraopreto.com.br\/wp-content\/uploads\/2023\/12\/noticiasconcursos.com_.br-caixa-tem-esta-bloqueado-veja-como-voltar-a-usar-o-aplicativo-caixa-tem-reproducao-750x430.jpg?fit=750%2C430&ssl=1&resize=525%2C300 1.5x, https:\/\/i0.wp.com\/noticiasribeiraopreto.com.br\/wp-content\/uploads\/2023\/12\/noticiasconcursos.com_.br-caixa-tem-esta-bloqueado-veja-como-voltar-a-usar-o-aplicativo-caixa-tem-reproducao-750x430.jpg?fit=750%2C430&ssl=1&resize=700%2C400 2x"},"classes":[]}],"jetpack_sharing_enabled":true,"jetpack_shortlink":"https:\/\/wp.me\/peQAOb-l8x","_links":{"self":[{"href":"https:\/\/noticiasribeiraopreto.com.br\/index.php\/wp-json\/wp\/v2\/posts\/81253","targetHints":{"allow":["GET"]}}],"collection":[{"href":"https:\/\/noticiasribeiraopreto.com.br\/index.php\/wp-json\/wp\/v2\/posts"}],"about":[{"href":"https:\/\/noticiasribeiraopreto.com.br\/index.php\/wp-json\/wp\/v2\/types\/post"}],"author":[{"embeddable":true,"href":"https:\/\/noticiasribeiraopreto.com.br\/index.php\/wp-json\/wp\/v2\/users\/1"}],"replies":[{"embeddable":true,"href":"https:\/\/noticiasribeiraopreto.com.br\/index.php\/wp-json\/wp\/v2\/comments?post=81253"}],"version-history":[{"count":0,"href":"https:\/\/noticiasribeiraopreto.com.br\/index.php\/wp-json\/wp\/v2\/posts\/81253\/revisions"}],"wp:featuredmedia":[{"embeddable":true,"href":"https:\/\/noticiasribeiraopreto.com.br\/index.php\/wp-json\/wp\/v2\/media\/81254"}],"wp:attachment":[{"href":"https:\/\/noticiasribeiraopreto.com.br\/index.php\/wp-json\/wp\/v2\/media?parent=81253"}],"wp:term":[{"taxonomy":"category","embeddable":true,"href":"https:\/\/noticiasribeiraopreto.com.br\/index.php\/wp-json\/wp\/v2\/categories?post=81253"},{"taxonomy":"post_tag","embeddable":true,"href":"https:\/\/noticiasribeiraopreto.com.br\/index.php\/wp-json\/wp\/v2\/tags?post=81253"}],"curies":[{"name":"wp","href":"https:\/\/api.w.org\/{rel}","templated":true}]}}