{"id":81255,"date":"2025-12-30T06:45:29","date_gmt":"2025-12-30T09:45:29","guid":{"rendered":"https:\/\/noticiasribeiraopreto.com.br\/index.php\/2025\/12\/30\/telhado-de-galpao-desaba-e-deixa-uma-pessoa-morta-no-interior-de-sp\/"},"modified":"2025-12-30T06:45:29","modified_gmt":"2025-12-30T09:45:29","slug":"telhado-de-galpao-desaba-e-deixa-uma-pessoa-morta-no-interior-de-sp","status":"publish","type":"post","link":"https:\/\/noticiasribeiraopreto.com.br\/index.php\/2025\/12\/30\/telhado-de-galpao-desaba-e-deixa-uma-pessoa-morta-no-interior-de-sp\/","title":{"rendered":"Telhado de galp\u00e3o desaba e deixa uma pessoa morta no interior de SP"},"content":{"rendered":"<div class='code-block code-block-1' style='margin: 8px 0 8px auto; text-align: right; display: block; clear: both;'>\n<p><a href=\"https:\/\/wa.link\/vpicfd\"><img data-recalc-dims=\"1\" class=\"wp-image-4922\" style=\"aspect-ratio: 2.0253164556962027; width: 561px; height: auto;\" src=\"https:\/\/i0.wp.com\/ismaelcolosi.com.br\/wp-content\/uploads\/2023\/11\/grupo-de-empregos-whatsapp-e-facebook-ismael-colosi-vagas.jpg?ssl=1\" alt=\"\" \/><\/a><\/p>\n<!-- \/wp:image -->\n<\/div>\n<p> <br \/>\n<\/p>\n<div data-td-block-uid=\"tdi_95\">\n<div class=\"tdb-block-inner td-fix-index\">\n<p>O <strong>desabamento do telhado de um galp\u00e3o deixou uma pessoa morta <\/strong>na tarde desta segunda-feira (29), em Franca, no interior de S\u00e3o Paulo, ap\u00f3s uma forte chuva atingir a cidade. A identidade da v\u00edtima ainda n\u00e3o foi divulgada, mas trata-se de um cliente que estava no local.<\/p>\n<p>O caso ocorreu na avenida Rio Branco, na Vila Santos Dumont, onde parte do telhado da antiga f\u00e1brica Amazonas cedeu durante o temporal. <strong>Equipes do Corpo de Bombeiros foram acionadas para o atendimento da ocorr\u00eancia e resgate das v\u00edtimas.<\/strong><\/p>\n<div class=\"wp-block-image\">\n<figure class=\"aligncenter size-large is-resized\"><img data-recalc-dims=\"1\" fetchpriority=\"high\" decoding=\"async\" width=\"1024\" height=\"576\" src=\"https:\/\/i0.wp.com\/cdn.media-acidadeon.com.br\/ribeiraopreto\/wp-content\/uploads\/sites\/3\/2025\/12\/image_2025-12-29_20-00-53-1024x576.webp?resize=1024%2C576&#038;ssl=1\" alt=\"galp\u00e3o morte\" class=\"wp-image-140566\" style=\"width:857px;height:auto\" title=\"Telhado de galp\u00e3o desaba e deixa uma pessoa morta no interior de SP 1\" srcset=\"https:\/\/cdn.media-acidadeon.com.br\/ribeiraopreto\/wp-content\/uploads\/sites\/3\/2025\/12\/image_2025-12-29_20-00-53-1024x576.webp 1024w, https:\/\/cdn.media-acidadeon.com.br\/ribeiraopreto\/wp-content\/uploads\/sites\/3\/2025\/12\/image_2025-12-29_20-00-53-300x169.webp 300w, https:\/\/cdn.media-acidadeon.com.br\/ribeiraopreto\/wp-content\/uploads\/sites\/3\/2025\/12\/image_2025-12-29_20-00-53-768x432.webp 768w, https:\/\/cdn.media-acidadeon.com.br\/ribeiraopreto\/wp-content\/uploads\/sites\/3\/2025\/12\/image_2025-12-29_20-00-53-696x392.webp 696w, https:\/\/cdn.media-acidadeon.com.br\/ribeiraopreto\/wp-content\/uploads\/sites\/3\/2025\/12\/image_2025-12-29_20-00-53-1068x601.webp 1068w, https:\/\/cdn.media-acidadeon.com.br\/ribeiraopreto\/wp-content\/uploads\/sites\/3\/2025\/12\/image_2025-12-29_20-00-53.webp 1200w\" sizes=\"(max-width: 1024px) 100vw, 1024px\"\/><\/figure>\n<\/div>\n<p>De acordo com as informa\u00e7\u00f5es das equipes de resgate, al\u00e9m da v\u00edtima fatal, <strong>uma pessoa foi socorrida em estado grave<\/strong>, <strong>outra teve ferimentos leves<\/strong> e uma<strong> quarta v\u00edtima permanece desaparecida.<\/strong><\/p>\n<p>Imagens a\u00e9reas registradas com o aux\u00edlio de um drone mostram os danos estruturais e a destrui\u00e7\u00e3o causada no im\u00f3vel ap\u00f3s o desabamento.<\/p>\n<h3 class=\"wp-block-heading\"><strong>Veja v\u00eddeo:<\/strong><\/h3>\n<blockquote class=\"instagram-media\" data-instgrm-permalink=\"https:\/\/www.instagram.com\/reel\/DS3LmhkjvK7\/?utm_source=ig_embed&amp;utm_campaign=loading\" data-instgrm-version=\"14\" style=\" background:#FFF; border:0; border-radius:3px; box-shadow:0 0 1px 0 rgba(0,0,0,0.5),0 1px 10px 0 rgba(0,0,0,0.15); margin: 1px; max-width:540px; min-width:326px; padding:0; width:99.375%; width:-webkit-calc(100% - 2px); width:calc(100% - 2px);\"\/>\n<hr class=\"wp-block-separator has-alpha-channel-opacity\"\/>\n<p>SAIBA MAIS<\/p>\n<p>Carro de aplicativo capota ap\u00f3s batida em cruzamento de Ribeir\u00e3o Preto<\/p>\n<h2 class=\"wp-block-heading\"><strong>FIQUE ON<\/strong><\/h2>\n<p>Fique ligado em tudo que acontece em Ribeir\u00e3o Preto e regi\u00e3o. Siga os perfis do<strong>\u00a0acidade on<\/strong>\u00a0no<a href=\"https:\/\/www.instagram.com\/acidadeonribeirao\" target=\"_blank\" rel=\"noreferrer noopener\">\u00a0Instagram\u00a0<\/a>e no\u00a0<a href=\"https:\/\/www.facebook.com\/acidadeonribeirao\/\" target=\"_blank\" rel=\"noreferrer noopener\">Facebook<\/a>.<\/p>\n<p>Receba not\u00edcias do<strong>\u00a0acidade on<\/strong>\u00a0no WhatsApp. Para entrar no grupo,\u00a0basta<a href=\"https:\/\/chat.whatsapp.com\/GFH9HUMUTHNFJdnyEd0xxq\" target=\"_blank\" rel=\"noreferrer noopener\">\u00a0clicar aqui<\/a>. Ou, acesse o nosso\u00a0Canal\u00a0<a href=\"https:\/\/whatsapp.com\/channel\/0029Vb6IQl1JENyAeS57fk2p\" target=\"_blank\" rel=\"noreferrer noopener\">clicando aqui<\/a>.<\/p>\n<p>Fa\u00e7a uma den\u00fancia ou sugira uma reportagem sobre Ribeir\u00e3o Preto e regi\u00e3o pelo WhatsApp: 16 99117 7802.<\/p>\n<p>VEJA TAMB\u00c9M<\/p>\n<p>Casquinha do McDonald\u2019s n\u00e3o \u00e9 sorvete?<\/p>\n<p><!-- AI CONTENT END 1 -->\n<\/div>\n<\/div>\n<p><script async src=\"\/\/www.instagram.com\/embed.js\"><\/script><br \/>\n<br \/><br \/>\n<br \/><a href=\"https:\/\/www.acidadeon.com\/ribeiraopreto\/cotidiano\/telhado-de-galpao-desaba-e-deixa-uma-pessoa-morta-no-interior-de-sp\/\">Source link <\/a><\/p>\n<!-- CONTENT END 1 -->\n","protected":false},"excerpt":{"rendered":"<p>O desabamento do telhado de um galp\u00e3o deixou uma pessoa morta na tarde desta segunda-feira (29), em Franca, no interior de S\u00e3o Paulo, ap\u00f3s uma&#8230;<\/p>\n","protected":false},"author":1,"featured_media":81256,"comment_status":"open","ping_status":"open","sticky":false,"template":"","format":"standard","meta":{"advanced_seo_description":"","jetpack_seo_html_title":"","jetpack_seo_noindex":false,"jetpack_post_was_ever_published":false,"_jetpack_newsletter_access":"","_jetpack_dont_email_post_to_subs":false,"_jetpack_newsletter_tier_id":0,"_jetpack_memberships_contains_paywalled_content":false,"_jetpack_memberships_contains_paid_content":false,"footnotes":"","jetpack_publicize_message":"","jetpack_publicize_feature_enabled":true,"jetpack_social_post_already_shared":true,"jetpack_social_options":{"image_generator_settings":{"template":"highway","default_image_id":0,"font":"","enabled":false},"version":2}},"categories":[11],"tags":[],"class_list":["post-81255","post","type-post","status-publish","format-standard","has-post-thumbnail","hentry","category-noticias-de-ribeirao-preto-sp-e-regiao-ismael-colosi"],"jetpack_publicize_connections":[],"jetpack_featured_media_url":"https:\/\/i0.wp.com\/noticiasribeiraopreto.com.br\/wp-content\/uploads\/2025\/12\/image_2025-12-29_19-59-10.webp.webp?fit=1200%2C675&ssl=1","jetpack-related-posts":[{"id":61662,"url":"https:\/\/noticiasribeiraopreto.com.br\/index.php\/2024\/12\/18\/o-que-se-sabe-sobre-o-corpo-encontrado-em-telhado-de-casa-na-zona-sul-de-ribeirao\/","url_meta":{"origin":81255,"position":0},"title":"O que se sabe sobre o corpo encontrado em telhado de casa na zona Sul de Ribeir\u00e3o","author":"noticiasribeiraopreto.com.br","date":"18 de December de 2024","format":false,"excerpt":"Um corpo foi encontrado nesta ter\u00e7a-feira (17), em cima do telhado de uma resid\u00eancia na rua Altino Arantes, no Jardim Sumar\u00e9, zona Sul de Ribeir\u00e3o Preto. Consta no boletim de ocorr\u00eancia (BO) que a v\u00edtima era um homem, mas n\u00e3o foi poss\u00edvel a sua identifica\u00e7\u00e3o. Ainda conforme o registro, a\u2026","rel":"","context":"In &quot;Not\u00edcias de Ribeir\u00e3o Preto-SP e Regi\u00e3o&quot;","block_context":{"text":"Not\u00edcias de Ribeir\u00e3o Preto-SP e Regi\u00e3o","link":"https:\/\/noticiasribeiraopreto.com.br\/index.php\/category\/noticias-de-ribeirao-preto-sp-e-regiao-ismael-colosi\/"},"img":{"alt_text":"","src":"https:\/\/i0.wp.com\/noticiasribeiraopreto.com.br\/wp-content\/uploads\/2024\/12\/corpe_encontrado_1200x675_17122024155618_2024-12-17_19-22-53_jpg_2024-12-17_19-22-53.webp.webp?fit=1200%2C675&ssl=1&resize=350%2C200","width":350,"height":200,"srcset":"https:\/\/i0.wp.com\/noticiasribeiraopreto.com.br\/wp-content\/uploads\/2024\/12\/corpe_encontrado_1200x675_17122024155618_2024-12-17_19-22-53_jpg_2024-12-17_19-22-53.webp.webp?fit=1200%2C675&ssl=1&resize=350%2C200 1x, https:\/\/i0.wp.com\/noticiasribeiraopreto.com.br\/wp-content\/uploads\/2024\/12\/corpe_encontrado_1200x675_17122024155618_2024-12-17_19-22-53_jpg_2024-12-17_19-22-53.webp.webp?fit=1200%2C675&ssl=1&resize=525%2C300 1.5x, https:\/\/i0.wp.com\/noticiasribeiraopreto.com.br\/wp-content\/uploads\/2024\/12\/corpe_encontrado_1200x675_17122024155618_2024-12-17_19-22-53_jpg_2024-12-17_19-22-53.webp.webp?fit=1200%2C675&ssl=1&resize=700%2C400 2x, https:\/\/i0.wp.com\/noticiasribeiraopreto.com.br\/wp-content\/uploads\/2024\/12\/corpe_encontrado_1200x675_17122024155618_2024-12-17_19-22-53_jpg_2024-12-17_19-22-53.webp.webp?fit=1200%2C675&ssl=1&resize=1050%2C600 3x"},"classes":[]},{"id":79489,"url":"https:\/\/noticiasribeiraopreto.com.br\/index.php\/2025\/11\/02\/telhado-e-parede-de-oficina-de-automoveis-desabam-em-ribeirao-preto\/","url_meta":{"origin":81255,"position":1},"title":"Telhado e parede de oficina de autom\u00f3veis desabam em Ribeir\u00e3o Preto","author":"noticiasribeiraopreto.com.br","date":"2 de November de 2025","format":false,"excerpt":"2 de novembro de 2025 16:252 Compartilhar0 O telhado e a parede de uma oficina de autom\u00f3veis desabaram em Ribeir\u00e3o Preto (SP) no fim da manh\u00e3 de domingo (2). Nenhuma pessoa ficou ferida. O incidente aconteceu por volta das 11h no estabelecimento, que fica na Rua Capit\u00e3o Salom\u00e3o, no bairro\u2026","rel":"","context":"In &quot;Not\u00edcias de Ribeir\u00e3o Preto-SP e Regi\u00e3o&quot;","block_context":{"text":"Not\u00edcias de Ribeir\u00e3o Preto-SP e Regi\u00e3o","link":"https:\/\/noticiasribeiraopreto.com.br\/index.php\/category\/noticias-de-ribeirao-preto-sp-e-regiao-ismael-colosi\/"},"img":{"alt_text":"","src":"https:\/\/i0.wp.com\/noticiasribeiraopreto.com.br\/wp-content\/uploads\/2025\/11\/WhatsApp-Image-2025-11-02-at-15.39.21-scaled.jpeg?fit=1040%2C780&ssl=1&resize=350%2C200","width":350,"height":200,"srcset":"https:\/\/i0.wp.com\/noticiasribeiraopreto.com.br\/wp-content\/uploads\/2025\/11\/WhatsApp-Image-2025-11-02-at-15.39.21-scaled.jpeg?fit=1040%2C780&ssl=1&resize=350%2C200 1x, https:\/\/i0.wp.com\/noticiasribeiraopreto.com.br\/wp-content\/uploads\/2025\/11\/WhatsApp-Image-2025-11-02-at-15.39.21-scaled.jpeg?fit=1040%2C780&ssl=1&resize=525%2C300 1.5x, https:\/\/i0.wp.com\/noticiasribeiraopreto.com.br\/wp-content\/uploads\/2025\/11\/WhatsApp-Image-2025-11-02-at-15.39.21-scaled.jpeg?fit=1040%2C780&ssl=1&resize=700%2C400 2x"},"classes":[]},{"id":61635,"url":"https:\/\/noticiasribeiraopreto.com.br\/index.php\/2024\/12\/17\/corpo-em-avancado-estado-de-decomposicao-e-encontrado-em-telhado-de-casa-em-ribeirao-preto\/","url_meta":{"origin":81255,"position":2},"title":"Corpo em Avan\u00e7ado Estado de Decomposi\u00e7\u00e3o \u00e9 Encontrado em Telhado de Casa em Ribeir\u00e3o Preto","author":"noticiasribeiraopreto.com.br","date":"17 de December de 2024","format":false,"excerpt":"Na tarde desta ter\u00e7a-feira (17), um corpo em avan\u00e7ado estado de decomposi\u00e7\u00e3o foi localizado no telhado de uma resid\u00eancia no bairro Boulevard, em Ribeir\u00e3o Preto. O cad\u00e1ver foi descoberto ap\u00f3s moradores da regi\u00e3o relatarem \u00e0 pol\u00edcia um forte cheiro vindo do local. As autoridades foram acionadas e, ao chegarem na\u2026","rel":"","context":"In &quot;Not\u00edcias de Ribeir\u00e3o Preto-SP e Regi\u00e3o&quot;","block_context":{"text":"Not\u00edcias de Ribeir\u00e3o Preto-SP e Regi\u00e3o","link":"https:\/\/noticiasribeiraopreto.com.br\/index.php\/category\/noticias-de-ribeirao-preto-sp-e-regiao-ismael-colosi\/"},"img":{"alt_text":"","src":"https:\/\/i0.wp.com\/noticiasribeiraopreto.com.br\/wp-content\/uploads\/2024\/12\/Captura-de-tela-2024-12-17-221346-e1734484710563.png?fit=1200%2C640&ssl=1&resize=350%2C200","width":350,"height":200,"srcset":"https:\/\/i0.wp.com\/noticiasribeiraopreto.com.br\/wp-content\/uploads\/2024\/12\/Captura-de-tela-2024-12-17-221346-e1734484710563.png?fit=1200%2C640&ssl=1&resize=350%2C200 1x, https:\/\/i0.wp.com\/noticiasribeiraopreto.com.br\/wp-content\/uploads\/2024\/12\/Captura-de-tela-2024-12-17-221346-e1734484710563.png?fit=1200%2C640&ssl=1&resize=525%2C300 1.5x, https:\/\/i0.wp.com\/noticiasribeiraopreto.com.br\/wp-content\/uploads\/2024\/12\/Captura-de-tela-2024-12-17-221346-e1734484710563.png?fit=1200%2C640&ssl=1&resize=700%2C400 2x, https:\/\/i0.wp.com\/noticiasribeiraopreto.com.br\/wp-content\/uploads\/2024\/12\/Captura-de-tela-2024-12-17-221346-e1734484710563.png?fit=1200%2C640&ssl=1&resize=1050%2C600 3x"},"classes":[]},{"id":70364,"url":"https:\/\/noticiasribeiraopreto.com.br\/index.php\/2025\/05\/25\/acidente-entre-caminhao-e-carro-deixa-uma-pessoa-morta-e-cinco-feridas-no-interior-de-sp\/","url_meta":{"origin":81255,"position":3},"title":"Acidente entre caminh\u00e3o e carro deixa uma pessoa morta e cinco feridas no interior de SP","author":"noticiasribeiraopreto.com.br","date":"25 de May de 2025","format":false,"excerpt":"Um acidente entre um caminh\u00e3o e um carro deixou uma pessoa morta e outras cinco feridas na noite de s\u00e1bado (24), na vicinal que liga Buritizal a Igarapava, no interior de S\u00e3o Paulo. Todas as v\u00edtimas estavam no carro chegaram a ser socorridas para hospitais da regi\u00e3o. De acordo com\u2026","rel":"","context":"In &quot;Not\u00edcias de Ribeir\u00e3o Preto-SP e Regi\u00e3o&quot;","block_context":{"text":"Not\u00edcias de Ribeir\u00e3o Preto-SP e Regi\u00e3o","link":"https:\/\/noticiasribeiraopreto.com.br\/index.php\/category\/noticias-de-ribeirao-preto-sp-e-regiao-ismael-colosi\/"},"img":{"alt_text":"","src":"https:\/\/i0.wp.com\/noticiasribeiraopreto.com.br\/wp-content\/uploads\/2025\/05\/Copia-de-Copia-de-Copia-de-TAMANHO-EXATO-PARA-FOTOS-NO-SISTEMA-NOVO-93_2025-05-25_15-54-45.webp.webp?fit=1200%2C675&ssl=1&resize=350%2C200","width":350,"height":200,"srcset":"https:\/\/i0.wp.com\/noticiasribeiraopreto.com.br\/wp-content\/uploads\/2025\/05\/Copia-de-Copia-de-Copia-de-TAMANHO-EXATO-PARA-FOTOS-NO-SISTEMA-NOVO-93_2025-05-25_15-54-45.webp.webp?fit=1200%2C675&ssl=1&resize=350%2C200 1x, https:\/\/i0.wp.com\/noticiasribeiraopreto.com.br\/wp-content\/uploads\/2025\/05\/Copia-de-Copia-de-Copia-de-TAMANHO-EXATO-PARA-FOTOS-NO-SISTEMA-NOVO-93_2025-05-25_15-54-45.webp.webp?fit=1200%2C675&ssl=1&resize=525%2C300 1.5x, https:\/\/i0.wp.com\/noticiasribeiraopreto.com.br\/wp-content\/uploads\/2025\/05\/Copia-de-Copia-de-Copia-de-TAMANHO-EXATO-PARA-FOTOS-NO-SISTEMA-NOVO-93_2025-05-25_15-54-45.webp.webp?fit=1200%2C675&ssl=1&resize=700%2C400 2x, https:\/\/i0.wp.com\/noticiasribeiraopreto.com.br\/wp-content\/uploads\/2025\/05\/Copia-de-Copia-de-Copia-de-TAMANHO-EXATO-PARA-FOTOS-NO-SISTEMA-NOVO-93_2025-05-25_15-54-45.webp.webp?fit=1200%2C675&ssl=1&resize=1050%2C600 3x"},"classes":[]},{"id":69687,"url":"https:\/\/noticiasribeiraopreto.com.br\/index.php\/2025\/05\/08\/homem-ouve-barulho-no-telhado-de-casa-e-acha-projetil-de-arma-de-fogo-em-laje\/","url_meta":{"origin":81255,"position":4},"title":"Homem ouve barulho no telhado de casa e acha proj\u00e9til de arma de fogo em laje","author":"noticiasribeiraopreto.com.br","date":"8 de May de 2025","format":false,"excerpt":"Um homem ouviu um barulho no telhado de sua casa, no Parque S\u00e3o Sebasti\u00e3o, zona Leste de Ribeir\u00e3o Preto, e encontrou um proj\u00e9til de arma de fogo deflagrado na laje do im\u00f3vel. Ele disse \u00e0 pol\u00edcia que o fato ocorreu na tarde do \u00faltimo dia 14 de abril, na rua\u2026","rel":"","context":"In &quot;Not\u00edcias de Ribeir\u00e3o Preto-SP e Regi\u00e3o&quot;","block_context":{"text":"Not\u00edcias de Ribeir\u00e3o Preto-SP e Regi\u00e3o","link":"https:\/\/noticiasribeiraopreto.com.br\/index.php\/category\/noticias-de-ribeirao-preto-sp-e-regiao-ismael-colosi\/"},"img":{"alt_text":"","src":"https:\/\/i0.wp.com\/noticiasribeiraopreto.com.br\/wp-content\/uploads\/2025\/05\/1746714044_20220620_114539075_policia_qru_1024x576_25052021184749_jpg_715985292.jpg?fit=1200%2C606&ssl=1&resize=350%2C200","width":350,"height":200,"srcset":"https:\/\/i0.wp.com\/noticiasribeiraopreto.com.br\/wp-content\/uploads\/2025\/05\/1746714044_20220620_114539075_policia_qru_1024x576_25052021184749_jpg_715985292.jpg?fit=1200%2C606&ssl=1&resize=350%2C200 1x, https:\/\/i0.wp.com\/noticiasribeiraopreto.com.br\/wp-content\/uploads\/2025\/05\/1746714044_20220620_114539075_policia_qru_1024x576_25052021184749_jpg_715985292.jpg?fit=1200%2C606&ssl=1&resize=525%2C300 1.5x, https:\/\/i0.wp.com\/noticiasribeiraopreto.com.br\/wp-content\/uploads\/2025\/05\/1746714044_20220620_114539075_policia_qru_1024x576_25052021184749_jpg_715985292.jpg?fit=1200%2C606&ssl=1&resize=700%2C400 2x, https:\/\/i0.wp.com\/noticiasribeiraopreto.com.br\/wp-content\/uploads\/2025\/05\/1746714044_20220620_114539075_policia_qru_1024x576_25052021184749_jpg_715985292.jpg?fit=1200%2C606&ssl=1&resize=1050%2C600 3x"},"classes":[]},{"id":64084,"url":"https:\/\/noticiasribeiraopreto.com.br\/index.php\/2025\/03\/01\/acidente-entre-carro-e-caminhao-deixa-quatro-pessoas-mortas-e-duas-feridas-no-interior-de-sp\/","url_meta":{"origin":81255,"position":5},"title":"Acidente entre carro e caminh\u00e3o deixa quatro pessoas mortas e duas feridas no interior de SP","author":"noticiasribeiraopreto.com.br","date":"1 de March de 2025","format":false,"excerpt":"Na noite de sexta-feira (28), um grave acidente na rodovia Dr. Alpheu Rampazzo, que liga os munic\u00edpios de Ta\u00eduva e Taia\u00e7u, no interior de S\u00e3o Paulo, resultou na morte de quatro pessoas da mesma fam\u00edlia e deixou outras duas em estado grave. De acordo com o Corpo de Bombeiros, a\u2026","rel":"","context":"In &quot;Not\u00edcias de Ribeir\u00e3o Preto-SP e Regi\u00e3o&quot;","block_context":{"text":"Not\u00edcias de Ribeir\u00e3o Preto-SP e Regi\u00e3o","link":"https:\/\/noticiasribeiraopreto.com.br\/index.php\/category\/noticias-de-ribeirao-preto-sp-e-regiao-ismael-colosi\/"},"img":{"alt_text":"","src":"https:\/\/i0.wp.com\/noticiasribeiraopreto.com.br\/wp-content\/uploads\/2025\/03\/Copia-de-Copia-de-Copia-de-TAMANHO-EXATO-PARA-FOTOS-NO-SISTEMA-NOVO-2025-03-01T091105.182_2025-03-01_12-11-12_png_2025-03-01_12-11-12.webp.webp?fit=1200%2C675&ssl=1&resize=350%2C200","width":350,"height":200,"srcset":"https:\/\/i0.wp.com\/noticiasribeiraopreto.com.br\/wp-content\/uploads\/2025\/03\/Copia-de-Copia-de-Copia-de-TAMANHO-EXATO-PARA-FOTOS-NO-SISTEMA-NOVO-2025-03-01T091105.182_2025-03-01_12-11-12_png_2025-03-01_12-11-12.webp.webp?fit=1200%2C675&ssl=1&resize=350%2C200 1x, https:\/\/i0.wp.com\/noticiasribeiraopreto.com.br\/wp-content\/uploads\/2025\/03\/Copia-de-Copia-de-Copia-de-TAMANHO-EXATO-PARA-FOTOS-NO-SISTEMA-NOVO-2025-03-01T091105.182_2025-03-01_12-11-12_png_2025-03-01_12-11-12.webp.webp?fit=1200%2C675&ssl=1&resize=525%2C300 1.5x, https:\/\/i0.wp.com\/noticiasribeiraopreto.com.br\/wp-content\/uploads\/2025\/03\/Copia-de-Copia-de-Copia-de-TAMANHO-EXATO-PARA-FOTOS-NO-SISTEMA-NOVO-2025-03-01T091105.182_2025-03-01_12-11-12_png_2025-03-01_12-11-12.webp.webp?fit=1200%2C675&ssl=1&resize=700%2C400 2x, https:\/\/i0.wp.com\/noticiasribeiraopreto.com.br\/wp-content\/uploads\/2025\/03\/Copia-de-Copia-de-Copia-de-TAMANHO-EXATO-PARA-FOTOS-NO-SISTEMA-NOVO-2025-03-01T091105.182_2025-03-01_12-11-12_png_2025-03-01_12-11-12.webp.webp?fit=1200%2C675&ssl=1&resize=1050%2C600 3x"},"classes":[]}],"jetpack_sharing_enabled":true,"jetpack_shortlink":"https:\/\/wp.me\/peQAOb-l8z","_links":{"self":[{"href":"https:\/\/noticiasribeiraopreto.com.br\/index.php\/wp-json\/wp\/v2\/posts\/81255","targetHints":{"allow":["GET"]}}],"collection":[{"href":"https:\/\/noticiasribeiraopreto.com.br\/index.php\/wp-json\/wp\/v2\/posts"}],"about":[{"href":"https:\/\/noticiasribeiraopreto.com.br\/index.php\/wp-json\/wp\/v2\/types\/post"}],"author":[{"embeddable":true,"href":"https:\/\/noticiasribeiraopreto.com.br\/index.php\/wp-json\/wp\/v2\/users\/1"}],"replies":[{"embeddable":true,"href":"https:\/\/noticiasribeiraopreto.com.br\/index.php\/wp-json\/wp\/v2\/comments?post=81255"}],"version-history":[{"count":0,"href":"https:\/\/noticiasribeiraopreto.com.br\/index.php\/wp-json\/wp\/v2\/posts\/81255\/revisions"}],"wp:featuredmedia":[{"embeddable":true,"href":"https:\/\/noticiasribeiraopreto.com.br\/index.php\/wp-json\/wp\/v2\/media\/81256"}],"wp:attachment":[{"href":"https:\/\/noticiasribeiraopreto.com.br\/index.php\/wp-json\/wp\/v2\/media?parent=81255"}],"wp:term":[{"taxonomy":"category","embeddable":true,"href":"https:\/\/noticiasribeiraopreto.com.br\/index.php\/wp-json\/wp\/v2\/categories?post=81255"},{"taxonomy":"post_tag","embeddable":true,"href":"https:\/\/noticiasribeiraopreto.com.br\/index.php\/wp-json\/wp\/v2\/tags?post=81255"}],"curies":[{"name":"wp","href":"https:\/\/api.w.org\/{rel}","templated":true}]}}