{"id":81257,"date":"2025-12-30T06:55:15","date_gmt":"2025-12-30T09:55:15","guid":{"rendered":"https:\/\/noticiasribeiraopreto.com.br\/index.php\/2025\/12\/30\/bombeiros-resgatam-75-pessoas-nas-praias-de-sp-durante-o-fim-de-semana\/"},"modified":"2025-12-30T06:55:15","modified_gmt":"2025-12-30T09:55:15","slug":"bombeiros-resgatam-75-pessoas-nas-praias-de-sp-durante-o-fim-de-semana","status":"publish","type":"post","link":"https:\/\/noticiasribeiraopreto.com.br\/index.php\/2025\/12\/30\/bombeiros-resgatam-75-pessoas-nas-praias-de-sp-durante-o-fim-de-semana\/","title":{"rendered":"Bombeiros resgatam 75 pessoas nas praias de SP durante o fim de semana"},"content":{"rendered":"<div class='code-block code-block-1' style='margin: 8px 0 8px auto; text-align: right; display: block; clear: both;'>\n<p><a href=\"https:\/\/wa.link\/vpicfd\"><img data-recalc-dims=\"1\" class=\"wp-image-4922\" style=\"aspect-ratio: 2.0253164556962027; width: 561px; height: auto;\" src=\"https:\/\/i0.wp.com\/ismaelcolosi.com.br\/wp-content\/uploads\/2023\/11\/grupo-de-empregos-whatsapp-e-facebook-ismael-colosi-vagas.jpg?ssl=1\" alt=\"\" \/><\/a><\/p>\n<!-- \/wp:image -->\n<\/div>\n<p> <br \/>\n<\/p>\n<div>\n<p>Com o aumento do movimento nas praias durante o per\u00edodo de f\u00e9rias, o <strong>Corpo de Bombeiros ampliou as a\u00e7\u00f5es de salvamento<\/strong>, <strong>resgate e preven\u00e7\u00e3o em todo o litoral paulista<\/strong>. A estrat\u00e9gia busca reduzir acidentes e garantir mais seguran\u00e7a aos banhistas em meio ao crescimento expressivo do n\u00famero de turistas nesta \u00e9poca do ano.<\/p>\n<p>Entre os dias<strong> 26 e 28 de dezembro<\/strong>, as equipes atenderam <strong>49 ocorr\u00eancias de afogamento<\/strong>. No per\u00edodo, <strong>75 pessoas foram resgatadas com vida e uma morte foi registrada<\/strong>.<\/p>\n<figure class=\"wp-block-image aligncenter size-large is-resized\"><img data-recalc-dims=\"1\" fetchpriority=\"high\" decoding=\"async\" width=\"1024\" height=\"1024\" src=\"https:\/\/i0.wp.com\/cdn.media-acidadeon.com.br\/ribeiraopreto\/wp-content\/uploads\/sites\/3\/2025\/12\/SnapInsta-Ai_3748725011675721258_2025-12-29_20-41-33-1024x1024.webp?resize=1024%2C1024&#038;ssl=1\" alt=\"bombeiros&#10;\" class=\"wp-image-140572\" style=\"width:666px;height:auto\" title=\"Bombeiros resgatam 75 pessoas nas praias de SP durante o fim de semana 1\" srcset=\"https:\/\/cdn.media-acidadeon.com.br\/ribeiraopreto\/wp-content\/uploads\/sites\/3\/2025\/12\/SnapInsta-Ai_3748725011675721258_2025-12-29_20-41-33-1024x1024.webp 1024w, https:\/\/cdn.media-acidadeon.com.br\/ribeiraopreto\/wp-content\/uploads\/sites\/3\/2025\/12\/SnapInsta-Ai_3748725011675721258_2025-12-29_20-41-33-300x300.webp 300w, https:\/\/cdn.media-acidadeon.com.br\/ribeiraopreto\/wp-content\/uploads\/sites\/3\/2025\/12\/SnapInsta-Ai_3748725011675721258_2025-12-29_20-41-33-150x150.webp 150w, https:\/\/cdn.media-acidadeon.com.br\/ribeiraopreto\/wp-content\/uploads\/sites\/3\/2025\/12\/SnapInsta-Ai_3748725011675721258_2025-12-29_20-41-33-768x768.webp 768w, https:\/\/cdn.media-acidadeon.com.br\/ribeiraopreto\/wp-content\/uploads\/sites\/3\/2025\/12\/SnapInsta-Ai_3748725011675721258_2025-12-29_20-41-33-696x696.webp 696w, https:\/\/cdn.media-acidadeon.com.br\/ribeiraopreto\/wp-content\/uploads\/sites\/3\/2025\/12\/SnapInsta-Ai_3748725011675721258_2025-12-29_20-41-33-1068x1068.webp 1068w, https:\/\/cdn.media-acidadeon.com.br\/ribeiraopreto\/wp-content\/uploads\/sites\/3\/2025\/12\/SnapInsta-Ai_3748725011675721258_2025-12-29_20-41-33.webp 1080w\" sizes=\"(max-width: 1024px) 100vw, 1024px\"\/><\/figure>\n<h3 class=\"wp-block-heading\"><strong>Opera\u00e7\u00e3o Praia Segura <\/strong><\/h3>\n<p>A Opera\u00e7\u00e3o Praia Segura, iniciada em dezembro, segue em andamento at\u00e9 o fim de mar\u00e7o. <strong>A mobiliza\u00e7\u00e3o envolve cerca de mil profissionais<\/strong>, entre bombeiros e guarda-vidas tempor\u00e1rios, ampliando a cobertura nas praias e em outros locais com grande concentra\u00e7\u00e3o de pessoas durante o per\u00edodo de f\u00e9rias.<\/p>\n<blockquote class=\"instagram-media\" data-instgrm-permalink=\"https:\/\/www.instagram.com\/reel\/DRVYs_yjhGH\/?utm_source=ig_embed&amp;utm_campaign=loading\" data-instgrm-version=\"14\" style=\" background:#FFF; border:0; border-radius:3px; box-shadow:0 0 1px 0 rgba(0,0,0,0.5),0 1px 10px 0 rgba(0,0,0,0.15); margin: 1px; max-width:540px; min-width:326px; padding:0; width:99.375%; width:-webkit-calc(100% - 2px); width:calc(100% - 2px);\"\/>\n<h3 class=\"wp-block-heading\"><strong>Preven\u00e7\u00e3o \u00e9 a principal aliada<\/strong><\/h3>\n<p>Al\u00e9m dos atendimentos emergenciais, os bombeiros realizaram mais de 50 mil abordagens preventivas, orientando banhistas sobre cuidados b\u00e1sicos, comportamento seguro no mar e a necessidade de respeitar a sinaliza\u00e7\u00e3o instalada nas praias monitoradas.<\/p>\n<p>As correntes de retorno continuam sendo apontadas como o principal fator de risco no litoral paulista. Muitas v\u00edtimas entram em perigo ao avan\u00e7ar para \u00e1reas profundas sem conhecer as condi\u00e7\u00f5es do mar. Para enfrentar esse cen\u00e1rio, houve refor\u00e7o no efetivo, com o emprego de guarda-vidas, viaturas, embarca\u00e7\u00f5es e apoio a\u00e9reo, al\u00e9m de a\u00e7\u00f5es educativas cont\u00ednuas.<\/p>\n<hr class=\"wp-block-separator has-alpha-channel-opacity\"\/>\n<p>SAIBA MAIS<\/p>\n<p>Carro de aplicativo capota ap\u00f3s batida em cruzamento de Ribeir\u00e3o Preto<\/p>\n<h2 class=\"wp-block-heading\"><strong>FIQUE ON<\/strong><\/h2>\n<p>Fique ligado em tudo que acontece em Ribeir\u00e3o Preto e regi\u00e3o. Siga os perfis do<strong>\u00a0acidade on<\/strong>\u00a0no<a href=\"https:\/\/www.instagram.com\/acidadeonribeirao\" target=\"_blank\" rel=\"noreferrer noopener\">\u00a0Instagram\u00a0<\/a>e no\u00a0<a href=\"https:\/\/www.facebook.com\/acidadeonribeirao\/\" target=\"_blank\" rel=\"noreferrer noopener\">Facebook<\/a>.<\/p>\n<p>Receba not\u00edcias do<strong>\u00a0acidade on<\/strong>\u00a0no WhatsApp. Para entrar no grupo,\u00a0basta<a href=\"https:\/\/chat.whatsapp.com\/GFH9HUMUTHNFJdnyEd0xxq\" target=\"_blank\" rel=\"noreferrer noopener\">\u00a0clicar aqui<\/a>. Ou, acesse o nosso\u00a0Canal\u00a0<a href=\"https:\/\/whatsapp.com\/channel\/0029Vb6IQl1JENyAeS57fk2p\" target=\"_blank\" rel=\"noreferrer noopener\">clicando aqui<\/a>.<\/p>\n<p>Fa\u00e7a uma den\u00fancia ou sugira uma reportagem sobre Ribeir\u00e3o Preto e regi\u00e3o pelo WhatsApp: 16 99117 7802.<\/p>\n<p>VEJA TAMB\u00c9M<\/p>\n<p>Casquinha do McDonald\u2019s n\u00e3o \u00e9 sorvete?<\/p>\n<p><!-- AI CONTENT END 1 -->\n<\/div>\n<p><script async src=\"\/\/www.instagram.com\/embed.js\"><\/script><br \/>\n<br \/><br \/>\n<br \/><a href=\"https:\/\/www.acidadeon.com\/ribeiraopreto\/cotidiano\/bombeiros-resgatam-75-pessoas-nas-praias-de-sp-durante-o-fim-de-semana\/\">Source link <\/a><\/p>\n<!-- CONTENT END 1 -->\n","protected":false},"excerpt":{"rendered":"<p>Com o aumento do movimento nas praias durante o per\u00edodo de f\u00e9rias, o Corpo de Bombeiros ampliou as a\u00e7\u00f5es de salvamento, resgate e preven\u00e7\u00e3o em&#8230;<\/p>\n","protected":false},"author":1,"featured_media":81258,"comment_status":"open","ping_status":"open","sticky":false,"template":"","format":"standard","meta":{"advanced_seo_description":"","jetpack_seo_html_title":"","jetpack_seo_noindex":false,"jetpack_post_was_ever_published":false,"_jetpack_newsletter_access":"","_jetpack_dont_email_post_to_subs":false,"_jetpack_newsletter_tier_id":0,"_jetpack_memberships_contains_paywalled_content":false,"_jetpack_memberships_contains_paid_content":false,"footnotes":"","jetpack_publicize_message":"","jetpack_publicize_feature_enabled":true,"jetpack_social_post_already_shared":true,"jetpack_social_options":{"image_generator_settings":{"template":"highway","default_image_id":0,"font":"","enabled":false},"version":2}},"categories":[11],"tags":[],"class_list":["post-81257","post","type-post","status-publish","format-standard","has-post-thumbnail","hentry","category-noticias-de-ribeirao-preto-sp-e-regiao-ismael-colosi"],"jetpack_publicize_connections":[],"jetpack_featured_media_url":"https:\/\/i0.wp.com\/noticiasribeiraopreto.com.br\/wp-content\/uploads\/2025\/12\/image_2025-12-29_19-11-37.webp.webp?fit=1024%2C682&ssl=1","jetpack-related-posts":[{"id":58116,"url":"https:\/\/noticiasribeiraopreto.com.br\/index.php\/2024\/09\/19\/bombeiros-retomam-buscas-por-turista-de-ribeirao-desaparecido-em-praia-de-sp\/","url_meta":{"origin":81257,"position":0},"title":"Bombeiros retomam buscas por turista de Ribeir\u00e3o desaparecido em praia de SP","author":"noticiasribeiraopreto.com.br","date":"19 de September de 2024","format":false,"excerpt":"O Grupamento de Bombeiros Mar\u00edtimo (GBMar) retomou nesta quinta-feira (19) as buscas pelo morador de Ribeir\u00e3o Preto desaparecido desde domingo (15) na Praia do Mar Casado, localizada no bairro de Pernambuco, em Guaruj\u00e1 (SP). Assista ao v\u00eddeo abaixo. Segundo o GBMar, as opera\u00e7\u00f5es com objetivo de encontrar Alexssander Gregorio da\u2026","rel":"","context":"In &quot;Not\u00edcias de Ribeir\u00e3o Preto-SP e Regi\u00e3o&quot;","block_context":{"text":"Not\u00edcias de Ribeir\u00e3o Preto-SP e Regi\u00e3o","link":"https:\/\/noticiasribeiraopreto.com.br\/index.php\/category\/noticias-de-ribeirao-preto-sp-e-regiao-ismael-colosi\/"},"img":{"alt_text":"","src":"https:\/\/i0.wp.com\/noticiasribeiraopreto.com.br\/wp-content\/uploads\/2024\/09\/BUSCAS_2024-09-19_13-15-43_jpg_2024-09-19_13-15-43.webp.webp?fit=1200%2C861&ssl=1&resize=350%2C200","width":350,"height":200,"srcset":"https:\/\/i0.wp.com\/noticiasribeiraopreto.com.br\/wp-content\/uploads\/2024\/09\/BUSCAS_2024-09-19_13-15-43_jpg_2024-09-19_13-15-43.webp.webp?fit=1200%2C861&ssl=1&resize=350%2C200 1x, https:\/\/i0.wp.com\/noticiasribeiraopreto.com.br\/wp-content\/uploads\/2024\/09\/BUSCAS_2024-09-19_13-15-43_jpg_2024-09-19_13-15-43.webp.webp?fit=1200%2C861&ssl=1&resize=525%2C300 1.5x, https:\/\/i0.wp.com\/noticiasribeiraopreto.com.br\/wp-content\/uploads\/2024\/09\/BUSCAS_2024-09-19_13-15-43_jpg_2024-09-19_13-15-43.webp.webp?fit=1200%2C861&ssl=1&resize=700%2C400 2x, https:\/\/i0.wp.com\/noticiasribeiraopreto.com.br\/wp-content\/uploads\/2024\/09\/BUSCAS_2024-09-19_13-15-43_jpg_2024-09-19_13-15-43.webp.webp?fit=1200%2C861&ssl=1&resize=1050%2C600 3x"},"classes":[]},{"id":82514,"url":"https:\/\/noticiasribeiraopreto.com.br\/index.php\/2026\/02\/17\/bombeiros-resgatam-56-pessoas-de-afogamento-no-litoral-de-sp-durante-o-carnaval\/","url_meta":{"origin":81257,"position":1},"title":"Bombeiros resgatam 56 pessoas de afogamento no litoral de SP durante o Carnaval","author":"noticiasribeiraopreto.com.br","date":"17 de February de 2026","format":false,"excerpt":"O Carnaval no litoral norte paulista foi marcado por intensa atua\u00e7\u00e3o do GBMar (Grupamento de Bombeiros Mar\u00edtimo), do Corpo de Bombeiros, que resgatou 56 pessoas v\u00edtimas de afogamento entre s\u00e1bado (14) e domingo (15). O domingo (15) foi o dia que mais teve registros de v\u00edtimas salvas, com 34 resgates\u2026","rel":"","context":"In &quot;Not\u00edcias de Ribeir\u00e3o Preto-SP e Regi\u00e3o&quot;","block_context":{"text":"Not\u00edcias de Ribeir\u00e3o Preto-SP e Regi\u00e3o","link":"https:\/\/noticiasribeiraopreto.com.br\/index.php\/category\/noticias-de-ribeirao-preto-sp-e-regiao-ismael-colosi\/"},"img":{"alt_text":"","src":"https:\/\/i0.wp.com\/noticiasribeiraopreto.com.br\/wp-content\/uploads\/2026\/02\/bombeiros-afogamento_2026-02-16_19-30-10.webp.webp?fit=1200%2C946&ssl=1&resize=350%2C200","width":350,"height":200,"srcset":"https:\/\/i0.wp.com\/noticiasribeiraopreto.com.br\/wp-content\/uploads\/2026\/02\/bombeiros-afogamento_2026-02-16_19-30-10.webp.webp?fit=1200%2C946&ssl=1&resize=350%2C200 1x, https:\/\/i0.wp.com\/noticiasribeiraopreto.com.br\/wp-content\/uploads\/2026\/02\/bombeiros-afogamento_2026-02-16_19-30-10.webp.webp?fit=1200%2C946&ssl=1&resize=525%2C300 1.5x, https:\/\/i0.wp.com\/noticiasribeiraopreto.com.br\/wp-content\/uploads\/2026\/02\/bombeiros-afogamento_2026-02-16_19-30-10.webp.webp?fit=1200%2C946&ssl=1&resize=700%2C400 2x, https:\/\/i0.wp.com\/noticiasribeiraopreto.com.br\/wp-content\/uploads\/2026\/02\/bombeiros-afogamento_2026-02-16_19-30-10.webp.webp?fit=1200%2C946&ssl=1&resize=1050%2C600 3x"},"classes":[]},{"id":72804,"url":"https:\/\/noticiasribeiraopreto.com.br\/index.php\/2025\/06\/21\/video-oito-pessoas-morrem-apos-queda-de-balao-em-santa-catarina\/","url_meta":{"origin":81257,"position":2},"title":"V\u00cdDEO: Oito pessoas morrem ap\u00f3s queda de bal\u00e3o em Santa Catarina","author":"noticiasribeiraopreto.com.br","date":"21 de June de 2025","format":false,"excerpt":"21 de junho de 2025 12:343 Compartilhar0 Um bal\u00e3o tripulado caiu na manh\u00e3 deste s\u00e1bado (21) na cidade de Praia Grande, no sul de Santa Catarina, deixando oito mortos e treze sobreviventes, segundo informa\u00e7\u00f5es divulgadas pelo Corpo de Bombeiros. A aeronave, que transportava mais de 20 pessoas, pegou fogo ainda\u2026","rel":"","context":"In &quot;Not\u00edcias de Ribeir\u00e3o Preto-SP e Regi\u00e3o&quot;","block_context":{"text":"Not\u00edcias de Ribeir\u00e3o Preto-SP e Regi\u00e3o","link":"https:\/\/noticiasribeiraopreto.com.br\/index.php\/category\/noticias-de-ribeirao-preto-sp-e-regiao-ismael-colosi\/"},"img":{"alt_text":"","src":"https:\/\/i0.wp.com\/noticiasribeiraopreto.com.br\/wp-content\/uploads\/2025\/06\/balao_sc.jpeg?fit=719%2C509&ssl=1&resize=350%2C200","width":350,"height":200,"srcset":"https:\/\/i0.wp.com\/noticiasribeiraopreto.com.br\/wp-content\/uploads\/2025\/06\/balao_sc.jpeg?fit=719%2C509&ssl=1&resize=350%2C200 1x, https:\/\/i0.wp.com\/noticiasribeiraopreto.com.br\/wp-content\/uploads\/2025\/06\/balao_sc.jpeg?fit=719%2C509&ssl=1&resize=525%2C300 1.5x, https:\/\/i0.wp.com\/noticiasribeiraopreto.com.br\/wp-content\/uploads\/2025\/06\/balao_sc.jpeg?fit=719%2C509&ssl=1&resize=700%2C400 2x"},"classes":[]},{"id":51951,"url":"https:\/\/noticiasribeiraopreto.com.br\/index.php\/2024\/06\/01\/adolescente-de-14-anos-que-havia-desaparecido-no-litoral-de-sp-e-encontrada-morta\/","url_meta":{"origin":81257,"position":3},"title":"Adolescente de 14 anos que havia desaparecido no litoral de SP \u00e9 encontrada morta","author":"noticiasribeiraopreto.com.br","date":"1 de June de 2024","format":false,"excerpt":"A adolescente de 14 anos que havia desaparecido ap\u00f3s entrar no mar de uma praia de Ubatuba, litoral de S\u00e3o Paulo, foi encontrada morta neste s\u00e1bado (1\u00ba), em uma faixa de areia da praia, a cerca de cinco quil\u00f4metros do local onde foi vista pela \u00faltima vez. A jovem estava\u2026","rel":"","context":"In &quot;Not\u00edcias de Ribeir\u00e3o Preto-SP e Regi\u00e3o&quot;","block_context":{"text":"Not\u00edcias de Ribeir\u00e3o Preto-SP e Regi\u00e3o","link":"https:\/\/noticiasribeiraopreto.com.br\/index.php\/category\/noticias-de-ribeirao-preto-sp-e-regiao-ismael-colosi\/"},"img":{"alt_text":"","src":"https:\/\/i0.wp.com\/noticiasribeiraopreto.com.br\/wp-content\/uploads\/2024\/06\/praia_grande_1200x675_18112021123840.jpg?fit=1200%2C675&ssl=1&resize=350%2C200","width":350,"height":200,"srcset":"https:\/\/i0.wp.com\/noticiasribeiraopreto.com.br\/wp-content\/uploads\/2024\/06\/praia_grande_1200x675_18112021123840.jpg?fit=1200%2C675&ssl=1&resize=350%2C200 1x, https:\/\/i0.wp.com\/noticiasribeiraopreto.com.br\/wp-content\/uploads\/2024\/06\/praia_grande_1200x675_18112021123840.jpg?fit=1200%2C675&ssl=1&resize=525%2C300 1.5x, https:\/\/i0.wp.com\/noticiasribeiraopreto.com.br\/wp-content\/uploads\/2024\/06\/praia_grande_1200x675_18112021123840.jpg?fit=1200%2C675&ssl=1&resize=700%2C400 2x, https:\/\/i0.wp.com\/noticiasribeiraopreto.com.br\/wp-content\/uploads\/2024\/06\/praia_grande_1200x675_18112021123840.jpg?fit=1200%2C675&ssl=1&resize=1050%2C600 3x"},"classes":[]},{"id":58089,"url":"https:\/\/noticiasribeiraopreto.com.br\/index.php\/2024\/09\/18\/turista-de-24-anos-de-ribeirao-preto-desaparece-em-praia-de-sp\/","url_meta":{"origin":81257,"position":4},"title":"Turista de 24 anos de Ribeir\u00e3o Preto desaparece em praia de SP","author":"noticiasribeiraopreto.com.br","date":"18 de September de 2024","format":false,"excerpt":"Um jovem de 24 anos, morador de Ribeir\u00e3o Preto, est\u00e1 desaparecido na Praia de Pernambuco, no Guaruj\u00e1, desde o domingo (15). Conforme as informa\u00e7\u00f5es, Alexssander Gregorio da Silva teria sa\u00eddo com alguns amigos em uma excurs\u00e3o na noite de s\u00e1bado (14), de Ribeir\u00e3o Preto at\u00e9 o litoral de SP. Alexssander\u2026","rel":"","context":"In &quot;Not\u00edcias de Ribeir\u00e3o Preto-SP e Regi\u00e3o&quot;","block_context":{"text":"Not\u00edcias de Ribeir\u00e3o Preto-SP e Regi\u00e3o","link":"https:\/\/noticiasribeiraopreto.com.br\/index.php\/category\/noticias-de-ribeirao-preto-sp-e-regiao-ismael-colosi\/"},"img":{"alt_text":"","src":"https:\/\/i0.wp.com\/noticiasribeiraopreto.com.br\/wp-content\/uploads\/2024\/09\/Copia-de-Copia-de-Copia-de-TAMANHO-EXATO-PARA-FOTOS-NO-SISTEMA-NOVO-54_2024-09-18_18-42-40_png_2024-09-18_18-42-40.webp.webp?fit=1200%2C675&ssl=1&resize=350%2C200","width":350,"height":200,"srcset":"https:\/\/i0.wp.com\/noticiasribeiraopreto.com.br\/wp-content\/uploads\/2024\/09\/Copia-de-Copia-de-Copia-de-TAMANHO-EXATO-PARA-FOTOS-NO-SISTEMA-NOVO-54_2024-09-18_18-42-40_png_2024-09-18_18-42-40.webp.webp?fit=1200%2C675&ssl=1&resize=350%2C200 1x, https:\/\/i0.wp.com\/noticiasribeiraopreto.com.br\/wp-content\/uploads\/2024\/09\/Copia-de-Copia-de-Copia-de-TAMANHO-EXATO-PARA-FOTOS-NO-SISTEMA-NOVO-54_2024-09-18_18-42-40_png_2024-09-18_18-42-40.webp.webp?fit=1200%2C675&ssl=1&resize=525%2C300 1.5x, https:\/\/i0.wp.com\/noticiasribeiraopreto.com.br\/wp-content\/uploads\/2024\/09\/Copia-de-Copia-de-Copia-de-TAMANHO-EXATO-PARA-FOTOS-NO-SISTEMA-NOVO-54_2024-09-18_18-42-40_png_2024-09-18_18-42-40.webp.webp?fit=1200%2C675&ssl=1&resize=700%2C400 2x, https:\/\/i0.wp.com\/noticiasribeiraopreto.com.br\/wp-content\/uploads\/2024\/09\/Copia-de-Copia-de-Copia-de-TAMANHO-EXATO-PARA-FOTOS-NO-SISTEMA-NOVO-54_2024-09-18_18-42-40_png_2024-09-18_18-42-40.webp.webp?fit=1200%2C675&ssl=1&resize=1050%2C600 3x"},"classes":[]},{"id":13847,"url":"https:\/\/noticiasribeiraopreto.com.br\/index.php\/2023\/12\/11\/corpo-sem-cabeca-surge-em-praia-perto-de-escola-e-deixa-moradores-assombrados\/","url_meta":{"origin":81257,"position":5},"title":"Corpo sem cabe\u00e7a surge em praia perto de escola e deixa moradores assombrados","author":"noticiasribeiraopreto.com.br","date":"11 de December de 2023","format":false,"excerpt":"Um cen\u00e1rio que parecia ter sa\u00eddo de um filme de terror foi testemunhado por moradores de uma praia localizada no estado de Santa Catarina. O caso em que o cad\u00e1ver foi encontrado ocorreu na manh\u00e3 deste domingo (10), na cidade de Balne\u00e1rio Barra do Sul, localizado na regi\u00e3o do Litoral\u2026","rel":"","context":"In &quot;Blog&quot;","block_context":{"text":"Blog","link":"https:\/\/noticiasribeiraopreto.com.br\/index.php\/category\/blog\/"},"img":{"alt_text":"","src":"https:\/\/i0.wp.com\/noticiasribeiraopreto.com.br\/wp-content\/uploads\/2023\/12\/postimg-657715309d71a3496.jpg?fit=1200%2C628&ssl=1&resize=350%2C200","width":350,"height":200,"srcset":"https:\/\/i0.wp.com\/noticiasribeiraopreto.com.br\/wp-content\/uploads\/2023\/12\/postimg-657715309d71a3496.jpg?fit=1200%2C628&ssl=1&resize=350%2C200 1x, https:\/\/i0.wp.com\/noticiasribeiraopreto.com.br\/wp-content\/uploads\/2023\/12\/postimg-657715309d71a3496.jpg?fit=1200%2C628&ssl=1&resize=525%2C300 1.5x, https:\/\/i0.wp.com\/noticiasribeiraopreto.com.br\/wp-content\/uploads\/2023\/12\/postimg-657715309d71a3496.jpg?fit=1200%2C628&ssl=1&resize=700%2C400 2x, https:\/\/i0.wp.com\/noticiasribeiraopreto.com.br\/wp-content\/uploads\/2023\/12\/postimg-657715309d71a3496.jpg?fit=1200%2C628&ssl=1&resize=1050%2C600 3x"},"classes":[]}],"jetpack_sharing_enabled":true,"jetpack_shortlink":"https:\/\/wp.me\/peQAOb-l8B","_links":{"self":[{"href":"https:\/\/noticiasribeiraopreto.com.br\/index.php\/wp-json\/wp\/v2\/posts\/81257","targetHints":{"allow":["GET"]}}],"collection":[{"href":"https:\/\/noticiasribeiraopreto.com.br\/index.php\/wp-json\/wp\/v2\/posts"}],"about":[{"href":"https:\/\/noticiasribeiraopreto.com.br\/index.php\/wp-json\/wp\/v2\/types\/post"}],"author":[{"embeddable":true,"href":"https:\/\/noticiasribeiraopreto.com.br\/index.php\/wp-json\/wp\/v2\/users\/1"}],"replies":[{"embeddable":true,"href":"https:\/\/noticiasribeiraopreto.com.br\/index.php\/wp-json\/wp\/v2\/comments?post=81257"}],"version-history":[{"count":0,"href":"https:\/\/noticiasribeiraopreto.com.br\/index.php\/wp-json\/wp\/v2\/posts\/81257\/revisions"}],"wp:featuredmedia":[{"embeddable":true,"href":"https:\/\/noticiasribeiraopreto.com.br\/index.php\/wp-json\/wp\/v2\/media\/81258"}],"wp:attachment":[{"href":"https:\/\/noticiasribeiraopreto.com.br\/index.php\/wp-json\/wp\/v2\/media?parent=81257"}],"wp:term":[{"taxonomy":"category","embeddable":true,"href":"https:\/\/noticiasribeiraopreto.com.br\/index.php\/wp-json\/wp\/v2\/categories?post=81257"},{"taxonomy":"post_tag","embeddable":true,"href":"https:\/\/noticiasribeiraopreto.com.br\/index.php\/wp-json\/wp\/v2\/tags?post=81257"}],"curies":[{"name":"wp","href":"https:\/\/api.w.org\/{rel}","templated":true}]}}