{"id":81259,"date":"2025-12-30T07:02:18","date_gmt":"2025-12-30T10:02:18","guid":{"rendered":"https:\/\/noticiasribeiraopreto.com.br\/index.php\/2025\/12\/30\/santa-casa-de-sertaozinho-opera-no-limite-e-enfrenta-falta-de-vagas-para-internacao\/"},"modified":"2025-12-30T07:02:18","modified_gmt":"2025-12-30T10:02:18","slug":"santa-casa-de-sertaozinho-opera-no-limite-e-enfrenta-falta-de-vagas-para-internacao","status":"publish","type":"post","link":"https:\/\/noticiasribeiraopreto.com.br\/index.php\/2025\/12\/30\/santa-casa-de-sertaozinho-opera-no-limite-e-enfrenta-falta-de-vagas-para-internacao\/","title":{"rendered":"Santa Casa de Sert\u00e3ozinho opera no limite e enfrenta falta de vagas para interna\u00e7\u00e3o"},"content":{"rendered":"<div class='code-block code-block-1' style='margin: 8px 0 8px auto; text-align: right; display: block; clear: both;'>\n<p><a href=\"https:\/\/wa.link\/vpicfd\"><img data-recalc-dims=\"1\" class=\"wp-image-4922\" style=\"aspect-ratio: 2.0253164556962027; width: 561px; height: auto;\" src=\"https:\/\/i0.wp.com\/ismaelcolosi.com.br\/wp-content\/uploads\/2023\/11\/grupo-de-empregos-whatsapp-e-facebook-ismael-colosi-vagas.jpg?ssl=1\" alt=\"\" \/><\/a><\/p>\n<!-- \/wp:image -->\n<\/div>\n<p> <br \/>\n<\/p>\n<div>\n<p>A <strong>Santa Casa de Sert\u00e3ozinho<\/strong>, na regi\u00e3o de Ribeir\u00e3o Preto, opera com <strong>lota\u00e7\u00e3o m\u00e1xima<\/strong>, cen\u00e1rio que tem dificultado novas interna\u00e7\u00f5es e aumentado a depend\u00eancia do sistema estadual de regula\u00e7\u00e3o de vagas, o Cross. A situa\u00e7\u00e3o impacta diretamente pacientes atendidos na rede de urg\u00eancia, que aguardam transfer\u00eancia para leitos hospitalares.<\/p>\n<p>Com a capacidade esgotada, <strong>casos que exigem interna\u00e7\u00e3o acabam permanecendo por mais tempo em unidades como a UPA<\/strong>, \u00e0 espera de encaminhamento. A sobrecarga ocorre em meio ao aumento da demanda por atendimentos, especialmente envolvendo pacientes idosos e com doen\u00e7as cr\u00f4nicas.<\/p>\n<h3 class=\"wp-block-heading\"><strong>O que diz a Santa Casa?<\/strong><\/h3>\n<p>A reportagem do <em>acidade on<\/em> entrou em contato com a Santa Casa de Sert\u00e3ozinho para obter esclarecimentos sobre a situa\u00e7\u00e3o de lota\u00e7\u00e3o m\u00e1xima, mas n\u00e3o recebeu retorno at\u00e9 a publica\u00e7\u00e3o desta mat\u00e9ria. O espa\u00e7o segue aberto para manifesta\u00e7\u00e3o.<\/p>\n<h3 class=\"wp-block-heading\"><strong>Prefeito cita amplia\u00e7\u00e3o da Santa Casa <\/strong><\/h3>\n<p>A superlota\u00e7\u00e3o da Santa Casa tamb\u00e9m foi mencionada pelo prefeito <strong>Zezinho Gimenez<\/strong> em um v\u00eddeo de balan\u00e7o divulgado recentemente. No material, o chefe do Executivo reconhece as dificuldades enfrentadas pelo hospital e afirma que a amplia\u00e7\u00e3o da unidade segue como uma das prioridades da administra\u00e7\u00e3o municipal.<\/p>\n<p>De acordo com o prefeito, a previs\u00e3o \u00e9 que as <strong>obras de amplia\u00e7\u00e3o da Santa Casa tenham in\u00edcio em abril de 2026<\/strong>, com o objetivo de aumentar a capacidade de atendimento e reduzir a press\u00e3o sobre a rede de urg\u00eancia e emerg\u00eancia da cidade.<strong><br \/><\/strong><\/p>\n<h3 class=\"wp-block-heading\"><strong>Idoso aguarda vaga novamente<\/strong><\/h3>\n<p>O senhor <strong>Francisco Carlos Borzani<\/strong>, de 72 anos, j\u00e1 havia passado por interna\u00e7\u00e3o na Santa Casa de Sert\u00e3ozinho e recebeu alta m\u00e9dica. De acordo com a fam\u00edlia, ap\u00f3s a libera\u00e7\u00e3o, <strong>n\u00e3o foram prescritos medicamentos para continuidade do tratamento em casa<\/strong>.<\/p>\n<p>O filho do paciente relata ainda que, no \u00faltimo domingo (28), o idoso apresentou um epis\u00f3dio grave, ficando com as <strong>vias respirat\u00f3rias obstru\u00eddas por cerca de 3 a 4 minutos<\/strong>. Ele <strong>segue internado na UPA de Sert\u00e3ozinho<\/strong>. <\/p>\n<figure class=\"wp-block-image aligncenter size-large\"><img data-recalc-dims=\"1\" fetchpriority=\"high\" decoding=\"async\" width=\"1024\" height=\"683\" src=\"https:\/\/i0.wp.com\/cdn.media-acidadeon.com.br\/ribeiraopreto\/wp-content\/uploads\/sites\/3\/2025\/12\/image_2025-12-29_17-40-55-1024x683.webp?resize=1024%2C683&#038;ssl=1\" alt=\"santa casa&#10;\" class=\"wp-image-140530\" title=\"Santa Casa de Sert\u00e3ozinho opera no limite e enfrenta falta de vagas para interna\u00e7\u00e3o 1\" srcset=\"https:\/\/cdn.media-acidadeon.com.br\/ribeiraopreto\/wp-content\/uploads\/sites\/3\/2025\/12\/image_2025-12-29_17-40-55-1024x683.webp 1024w, https:\/\/cdn.media-acidadeon.com.br\/ribeiraopreto\/wp-content\/uploads\/sites\/3\/2025\/12\/image_2025-12-29_17-40-55-300x200.webp 300w, https:\/\/cdn.media-acidadeon.com.br\/ribeiraopreto\/wp-content\/uploads\/sites\/3\/2025\/12\/image_2025-12-29_17-40-55-768x512.webp 768w, https:\/\/cdn.media-acidadeon.com.br\/ribeiraopreto\/wp-content\/uploads\/sites\/3\/2025\/12\/image_2025-12-29_17-40-55-696x464.webp 696w, https:\/\/cdn.media-acidadeon.com.br\/ribeiraopreto\/wp-content\/uploads\/sites\/3\/2025\/12\/image_2025-12-29_17-40-55.webp 1068w\" sizes=\"(max-width: 1024px) 100vw, 1024px\"\/><\/figure>\n<p>Em resposta ao caso do idoso, a <strong>Santa Casa de Sert\u00e3ozinho<\/strong> informou que conversou com o m\u00e9dico respons\u00e1vel pelo atendimento do paciente. Segundo a institui\u00e7\u00e3o, <strong>no momento da alta n\u00e3o havia crit\u00e9rios m\u00e9dicos que justificassem a perman\u00eancia hospitalar<\/strong>, j\u00e1 que o paciente apresentava estabilidade cl\u00ednica e melhora nos exames laboratoriais.<\/p>\n<p>De acordo com o m\u00e9dico, considerando a idade e as doen\u00e7as cr\u00f4nicas do paciente, a perman\u00eancia hospitalar prolongada <strong>n\u00e3o elimina o risco de novas intercorr\u00eancias<\/strong> e pode, inclusive, aumentar os riscos associados \u00e0 hospitaliza\u00e7\u00e3o. A Santa Casa informou ainda que o paciente recebeu alta com as devidas orienta\u00e7\u00f5es m\u00e9dicas.<\/p>\n<p>Atualmente internado na UPA, o idoso passar\u00e1 por nova avalia\u00e7\u00e3o do m\u00e9dico emergencialista respons\u00e1vel. A institui\u00e7\u00e3o refor\u00e7ou que, neste momento, a unidade hospitalar opera com <strong>lota\u00e7\u00e3o m\u00e1xima<\/strong>.<\/p>\n<hr class=\"wp-block-separator has-alpha-channel-opacity\"\/>\n<p>SAIIBA MAIS<\/p>\n<p>Carro de aplicativo capota ap\u00f3s batida em cruzamento de Ribeir\u00e3o Preto<\/p>\n<h2 class=\"wp-block-heading\"><strong>FIQUE ON<\/strong><\/h2>\n<p>Fique ligado em tudo que acontece em Ribeir\u00e3o Preto e regi\u00e3o. Siga os perfis do<strong>\u00a0acidade on<\/strong>\u00a0no<a href=\"https:\/\/www.instagram.com\/acidadeonribeirao\" target=\"_blank\" rel=\"noreferrer noopener\">\u00a0Instagram\u00a0<\/a>e no\u00a0<a href=\"https:\/\/www.facebook.com\/acidadeonribeirao\/\" target=\"_blank\" rel=\"noreferrer noopener\">Facebook<\/a>.<\/p>\n<p>Receba not\u00edcias do<strong>\u00a0acidade on<\/strong>\u00a0no WhatsApp. Para entrar no grupo,\u00a0basta<a href=\"https:\/\/chat.whatsapp.com\/GFH9HUMUTHNFJdnyEd0xxq\" target=\"_blank\" rel=\"noreferrer noopener\">\u00a0clicar aqui<\/a>. Ou, acesse o nosso\u00a0Canal\u00a0<a href=\"https:\/\/whatsapp.com\/channel\/0029Vb6IQl1JENyAeS57fk2p\" target=\"_blank\" rel=\"noreferrer noopener\">clicando aqui<\/a>.<\/p>\n<p>Fa\u00e7a uma den\u00fancia ou sugira uma reportagem sobre Ribeir\u00e3o Preto e regi\u00e3o pelo WhatsApp: 16 99117 7802.<\/p>\n<p>VEJA TAMB\u00c9M<\/p>\n<p>Casquinha do McDonald\u2019s n\u00e3o \u00e9 sorvete?<\/p>\n<p><!-- AI CONTENT END 1 -->\n<\/div>\n<p><script async src=\"\/\/www.instagram.com\/embed.js\"><\/script><br \/>\n<br \/><br \/>\n<br \/><a href=\"https:\/\/www.acidadeon.com\/ribeiraopreto\/cotidiano\/santa-casa-de-sertaozinho-opera-no-limite-e-enfrenta-falta-de-vagas-para-internacao\/\">Source link <\/a><\/p>\n<!-- CONTENT END 1 -->\n","protected":false},"excerpt":{"rendered":"<p>A Santa Casa de Sert\u00e3ozinho, na regi\u00e3o de Ribeir\u00e3o Preto, opera com lota\u00e7\u00e3o m\u00e1xima, cen\u00e1rio que tem dificultado novas interna\u00e7\u00f5es e aumentado a depend\u00eancia do&#8230;<\/p>\n","protected":false},"author":1,"featured_media":79771,"comment_status":"open","ping_status":"open","sticky":false,"template":"","format":"standard","meta":{"advanced_seo_description":"","jetpack_seo_html_title":"","jetpack_seo_noindex":false,"jetpack_post_was_ever_published":false,"_jetpack_newsletter_access":"","_jetpack_dont_email_post_to_subs":false,"_jetpack_newsletter_tier_id":0,"_jetpack_memberships_contains_paywalled_content":false,"_jetpack_memberships_contains_paid_content":false,"footnotes":"","jetpack_publicize_message":"","jetpack_publicize_feature_enabled":true,"jetpack_social_post_already_shared":true,"jetpack_social_options":{"image_generator_settings":{"template":"highway","default_image_id":0,"font":"","enabled":false},"version":2}},"categories":[11],"tags":[],"class_list":["post-81259","post","type-post","status-publish","format-standard","has-post-thumbnail","hentry","category-noticias-de-ribeirao-preto-sp-e-regiao-ismael-colosi"],"jetpack_publicize_connections":[],"jetpack_featured_media_url":"https:\/\/i0.wp.com\/noticiasribeiraopreto.com.br\/wp-content\/uploads\/2025\/11\/WhatsApp-Image-2025-11-07-at-09.36.51_2025-11-07_12-41-54.webp.webp?fit=849%2C470&ssl=1","jetpack-related-posts":[{"id":80756,"url":"https:\/\/noticiasribeiraopreto.com.br\/index.php\/2025\/12\/13\/estado-libera-vaga-mas-santa-casa-de-sertaozinho-nao-tem-leito-disponivel-para-receber-paciente\/","url_meta":{"origin":81259,"position":0},"title":"Estado libera vaga, mas Santa Casa de Sert\u00e3ozinho n\u00e3o tem leito dispon\u00edvel para receber paciente","author":"noticiasribeiraopreto.com.br","date":"13 de December de 2025","format":false,"excerpt":"A fam\u00edlia de um idoso de 72 anos afirma que enfrenta dificuldade para conseguir a interna\u00e7\u00e3o dele, em Sert\u00e3ozinho, na regi\u00e3o de Ribeir\u00e3o Preto. O paciente convive com amiloidose card\u00edaca, condi\u00e7\u00e3o rara que compromete a imunidade e exige acompanhamento. Segundo familiares, o idoso apresentou queda significativa no estado de sa\u00fade\u2026","rel":"","context":"In &quot;Not\u00edcias de Ribeir\u00e3o Preto-SP e Regi\u00e3o&quot;","block_context":{"text":"Not\u00edcias de Ribeir\u00e3o Preto-SP e Regi\u00e3o","link":"https:\/\/noticiasribeiraopreto.com.br\/index.php\/category\/noticias-de-ribeirao-preto-sp-e-regiao-ismael-colosi\/"},"img":{"alt_text":"","src":"https:\/\/i0.wp.com\/noticiasribeiraopreto.com.br\/wp-content\/uploads\/2025\/12\/5161a92adb40278e8186dddb276b6ac5_2025-01-27_18-08-40_jpg_2025-01-27_18-08-40.webp.webp?fit=1200%2C800&ssl=1&resize=350%2C200","width":350,"height":200,"srcset":"https:\/\/i0.wp.com\/noticiasribeiraopreto.com.br\/wp-content\/uploads\/2025\/12\/5161a92adb40278e8186dddb276b6ac5_2025-01-27_18-08-40_jpg_2025-01-27_18-08-40.webp.webp?fit=1200%2C800&ssl=1&resize=350%2C200 1x, https:\/\/i0.wp.com\/noticiasribeiraopreto.com.br\/wp-content\/uploads\/2025\/12\/5161a92adb40278e8186dddb276b6ac5_2025-01-27_18-08-40_jpg_2025-01-27_18-08-40.webp.webp?fit=1200%2C800&ssl=1&resize=525%2C300 1.5x, https:\/\/i0.wp.com\/noticiasribeiraopreto.com.br\/wp-content\/uploads\/2025\/12\/5161a92adb40278e8186dddb276b6ac5_2025-01-27_18-08-40_jpg_2025-01-27_18-08-40.webp.webp?fit=1200%2C800&ssl=1&resize=700%2C400 2x, https:\/\/i0.wp.com\/noticiasribeiraopreto.com.br\/wp-content\/uploads\/2025\/12\/5161a92adb40278e8186dddb276b6ac5_2025-01-27_18-08-40_jpg_2025-01-27_18-08-40.webp.webp?fit=1200%2C800&ssl=1&resize=1050%2C600 3x"},"classes":[]},{"id":83564,"url":"https:\/\/noticiasribeiraopreto.com.br\/index.php\/2026\/03\/20\/pacientes-aguardam-em-ambulancias-por-falta-de-leitos-na-santa-casa-de-ribeirao-preto\/","url_meta":{"origin":81259,"position":1},"title":"Pacientes aguardam em ambul\u00e2ncias por falta de leitos na Santa Casa de Ribeir\u00e3o Preto","author":"noticiasribeiraopreto.com.br","date":"20 de March de 2026","format":false,"excerpt":"Pacientes com vagas j\u00e1 reguladas enfrentaram espera para interna\u00e7\u00e3o na Santa Casa de Ribeir\u00e3o Preto devido \u00e0 indisponibilidade de leitos na unidade. Em alguns casos, a espera acontece dentro de ambul\u00e2ncias estacionadas no local. Entre as situa\u00e7\u00f5es registradas nesta sexta-feira (20), est\u00e1 a do paciente Bruno Henrique da Costa, morador\u2026","rel":"","context":"In &quot;Not\u00edcias de Ribeir\u00e3o Preto-SP e Regi\u00e3o&quot;","block_context":{"text":"Not\u00edcias de Ribeir\u00e3o Preto-SP e Regi\u00e3o","link":"https:\/\/noticiasribeiraopreto.com.br\/index.php\/category\/noticias-de-ribeirao-preto-sp-e-regiao-ismael-colosi\/"},"img":{"alt_text":"","src":"https:\/\/i0.wp.com\/noticiasribeiraopreto.com.br\/wp-content\/uploads\/2026\/03\/domingo-29_2026-03-20_20-11-18.webp.webp?fit=1200%2C675&ssl=1&resize=350%2C200","width":350,"height":200,"srcset":"https:\/\/i0.wp.com\/noticiasribeiraopreto.com.br\/wp-content\/uploads\/2026\/03\/domingo-29_2026-03-20_20-11-18.webp.webp?fit=1200%2C675&ssl=1&resize=350%2C200 1x, https:\/\/i0.wp.com\/noticiasribeiraopreto.com.br\/wp-content\/uploads\/2026\/03\/domingo-29_2026-03-20_20-11-18.webp.webp?fit=1200%2C675&ssl=1&resize=525%2C300 1.5x, https:\/\/i0.wp.com\/noticiasribeiraopreto.com.br\/wp-content\/uploads\/2026\/03\/domingo-29_2026-03-20_20-11-18.webp.webp?fit=1200%2C675&ssl=1&resize=700%2C400 2x, https:\/\/i0.wp.com\/noticiasribeiraopreto.com.br\/wp-content\/uploads\/2026\/03\/domingo-29_2026-03-20_20-11-18.webp.webp?fit=1200%2C675&ssl=1&resize=1050%2C600 3x"},"classes":[]},{"id":79770,"url":"https:\/\/noticiasribeiraopreto.com.br\/index.php\/2025\/11\/07\/santa-casa-de-sertaozinho-alerta-para-golpe-contra-familias-de-pacientes\/","url_meta":{"origin":81259,"position":2},"title":"Santa Casa de Sert\u00e3ozinho alerta para golpe contra fam\u00edlias\u00a0de pacientes","author":"noticiasribeiraopreto.com.br","date":"7 de November de 2025","format":false,"excerpt":"A Santa Casa de Sert\u00e3ozinho emitiu um comunicado que alerta sobre um golpe contra familiares de pacientes internados na UTI da institui\u00e7\u00e3o. A Santa Casa disse que tomou conhecimento de que uma pessoa estaria se passando por m\u00e9dico para solicitar dinheiro a familiares de pacientes para compra de um medicamento\u2026","rel":"","context":"In &quot;Not\u00edcias de Ribeir\u00e3o Preto-SP e Regi\u00e3o&quot;","block_context":{"text":"Not\u00edcias de Ribeir\u00e3o Preto-SP e Regi\u00e3o","link":"https:\/\/noticiasribeiraopreto.com.br\/index.php\/category\/noticias-de-ribeirao-preto-sp-e-regiao-ismael-colosi\/"},"img":{"alt_text":"","src":"https:\/\/i0.wp.com\/noticiasribeiraopreto.com.br\/wp-content\/uploads\/2025\/11\/WhatsApp-Image-2025-11-07-at-09.36.51_2025-11-07_12-41-54.webp.webp?fit=849%2C470&ssl=1&resize=350%2C200","width":350,"height":200,"srcset":"https:\/\/i0.wp.com\/noticiasribeiraopreto.com.br\/wp-content\/uploads\/2025\/11\/WhatsApp-Image-2025-11-07-at-09.36.51_2025-11-07_12-41-54.webp.webp?fit=849%2C470&ssl=1&resize=350%2C200 1x, https:\/\/i0.wp.com\/noticiasribeiraopreto.com.br\/wp-content\/uploads\/2025\/11\/WhatsApp-Image-2025-11-07-at-09.36.51_2025-11-07_12-41-54.webp.webp?fit=849%2C470&ssl=1&resize=525%2C300 1.5x, https:\/\/i0.wp.com\/noticiasribeiraopreto.com.br\/wp-content\/uploads\/2025\/11\/WhatsApp-Image-2025-11-07-at-09.36.51_2025-11-07_12-41-54.webp.webp?fit=849%2C470&ssl=1&resize=700%2C400 2x"},"classes":[]},{"id":84002,"url":"https:\/\/noticiasribeiraopreto.com.br\/index.php\/2026\/03\/30\/idosa-resgatada-de-casa-de-repouso-morre-em-ribeirao-preto\/","url_meta":{"origin":81259,"position":3},"title":"Idosa resgatada de casa de repouso morre em Ribeir\u00e3o Preto","author":"noticiasribeiraopreto.com.br","date":"30 de March de 2026","format":false,"excerpt":"Ler o resumo da not\u00edcia Idosa de 87 anos morreu em Ribeir\u00e3o Preto nesta segunda-feira (30) ap\u00f3s resgate de casa de repouso irregular no bairro Monte Alegre. Ela estava internada na Santa Casa desde quarta-feira (25) e passou por procedimento cir\u00fargico. A paciente apresentava quadro grave com mi\u00edase oral e\u2026","rel":"","context":"In &quot;Not\u00edcias de Ribeir\u00e3o Preto-SP e Regi\u00e3o&quot;","block_context":{"text":"Not\u00edcias de Ribeir\u00e3o Preto-SP e Regi\u00e3o","link":"https:\/\/noticiasribeiraopreto.com.br\/index.php\/category\/noticias-de-ribeirao-preto-sp-e-regiao-ismael-colosi\/"},"img":{"alt_text":"","src":"https:\/\/i0.wp.com\/noticiasribeiraopreto.com.br\/wp-content\/uploads\/2026\/03\/palace-97_2026-03-30_21-45-22.webp.webp?fit=1200%2C675&ssl=1&resize=350%2C200","width":350,"height":200,"srcset":"https:\/\/i0.wp.com\/noticiasribeiraopreto.com.br\/wp-content\/uploads\/2026\/03\/palace-97_2026-03-30_21-45-22.webp.webp?fit=1200%2C675&ssl=1&resize=350%2C200 1x, https:\/\/i0.wp.com\/noticiasribeiraopreto.com.br\/wp-content\/uploads\/2026\/03\/palace-97_2026-03-30_21-45-22.webp.webp?fit=1200%2C675&ssl=1&resize=525%2C300 1.5x, https:\/\/i0.wp.com\/noticiasribeiraopreto.com.br\/wp-content\/uploads\/2026\/03\/palace-97_2026-03-30_21-45-22.webp.webp?fit=1200%2C675&ssl=1&resize=700%2C400 2x, https:\/\/i0.wp.com\/noticiasribeiraopreto.com.br\/wp-content\/uploads\/2026\/03\/palace-97_2026-03-30_21-45-22.webp.webp?fit=1200%2C675&ssl=1&resize=1050%2C600 3x"},"classes":[]},{"id":81055,"url":"https:\/\/noticiasribeiraopreto.com.br\/index.php\/2025\/12\/22\/homem-leva-tres-tiros-na-frente-da-upa-em-sertaozinho\/","url_meta":{"origin":81259,"position":4},"title":"Homem leva tr\u00eas tiros na frente da UPA em Sert\u00e3ozinho","author":"noticiasribeiraopreto.com.br","date":"22 de December de 2025","format":false,"excerpt":"\r \r \r \r \r 22 de dezembro de 2025 10:11 \r Compartilhar0 \r A v\u00edtima estava com o filho de um m\u00eas, que passava por atendimento, na noite de domingo (21). Ele foi socorrido e levado para a Santa Casa da cidade. Um homem levou tr\u00eas tiros na frente\u2026","rel":"","context":"In &quot;Not\u00edcias de Ribeir\u00e3o Preto-SP e Regi\u00e3o&quot;","block_context":{"text":"Not\u00edcias de Ribeir\u00e3o Preto-SP e Regi\u00e3o","link":"https:\/\/noticiasribeiraopreto.com.br\/index.php\/category\/noticias-de-ribeirao-preto-sp-e-regiao-ismael-colosi\/"},"img":{"alt_text":"","src":"https:\/\/i0.wp.com\/noticiasribeiraopreto.com.br\/wp-content\/uploads\/2025\/12\/sertaozinho.jpg?fit=800%2C500&ssl=1&resize=350%2C200","width":350,"height":200,"srcset":"https:\/\/i0.wp.com\/noticiasribeiraopreto.com.br\/wp-content\/uploads\/2025\/12\/sertaozinho.jpg?fit=800%2C500&ssl=1&resize=350%2C200 1x, https:\/\/i0.wp.com\/noticiasribeiraopreto.com.br\/wp-content\/uploads\/2025\/12\/sertaozinho.jpg?fit=800%2C500&ssl=1&resize=525%2C300 1.5x, https:\/\/i0.wp.com\/noticiasribeiraopreto.com.br\/wp-content\/uploads\/2025\/12\/sertaozinho.jpg?fit=800%2C500&ssl=1&resize=700%2C400 2x"},"classes":[]},{"id":67670,"url":"https:\/\/noticiasribeiraopreto.com.br\/index.php\/2025\/04\/17\/grupo-santa-casa-de-franca-ja-recebeu-mais-de-r-65-milhoes-para-reduzir-filas-na-saude-publica\/","url_meta":{"origin":81259,"position":5},"title":"Grupo Santa Casa de Franca j\u00e1 recebeu mais de R$ 65 milh\u00f5es para reduzir filas na sa\u00fade p\u00fablica","author":"noticiasribeiraopreto.com.br","date":"17 de April de 2025","format":false,"excerpt":"O Governo de S\u00e3o Paulo, por meio da Tabela SUS Paulista, confirmou que repassou para a regi\u00e3o de Franca R$ 92 milh\u00f5es para 26 institui\u00e7\u00f5es conveniadas ao Sistema \u00danico de Sa\u00fade (SUS). A proposta desse recurso \u00e9 ampliar a oferta de servi\u00e7os e reduzir filas e deslocamentos. No primeiro ano\u2026","rel":"","context":"In &quot;Not\u00edcias de Franca-SP&quot;","block_context":{"text":"Not\u00edcias de Franca-SP","link":"https:\/\/noticiasribeiraopreto.com.br\/index.php\/category\/noticias-de-ribeirao-preto-sp-e-regiao-ismael-colosi\/noticias-franca-sp\/"},"img":{"alt_text":"","src":"https:\/\/i0.wp.com\/noticiasribeiraopreto.com.br\/wp-content\/uploads\/2025\/04\/santa_casa_de_franca.jpg?fit=800%2C465&ssl=1&resize=350%2C200","width":350,"height":200,"srcset":"https:\/\/i0.wp.com\/noticiasribeiraopreto.com.br\/wp-content\/uploads\/2025\/04\/santa_casa_de_franca.jpg?fit=800%2C465&ssl=1&resize=350%2C200 1x, https:\/\/i0.wp.com\/noticiasribeiraopreto.com.br\/wp-content\/uploads\/2025\/04\/santa_casa_de_franca.jpg?fit=800%2C465&ssl=1&resize=525%2C300 1.5x, https:\/\/i0.wp.com\/noticiasribeiraopreto.com.br\/wp-content\/uploads\/2025\/04\/santa_casa_de_franca.jpg?fit=800%2C465&ssl=1&resize=700%2C400 2x"},"classes":[]}],"jetpack_sharing_enabled":true,"jetpack_shortlink":"https:\/\/wp.me\/peQAOb-l8D","_links":{"self":[{"href":"https:\/\/noticiasribeiraopreto.com.br\/index.php\/wp-json\/wp\/v2\/posts\/81259","targetHints":{"allow":["GET"]}}],"collection":[{"href":"https:\/\/noticiasribeiraopreto.com.br\/index.php\/wp-json\/wp\/v2\/posts"}],"about":[{"href":"https:\/\/noticiasribeiraopreto.com.br\/index.php\/wp-json\/wp\/v2\/types\/post"}],"author":[{"embeddable":true,"href":"https:\/\/noticiasribeiraopreto.com.br\/index.php\/wp-json\/wp\/v2\/users\/1"}],"replies":[{"embeddable":true,"href":"https:\/\/noticiasribeiraopreto.com.br\/index.php\/wp-json\/wp\/v2\/comments?post=81259"}],"version-history":[{"count":0,"href":"https:\/\/noticiasribeiraopreto.com.br\/index.php\/wp-json\/wp\/v2\/posts\/81259\/revisions"}],"wp:featuredmedia":[{"embeddable":true,"href":"https:\/\/noticiasribeiraopreto.com.br\/index.php\/wp-json\/wp\/v2\/media\/79771"}],"wp:attachment":[{"href":"https:\/\/noticiasribeiraopreto.com.br\/index.php\/wp-json\/wp\/v2\/media?parent=81259"}],"wp:term":[{"taxonomy":"category","embeddable":true,"href":"https:\/\/noticiasribeiraopreto.com.br\/index.php\/wp-json\/wp\/v2\/categories?post=81259"},{"taxonomy":"post_tag","embeddable":true,"href":"https:\/\/noticiasribeiraopreto.com.br\/index.php\/wp-json\/wp\/v2\/tags?post=81259"}],"curies":[{"name":"wp","href":"https:\/\/api.w.org\/{rel}","templated":true}]}}