{"id":81260,"date":"2025-12-30T07:12:03","date_gmt":"2025-12-30T10:12:03","guid":{"rendered":"https:\/\/noticiasribeiraopreto.com.br\/index.php\/2025\/12\/30\/temporal-com-granizo-derruba-telhado-e-deixa-area-sem-energia\/"},"modified":"2025-12-30T07:12:03","modified_gmt":"2025-12-30T10:12:03","slug":"temporal-com-granizo-derruba-telhado-e-deixa-area-sem-energia","status":"publish","type":"post","link":"https:\/\/noticiasribeiraopreto.com.br\/index.php\/2025\/12\/30\/temporal-com-granizo-derruba-telhado-e-deixa-area-sem-energia\/","title":{"rendered":"Temporal com granizo derruba telhado e deixa \u00e1rea sem energia"},"content":{"rendered":"<div class='code-block code-block-1' style='margin: 8px 0 8px auto; text-align: right; display: block; clear: both;'>\n<p><a href=\"https:\/\/wa.link\/vpicfd\"><img data-recalc-dims=\"1\" class=\"wp-image-4922\" style=\"aspect-ratio: 2.0253164556962027; width: 561px; height: auto;\" src=\"https:\/\/i0.wp.com\/ismaelcolosi.com.br\/wp-content\/uploads\/2023\/11\/grupo-de-empregos-whatsapp-e-facebook-ismael-colosi-vagas.jpg?ssl=1\" alt=\"\" \/><\/a><\/p>\n<!-- \/wp:image -->\n<\/div>\n<p> <br \/>\n<\/p>\n<div>\n<p>Na tarde desta segunda-feira (29), a cidade de <strong>Franca<\/strong>, na <strong>regi\u00e3o de Ribeir\u00e3o Preto<\/strong>, foi atingida por <strong>chuva de granizo acompanhada de fortes ventos<\/strong>, provocando transtornos em diferentes pontos do munic\u00edpio.<\/p>\n<p>Moradores relataram <strong>queda intensa de granizo<\/strong>, rajadas de vento e chuva forte em curto per\u00edodo de tempo. Em alguns bairros, o temporal assustou pela intensidade e r\u00e1pida mudan\u00e7a nas condi\u00e7\u00f5es do tempo.<\/p>\n<p>Na <strong>avenida Santos Dumont<\/strong>, o <strong>telhado da f\u00e1brica Amazonas cedeu<\/strong> durante a tempestade. O <strong>Corpo de Bombeiros foi acionado e atua no local<\/strong> para atendimento da ocorr\u00eancia e avalia\u00e7\u00e3o da estrutura. At\u00e9 o momento, <strong>n\u00e3o h\u00e1 confirma\u00e7\u00e3o de feridos<\/strong>.<\/p>\n<figure class=\"wp-block-image aligncenter size-large is-resized\"><img data-recalc-dims=\"1\" fetchpriority=\"high\" decoding=\"async\" width=\"1024\" height=\"576\" src=\"https:\/\/i0.wp.com\/cdn.media-acidadeon.com.br\/ribeiraopreto\/wp-content\/uploads\/sites\/3\/2025\/12\/image_2025-12-29_20-00-53-1024x576.webp?resize=1024%2C576&#038;ssl=1\" alt=\"temporal&#10;\" class=\"wp-image-140566\" style=\"width:811px;height:auto\" title=\"Temporal com granizo derruba telhado e deixa \u00e1rea sem energia 1\" srcset=\"https:\/\/cdn.media-acidadeon.com.br\/ribeiraopreto\/wp-content\/uploads\/sites\/3\/2025\/12\/image_2025-12-29_20-00-53-1024x576.webp 1024w, https:\/\/cdn.media-acidadeon.com.br\/ribeiraopreto\/wp-content\/uploads\/sites\/3\/2025\/12\/image_2025-12-29_20-00-53-300x169.webp 300w, https:\/\/cdn.media-acidadeon.com.br\/ribeiraopreto\/wp-content\/uploads\/sites\/3\/2025\/12\/image_2025-12-29_20-00-53-768x432.webp 768w, https:\/\/cdn.media-acidadeon.com.br\/ribeiraopreto\/wp-content\/uploads\/sites\/3\/2025\/12\/image_2025-12-29_20-00-53-696x392.webp 696w, https:\/\/cdn.media-acidadeon.com.br\/ribeiraopreto\/wp-content\/uploads\/sites\/3\/2025\/12\/image_2025-12-29_20-00-53-1068x601.webp 1068w, https:\/\/cdn.media-acidadeon.com.br\/ribeiraopreto\/wp-content\/uploads\/sites\/3\/2025\/12\/image_2025-12-29_20-00-53.webp 1200w\" sizes=\"(max-width: 1024px) 100vw, 1024px\"\/><figcaption class=\"wp-element-caption\">Foto: Rodrigo Silveira<\/figcaption><\/figure>\n<p><strong>Na altura do km 6 da rodovia Jo\u00e3o Traficante<\/strong>, a for\u00e7a do vento e a queda de granizo provocaram <strong>interrup\u00e7\u00e3o no fornecimento de energia el\u00e9trica<\/strong>. A regi\u00e3o segue <strong>sem luz<\/strong> at\u00e9 o momento.<\/p>\n<h3 class=\"wp-block-heading\"><strong>Veja v\u00eddeo:<\/strong><\/h3>\n<blockquote class=\"instagram-media\" data-instgrm-permalink=\"https:\/\/www.instagram.com\/reel\/DS3Bf3qjsMA\/?utm_source=ig_embed&amp;utm_campaign=loading\" data-instgrm-version=\"14\" style=\" background:#FFF; border:0; border-radius:3px; box-shadow:0 0 1px 0 rgba(0,0,0,0.5),0 1px 10px 0 rgba(0,0,0,0.15); margin: 1px; max-width:540px; min-width:326px; padding:0; width:99.375%; width:-webkit-calc(100% - 2px); width:calc(100% - 2px);\"\/>\n<h3 class=\"wp-block-heading\"><strong>Previs\u00e3o do tempo<\/strong><\/h3>\n<p>O temporal est\u00e1 associado \u00e0 <strong>instabilidade atmosf\u00e9rica que atua sobre o estado de S\u00e3o Paulo e o sul de Minas Gerais<\/strong>, favorecendo pancadas de chuva intensas, com ventos fortes e possibilidade de granizo, principalmente no per\u00edodo da tarde.<\/p>\n<p>A previs\u00e3o indica que o <strong>tempo segue inst\u00e1vel nos pr\u00f3ximos dias<\/strong> na regi\u00e3o, com risco de novas pancadas de chuva forte, rajadas de vento e descargas el\u00e9tricas.<\/p>\n<hr class=\"wp-block-separator has-alpha-channel-opacity\"\/>\n<p>SAIBA MAIS<\/p>\n<p>Marido \u00e9 preso suspeito de matar mulher a facadas na frente do filho em Ribeir\u00e3o Preto<\/p>\n<h2 class=\"wp-block-heading\"><strong>FIQUE ON<\/strong><\/h2>\n<p>Fique ligado em tudo que acontece em Ribeir\u00e3o Preto e regi\u00e3o. Siga os perfis do<strong>\u00a0acidade on<\/strong>\u00a0no<a href=\"https:\/\/www.instagram.com\/acidadeonribeirao\" target=\"_blank\" rel=\"noreferrer noopener\">\u00a0Instagram\u00a0<\/a>e no\u00a0<a href=\"https:\/\/www.facebook.com\/acidadeonribeirao\/\" target=\"_blank\" rel=\"noreferrer noopener\">Facebook<\/a>.<\/p>\n<p>Receba not\u00edcias do<strong>\u00a0acidade on<\/strong>\u00a0no WhatsApp. Para entrar no grupo,\u00a0basta<a href=\"https:\/\/chat.whatsapp.com\/GFH9HUMUTHNFJdnyEd0xxq\" target=\"_blank\" rel=\"noreferrer noopener\">\u00a0clicar aqui<\/a>. Ou, acesse o nosso\u00a0Canal\u00a0<a href=\"https:\/\/whatsapp.com\/channel\/0029Vb6IQl1JENyAeS57fk2p\" target=\"_blank\" rel=\"noreferrer noopener\">clicando aqui<\/a>.<\/p>\n<p>Fa\u00e7a uma den\u00fancia ou sugira uma reportagem sobre Ribeir\u00e3o Preto e regi\u00e3o pelo WhatsApp: 16 99117 7802.<\/p>\n<p>VEJA TAMB\u00c9M<\/p>\n<p>Casquinha do McDonald\u2019s n\u00e3o \u00e9 sorvete?<\/p>\n<p><!-- AI CONTENT END 1 -->\n<\/div>\n<p><script async src=\"\/\/www.instagram.com\/embed.js\"><\/script><br \/>\n<br \/><br \/>\n<br \/><a href=\"https:\/\/www.acidadeon.com\/ribeiraopreto\/cotidiano\/temporal-com-granizo-derruba-telhado-e-deixa-area-sem-energia\/\">Source link <\/a><\/p>\n<!-- CONTENT END 1 -->\n","protected":false},"excerpt":{"rendered":"<p>Na tarde desta segunda-feira (29), a cidade de Franca, na regi\u00e3o de Ribeir\u00e3o Preto, foi atingida por chuva de granizo acompanhada de fortes ventos, provocando&#8230;<\/p>\n","protected":false},"author":1,"featured_media":81256,"comment_status":"open","ping_status":"open","sticky":false,"template":"","format":"standard","meta":{"advanced_seo_description":"","jetpack_seo_html_title":"","jetpack_seo_noindex":false,"jetpack_post_was_ever_published":false,"_jetpack_newsletter_access":"","_jetpack_dont_email_post_to_subs":false,"_jetpack_newsletter_tier_id":0,"_jetpack_memberships_contains_paywalled_content":false,"_jetpack_memberships_contains_paid_content":false,"footnotes":"","jetpack_publicize_message":"","jetpack_publicize_feature_enabled":true,"jetpack_social_post_already_shared":true,"jetpack_social_options":{"image_generator_settings":{"template":"highway","default_image_id":0,"font":"","enabled":false},"version":2}},"categories":[11],"tags":[],"class_list":["post-81260","post","type-post","status-publish","format-standard","has-post-thumbnail","hentry","category-noticias-de-ribeirao-preto-sp-e-regiao-ismael-colosi"],"jetpack_publicize_connections":[],"jetpack_featured_media_url":"https:\/\/i0.wp.com\/noticiasribeiraopreto.com.br\/wp-content\/uploads\/2025\/12\/image_2025-12-29_19-59-10.webp.webp?fit=1200%2C675&ssl=1","jetpack-related-posts":[{"id":81664,"url":"https:\/\/noticiasribeiraopreto.com.br\/index.php\/2026\/01\/13\/chuva-de-granizo-e-registrada-na-regiao-de-ribeirao-preto\/","url_meta":{"origin":81260,"position":0},"title":"Chuva de granizo \u00e9 registrada na regi\u00e3o de Ribeir\u00e3o Preto","author":"noticiasribeiraopreto.com.br","date":"13 de January de 2026","format":false,"excerpt":"Franca, na regi\u00e3o de Ribeir\u00e3o Preto, registrou chuva de granizo na tarde desta segunda-feira (12). O fen\u00f4meno ocorreu durante uma pancada de chuva e foi registrado por moradores. Veja v\u00eddeo: Franca, na regi\u00e3o de Ribeir\u00e3o Preto, registrou chuva de granizo na tarde desta segunda-feira (12). O fen\u00f4meno ocorreu durante uma\u2026","rel":"","context":"In &quot;Not\u00edcias de Ribeir\u00e3o Preto-SP e Regi\u00e3o&quot;","block_context":{"text":"Not\u00edcias de Ribeir\u00e3o Preto-SP e Regi\u00e3o","link":"https:\/\/noticiasribeiraopreto.com.br\/index.php\/category\/noticias-de-ribeirao-preto-sp-e-regiao-ismael-colosi\/"},"img":{"alt_text":"","src":"https:\/\/i0.wp.com\/noticiasribeiraopreto.com.br\/wp-content\/uploads\/2026\/01\/image_2026-01-12_19-53-01.webp.webp?fit=1200%2C675&ssl=1&resize=350%2C200","width":350,"height":200,"srcset":"https:\/\/i0.wp.com\/noticiasribeiraopreto.com.br\/wp-content\/uploads\/2026\/01\/image_2026-01-12_19-53-01.webp.webp?fit=1200%2C675&ssl=1&resize=350%2C200 1x, https:\/\/i0.wp.com\/noticiasribeiraopreto.com.br\/wp-content\/uploads\/2026\/01\/image_2026-01-12_19-53-01.webp.webp?fit=1200%2C675&ssl=1&resize=525%2C300 1.5x, https:\/\/i0.wp.com\/noticiasribeiraopreto.com.br\/wp-content\/uploads\/2026\/01\/image_2026-01-12_19-53-01.webp.webp?fit=1200%2C675&ssl=1&resize=700%2C400 2x, https:\/\/i0.wp.com\/noticiasribeiraopreto.com.br\/wp-content\/uploads\/2026\/01\/image_2026-01-12_19-53-01.webp.webp?fit=1200%2C675&ssl=1&resize=1050%2C600 3x"},"classes":[]},{"id":81551,"url":"https:\/\/noticiasribeiraopreto.com.br\/index.php\/2026\/01\/09\/chuva-de-granizo-e-ventos-fortes-atingem-ribeirao-preto-veja-video\/","url_meta":{"origin":81260,"position":1},"title":"Chuva de granizo e ventos fortes atingem Ribeir\u00e3o Preto; veja v\u00eddeo","author":"noticiasribeiraopreto.com.br","date":"9 de January de 2026","format":false,"excerpt":"Ribeir\u00e3o Preto registrou chuva de granizo e ventos fortes na tarde desta quinta-feira (8). Veja v\u00eddeo: Na zona Norte, a queda de uma \u00e1rvore foi registrada na rua Tapaj\u00f3s. O incidente chamou a aten\u00e7\u00e3o de moradores e motoristas que transitavam pela regi\u00e3o no momento da tempestade. Foto: Ricardo Canaveze \/\u2026","rel":"","context":"In &quot;Not\u00edcias de Ribeir\u00e3o Preto-SP e Regi\u00e3o&quot;","block_context":{"text":"Not\u00edcias de Ribeir\u00e3o Preto-SP e Regi\u00e3o","link":"https:\/\/noticiasribeiraopreto.com.br\/index.php\/category\/noticias-de-ribeirao-preto-sp-e-regiao-ismael-colosi\/"},"img":{"alt_text":"","src":"https:\/\/i0.wp.com\/noticiasribeiraopreto.com.br\/wp-content\/uploads\/2026\/01\/domingo-34_2026-01-08_18-08-53.webp.webp?fit=1200%2C675&ssl=1&resize=350%2C200","width":350,"height":200,"srcset":"https:\/\/i0.wp.com\/noticiasribeiraopreto.com.br\/wp-content\/uploads\/2026\/01\/domingo-34_2026-01-08_18-08-53.webp.webp?fit=1200%2C675&ssl=1&resize=350%2C200 1x, https:\/\/i0.wp.com\/noticiasribeiraopreto.com.br\/wp-content\/uploads\/2026\/01\/domingo-34_2026-01-08_18-08-53.webp.webp?fit=1200%2C675&ssl=1&resize=525%2C300 1.5x, https:\/\/i0.wp.com\/noticiasribeiraopreto.com.br\/wp-content\/uploads\/2026\/01\/domingo-34_2026-01-08_18-08-53.webp.webp?fit=1200%2C675&ssl=1&resize=700%2C400 2x, https:\/\/i0.wp.com\/noticiasribeiraopreto.com.br\/wp-content\/uploads\/2026\/01\/domingo-34_2026-01-08_18-08-53.webp.webp?fit=1200%2C675&ssl=1&resize=1050%2C600 3x"},"classes":[]},{"id":81947,"url":"https:\/\/noticiasribeiraopreto.com.br\/index.php\/2026\/01\/31\/temporais-ventos-fortes-e-granizo-defesa-civil-emite-alerta-para-ribeirao-preto\/","url_meta":{"origin":81260,"position":2},"title":"Temporais, ventos fortes e granizo: Defesa Civil emite alerta para Ribeir\u00e3o Preto","author":"noticiasribeiraopreto.com.br","date":"31 de January de 2026","format":false,"excerpt":"A Defesa Civil do Estado de S\u00e3o Paulo emitiu alerta, nesta sexta-feira (30), para ocorr\u00eancia de pancadas de chuva e temporais isolados em Ribeir\u00e3o Preto e em cidades do interior paulista ao longo deste fim de semana. As instabilidades podem ocorrer com forte intensidade em alguns momentos, acompanhadas de raios,\u2026","rel":"","context":"In &quot;Not\u00edcias de Ribeir\u00e3o Preto-SP e Regi\u00e3o&quot;","block_context":{"text":"Not\u00edcias de Ribeir\u00e3o Preto-SP e Regi\u00e3o","link":"https:\/\/noticiasribeiraopreto.com.br\/index.php\/category\/noticias-de-ribeirao-preto-sp-e-regiao-ismael-colosi\/"},"img":{"alt_text":"","src":"https:\/\/i0.wp.com\/noticiasribeiraopreto.com.br\/wp-content\/uploads\/2026\/01\/domingo-2026-01-16T173803.687_2026-01-16_20-38-08.webp.webp?fit=1200%2C675&ssl=1&resize=350%2C200","width":350,"height":200,"srcset":"https:\/\/i0.wp.com\/noticiasribeiraopreto.com.br\/wp-content\/uploads\/2026\/01\/domingo-2026-01-16T173803.687_2026-01-16_20-38-08.webp.webp?fit=1200%2C675&ssl=1&resize=350%2C200 1x, https:\/\/i0.wp.com\/noticiasribeiraopreto.com.br\/wp-content\/uploads\/2026\/01\/domingo-2026-01-16T173803.687_2026-01-16_20-38-08.webp.webp?fit=1200%2C675&ssl=1&resize=525%2C300 1.5x, https:\/\/i0.wp.com\/noticiasribeiraopreto.com.br\/wp-content\/uploads\/2026\/01\/domingo-2026-01-16T173803.687_2026-01-16_20-38-08.webp.webp?fit=1200%2C675&ssl=1&resize=700%2C400 2x, https:\/\/i0.wp.com\/noticiasribeiraopreto.com.br\/wp-content\/uploads\/2026\/01\/domingo-2026-01-16T173803.687_2026-01-16_20-38-08.webp.webp?fit=1200%2C675&ssl=1&resize=1050%2C600 3x"},"classes":[]},{"id":84266,"url":"https:\/\/noticiasribeiraopreto.com.br\/index.php\/2026\/04\/06\/chuva-com-granizo-e-ventos-fortes-derruba-arvores-e-causa-interdicoes-em-ribeirao-preto\/","url_meta":{"origin":81260,"position":3},"title":"Chuva com granizo e ventos fortes derruba \u00e1rvores e causa interdi\u00e7\u00f5es em Ribeir\u00e3o Preto","author":"noticiasribeiraopreto.com.br","date":"6 de April de 2026","format":false,"excerpt":"Ler o resumo da not\u00edcia Chuva com granizo e ventos fortes derruba \u00e1rvores e causa interdi\u00e7\u00f5es em Ribeir\u00e3o Preto A chuva intensa acompanhada de granizo e ventos fortes que atingiu Ribeir\u00e3o Preto na tarde desta segunda-feira (6) causou transtornos em diferentes regi\u00f5es da cidade, com registro de queda de \u00e1rvores\u2026","rel":"","context":"In &quot;Not\u00edcias de Ribeir\u00e3o Preto-SP e Regi\u00e3o&quot;","block_context":{"text":"Not\u00edcias de Ribeir\u00e3o Preto-SP e Regi\u00e3o","link":"https:\/\/noticiasribeiraopreto.com.br\/index.php\/category\/noticias-de-ribeirao-preto-sp-e-regiao-ismael-colosi\/"},"img":{"alt_text":"","src":"https:\/\/i0.wp.com\/noticiasribeiraopreto.com.br\/wp-content\/uploads\/2026\/04\/WhatsApp-Image-2026-04-06-at-15.25.27_2026-04-06_18-27-18.webp.webp?fit=1200%2C592&ssl=1&resize=350%2C200","width":350,"height":200,"srcset":"https:\/\/i0.wp.com\/noticiasribeiraopreto.com.br\/wp-content\/uploads\/2026\/04\/WhatsApp-Image-2026-04-06-at-15.25.27_2026-04-06_18-27-18.webp.webp?fit=1200%2C592&ssl=1&resize=350%2C200 1x, https:\/\/i0.wp.com\/noticiasribeiraopreto.com.br\/wp-content\/uploads\/2026\/04\/WhatsApp-Image-2026-04-06-at-15.25.27_2026-04-06_18-27-18.webp.webp?fit=1200%2C592&ssl=1&resize=525%2C300 1.5x, https:\/\/i0.wp.com\/noticiasribeiraopreto.com.br\/wp-content\/uploads\/2026\/04\/WhatsApp-Image-2026-04-06-at-15.25.27_2026-04-06_18-27-18.webp.webp?fit=1200%2C592&ssl=1&resize=700%2C400 2x, https:\/\/i0.wp.com\/noticiasribeiraopreto.com.br\/wp-content\/uploads\/2026\/04\/WhatsApp-Image-2026-04-06-at-15.25.27_2026-04-06_18-27-18.webp.webp?fit=1200%2C592&ssl=1&resize=1050%2C600 3x"},"classes":[]},{"id":78767,"url":"https:\/\/noticiasribeiraopreto.com.br\/index.php\/2025\/10\/17\/granizo-ventos-fortes-e-queda-de-temperatura-veja-o-alerta-da-defesa-civil-para-o-interior-de-sp\/","url_meta":{"origin":81260,"position":4},"title":"Granizo, ventos fortes e queda de temperatura: Veja o alerta da Defesa Civil para o interior de SP","author":"noticiasribeiraopreto.com.br","date":"17 de October de 2025","format":false,"excerpt":"A Defesa Civil do Estado de S\u00e3o Paulo emitiu alerta para chuvas de granizo, ventos fortes e queda na temperatura no interior de SP entre a noite desta sexta-feira (17) e o domingo (19). O aviso indica ocorr\u00eancia de raios, rajadas de vento e granizo isolado. No interior paulista, as\u2026","rel":"","context":"In &quot;Not\u00edcias de Ribeir\u00e3o Preto-SP e Regi\u00e3o&quot;","block_context":{"text":"Not\u00edcias de Ribeir\u00e3o Preto-SP e Regi\u00e3o","link":"https:\/\/noticiasribeiraopreto.com.br\/index.php\/category\/noticias-de-ribeirao-preto-sp-e-regiao-ismael-colosi\/"},"img":{"alt_text":"","src":"https:\/\/i0.wp.com\/noticiasribeiraopreto.com.br\/wp-content\/uploads\/2025\/10\/chuva_temporal_1024x576_07012021130023_2024-10-24_18-15-47_jpg_2024-10-24_18-15-47.webp.webp?fit=1024%2C575&ssl=1&resize=350%2C200","width":350,"height":200,"srcset":"https:\/\/i0.wp.com\/noticiasribeiraopreto.com.br\/wp-content\/uploads\/2025\/10\/chuva_temporal_1024x576_07012021130023_2024-10-24_18-15-47_jpg_2024-10-24_18-15-47.webp.webp?fit=1024%2C575&ssl=1&resize=350%2C200 1x, https:\/\/i0.wp.com\/noticiasribeiraopreto.com.br\/wp-content\/uploads\/2025\/10\/chuva_temporal_1024x576_07012021130023_2024-10-24_18-15-47_jpg_2024-10-24_18-15-47.webp.webp?fit=1024%2C575&ssl=1&resize=525%2C300 1.5x, https:\/\/i0.wp.com\/noticiasribeiraopreto.com.br\/wp-content\/uploads\/2025\/10\/chuva_temporal_1024x576_07012021130023_2024-10-24_18-15-47_jpg_2024-10-24_18-15-47.webp.webp?fit=1024%2C575&ssl=1&resize=700%2C400 2x"},"classes":[]},{"id":65632,"url":"https:\/\/noticiasribeiraopreto.com.br\/index.php\/2025\/03\/22\/previsao-indica-virada-no-tempo-com-risco-de-temporais-e-granizo-no-interior-de-sp-saiba-quando\/","url_meta":{"origin":81260,"position":5},"title":"Previs\u00e3o indica virada no tempo com risco de temporais e granizo no interior de SP; Saiba quando","author":"noticiasribeiraopreto.com.br","date":"22 de March de 2025","format":false,"excerpt":"A previs\u00e3o aponta uma virada no tempo para o interior de S\u00e3o Paulo. O s\u00e1bado (22) come\u00e7ou com sol e c\u00e9u aberto em Ribeir\u00e3o Preto. A regi\u00e3o, contudo, pode registrar pancadas isoladas de chuva com raios no per\u00edodo da tarde. J\u00e1 no domingo (23), h\u00e1 risco para chuva forte e\u2026","rel":"","context":"In &quot;Not\u00edcias de Ribeir\u00e3o Preto-SP e Regi\u00e3o&quot;","block_context":{"text":"Not\u00edcias de Ribeir\u00e3o Preto-SP e Regi\u00e3o","link":"https:\/\/noticiasribeiraopreto.com.br\/index.php\/category\/noticias-de-ribeirao-preto-sp-e-regiao-ismael-colosi\/"},"img":{"alt_text":"","src":"https:\/\/i0.wp.com\/noticiasribeiraopreto.com.br\/wp-content\/uploads\/2024\/08\/WhatsApp-Image-2024-07-13-at-19.42.17_2024-07-13_22-42-51_jpeg_2024-07-13_22-42-51.webp.webp?fit=1200%2C553&ssl=1&resize=350%2C200","width":350,"height":200,"srcset":"https:\/\/i0.wp.com\/noticiasribeiraopreto.com.br\/wp-content\/uploads\/2024\/08\/WhatsApp-Image-2024-07-13-at-19.42.17_2024-07-13_22-42-51_jpeg_2024-07-13_22-42-51.webp.webp?fit=1200%2C553&ssl=1&resize=350%2C200 1x, https:\/\/i0.wp.com\/noticiasribeiraopreto.com.br\/wp-content\/uploads\/2024\/08\/WhatsApp-Image-2024-07-13-at-19.42.17_2024-07-13_22-42-51_jpeg_2024-07-13_22-42-51.webp.webp?fit=1200%2C553&ssl=1&resize=525%2C300 1.5x, https:\/\/i0.wp.com\/noticiasribeiraopreto.com.br\/wp-content\/uploads\/2024\/08\/WhatsApp-Image-2024-07-13-at-19.42.17_2024-07-13_22-42-51_jpeg_2024-07-13_22-42-51.webp.webp?fit=1200%2C553&ssl=1&resize=700%2C400 2x, https:\/\/i0.wp.com\/noticiasribeiraopreto.com.br\/wp-content\/uploads\/2024\/08\/WhatsApp-Image-2024-07-13-at-19.42.17_2024-07-13_22-42-51_jpeg_2024-07-13_22-42-51.webp.webp?fit=1200%2C553&ssl=1&resize=1050%2C600 3x"},"classes":[]}],"jetpack_sharing_enabled":true,"jetpack_shortlink":"https:\/\/wp.me\/peQAOb-l8E","_links":{"self":[{"href":"https:\/\/noticiasribeiraopreto.com.br\/index.php\/wp-json\/wp\/v2\/posts\/81260","targetHints":{"allow":["GET"]}}],"collection":[{"href":"https:\/\/noticiasribeiraopreto.com.br\/index.php\/wp-json\/wp\/v2\/posts"}],"about":[{"href":"https:\/\/noticiasribeiraopreto.com.br\/index.php\/wp-json\/wp\/v2\/types\/post"}],"author":[{"embeddable":true,"href":"https:\/\/noticiasribeiraopreto.com.br\/index.php\/wp-json\/wp\/v2\/users\/1"}],"replies":[{"embeddable":true,"href":"https:\/\/noticiasribeiraopreto.com.br\/index.php\/wp-json\/wp\/v2\/comments?post=81260"}],"version-history":[{"count":0,"href":"https:\/\/noticiasribeiraopreto.com.br\/index.php\/wp-json\/wp\/v2\/posts\/81260\/revisions"}],"wp:featuredmedia":[{"embeddable":true,"href":"https:\/\/noticiasribeiraopreto.com.br\/index.php\/wp-json\/wp\/v2\/media\/81256"}],"wp:attachment":[{"href":"https:\/\/noticiasribeiraopreto.com.br\/index.php\/wp-json\/wp\/v2\/media?parent=81260"}],"wp:term":[{"taxonomy":"category","embeddable":true,"href":"https:\/\/noticiasribeiraopreto.com.br\/index.php\/wp-json\/wp\/v2\/categories?post=81260"},{"taxonomy":"post_tag","embeddable":true,"href":"https:\/\/noticiasribeiraopreto.com.br\/index.php\/wp-json\/wp\/v2\/tags?post=81260"}],"curies":[{"name":"wp","href":"https:\/\/api.w.org\/{rel}","templated":true}]}}