{"id":81264,"date":"2025-12-30T07:42:03","date_gmt":"2025-12-30T10:42:03","guid":{"rendered":"https:\/\/noticiasribeiraopreto.com.br\/index.php\/2025\/12\/30\/mae-e-bebe-deixam-o-hospital-apos-incendio-com-botijao-de-gas-que-matou-jovem-em-jardinopolis\/"},"modified":"2025-12-30T07:42:03","modified_gmt":"2025-12-30T10:42:03","slug":"mae-e-bebe-deixam-o-hospital-apos-incendio-com-botijao-de-gas-que-matou-jovem-em-jardinopolis","status":"publish","type":"post","link":"https:\/\/noticiasribeiraopreto.com.br\/index.php\/2025\/12\/30\/mae-e-bebe-deixam-o-hospital-apos-incendio-com-botijao-de-gas-que-matou-jovem-em-jardinopolis\/","title":{"rendered":"M\u00e3e e beb\u00ea deixam o hospital ap\u00f3s inc\u00eandio com botij\u00e3o de g\u00e1s que matou jovem em Jardin\u00f3polis"},"content":{"rendered":"<div class='code-block code-block-1' style='margin: 8px 0 8px auto; text-align: right; display: block; clear: both;'>\n<p><a href=\"https:\/\/wa.link\/vpicfd\"><img data-recalc-dims=\"1\" class=\"wp-image-4922\" style=\"aspect-ratio: 2.0253164556962027; width: 561px; height: auto;\" src=\"https:\/\/i0.wp.com\/ismaelcolosi.com.br\/wp-content\/uploads\/2023\/11\/grupo-de-empregos-whatsapp-e-facebook-ismael-colosi-vagas.jpg?ssl=1\" alt=\"\" \/><\/a><\/p>\n<!-- \/wp:image -->\n<\/div>\n<p> <br \/>\n<\/p>\n<div>\n<p>A <strong>mulher de 34 anos e o filho dela<\/strong>, um <strong>beb\u00ea de dois meses<\/strong>, deixaram o hospital no \u00faltimo final de semana ap\u00f3s ficarem internados por inala\u00e7\u00e3o de fuma\u00e7a em um inc\u00eandio causado por um botij\u00e3o de g\u00e1s em Jardin\u00f3polis, na regi\u00e3o de Ribeir\u00e3o Preto. A ocorr\u00eancia terminou com a morte de uma jovem de 29 anos durante uma confraterniza\u00e7\u00e3o de Natal.<\/p>\n<p>A v\u00edtima fatal foi a auxiliar de cozinha <strong>Tain\u00e1 Gabriela Morais<\/strong>, de 29 anos, que inalou fuma\u00e7a em excesso, chegou a ser socorrida, mas morreu ap\u00f3s sofrer uma parada cardiorrespirat\u00f3ria.<\/p>\n<div class=\"wp-block-image\">\n<figure class=\"aligncenter size-full\"><img data-recalc-dims=\"1\" fetchpriority=\"high\" decoding=\"async\" width=\"984\" height=\"616\" src=\"https:\/\/i0.wp.com\/cdn.media-acidadeon.com.br\/ribeiraopreto\/wp-content\/uploads\/sites\/3\/2025\/12\/image_2025-12-29_17-59-57.webp?resize=984%2C616&#038;ssl=1\" alt=\"image 2025 12 29 17 59 57\" class=\"wp-image-140539\" title=\"M\u00e3e e beb\u00ea deixam o hospital ap\u00f3s inc\u00eandio com botij\u00e3o de g\u00e1s que matou jovem em Jardin\u00f3polis 1\" srcset=\"https:\/\/cdn.media-acidadeon.com.br\/ribeiraopreto\/wp-content\/uploads\/sites\/3\/2025\/12\/image_2025-12-29_17-59-57.webp 984w, https:\/\/cdn.media-acidadeon.com.br\/ribeiraopreto\/wp-content\/uploads\/sites\/3\/2025\/12\/image_2025-12-29_17-59-57-300x188.webp 300w, https:\/\/cdn.media-acidadeon.com.br\/ribeiraopreto\/wp-content\/uploads\/sites\/3\/2025\/12\/image_2025-12-29_17-59-57-768x481.webp 768w, https:\/\/cdn.media-acidadeon.com.br\/ribeiraopreto\/wp-content\/uploads\/sites\/3\/2025\/12\/image_2025-12-29_17-59-57-696x436.webp 696w\" sizes=\"(max-width: 984px) 100vw, 984px\"\/><\/figure>\n<\/div>\n<p>A mulher que recebeu alta \u00e9 <strong>Micaela Priscilla Passalia Ferreira<\/strong>, m\u00e3e do beb\u00ea <strong>Gael Ferreira<\/strong>, que tamb\u00e9m deixou o hospital.<\/p>\n<h3 class=\"wp-block-heading\"><strong>O inc\u00eandio<\/strong><\/h3>\n<p>O inc\u00eandio foi registrado na tarde de quinta-feira (25), em uma casa na rua Mauro Siqueira L\u00facio, no bairro Jardim Maria Regina. Segundo a Pol\u00edcia Militar, o <strong>fogo come\u00e7ou quando um botij\u00e3o de g\u00e1s pegou fogo enquanto o grupo preparava um churrasco em uma churrasqueira improvisada na garagem do im\u00f3vel.<\/strong><\/p>\n<div class=\"wp-block-image\">\n<figure class=\"aligncenter size-full is-resized\"><img data-recalc-dims=\"1\" loading=\"lazy\" decoding=\"async\" width=\"984\" height=\"616\" src=\"https:\/\/i0.wp.com\/cdn.media-acidadeon.com.br\/ribeiraopreto\/wp-content\/uploads\/sites\/3\/2025\/12\/image_2025-12-29_18-04-08.webp?resize=984%2C616&#038;ssl=1\" alt=\"botij\u00e3o \" class=\"wp-image-140540\" style=\"width:984px;height:auto\" title=\"M\u00e3e e beb\u00ea deixam o hospital ap\u00f3s inc\u00eandio com botij\u00e3o de g\u00e1s que matou jovem em Jardin\u00f3polis 2\" srcset=\"https:\/\/cdn.media-acidadeon.com.br\/ribeiraopreto\/wp-content\/uploads\/sites\/3\/2025\/12\/image_2025-12-29_18-04-08.webp 984w, https:\/\/cdn.media-acidadeon.com.br\/ribeiraopreto\/wp-content\/uploads\/sites\/3\/2025\/12\/image_2025-12-29_18-04-08-300x188.webp 300w, https:\/\/cdn.media-acidadeon.com.br\/ribeiraopreto\/wp-content\/uploads\/sites\/3\/2025\/12\/image_2025-12-29_18-04-08-768x481.webp 768w, https:\/\/cdn.media-acidadeon.com.br\/ribeiraopreto\/wp-content\/uploads\/sites\/3\/2025\/12\/image_2025-12-29_18-04-08-696x436.webp 696w\" sizes=\"auto, (max-width: 984px) 100vw, 984px\"\/><figcaption class=\"wp-element-caption\">Foto: Divulga\u00e7\u00e3o<\/figcaption><\/figure>\n<\/div>\n<p>Com o in\u00edcio das chamas, pessoas que estavam no local tentaram conter o inc\u00eandio usando panos, mas os tecidos tamb\u00e9m pegaram fogo, o que intensificou a fuma\u00e7a e fez com que ela se espalhasse rapidamente.<\/p>\n<p>Tain\u00e1 foi levada para a Unidade B\u00e1sica Distrital de Sa\u00fade (UBDS) de Jardin\u00f3polis, onde chegou a ser intubada, mas n\u00e3o resistiu. J\u00e1 Micaela e o beb\u00ea foram encaminhados ao <strong>Hospital das Cl\u00ednicas de Ribeir\u00e3o Preto<\/strong>, onde permaneceram internados sob observa\u00e7\u00e3o m\u00e9dica at\u00e9 a alta. O hospital n\u00e3o divulgou detalhes sobre o quadro cl\u00ednico durante a interna\u00e7\u00e3o.<\/p>\n<p>Antes de morrer, Tain\u00e1 chegou a gravar um \u00e1udio enviado a familiares relatando a situa\u00e7\u00e3o no local e informando que havia orienta\u00e7\u00e3o para que ningu\u00e9m se aproximasse da resid\u00eancia.<\/p>\n<p>O Corpo de Bombeiros foi acionado e realizou o resfriamento do botij\u00e3o at\u00e9 o esvaziamento completo. As circunst\u00e2ncias do inc\u00eandio ser\u00e3o investigadas pela Pol\u00edcia Civil.<\/p>\n<hr class=\"wp-block-separator has-alpha-channel-opacity\"\/>\n<p>SAIBA MAIS<\/p>\n<p>C\u00e2mera flagra batida entre carros e capotamento em Ribeir\u00e3o Preto; Assista<\/p>\n<h2 class=\"wp-block-heading\"><strong>FIQUE ON<\/strong><\/h2>\n<p>Fique ligado em tudo que acontece em Ribeir\u00e3o Preto e regi\u00e3o. Siga os perfis do<strong>\u00a0acidade on<\/strong>\u00a0no<a href=\"https:\/\/www.instagram.com\/acidadeonribeirao\" target=\"_blank\" rel=\"noreferrer noopener\">\u00a0Instagram\u00a0<\/a>e no\u00a0<a href=\"https:\/\/www.facebook.com\/acidadeonribeirao\/\" target=\"_blank\" rel=\"noreferrer noopener\">Facebook<\/a>.<\/p>\n<p>Receba not\u00edcias do<strong>\u00a0acidade on<\/strong>\u00a0no WhatsApp. Para entrar no grupo,\u00a0basta<a href=\"https:\/\/chat.whatsapp.com\/GFH9HUMUTHNFJdnyEd0xxq\" target=\"_blank\" rel=\"noreferrer noopener\">\u00a0clicar aqui<\/a>. Ou, acesse o nosso\u00a0Canal\u00a0<a href=\"https:\/\/whatsapp.com\/channel\/0029Vb6IQl1JENyAeS57fk2p\" target=\"_blank\" rel=\"noreferrer noopener\">clicando aqui<\/a>.<\/p>\n<p>Fa\u00e7a uma den\u00fancia ou sugira uma reportagem sobre Ribeir\u00e3o Preto e regi\u00e3o pelo WhatsApp: 16 99117 7802.<\/p>\n<p>VEJA TAMB\u00c9M<\/p>\n<p>Casquinha do McDonald\u2019s n\u00e3o \u00e9 sorvete?<\/p>\n<p><!-- AI CONTENT END 1 -->\n<\/div>\n<p><script async src=\"\/\/www.instagram.com\/embed.js\"><\/script><br \/>\n<br \/><br \/>\n<br \/><a href=\"https:\/\/www.acidadeon.com\/ribeiraopreto\/cotidiano\/mae-e-bebe-deixam-o-hospital-apos-incendio-com-botijao-de-gas-que-matou-jovem-em-jardinopolis\/\">Source link <\/a><\/p>\n<!-- CONTENT END 1 -->\n","protected":false},"excerpt":{"rendered":"<p>A mulher de 34 anos e o filho dela, um beb\u00ea de dois meses, deixaram o hospital no \u00faltimo final de semana ap\u00f3s ficarem internados&#8230;<\/p>\n","protected":false},"author":1,"featured_media":81265,"comment_status":"open","ping_status":"open","sticky":false,"template":"","format":"standard","meta":{"advanced_seo_description":"","jetpack_seo_html_title":"","jetpack_seo_noindex":false,"jetpack_post_was_ever_published":false,"_jetpack_newsletter_access":"","_jetpack_dont_email_post_to_subs":false,"_jetpack_newsletter_tier_id":0,"_jetpack_memberships_contains_paywalled_content":false,"_jetpack_memberships_contains_paid_content":false,"footnotes":"","jetpack_publicize_message":"","jetpack_publicize_feature_enabled":true,"jetpack_social_post_already_shared":true,"jetpack_social_options":{"image_generator_settings":{"template":"highway","default_image_id":0,"font":"","enabled":false},"version":2}},"categories":[11],"tags":[],"class_list":["post-81264","post","type-post","status-publish","format-standard","has-post-thumbnail","hentry","category-noticias-de-ribeirao-preto-sp-e-regiao-ismael-colosi"],"jetpack_publicize_connections":[],"jetpack_featured_media_url":"https:\/\/i0.wp.com\/noticiasribeiraopreto.com.br\/wp-content\/uploads\/2025\/12\/domingo-12_2025-12-29_18-09-58.webp.webp?fit=1200%2C675&ssl=1","jetpack-related-posts":[{"id":81202,"url":"https:\/\/noticiasribeiraopreto.com.br\/index.php\/2025\/12\/27\/mulher-morre-e-outras-duas-pessoas-sao-internadas-apos-inalar-fumaca-de-botijao-de-gas-que-pegou-fogo\/","url_meta":{"origin":81264,"position":0},"title":"Mulher morre e outras duas pessoas s\u00e3o internadas ap\u00f3s inalar fuma\u00e7a de botij\u00e3o de g\u00e1s que pegou fogo","author":"noticiasribeiraopreto.com.br","date":"27 de December de 2025","format":false,"excerpt":"Uma mulher de 29 anos morreu ap\u00f3s inalar fuma\u00e7a de um botij\u00e3o de g\u00e1s que pegou fogo durante uma confraterniza\u00e7\u00e3o de Natal em Jardin\u00f3polis, cidade na regi\u00e3o de Ribeir\u00e3o Preto, na tarde desta quinta-feira (25). Outras duas pessoas permanecem internadas, sendo uma mulher e o beb\u00ea dela. Ambos foram socorridos\u2026","rel":"","context":"In &quot;Not\u00edcias de Ribeir\u00e3o Preto-SP e Regi\u00e3o&quot;","block_context":{"text":"Not\u00edcias de Ribeir\u00e3o Preto-SP e Regi\u00e3o","link":"https:\/\/noticiasribeiraopreto.com.br\/index.php\/category\/noticias-de-ribeirao-preto-sp-e-regiao-ismael-colosi\/"},"img":{"alt_text":"","src":"https:\/\/i0.wp.com\/noticiasribeiraopreto.com.br\/wp-content\/uploads\/2025\/12\/domingo-44_2025-12-26_15-14-22.webp.webp?fit=1200%2C675&ssl=1&resize=350%2C200","width":350,"height":200,"srcset":"https:\/\/i0.wp.com\/noticiasribeiraopreto.com.br\/wp-content\/uploads\/2025\/12\/domingo-44_2025-12-26_15-14-22.webp.webp?fit=1200%2C675&ssl=1&resize=350%2C200 1x, https:\/\/i0.wp.com\/noticiasribeiraopreto.com.br\/wp-content\/uploads\/2025\/12\/domingo-44_2025-12-26_15-14-22.webp.webp?fit=1200%2C675&ssl=1&resize=525%2C300 1.5x, https:\/\/i0.wp.com\/noticiasribeiraopreto.com.br\/wp-content\/uploads\/2025\/12\/domingo-44_2025-12-26_15-14-22.webp.webp?fit=1200%2C675&ssl=1&resize=700%2C400 2x, https:\/\/i0.wp.com\/noticiasribeiraopreto.com.br\/wp-content\/uploads\/2025\/12\/domingo-44_2025-12-26_15-14-22.webp.webp?fit=1200%2C675&ssl=1&resize=1050%2C600 3x"},"classes":[]},{"id":73717,"url":"https:\/\/noticiasribeiraopreto.com.br\/index.php\/2025\/07\/08\/homem-morre-apos-inalar-fumaca-durante-incendio-em-ribeirao-preto\/","url_meta":{"origin":81264,"position":1},"title":"Homem morre ap\u00f3s inalar fuma\u00e7a durante inc\u00eandio em Ribeir\u00e3o Preto","author":"noticiasribeiraopreto.com.br","date":"8 de July de 2025","format":false,"excerpt":"Um homem de 51 anos morreu ap\u00f3s inalar fuma\u00e7a durante um inc\u00eandio em uma resid\u00eancia, na tarde desta ter\u00e7a-feira (8), em Ribeir\u00e3o Preto. O caso ocorreu na rua Coronel Jos\u00e9 Pedro de Faria, no bairro Vila Albertina. Segundo o Corpo de Bombeiros, a v\u00edtima seria um catador de recicl\u00e1veis. Ainda\u2026","rel":"","context":"In &quot;Not\u00edcias de Ribeir\u00e3o Preto-SP e Regi\u00e3o&quot;","block_context":{"text":"Not\u00edcias de Ribeir\u00e3o Preto-SP e Regi\u00e3o","link":"https:\/\/noticiasribeiraopreto.com.br\/index.php\/category\/noticias-de-ribeirao-preto-sp-e-regiao-ismael-colosi\/"},"img":{"alt_text":"","src":"https:\/\/i0.wp.com\/noticiasribeiraopreto.com.br\/wp-content\/uploads\/2025\/07\/Imagem-do-WhatsApp-de-2025-07-08-as-15.04.54_e346581d_2025-07-08_18-13-04.webp.webp?fit=1200%2C900&ssl=1&resize=350%2C200","width":350,"height":200,"srcset":"https:\/\/i0.wp.com\/noticiasribeiraopreto.com.br\/wp-content\/uploads\/2025\/07\/Imagem-do-WhatsApp-de-2025-07-08-as-15.04.54_e346581d_2025-07-08_18-13-04.webp.webp?fit=1200%2C900&ssl=1&resize=350%2C200 1x, https:\/\/i0.wp.com\/noticiasribeiraopreto.com.br\/wp-content\/uploads\/2025\/07\/Imagem-do-WhatsApp-de-2025-07-08-as-15.04.54_e346581d_2025-07-08_18-13-04.webp.webp?fit=1200%2C900&ssl=1&resize=525%2C300 1.5x, https:\/\/i0.wp.com\/noticiasribeiraopreto.com.br\/wp-content\/uploads\/2025\/07\/Imagem-do-WhatsApp-de-2025-07-08-as-15.04.54_e346581d_2025-07-08_18-13-04.webp.webp?fit=1200%2C900&ssl=1&resize=700%2C400 2x, https:\/\/i0.wp.com\/noticiasribeiraopreto.com.br\/wp-content\/uploads\/2025\/07\/Imagem-do-WhatsApp-de-2025-07-08-as-15.04.54_e346581d_2025-07-08_18-13-04.webp.webp?fit=1200%2C900&ssl=1&resize=1050%2C600 3x"},"classes":[]},{"id":55697,"url":"https:\/\/noticiasribeiraopreto.com.br\/index.php\/2024\/08\/05\/fumaca-toma-conta-da-rodovia-anhanguera-na-regiao-de-ribeirao-preto\/","url_meta":{"origin":81264,"position":2},"title":"Fuma\u00e7a toma conta da rodovia Anhanguera na regi\u00e3o de Ribeir\u00e3o Preto","author":"noticiasribeiraopreto.com.br","date":"5 de August de 2024","format":false,"excerpt":"A fuma\u00e7a tomou conta da rodovia Anhanguera, em Jardin\u00f3polis, na regi\u00e3o de Ribeir\u00e3o Preto, por conta de um inc\u00eandio na tarde desta segunda-feira (5) \u2013 veja o v\u00eddeo abaixo. VEJA O V\u00cdDEO Ver essa foto no Instagram Uma publica\u00e7\u00e3o compartilhada por acidade on Ribeir\u00e3o (@acidadeonribeirao) De acordo com o Corpo\u2026","rel":"","context":"In &quot;Not\u00edcias de Ribeir\u00e3o Preto-SP e Regi\u00e3o&quot;","block_context":{"text":"Not\u00edcias de Ribeir\u00e3o Preto-SP e Regi\u00e3o","link":"https:\/\/noticiasribeiraopreto.com.br\/index.php\/category\/noticias-de-ribeirao-preto-sp-e-regiao-ismael-colosi\/"},"img":{"alt_text":"","src":"https:\/\/i0.wp.com\/noticiasribeiraopreto.com.br\/wp-content\/uploads\/2024\/08\/FUMACA-ANHANGUERA_2024-08-05_18-40-32_jpg_2024-08-05_18-40-32.webp.webp?fit=1200%2C770&ssl=1&resize=350%2C200","width":350,"height":200,"srcset":"https:\/\/i0.wp.com\/noticiasribeiraopreto.com.br\/wp-content\/uploads\/2024\/08\/FUMACA-ANHANGUERA_2024-08-05_18-40-32_jpg_2024-08-05_18-40-32.webp.webp?fit=1200%2C770&ssl=1&resize=350%2C200 1x, https:\/\/i0.wp.com\/noticiasribeiraopreto.com.br\/wp-content\/uploads\/2024\/08\/FUMACA-ANHANGUERA_2024-08-05_18-40-32_jpg_2024-08-05_18-40-32.webp.webp?fit=1200%2C770&ssl=1&resize=525%2C300 1.5x, https:\/\/i0.wp.com\/noticiasribeiraopreto.com.br\/wp-content\/uploads\/2024\/08\/FUMACA-ANHANGUERA_2024-08-05_18-40-32_jpg_2024-08-05_18-40-32.webp.webp?fit=1200%2C770&ssl=1&resize=700%2C400 2x, https:\/\/i0.wp.com\/noticiasribeiraopreto.com.br\/wp-content\/uploads\/2024\/08\/FUMACA-ANHANGUERA_2024-08-05_18-40-32_jpg_2024-08-05_18-40-32.webp.webp?fit=1200%2C770&ssl=1&resize=1050%2C600 3x"},"classes":[]},{"id":69964,"url":"https:\/\/noticiasribeiraopreto.com.br\/index.php\/2025\/05\/21\/homem-de-52-anos-morre-carbonizado-dentro-de-casa\/","url_meta":{"origin":81264,"position":3},"title":"Homem de 52 anos morre carbonizado dentro de casa","author":"noticiasribeiraopreto.com.br","date":"21 de May de 2025","format":false,"excerpt":"Um homem de 52 anos morreu carbonizado na noite desta ter\u00e7a-feira (20), durante um inc\u00eandio que atingiu a ed\u00edcula onde a v\u00edtima morava na Vila Aparecida, em Franca, a aproximadamente 80 quil\u00f4metros de Ribeir\u00e3o Preto. Segundo o Corpo de Bombeiros, um amigo da v\u00edtima, que tamb\u00e9m estava no im\u00f3vel, teria\u2026","rel":"","context":"In &quot;Not\u00edcias de Ribeir\u00e3o Preto-SP e Regi\u00e3o&quot;","block_context":{"text":"Not\u00edcias de Ribeir\u00e3o Preto-SP e Regi\u00e3o","link":"https:\/\/noticiasribeiraopreto.com.br\/index.php\/category\/noticias-de-ribeirao-preto-sp-e-regiao-ismael-colosi\/"},"img":{"alt_text":"","src":"https:\/\/i0.wp.com\/noticiasribeiraopreto.com.br\/wp-content\/uploads\/2025\/05\/BOMBEIROS_2025-05-21_15-37-07.webp.webp?fit=1200%2C893&ssl=1&resize=350%2C200","width":350,"height":200,"srcset":"https:\/\/i0.wp.com\/noticiasribeiraopreto.com.br\/wp-content\/uploads\/2025\/05\/BOMBEIROS_2025-05-21_15-37-07.webp.webp?fit=1200%2C893&ssl=1&resize=350%2C200 1x, https:\/\/i0.wp.com\/noticiasribeiraopreto.com.br\/wp-content\/uploads\/2025\/05\/BOMBEIROS_2025-05-21_15-37-07.webp.webp?fit=1200%2C893&ssl=1&resize=525%2C300 1.5x, https:\/\/i0.wp.com\/noticiasribeiraopreto.com.br\/wp-content\/uploads\/2025\/05\/BOMBEIROS_2025-05-21_15-37-07.webp.webp?fit=1200%2C893&ssl=1&resize=700%2C400 2x, https:\/\/i0.wp.com\/noticiasribeiraopreto.com.br\/wp-content\/uploads\/2025\/05\/BOMBEIROS_2025-05-21_15-37-07.webp.webp?fit=1200%2C893&ssl=1&resize=1050%2C600 3x"},"classes":[]},{"id":31601,"url":"https:\/\/noticiasribeiraopreto.com.br\/index.php\/2024\/01\/22\/vitima-e-socorrida-apos-inalar-fumaca-de-incendio-em-casa-da-zona-sul-de-ribeirao\/","url_meta":{"origin":81264,"position":4},"title":"V\u00edtima \u00e9 socorrida ap\u00f3s inalar fuma\u00e7a de inc\u00eandio em casa da zona sul de Ribeir\u00e3o","author":"noticiasribeiraopreto.com.br","date":"22 de January de 2024","format":false,"excerpt":"Uma pessoa foi socorrida ap\u00f3s inalar fuma\u00e7a de um inc\u00eandio em uma casa, dentro de um condom\u00ednio, no distrito de Bonfim Paulista, na zona Sul de Ribeir\u00e3o Preto, no come\u00e7o da noite desta segunda-feira (22). O condom\u00ednio fica na marginal Hermenegildo Ulian. O Corpo de Bombeiros foi acionado e est\u00e1\u2026","rel":"","context":"In &quot;Not\u00edcias de Ribeir\u00e3o Preto-SP e Regi\u00e3o&quot;","block_context":{"text":"Not\u00edcias de Ribeir\u00e3o Preto-SP e Regi\u00e3o","link":"https:\/\/noticiasribeiraopreto.com.br\/index.php\/category\/noticias-de-ribeirao-preto-sp-e-regiao-ismael-colosi\/"},"img":{"alt_text":"","src":"https:\/\/i0.wp.com\/noticiasribeiraopreto.com.br\/wp-content\/uploads\/2024\/01\/WhatsApp-Image-2023-10-01-at-15.55.52.jpeg?fit=1024%2C576&ssl=1&resize=350%2C200","width":350,"height":200,"srcset":"https:\/\/i0.wp.com\/noticiasribeiraopreto.com.br\/wp-content\/uploads\/2024\/01\/WhatsApp-Image-2023-10-01-at-15.55.52.jpeg?fit=1024%2C576&ssl=1&resize=350%2C200 1x, https:\/\/i0.wp.com\/noticiasribeiraopreto.com.br\/wp-content\/uploads\/2024\/01\/WhatsApp-Image-2023-10-01-at-15.55.52.jpeg?fit=1024%2C576&ssl=1&resize=525%2C300 1.5x, https:\/\/i0.wp.com\/noticiasribeiraopreto.com.br\/wp-content\/uploads\/2024\/01\/WhatsApp-Image-2023-10-01-at-15.55.52.jpeg?fit=1024%2C576&ssl=1&resize=700%2C400 2x"},"classes":[]},{"id":31646,"url":"https:\/\/noticiasribeiraopreto.com.br\/index.php\/2024\/01\/22\/vitima-e-socorrida-apos-inalar-fumaca-de-incendio-em-casa-na-zona-sul-de-ribeirao\/","url_meta":{"origin":81264,"position":5},"title":"V\u00edtima \u00e9 socorrida ap\u00f3s inalar fuma\u00e7a de inc\u00eandio em casa na zona sul de Ribeir\u00e3o","author":"noticiasribeiraopreto.com.br","date":"22 de January de 2024","format":false,"excerpt":"Uma pessoa foi socorrida ap\u00f3s inalar fuma\u00e7a de um inc\u00eandio em uma casa, dentro de um condom\u00ednio, no distrito de Bonfim Paulista, na zona Sul de Ribeir\u00e3o Preto, no come\u00e7o da noite desta segunda-feira (22). O condom\u00ednio fica na marginal Hermenegildo Ulian. O Corpo de Bombeiros foi acionado e est\u00e1\u2026","rel":"","context":"In &quot;Not\u00edcias de Ribeir\u00e3o Preto-SP e Regi\u00e3o&quot;","block_context":{"text":"Not\u00edcias de Ribeir\u00e3o Preto-SP e Regi\u00e3o","link":"https:\/\/noticiasribeiraopreto.com.br\/index.php\/category\/noticias-de-ribeirao-preto-sp-e-regiao-ismael-colosi\/"},"img":{"alt_text":"","src":"https:\/\/i0.wp.com\/noticiasribeiraopreto.com.br\/wp-content\/uploads\/2024\/01\/1705977654_WhatsApp-Image-2023-10-01-at-15.55.52.jpeg?fit=1024%2C576&ssl=1&resize=350%2C200","width":350,"height":200,"srcset":"https:\/\/i0.wp.com\/noticiasribeiraopreto.com.br\/wp-content\/uploads\/2024\/01\/1705977654_WhatsApp-Image-2023-10-01-at-15.55.52.jpeg?fit=1024%2C576&ssl=1&resize=350%2C200 1x, https:\/\/i0.wp.com\/noticiasribeiraopreto.com.br\/wp-content\/uploads\/2024\/01\/1705977654_WhatsApp-Image-2023-10-01-at-15.55.52.jpeg?fit=1024%2C576&ssl=1&resize=525%2C300 1.5x, https:\/\/i0.wp.com\/noticiasribeiraopreto.com.br\/wp-content\/uploads\/2024\/01\/1705977654_WhatsApp-Image-2023-10-01-at-15.55.52.jpeg?fit=1024%2C576&ssl=1&resize=700%2C400 2x"},"classes":[]}],"jetpack_sharing_enabled":true,"jetpack_shortlink":"https:\/\/wp.me\/peQAOb-l8I","_links":{"self":[{"href":"https:\/\/noticiasribeiraopreto.com.br\/index.php\/wp-json\/wp\/v2\/posts\/81264","targetHints":{"allow":["GET"]}}],"collection":[{"href":"https:\/\/noticiasribeiraopreto.com.br\/index.php\/wp-json\/wp\/v2\/posts"}],"about":[{"href":"https:\/\/noticiasribeiraopreto.com.br\/index.php\/wp-json\/wp\/v2\/types\/post"}],"author":[{"embeddable":true,"href":"https:\/\/noticiasribeiraopreto.com.br\/index.php\/wp-json\/wp\/v2\/users\/1"}],"replies":[{"embeddable":true,"href":"https:\/\/noticiasribeiraopreto.com.br\/index.php\/wp-json\/wp\/v2\/comments?post=81264"}],"version-history":[{"count":0,"href":"https:\/\/noticiasribeiraopreto.com.br\/index.php\/wp-json\/wp\/v2\/posts\/81264\/revisions"}],"wp:featuredmedia":[{"embeddable":true,"href":"https:\/\/noticiasribeiraopreto.com.br\/index.php\/wp-json\/wp\/v2\/media\/81265"}],"wp:attachment":[{"href":"https:\/\/noticiasribeiraopreto.com.br\/index.php\/wp-json\/wp\/v2\/media?parent=81264"}],"wp:term":[{"taxonomy":"category","embeddable":true,"href":"https:\/\/noticiasribeiraopreto.com.br\/index.php\/wp-json\/wp\/v2\/categories?post=81264"},{"taxonomy":"post_tag","embeddable":true,"href":"https:\/\/noticiasribeiraopreto.com.br\/index.php\/wp-json\/wp\/v2\/tags?post=81264"}],"curies":[{"name":"wp","href":"https:\/\/api.w.org\/{rel}","templated":true}]}}