{"id":81268,"date":"2025-12-30T07:59:42","date_gmt":"2025-12-30T10:59:42","guid":{"rendered":"https:\/\/noticiasribeiraopreto.com.br\/index.php\/2025\/12\/30\/camera-flagra-batida-entre-carros-e-capotamento-em-ribeirao-preto-assista\/"},"modified":"2025-12-30T07:59:42","modified_gmt":"2025-12-30T10:59:42","slug":"camera-flagra-batida-entre-carros-e-capotamento-em-ribeirao-preto-assista","status":"publish","type":"post","link":"https:\/\/noticiasribeiraopreto.com.br\/index.php\/2025\/12\/30\/camera-flagra-batida-entre-carros-e-capotamento-em-ribeirao-preto-assista\/","title":{"rendered":"C\u00e2mera flagra batida entre carros e capotamento em Ribeir\u00e3o Preto; Assista"},"content":{"rendered":"<div class='code-block code-block-1' style='margin: 8px 0 8px auto; text-align: right; display: block; clear: both;'>\n<p><a href=\"https:\/\/wa.link\/vpicfd\"><img data-recalc-dims=\"1\" class=\"wp-image-4922\" style=\"aspect-ratio: 2.0253164556962027; width: 561px; height: auto;\" src=\"https:\/\/i0.wp.com\/ismaelcolosi.com.br\/wp-content\/uploads\/2023\/11\/grupo-de-empregos-whatsapp-e-facebook-ismael-colosi-vagas.jpg?ssl=1\" alt=\"\" \/><\/a><\/p>\n<!-- \/wp:image -->\n<\/div>\n<p> <br \/>\n<\/p>\n<div data-td-block-uid=\"tdi_95\">\n<div class=\"tdb-block-inner td-fix-index\">\n<p><strong>Uma c\u00e2mera de seguran\u00e7a registrou uma batida entre dois carros e o capotamento de um deles na manh\u00e3 desta segunda-feira (29), no cruzamento das ruas Am\u00e9rico Brasiliense e Amadeu Amaral, na Vila Seixas, em Ribeir\u00e3o Preto.<\/strong> <strong>Assista <\/strong>ao <strong>v\u00eddeo <\/strong>abaixo.<\/p>\n<p>A <a href=\"https:\/\/www.ribeiraopreto.sp.gov.br\/portal\/rpmobi\/\" data-type=\"link\" data-id=\"https:\/\/www.ribeiraopreto.sp.gov.br\/portal\/rpmobi\/\" target=\"_blank\" rel=\"noopener\">RP Mobi<\/a> informou que o <strong>ve\u00edculo <\/strong>que <strong>capotou <\/strong>\u00e9 de <strong>transporte <\/strong>por <strong>aplicativo <\/strong>e <mark style=\"background-color:#fcb900\" class=\"has-inline-color has-black-color\">uma mulher e uma crian\u00e7a, que estavam como passageiros, receberam atendimento do Samu no local. <\/mark><\/p>\n<p>As imagens mostram que o carro de aplicativo, um Fiat Mobi, seguia pela Am\u00e9rico Brasiliense, que \u00e9 preferencial, quando o foi atingido pelo outro ve\u00edculo, um Fiat Palio, que vinha pela Amadeu Amaral, onde h\u00e1 sinaliza\u00e7\u00e3o de Pare. <\/p>\n<p>As causas, por\u00e9m, ainda dever\u00e3o ser apuradas.<\/p>\n<blockquote class=\"instagram-media\" data-instgrm-permalink=\"https:\/\/www.instagram.com\/reel\/DS2l2vPjqbE\/?utm_source=ig_embed&amp;utm_campaign=loading\" data-instgrm-version=\"14\" style=\" background:#FFF; border:0; border-radius:3px; box-shadow:0 0 1px 0 rgba(0,0,0,0.5),0 1px 10px 0 rgba(0,0,0,0.15); margin: 1px; max-width:540px; min-width:326px; padding:0; width:99.375%; width:-webkit-calc(100% - 2px); width:calc(100% - 2px);\"\/>\n<p>SAIIBA MAIS<\/p>\n<p>Carro de aplicativo capota ap\u00f3s batida em cruzamento de Ribeir\u00e3o Preto<\/p>\n<h2 class=\"wp-block-heading\"><strong>FIQUE ON<\/strong><\/h2>\n<p>Fique ligado em tudo que acontece em Ribeir\u00e3o Preto e regi\u00e3o. Siga os perfis do<strong>\u00a0acidade on<\/strong>\u00a0no<a href=\"https:\/\/www.instagram.com\/acidadeonribeirao\" target=\"_blank\" rel=\"noreferrer noopener\">\u00a0Instagram\u00a0<\/a>e no\u00a0<a href=\"https:\/\/www.facebook.com\/acidadeonribeirao\/\" target=\"_blank\" rel=\"noreferrer noopener\">Facebook<\/a>.<\/p>\n<p>Receba not\u00edcias do<strong>\u00a0acidade on<\/strong>\u00a0no WhatsApp. Para entrar no grupo,\u00a0basta<a href=\"https:\/\/chat.whatsapp.com\/GFH9HUMUTHNFJdnyEd0xxq\" target=\"_blank\" rel=\"noreferrer noopener\">\u00a0clicar aqui<\/a>. Ou, acesse o nosso\u00a0Canal\u00a0<a href=\"https:\/\/whatsapp.com\/channel\/0029Vb6IQl1JENyAeS57fk2p\" target=\"_blank\" rel=\"noreferrer noopener\">clicando aqui<\/a>.<\/p>\n<p>Fa\u00e7a uma den\u00fancia ou sugira uma reportagem sobre Ribeir\u00e3o Preto e regi\u00e3o pelo WhatsApp: 16 99117 7802.<\/p>\n<p>VEJA TAMB\u00c9M<\/p>\n<p>Casquinha do McDonald\u2019s n\u00e3o \u00e9 sorvete?<\/p>\n<p><!-- AI CONTENT END 1 -->\n<\/div>\n<\/div>\n<p><script async src=\"\/\/www.instagram.com\/embed.js\"><\/script><br \/>\n<br \/><br \/>\n<br \/><a href=\"https:\/\/www.acidadeon.com\/ribeiraopreto\/cotidiano\/camera-flagra-batida-entre-carros-e-capotamento-em-ribeirao-preto-assista\/\">Source link <\/a><\/p>\n<!-- CONTENT END 1 -->\n","protected":false},"excerpt":{"rendered":"<p>Uma c\u00e2mera de seguran\u00e7a registrou uma batida entre dois carros e o capotamento de um deles na manh\u00e3 desta segunda-feira (29), no cruzamento das ruas&#8230;<\/p>\n","protected":false},"author":1,"featured_media":81269,"comment_status":"open","ping_status":"open","sticky":false,"template":"","format":"standard","meta":{"advanced_seo_description":"","jetpack_seo_html_title":"","jetpack_seo_noindex":false,"jetpack_post_was_ever_published":false,"_jetpack_newsletter_access":"","_jetpack_dont_email_post_to_subs":false,"_jetpack_newsletter_tier_id":0,"_jetpack_memberships_contains_paywalled_content":false,"_jetpack_memberships_contains_paid_content":false,"footnotes":"","jetpack_publicize_message":"","jetpack_publicize_feature_enabled":true,"jetpack_social_post_already_shared":true,"jetpack_social_options":{"image_generator_settings":{"template":"highway","default_image_id":0,"font":"","enabled":false},"version":2}},"categories":[11],"tags":[],"class_list":["post-81268","post","type-post","status-publish","format-standard","has-post-thumbnail","hentry","category-noticias-de-ribeirao-preto-sp-e-regiao-ismael-colosi"],"jetpack_publicize_connections":[],"jetpack_featured_media_url":"https:\/\/i0.wp.com\/noticiasribeiraopreto.com.br\/wp-content\/uploads\/2025\/12\/capotamento_2025-12-29_15-57-37.webp.webp?fit=1200%2C838&ssl=1","jetpack-related-posts":[{"id":62804,"url":"https:\/\/noticiasribeiraopreto.com.br\/index.php\/2025\/01\/24\/camera-flagra-batida-que-deixou-motociclista-morto-em-ribeirao-preto-assista\/","url_meta":{"origin":81268,"position":0},"title":"C\u00e2mera flagra batida que deixou motociclista morto em Ribeir\u00e3o Preto; Assista","author":"noticiasribeiraopreto.com.br","date":"24 de January de 2025","format":false,"excerpt":"Uma c\u00e2mera de seguran\u00e7a registrou a batida entre carro e moto na manh\u00e3 desta sexta-feira (24), na avenida Brasil, zona Norte de Ribeir\u00e3o Preto. O motociclista foi lan\u00e7ado e morreu no local. Assista ao v\u00eddeo abaixo. O momento da colis\u00e3o foi congelado pela edi\u00e7\u00e3o. As imagens mostram que os ve\u00edculos\u2026","rel":"","context":"In &quot;Not\u00edcias de Ribeir\u00e3o Preto-SP e Regi\u00e3o&quot;","block_context":{"text":"Not\u00edcias de Ribeir\u00e3o Preto-SP e Regi\u00e3o","link":"https:\/\/noticiasribeiraopreto.com.br\/index.php\/category\/noticias-de-ribeirao-preto-sp-e-regiao-ismael-colosi\/"},"img":{"alt_text":"","src":"https:\/\/i0.wp.com\/noticiasribeiraopreto.com.br\/wp-content\/uploads\/2025\/01\/ACIDENTE_2025-01-24_16-02-15_jpg_2025-01-24_16-02-15.webp.webp?fit=1200%2C667&ssl=1&resize=350%2C200","width":350,"height":200,"srcset":"https:\/\/i0.wp.com\/noticiasribeiraopreto.com.br\/wp-content\/uploads\/2025\/01\/ACIDENTE_2025-01-24_16-02-15_jpg_2025-01-24_16-02-15.webp.webp?fit=1200%2C667&ssl=1&resize=350%2C200 1x, https:\/\/i0.wp.com\/noticiasribeiraopreto.com.br\/wp-content\/uploads\/2025\/01\/ACIDENTE_2025-01-24_16-02-15_jpg_2025-01-24_16-02-15.webp.webp?fit=1200%2C667&ssl=1&resize=525%2C300 1.5x, https:\/\/i0.wp.com\/noticiasribeiraopreto.com.br\/wp-content\/uploads\/2025\/01\/ACIDENTE_2025-01-24_16-02-15_jpg_2025-01-24_16-02-15.webp.webp?fit=1200%2C667&ssl=1&resize=700%2C400 2x, https:\/\/i0.wp.com\/noticiasribeiraopreto.com.br\/wp-content\/uploads\/2025\/01\/ACIDENTE_2025-01-24_16-02-15_jpg_2025-01-24_16-02-15.webp.webp?fit=1200%2C667&ssl=1&resize=1050%2C600 3x"},"classes":[]},{"id":84958,"url":"https:\/\/noticiasribeiraopreto.com.br\/index.php\/2026\/04\/18\/colisao-entre-veiculos-provoca-capotamento-na-zona-norte-de-ribeirao-preto\/","url_meta":{"origin":81268,"position":1},"title":"Colis\u00e3o entre ve\u00edculos provoca capotamento na zona Norte de Ribeir\u00e3o Preto","author":"noticiasribeiraopreto.com.br","date":"18 de April de 2026","format":false,"excerpt":"Ler o resumo da not\u00edcia No s\u00e1bado (18), um ve\u00edculo que saiu de um posto de combust\u00edvel entrou na contram\u00e3o e colidiu com outro carro na Rua Capit\u00e3o Salom\u00e3o, n\u00ba\u202f1.023, zona Norte de Ribeir\u00e3o Preto, provocando capotamento. As v\u00edtimas foram socorridas; a RP\u202fMobi foi acionada para apoiar o tr\u00e2nsito, mas\u2026","rel":"","context":"In &quot;Not\u00edcias de Ribeir\u00e3o Preto-SP e Regi\u00e3o&quot;","block_context":{"text":"Not\u00edcias de Ribeir\u00e3o Preto-SP e Regi\u00e3o","link":"https:\/\/noticiasribeiraopreto.com.br\/index.php\/category\/noticias-de-ribeirao-preto-sp-e-regiao-ismael-colosi\/"},"img":{"alt_text":"","src":"https:\/\/i0.wp.com\/noticiasribeiraopreto.com.br\/wp-content\/uploads\/2026\/04\/palace-4_2026-04-18_19-24-48.webp.webp?fit=1200%2C675&ssl=1&resize=350%2C200","width":350,"height":200,"srcset":"https:\/\/i0.wp.com\/noticiasribeiraopreto.com.br\/wp-content\/uploads\/2026\/04\/palace-4_2026-04-18_19-24-48.webp.webp?fit=1200%2C675&ssl=1&resize=350%2C200 1x, https:\/\/i0.wp.com\/noticiasribeiraopreto.com.br\/wp-content\/uploads\/2026\/04\/palace-4_2026-04-18_19-24-48.webp.webp?fit=1200%2C675&ssl=1&resize=525%2C300 1.5x, https:\/\/i0.wp.com\/noticiasribeiraopreto.com.br\/wp-content\/uploads\/2026\/04\/palace-4_2026-04-18_19-24-48.webp.webp?fit=1200%2C675&ssl=1&resize=700%2C400 2x, https:\/\/i0.wp.com\/noticiasribeiraopreto.com.br\/wp-content\/uploads\/2026\/04\/palace-4_2026-04-18_19-24-48.webp.webp?fit=1200%2C675&ssl=1&resize=1050%2C600 3x"},"classes":[]},{"id":51113,"url":"https:\/\/noticiasribeiraopreto.com.br\/index.php\/2024\/05\/23\/carro-capota-apos-batida-em-cruzamento-de-ribeirao-preto-assista-ao-video\/","url_meta":{"origin":81268,"position":2},"title":"Carro capota ap\u00f3s batida em cruzamento de Ribeir\u00e3o Preto; Assista ao v\u00eddeo","author":"noticiasribeiraopreto.com.br","date":"23 de May de 2024","format":false,"excerpt":"Um carro capotou na manh\u00e3 desta quinta-feira (23), ap\u00f3s uma batida com outro ve\u00edculo no cruzamento das ruas Olavo Bilac e Lafaiete, na Vila Seixas, em Ribeir\u00e3o Preto. Assista ao v\u00eddeo abaixo. Segundo as primeiras informa\u00e7\u00f5es, ao menos uma pessoa foi socorrida. Imagens de c\u00e2mera de seguran\u00e7a mostram que o\u2026","rel":"","context":"In &quot;Not\u00edcias de Ribeir\u00e3o Preto-SP e Regi\u00e3o&quot;","block_context":{"text":"Not\u00edcias de Ribeir\u00e3o Preto-SP e Regi\u00e3o","link":"https:\/\/noticiasribeiraopreto.com.br\/index.php\/category\/noticias-de-ribeirao-preto-sp-e-regiao-ismael-colosi\/"},"img":{"alt_text":"","src":"https:\/\/i0.wp.com\/noticiasribeiraopreto.com.br\/wp-content\/uploads\/2024\/05\/CAPOTAMENTO_2024-05-23_12-48-04_jpg_2024-05-23_12-48-05.webp.webp?fit=1200%2C824&ssl=1&resize=350%2C200","width":350,"height":200,"srcset":"https:\/\/i0.wp.com\/noticiasribeiraopreto.com.br\/wp-content\/uploads\/2024\/05\/CAPOTAMENTO_2024-05-23_12-48-04_jpg_2024-05-23_12-48-05.webp.webp?fit=1200%2C824&ssl=1&resize=350%2C200 1x, https:\/\/i0.wp.com\/noticiasribeiraopreto.com.br\/wp-content\/uploads\/2024\/05\/CAPOTAMENTO_2024-05-23_12-48-04_jpg_2024-05-23_12-48-05.webp.webp?fit=1200%2C824&ssl=1&resize=525%2C300 1.5x, https:\/\/i0.wp.com\/noticiasribeiraopreto.com.br\/wp-content\/uploads\/2024\/05\/CAPOTAMENTO_2024-05-23_12-48-04_jpg_2024-05-23_12-48-05.webp.webp?fit=1200%2C824&ssl=1&resize=700%2C400 2x, https:\/\/i0.wp.com\/noticiasribeiraopreto.com.br\/wp-content\/uploads\/2024\/05\/CAPOTAMENTO_2024-05-23_12-48-04_jpg_2024-05-23_12-48-05.webp.webp?fit=1200%2C824&ssl=1&resize=1050%2C600 3x"},"classes":[]},{"id":53002,"url":"https:\/\/noticiasribeiraopreto.com.br\/index.php\/2024\/06\/14\/acidente-entre-carro-e-bicicleta-deixa-vitima-em-estado-grave-em-ribeirao-preto\/","url_meta":{"origin":81268,"position":3},"title":"Acidente entre carro e bicicleta deixa v\u00edtima em estado grave em Ribeir\u00e3o Preto","author":"noticiasribeiraopreto.com.br","date":"14 de June de 2024","format":false,"excerpt":"Um acidente entre carro e bicicleta deixou uma v\u00edtima em estado grave, na noite desta sexta-feira (14), na avenida Francisco Junqueira, em Ribeir\u00e3o Preto. A colis\u00e3o ocorreu na altura do cruzamento da via com a rua Am\u00e9rico Brasiliense. De acordo com as informa\u00e7\u00f5es, o ciclista foi parar embaixo do ve\u00edculo.\u2026","rel":"","context":"In &quot;Not\u00edcias de Ribeir\u00e3o Preto-SP e Regi\u00e3o&quot;","block_context":{"text":"Not\u00edcias de Ribeir\u00e3o Preto-SP e Regi\u00e3o","link":"https:\/\/noticiasribeiraopreto.com.br\/index.php\/category\/noticias-de-ribeirao-preto-sp-e-regiao-ismael-colosi\/"},"img":{"alt_text":"","src":"https:\/\/i0.wp.com\/noticiasribeiraopreto.com.br\/wp-content\/uploads\/2024\/06\/WhatsApp-Image-2024-06-14-at-19.57.58_2024-06-14_23-01-10_jpeg_2024-06-14_23-01-10.webp.webp?fit=750%2C421&ssl=1&resize=350%2C200","width":350,"height":200,"srcset":"https:\/\/i0.wp.com\/noticiasribeiraopreto.com.br\/wp-content\/uploads\/2024\/06\/WhatsApp-Image-2024-06-14-at-19.57.58_2024-06-14_23-01-10_jpeg_2024-06-14_23-01-10.webp.webp?fit=750%2C421&ssl=1&resize=350%2C200 1x, https:\/\/i0.wp.com\/noticiasribeiraopreto.com.br\/wp-content\/uploads\/2024\/06\/WhatsApp-Image-2024-06-14-at-19.57.58_2024-06-14_23-01-10_jpeg_2024-06-14_23-01-10.webp.webp?fit=750%2C421&ssl=1&resize=525%2C300 1.5x, https:\/\/i0.wp.com\/noticiasribeiraopreto.com.br\/wp-content\/uploads\/2024\/06\/WhatsApp-Image-2024-06-14-at-19.57.58_2024-06-14_23-01-10_jpeg_2024-06-14_23-01-10.webp.webp?fit=750%2C421&ssl=1&resize=700%2C400 2x"},"classes":[]},{"id":62364,"url":"https:\/\/noticiasribeiraopreto.com.br\/index.php\/2025\/01\/12\/camera-de-seguranca-flagra-batida-violenta-em-carro-estacionado-em-ribeirao-preto-video\/","url_meta":{"origin":81268,"position":4},"title":"C\u00e2mera de seguran\u00e7a flagra batida violenta em carro estacionado em Ribeir\u00e3o Preto; V\u00eddeo","author":"noticiasribeiraopreto.com.br","date":"12 de January de 2025","format":false,"excerpt":"Um carro atingiu outro autom\u00f3vel que estava estacionado na noite deste s\u00e1bado (11), em frente a um condom\u00ednio na rua Rond\u00f4nia, no bairro Monte Alegre, zona Oeste de Ribeir\u00e3o Preto. Assista ao v\u00eddeo abaixo. A colis\u00e3o traseira ocorreu na altura da liga\u00e7\u00e3o com a rua\u00a0Appa\u00a0e, devido ao forte impacto, uma\u2026","rel":"","context":"In &quot;Not\u00edcias de Ribeir\u00e3o Preto-SP e Regi\u00e3o&quot;","block_context":{"text":"Not\u00edcias de Ribeir\u00e3o Preto-SP e Regi\u00e3o","link":"https:\/\/noticiasribeiraopreto.com.br\/index.php\/category\/noticias-de-ribeirao-preto-sp-e-regiao-ismael-colosi\/"},"img":{"alt_text":"","src":"https:\/\/i0.wp.com\/noticiasribeiraopreto.com.br\/wp-content\/uploads\/2025\/01\/BATIDA_2025-01-12_14-42-01_jpg_2025-01-12_14-42-01.webp.webp?fit=1200%2C890&ssl=1&resize=350%2C200","width":350,"height":200,"srcset":"https:\/\/i0.wp.com\/noticiasribeiraopreto.com.br\/wp-content\/uploads\/2025\/01\/BATIDA_2025-01-12_14-42-01_jpg_2025-01-12_14-42-01.webp.webp?fit=1200%2C890&ssl=1&resize=350%2C200 1x, https:\/\/i0.wp.com\/noticiasribeiraopreto.com.br\/wp-content\/uploads\/2025\/01\/BATIDA_2025-01-12_14-42-01_jpg_2025-01-12_14-42-01.webp.webp?fit=1200%2C890&ssl=1&resize=525%2C300 1.5x, https:\/\/i0.wp.com\/noticiasribeiraopreto.com.br\/wp-content\/uploads\/2025\/01\/BATIDA_2025-01-12_14-42-01_jpg_2025-01-12_14-42-01.webp.webp?fit=1200%2C890&ssl=1&resize=700%2C400 2x, https:\/\/i0.wp.com\/noticiasribeiraopreto.com.br\/wp-content\/uploads\/2025\/01\/BATIDA_2025-01-12_14-42-01_jpg_2025-01-12_14-42-01.webp.webp?fit=1200%2C890&ssl=1&resize=1050%2C600 3x"},"classes":[]},{"id":73329,"url":"https:\/\/noticiasribeiraopreto.com.br\/index.php\/2025\/06\/30\/motociclista-fica-ferido-apos-batida-entre-carro-e-moto-em-ribeirao-preto\/","url_meta":{"origin":81268,"position":5},"title":"Motociclista fica ferido ap\u00f3s batida entre carro e moto em Ribeir\u00e3o Preto","author":"noticiasribeiraopreto.com.br","date":"30 de June de 2025","format":false,"excerpt":"Um motociclista de 25 anos ficou ferido na noite deste domingo (29), ap\u00f3s se envolver em uma batida com um carro no cruzamento da avenida F\u00e1bio Barreto com a rua Castro Alves, em Ribeir\u00e3o Preto. Assista ao v\u00eddeo abaixo. Segundo informa\u00e7\u00f5es, a v\u00edtima sofreu ferimentos nas pernas e nos bra\u00e7os,\u2026","rel":"","context":"In &quot;Not\u00edcias de Ribeir\u00e3o Preto-SP e Regi\u00e3o&quot;","block_context":{"text":"Not\u00edcias de Ribeir\u00e3o Preto-SP e Regi\u00e3o","link":"https:\/\/noticiasribeiraopreto.com.br\/index.php\/category\/noticias-de-ribeirao-preto-sp-e-regiao-ismael-colosi\/"},"img":{"alt_text":"","src":"https:\/\/i0.wp.com\/noticiasribeiraopreto.com.br\/wp-content\/uploads\/2025\/06\/ACIDENTE_2025-06-30_09-42-28.webp.webp?fit=1200%2C676&ssl=1&resize=350%2C200","width":350,"height":200,"srcset":"https:\/\/i0.wp.com\/noticiasribeiraopreto.com.br\/wp-content\/uploads\/2025\/06\/ACIDENTE_2025-06-30_09-42-28.webp.webp?fit=1200%2C676&ssl=1&resize=350%2C200 1x, https:\/\/i0.wp.com\/noticiasribeiraopreto.com.br\/wp-content\/uploads\/2025\/06\/ACIDENTE_2025-06-30_09-42-28.webp.webp?fit=1200%2C676&ssl=1&resize=525%2C300 1.5x, https:\/\/i0.wp.com\/noticiasribeiraopreto.com.br\/wp-content\/uploads\/2025\/06\/ACIDENTE_2025-06-30_09-42-28.webp.webp?fit=1200%2C676&ssl=1&resize=700%2C400 2x, https:\/\/i0.wp.com\/noticiasribeiraopreto.com.br\/wp-content\/uploads\/2025\/06\/ACIDENTE_2025-06-30_09-42-28.webp.webp?fit=1200%2C676&ssl=1&resize=1050%2C600 3x"},"classes":[]}],"jetpack_sharing_enabled":true,"jetpack_shortlink":"https:\/\/wp.me\/peQAOb-l8M","_links":{"self":[{"href":"https:\/\/noticiasribeiraopreto.com.br\/index.php\/wp-json\/wp\/v2\/posts\/81268","targetHints":{"allow":["GET"]}}],"collection":[{"href":"https:\/\/noticiasribeiraopreto.com.br\/index.php\/wp-json\/wp\/v2\/posts"}],"about":[{"href":"https:\/\/noticiasribeiraopreto.com.br\/index.php\/wp-json\/wp\/v2\/types\/post"}],"author":[{"embeddable":true,"href":"https:\/\/noticiasribeiraopreto.com.br\/index.php\/wp-json\/wp\/v2\/users\/1"}],"replies":[{"embeddable":true,"href":"https:\/\/noticiasribeiraopreto.com.br\/index.php\/wp-json\/wp\/v2\/comments?post=81268"}],"version-history":[{"count":0,"href":"https:\/\/noticiasribeiraopreto.com.br\/index.php\/wp-json\/wp\/v2\/posts\/81268\/revisions"}],"wp:featuredmedia":[{"embeddable":true,"href":"https:\/\/noticiasribeiraopreto.com.br\/index.php\/wp-json\/wp\/v2\/media\/81269"}],"wp:attachment":[{"href":"https:\/\/noticiasribeiraopreto.com.br\/index.php\/wp-json\/wp\/v2\/media?parent=81268"}],"wp:term":[{"taxonomy":"category","embeddable":true,"href":"https:\/\/noticiasribeiraopreto.com.br\/index.php\/wp-json\/wp\/v2\/categories?post=81268"},{"taxonomy":"post_tag","embeddable":true,"href":"https:\/\/noticiasribeiraopreto.com.br\/index.php\/wp-json\/wp\/v2\/tags?post=81268"}],"curies":[{"name":"wp","href":"https:\/\/api.w.org\/{rel}","templated":true}]}}