{"id":81270,"date":"2025-12-30T08:44:06","date_gmt":"2025-12-30T11:44:06","guid":{"rendered":"https:\/\/noticiasribeiraopreto.com.br\/index.php\/2025\/12\/30\/rodovias-entram-em-operacao-especial\/"},"modified":"2025-12-30T08:44:06","modified_gmt":"2025-12-30T11:44:06","slug":"rodovias-entram-em-operacao-especial","status":"publish","type":"post","link":"https:\/\/noticiasribeiraopreto.com.br\/index.php\/2025\/12\/30\/rodovias-entram-em-operacao-especial\/","title":{"rendered":"Rodovias entram em opera\u00e7\u00e3o especial"},"content":{"rendered":"<div class='code-block code-block-1' style='margin: 8px 0 8px auto; text-align: right; display: block; clear: both;'>\n<p><a href=\"https:\/\/wa.link\/vpicfd\"><img data-recalc-dims=\"1\" class=\"wp-image-4922\" style=\"aspect-ratio: 2.0253164556962027; width: 561px; height: auto;\" src=\"https:\/\/i0.wp.com\/ismaelcolosi.com.br\/wp-content\/uploads\/2023\/11\/grupo-de-empregos-whatsapp-e-facebook-ismael-colosi-vagas.jpg?ssl=1\" alt=\"\" \/><\/a><\/p>\n<!-- \/wp:image -->\n<\/div>\n<p> <br \/>\n<\/p>\n<div>\n<p><em>Mais de 1,5 milh\u00e3o de ve\u00edculos devem circular pelas estradas do interior paulista; concession\u00e1rias refor\u00e7am equipes e orientam motoristas<\/em><\/p>\n<p>Com o encerramento da Opera\u00e7\u00e3o de Natal, as concession\u00e1rias que administram rodovias no interior de S\u00e3o Paulo iniciam os preparativos para o pr\u00f3ximo grande fluxo de ve\u00edculos provocado pelo feriado de Ano Novo. A expectativa \u00e9 de aumento significativo no tr\u00e1fego a partir do dia 30 de dezembro, especialmente nas rodovias que cortam a regi\u00e3o de Ribeir\u00e3o Preto e fazem liga\u00e7\u00e3o com a capital e outros estados.<\/p>\n<p>A Arteris Intervias estima que mais de 780 mil ve\u00edculos circulem por seus trechos durante o per\u00edodo, com destaque para a Rodovia Anhanguera (SP-330), principal corredor entre o interior e a Regi\u00e3o Metropolitana de S\u00e3o Paulo. As equipes operacionais da concession\u00e1ria permanecer\u00e3o em prontid\u00e3o para atendimentos emergenciais e suporte aos motoristas.<\/p>\n<p>J\u00e1 a Entrevias Concession\u00e1ria de Rodovias projeta crescimento de 23% no tr\u00e1fego nas rodovias sob sua concess\u00e3o, que abrangem 570 quil\u00f4metros nas regi\u00f5es de Ribeir\u00e3o Preto e Mar\u00edlia. Entre os dias 27 de dezembro e 5 de janeiro, s\u00e3o esperados ao menos 752 mil ve\u00edculos. Somente nas rodovias da regi\u00e3o de Ribeir\u00e3o Preto \u2014 SP-330, SP-322, SP-328 e SP-351 \u2014 o fluxo estimado \u00e9 de 535,2 mil ve\u00edculos. No trecho entre Mar\u00edlia e Flor\u00ednea, a previs\u00e3o \u00e9 de 217 mil ve\u00edculos.<\/p>\n<p>Para garantir seguran\u00e7a e fluidez, a Opera\u00e7\u00e3o Ano Novo contar\u00e1 com todo o efetivo operacional, com monitoramento permanente a partir do Centro de Controle Operacional (CCO), de onde s\u00e3o acionados recursos para atendimento a ocorr\u00eancias, informa\u00e7\u00f5es aos usu\u00e1rios e apoio em situa\u00e7\u00f5es de emerg\u00eancia.<\/p>\n<p>No cen\u00e1rio estadual, a Ag\u00eancia de Transporte do Estado de S\u00e3o Paulo estima que cerca de 19,8 milh\u00f5es de ve\u00edculos circulem pelas rodovias paulistas entre os dias 30 de dezembro e 5 de janeiro. Entre os trechos com maior movimento est\u00e3o os sistemas Anhanguera\u2013Bandeirantes, Rodoanel M\u00e1rio Covas, al\u00e9m das principais liga\u00e7\u00f5es com o litoral e outros estados.<\/p>\n<p>As concession\u00e1rias orientam os motoristas a programarem a viagem com anteced\u00eancia, realizarem a manuten\u00e7\u00e3o preventiva do ve\u00edculo, respeitarem os limites de velocidade, manterem dist\u00e2ncia segura entre os carros e evitarem dirigir sob efeito de \u00e1lcool. A recomenda\u00e7\u00e3o \u00e9 redobrar a aten\u00e7\u00e3o, principalmente nos hor\u00e1rios de maior fluxo.<\/p>\n<p><strong>Acesso ao litoral concentra hor\u00e1rios cr\u00edticos e exige aten\u00e7\u00e3o redobrada no R\u00e9veillon<\/strong><\/p>\n<p>O deslocamento para o litoral paulista deve ser o principal respons\u00e1vel pelos picos de congestionamento durante o feriado de Ano Novo. As rodovias que ligam o interior e a capital \u00e0 Baixada Santista tradicionalmente operam pr\u00f3ximas do limite nesse per\u00edodo, exigindo planejamento por parte dos motoristas.<\/p>\n<p>No Sistema Anchieta\u2013Imigrantes, administrado pela Ecovias Imigrantes, a expectativa \u00e9 de circula\u00e7\u00e3o intensa entre os dias 30 de dezembro e 5 de janeiro. Os momentos mais cr\u00edticos devem ocorrer na sa\u00edda para o litoral, na ter\u00e7a-feira (30), e no retorno \u00e0 capital, a partir do dia 3. Para administrar o fluxo, a concession\u00e1ria adotar\u00e1 esquemas operacionais diferenciados, com amplia\u00e7\u00e3o e redistribui\u00e7\u00e3o de faixas conforme a demanda.<\/p>\n<p>Outro corredor que deve registrar tr\u00e1fego elevado \u00e9 a liga\u00e7\u00e3o entre S\u00e3o Paulo e o Rio de Janeiro. Segundo a RioSP, a Via Dutra e a Rio-Santos (BR-101) devem apresentar lentid\u00e3o principalmente no retorno do feriado, nos dias 4 e 5 de janeiro, quando grande parte dos viajantes volta da regi\u00e3o litor\u00e2nea.<\/p>\n<p>As concession\u00e1rias alertam que os motoristas que conseguirem flexibilidade de hor\u00e1rios tendem a enfrentar melhores condi\u00e7\u00f5es de tr\u00e1fego fora dos per\u00edodos de pico. Tamb\u00e9m recomendam aten\u00e7\u00e3o especial em trechos de serra, \u00e1reas urbanas e locais sujeitos a neblina ou chuva, comuns nesta \u00e9poca do ano.<\/p>\n<p>Embora o refor\u00e7o operacional esteja garantido ao longo de todo o feriado, as empresas destacam que a condu\u00e7\u00e3o respons\u00e1vel e o planejamento da viagem s\u00e3o fatores decisivos para reduzir riscos e evitar transtornos nos acessos ao litoral durante a virada do ano.<\/p>\n<\/div>\n<p><br \/>\n<br \/><a href=\"https:\/\/www.tribunaribeirao.com.br\/rodovias-entram-em-operacao-especial\/\">Source link <\/a><\/p>\n<!-- CONTENT END 1 -->\n","protected":false},"excerpt":{"rendered":"<p>Mais de 1,5 milh\u00e3o de ve\u00edculos devem circular pelas estradas do interior paulista; concession\u00e1rias refor\u00e7am equipes e orientam motoristas Com o encerramento da Opera\u00e7\u00e3o de&#8230;<\/p>\n","protected":false},"author":1,"featured_media":81271,"comment_status":"open","ping_status":"open","sticky":false,"template":"","format":"standard","meta":{"advanced_seo_description":"","jetpack_seo_html_title":"","jetpack_seo_noindex":false,"jetpack_post_was_ever_published":false,"_jetpack_newsletter_access":"","_jetpack_dont_email_post_to_subs":false,"_jetpack_newsletter_tier_id":0,"_jetpack_memberships_contains_paywalled_content":false,"_jetpack_memberships_contains_paid_content":false,"footnotes":"","jetpack_publicize_message":"","jetpack_publicize_feature_enabled":true,"jetpack_social_post_already_shared":true,"jetpack_social_options":{"image_generator_settings":{"template":"highway","default_image_id":0,"font":"","enabled":false},"version":2}},"categories":[11],"tags":[],"class_list":["post-81270","post","type-post","status-publish","format-standard","has-post-thumbnail","hentry","category-noticias-de-ribeirao-preto-sp-e-regiao-ismael-colosi"],"jetpack_publicize_connections":[],"jetpack_featured_media_url":"https:\/\/i0.wp.com\/noticiasribeiraopreto.com.br\/wp-content\/uploads\/2025\/12\/1-estradas.jpg?fit=768%2C528&ssl=1","jetpack-related-posts":[{"id":18716,"url":"https:\/\/noticiasribeiraopreto.com.br\/index.php\/2023\/12\/20\/policiamento-sera-reforcado-durante-operacao-natal\/","url_meta":{"origin":81270,"position":0},"title":"Policiamento ser\u00e1 refor\u00e7ado durante Opera\u00e7\u00e3o Natal","author":"noticiasribeiraopreto.com.br","date":"20 de December de 2023","format":false,"excerpt":"Pol\u00edcia Rodovi\u00e1ria vai contar com todo o efetivo operacional e administrativo para fiscalizar as rodovias da regi\u00e3o 20 de dezembro de 2023 | 16:48 2Por: Adalberto LuqueA Opera\u00e7\u00e3o Natal 2023 come\u00e7a \u00e0 00h00 da sexta-feira (22) e vai at\u00e9 as 23h59 da ter\u00e7a-feira (26), nas rodovias do Estado de S\u00e3o\u2026","rel":"","context":"In &quot;Not\u00edcias de Ribeir\u00e3o Preto-SP e Regi\u00e3o&quot;","block_context":{"text":"Not\u00edcias de Ribeir\u00e3o Preto-SP e Regi\u00e3o","link":"https:\/\/noticiasribeiraopreto.com.br\/index.php\/category\/noticias-de-ribeirao-preto-sp-e-regiao-ismael-colosi\/"},"img":{"alt_text":"","src":"https:\/\/i0.wp.com\/noticiasribeiraopreto.com.br\/wp-content\/uploads\/2023\/12\/00-20-dez-2023-natal-nas-estradas-00-Foto-Divulgacao-scaled.jpg?fit=938%2C645&ssl=1&resize=350%2C200","width":350,"height":200,"srcset":"https:\/\/i0.wp.com\/noticiasribeiraopreto.com.br\/wp-content\/uploads\/2023\/12\/00-20-dez-2023-natal-nas-estradas-00-Foto-Divulgacao-scaled.jpg?fit=938%2C645&ssl=1&resize=350%2C200 1x, https:\/\/i0.wp.com\/noticiasribeiraopreto.com.br\/wp-content\/uploads\/2023\/12\/00-20-dez-2023-natal-nas-estradas-00-Foto-Divulgacao-scaled.jpg?fit=938%2C645&ssl=1&resize=525%2C300 1.5x, https:\/\/i0.wp.com\/noticiasribeiraopreto.com.br\/wp-content\/uploads\/2023\/12\/00-20-dez-2023-natal-nas-estradas-00-Foto-Divulgacao-scaled.jpg?fit=938%2C645&ssl=1&resize=700%2C400 2x"},"classes":[]},{"id":64053,"url":"https:\/\/noticiasribeiraopreto.com.br\/index.php\/2025\/02\/28\/novos-radares-de-velocidade-entram-em-operacao-no-interior-de-sp-veja-rodovias\/","url_meta":{"origin":81270,"position":1},"title":"Novos radares de velocidade entram em opera\u00e7\u00e3o no interior de SP; Veja rodovias","author":"noticiasribeiraopreto.com.br","date":"28 de February de 2025","format":false,"excerpt":"Cinco novos radares de velocidade devem entrar em opera\u00e7\u00e3o na pr\u00f3xima ter\u00e7a-feira (4), em rodovias no interior de S\u00e3o Paulo, nos munic\u00edpios de Guatapar\u00e1, S\u00e3o Sim\u00e3o, Brodowski, Itirapu\u00e3, na regi\u00e3o de Ribeir\u00e3o Preto, e em Ita\u00ed, na regi\u00e3o de Avar\u00e9. Os trechos s\u00e3o administrados pela concession\u00e1ria Arteris ViaPaulista. Confira a\u2026","rel":"","context":"In &quot;Not\u00edcias de Ribeir\u00e3o Preto-SP e Regi\u00e3o&quot;","block_context":{"text":"Not\u00edcias de Ribeir\u00e3o Preto-SP e Regi\u00e3o","link":"https:\/\/noticiasribeiraopreto.com.br\/index.php\/category\/noticias-de-ribeirao-preto-sp-e-regiao-ismael-colosi\/"},"img":{"alt_text":"","src":"https:\/\/i0.wp.com\/noticiasribeiraopreto.com.br\/wp-content\/uploads\/2025\/02\/RADAR_2025-02-28_11-59-47_jpg_2025-02-28_11-59-47.webp.webp?fit=1200%2C760&ssl=1&resize=350%2C200","width":350,"height":200,"srcset":"https:\/\/i0.wp.com\/noticiasribeiraopreto.com.br\/wp-content\/uploads\/2025\/02\/RADAR_2025-02-28_11-59-47_jpg_2025-02-28_11-59-47.webp.webp?fit=1200%2C760&ssl=1&resize=350%2C200 1x, https:\/\/i0.wp.com\/noticiasribeiraopreto.com.br\/wp-content\/uploads\/2025\/02\/RADAR_2025-02-28_11-59-47_jpg_2025-02-28_11-59-47.webp.webp?fit=1200%2C760&ssl=1&resize=525%2C300 1.5x, https:\/\/i0.wp.com\/noticiasribeiraopreto.com.br\/wp-content\/uploads\/2025\/02\/RADAR_2025-02-28_11-59-47_jpg_2025-02-28_11-59-47.webp.webp?fit=1200%2C760&ssl=1&resize=700%2C400 2x, https:\/\/i0.wp.com\/noticiasribeiraopreto.com.br\/wp-content\/uploads\/2025\/02\/RADAR_2025-02-28_11-59-47_jpg_2025-02-28_11-59-47.webp.webp?fit=1200%2C760&ssl=1&resize=1050%2C600 3x"},"classes":[]},{"id":64169,"url":"https:\/\/noticiasribeiraopreto.com.br\/index.php\/2025\/03\/04\/radares-entram-em-operacao-em-quatro-rodovias-do-interior-de-sp-veja-locais\/","url_meta":{"origin":81270,"position":2},"title":"Radares entram em opera\u00e7\u00e3o em quatro rodovias do interior de SP; Veja locais","author":"noticiasribeiraopreto.com.br","date":"4 de March de 2025","format":false,"excerpt":"Come\u00e7aram a funcionar nesta ter\u00e7a-feira (4), cinco novos radares de velocidade em rodovias do interior de S\u00e3o Paulo, todas administravas pela Arteris ViaPaulista. A decis\u00e3o para autoriza\u00e7\u00e3o do in\u00edcio de opera\u00e7\u00e3o foi publicada no Di\u00e1rio Oficial do Estado de S\u00e3o Paulo no dia 25 de fevereiro. A concession\u00e1ria refor\u00e7a que\u2026","rel":"","context":"In &quot;Not\u00edcias de Ribeir\u00e3o Preto-SP e Regi\u00e3o&quot;","block_context":{"text":"Not\u00edcias de Ribeir\u00e3o Preto-SP e Regi\u00e3o","link":"https:\/\/noticiasribeiraopreto.com.br\/index.php\/category\/noticias-de-ribeirao-preto-sp-e-regiao-ismael-colosi\/"},"img":{"alt_text":"","src":"https:\/\/i0.wp.com\/noticiasribeiraopreto.com.br\/wp-content\/uploads\/2025\/03\/radar-sp.jpg?fit=1163%2C692&ssl=1&resize=350%2C200","width":350,"height":200,"srcset":"https:\/\/i0.wp.com\/noticiasribeiraopreto.com.br\/wp-content\/uploads\/2025\/03\/radar-sp.jpg?fit=1163%2C692&ssl=1&resize=350%2C200 1x, https:\/\/i0.wp.com\/noticiasribeiraopreto.com.br\/wp-content\/uploads\/2025\/03\/radar-sp.jpg?fit=1163%2C692&ssl=1&resize=525%2C300 1.5x, https:\/\/i0.wp.com\/noticiasribeiraopreto.com.br\/wp-content\/uploads\/2025\/03\/radar-sp.jpg?fit=1163%2C692&ssl=1&resize=700%2C400 2x, https:\/\/i0.wp.com\/noticiasribeiraopreto.com.br\/wp-content\/uploads\/2025\/03\/radar-sp.jpg?fit=1163%2C692&ssl=1&resize=1050%2C600 3x"},"classes":[]},{"id":63627,"url":"https:\/\/noticiasribeiraopreto.com.br\/index.php\/2025\/02\/18\/seis-radares-de-velocidade-entram-em-operacao-em-rodovias-do-interior-de-sp-veja-onde\/","url_meta":{"origin":81270,"position":3},"title":"Seis radares de velocidade entram em opera\u00e7\u00e3o em rodovias do interior de SP; Veja onde","author":"noticiasribeiraopreto.com.br","date":"18 de February de 2025","format":false,"excerpt":"Seis radares devem come\u00e7ar a operar entre quinta-feira (20) e sexta-feira (21), em rodovias de S\u00e3o Carlos, Cedral, Taquaritinga e It\u00e1polis, no interior de S\u00e3o Paulo. Segundo a\u00a0concession\u00e1ria EcoNoroeste, os\u00a0equipamentos\u00a0foram\u00a0liberados\u00a0ap\u00f3s\u00a0homologa\u00e7\u00e3o\u00a0do\u00a0DER (Departamento de Estradas de Rodagem)\u00a0e publica\u00e7\u00e3o no\u00a0Di\u00e1rio Oficial do Estado de S\u00e3o Paulo. Veja os radares em opera\u00e7\u00e3o a partir\u2026","rel":"","context":"In &quot;Not\u00edcias de Ribeir\u00e3o Preto-SP e Regi\u00e3o&quot;","block_context":{"text":"Not\u00edcias de Ribeir\u00e3o Preto-SP e Regi\u00e3o","link":"https:\/\/noticiasribeiraopreto.com.br\/index.php\/category\/noticias-de-ribeirao-preto-sp-e-regiao-ismael-colosi\/"},"img":{"alt_text":"","src":"https:\/\/i0.wp.com\/noticiasribeiraopreto.com.br\/wp-content\/uploads\/2025\/01\/RADAR_2025-01-24_13-57-54_jpg_2025-01-24_13-57-54.webp.webp?fit=1200%2C814&ssl=1&resize=350%2C200","width":350,"height":200,"srcset":"https:\/\/i0.wp.com\/noticiasribeiraopreto.com.br\/wp-content\/uploads\/2025\/01\/RADAR_2025-01-24_13-57-54_jpg_2025-01-24_13-57-54.webp.webp?fit=1200%2C814&ssl=1&resize=350%2C200 1x, https:\/\/i0.wp.com\/noticiasribeiraopreto.com.br\/wp-content\/uploads\/2025\/01\/RADAR_2025-01-24_13-57-54_jpg_2025-01-24_13-57-54.webp.webp?fit=1200%2C814&ssl=1&resize=525%2C300 1.5x, https:\/\/i0.wp.com\/noticiasribeiraopreto.com.br\/wp-content\/uploads\/2025\/01\/RADAR_2025-01-24_13-57-54_jpg_2025-01-24_13-57-54.webp.webp?fit=1200%2C814&ssl=1&resize=700%2C400 2x, https:\/\/i0.wp.com\/noticiasribeiraopreto.com.br\/wp-content\/uploads\/2025\/01\/RADAR_2025-01-24_13-57-54_jpg_2025-01-24_13-57-54.webp.webp?fit=1200%2C814&ssl=1&resize=1050%2C600 3x"},"classes":[]},{"id":62794,"url":"https:\/\/noticiasribeiraopreto.com.br\/index.php\/2025\/01\/24\/tres-radares-de-velocidade-entram-em-operacao-em-rodovias-do-interior-de-sp-confira\/","url_meta":{"origin":81270,"position":4},"title":"Tr\u00eas radares de velocidade entram em opera\u00e7\u00e3o em rodovias do interior de SP; Confira","author":"noticiasribeiraopreto.com.br","date":"24 de January de 2025","format":false,"excerpt":"Tr\u00eas radares devem come\u00e7ar a operar na pr\u00f3xima quarta-feira (29), em rodovias de Sert\u00e3ozinho, Bebedouro\u00a0e Araraquara, no interior de S\u00e3o Paulo. Segundo a concession\u00e1ria EcoNoroeste, os equipamentos foram liberados ap\u00f3s homologa\u00e7\u00e3o do DER (Departamento de Estradas de Rodagem) e publica\u00e7\u00e3o no Di\u00e1rio Oficial do Estado de S\u00e3o Paulo. Veja os\u2026","rel":"","context":"In &quot;Not\u00edcias de Ribeir\u00e3o Preto-SP e Regi\u00e3o&quot;","block_context":{"text":"Not\u00edcias de Ribeir\u00e3o Preto-SP e Regi\u00e3o","link":"https:\/\/noticiasribeiraopreto.com.br\/index.php\/category\/noticias-de-ribeirao-preto-sp-e-regiao-ismael-colosi\/"},"img":{"alt_text":"","src":"https:\/\/i0.wp.com\/noticiasribeiraopreto.com.br\/wp-content\/uploads\/2025\/01\/RADAR_2025-01-24_13-57-54_jpg_2025-01-24_13-57-54.webp.webp?fit=1200%2C814&ssl=1&resize=350%2C200","width":350,"height":200,"srcset":"https:\/\/i0.wp.com\/noticiasribeiraopreto.com.br\/wp-content\/uploads\/2025\/01\/RADAR_2025-01-24_13-57-54_jpg_2025-01-24_13-57-54.webp.webp?fit=1200%2C814&ssl=1&resize=350%2C200 1x, https:\/\/i0.wp.com\/noticiasribeiraopreto.com.br\/wp-content\/uploads\/2025\/01\/RADAR_2025-01-24_13-57-54_jpg_2025-01-24_13-57-54.webp.webp?fit=1200%2C814&ssl=1&resize=525%2C300 1.5x, https:\/\/i0.wp.com\/noticiasribeiraopreto.com.br\/wp-content\/uploads\/2025\/01\/RADAR_2025-01-24_13-57-54_jpg_2025-01-24_13-57-54.webp.webp?fit=1200%2C814&ssl=1&resize=700%2C400 2x, https:\/\/i0.wp.com\/noticiasribeiraopreto.com.br\/wp-content\/uploads\/2025\/01\/RADAR_2025-01-24_13-57-54_jpg_2025-01-24_13-57-54.webp.webp?fit=1200%2C814&ssl=1&resize=1050%2C600 3x"},"classes":[]},{"id":84079,"url":"https:\/\/noticiasribeiraopreto.com.br\/index.php\/2026\/04\/01\/operacao-pascoa-preve-fluxo-de-11-mi-veiculos\/","url_meta":{"origin":81270,"position":5},"title":"Opera\u00e7\u00e3o P\u00e1scoa prev\u00ea fluxo de 1,1 mi ve\u00edculos","author":"noticiasribeiraopreto.com.br","date":"1 de April de 2026","format":false,"excerpt":"| Por: Adalberto Luque | A Opera\u00e7\u00e3o P\u00e1scoa nas rodovias estaduais ter\u00e1 in\u00edcio \u00e0 00h00 desta quinta-feira (2) e segue at\u00e9 as 23h59 de domingo (5), com refor\u00e7o na fiscaliza\u00e7\u00e3o e amplia\u00e7\u00e3o dos servi\u00e7os prestados aos motoristas na regi\u00e3o de Ribeir\u00e3o Preto. A Pol\u00edcia Militar Rodovi\u00e1ria (PMRv) utilizar\u00e1 todo o\u2026","rel":"","context":"In &quot;Not\u00edcias de Ribeir\u00e3o Preto-SP e Regi\u00e3o&quot;","block_context":{"text":"Not\u00edcias de Ribeir\u00e3o Preto-SP e Regi\u00e3o","link":"https:\/\/noticiasribeiraopreto.com.br\/index.php\/category\/noticias-de-ribeirao-preto-sp-e-regiao-ismael-colosi\/"},"img":{"alt_text":"","src":"https:\/\/i0.wp.com\/noticiasribeiraopreto.com.br\/wp-content\/uploads\/2026\/04\/12-fev-2025-trafegaracostamento1-scaled.jpg?fit=1200%2C540&ssl=1&resize=350%2C200","width":350,"height":200,"srcset":"https:\/\/i0.wp.com\/noticiasribeiraopreto.com.br\/wp-content\/uploads\/2026\/04\/12-fev-2025-trafegaracostamento1-scaled.jpg?fit=1200%2C540&ssl=1&resize=350%2C200 1x, https:\/\/i0.wp.com\/noticiasribeiraopreto.com.br\/wp-content\/uploads\/2026\/04\/12-fev-2025-trafegaracostamento1-scaled.jpg?fit=1200%2C540&ssl=1&resize=525%2C300 1.5x, https:\/\/i0.wp.com\/noticiasribeiraopreto.com.br\/wp-content\/uploads\/2026\/04\/12-fev-2025-trafegaracostamento1-scaled.jpg?fit=1200%2C540&ssl=1&resize=700%2C400 2x, https:\/\/i0.wp.com\/noticiasribeiraopreto.com.br\/wp-content\/uploads\/2026\/04\/12-fev-2025-trafegaracostamento1-scaled.jpg?fit=1200%2C540&ssl=1&resize=1050%2C600 3x"},"classes":[]}],"jetpack_sharing_enabled":true,"jetpack_shortlink":"https:\/\/wp.me\/peQAOb-l8O","_links":{"self":[{"href":"https:\/\/noticiasribeiraopreto.com.br\/index.php\/wp-json\/wp\/v2\/posts\/81270","targetHints":{"allow":["GET"]}}],"collection":[{"href":"https:\/\/noticiasribeiraopreto.com.br\/index.php\/wp-json\/wp\/v2\/posts"}],"about":[{"href":"https:\/\/noticiasribeiraopreto.com.br\/index.php\/wp-json\/wp\/v2\/types\/post"}],"author":[{"embeddable":true,"href":"https:\/\/noticiasribeiraopreto.com.br\/index.php\/wp-json\/wp\/v2\/users\/1"}],"replies":[{"embeddable":true,"href":"https:\/\/noticiasribeiraopreto.com.br\/index.php\/wp-json\/wp\/v2\/comments?post=81270"}],"version-history":[{"count":0,"href":"https:\/\/noticiasribeiraopreto.com.br\/index.php\/wp-json\/wp\/v2\/posts\/81270\/revisions"}],"wp:featuredmedia":[{"embeddable":true,"href":"https:\/\/noticiasribeiraopreto.com.br\/index.php\/wp-json\/wp\/v2\/media\/81271"}],"wp:attachment":[{"href":"https:\/\/noticiasribeiraopreto.com.br\/index.php\/wp-json\/wp\/v2\/media?parent=81270"}],"wp:term":[{"taxonomy":"category","embeddable":true,"href":"https:\/\/noticiasribeiraopreto.com.br\/index.php\/wp-json\/wp\/v2\/categories?post=81270"},{"taxonomy":"post_tag","embeddable":true,"href":"https:\/\/noticiasribeiraopreto.com.br\/index.php\/wp-json\/wp\/v2\/tags?post=81270"}],"curies":[{"name":"wp","href":"https:\/\/api.w.org\/{rel}","templated":true}]}}