{"id":81277,"date":"2025-12-30T19:02:12","date_gmt":"2025-12-30T22:02:12","guid":{"rendered":"https:\/\/noticiasribeiraopreto.com.br\/index.php\/2025\/12\/30\/ricardo-silva-anuncia-fim-dos-radares-moveis-em-ribeirao\/"},"modified":"2025-12-30T19:02:12","modified_gmt":"2025-12-30T22:02:12","slug":"ricardo-silva-anuncia-fim-dos-radares-moveis-em-ribeirao","status":"publish","type":"post","link":"https:\/\/noticiasribeiraopreto.com.br\/index.php\/2025\/12\/30\/ricardo-silva-anuncia-fim-dos-radares-moveis-em-ribeirao\/","title":{"rendered":"Ricardo Silva anuncia fim dos radares m\u00f3veis em Ribeir\u00e3o"},"content":{"rendered":"<div class='code-block code-block-1' style='margin: 8px 0 8px auto; text-align: right; display: block; clear: both;'>\n<p><a href=\"https:\/\/wa.link\/vpicfd\"><img data-recalc-dims=\"1\" class=\"wp-image-4922\" style=\"aspect-ratio: 2.0253164556962027; width: 561px; height: auto;\" src=\"https:\/\/i0.wp.com\/ismaelcolosi.com.br\/wp-content\/uploads\/2023\/11\/grupo-de-empregos-whatsapp-e-facebook-ismael-colosi-vagas.jpg?ssl=1\" alt=\"\" \/><\/a><\/p>\n<!-- \/wp:image -->\n<\/div>\n<p> <br \/>\n<\/p>\n<div>\n<p>Novo sistema de fiscaliza\u00e7\u00e3o eletr\u00f4nica, a ser implantado no primeiro semestre de 2026, ir\u00e1 monitorar vias, coibir irregularidades e apoiar a gest\u00e3o da mobilidade urbana no munic\u00edpio_<\/p>\n<p>O prefeito de Ribeir\u00e3o Preto, Ricardo Silva, anunciou nesta segunda-feira, 30 de dezembro, o fim da utiliza\u00e7\u00e3o de radares m\u00f3veis na cidade. A mudan\u00e7a faz parte de um novo modelo de fiscaliza\u00e7\u00e3o eletr\u00f4nica do tr\u00e2nsito, conduzido pela RP Mobi, empresa respons\u00e1vel pela gest\u00e3o do tr\u00e2nsito e do transporte urbano no munic\u00edpio.<\/p>\n<p>A transi\u00e7\u00e3o prev\u00ea a substitui\u00e7\u00e3o gradual dos radares port\u00e1teis por equipamentos fixos de fiscaliza\u00e7\u00e3o eletr\u00f4nica, com implanta\u00e7\u00e3o baseada em estudos t\u00e9cnicos de engenharia de tr\u00e1fego. O processo teve in\u00edcio com a publica\u00e7\u00e3o do edital de preg\u00e3o presencial, na \u00faltima segunda-feira (29), que trata da contrata\u00e7\u00e3o de empresa especializada para a instala\u00e7\u00e3o, opera\u00e7\u00e3o, manuten\u00e7\u00e3o e licenciamento de um sistema digital voltado ao monitoramento eletr\u00f4nico do tr\u00e2nsito.<\/p>\n<p>Segundo o prefeito Ricardo Silva, a mudan\u00e7a representa um avan\u00e7o importante na pol\u00edtica de mobilidade urbana da cidade. \u201cEstamos colocando um ponto final nos radares m\u00f3veis e adotando um modelo mais transparente, t\u00e9cnico e previs\u00edvel para o motorista. A fiscaliza\u00e7\u00e3o precisa existir para salvar vidas, mas ela deve ser clara, bem sinalizada e baseada em crit\u00e9rios t\u00e9cnicos, n\u00e3o em a\u00e7\u00f5es pontuais. Esse novo sistema refor\u00e7a nosso compromisso com a seguran\u00e7a vi\u00e1ria e com uma mobilidade mais inteligente para Ribeir\u00e3o Preto\u201d, afirmou o prefeito.<\/p>\n<p>Os novos equipamentos ser\u00e3o implantados de forma estrat\u00e9gica e permanente, em locais previamente definidos e devidamente sinalizados, permitindo a identifica\u00e7\u00e3o autom\u00e1tica de infra\u00e7\u00f5es, o monitoramento cont\u00ednuo das vias e a gera\u00e7\u00e3o de dados qualificados para apoiar o planejamento da mobilidade urbana.<\/p>\n<p>A ado\u00e7\u00e3o da fiscaliza\u00e7\u00e3o fixa traz benef\u00edcios relevantes em rela\u00e7\u00e3o aos radares port\u00e1teis, como maior previsibilidade aos condutores, funcionamento ininterrupto e redu\u00e7\u00e3o da necessidade de interven\u00e7\u00f5es manuais. Os equipamentos permanecem instalados em pontos t\u00e9cnicos, com crit\u00e9rios claros de seguran\u00e7a vi\u00e1ria e necessidade operacional.<\/p>\n<p>Outro ganho importante \u00e9 a otimiza\u00e7\u00e3o do trabalho dos Agentes de Tr\u00e2nsito da RP Mobi. Com a fiscaliza\u00e7\u00e3o eletr\u00f4nica fixa, os agentes poder\u00e3o atuar de forma mais intensiva em a\u00e7\u00f5es estrat\u00e9gicas, como atendimento a ocorr\u00eancias, apoio em pontos de congestionamento, orienta\u00e7\u00e3o do tr\u00e1fego em eventos, a\u00e7\u00f5es educativas e refor\u00e7o da seguran\u00e7a vi\u00e1ria, ampliando a presen\u00e7a humana onde ela \u00e9 mais necess\u00e1ria.<\/p>\n<p>A combina\u00e7\u00e3o entre fiscaliza\u00e7\u00e3o eletr\u00f4nica permanente e atua\u00e7\u00e3o operacional dos agentes contribui para a mudan\u00e7a de comportamento dos motoristas, com redu\u00e7\u00e3o do excesso de velocidade, do avan\u00e7o de sinal vermelho e de outras infra\u00e7\u00f5es que comprometem a seguran\u00e7a no tr\u00e2nsito. A fiscaliza\u00e7\u00e3o fixa \u00e9 reconhecida como uma ferramenta eficaz na preven\u00e7\u00e3o de sinistros e na preserva\u00e7\u00e3o de vidas.<\/p>\n<p>Al\u00e9m dos equipamentos fixos, o novo sistema tamb\u00e9m contempla o uso da Leitura Autom\u00e1tica de Placas (LAP), tecnologia distinta daquela utilizada na fiscaliza\u00e7\u00e3o da \u00c1rea Azul. Embora possa operar de forma semelhante, instalada em viaturas ou \u00f4nibus urbanos, a LAP ser\u00e1 destinada \u00e0 fiscaliza\u00e7\u00e3o autom\u00e1tica e em movimento do uso indevido das faixas exclusivas de \u00f4nibus, conforme previsto no C\u00f3digo de Tr\u00e2nsito Brasileiro. O sistema permite a leitura precisa de placas e o registro de imagens, contribuindo para a fluidez do transporte coletivo e o apoio \u00e0s a\u00e7\u00f5es de fiscaliza\u00e7\u00e3o.<\/p>\n<p>A previs\u00e3o \u00e9 que, no primeiro semestre de 2026, a transi\u00e7\u00e3o apresente seus primeiros avan\u00e7os operacionais, consolidando um novo modelo de fiscaliza\u00e7\u00e3o mais eficiente, transparente e orientado \u00e0 seguran\u00e7a vi\u00e1ria em Ribeir\u00e3o Preto.<\/p>\n<\/div>\n<p><br \/>\n<br \/><a href=\"https:\/\/www.tribunaribeirao.com.br\/ricardo-silva-anuncia-fim-dos-radares-moveis-em-ribeirao\/\">Source link <\/a><\/p>\n<!-- CONTENT END 1 -->\n","protected":false},"excerpt":{"rendered":"<p>Novo sistema de fiscaliza\u00e7\u00e3o eletr\u00f4nica, a ser implantado no primeiro semestre de 2026, ir\u00e1 monitorar vias, coibir irregularidades e apoiar a gest\u00e3o da mobilidade urbana&#8230;<\/p>\n","protected":false},"author":1,"featured_media":81278,"comment_status":"open","ping_status":"open","sticky":false,"template":"","format":"standard","meta":{"advanced_seo_description":"","jetpack_seo_html_title":"","jetpack_seo_noindex":false,"jetpack_post_was_ever_published":false,"_jetpack_newsletter_access":"","_jetpack_dont_email_post_to_subs":false,"_jetpack_newsletter_tier_id":0,"_jetpack_memberships_contains_paywalled_content":false,"_jetpack_memberships_contains_paid_content":false,"footnotes":"","jetpack_publicize_message":"","jetpack_publicize_feature_enabled":true,"jetpack_social_post_already_shared":true,"jetpack_social_options":{"image_generator_settings":{"template":"highway","default_image_id":0,"font":"","enabled":false},"version":2}},"categories":[11],"tags":[],"class_list":["post-81277","post","type-post","status-publish","format-standard","has-post-thumbnail","hentry","category-noticias-de-ribeirao-preto-sp-e-regiao-ismael-colosi"],"jetpack_publicize_connections":[],"jetpack_featured_media_url":"https:\/\/i0.wp.com\/noticiasribeiraopreto.com.br\/wp-content\/uploads\/2025\/12\/radar-e1519012257216.jpg?fit=700%2C467&ssl=1","jetpack-related-posts":[{"id":81281,"url":"https:\/\/noticiasribeiraopreto.com.br\/index.php\/2025\/12\/31\/fiscalizacao-com-radares-moveis-sera-encerrada-em-ribeirao-preto\/","url_meta":{"origin":81277,"position":0},"title":"Fiscaliza\u00e7\u00e3o com radares m\u00f3veis ser\u00e1 encerrada em Ribeir\u00e3o Preto","author":"noticiasribeiraopreto.com.br","date":"31 de December de 2025","format":false,"excerpt":"O prefeito de Ribeir\u00e3o Preto, Ricardo Silva, anunciou na tarde desta ter\u00e7a-feira (30) o fim do uso de radares m\u00f3veis no munic\u00edpio. A declara\u00e7\u00e3o foi feita em um v\u00eddeo publicado nas redes sociais do chefe do Executivo. Segundo o prefeito, os equipamentos m\u00f3veis ser\u00e3o substitu\u00eddos por radares fixos, que devem\u2026","rel":"","context":"In &quot;Not\u00edcias de Ribeir\u00e3o Preto-SP e Regi\u00e3o&quot;","block_context":{"text":"Not\u00edcias de Ribeir\u00e3o Preto-SP e Regi\u00e3o","link":"https:\/\/noticiasribeiraopreto.com.br\/index.php\/category\/noticias-de-ribeirao-preto-sp-e-regiao-ismael-colosi\/"},"img":{"alt_text":"","src":"https:\/\/i0.wp.com\/noticiasribeiraopreto.com.br\/wp-content\/uploads\/2025\/12\/RADAR-1068x566-1_2025-12-30_20-50-23.webp.webp?fit=1068%2C566&ssl=1&resize=350%2C200","width":350,"height":200,"srcset":"https:\/\/i0.wp.com\/noticiasribeiraopreto.com.br\/wp-content\/uploads\/2025\/12\/RADAR-1068x566-1_2025-12-30_20-50-23.webp.webp?fit=1068%2C566&ssl=1&resize=350%2C200 1x, https:\/\/i0.wp.com\/noticiasribeiraopreto.com.br\/wp-content\/uploads\/2025\/12\/RADAR-1068x566-1_2025-12-30_20-50-23.webp.webp?fit=1068%2C566&ssl=1&resize=525%2C300 1.5x, https:\/\/i0.wp.com\/noticiasribeiraopreto.com.br\/wp-content\/uploads\/2025\/12\/RADAR-1068x566-1_2025-12-30_20-50-23.webp.webp?fit=1068%2C566&ssl=1&resize=700%2C400 2x, https:\/\/i0.wp.com\/noticiasribeiraopreto.com.br\/wp-content\/uploads\/2025\/12\/RADAR-1068x566-1_2025-12-30_20-50-23.webp.webp?fit=1068%2C566&ssl=1&resize=1050%2C600 3x"},"classes":[]},{"id":81481,"url":"https:\/\/noticiasribeiraopreto.com.br\/index.php\/2026\/01\/07\/sindicato-repudia-forma-como-anuncio-de-radares-fixos-foi-feito\/","url_meta":{"origin":81277,"position":1},"title":"Sindicato repudia forma como an\u00fancio de radares fixos foi feito","author":"noticiasribeiraopreto.com.br","date":"7 de January de 2026","format":false,"excerpt":"Entidade que representa os agentes de tr\u00e2nsito de Ribeir\u00e3o Preto publicou manifesto em que critica a forma como o an\u00fancio sobre o fim dos radares m\u00f3veis foi feito pelo prefeito Ricardo Silva O Sindicato dos Trabalhadores no Sistema de Opera\u00e7\u00e3o, Sinaliza\u00e7\u00e3o, Fiscaliza\u00e7\u00e3o, Manuten\u00e7\u00e3o e Planejamento Vi\u00e1rio e Urbano do Estado\u2026","rel":"","context":"In &quot;Not\u00edcias de Ribeir\u00e3o Preto-SP e Regi\u00e3o&quot;","block_context":{"text":"Not\u00edcias de Ribeir\u00e3o Preto-SP e Regi\u00e3o","link":"https:\/\/noticiasribeiraopreto.com.br\/index.php\/category\/noticias-de-ribeirao-preto-sp-e-regiao-ismael-colosi\/"},"img":{"alt_text":"","src":"https:\/\/i0.wp.com\/noticiasribeiraopreto.com.br\/wp-content\/uploads\/2026\/01\/1-agentes-insta-ricardo-1.jpeg?fit=435%2C780&ssl=1&resize=350%2C200","width":350,"height":200},"classes":[]},{"id":81650,"url":"https:\/\/noticiasribeiraopreto.com.br\/index.php\/2026\/01\/13\/ribeirao-preto-tem-novo-radar\/","url_meta":{"origin":81277,"position":2},"title":"\u2028Ribeir\u00e3o Preto tem novo radar","author":"noticiasribeiraopreto.com.br","date":"13 de January de 2026","format":false,"excerpt":"DER-SP ativou mais dez novos radares de fiscaliza\u00e7\u00e3o eletr\u00f4nica em trechos estrat\u00e9gicos de rodovias sob sua gest\u00e3o; um deles fica em Ribeir\u00e3o Preto \u00c0 zero hora desta ter\u00e7a-feira, 13 de janeiro, o Departamento de Estradas de Rodagem de S\u00e3o Paulo (DER-SP), vinculado \u00e0 Secretaria de Meio Ambiente, Infraestrutura e Log\u00edstica\u2026","rel":"","context":"In &quot;Not\u00edcias de Ribeir\u00e3o Preto-SP e Regi\u00e3o&quot;","block_context":{"text":"Not\u00edcias de Ribeir\u00e3o Preto-SP e Regi\u00e3o","link":"https:\/\/noticiasribeiraopreto.com.br\/index.php\/category\/noticias-de-ribeirao-preto-sp-e-regiao-ismael-colosi\/"},"img":{"alt_text":"","src":"https:\/\/i0.wp.com\/noticiasribeiraopreto.com.br\/wp-content\/uploads\/2026\/01\/RadarDER-Divulgacao-scaled.jpeg?fit=1170%2C780&ssl=1&resize=350%2C200","width":350,"height":200,"srcset":"https:\/\/i0.wp.com\/noticiasribeiraopreto.com.br\/wp-content\/uploads\/2026\/01\/RadarDER-Divulgacao-scaled.jpeg?fit=1170%2C780&ssl=1&resize=350%2C200 1x, https:\/\/i0.wp.com\/noticiasribeiraopreto.com.br\/wp-content\/uploads\/2026\/01\/RadarDER-Divulgacao-scaled.jpeg?fit=1170%2C780&ssl=1&resize=525%2C300 1.5x, https:\/\/i0.wp.com\/noticiasribeiraopreto.com.br\/wp-content\/uploads\/2026\/01\/RadarDER-Divulgacao-scaled.jpeg?fit=1170%2C780&ssl=1&resize=700%2C400 2x, https:\/\/i0.wp.com\/noticiasribeiraopreto.com.br\/wp-content\/uploads\/2026\/01\/RadarDER-Divulgacao-scaled.jpeg?fit=1170%2C780&ssl=1&resize=1050%2C600 3x"},"classes":[]},{"id":81774,"url":"https:\/\/noticiasribeiraopreto.com.br\/index.php\/2026\/01\/16\/licitacao-de-novos-radares-avanca\/","url_meta":{"origin":81277,"position":3},"title":"\u2028Licita\u00e7\u00e3o de novos radares avan\u00e7a","author":"noticiasribeiraopreto.com.br","date":"16 de January de 2026","format":false,"excerpt":"Empresa com a melhor proposta financeira, considerada vencedora provis\u00f3ria, passar\u00e1 por testes pr\u00e1ticos A licita\u00e7\u00e3o aberta pela RP Mobi \u2013 Empresa de Mobilidade Urbana de Ribeir\u00e3o Preto S.A, a antiga Transerp, respons\u00e1vel pelo tr\u00e2nsito e transporte no munic\u00edpio \u2013 visando a\u00a0 ontrata\u00e7\u00e3o de empresa especializada pela instala\u00e7\u00e3o, opera\u00e7\u00e3o, manuten\u00e7\u00e3o e\u2026","rel":"","context":"In &quot;Not\u00edcias de Ribeir\u00e3o Preto-SP e Regi\u00e3o&quot;","block_context":{"text":"Not\u00edcias de Ribeir\u00e3o Preto-SP e Regi\u00e3o","link":"https:\/\/noticiasribeiraopreto.com.br\/index.php\/category\/noticias-de-ribeirao-preto-sp-e-regiao-ismael-colosi\/"},"img":{"alt_text":"","src":"https:\/\/i0.wp.com\/noticiasribeiraopreto.com.br\/wp-content\/uploads\/2026\/01\/RadarRP-Alfredo-Risk-Arquivo-scaled.jpg?fit=1200%2C664&ssl=1&resize=350%2C200","width":350,"height":200,"srcset":"https:\/\/i0.wp.com\/noticiasribeiraopreto.com.br\/wp-content\/uploads\/2026\/01\/RadarRP-Alfredo-Risk-Arquivo-scaled.jpg?fit=1200%2C664&ssl=1&resize=350%2C200 1x, https:\/\/i0.wp.com\/noticiasribeiraopreto.com.br\/wp-content\/uploads\/2026\/01\/RadarRP-Alfredo-Risk-Arquivo-scaled.jpg?fit=1200%2C664&ssl=1&resize=525%2C300 1.5x, https:\/\/i0.wp.com\/noticiasribeiraopreto.com.br\/wp-content\/uploads\/2026\/01\/RadarRP-Alfredo-Risk-Arquivo-scaled.jpg?fit=1200%2C664&ssl=1&resize=700%2C400 2x, https:\/\/i0.wp.com\/noticiasribeiraopreto.com.br\/wp-content\/uploads\/2026\/01\/RadarRP-Alfredo-Risk-Arquivo-scaled.jpg?fit=1200%2C664&ssl=1&resize=1050%2C600 3x"},"classes":[]},{"id":81840,"url":"https:\/\/noticiasribeiraopreto.com.br\/index.php\/2026\/01\/28\/teste-agiliza-licitacao-de-radares\/","url_meta":{"origin":81277,"position":4},"title":"\u2028Teste agiliza licita\u00e7\u00e3o de radares","author":"noticiasribeiraopreto.com.br","date":"28 de January de 2026","format":false,"excerpt":"Ap\u00f3s os testes realizados nesta ter\u00e7a-feira (27), homologa\u00e7\u00e3o de licita\u00e7\u00e3o dever\u00e1 ser publicada no Di\u00e1rio Oficial do Munic\u00edpio em cinco dias \u00fateis A RP Mobi \u2013 Empresa de Mobilidade Urbana de Ribeir\u00e3o Preto S.A, a antiga Transerp, respons\u00e1vel pelo tr\u00e2nsito e transporte no munic\u00edpio \u2013 realizou nesta ter\u00e7a-feira, 27 de\u2026","rel":"","context":"In &quot;Not\u00edcias de Ribeir\u00e3o Preto-SP e Regi\u00e3o&quot;","block_context":{"text":"Not\u00edcias de Ribeir\u00e3o Preto-SP e Regi\u00e3o","link":"https:\/\/noticiasribeiraopreto.com.br\/index.php\/category\/noticias-de-ribeirao-preto-sp-e-regiao-ismael-colosi\/"},"img":{"alt_text":"","src":"https:\/\/i0.wp.com\/noticiasribeiraopreto.com.br\/wp-content\/uploads\/2026\/01\/RadarRP-Detalhe-Alfredo-Risk-scaled.jpg?fit=1170%2C780&ssl=1&resize=350%2C200","width":350,"height":200,"srcset":"https:\/\/i0.wp.com\/noticiasribeiraopreto.com.br\/wp-content\/uploads\/2026\/01\/RadarRP-Detalhe-Alfredo-Risk-scaled.jpg?fit=1170%2C780&ssl=1&resize=350%2C200 1x, https:\/\/i0.wp.com\/noticiasribeiraopreto.com.br\/wp-content\/uploads\/2026\/01\/RadarRP-Detalhe-Alfredo-Risk-scaled.jpg?fit=1170%2C780&ssl=1&resize=525%2C300 1.5x, https:\/\/i0.wp.com\/noticiasribeiraopreto.com.br\/wp-content\/uploads\/2026\/01\/RadarRP-Detalhe-Alfredo-Risk-scaled.jpg?fit=1170%2C780&ssl=1&resize=700%2C400 2x, https:\/\/i0.wp.com\/noticiasribeiraopreto.com.br\/wp-content\/uploads\/2026\/01\/RadarRP-Detalhe-Alfredo-Risk-scaled.jpg?fit=1170%2C780&ssl=1&resize=1050%2C600 3x"},"classes":[]},{"id":84119,"url":"https:\/\/noticiasribeiraopreto.com.br\/index.php\/2026\/04\/02\/investimento-em-radares-fixos-sera-de-r-36-mi\/","url_meta":{"origin":81277,"position":5},"title":"Investimento em radares fixos ser\u00e1 de R$ 36 mi","author":"noticiasribeiraopreto.com.br","date":"2 de April de 2026","format":false,"excerpt":"Contrato com cons\u00f3rcio vencedor da licita\u00e7\u00e3o foi assinado em 13 de mar\u00e7o e ter\u00e1 dura\u00e7\u00e3o inicial de 30 meses A RP Mobi \u2013 Empresa de Mobilidade Urbana de Ribeir\u00e3o Preto S.A, a antiga Transerp, respons\u00e1vel pelo tr\u00e2nsito e transporte no munic\u00edpio \u2013 informou nesta quarta-feira, 1\u00ba de abril, que j\u00e1\u2026","rel":"","context":"In &quot;Not\u00edcias de Ribeir\u00e3o Preto-SP e Regi\u00e3o&quot;","block_context":{"text":"Not\u00edcias de Ribeir\u00e3o Preto-SP e Regi\u00e3o","link":"https:\/\/noticiasribeiraopreto.com.br\/index.php\/category\/noticias-de-ribeirao-preto-sp-e-regiao-ismael-colosi\/"},"img":{"alt_text":"","src":"https:\/\/i0.wp.com\/noticiasribeiraopreto.com.br\/wp-content\/uploads\/2026\/04\/RadarRP-Alfredo-Risk-teste-scaled.jpg?fit=1200%2C646&ssl=1&resize=350%2C200","width":350,"height":200,"srcset":"https:\/\/i0.wp.com\/noticiasribeiraopreto.com.br\/wp-content\/uploads\/2026\/04\/RadarRP-Alfredo-Risk-teste-scaled.jpg?fit=1200%2C646&ssl=1&resize=350%2C200 1x, https:\/\/i0.wp.com\/noticiasribeiraopreto.com.br\/wp-content\/uploads\/2026\/04\/RadarRP-Alfredo-Risk-teste-scaled.jpg?fit=1200%2C646&ssl=1&resize=525%2C300 1.5x, https:\/\/i0.wp.com\/noticiasribeiraopreto.com.br\/wp-content\/uploads\/2026\/04\/RadarRP-Alfredo-Risk-teste-scaled.jpg?fit=1200%2C646&ssl=1&resize=700%2C400 2x, https:\/\/i0.wp.com\/noticiasribeiraopreto.com.br\/wp-content\/uploads\/2026\/04\/RadarRP-Alfredo-Risk-teste-scaled.jpg?fit=1200%2C646&ssl=1&resize=1050%2C600 3x"},"classes":[]}],"jetpack_sharing_enabled":true,"jetpack_shortlink":"https:\/\/wp.me\/peQAOb-l8V","_links":{"self":[{"href":"https:\/\/noticiasribeiraopreto.com.br\/index.php\/wp-json\/wp\/v2\/posts\/81277","targetHints":{"allow":["GET"]}}],"collection":[{"href":"https:\/\/noticiasribeiraopreto.com.br\/index.php\/wp-json\/wp\/v2\/posts"}],"about":[{"href":"https:\/\/noticiasribeiraopreto.com.br\/index.php\/wp-json\/wp\/v2\/types\/post"}],"author":[{"embeddable":true,"href":"https:\/\/noticiasribeiraopreto.com.br\/index.php\/wp-json\/wp\/v2\/users\/1"}],"replies":[{"embeddable":true,"href":"https:\/\/noticiasribeiraopreto.com.br\/index.php\/wp-json\/wp\/v2\/comments?post=81277"}],"version-history":[{"count":0,"href":"https:\/\/noticiasribeiraopreto.com.br\/index.php\/wp-json\/wp\/v2\/posts\/81277\/revisions"}],"wp:featuredmedia":[{"embeddable":true,"href":"https:\/\/noticiasribeiraopreto.com.br\/index.php\/wp-json\/wp\/v2\/media\/81278"}],"wp:attachment":[{"href":"https:\/\/noticiasribeiraopreto.com.br\/index.php\/wp-json\/wp\/v2\/media?parent=81277"}],"wp:term":[{"taxonomy":"category","embeddable":true,"href":"https:\/\/noticiasribeiraopreto.com.br\/index.php\/wp-json\/wp\/v2\/categories?post=81277"},{"taxonomy":"post_tag","embeddable":true,"href":"https:\/\/noticiasribeiraopreto.com.br\/index.php\/wp-json\/wp\/v2\/tags?post=81277"}],"curies":[{"name":"wp","href":"https:\/\/api.w.org\/{rel}","templated":true}]}}