{"id":81281,"date":"2025-12-31T06:52:41","date_gmt":"2025-12-31T09:52:41","guid":{"rendered":"https:\/\/noticiasribeiraopreto.com.br\/index.php\/2025\/12\/31\/fiscalizacao-com-radares-moveis-sera-encerrada-em-ribeirao-preto\/"},"modified":"2025-12-31T06:52:41","modified_gmt":"2025-12-31T09:52:41","slug":"fiscalizacao-com-radares-moveis-sera-encerrada-em-ribeirao-preto","status":"publish","type":"post","link":"https:\/\/noticiasribeiraopreto.com.br\/index.php\/2025\/12\/31\/fiscalizacao-com-radares-moveis-sera-encerrada-em-ribeirao-preto\/","title":{"rendered":"Fiscaliza\u00e7\u00e3o com radares m\u00f3veis ser\u00e1 encerrada em Ribeir\u00e3o Preto"},"content":{"rendered":"<div class='code-block code-block-1' style='margin: 8px 0 8px auto; text-align: right; display: block; clear: both;'>\n<p><a href=\"https:\/\/wa.link\/vpicfd\"><img data-recalc-dims=\"1\" class=\"wp-image-4922\" style=\"aspect-ratio: 2.0253164556962027; width: 561px; height: auto;\" src=\"https:\/\/i0.wp.com\/ismaelcolosi.com.br\/wp-content\/uploads\/2023\/11\/grupo-de-empregos-whatsapp-e-facebook-ismael-colosi-vagas.jpg?ssl=1\" alt=\"\" \/><\/a><\/p>\n<!-- \/wp:image -->\n<\/div>\n<p> <br \/>\n<\/p>\n<div>\n<p>O <strong>prefeito de Ribeir\u00e3o Preto<\/strong>, Ricardo Silva, anunciou na tarde desta ter\u00e7a-feira (30) o <strong>fim do uso de radares m\u00f3veis no munic\u00edpio.<\/strong> A declara\u00e7\u00e3o foi feita em um v\u00eddeo publicado nas redes sociais do chefe do Executivo.<\/p>\n<p>Segundo o prefeito, os <strong>equipamentos m\u00f3veis ser\u00e3o substitu\u00eddos por radares fixos<\/strong>, que devem ser <strong>instalados em locais vis\u00edveis<\/strong> e com<strong> ampla sinaliza\u00e7\u00e3o. <\/strong>De acordo com ele, a medida tem como objetivo priorizar a seguran\u00e7a no tr\u00e2nsito e evitar a aplica\u00e7\u00e3o de multas de forma considerada inesperada pelos motoristas.<\/p>\n<p>O sistema ser\u00e1 gerenciado pela RP Mobi, empresa respons\u00e1vel pela gest\u00e3o do tr\u00e2nsito e do transporte urbano na cidade.<\/p>\n<p><strong>Ricardo Silva afirmou que a fiscaliza\u00e7\u00e3o eletr\u00f4nica n\u00e3o deve ter car\u00e1ter exclusivamente punitivo<\/strong> e defendeu que a cidade n\u00e3o pode ser vista como uma \u201cind\u00fastria da multa\u201d. <\/p>\n<figure class=\"wp-block-pullquote\">\n<blockquote>\n<p>O objetivo n\u00e3o pode ser punir por punir, mas sim evitar acidentes e garantir a seguran\u00e7a de todos<\/p>\n<p><cite>disse<\/cite><\/p><\/blockquote>\n<\/figure>\n<h2 class=\"wp-block-heading\"><strong>Fim do radar m\u00f3vel<\/strong><\/h2>\n<p>Ainda conforme o an\u00fancio, o<strong> processo de substitui\u00e7\u00e3o j\u00e1 est\u00e1 em andamento e a previs\u00e3o \u00e9 que a troca dos equipamentos ocorra ao longo do primeiro semestre de 2026<\/strong>. A proposta prev\u00ea o fim da fiscaliza\u00e7\u00e3o surpresa e o refor\u00e7o da sinaliza\u00e7\u00e3o nos pontos monitorados.<\/p>\n<p>No v\u00eddeo, o prefeito refor\u00e7ou que, na avalia\u00e7\u00e3o da administra\u00e7\u00e3o municipal, um tr\u00e2nsito mais justo e bem sinalizado contribui de forma mais efetiva para a redu\u00e7\u00e3o de acidentes do que a aplica\u00e7\u00e3o de multas sem aviso pr\u00e9vio.<\/p>\n<div class=\"wp-block-image\">\n<figure class=\"aligncenter size-large is-resized\"><img data-recalc-dims=\"1\" fetchpriority=\"high\" decoding=\"async\" width=\"1024\" height=\"576\" src=\"https:\/\/i0.wp.com\/cdn.media-acidadeon.com.br\/ribeiraopreto\/wp-content\/uploads\/sites\/3\/2025\/10\/terror-6_2025-10-30_23-38-25-1024x576.webp?resize=1024%2C576&#038;ssl=1\" alt=\"radar \" class=\"wp-image-134170\" style=\"width:873px;height:auto\" title=\"Fiscaliza\u00e7\u00e3o com radares m\u00f3veis ser\u00e1 encerrada em Ribeir\u00e3o Preto 1\" srcset=\"https:\/\/cdn.media-acidadeon.com.br\/ribeiraopreto\/wp-content\/uploads\/sites\/3\/2025\/10\/terror-6_2025-10-30_23-38-25-1024x576.webp 1024w, https:\/\/cdn.media-acidadeon.com.br\/ribeiraopreto\/wp-content\/uploads\/sites\/3\/2025\/10\/terror-6_2025-10-30_23-38-25-300x169.webp 300w, https:\/\/cdn.media-acidadeon.com.br\/ribeiraopreto\/wp-content\/uploads\/sites\/3\/2025\/10\/terror-6_2025-10-30_23-38-25-768x432.webp 768w, https:\/\/cdn.media-acidadeon.com.br\/ribeiraopreto\/wp-content\/uploads\/sites\/3\/2025\/10\/terror-6_2025-10-30_23-38-25-696x392.webp 696w, https:\/\/cdn.media-acidadeon.com.br\/ribeiraopreto\/wp-content\/uploads\/sites\/3\/2025\/10\/terror-6_2025-10-30_23-38-25-1068x601.webp 1068w, https:\/\/cdn.media-acidadeon.com.br\/ribeiraopreto\/wp-content\/uploads\/sites\/3\/2025\/10\/terror-6_2025-10-30_23-38-25.webp 1200w\" sizes=\"(max-width: 1024px) 100vw, 1024px\"\/><figcaption class=\"wp-element-caption\">Foto: Fernando Gonzaga<\/figcaption><\/figure>\n<\/div>\n<p>O novo modelo tamb\u00e9m prev\u00ea o uso da tecnologia de Leitura Autom\u00e1tica de Placas (LAP), voltada \u00e0 fiscaliza\u00e7\u00e3o do uso irregular de faixas exclusivas de \u00f4nibus. O sistema poder\u00e1 ser utilizado em movimento e permitir\u00e1 o registro de imagens e identifica\u00e7\u00e3o de ve\u00edculos, conforme previsto no C\u00f3digo de Tr\u00e2nsito Brasileiro.<\/p>\n<hr class=\"wp-block-separator has-alpha-channel-opacity\"\/>\n<p>SAIBA MAIS<br \/>Veja hor\u00e1rio de funcionamento\u00a0do Mercad\u00e3o Central de Ribeir\u00e3o Preto neste fim de ano<\/p>\n<h2 class=\"wp-block-heading\"><strong>FIQUE ON<\/strong><\/h2>\n<p>Fique ligado em tudo que acontece em Ribeir\u00e3o Preto e regi\u00e3o. Siga os perfis do\u00a0<strong>acidade on<\/strong>\u00a0no<a href=\"https:\/\/www.instagram.com\/acidadeonribeirao\" target=\"_blank\" rel=\"noreferrer noopener\">\u00a0Instagram\u00a0<\/a>e no\u00a0<a href=\"https:\/\/www.facebook.com\/acidadeonribeirao\/\" target=\"_blank\" rel=\"noreferrer noopener\">Facebook<\/a>.<\/p>\n<p>Receba not\u00edcias do<strong>\u00a0acidade on<\/strong>\u00a0no WhatsApp. Para entrar no grupo,\u00a0basta\u00a0<a href=\"https:\/\/chat.whatsapp.com\/I4nieTEMKlf50pJ28aMemC?mode=ac_t\" target=\"_blank\" rel=\"noreferrer noopener\">clicar aqui<\/a>. Ou, acesse o nosso\u00a0Canal\u00a0<a href=\"https:\/\/whatsapp.com\/channel\/0029Vb6IQl1JENyAeS57fk2p\" target=\"_blank\" rel=\"noreferrer noopener\">clicando aqui<\/a>.<\/p>\n<p>Fa\u00e7a uma den\u00fancia ou sugira uma reportagem sobre Ribeir\u00e3o Preto e regi\u00e3o pelo WhatsApp: 16 99117 7802.<\/p>\n<p>VEJA TAMB\u00c9M<br \/>Z\u00e9 Felipe e Ana Castela ficaram juntos por quanto tempo?<\/p>\n<p><!-- AI CONTENT END 1 -->\n<\/div>\n<p><script async src=\"\/\/www.instagram.com\/embed.js\"><\/script><br \/>\n<br \/><br \/>\n<br \/><a href=\"https:\/\/www.acidadeon.com\/ribeiraopreto\/politica\/fiscalizacao-com-radares-moveis-sera-encerrada-em-ribeirao-preto\/\">Source link <\/a><\/p>\n<!-- CONTENT END 1 -->\n","protected":false},"excerpt":{"rendered":"<p>O prefeito de Ribeir\u00e3o Preto, Ricardo Silva, anunciou na tarde desta ter\u00e7a-feira (30) o fim do uso de radares m\u00f3veis no munic\u00edpio. A declara\u00e7\u00e3o foi&#8230;<\/p>\n","protected":false},"author":1,"featured_media":81282,"comment_status":"open","ping_status":"open","sticky":false,"template":"","format":"standard","meta":{"advanced_seo_description":"","jetpack_seo_html_title":"","jetpack_seo_noindex":false,"jetpack_post_was_ever_published":false,"_jetpack_newsletter_access":"","_jetpack_dont_email_post_to_subs":false,"_jetpack_newsletter_tier_id":0,"_jetpack_memberships_contains_paywalled_content":false,"_jetpack_memberships_contains_paid_content":false,"footnotes":"","jetpack_publicize_message":"","jetpack_publicize_feature_enabled":true,"jetpack_social_post_already_shared":true,"jetpack_social_options":{"image_generator_settings":{"template":"highway","default_image_id":0,"font":"","enabled":false},"version":2}},"categories":[11],"tags":[],"class_list":["post-81281","post","type-post","status-publish","format-standard","has-post-thumbnail","hentry","category-noticias-de-ribeirao-preto-sp-e-regiao-ismael-colosi"],"jetpack_publicize_connections":[],"jetpack_featured_media_url":"https:\/\/i0.wp.com\/noticiasribeiraopreto.com.br\/wp-content\/uploads\/2025\/12\/RADAR-1068x566-1_2025-12-30_20-50-23.webp.webp?fit=1068%2C566&ssl=1","jetpack-related-posts":[{"id":81277,"url":"https:\/\/noticiasribeiraopreto.com.br\/index.php\/2025\/12\/30\/ricardo-silva-anuncia-fim-dos-radares-moveis-em-ribeirao\/","url_meta":{"origin":81281,"position":0},"title":"Ricardo Silva anuncia fim dos radares m\u00f3veis em Ribeir\u00e3o","author":"noticiasribeiraopreto.com.br","date":"30 de December de 2025","format":false,"excerpt":"Novo sistema de fiscaliza\u00e7\u00e3o eletr\u00f4nica, a ser implantado no primeiro semestre de 2026, ir\u00e1 monitorar vias, coibir irregularidades e apoiar a gest\u00e3o da mobilidade urbana no munic\u00edpio_ O prefeito de Ribeir\u00e3o Preto, Ricardo Silva, anunciou nesta segunda-feira, 30 de dezembro, o fim da utiliza\u00e7\u00e3o de radares m\u00f3veis na cidade. A\u2026","rel":"","context":"In &quot;Not\u00edcias de Ribeir\u00e3o Preto-SP e Regi\u00e3o&quot;","block_context":{"text":"Not\u00edcias de Ribeir\u00e3o Preto-SP e Regi\u00e3o","link":"https:\/\/noticiasribeiraopreto.com.br\/index.php\/category\/noticias-de-ribeirao-preto-sp-e-regiao-ismael-colosi\/"},"img":{"alt_text":"","src":"https:\/\/i0.wp.com\/noticiasribeiraopreto.com.br\/wp-content\/uploads\/2025\/12\/radar-e1519012257216.jpg?fit=700%2C467&ssl=1&resize=350%2C200","width":350,"height":200,"srcset":"https:\/\/i0.wp.com\/noticiasribeiraopreto.com.br\/wp-content\/uploads\/2025\/12\/radar-e1519012257216.jpg?fit=700%2C467&ssl=1&resize=350%2C200 1x, https:\/\/i0.wp.com\/noticiasribeiraopreto.com.br\/wp-content\/uploads\/2025\/12\/radar-e1519012257216.jpg?fit=700%2C467&ssl=1&resize=525%2C300 1.5x, https:\/\/i0.wp.com\/noticiasribeiraopreto.com.br\/wp-content\/uploads\/2025\/12\/radar-e1519012257216.jpg?fit=700%2C467&ssl=1&resize=700%2C400 2x"},"classes":[]},{"id":81481,"url":"https:\/\/noticiasribeiraopreto.com.br\/index.php\/2026\/01\/07\/sindicato-repudia-forma-como-anuncio-de-radares-fixos-foi-feito\/","url_meta":{"origin":81281,"position":1},"title":"Sindicato repudia forma como an\u00fancio de radares fixos foi feito","author":"noticiasribeiraopreto.com.br","date":"7 de January de 2026","format":false,"excerpt":"Entidade que representa os agentes de tr\u00e2nsito de Ribeir\u00e3o Preto publicou manifesto em que critica a forma como o an\u00fancio sobre o fim dos radares m\u00f3veis foi feito pelo prefeito Ricardo Silva O Sindicato dos Trabalhadores no Sistema de Opera\u00e7\u00e3o, Sinaliza\u00e7\u00e3o, Fiscaliza\u00e7\u00e3o, Manuten\u00e7\u00e3o e Planejamento Vi\u00e1rio e Urbano do Estado\u2026","rel":"","context":"In &quot;Not\u00edcias de Ribeir\u00e3o Preto-SP e Regi\u00e3o&quot;","block_context":{"text":"Not\u00edcias de Ribeir\u00e3o Preto-SP e Regi\u00e3o","link":"https:\/\/noticiasribeiraopreto.com.br\/index.php\/category\/noticias-de-ribeirao-preto-sp-e-regiao-ismael-colosi\/"},"img":{"alt_text":"","src":"https:\/\/i0.wp.com\/noticiasribeiraopreto.com.br\/wp-content\/uploads\/2026\/01\/1-agentes-insta-ricardo-1.jpeg?fit=435%2C780&ssl=1&resize=350%2C200","width":350,"height":200},"classes":[]},{"id":81774,"url":"https:\/\/noticiasribeiraopreto.com.br\/index.php\/2026\/01\/16\/licitacao-de-novos-radares-avanca\/","url_meta":{"origin":81281,"position":2},"title":"\u2028Licita\u00e7\u00e3o de novos radares avan\u00e7a","author":"noticiasribeiraopreto.com.br","date":"16 de January de 2026","format":false,"excerpt":"Empresa com a melhor proposta financeira, considerada vencedora provis\u00f3ria, passar\u00e1 por testes pr\u00e1ticos A licita\u00e7\u00e3o aberta pela RP Mobi \u2013 Empresa de Mobilidade Urbana de Ribeir\u00e3o Preto S.A, a antiga Transerp, respons\u00e1vel pelo tr\u00e2nsito e transporte no munic\u00edpio \u2013 visando a\u00a0 ontrata\u00e7\u00e3o de empresa especializada pela instala\u00e7\u00e3o, opera\u00e7\u00e3o, manuten\u00e7\u00e3o e\u2026","rel":"","context":"In &quot;Not\u00edcias de Ribeir\u00e3o Preto-SP e Regi\u00e3o&quot;","block_context":{"text":"Not\u00edcias de Ribeir\u00e3o Preto-SP e Regi\u00e3o","link":"https:\/\/noticiasribeiraopreto.com.br\/index.php\/category\/noticias-de-ribeirao-preto-sp-e-regiao-ismael-colosi\/"},"img":{"alt_text":"","src":"https:\/\/i0.wp.com\/noticiasribeiraopreto.com.br\/wp-content\/uploads\/2026\/01\/RadarRP-Alfredo-Risk-Arquivo-scaled.jpg?fit=1200%2C664&ssl=1&resize=350%2C200","width":350,"height":200,"srcset":"https:\/\/i0.wp.com\/noticiasribeiraopreto.com.br\/wp-content\/uploads\/2026\/01\/RadarRP-Alfredo-Risk-Arquivo-scaled.jpg?fit=1200%2C664&ssl=1&resize=350%2C200 1x, https:\/\/i0.wp.com\/noticiasribeiraopreto.com.br\/wp-content\/uploads\/2026\/01\/RadarRP-Alfredo-Risk-Arquivo-scaled.jpg?fit=1200%2C664&ssl=1&resize=525%2C300 1.5x, https:\/\/i0.wp.com\/noticiasribeiraopreto.com.br\/wp-content\/uploads\/2026\/01\/RadarRP-Alfredo-Risk-Arquivo-scaled.jpg?fit=1200%2C664&ssl=1&resize=700%2C400 2x, https:\/\/i0.wp.com\/noticiasribeiraopreto.com.br\/wp-content\/uploads\/2026\/01\/RadarRP-Alfredo-Risk-Arquivo-scaled.jpg?fit=1200%2C664&ssl=1&resize=1050%2C600 3x"},"classes":[]},{"id":84119,"url":"https:\/\/noticiasribeiraopreto.com.br\/index.php\/2026\/04\/02\/investimento-em-radares-fixos-sera-de-r-36-mi\/","url_meta":{"origin":81281,"position":3},"title":"Investimento em radares fixos ser\u00e1 de R$ 36 mi","author":"noticiasribeiraopreto.com.br","date":"2 de April de 2026","format":false,"excerpt":"Contrato com cons\u00f3rcio vencedor da licita\u00e7\u00e3o foi assinado em 13 de mar\u00e7o e ter\u00e1 dura\u00e7\u00e3o inicial de 30 meses A RP Mobi \u2013 Empresa de Mobilidade Urbana de Ribeir\u00e3o Preto S.A, a antiga Transerp, respons\u00e1vel pelo tr\u00e2nsito e transporte no munic\u00edpio \u2013 informou nesta quarta-feira, 1\u00ba de abril, que j\u00e1\u2026","rel":"","context":"In &quot;Not\u00edcias de Ribeir\u00e3o Preto-SP e Regi\u00e3o&quot;","block_context":{"text":"Not\u00edcias de Ribeir\u00e3o Preto-SP e Regi\u00e3o","link":"https:\/\/noticiasribeiraopreto.com.br\/index.php\/category\/noticias-de-ribeirao-preto-sp-e-regiao-ismael-colosi\/"},"img":{"alt_text":"","src":"https:\/\/i0.wp.com\/noticiasribeiraopreto.com.br\/wp-content\/uploads\/2026\/04\/RadarRP-Alfredo-Risk-teste-scaled.jpg?fit=1200%2C646&ssl=1&resize=350%2C200","width":350,"height":200,"srcset":"https:\/\/i0.wp.com\/noticiasribeiraopreto.com.br\/wp-content\/uploads\/2026\/04\/RadarRP-Alfredo-Risk-teste-scaled.jpg?fit=1200%2C646&ssl=1&resize=350%2C200 1x, https:\/\/i0.wp.com\/noticiasribeiraopreto.com.br\/wp-content\/uploads\/2026\/04\/RadarRP-Alfredo-Risk-teste-scaled.jpg?fit=1200%2C646&ssl=1&resize=525%2C300 1.5x, https:\/\/i0.wp.com\/noticiasribeiraopreto.com.br\/wp-content\/uploads\/2026\/04\/RadarRP-Alfredo-Risk-teste-scaled.jpg?fit=1200%2C646&ssl=1&resize=700%2C400 2x, https:\/\/i0.wp.com\/noticiasribeiraopreto.com.br\/wp-content\/uploads\/2026\/04\/RadarRP-Alfredo-Risk-teste-scaled.jpg?fit=1200%2C646&ssl=1&resize=1050%2C600 3x"},"classes":[]},{"id":81840,"url":"https:\/\/noticiasribeiraopreto.com.br\/index.php\/2026\/01\/28\/teste-agiliza-licitacao-de-radares\/","url_meta":{"origin":81281,"position":4},"title":"\u2028Teste agiliza licita\u00e7\u00e3o de radares","author":"noticiasribeiraopreto.com.br","date":"28 de January de 2026","format":false,"excerpt":"Ap\u00f3s os testes realizados nesta ter\u00e7a-feira (27), homologa\u00e7\u00e3o de licita\u00e7\u00e3o dever\u00e1 ser publicada no Di\u00e1rio Oficial do Munic\u00edpio em cinco dias \u00fateis A RP Mobi \u2013 Empresa de Mobilidade Urbana de Ribeir\u00e3o Preto S.A, a antiga Transerp, respons\u00e1vel pelo tr\u00e2nsito e transporte no munic\u00edpio \u2013 realizou nesta ter\u00e7a-feira, 27 de\u2026","rel":"","context":"In &quot;Not\u00edcias de Ribeir\u00e3o Preto-SP e Regi\u00e3o&quot;","block_context":{"text":"Not\u00edcias de Ribeir\u00e3o Preto-SP e Regi\u00e3o","link":"https:\/\/noticiasribeiraopreto.com.br\/index.php\/category\/noticias-de-ribeirao-preto-sp-e-regiao-ismael-colosi\/"},"img":{"alt_text":"","src":"https:\/\/i0.wp.com\/noticiasribeiraopreto.com.br\/wp-content\/uploads\/2026\/01\/RadarRP-Detalhe-Alfredo-Risk-scaled.jpg?fit=1170%2C780&ssl=1&resize=350%2C200","width":350,"height":200,"srcset":"https:\/\/i0.wp.com\/noticiasribeiraopreto.com.br\/wp-content\/uploads\/2026\/01\/RadarRP-Detalhe-Alfredo-Risk-scaled.jpg?fit=1170%2C780&ssl=1&resize=350%2C200 1x, https:\/\/i0.wp.com\/noticiasribeiraopreto.com.br\/wp-content\/uploads\/2026\/01\/RadarRP-Detalhe-Alfredo-Risk-scaled.jpg?fit=1170%2C780&ssl=1&resize=525%2C300 1.5x, https:\/\/i0.wp.com\/noticiasribeiraopreto.com.br\/wp-content\/uploads\/2026\/01\/RadarRP-Detalhe-Alfredo-Risk-scaled.jpg?fit=1170%2C780&ssl=1&resize=700%2C400 2x, https:\/\/i0.wp.com\/noticiasribeiraopreto.com.br\/wp-content\/uploads\/2026\/01\/RadarRP-Detalhe-Alfredo-Risk-scaled.jpg?fit=1170%2C780&ssl=1&resize=1050%2C600 3x"},"classes":[]},{"id":84163,"url":"https:\/\/noticiasribeiraopreto.com.br\/index.php\/2026\/04\/03\/prefeitura-vai-gastar-r-36-milhoes-com-radares-fixos\/","url_meta":{"origin":81281,"position":5},"title":"Prefeitura vai gastar R$ 36 milh\u00f5es com radares fixos","author":"noticiasribeiraopreto.com.br","date":"3 de April de 2026","format":false,"excerpt":"Contrato com cons\u00f3rcio vencedor da licita\u00e7\u00e3o foi assinado em 13 de mar\u00e7o e ter\u00e1 dura\u00e7\u00e3o inicial de 30 meses A RP Mobi \u2013 Empresa de Mobilidade Urbana de Ribeir\u00e3o Preto S.A, a antiga Transerp, respons\u00e1vel pelo tr\u00e2nsito e transporte no munic\u00edpio \u2013 informou nesta quarta-feira, 1\u00ba de abril, que j\u00e1\u2026","rel":"","context":"In &quot;Not\u00edcias de Ribeir\u00e3o Preto-SP e Regi\u00e3o&quot;","block_context":{"text":"Not\u00edcias de Ribeir\u00e3o Preto-SP e Regi\u00e3o","link":"https:\/\/noticiasribeiraopreto.com.br\/index.php\/category\/noticias-de-ribeirao-preto-sp-e-regiao-ismael-colosi\/"},"img":{"alt_text":"","src":"https:\/\/i0.wp.com\/noticiasribeiraopreto.com.br\/wp-content\/uploads\/2026\/04\/1775215298_RadarRP-Alfredo-Risk-teste-scaled.jpg?fit=1200%2C646&ssl=1&resize=350%2C200","width":350,"height":200,"srcset":"https:\/\/i0.wp.com\/noticiasribeiraopreto.com.br\/wp-content\/uploads\/2026\/04\/1775215298_RadarRP-Alfredo-Risk-teste-scaled.jpg?fit=1200%2C646&ssl=1&resize=350%2C200 1x, https:\/\/i0.wp.com\/noticiasribeiraopreto.com.br\/wp-content\/uploads\/2026\/04\/1775215298_RadarRP-Alfredo-Risk-teste-scaled.jpg?fit=1200%2C646&ssl=1&resize=525%2C300 1.5x, https:\/\/i0.wp.com\/noticiasribeiraopreto.com.br\/wp-content\/uploads\/2026\/04\/1775215298_RadarRP-Alfredo-Risk-teste-scaled.jpg?fit=1200%2C646&ssl=1&resize=700%2C400 2x, https:\/\/i0.wp.com\/noticiasribeiraopreto.com.br\/wp-content\/uploads\/2026\/04\/1775215298_RadarRP-Alfredo-Risk-teste-scaled.jpg?fit=1200%2C646&ssl=1&resize=1050%2C600 3x"},"classes":[]}],"jetpack_sharing_enabled":true,"jetpack_shortlink":"https:\/\/wp.me\/peQAOb-l8Z","_links":{"self":[{"href":"https:\/\/noticiasribeiraopreto.com.br\/index.php\/wp-json\/wp\/v2\/posts\/81281","targetHints":{"allow":["GET"]}}],"collection":[{"href":"https:\/\/noticiasribeiraopreto.com.br\/index.php\/wp-json\/wp\/v2\/posts"}],"about":[{"href":"https:\/\/noticiasribeiraopreto.com.br\/index.php\/wp-json\/wp\/v2\/types\/post"}],"author":[{"embeddable":true,"href":"https:\/\/noticiasribeiraopreto.com.br\/index.php\/wp-json\/wp\/v2\/users\/1"}],"replies":[{"embeddable":true,"href":"https:\/\/noticiasribeiraopreto.com.br\/index.php\/wp-json\/wp\/v2\/comments?post=81281"}],"version-history":[{"count":0,"href":"https:\/\/noticiasribeiraopreto.com.br\/index.php\/wp-json\/wp\/v2\/posts\/81281\/revisions"}],"wp:featuredmedia":[{"embeddable":true,"href":"https:\/\/noticiasribeiraopreto.com.br\/index.php\/wp-json\/wp\/v2\/media\/81282"}],"wp:attachment":[{"href":"https:\/\/noticiasribeiraopreto.com.br\/index.php\/wp-json\/wp\/v2\/media?parent=81281"}],"wp:term":[{"taxonomy":"category","embeddable":true,"href":"https:\/\/noticiasribeiraopreto.com.br\/index.php\/wp-json\/wp\/v2\/categories?post=81281"},{"taxonomy":"post_tag","embeddable":true,"href":"https:\/\/noticiasribeiraopreto.com.br\/index.php\/wp-json\/wp\/v2\/tags?post=81281"}],"curies":[{"name":"wp","href":"https:\/\/api.w.org\/{rel}","templated":true}]}}